{"id":9500,"date":"2026-05-03T09:27:28","date_gmt":"2026-05-03T12:27:28","guid":{"rendered":"https:\/\/motorista.com.br\/noticias\/2026\/05\/03\/coluna-mecanica-online-mudanca-nos-precos-salao-de-pequim-impacta-o-mercado\/"},"modified":"2026-05-03T09:27:28","modified_gmt":"2026-05-03T12:27:28","slug":"coluna-mecanica-online-mudanca-nos-precos-salao-de-pequim-impacta-o-mercado","status":"publish","type":"post","link":"https:\/\/motorista.com.br\/noticias\/2026\/05\/03\/coluna-mecanica-online-mudanca-nos-precos-salao-de-pequim-impacta-o-mercado\/","title":{"rendered":"Coluna Mec\u00e2nica Online &#8211; Mudan\u00e7a nos pre\u00e7os? Sal\u00e3o de Pequim impacta o mercado."},"content":{"rendered":"<p><\/p>\n<h3>Coluna Mec\u00e2nica Online &#8211; O fim da hegemonia do pre\u00e7o? A matem\u00e1tica implac\u00e1vel do Sal\u00e3o de Pequim invade o mundo<\/h3>\n<p>O cen\u00e1rio apresentado no recente Sal\u00e3o de Pequim reflete uma transforma\u00e7\u00e3o significativa na ind\u00fastria automotiva, ressaltando a disparidade de pre\u00e7os entre ve\u00edculos novos nos Estados Unidos e na China. Enquanto o pre\u00e7o m\u00e9dio de um carro novo nos EUA gira em torno de <strong>US$ 51.450<\/strong>, um consumidor chin\u00eas pode adquirir at\u00e9 cinco ve\u00edculos el\u00e9tricos modernos pelo mesmo valor. Essa realidade n\u00e3o apenas desafia as expectativas das montadoras ocidentais, mas tamb\u00e9m trouxe \u00e0 tona um novo paradigma de mobilidade.<\/p>\n<h4>A Revolu\u00e7\u00e3o da Competitividade<\/h4>\n<p>A competitividade acirrada no mercado chin\u00eas resultou em uma dr\u00e1stica redu\u00e7\u00e3o das margens de lucro, for\u00e7ando as montadoras a inovar e se adaptar rapidamente. Modelos como o Geely EX2, que custam cerca de <strong>US$ 10.000<\/strong>, oferecem tecnologias sofisticadas, mostrando que o conceito de &quot;carro chin\u00eas&quot; ultrapassou a ideia de simples c\u00f3pias; agora, eles s\u00e3o benchmarks de efici\u00eancia de custos.<\/p>\n<p>Essa revolu\u00e7\u00e3o n\u00e3o \u00e9 apenas vantajosa para os consumidores chineses, mas seus efeitos reverberam globalmente. Pa\u00edses como Brasil, Indon\u00e9sia e Tail\u00e2ndia j\u00e1 sentem a influ\u00eancia dessa competitividade exacerbada, o que promete aumentar a variedade de op\u00e7\u00f5es de ve\u00edculos acess\u00edveis no mercado mundial. Para os motoristas, isso significa maior oferta e menores pre\u00e7os, mas tamb\u00e9m imposi\u00e7\u00f5es no relacionamento com as montadoras tradicionais.<\/p>\n<h4>Implica\u00e7\u00f5es para a Mobilidade<\/h4>\n<p>No contexto da mobilidade urbana, a introdu\u00e7\u00e3o de ve\u00edculos el\u00e9tricos acess\u00edveis e compactos, como o Wuling Hongguang MiniEV, pode significar um al\u00edvio para as cidades densamente povoadas. Estes carros menores n\u00e3o apenas economizam espa\u00e7o, mas tamb\u00e9m podem reduzir a emiss\u00e3o de poluentes e a depend\u00eancia de combust\u00edveis f\u00f3sseis, contribuindo para uma mobilidade mais sustent\u00e1vel e eficiente.<\/p>\n<p>Al\u00e9m disso, a evolu\u00e7\u00e3o das tecnologias, como as baterias Blade e os sistemas de assist\u00eancia \u00e0 dire\u00e7\u00e3o (ADAS), demonstra que a ind\u00fastria est\u00e1 se movendo em dire\u00e7\u00e3o a um futuro mais seguro e conectado. Isso pode levar a uma melhor experi\u00eancia ao motorista, facilitando o dia a dia e promovendo uma condu\u00e7\u00e3o mais tranquila e segura.<\/p>\n<h4>O Despertar do Ocidente<\/h4>\n<p>Para as montadoras ocidentais, o &quot;choque de realidade&quot; \u00e9 claro: a hegemonia automotiva est\u00e1 mudando. Embora os pre\u00e7os possam ser alarmantes, a causa principal reside na capacidade da ind\u00fastria chinesa de abra\u00e7ar a inova\u00e7\u00e3o r\u00e1pida e a efici\u00eancia de forma que o Ocidente n\u00e3o tem conseguido. <\/p>\n<p>Com a entrada de fabricantes como a BYD e a NIO, cada vez mais voltadas para o desenvolvimento de tecnologia pr\u00f3pria, a press\u00e3o sobre as marcas tradicionais para se reestruturarem e otimizarem seus processos produtivos aumentar\u00e1. Conclus\u00e3o: a revolu\u00e7\u00e3o que se aproxima n\u00e3o diz respeito apenas aos n\u00fameros nas etiquetas, mas a uma reconfigura\u00e7\u00e3o completa da forma como a sociedade entende e utiliza a mobilidade.<\/p>\n<p>Este novo cen\u00e1rio traz desafios e oportunidades tanto para os motoristas quanto para as empresas do setor. A matem\u00e1tica do Sal\u00e3o de Pequim n\u00e3o \u00e9 apenas uma hist\u00f3ria de pre\u00e7os \u2014 \u00e9 sobre velocidade, inova\u00e7\u00e3o e a redefini\u00e7\u00e3o do que significa estar \u00e0 frente na corrida automotiva global.<\/p>\n<hr \/>\n<p><strong>Mec\u00e2nica Online\u00ae<\/strong> \u2013 Analise o futuro com a gente.<\/p>\n","protected":false},"excerpt":{"rendered":"<p>Coluna Mec\u00e2nica Online &#8211; O fim da hegemonia do pre\u00e7o? A matem\u00e1tica implac\u00e1vel do Sal\u00e3o de Pequim invade o mundo O cen\u00e1rio apresentado no recente Sal\u00e3o de Pequim reflete uma transforma\u00e7\u00e3o significativa na ind\u00fastria automotiva, ressaltando a disparidade de pre\u00e7os entre ve\u00edculos novos nos Estados Unidos e na China. Enquanto o pre\u00e7o m\u00e9dio de um &hellip;<\/p>\n","protected":false},"author":4,"featured_media":9501,"comment_status":"","ping_status":"open","sticky":false,"template":"","format":"standard","meta":{"footnotes":""},"categories":[78,77],"tags":[],"coauthors":[42],"class_list":["post-9500","post","type-post","status-publish","format-standard","has-post-thumbnail","hentry","category-carreteiro","category-motorista"],"yoast_head":"<!-- This site is optimized with the Yoast SEO Premium plugin v25.5 (Yoast SEO v27.5) - https:\/\/yoast.com\/product\/yoast-seo-premium-wordpress\/ -->\n<title>Coluna Mec\u00e2nica Online - Mudan\u00e7a nos pre\u00e7os? Sal\u00e3o de Pequim impacta o mercado. - Motorista.com.br<\/title>\n<meta name=\"robots\" content=\"index, follow, max-snippet:-1, max-image-preview:large, max-video-preview:-1\" \/>\n<link rel=\"canonical\" href=\"https:\/\/motorista.com.br\/noticias\/2026\/05\/03\/coluna-mecanica-online-mudanca-nos-precos-salao-de-pequim-impacta-o-mercado\/\" \/>\n<meta property=\"og:locale\" content=\"pt_BR\" \/>\n<meta property=\"og:type\" content=\"article\" \/>\n<meta property=\"og:title\" content=\"Coluna Mec\u00e2nica Online - Mudan\u00e7a nos pre\u00e7os? Sal\u00e3o de Pequim impacta o mercado.\" \/>\n<meta property=\"og:description\" content=\"Coluna Mec\u00e2nica Online &#8211; O fim da hegemonia do pre\u00e7o? A matem\u00e1tica implac\u00e1vel do Sal\u00e3o de Pequim invade o mundo O cen\u00e1rio apresentado no recente Sal\u00e3o de Pequim reflete uma transforma\u00e7\u00e3o significativa na ind\u00fastria automotiva, ressaltando a disparidade de pre\u00e7os entre ve\u00edculos novos nos Estados Unidos e na China. Enquanto o pre\u00e7o m\u00e9dio de um &hellip;\" \/>\n<meta property=\"og:url\" content=\"https:\/\/motorista.com.br\/noticias\/2026\/05\/03\/coluna-mecanica-online-mudanca-nos-precos-salao-de-pequim-impacta-o-mercado\/\" \/>\n<meta property=\"og:site_name\" content=\"Motorista.com.br\" \/>\n<meta property=\"article:published_time\" content=\"2026-05-03T12:27:28+00:00\" \/>\n<meta name=\"author\" content=\"Equipe Reda\u00e7\u00e3o\" \/>\n<meta name=\"twitter:card\" content=\"summary_large_image\" \/>\n<meta name=\"twitter:label1\" content=\"Escrito por\" \/>\n\t<meta name=\"twitter:data1\" content=\"Equipe Reda\u00e7\u00e3o\" \/>\n\t<meta name=\"twitter:label2\" content=\"Est. tempo de leitura\" \/>\n\t<meta name=\"twitter:data2\" content=\"3 minutos\" \/>\n\t<meta name=\"twitter:label3\" content=\"Written by\" \/>\n\t<meta name=\"twitter:data3\" content=\"Equipe Reda\u00e7\u00e3o\" \/>\n<script type=\"application\/ld+json\" class=\"yoast-schema-graph\">{\"@context\":\"https:\\\/\\\/schema.org\",\"@graph\":[{\"@type\":\"Article\",\"@id\":\"https:\\\/\\\/motorista.com.br\\\/noticias\\\/2026\\\/05\\\/03\\\/coluna-mecanica-online-mudanca-nos-precos-salao-de-pequim-impacta-o-mercado\\\/#article\",\"isPartOf\":{\"@id\":\"https:\\\/\\\/motorista.com.br\\\/noticias\\\/2026\\\/05\\\/03\\\/coluna-mecanica-online-mudanca-nos-precos-salao-de-pequim-impacta-o-mercado\\\/\"},\"author\":{\"name\":\"Equipe Reda\u00e7\u00e3o\",\"@id\":\"https:\\\/\\\/motorista.com.br\\\/noticias\\\/#\\\/schema\\\/person\\\/dc93afc2981c0e3ce6bc3c053fd847be\"},\"headline\":\"Coluna Mec\u00e2nica Online &#8211; Mudan\u00e7a nos pre\u00e7os? Sal\u00e3o de Pequim impacta o mercado.\",\"datePublished\":\"2026-05-03T12:27:28+00:00\",\"mainEntityOfPage\":{\"@id\":\"https:\\\/\\\/motorista.com.br\\\/noticias\\\/2026\\\/05\\\/03\\\/coluna-mecanica-online-mudanca-nos-precos-salao-de-pequim-impacta-o-mercado\\\/\"},\"wordCount\":604,\"publisher\":{\"@id\":\"https:\\\/\\\/motorista.com.br\\\/noticias\\\/#organization\"},\"image\":{\"@id\":\"https:\\\/\\\/motorista.com.br\\\/noticias\\\/2026\\\/05\\\/03\\\/coluna-mecanica-online-mudanca-nos-precos-salao-de-pequim-impacta-o-mercado\\\/#primaryimage\"},\"thumbnailUrl\":\"https:\\\/\\\/motorista.com.br\\\/noticias\\\/wp-content\\\/uploads\\\/2026\\\/05\\\/geely-byd-wuling-xpeng-kia-hyundai-nio-renault-rivian-jeep-scania-salao-de-pequem-2026-carros-eletri.jpeg\",\"articleSection\":[\"Carreteiro\",\"Motorista\"],\"inLanguage\":\"pt-BR\"},{\"@type\":\"WebPage\",\"@id\":\"https:\\\/\\\/motorista.com.br\\\/noticias\\\/2026\\\/05\\\/03\\\/coluna-mecanica-online-mudanca-nos-precos-salao-de-pequim-impacta-o-mercado\\\/\",\"url\":\"https:\\\/\\\/motorista.com.br\\\/noticias\\\/2026\\\/05\\\/03\\\/coluna-mecanica-online-mudanca-nos-precos-salao-de-pequim-impacta-o-mercado\\\/\",\"name\":\"Coluna Mec\u00e2nica Online - Mudan\u00e7a nos pre\u00e7os? Sal\u00e3o de Pequim impacta o mercado. - Motorista.com.br\",\"isPartOf\":{\"@id\":\"https:\\\/\\\/motorista.com.br\\\/noticias\\\/#website\"},\"primaryImageOfPage\":{\"@id\":\"https:\\\/\\\/motorista.com.br\\\/noticias\\\/2026\\\/05\\\/03\\\/coluna-mecanica-online-mudanca-nos-precos-salao-de-pequim-impacta-o-mercado\\\/#primaryimage\"},\"image\":{\"@id\":\"https:\\\/\\\/motorista.com.br\\\/noticias\\\/2026\\\/05\\\/03\\\/coluna-mecanica-online-mudanca-nos-precos-salao-de-pequim-impacta-o-mercado\\\/#primaryimage\"},\"thumbnailUrl\":\"https:\\\/\\\/motorista.com.br\\\/noticias\\\/wp-content\\\/uploads\\\/2026\\\/05\\\/geely-byd-wuling-xpeng-kia-hyundai-nio-renault-rivian-jeep-scania-salao-de-pequem-2026-carros-eletri.jpeg\",\"datePublished\":\"2026-05-03T12:27:28+00:00\",\"breadcrumb\":{\"@id\":\"https:\\\/\\\/motorista.com.br\\\/noticias\\\/2026\\\/05\\\/03\\\/coluna-mecanica-online-mudanca-nos-precos-salao-de-pequim-impacta-o-mercado\\\/#breadcrumb\"},\"inLanguage\":\"pt-BR\",\"potentialAction\":[{\"@type\":\"ReadAction\",\"target\":[\"https:\\\/\\\/motorista.com.br\\\/noticias\\\/2026\\\/05\\\/03\\\/coluna-mecanica-online-mudanca-nos-precos-salao-de-pequim-impacta-o-mercado\\\/\"]}]},{\"@type\":\"ImageObject\",\"inLanguage\":\"pt-BR\",\"@id\":\"https:\\\/\\\/motorista.com.br\\\/noticias\\\/2026\\\/05\\\/03\\\/coluna-mecanica-online-mudanca-nos-precos-salao-de-pequim-impacta-o-mercado\\\/#primaryimage\",\"url\":\"https:\\\/\\\/motorista.com.br\\\/noticias\\\/wp-content\\\/uploads\\\/2026\\\/05\\\/geely-byd-wuling-xpeng-kia-hyundai-nio-renault-rivian-jeep-scania-salao-de-pequem-2026-carros-eletri.jpeg\",\"contentUrl\":\"https:\\\/\\\/motorista.com.br\\\/noticias\\\/wp-content\\\/uploads\\\/2026\\\/05\\\/geely-byd-wuling-xpeng-kia-hyundai-nio-renault-rivian-jeep-scania-salao-de-pequem-2026-carros-eletri.jpeg\",\"width\":1280,\"height\":800},{\"@type\":\"BreadcrumbList\",\"@id\":\"https:\\\/\\\/motorista.com.br\\\/noticias\\\/2026\\\/05\\\/03\\\/coluna-mecanica-online-mudanca-nos-precos-salao-de-pequim-impacta-o-mercado\\\/#breadcrumb\",\"itemListElement\":[{\"@type\":\"ListItem\",\"position\":1,\"name\":\"In\u00edcio\",\"item\":\"https:\\\/\\\/motorista.com.br\\\/noticias\\\/\"},{\"@type\":\"ListItem\",\"position\":2,\"name\":\"Coluna Mec\u00e2nica Online &#8211; Mudan\u00e7a nos pre\u00e7os? Sal\u00e3o de Pequim impacta o mercado.\"}]},{\"@type\":\"WebSite\",\"@id\":\"https:\\\/\\\/motorista.com.br\\\/noticias\\\/#website\",\"url\":\"https:\\\/\\\/motorista.com.br\\\/noticias\\\/\",\"name\":\"Motorista.com.br\",\"description\":\"Not\u00edcia do Motorista\",\"publisher\":{\"@id\":\"https:\\\/\\\/motorista.com.br\\\/noticias\\\/#organization\"},\"potentialAction\":[{\"@type\":\"SearchAction\",\"target\":{\"@type\":\"EntryPoint\",\"urlTemplate\":\"https:\\\/\\\/motorista.com.br\\\/noticias\\\/?s={search_term_string}\"},\"query-input\":{\"@type\":\"PropertyValueSpecification\",\"valueRequired\":true,\"valueName\":\"search_term_string\"}}],\"inLanguage\":\"pt-BR\"},{\"@type\":\"Organization\",\"@id\":\"https:\\\/\\\/motorista.com.br\\\/noticias\\\/#organization\",\"name\":\"Motorista.com.br\",\"url\":\"https:\\\/\\\/motorista.com.br\\\/noticias\\\/\",\"logo\":{\"@type\":\"ImageObject\",\"inLanguage\":\"pt-BR\",\"@id\":\"https:\\\/\\\/motorista.com.br\\\/noticias\\\/#\\\/schema\\\/logo\\\/image\\\/\",\"url\":\"https:\\\/\\\/motorista.com.br\\\/noticias\\\/wp-content\\\/uploads\\\/2025\\\/06\\\/Design-sem-nome-9.png\",\"contentUrl\":\"https:\\\/\\\/motorista.com.br\\\/noticias\\\/wp-content\\\/uploads\\\/2025\\\/06\\\/Design-sem-nome-9.png\",\"width\":150,\"height\":85,\"caption\":\"Motorista.com.br\"},\"image\":{\"@id\":\"https:\\\/\\\/motorista.com.br\\\/noticias\\\/#\\\/schema\\\/logo\\\/image\\\/\"}},{\"@type\":\"Person\",\"@id\":\"https:\\\/\\\/motorista.com.br\\\/noticias\\\/#\\\/schema\\\/person\\\/dc93afc2981c0e3ce6bc3c053fd847be\",\"name\":\"Equipe Reda\u00e7\u00e3o\",\"image\":{\"@type\":\"ImageObject\",\"inLanguage\":\"pt-BR\",\"@id\":\"https:\\\/\\\/secure.gravatar.com\\\/avatar\\\/4f525efbf18dd2bb300ccad28bfb99d95a9465a5ba268407c8c37b37e1f28d2d?s=96&d=mm&r=g9e099043a0c61e9ae27e293b9fa75ffc\",\"url\":\"https:\\\/\\\/secure.gravatar.com\\\/avatar\\\/4f525efbf18dd2bb300ccad28bfb99d95a9465a5ba268407c8c37b37e1f28d2d?s=96&d=mm&r=g\",\"contentUrl\":\"https:\\\/\\\/secure.gravatar.com\\\/avatar\\\/4f525efbf18dd2bb300ccad28bfb99d95a9465a5ba268407c8c37b37e1f28d2d?s=96&d=mm&r=g\",\"caption\":\"Equipe Reda\u00e7\u00e3o\"},\"description\":\"Equipe de reda\u00e7\u00e3o \u00e9 um grupo de profissionais que trabalham juntos para criar conte\u00fado escrito para Motorista.com.br\",\"url\":\"https:\\\/\\\/motorista.com.br\\\/noticias\\\/author\\\/equiperedacao\\\/\"}]}<\/script>\n<!-- \/ Yoast SEO Premium plugin. -->","yoast_head_json":{"title":"Coluna Mec\u00e2nica Online - Mudan\u00e7a nos pre\u00e7os? Sal\u00e3o de Pequim impacta o mercado. - Motorista.com.br","robots":{"index":"index","follow":"follow","max-snippet":"max-snippet:-1","max-image-preview":"max-image-preview:large","max-video-preview":"max-video-preview:-1"},"canonical":"https:\/\/motorista.com.br\/noticias\/2026\/05\/03\/coluna-mecanica-online-mudanca-nos-precos-salao-de-pequim-impacta-o-mercado\/","og_locale":"pt_BR","og_type":"article","og_title":"Coluna Mec\u00e2nica Online - Mudan\u00e7a nos pre\u00e7os? Sal\u00e3o de Pequim impacta o mercado.","og_description":"Coluna Mec\u00e2nica Online &#8211; O fim da hegemonia do pre\u00e7o? A matem\u00e1tica implac\u00e1vel do Sal\u00e3o de Pequim invade o mundo O cen\u00e1rio apresentado no recente Sal\u00e3o de Pequim reflete uma transforma\u00e7\u00e3o significativa na ind\u00fastria automotiva, ressaltando a disparidade de pre\u00e7os entre ve\u00edculos novos nos Estados Unidos e na China. Enquanto o pre\u00e7o m\u00e9dio de um &hellip;","og_url":"https:\/\/motorista.com.br\/noticias\/2026\/05\/03\/coluna-mecanica-online-mudanca-nos-precos-salao-de-pequim-impacta-o-mercado\/","og_site_name":"Motorista.com.br","article_published_time":"2026-05-03T12:27:28+00:00","author":"Equipe Reda\u00e7\u00e3o","twitter_card":"summary_large_image","twitter_misc":{"Escrito por":"Equipe Reda\u00e7\u00e3o","Est. tempo de leitura":"3 minutos","Written by":"Equipe Reda\u00e7\u00e3o"},"schema":{"@context":"https:\/\/schema.org","@graph":[{"@type":"Article","@id":"https:\/\/motorista.com.br\/noticias\/2026\/05\/03\/coluna-mecanica-online-mudanca-nos-precos-salao-de-pequim-impacta-o-mercado\/#article","isPartOf":{"@id":"https:\/\/motorista.com.br\/noticias\/2026\/05\/03\/coluna-mecanica-online-mudanca-nos-precos-salao-de-pequim-impacta-o-mercado\/"},"author":{"name":"Equipe Reda\u00e7\u00e3o","@id":"https:\/\/motorista.com.br\/noticias\/#\/schema\/person\/dc93afc2981c0e3ce6bc3c053fd847be"},"headline":"Coluna Mec\u00e2nica Online &#8211; Mudan\u00e7a nos pre\u00e7os? Sal\u00e3o de Pequim impacta o mercado.","datePublished":"2026-05-03T12:27:28+00:00","mainEntityOfPage":{"@id":"https:\/\/motorista.com.br\/noticias\/2026\/05\/03\/coluna-mecanica-online-mudanca-nos-precos-salao-de-pequim-impacta-o-mercado\/"},"wordCount":604,"publisher":{"@id":"https:\/\/motorista.com.br\/noticias\/#organization"},"image":{"@id":"https:\/\/motorista.com.br\/noticias\/2026\/05\/03\/coluna-mecanica-online-mudanca-nos-precos-salao-de-pequim-impacta-o-mercado\/#primaryimage"},"thumbnailUrl":"https:\/\/motorista.com.br\/noticias\/wp-content\/uploads\/2026\/05\/geely-byd-wuling-xpeng-kia-hyundai-nio-renault-rivian-jeep-scania-salao-de-pequem-2026-carros-eletri.jpeg","articleSection":["Carreteiro","Motorista"],"inLanguage":"pt-BR"},{"@type":"WebPage","@id":"https:\/\/motorista.com.br\/noticias\/2026\/05\/03\/coluna-mecanica-online-mudanca-nos-precos-salao-de-pequim-impacta-o-mercado\/","url":"https:\/\/motorista.com.br\/noticias\/2026\/05\/03\/coluna-mecanica-online-mudanca-nos-precos-salao-de-pequim-impacta-o-mercado\/","name":"Coluna Mec\u00e2nica Online - Mudan\u00e7a nos pre\u00e7os? Sal\u00e3o de Pequim impacta o mercado. - Motorista.com.br","isPartOf":{"@id":"https:\/\/motorista.com.br\/noticias\/#website"},"primaryImageOfPage":{"@id":"https:\/\/motorista.com.br\/noticias\/2026\/05\/03\/coluna-mecanica-online-mudanca-nos-precos-salao-de-pequim-impacta-o-mercado\/#primaryimage"},"image":{"@id":"https:\/\/motorista.com.br\/noticias\/2026\/05\/03\/coluna-mecanica-online-mudanca-nos-precos-salao-de-pequim-impacta-o-mercado\/#primaryimage"},"thumbnailUrl":"https:\/\/motorista.com.br\/noticias\/wp-content\/uploads\/2026\/05\/geely-byd-wuling-xpeng-kia-hyundai-nio-renault-rivian-jeep-scania-salao-de-pequem-2026-carros-eletri.jpeg","datePublished":"2026-05-03T12:27:28+00:00","breadcrumb":{"@id":"https:\/\/motorista.com.br\/noticias\/2026\/05\/03\/coluna-mecanica-online-mudanca-nos-precos-salao-de-pequim-impacta-o-mercado\/#breadcrumb"},"inLanguage":"pt-BR","potentialAction":[{"@type":"ReadAction","target":["https:\/\/motorista.com.br\/noticias\/2026\/05\/03\/coluna-mecanica-online-mudanca-nos-precos-salao-de-pequim-impacta-o-mercado\/"]}]},{"@type":"ImageObject","inLanguage":"pt-BR","@id":"https:\/\/motorista.com.br\/noticias\/2026\/05\/03\/coluna-mecanica-online-mudanca-nos-precos-salao-de-pequim-impacta-o-mercado\/#primaryimage","url":"https:\/\/motorista.com.br\/noticias\/wp-content\/uploads\/2026\/05\/geely-byd-wuling-xpeng-kia-hyundai-nio-renault-rivian-jeep-scania-salao-de-pequem-2026-carros-eletri.jpeg","contentUrl":"https:\/\/motorista.com.br\/noticias\/wp-content\/uploads\/2026\/05\/geely-byd-wuling-xpeng-kia-hyundai-nio-renault-rivian-jeep-scania-salao-de-pequem-2026-carros-eletri.jpeg","width":1280,"height":800},{"@type":"BreadcrumbList","@id":"https:\/\/motorista.com.br\/noticias\/2026\/05\/03\/coluna-mecanica-online-mudanca-nos-precos-salao-de-pequim-impacta-o-mercado\/#breadcrumb","itemListElement":[{"@type":"ListItem","position":1,"name":"In\u00edcio","item":"https:\/\/motorista.com.br\/noticias\/"},{"@type":"ListItem","position":2,"name":"Coluna Mec\u00e2nica Online &#8211; Mudan\u00e7a nos pre\u00e7os? Sal\u00e3o de Pequim impacta o mercado."}]},{"@type":"WebSite","@id":"https:\/\/motorista.com.br\/noticias\/#website","url":"https:\/\/motorista.com.br\/noticias\/","name":"Motorista.com.br","description":"Not\u00edcia do Motorista","publisher":{"@id":"https:\/\/motorista.com.br\/noticias\/#organization"},"potentialAction":[{"@type":"SearchAction","target":{"@type":"EntryPoint","urlTemplate":"https:\/\/motorista.com.br\/noticias\/?s={search_term_string}"},"query-input":{"@type":"PropertyValueSpecification","valueRequired":true,"valueName":"search_term_string"}}],"inLanguage":"pt-BR"},{"@type":"Organization","@id":"https:\/\/motorista.com.br\/noticias\/#organization","name":"Motorista.com.br","url":"https:\/\/motorista.com.br\/noticias\/","logo":{"@type":"ImageObject","inLanguage":"pt-BR","@id":"https:\/\/motorista.com.br\/noticias\/#\/schema\/logo\/image\/","url":"https:\/\/motorista.com.br\/noticias\/wp-content\/uploads\/2025\/06\/Design-sem-nome-9.png","contentUrl":"https:\/\/motorista.com.br\/noticias\/wp-content\/uploads\/2025\/06\/Design-sem-nome-9.png","width":150,"height":85,"caption":"Motorista.com.br"},"image":{"@id":"https:\/\/motorista.com.br\/noticias\/#\/schema\/logo\/image\/"}},{"@type":"Person","@id":"https:\/\/motorista.com.br\/noticias\/#\/schema\/person\/dc93afc2981c0e3ce6bc3c053fd847be","name":"Equipe Reda\u00e7\u00e3o","image":{"@type":"ImageObject","inLanguage":"pt-BR","@id":"https:\/\/secure.gravatar.com\/avatar\/4f525efbf18dd2bb300ccad28bfb99d95a9465a5ba268407c8c37b37e1f28d2d?s=96&d=mm&r=g9e099043a0c61e9ae27e293b9fa75ffc","url":"https:\/\/secure.gravatar.com\/avatar\/4f525efbf18dd2bb300ccad28bfb99d95a9465a5ba268407c8c37b37e1f28d2d?s=96&d=mm&r=g","contentUrl":"https:\/\/secure.gravatar.com\/avatar\/4f525efbf18dd2bb300ccad28bfb99d95a9465a5ba268407c8c37b37e1f28d2d?s=96&d=mm&r=g","caption":"Equipe Reda\u00e7\u00e3o"},"description":"Equipe de reda\u00e7\u00e3o \u00e9 um grupo de profissionais que trabalham juntos para criar conte\u00fado escrito para Motorista.com.br","url":"https:\/\/motorista.com.br\/noticias\/author\/equiperedacao\/"}]}},"_links":{"self":[{"href":"https:\/\/motorista.com.br\/noticias\/wp-json\/wp\/v2\/posts\/9500","targetHints":{"allow":["GET"]}}],"collection":[{"href":"https:\/\/motorista.com.br\/noticias\/wp-json\/wp\/v2\/posts"}],"about":[{"href":"https:\/\/motorista.com.br\/noticias\/wp-json\/wp\/v2\/types\/post"}],"author":[{"embeddable":true,"href":"https:\/\/motorista.com.br\/noticias\/wp-json\/wp\/v2\/users\/4"}],"replies":[{"embeddable":true,"href":"https:\/\/motorista.com.br\/noticias\/wp-json\/wp\/v2\/comments?post=9500"}],"version-history":[{"count":0,"href":"https:\/\/motorista.com.br\/noticias\/wp-json\/wp\/v2\/posts\/9500\/revisions"}],"wp:featuredmedia":[{"embeddable":true,"href":"https:\/\/motorista.com.br\/noticias\/wp-json\/wp\/v2\/media\/9501"}],"wp:attachment":[{"href":"https:\/\/motorista.com.br\/noticias\/wp-json\/wp\/v2\/media?parent=9500"}],"wp:term":[{"taxonomy":"category","embeddable":true,"href":"https:\/\/motorista.com.br\/noticias\/wp-json\/wp\/v2\/categories?post=9500"},{"taxonomy":"post_tag","embeddable":true,"href":"https:\/\/motorista.com.br\/noticias\/wp-json\/wp\/v2\/tags?post=9500"},{"taxonomy":"author","embeddable":true,"href":"https:\/\/motorista.com.br\/noticias\/wp-json\/wp\/v2\/coauthors?post=9500"}],"curies":[{"name":"wp","href":"https:\/\/api.w.org\/{rel}","templated":true}]}}