{"id":9498,"date":"2026-05-03T08:12:24","date_gmt":"2026-05-03T11:12:24","guid":{"rendered":"https:\/\/motorista.com.br\/noticias\/2026\/05\/03\/fretes-fraudulentos-resultam-em-sequestros-de-caminhoneiros\/"},"modified":"2026-05-03T08:12:24","modified_gmt":"2026-05-03T11:12:24","slug":"fretes-fraudulentos-resultam-em-sequestros-de-caminhoneiros","status":"publish","type":"post","link":"https:\/\/motorista.com.br\/noticias\/2026\/05\/03\/fretes-fraudulentos-resultam-em-sequestros-de-caminhoneiros\/","title":{"rendered":"Fretes fraudulentos resultam em sequestros de caminhoneiros."},"content":{"rendered":"<p><\/p>\n<div itemprop=\"articleBody\">\n<p>A Pol\u00edcia Civil de S\u00e3o Paulo prendeu esta semana quatro suspeitos de integrar uma quadrilha envolvida em sequestro e extors\u00e3o de caminhoneiros, em um caso que exp\u00f5e o avan\u00e7o de fraudes digitais no transporte de cargas. A a\u00e7\u00e3o ocorreu em Guarulhos (SP) e teve como base investiga\u00e7\u00f5es conduzidas pelo Departamento de Opera\u00e7\u00f5es Policiais Estrat\u00e9gicas (Dope).<\/p>\n<p>Segundo a pol\u00edcia, os criminosos utilizavam aplicativos de frete para atrair motoristas aut\u00f4nomos com ofertas falsas. Ap\u00f3s aceitar o servi\u00e7o, a v\u00edtima era direcionada a um local isolado, onde ocorria a abordagem. No caso investigado, o caminhoneiro foi mantido em cativeiro e obrigado a realizar transfer\u00eancias banc\u00e1rias, al\u00e9m de ter familiares contatados para pagamento de resgate.<\/p>\n<h2 class=\"wp-block-heading\"><strong>Fraude digital entra no radar do setor<\/strong><\/h2>\n<p>O caso refor\u00e7a um movimento que preocupa transportadores: o uso crescente de plataformas digitais para aplica\u00e7\u00e3o de golpes. A FETCESP alertou o setor para um novo padr\u00e3o de fraude envolvendo falsas ofertas de frete, com foco principalmente em aut\u00f4nomos e agregados.<\/p>\n<p>De acordo com a entidade, mesmo com a pris\u00e3o dos envolvidos, h\u00e1 registros de tentativas semelhantes em outras regi\u00f5es do pa\u00eds, indicando que o modelo criminoso pode estar em expans\u00e3o.<\/p>\n<p>A digitaliza\u00e7\u00e3o das opera\u00e7\u00f5es de contrata\u00e7\u00e3o de frete, embora traga ganhos de efici\u00eancia, tamb\u00e9m amplia a exposi\u00e7\u00e3o a riscos. A aus\u00eancia de valida\u00e7\u00e3o rigorosa de contratantes e cargas tem sido explorada por quadrilhas para atrair motoristas e viabilizar crimes como roubo de ve\u00edculos e extors\u00e3o.<\/p>\n<p>A FETCESP refor\u00e7a a necessidade de procedimentos de verifica\u00e7\u00e3o mais r\u00edgidos antes da aceita\u00e7\u00e3o de cargas, especialmente em negocia\u00e7\u00f5es realizadas fora de plataformas com hist\u00f3rico confi\u00e1vel. A orienta\u00e7\u00e3o \u00e9 evitar deslocamentos para locais desconhecidos sem confirma\u00e7\u00e3o pr\u00e9via das informa\u00e7\u00f5es, al\u00e9m de compartilhar dados da opera\u00e7\u00e3o com empresas ou familiares. Tamb\u00e9m \u00e9 recomendado comunicar imediatamente qualquer suspeita \u00e0s autoridades.<\/p>\n<h2 class=\"wp-block-heading\"><strong>Impactos sobre motoristas e mobilidade<\/strong><\/h2>\n<p>Esses incidentes n\u00e3o s\u00e3o apenas uma amea\u00e7a \u00e0 seguran\u00e7a dos caminhoneiros, mas tamb\u00e9m t\u00eam implica\u00e7\u00f5es s\u00e9rias para a mobilidade e a log\u00edstica em geral. Quando motoristas s\u00e3o sequestrados, n\u00e3o s\u00f3 h\u00e1 um impacto econ\u00f4mico para eles e suas fam\u00edlias, mas tamb\u00e9m para as empresas que dependem da entrega eficiente de mercadorias. A incerteza gerada por tais riscos pode levar a um aumento dos custos de frete, que s\u00e3o repassados aos consumidores finais.<\/p>\n<p>Al\u00e9m disso, o aumento da criminalidade no setor pode desencorajar novos motoristas a ingressar na profiss\u00e3o, gerando uma escassez de m\u00e3o de obra qualificada. Isso pode resultar em atrasos nas entregas e na poss\u00edvel ruptura de cadeias de suprimento, afetando n\u00e3o apenas o setor de transporte, mas tamb\u00e9m diversas ind\u00fastrias que dependem desse servi\u00e7o. A necessidade de maior vigil\u00e2ncia e prote\u00e7\u00e3o se torna, portanto, imperativa para preservar a mobilidade e garantir a integridade do transporte de cargas no Brasil.<\/p>\n<\/div>\n<p><strong>Fonte:<\/strong> transportemoderno<\/p>\n","protected":false},"excerpt":{"rendered":"<p>A Pol\u00edcia Civil de S\u00e3o Paulo prendeu esta semana quatro suspeitos de integrar uma quadrilha envolvida em sequestro e extors\u00e3o de caminhoneiros, em um caso que exp\u00f5e o avan\u00e7o de fraudes digitais no transporte de cargas. A a\u00e7\u00e3o ocorreu em Guarulhos (SP) e teve como base investiga\u00e7\u00f5es conduzidas pelo Departamento de Opera\u00e7\u00f5es Policiais Estrat\u00e9gicas (Dope). &hellip;<\/p>\n","protected":false},"author":4,"featured_media":9499,"comment_status":"","ping_status":"open","sticky":false,"template":"","format":"standard","meta":{"footnotes":""},"categories":[62],"tags":[],"coauthors":[42],"class_list":["post-9498","post","type-post","status-publish","format-standard","has-post-thumbnail","hentry","category-logistica"],"yoast_head":"<!-- This site is optimized with the Yoast SEO Premium plugin v25.5 (Yoast SEO v27.5) - https:\/\/yoast.com\/product\/yoast-seo-premium-wordpress\/ -->\n<title>Fretes fraudulentos resultam em sequestros de caminhoneiros. - Motorista.com.br<\/title>\n<meta name=\"robots\" content=\"index, follow, max-snippet:-1, max-image-preview:large, max-video-preview:-1\" \/>\n<link rel=\"canonical\" href=\"https:\/\/motorista.com.br\/noticias\/2026\/05\/03\/fretes-fraudulentos-resultam-em-sequestros-de-caminhoneiros\/\" \/>\n<meta property=\"og:locale\" content=\"pt_BR\" \/>\n<meta property=\"og:type\" content=\"article\" \/>\n<meta property=\"og:title\" content=\"Fretes fraudulentos resultam em sequestros de caminhoneiros.\" \/>\n<meta property=\"og:description\" content=\"A Pol\u00edcia Civil de S\u00e3o Paulo prendeu esta semana quatro suspeitos de integrar uma quadrilha envolvida em sequestro e extors\u00e3o de caminhoneiros, em um caso que exp\u00f5e o avan\u00e7o de fraudes digitais no transporte de cargas. A a\u00e7\u00e3o ocorreu em Guarulhos (SP) e teve como base investiga\u00e7\u00f5es conduzidas pelo Departamento de Opera\u00e7\u00f5es Policiais Estrat\u00e9gicas (Dope). &hellip;\" \/>\n<meta property=\"og:url\" content=\"https:\/\/motorista.com.br\/noticias\/2026\/05\/03\/fretes-fraudulentos-resultam-em-sequestros-de-caminhoneiros\/\" \/>\n<meta property=\"og:site_name\" content=\"Motorista.com.br\" \/>\n<meta property=\"article:published_time\" content=\"2026-05-03T11:12:24+00:00\" \/>\n<meta name=\"author\" content=\"Equipe Reda\u00e7\u00e3o\" \/>\n<meta name=\"twitter:card\" content=\"summary_large_image\" \/>\n<meta name=\"twitter:label1\" content=\"Escrito por\" \/>\n\t<meta name=\"twitter:data1\" content=\"Equipe Reda\u00e7\u00e3o\" \/>\n\t<meta name=\"twitter:label2\" content=\"Est. tempo de leitura\" \/>\n\t<meta name=\"twitter:data2\" content=\"3 minutos\" \/>\n\t<meta name=\"twitter:label3\" content=\"Written by\" \/>\n\t<meta name=\"twitter:data3\" content=\"Equipe Reda\u00e7\u00e3o\" \/>\n<script type=\"application\/ld+json\" class=\"yoast-schema-graph\">{\"@context\":\"https:\\\/\\\/schema.org\",\"@graph\":[{\"@type\":\"Article\",\"@id\":\"https:\\\/\\\/motorista.com.br\\\/noticias\\\/2026\\\/05\\\/03\\\/fretes-fraudulentos-resultam-em-sequestros-de-caminhoneiros\\\/#article\",\"isPartOf\":{\"@id\":\"https:\\\/\\\/motorista.com.br\\\/noticias\\\/2026\\\/05\\\/03\\\/fretes-fraudulentos-resultam-em-sequestros-de-caminhoneiros\\\/\"},\"author\":{\"name\":\"Equipe Reda\u00e7\u00e3o\",\"@id\":\"https:\\\/\\\/motorista.com.br\\\/noticias\\\/#\\\/schema\\\/person\\\/dc93afc2981c0e3ce6bc3c053fd847be\"},\"headline\":\"Fretes fraudulentos resultam em sequestros de caminhoneiros.\",\"datePublished\":\"2026-05-03T11:12:24+00:00\",\"mainEntityOfPage\":{\"@id\":\"https:\\\/\\\/motorista.com.br\\\/noticias\\\/2026\\\/05\\\/03\\\/fretes-fraudulentos-resultam-em-sequestros-de-caminhoneiros\\\/\"},\"wordCount\":528,\"publisher\":{\"@id\":\"https:\\\/\\\/motorista.com.br\\\/noticias\\\/#organization\"},\"image\":{\"@id\":\"https:\\\/\\\/motorista.com.br\\\/noticias\\\/2026\\\/05\\\/03\\\/fretes-fraudulentos-resultam-em-sequestros-de-caminhoneiros\\\/#primaryimage\"},\"thumbnailUrl\":\"https:\\\/\\\/motorista.com.br\\\/noticias\\\/wp-content\\\/uploads\\\/2026\\\/05\\\/Design-sem-nome-14.jpg\",\"articleSection\":[\"Log\u00edstica\"],\"inLanguage\":\"pt-BR\"},{\"@type\":\"WebPage\",\"@id\":\"https:\\\/\\\/motorista.com.br\\\/noticias\\\/2026\\\/05\\\/03\\\/fretes-fraudulentos-resultam-em-sequestros-de-caminhoneiros\\\/\",\"url\":\"https:\\\/\\\/motorista.com.br\\\/noticias\\\/2026\\\/05\\\/03\\\/fretes-fraudulentos-resultam-em-sequestros-de-caminhoneiros\\\/\",\"name\":\"Fretes fraudulentos resultam em sequestros de caminhoneiros. - Motorista.com.br\",\"isPartOf\":{\"@id\":\"https:\\\/\\\/motorista.com.br\\\/noticias\\\/#website\"},\"primaryImageOfPage\":{\"@id\":\"https:\\\/\\\/motorista.com.br\\\/noticias\\\/2026\\\/05\\\/03\\\/fretes-fraudulentos-resultam-em-sequestros-de-caminhoneiros\\\/#primaryimage\"},\"image\":{\"@id\":\"https:\\\/\\\/motorista.com.br\\\/noticias\\\/2026\\\/05\\\/03\\\/fretes-fraudulentos-resultam-em-sequestros-de-caminhoneiros\\\/#primaryimage\"},\"thumbnailUrl\":\"https:\\\/\\\/motorista.com.br\\\/noticias\\\/wp-content\\\/uploads\\\/2026\\\/05\\\/Design-sem-nome-14.jpg\",\"datePublished\":\"2026-05-03T11:12:24+00:00\",\"breadcrumb\":{\"@id\":\"https:\\\/\\\/motorista.com.br\\\/noticias\\\/2026\\\/05\\\/03\\\/fretes-fraudulentos-resultam-em-sequestros-de-caminhoneiros\\\/#breadcrumb\"},\"inLanguage\":\"pt-BR\",\"potentialAction\":[{\"@type\":\"ReadAction\",\"target\":[\"https:\\\/\\\/motorista.com.br\\\/noticias\\\/2026\\\/05\\\/03\\\/fretes-fraudulentos-resultam-em-sequestros-de-caminhoneiros\\\/\"]}]},{\"@type\":\"ImageObject\",\"inLanguage\":\"pt-BR\",\"@id\":\"https:\\\/\\\/motorista.com.br\\\/noticias\\\/2026\\\/05\\\/03\\\/fretes-fraudulentos-resultam-em-sequestros-de-caminhoneiros\\\/#primaryimage\",\"url\":\"https:\\\/\\\/motorista.com.br\\\/noticias\\\/wp-content\\\/uploads\\\/2026\\\/05\\\/Design-sem-nome-14.jpg\",\"contentUrl\":\"https:\\\/\\\/motorista.com.br\\\/noticias\\\/wp-content\\\/uploads\\\/2026\\\/05\\\/Design-sem-nome-14.jpg\",\"width\":1366,\"height\":768},{\"@type\":\"BreadcrumbList\",\"@id\":\"https:\\\/\\\/motorista.com.br\\\/noticias\\\/2026\\\/05\\\/03\\\/fretes-fraudulentos-resultam-em-sequestros-de-caminhoneiros\\\/#breadcrumb\",\"itemListElement\":[{\"@type\":\"ListItem\",\"position\":1,\"name\":\"In\u00edcio\",\"item\":\"https:\\\/\\\/motorista.com.br\\\/noticias\\\/\"},{\"@type\":\"ListItem\",\"position\":2,\"name\":\"Fretes fraudulentos resultam em sequestros de caminhoneiros.\"}]},{\"@type\":\"WebSite\",\"@id\":\"https:\\\/\\\/motorista.com.br\\\/noticias\\\/#website\",\"url\":\"https:\\\/\\\/motorista.com.br\\\/noticias\\\/\",\"name\":\"Motorista.com.br\",\"description\":\"Not\u00edcia do Motorista\",\"publisher\":{\"@id\":\"https:\\\/\\\/motorista.com.br\\\/noticias\\\/#organization\"},\"potentialAction\":[{\"@type\":\"SearchAction\",\"target\":{\"@type\":\"EntryPoint\",\"urlTemplate\":\"https:\\\/\\\/motorista.com.br\\\/noticias\\\/?s={search_term_string}\"},\"query-input\":{\"@type\":\"PropertyValueSpecification\",\"valueRequired\":true,\"valueName\":\"search_term_string\"}}],\"inLanguage\":\"pt-BR\"},{\"@type\":\"Organization\",\"@id\":\"https:\\\/\\\/motorista.com.br\\\/noticias\\\/#organization\",\"name\":\"Motorista.com.br\",\"url\":\"https:\\\/\\\/motorista.com.br\\\/noticias\\\/\",\"logo\":{\"@type\":\"ImageObject\",\"inLanguage\":\"pt-BR\",\"@id\":\"https:\\\/\\\/motorista.com.br\\\/noticias\\\/#\\\/schema\\\/logo\\\/image\\\/\",\"url\":\"https:\\\/\\\/motorista.com.br\\\/noticias\\\/wp-content\\\/uploads\\\/2025\\\/06\\\/Design-sem-nome-9.png\",\"contentUrl\":\"https:\\\/\\\/motorista.com.br\\\/noticias\\\/wp-content\\\/uploads\\\/2025\\\/06\\\/Design-sem-nome-9.png\",\"width\":150,\"height\":85,\"caption\":\"Motorista.com.br\"},\"image\":{\"@id\":\"https:\\\/\\\/motorista.com.br\\\/noticias\\\/#\\\/schema\\\/logo\\\/image\\\/\"}},{\"@type\":\"Person\",\"@id\":\"https:\\\/\\\/motorista.com.br\\\/noticias\\\/#\\\/schema\\\/person\\\/dc93afc2981c0e3ce6bc3c053fd847be\",\"name\":\"Equipe Reda\u00e7\u00e3o\",\"image\":{\"@type\":\"ImageObject\",\"inLanguage\":\"pt-BR\",\"@id\":\"https:\\\/\\\/secure.gravatar.com\\\/avatar\\\/4f525efbf18dd2bb300ccad28bfb99d95a9465a5ba268407c8c37b37e1f28d2d?s=96&d=mm&r=g9e099043a0c61e9ae27e293b9fa75ffc\",\"url\":\"https:\\\/\\\/secure.gravatar.com\\\/avatar\\\/4f525efbf18dd2bb300ccad28bfb99d95a9465a5ba268407c8c37b37e1f28d2d?s=96&d=mm&r=g\",\"contentUrl\":\"https:\\\/\\\/secure.gravatar.com\\\/avatar\\\/4f525efbf18dd2bb300ccad28bfb99d95a9465a5ba268407c8c37b37e1f28d2d?s=96&d=mm&r=g\",\"caption\":\"Equipe Reda\u00e7\u00e3o\"},\"description\":\"Equipe de reda\u00e7\u00e3o \u00e9 um grupo de profissionais que trabalham juntos para criar conte\u00fado escrito para Motorista.com.br\",\"url\":\"https:\\\/\\\/motorista.com.br\\\/noticias\\\/author\\\/equiperedacao\\\/\"}]}<\/script>\n<!-- \/ Yoast SEO Premium plugin. -->","yoast_head_json":{"title":"Fretes fraudulentos resultam em sequestros de caminhoneiros. - Motorista.com.br","robots":{"index":"index","follow":"follow","max-snippet":"max-snippet:-1","max-image-preview":"max-image-preview:large","max-video-preview":"max-video-preview:-1"},"canonical":"https:\/\/motorista.com.br\/noticias\/2026\/05\/03\/fretes-fraudulentos-resultam-em-sequestros-de-caminhoneiros\/","og_locale":"pt_BR","og_type":"article","og_title":"Fretes fraudulentos resultam em sequestros de caminhoneiros.","og_description":"A Pol\u00edcia Civil de S\u00e3o Paulo prendeu esta semana quatro suspeitos de integrar uma quadrilha envolvida em sequestro e extors\u00e3o de caminhoneiros, em um caso que exp\u00f5e o avan\u00e7o de fraudes digitais no transporte de cargas. A a\u00e7\u00e3o ocorreu em Guarulhos (SP) e teve como base investiga\u00e7\u00f5es conduzidas pelo Departamento de Opera\u00e7\u00f5es Policiais Estrat\u00e9gicas (Dope). &hellip;","og_url":"https:\/\/motorista.com.br\/noticias\/2026\/05\/03\/fretes-fraudulentos-resultam-em-sequestros-de-caminhoneiros\/","og_site_name":"Motorista.com.br","article_published_time":"2026-05-03T11:12:24+00:00","author":"Equipe Reda\u00e7\u00e3o","twitter_card":"summary_large_image","twitter_misc":{"Escrito por":"Equipe Reda\u00e7\u00e3o","Est. tempo de leitura":"3 minutos","Written by":"Equipe Reda\u00e7\u00e3o"},"schema":{"@context":"https:\/\/schema.org","@graph":[{"@type":"Article","@id":"https:\/\/motorista.com.br\/noticias\/2026\/05\/03\/fretes-fraudulentos-resultam-em-sequestros-de-caminhoneiros\/#article","isPartOf":{"@id":"https:\/\/motorista.com.br\/noticias\/2026\/05\/03\/fretes-fraudulentos-resultam-em-sequestros-de-caminhoneiros\/"},"author":{"name":"Equipe Reda\u00e7\u00e3o","@id":"https:\/\/motorista.com.br\/noticias\/#\/schema\/person\/dc93afc2981c0e3ce6bc3c053fd847be"},"headline":"Fretes fraudulentos resultam em sequestros de caminhoneiros.","datePublished":"2026-05-03T11:12:24+00:00","mainEntityOfPage":{"@id":"https:\/\/motorista.com.br\/noticias\/2026\/05\/03\/fretes-fraudulentos-resultam-em-sequestros-de-caminhoneiros\/"},"wordCount":528,"publisher":{"@id":"https:\/\/motorista.com.br\/noticias\/#organization"},"image":{"@id":"https:\/\/motorista.com.br\/noticias\/2026\/05\/03\/fretes-fraudulentos-resultam-em-sequestros-de-caminhoneiros\/#primaryimage"},"thumbnailUrl":"https:\/\/motorista.com.br\/noticias\/wp-content\/uploads\/2026\/05\/Design-sem-nome-14.jpg","articleSection":["Log\u00edstica"],"inLanguage":"pt-BR"},{"@type":"WebPage","@id":"https:\/\/motorista.com.br\/noticias\/2026\/05\/03\/fretes-fraudulentos-resultam-em-sequestros-de-caminhoneiros\/","url":"https:\/\/motorista.com.br\/noticias\/2026\/05\/03\/fretes-fraudulentos-resultam-em-sequestros-de-caminhoneiros\/","name":"Fretes fraudulentos resultam em sequestros de caminhoneiros. - Motorista.com.br","isPartOf":{"@id":"https:\/\/motorista.com.br\/noticias\/#website"},"primaryImageOfPage":{"@id":"https:\/\/motorista.com.br\/noticias\/2026\/05\/03\/fretes-fraudulentos-resultam-em-sequestros-de-caminhoneiros\/#primaryimage"},"image":{"@id":"https:\/\/motorista.com.br\/noticias\/2026\/05\/03\/fretes-fraudulentos-resultam-em-sequestros-de-caminhoneiros\/#primaryimage"},"thumbnailUrl":"https:\/\/motorista.com.br\/noticias\/wp-content\/uploads\/2026\/05\/Design-sem-nome-14.jpg","datePublished":"2026-05-03T11:12:24+00:00","breadcrumb":{"@id":"https:\/\/motorista.com.br\/noticias\/2026\/05\/03\/fretes-fraudulentos-resultam-em-sequestros-de-caminhoneiros\/#breadcrumb"},"inLanguage":"pt-BR","potentialAction":[{"@type":"ReadAction","target":["https:\/\/motorista.com.br\/noticias\/2026\/05\/03\/fretes-fraudulentos-resultam-em-sequestros-de-caminhoneiros\/"]}]},{"@type":"ImageObject","inLanguage":"pt-BR","@id":"https:\/\/motorista.com.br\/noticias\/2026\/05\/03\/fretes-fraudulentos-resultam-em-sequestros-de-caminhoneiros\/#primaryimage","url":"https:\/\/motorista.com.br\/noticias\/wp-content\/uploads\/2026\/05\/Design-sem-nome-14.jpg","contentUrl":"https:\/\/motorista.com.br\/noticias\/wp-content\/uploads\/2026\/05\/Design-sem-nome-14.jpg","width":1366,"height":768},{"@type":"BreadcrumbList","@id":"https:\/\/motorista.com.br\/noticias\/2026\/05\/03\/fretes-fraudulentos-resultam-em-sequestros-de-caminhoneiros\/#breadcrumb","itemListElement":[{"@type":"ListItem","position":1,"name":"In\u00edcio","item":"https:\/\/motorista.com.br\/noticias\/"},{"@type":"ListItem","position":2,"name":"Fretes fraudulentos resultam em sequestros de caminhoneiros."}]},{"@type":"WebSite","@id":"https:\/\/motorista.com.br\/noticias\/#website","url":"https:\/\/motorista.com.br\/noticias\/","name":"Motorista.com.br","description":"Not\u00edcia do Motorista","publisher":{"@id":"https:\/\/motorista.com.br\/noticias\/#organization"},"potentialAction":[{"@type":"SearchAction","target":{"@type":"EntryPoint","urlTemplate":"https:\/\/motorista.com.br\/noticias\/?s={search_term_string}"},"query-input":{"@type":"PropertyValueSpecification","valueRequired":true,"valueName":"search_term_string"}}],"inLanguage":"pt-BR"},{"@type":"Organization","@id":"https:\/\/motorista.com.br\/noticias\/#organization","name":"Motorista.com.br","url":"https:\/\/motorista.com.br\/noticias\/","logo":{"@type":"ImageObject","inLanguage":"pt-BR","@id":"https:\/\/motorista.com.br\/noticias\/#\/schema\/logo\/image\/","url":"https:\/\/motorista.com.br\/noticias\/wp-content\/uploads\/2025\/06\/Design-sem-nome-9.png","contentUrl":"https:\/\/motorista.com.br\/noticias\/wp-content\/uploads\/2025\/06\/Design-sem-nome-9.png","width":150,"height":85,"caption":"Motorista.com.br"},"image":{"@id":"https:\/\/motorista.com.br\/noticias\/#\/schema\/logo\/image\/"}},{"@type":"Person","@id":"https:\/\/motorista.com.br\/noticias\/#\/schema\/person\/dc93afc2981c0e3ce6bc3c053fd847be","name":"Equipe Reda\u00e7\u00e3o","image":{"@type":"ImageObject","inLanguage":"pt-BR","@id":"https:\/\/secure.gravatar.com\/avatar\/4f525efbf18dd2bb300ccad28bfb99d95a9465a5ba268407c8c37b37e1f28d2d?s=96&d=mm&r=g9e099043a0c61e9ae27e293b9fa75ffc","url":"https:\/\/secure.gravatar.com\/avatar\/4f525efbf18dd2bb300ccad28bfb99d95a9465a5ba268407c8c37b37e1f28d2d?s=96&d=mm&r=g","contentUrl":"https:\/\/secure.gravatar.com\/avatar\/4f525efbf18dd2bb300ccad28bfb99d95a9465a5ba268407c8c37b37e1f28d2d?s=96&d=mm&r=g","caption":"Equipe Reda\u00e7\u00e3o"},"description":"Equipe de reda\u00e7\u00e3o \u00e9 um grupo de profissionais que trabalham juntos para criar conte\u00fado escrito para Motorista.com.br","url":"https:\/\/motorista.com.br\/noticias\/author\/equiperedacao\/"}]}},"_links":{"self":[{"href":"https:\/\/motorista.com.br\/noticias\/wp-json\/wp\/v2\/posts\/9498","targetHints":{"allow":["GET"]}}],"collection":[{"href":"https:\/\/motorista.com.br\/noticias\/wp-json\/wp\/v2\/posts"}],"about":[{"href":"https:\/\/motorista.com.br\/noticias\/wp-json\/wp\/v2\/types\/post"}],"author":[{"embeddable":true,"href":"https:\/\/motorista.com.br\/noticias\/wp-json\/wp\/v2\/users\/4"}],"replies":[{"embeddable":true,"href":"https:\/\/motorista.com.br\/noticias\/wp-json\/wp\/v2\/comments?post=9498"}],"version-history":[{"count":0,"href":"https:\/\/motorista.com.br\/noticias\/wp-json\/wp\/v2\/posts\/9498\/revisions"}],"wp:featuredmedia":[{"embeddable":true,"href":"https:\/\/motorista.com.br\/noticias\/wp-json\/wp\/v2\/media\/9499"}],"wp:attachment":[{"href":"https:\/\/motorista.com.br\/noticias\/wp-json\/wp\/v2\/media?parent=9498"}],"wp:term":[{"taxonomy":"category","embeddable":true,"href":"https:\/\/motorista.com.br\/noticias\/wp-json\/wp\/v2\/categories?post=9498"},{"taxonomy":"post_tag","embeddable":true,"href":"https:\/\/motorista.com.br\/noticias\/wp-json\/wp\/v2\/tags?post=9498"},{"taxonomy":"author","embeddable":true,"href":"https:\/\/motorista.com.br\/noticias\/wp-json\/wp\/v2\/coauthors?post=9498"}],"curies":[{"name":"wp","href":"https:\/\/api.w.org\/{rel}","templated":true}]}}