{"id":9461,"date":"2026-05-02T05:10:28","date_gmt":"2026-05-02T08:10:28","guid":{"rendered":"https:\/\/motorista.com.br\/noticias\/2026\/05\/02\/lula-revela-r-212-bi-para-financiar-caminhoes-e-onibus\/"},"modified":"2026-05-02T05:10:28","modified_gmt":"2026-05-02T08:10:28","slug":"lula-revela-r-212-bi-para-financiar-caminhoes-e-onibus","status":"publish","type":"post","link":"https:\/\/motorista.com.br\/noticias\/2026\/05\/02\/lula-revela-r-212-bi-para-financiar-caminhoes-e-onibus\/","title":{"rendered":"Lula revela R$ 21,2 bi para financiar caminh\u00f5es e \u00f4nibus."},"content":{"rendered":"<p><\/p>\n<p><strong>Lula Anuncia R$ 21,2 Bi para Financiamento de Ve\u00edculos Pesados: Impactos na Mobilidade e para os Motoristas<\/strong><\/p>\n<p>O presidente Lula anunciou um aporte de R$ 21,2 bilh\u00f5es para financiar a renova\u00e7\u00e3o da frota de ve\u00edculos pesados no Brasil, em uma cerim\u00f4nia realizada no Pal\u00e1cio do Planalto. A medida faz parte do programa Move Brasil, que, al\u00e9m de caminh\u00f5es, agora inclui \u00f4nibus, micro-\u00f4nibus e implementos rodovi\u00e1rios.<\/p>\n<p><strong>Benef\u00edcios da Renova\u00e7\u00e3o da Frota<\/strong><\/p>\n<p>A nova linha de cr\u00e9dito ser\u00e1 operacionalizada pelo BNDES e dever\u00e1 beneficiar principalmente transportadores aut\u00f4nomos e micro, pequenas e m\u00e9dias empresas. Com a possibilidade de financiar at\u00e9 R$ 50 milh\u00f5es por benefici\u00e1rio, esses recursos visam facilitar o acesso a ve\u00edculos mais modernos e menos poluentes. A troca de ve\u00edculos antigos por modelos novos pode reduzir as emiss\u00f5es de gases poluentes, contribuindo para um ambiente mais saud\u00e1vel.<\/p>\n<p>Al\u00e9m disso, a atualiza\u00e7\u00e3o da frota pode aumentar a efici\u00eancia operacional dos transportadores. Ve\u00edculos mais novos tendem a apresentar menor consumo de combust\u00edvel e menos quebras, resultando em redu\u00e7\u00e3o de custos e aumento da competitividade no mercado. Isso \u00e9 especialmente relevante para aut\u00f4nomos, que frequentemente enfrentam dificuldades financeiras devido a manuten\u00e7\u00f5es constantes ou multas relacionadas \u00e0 inadequa\u00e7\u00e3o dos ve\u00edculos.<\/p>\n<p><strong>Impactos no Setor de Transporte<\/strong><\/p>\n<p>Os primeiros R$ 10 bilh\u00f5es dessa iniciativa, disponibilizados em janeiro, foram rapidamente consumidos, comprovando a demanda latente no setor. A experi\u00eancia anterior mostrou que, embora as entregadoras tenham sido as principais benefici\u00e1rias, muitos aut\u00f4nomos enfrentaram barreiras para acessar o financiamento. Lula reconheceu essa dificuldade e anunciou melhorias nas condi\u00e7\u00f5es de cr\u00e9dito, como aumento do prazo para pagamento e redu\u00e7\u00e3o da taxa de juros.<\/p>\n<p>Esta abordagem mais flex\u00edvel pode atrair mais motoristas aut\u00f4nomos e pequenos empres\u00e1rios para o programa, o que, em \u00faltima an\u00e1lise, resulta em uma frota mais renovada e moderna. A inclus\u00e3o desses motoristas pode ainda contribuir para a formaliza\u00e7\u00e3o do trabalho no setor, trazendo benef\u00edcios sociais e econ\u00f4micos.<\/p>\n<p><strong>Medidas Provis\u00f3rias e Aumento do Apoio<\/strong><\/p>\n<p>Durante a cerim\u00f4nia, foram assinadas medidas provis\u00f3rias que visam amplificar a capacidade de investimento e cr\u00e9dito dispon\u00edveis para o setor. A amplia\u00e7\u00e3o do Fundo Garantidor para Investimentos (FGI) e a cria\u00e7\u00e3o de um cr\u00e9dito extraordin\u00e1rio de R$ 17 bilh\u00f5es s\u00e3o exemplos de como o governo est\u00e1 buscando garantir um suporte robusto para o transporte.<\/p>\n<p>Essas medidas tamb\u00e9m visam aumentar as garantias para exporta\u00e7\u00f5es, ajudando a estimular a economia local e, por consequ\u00eancia, promovendo o emprego e a renda dentro do setor de transporte.<\/p>\n<p><strong>Conclus\u00e3o: Efeitos Positivos na Mobilidade<\/strong><\/p>\n<p>O lan\u00e7amento do programa Move Brasil n\u00e3o se limita apenas ao financiamento de ve\u00edculos; ele representa um esfor\u00e7o mais amplo para melhorar a mobilidade urbana e interurbana. A renova\u00e7\u00e3o da frota pode resultar em uma circula\u00e7\u00e3o mais eficiente e sustent\u00e1vel, diminuir os congestionamentos e a polui\u00e7\u00e3o, e oferecer um transporte de maior qualidade \u00e0 popula\u00e7\u00e3o.<\/p>\n<p>Assim, a interven\u00e7\u00e3o do governo n\u00e3o apenas beneficia os motoristas e as empresas envolvidas, mas tamb\u00e9m se alinha com os objetivos de uma mobilidade mais consciente e respons\u00e1vel, refletindo o compromisso em melhorar a infraestrutura e as condi\u00e7\u00f5es de transporte no Brasil.<\/p>\n","protected":false},"excerpt":{"rendered":"<p>Lula Anuncia R$ 21,2 Bi para Financiamento de Ve\u00edculos Pesados: Impactos na Mobilidade e para os Motoristas O presidente Lula anunciou um aporte de R$ 21,2 bilh\u00f5es para financiar a renova\u00e7\u00e3o da frota de ve\u00edculos pesados no Brasil, em uma cerim\u00f4nia realizada no Pal\u00e1cio do Planalto. A medida faz parte do programa Move Brasil, que, &hellip;<\/p>\n","protected":false},"author":4,"featured_media":9462,"comment_status":"","ping_status":"open","sticky":false,"template":"","format":"standard","meta":{"footnotes":""},"categories":[45],"tags":[],"coauthors":[42],"class_list":["post-9461","post","type-post","status-publish","format-standard","has-post-thumbnail","hentry","category-mundo"],"yoast_head":"<!-- This site is optimized with the Yoast SEO Premium plugin v25.5 (Yoast SEO v27.5) - https:\/\/yoast.com\/product\/yoast-seo-premium-wordpress\/ -->\n<title>Lula revela R$ 21,2 bi para financiar caminh\u00f5es e \u00f4nibus. - Motorista.com.br<\/title>\n<meta name=\"robots\" content=\"index, follow, max-snippet:-1, max-image-preview:large, max-video-preview:-1\" \/>\n<link rel=\"canonical\" href=\"https:\/\/motorista.com.br\/noticias\/2026\/05\/02\/lula-revela-r-212-bi-para-financiar-caminhoes-e-onibus\/\" \/>\n<meta property=\"og:locale\" content=\"pt_BR\" \/>\n<meta property=\"og:type\" content=\"article\" \/>\n<meta property=\"og:title\" content=\"Lula revela R$ 21,2 bi para financiar caminh\u00f5es e \u00f4nibus.\" \/>\n<meta property=\"og:description\" content=\"Lula Anuncia R$ 21,2 Bi para Financiamento de Ve\u00edculos Pesados: Impactos na Mobilidade e para os Motoristas O presidente Lula anunciou um aporte de R$ 21,2 bilh\u00f5es para financiar a renova\u00e7\u00e3o da frota de ve\u00edculos pesados no Brasil, em uma cerim\u00f4nia realizada no Pal\u00e1cio do Planalto. A medida faz parte do programa Move Brasil, que, &hellip;\" \/>\n<meta property=\"og:url\" content=\"https:\/\/motorista.com.br\/noticias\/2026\/05\/02\/lula-revela-r-212-bi-para-financiar-caminhoes-e-onibus\/\" \/>\n<meta property=\"og:site_name\" content=\"Motorista.com.br\" \/>\n<meta property=\"article:published_time\" content=\"2026-05-02T08:10:28+00:00\" \/>\n<meta name=\"author\" content=\"Equipe Reda\u00e7\u00e3o\" \/>\n<meta name=\"twitter:card\" content=\"summary_large_image\" \/>\n<meta name=\"twitter:label1\" content=\"Escrito por\" \/>\n\t<meta name=\"twitter:data1\" content=\"Equipe Reda\u00e7\u00e3o\" \/>\n\t<meta name=\"twitter:label2\" content=\"Est. tempo de leitura\" \/>\n\t<meta name=\"twitter:data2\" content=\"3 minutos\" \/>\n\t<meta name=\"twitter:label3\" content=\"Written by\" \/>\n\t<meta name=\"twitter:data3\" content=\"Equipe Reda\u00e7\u00e3o\" \/>\n<script type=\"application\/ld+json\" class=\"yoast-schema-graph\">{\"@context\":\"https:\\\/\\\/schema.org\",\"@graph\":[{\"@type\":\"Article\",\"@id\":\"https:\\\/\\\/motorista.com.br\\\/noticias\\\/2026\\\/05\\\/02\\\/lula-revela-r-212-bi-para-financiar-caminhoes-e-onibus\\\/#article\",\"isPartOf\":{\"@id\":\"https:\\\/\\\/motorista.com.br\\\/noticias\\\/2026\\\/05\\\/02\\\/lula-revela-r-212-bi-para-financiar-caminhoes-e-onibus\\\/\"},\"author\":{\"name\":\"Equipe Reda\u00e7\u00e3o\",\"@id\":\"https:\\\/\\\/motorista.com.br\\\/noticias\\\/#\\\/schema\\\/person\\\/dc93afc2981c0e3ce6bc3c053fd847be\"},\"headline\":\"Lula revela R$ 21,2 bi para financiar caminh\u00f5es e \u00f4nibus.\",\"datePublished\":\"2026-05-02T08:10:28+00:00\",\"mainEntityOfPage\":{\"@id\":\"https:\\\/\\\/motorista.com.br\\\/noticias\\\/2026\\\/05\\\/02\\\/lula-revela-r-212-bi-para-financiar-caminhoes-e-onibus\\\/\"},\"wordCount\":578,\"publisher\":{\"@id\":\"https:\\\/\\\/motorista.com.br\\\/noticias\\\/#organization\"},\"image\":{\"@id\":\"https:\\\/\\\/motorista.com.br\\\/noticias\\\/2026\\\/05\\\/02\\\/lula-revela-r-212-bi-para-financiar-caminhoes-e-onibus\\\/#primaryimage\"},\"thumbnailUrl\":\"https:\\\/\\\/motorista.com.br\\\/noticias\\\/wp-content\\\/uploads\\\/2026\\\/05\\\/lula-assina-move-brasil-2-no-planalto-foto-ricardo-stuckert-pr.jpg\",\"articleSection\":[\"Mundo\"],\"inLanguage\":\"pt-BR\"},{\"@type\":\"WebPage\",\"@id\":\"https:\\\/\\\/motorista.com.br\\\/noticias\\\/2026\\\/05\\\/02\\\/lula-revela-r-212-bi-para-financiar-caminhoes-e-onibus\\\/\",\"url\":\"https:\\\/\\\/motorista.com.br\\\/noticias\\\/2026\\\/05\\\/02\\\/lula-revela-r-212-bi-para-financiar-caminhoes-e-onibus\\\/\",\"name\":\"Lula revela R$ 21,2 bi para financiar caminh\u00f5es e \u00f4nibus. - Motorista.com.br\",\"isPartOf\":{\"@id\":\"https:\\\/\\\/motorista.com.br\\\/noticias\\\/#website\"},\"primaryImageOfPage\":{\"@id\":\"https:\\\/\\\/motorista.com.br\\\/noticias\\\/2026\\\/05\\\/02\\\/lula-revela-r-212-bi-para-financiar-caminhoes-e-onibus\\\/#primaryimage\"},\"image\":{\"@id\":\"https:\\\/\\\/motorista.com.br\\\/noticias\\\/2026\\\/05\\\/02\\\/lula-revela-r-212-bi-para-financiar-caminhoes-e-onibus\\\/#primaryimage\"},\"thumbnailUrl\":\"https:\\\/\\\/motorista.com.br\\\/noticias\\\/wp-content\\\/uploads\\\/2026\\\/05\\\/lula-assina-move-brasil-2-no-planalto-foto-ricardo-stuckert-pr.jpg\",\"datePublished\":\"2026-05-02T08:10:28+00:00\",\"breadcrumb\":{\"@id\":\"https:\\\/\\\/motorista.com.br\\\/noticias\\\/2026\\\/05\\\/02\\\/lula-revela-r-212-bi-para-financiar-caminhoes-e-onibus\\\/#breadcrumb\"},\"inLanguage\":\"pt-BR\",\"potentialAction\":[{\"@type\":\"ReadAction\",\"target\":[\"https:\\\/\\\/motorista.com.br\\\/noticias\\\/2026\\\/05\\\/02\\\/lula-revela-r-212-bi-para-financiar-caminhoes-e-onibus\\\/\"]}]},{\"@type\":\"ImageObject\",\"inLanguage\":\"pt-BR\",\"@id\":\"https:\\\/\\\/motorista.com.br\\\/noticias\\\/2026\\\/05\\\/02\\\/lula-revela-r-212-bi-para-financiar-caminhoes-e-onibus\\\/#primaryimage\",\"url\":\"https:\\\/\\\/motorista.com.br\\\/noticias\\\/wp-content\\\/uploads\\\/2026\\\/05\\\/lula-assina-move-brasil-2-no-planalto-foto-ricardo-stuckert-pr.jpg\",\"contentUrl\":\"https:\\\/\\\/motorista.com.br\\\/noticias\\\/wp-content\\\/uploads\\\/2026\\\/05\\\/lula-assina-move-brasil-2-no-planalto-foto-ricardo-stuckert-pr.jpg\",\"width\":1280,\"height\":984},{\"@type\":\"BreadcrumbList\",\"@id\":\"https:\\\/\\\/motorista.com.br\\\/noticias\\\/2026\\\/05\\\/02\\\/lula-revela-r-212-bi-para-financiar-caminhoes-e-onibus\\\/#breadcrumb\",\"itemListElement\":[{\"@type\":\"ListItem\",\"position\":1,\"name\":\"In\u00edcio\",\"item\":\"https:\\\/\\\/motorista.com.br\\\/noticias\\\/\"},{\"@type\":\"ListItem\",\"position\":2,\"name\":\"Lula revela R$ 21,2 bi para financiar caminh\u00f5es e \u00f4nibus.\"}]},{\"@type\":\"WebSite\",\"@id\":\"https:\\\/\\\/motorista.com.br\\\/noticias\\\/#website\",\"url\":\"https:\\\/\\\/motorista.com.br\\\/noticias\\\/\",\"name\":\"Motorista.com.br\",\"description\":\"Not\u00edcia do Motorista\",\"publisher\":{\"@id\":\"https:\\\/\\\/motorista.com.br\\\/noticias\\\/#organization\"},\"potentialAction\":[{\"@type\":\"SearchAction\",\"target\":{\"@type\":\"EntryPoint\",\"urlTemplate\":\"https:\\\/\\\/motorista.com.br\\\/noticias\\\/?s={search_term_string}\"},\"query-input\":{\"@type\":\"PropertyValueSpecification\",\"valueRequired\":true,\"valueName\":\"search_term_string\"}}],\"inLanguage\":\"pt-BR\"},{\"@type\":\"Organization\",\"@id\":\"https:\\\/\\\/motorista.com.br\\\/noticias\\\/#organization\",\"name\":\"Motorista.com.br\",\"url\":\"https:\\\/\\\/motorista.com.br\\\/noticias\\\/\",\"logo\":{\"@type\":\"ImageObject\",\"inLanguage\":\"pt-BR\",\"@id\":\"https:\\\/\\\/motorista.com.br\\\/noticias\\\/#\\\/schema\\\/logo\\\/image\\\/\",\"url\":\"https:\\\/\\\/motorista.com.br\\\/noticias\\\/wp-content\\\/uploads\\\/2025\\\/06\\\/Design-sem-nome-9.png\",\"contentUrl\":\"https:\\\/\\\/motorista.com.br\\\/noticias\\\/wp-content\\\/uploads\\\/2025\\\/06\\\/Design-sem-nome-9.png\",\"width\":150,\"height\":85,\"caption\":\"Motorista.com.br\"},\"image\":{\"@id\":\"https:\\\/\\\/motorista.com.br\\\/noticias\\\/#\\\/schema\\\/logo\\\/image\\\/\"}},{\"@type\":\"Person\",\"@id\":\"https:\\\/\\\/motorista.com.br\\\/noticias\\\/#\\\/schema\\\/person\\\/dc93afc2981c0e3ce6bc3c053fd847be\",\"name\":\"Equipe Reda\u00e7\u00e3o\",\"image\":{\"@type\":\"ImageObject\",\"inLanguage\":\"pt-BR\",\"@id\":\"https:\\\/\\\/secure.gravatar.com\\\/avatar\\\/4f525efbf18dd2bb300ccad28bfb99d95a9465a5ba268407c8c37b37e1f28d2d?s=96&d=mm&r=g9e099043a0c61e9ae27e293b9fa75ffc\",\"url\":\"https:\\\/\\\/secure.gravatar.com\\\/avatar\\\/4f525efbf18dd2bb300ccad28bfb99d95a9465a5ba268407c8c37b37e1f28d2d?s=96&d=mm&r=g\",\"contentUrl\":\"https:\\\/\\\/secure.gravatar.com\\\/avatar\\\/4f525efbf18dd2bb300ccad28bfb99d95a9465a5ba268407c8c37b37e1f28d2d?s=96&d=mm&r=g\",\"caption\":\"Equipe Reda\u00e7\u00e3o\"},\"description\":\"Equipe de reda\u00e7\u00e3o \u00e9 um grupo de profissionais que trabalham juntos para criar conte\u00fado escrito para Motorista.com.br\",\"url\":\"https:\\\/\\\/motorista.com.br\\\/noticias\\\/author\\\/equiperedacao\\\/\"}]}<\/script>\n<!-- \/ Yoast SEO Premium plugin. -->","yoast_head_json":{"title":"Lula revela R$ 21,2 bi para financiar caminh\u00f5es e \u00f4nibus. - Motorista.com.br","robots":{"index":"index","follow":"follow","max-snippet":"max-snippet:-1","max-image-preview":"max-image-preview:large","max-video-preview":"max-video-preview:-1"},"canonical":"https:\/\/motorista.com.br\/noticias\/2026\/05\/02\/lula-revela-r-212-bi-para-financiar-caminhoes-e-onibus\/","og_locale":"pt_BR","og_type":"article","og_title":"Lula revela R$ 21,2 bi para financiar caminh\u00f5es e \u00f4nibus.","og_description":"Lula Anuncia R$ 21,2 Bi para Financiamento de Ve\u00edculos Pesados: Impactos na Mobilidade e para os Motoristas O presidente Lula anunciou um aporte de R$ 21,2 bilh\u00f5es para financiar a renova\u00e7\u00e3o da frota de ve\u00edculos pesados no Brasil, em uma cerim\u00f4nia realizada no Pal\u00e1cio do Planalto. A medida faz parte do programa Move Brasil, que, &hellip;","og_url":"https:\/\/motorista.com.br\/noticias\/2026\/05\/02\/lula-revela-r-212-bi-para-financiar-caminhoes-e-onibus\/","og_site_name":"Motorista.com.br","article_published_time":"2026-05-02T08:10:28+00:00","author":"Equipe Reda\u00e7\u00e3o","twitter_card":"summary_large_image","twitter_misc":{"Escrito por":"Equipe Reda\u00e7\u00e3o","Est. tempo de leitura":"3 minutos","Written by":"Equipe Reda\u00e7\u00e3o"},"schema":{"@context":"https:\/\/schema.org","@graph":[{"@type":"Article","@id":"https:\/\/motorista.com.br\/noticias\/2026\/05\/02\/lula-revela-r-212-bi-para-financiar-caminhoes-e-onibus\/#article","isPartOf":{"@id":"https:\/\/motorista.com.br\/noticias\/2026\/05\/02\/lula-revela-r-212-bi-para-financiar-caminhoes-e-onibus\/"},"author":{"name":"Equipe Reda\u00e7\u00e3o","@id":"https:\/\/motorista.com.br\/noticias\/#\/schema\/person\/dc93afc2981c0e3ce6bc3c053fd847be"},"headline":"Lula revela R$ 21,2 bi para financiar caminh\u00f5es e \u00f4nibus.","datePublished":"2026-05-02T08:10:28+00:00","mainEntityOfPage":{"@id":"https:\/\/motorista.com.br\/noticias\/2026\/05\/02\/lula-revela-r-212-bi-para-financiar-caminhoes-e-onibus\/"},"wordCount":578,"publisher":{"@id":"https:\/\/motorista.com.br\/noticias\/#organization"},"image":{"@id":"https:\/\/motorista.com.br\/noticias\/2026\/05\/02\/lula-revela-r-212-bi-para-financiar-caminhoes-e-onibus\/#primaryimage"},"thumbnailUrl":"https:\/\/motorista.com.br\/noticias\/wp-content\/uploads\/2026\/05\/lula-assina-move-brasil-2-no-planalto-foto-ricardo-stuckert-pr.jpg","articleSection":["Mundo"],"inLanguage":"pt-BR"},{"@type":"WebPage","@id":"https:\/\/motorista.com.br\/noticias\/2026\/05\/02\/lula-revela-r-212-bi-para-financiar-caminhoes-e-onibus\/","url":"https:\/\/motorista.com.br\/noticias\/2026\/05\/02\/lula-revela-r-212-bi-para-financiar-caminhoes-e-onibus\/","name":"Lula revela R$ 21,2 bi para financiar caminh\u00f5es e \u00f4nibus. - Motorista.com.br","isPartOf":{"@id":"https:\/\/motorista.com.br\/noticias\/#website"},"primaryImageOfPage":{"@id":"https:\/\/motorista.com.br\/noticias\/2026\/05\/02\/lula-revela-r-212-bi-para-financiar-caminhoes-e-onibus\/#primaryimage"},"image":{"@id":"https:\/\/motorista.com.br\/noticias\/2026\/05\/02\/lula-revela-r-212-bi-para-financiar-caminhoes-e-onibus\/#primaryimage"},"thumbnailUrl":"https:\/\/motorista.com.br\/noticias\/wp-content\/uploads\/2026\/05\/lula-assina-move-brasil-2-no-planalto-foto-ricardo-stuckert-pr.jpg","datePublished":"2026-05-02T08:10:28+00:00","breadcrumb":{"@id":"https:\/\/motorista.com.br\/noticias\/2026\/05\/02\/lula-revela-r-212-bi-para-financiar-caminhoes-e-onibus\/#breadcrumb"},"inLanguage":"pt-BR","potentialAction":[{"@type":"ReadAction","target":["https:\/\/motorista.com.br\/noticias\/2026\/05\/02\/lula-revela-r-212-bi-para-financiar-caminhoes-e-onibus\/"]}]},{"@type":"ImageObject","inLanguage":"pt-BR","@id":"https:\/\/motorista.com.br\/noticias\/2026\/05\/02\/lula-revela-r-212-bi-para-financiar-caminhoes-e-onibus\/#primaryimage","url":"https:\/\/motorista.com.br\/noticias\/wp-content\/uploads\/2026\/05\/lula-assina-move-brasil-2-no-planalto-foto-ricardo-stuckert-pr.jpg","contentUrl":"https:\/\/motorista.com.br\/noticias\/wp-content\/uploads\/2026\/05\/lula-assina-move-brasil-2-no-planalto-foto-ricardo-stuckert-pr.jpg","width":1280,"height":984},{"@type":"BreadcrumbList","@id":"https:\/\/motorista.com.br\/noticias\/2026\/05\/02\/lula-revela-r-212-bi-para-financiar-caminhoes-e-onibus\/#breadcrumb","itemListElement":[{"@type":"ListItem","position":1,"name":"In\u00edcio","item":"https:\/\/motorista.com.br\/noticias\/"},{"@type":"ListItem","position":2,"name":"Lula revela R$ 21,2 bi para financiar caminh\u00f5es e \u00f4nibus."}]},{"@type":"WebSite","@id":"https:\/\/motorista.com.br\/noticias\/#website","url":"https:\/\/motorista.com.br\/noticias\/","name":"Motorista.com.br","description":"Not\u00edcia do Motorista","publisher":{"@id":"https:\/\/motorista.com.br\/noticias\/#organization"},"potentialAction":[{"@type":"SearchAction","target":{"@type":"EntryPoint","urlTemplate":"https:\/\/motorista.com.br\/noticias\/?s={search_term_string}"},"query-input":{"@type":"PropertyValueSpecification","valueRequired":true,"valueName":"search_term_string"}}],"inLanguage":"pt-BR"},{"@type":"Organization","@id":"https:\/\/motorista.com.br\/noticias\/#organization","name":"Motorista.com.br","url":"https:\/\/motorista.com.br\/noticias\/","logo":{"@type":"ImageObject","inLanguage":"pt-BR","@id":"https:\/\/motorista.com.br\/noticias\/#\/schema\/logo\/image\/","url":"https:\/\/motorista.com.br\/noticias\/wp-content\/uploads\/2025\/06\/Design-sem-nome-9.png","contentUrl":"https:\/\/motorista.com.br\/noticias\/wp-content\/uploads\/2025\/06\/Design-sem-nome-9.png","width":150,"height":85,"caption":"Motorista.com.br"},"image":{"@id":"https:\/\/motorista.com.br\/noticias\/#\/schema\/logo\/image\/"}},{"@type":"Person","@id":"https:\/\/motorista.com.br\/noticias\/#\/schema\/person\/dc93afc2981c0e3ce6bc3c053fd847be","name":"Equipe Reda\u00e7\u00e3o","image":{"@type":"ImageObject","inLanguage":"pt-BR","@id":"https:\/\/secure.gravatar.com\/avatar\/4f525efbf18dd2bb300ccad28bfb99d95a9465a5ba268407c8c37b37e1f28d2d?s=96&d=mm&r=g9e099043a0c61e9ae27e293b9fa75ffc","url":"https:\/\/secure.gravatar.com\/avatar\/4f525efbf18dd2bb300ccad28bfb99d95a9465a5ba268407c8c37b37e1f28d2d?s=96&d=mm&r=g","contentUrl":"https:\/\/secure.gravatar.com\/avatar\/4f525efbf18dd2bb300ccad28bfb99d95a9465a5ba268407c8c37b37e1f28d2d?s=96&d=mm&r=g","caption":"Equipe Reda\u00e7\u00e3o"},"description":"Equipe de reda\u00e7\u00e3o \u00e9 um grupo de profissionais que trabalham juntos para criar conte\u00fado escrito para Motorista.com.br","url":"https:\/\/motorista.com.br\/noticias\/author\/equiperedacao\/"}]}},"_links":{"self":[{"href":"https:\/\/motorista.com.br\/noticias\/wp-json\/wp\/v2\/posts\/9461","targetHints":{"allow":["GET"]}}],"collection":[{"href":"https:\/\/motorista.com.br\/noticias\/wp-json\/wp\/v2\/posts"}],"about":[{"href":"https:\/\/motorista.com.br\/noticias\/wp-json\/wp\/v2\/types\/post"}],"author":[{"embeddable":true,"href":"https:\/\/motorista.com.br\/noticias\/wp-json\/wp\/v2\/users\/4"}],"replies":[{"embeddable":true,"href":"https:\/\/motorista.com.br\/noticias\/wp-json\/wp\/v2\/comments?post=9461"}],"version-history":[{"count":0,"href":"https:\/\/motorista.com.br\/noticias\/wp-json\/wp\/v2\/posts\/9461\/revisions"}],"wp:featuredmedia":[{"embeddable":true,"href":"https:\/\/motorista.com.br\/noticias\/wp-json\/wp\/v2\/media\/9462"}],"wp:attachment":[{"href":"https:\/\/motorista.com.br\/noticias\/wp-json\/wp\/v2\/media?parent=9461"}],"wp:term":[{"taxonomy":"category","embeddable":true,"href":"https:\/\/motorista.com.br\/noticias\/wp-json\/wp\/v2\/categories?post=9461"},{"taxonomy":"post_tag","embeddable":true,"href":"https:\/\/motorista.com.br\/noticias\/wp-json\/wp\/v2\/tags?post=9461"},{"taxonomy":"author","embeddable":true,"href":"https:\/\/motorista.com.br\/noticias\/wp-json\/wp\/v2\/coauthors?post=9461"}],"curies":[{"name":"wp","href":"https:\/\/api.w.org\/{rel}","templated":true}]}}