{"id":9459,"date":"2026-05-02T05:08:05","date_gmt":"2026-05-02T08:08:05","guid":{"rendered":"https:\/\/motorista.com.br\/noticias\/2026\/05\/02\/55-das-notas-fiscais-de-2026-apresentavam-ibs-cbs-preenchido\/"},"modified":"2026-05-02T05:08:05","modified_gmt":"2026-05-02T08:08:05","slug":"55-das-notas-fiscais-de-2026-apresentavam-ibs-cbs-preenchido","status":"publish","type":"post","link":"https:\/\/motorista.com.br\/noticias\/2026\/05\/02\/55-das-notas-fiscais-de-2026-apresentavam-ibs-cbs-preenchido\/","title":{"rendered":"55% das notas fiscais de 2026 apresentavam IBS\/CBS preenchido"},"content":{"rendered":"<p><\/p>\n<h2>55% das Notas Fiscais em 2026 Tiveram Preenchimento de IBS\/CBS<\/h2>\n<p>Por Gabriel Benevides, de Bras\u00edlia<\/p>\n<p>Em 2026, o Brasil emitiu impressionantes 7,4 bilh\u00f5es de notas fiscais com o preenchimento dos campos do IBS (Imposto sobre Bens e Servi\u00e7os) e CBS (Contribui\u00e7\u00e3o sobre Bens e Servi\u00e7os). Esse n\u00famero representa 55% do total de 13,5 bilh\u00f5es de documentos fiscais emitidos entre janeiro e abril. Um marco significativo, considerando que 12,5 milh\u00f5es de empresas j\u00e1 estavam utilizando esses novos modelos de documentos fiscais.<\/p>\n<p>O adiamento da obrigatoriedade do preenchimento para agosto de 2026 foi um al\u00edvio crucial para muitas empresas, que precisavam de tempo extra para adaptar seus sistemas financeiros e fiscais. Originalmente, o cronograma exigia que essa mudan\u00e7a ocorresse em janeiro, mas a flexibiliza\u00e7\u00e3o permitiu que as empresas organizassem melhor suas obriga\u00e7\u00f5es tribut\u00e1rias.<\/p>\n<p>Os tributos est\u00e3o sendo apresentados nas notas fiscais com al\u00edquotas-teste de 0,9% para a CBS e 0,1% para o IBS, sendo que a cobran\u00e7a efetiva foi dispensada por meio de uma lei complementar. Essa abordagem \u00e9 considerada uma medida educativa, permitindo que empres\u00e1rios e motoristas estejam mais cientes das taxas envolvidas nas transa\u00e7\u00f5es comerciais.<\/p>\n<h3>Benef\u00edcios e Impactos nas Estradas e na Mobilidade<\/h3>\n<p>Essas mudan\u00e7as fiscais n\u00e3o afetam apenas o aspecto cont\u00e1bil das empresas, mas t\u00eam implica\u00e7\u00f5es diretas para motoristas e a mobilidade urbana. Aumentar a formaliza\u00e7\u00e3o de transa\u00e7\u00f5es pode levar a um fluxo mais eficiente de recursos, favorecendo investimentos em infraestrutura. Quando as empresas pagam seus tributos corretamente, o governo tem mais capital dispon\u00edvel para melhorar rodovias, criar mais condi\u00e7\u00f5es de seguran\u00e7a e reduzir congestionamentos \u2014 quest\u00f5es que impactam diretamente a vida dos motoristas.<\/p>\n<p>Al\u00e9m disso, o aumento da transpar\u00eancia tribut\u00e1ria pode incentivar pr\u00e1ticas mais sustent\u00e1veis nas empresas, promovendo a implementa\u00e7\u00e3o de tecnologias que minimizem o impacto ambiental no transporte. \u00c0 medida que as empresas se adaptam a essas novas normas, \u00e9 essencial que motoristas e os cidad\u00e3os se mantenham informados sobre como essas mudan\u00e7as podem afetar o custo de produtos e servi\u00e7os.<\/p>\n<p>Em resumo, a maior ades\u00e3o ao preenchimento dos campos de IBS e CBS n\u00e3o \u00e9 apenas um avan\u00e7o na formaliza\u00e7\u00e3o tribut\u00e1ria, mas tamb\u00e9m uma pe\u00e7a importante no quebra-cabe\u00e7a da mobilidade no Brasil. Com a possibilidade de melhorar as condi\u00e7\u00f5es das infraestruturas e promover um ambiente mais sustent\u00e1vel, motoristas e cidad\u00e3os t\u00eam muito a ganhar com essas transforma\u00e7\u00f5es.<\/p>\n<p><strong>Fonte:<\/strong> reformatributaria<\/p>\n","protected":false},"excerpt":{"rendered":"<p>55% das Notas Fiscais em 2026 Tiveram Preenchimento de IBS\/CBS Por Gabriel Benevides, de Bras\u00edlia Em 2026, o Brasil emitiu impressionantes 7,4 bilh\u00f5es de notas fiscais com o preenchimento dos campos do IBS (Imposto sobre Bens e Servi\u00e7os) e CBS (Contribui\u00e7\u00e3o sobre Bens e Servi\u00e7os). Esse n\u00famero representa 55% do total de 13,5 bilh\u00f5es de &hellip;<\/p>\n","protected":false},"author":4,"featured_media":9460,"comment_status":"","ping_status":"open","sticky":false,"template":"","format":"standard","meta":{"footnotes":""},"categories":[35],"tags":[],"coauthors":[42],"class_list":["post-9459","post","type-post","status-publish","format-standard","has-post-thumbnail","hentry","category-legislacao"],"yoast_head":"<!-- This site is optimized with the Yoast SEO Premium plugin v25.5 (Yoast SEO v27.5) - https:\/\/yoast.com\/product\/yoast-seo-premium-wordpress\/ -->\n<title>55% das notas fiscais de 2026 apresentavam IBS\/CBS preenchido - Motorista.com.br<\/title>\n<meta name=\"robots\" content=\"index, follow, max-snippet:-1, max-image-preview:large, max-video-preview:-1\" \/>\n<link rel=\"canonical\" href=\"https:\/\/motorista.com.br\/noticias\/2026\/05\/02\/55-das-notas-fiscais-de-2026-apresentavam-ibs-cbs-preenchido\/\" \/>\n<meta property=\"og:locale\" content=\"pt_BR\" \/>\n<meta property=\"og:type\" content=\"article\" \/>\n<meta property=\"og:title\" content=\"55% das notas fiscais de 2026 apresentavam IBS\/CBS preenchido\" \/>\n<meta property=\"og:description\" content=\"55% das Notas Fiscais em 2026 Tiveram Preenchimento de IBS\/CBS Por Gabriel Benevides, de Bras\u00edlia Em 2026, o Brasil emitiu impressionantes 7,4 bilh\u00f5es de notas fiscais com o preenchimento dos campos do IBS (Imposto sobre Bens e Servi\u00e7os) e CBS (Contribui\u00e7\u00e3o sobre Bens e Servi\u00e7os). Esse n\u00famero representa 55% do total de 13,5 bilh\u00f5es de &hellip;\" \/>\n<meta property=\"og:url\" content=\"https:\/\/motorista.com.br\/noticias\/2026\/05\/02\/55-das-notas-fiscais-de-2026-apresentavam-ibs-cbs-preenchido\/\" \/>\n<meta property=\"og:site_name\" content=\"Motorista.com.br\" \/>\n<meta property=\"article:published_time\" content=\"2026-05-02T08:08:05+00:00\" \/>\n<meta name=\"author\" content=\"Equipe Reda\u00e7\u00e3o\" \/>\n<meta name=\"twitter:card\" content=\"summary_large_image\" \/>\n<meta name=\"twitter:label1\" content=\"Escrito por\" \/>\n\t<meta name=\"twitter:data1\" content=\"Equipe Reda\u00e7\u00e3o\" \/>\n\t<meta name=\"twitter:label2\" content=\"Est. tempo de leitura\" \/>\n\t<meta name=\"twitter:data2\" content=\"2 minutos\" \/>\n\t<meta name=\"twitter:label3\" content=\"Written by\" \/>\n\t<meta name=\"twitter:data3\" content=\"Equipe Reda\u00e7\u00e3o\" \/>\n<script type=\"application\/ld+json\" class=\"yoast-schema-graph\">{\"@context\":\"https:\\\/\\\/schema.org\",\"@graph\":[{\"@type\":\"Article\",\"@id\":\"https:\\\/\\\/motorista.com.br\\\/noticias\\\/2026\\\/05\\\/02\\\/55-das-notas-fiscais-de-2026-apresentavam-ibs-cbs-preenchido\\\/#article\",\"isPartOf\":{\"@id\":\"https:\\\/\\\/motorista.com.br\\\/noticias\\\/2026\\\/05\\\/02\\\/55-das-notas-fiscais-de-2026-apresentavam-ibs-cbs-preenchido\\\/\"},\"author\":{\"name\":\"Equipe Reda\u00e7\u00e3o\",\"@id\":\"https:\\\/\\\/motorista.com.br\\\/noticias\\\/#\\\/schema\\\/person\\\/dc93afc2981c0e3ce6bc3c053fd847be\"},\"headline\":\"55% das notas fiscais de 2026 apresentavam IBS\\\/CBS preenchido\",\"datePublished\":\"2026-05-02T08:08:05+00:00\",\"mainEntityOfPage\":{\"@id\":\"https:\\\/\\\/motorista.com.br\\\/noticias\\\/2026\\\/05\\\/02\\\/55-das-notas-fiscais-de-2026-apresentavam-ibs-cbs-preenchido\\\/\"},\"wordCount\":429,\"publisher\":{\"@id\":\"https:\\\/\\\/motorista.com.br\\\/noticias\\\/#organization\"},\"image\":{\"@id\":\"https:\\\/\\\/motorista.com.br\\\/noticias\\\/2026\\\/05\\\/02\\\/55-das-notas-fiscais-de-2026-apresentavam-ibs-cbs-preenchido\\\/#primaryimage\"},\"thumbnailUrl\":\"https:\\\/\\\/motorista.com.br\\\/noticias\\\/wp-content\\\/uploads\\\/2026\\\/05\\\/receitafederal-nfe-nota-fiscal-eletronica-1024x655-1.jpg\",\"articleSection\":[\"Legisla\u00e7\u00e3o\"],\"inLanguage\":\"pt-BR\"},{\"@type\":\"WebPage\",\"@id\":\"https:\\\/\\\/motorista.com.br\\\/noticias\\\/2026\\\/05\\\/02\\\/55-das-notas-fiscais-de-2026-apresentavam-ibs-cbs-preenchido\\\/\",\"url\":\"https:\\\/\\\/motorista.com.br\\\/noticias\\\/2026\\\/05\\\/02\\\/55-das-notas-fiscais-de-2026-apresentavam-ibs-cbs-preenchido\\\/\",\"name\":\"55% das notas fiscais de 2026 apresentavam IBS\\\/CBS preenchido - Motorista.com.br\",\"isPartOf\":{\"@id\":\"https:\\\/\\\/motorista.com.br\\\/noticias\\\/#website\"},\"primaryImageOfPage\":{\"@id\":\"https:\\\/\\\/motorista.com.br\\\/noticias\\\/2026\\\/05\\\/02\\\/55-das-notas-fiscais-de-2026-apresentavam-ibs-cbs-preenchido\\\/#primaryimage\"},\"image\":{\"@id\":\"https:\\\/\\\/motorista.com.br\\\/noticias\\\/2026\\\/05\\\/02\\\/55-das-notas-fiscais-de-2026-apresentavam-ibs-cbs-preenchido\\\/#primaryimage\"},\"thumbnailUrl\":\"https:\\\/\\\/motorista.com.br\\\/noticias\\\/wp-content\\\/uploads\\\/2026\\\/05\\\/receitafederal-nfe-nota-fiscal-eletronica-1024x655-1.jpg\",\"datePublished\":\"2026-05-02T08:08:05+00:00\",\"breadcrumb\":{\"@id\":\"https:\\\/\\\/motorista.com.br\\\/noticias\\\/2026\\\/05\\\/02\\\/55-das-notas-fiscais-de-2026-apresentavam-ibs-cbs-preenchido\\\/#breadcrumb\"},\"inLanguage\":\"pt-BR\",\"potentialAction\":[{\"@type\":\"ReadAction\",\"target\":[\"https:\\\/\\\/motorista.com.br\\\/noticias\\\/2026\\\/05\\\/02\\\/55-das-notas-fiscais-de-2026-apresentavam-ibs-cbs-preenchido\\\/\"]}]},{\"@type\":\"ImageObject\",\"inLanguage\":\"pt-BR\",\"@id\":\"https:\\\/\\\/motorista.com.br\\\/noticias\\\/2026\\\/05\\\/02\\\/55-das-notas-fiscais-de-2026-apresentavam-ibs-cbs-preenchido\\\/#primaryimage\",\"url\":\"https:\\\/\\\/motorista.com.br\\\/noticias\\\/wp-content\\\/uploads\\\/2026\\\/05\\\/receitafederal-nfe-nota-fiscal-eletronica-1024x655-1.jpg\",\"contentUrl\":\"https:\\\/\\\/motorista.com.br\\\/noticias\\\/wp-content\\\/uploads\\\/2026\\\/05\\\/receitafederal-nfe-nota-fiscal-eletronica-1024x655-1.jpg\",\"width\":1024,\"height\":655},{\"@type\":\"BreadcrumbList\",\"@id\":\"https:\\\/\\\/motorista.com.br\\\/noticias\\\/2026\\\/05\\\/02\\\/55-das-notas-fiscais-de-2026-apresentavam-ibs-cbs-preenchido\\\/#breadcrumb\",\"itemListElement\":[{\"@type\":\"ListItem\",\"position\":1,\"name\":\"In\u00edcio\",\"item\":\"https:\\\/\\\/motorista.com.br\\\/noticias\\\/\"},{\"@type\":\"ListItem\",\"position\":2,\"name\":\"55% das notas fiscais de 2026 apresentavam IBS\\\/CBS preenchido\"}]},{\"@type\":\"WebSite\",\"@id\":\"https:\\\/\\\/motorista.com.br\\\/noticias\\\/#website\",\"url\":\"https:\\\/\\\/motorista.com.br\\\/noticias\\\/\",\"name\":\"Motorista.com.br\",\"description\":\"Not\u00edcia do Motorista\",\"publisher\":{\"@id\":\"https:\\\/\\\/motorista.com.br\\\/noticias\\\/#organization\"},\"potentialAction\":[{\"@type\":\"SearchAction\",\"target\":{\"@type\":\"EntryPoint\",\"urlTemplate\":\"https:\\\/\\\/motorista.com.br\\\/noticias\\\/?s={search_term_string}\"},\"query-input\":{\"@type\":\"PropertyValueSpecification\",\"valueRequired\":true,\"valueName\":\"search_term_string\"}}],\"inLanguage\":\"pt-BR\"},{\"@type\":\"Organization\",\"@id\":\"https:\\\/\\\/motorista.com.br\\\/noticias\\\/#organization\",\"name\":\"Motorista.com.br\",\"url\":\"https:\\\/\\\/motorista.com.br\\\/noticias\\\/\",\"logo\":{\"@type\":\"ImageObject\",\"inLanguage\":\"pt-BR\",\"@id\":\"https:\\\/\\\/motorista.com.br\\\/noticias\\\/#\\\/schema\\\/logo\\\/image\\\/\",\"url\":\"https:\\\/\\\/motorista.com.br\\\/noticias\\\/wp-content\\\/uploads\\\/2025\\\/06\\\/Design-sem-nome-9.png\",\"contentUrl\":\"https:\\\/\\\/motorista.com.br\\\/noticias\\\/wp-content\\\/uploads\\\/2025\\\/06\\\/Design-sem-nome-9.png\",\"width\":150,\"height\":85,\"caption\":\"Motorista.com.br\"},\"image\":{\"@id\":\"https:\\\/\\\/motorista.com.br\\\/noticias\\\/#\\\/schema\\\/logo\\\/image\\\/\"}},{\"@type\":\"Person\",\"@id\":\"https:\\\/\\\/motorista.com.br\\\/noticias\\\/#\\\/schema\\\/person\\\/dc93afc2981c0e3ce6bc3c053fd847be\",\"name\":\"Equipe Reda\u00e7\u00e3o\",\"image\":{\"@type\":\"ImageObject\",\"inLanguage\":\"pt-BR\",\"@id\":\"https:\\\/\\\/secure.gravatar.com\\\/avatar\\\/4f525efbf18dd2bb300ccad28bfb99d95a9465a5ba268407c8c37b37e1f28d2d?s=96&d=mm&r=g9e099043a0c61e9ae27e293b9fa75ffc\",\"url\":\"https:\\\/\\\/secure.gravatar.com\\\/avatar\\\/4f525efbf18dd2bb300ccad28bfb99d95a9465a5ba268407c8c37b37e1f28d2d?s=96&d=mm&r=g\",\"contentUrl\":\"https:\\\/\\\/secure.gravatar.com\\\/avatar\\\/4f525efbf18dd2bb300ccad28bfb99d95a9465a5ba268407c8c37b37e1f28d2d?s=96&d=mm&r=g\",\"caption\":\"Equipe Reda\u00e7\u00e3o\"},\"description\":\"Equipe de reda\u00e7\u00e3o \u00e9 um grupo de profissionais que trabalham juntos para criar conte\u00fado escrito para Motorista.com.br\",\"url\":\"https:\\\/\\\/motorista.com.br\\\/noticias\\\/author\\\/equiperedacao\\\/\"}]}<\/script>\n<!-- \/ Yoast SEO Premium plugin. -->","yoast_head_json":{"title":"55% das notas fiscais de 2026 apresentavam IBS\/CBS preenchido - Motorista.com.br","robots":{"index":"index","follow":"follow","max-snippet":"max-snippet:-1","max-image-preview":"max-image-preview:large","max-video-preview":"max-video-preview:-1"},"canonical":"https:\/\/motorista.com.br\/noticias\/2026\/05\/02\/55-das-notas-fiscais-de-2026-apresentavam-ibs-cbs-preenchido\/","og_locale":"pt_BR","og_type":"article","og_title":"55% das notas fiscais de 2026 apresentavam IBS\/CBS preenchido","og_description":"55% das Notas Fiscais em 2026 Tiveram Preenchimento de IBS\/CBS Por Gabriel Benevides, de Bras\u00edlia Em 2026, o Brasil emitiu impressionantes 7,4 bilh\u00f5es de notas fiscais com o preenchimento dos campos do IBS (Imposto sobre Bens e Servi\u00e7os) e CBS (Contribui\u00e7\u00e3o sobre Bens e Servi\u00e7os). Esse n\u00famero representa 55% do total de 13,5 bilh\u00f5es de &hellip;","og_url":"https:\/\/motorista.com.br\/noticias\/2026\/05\/02\/55-das-notas-fiscais-de-2026-apresentavam-ibs-cbs-preenchido\/","og_site_name":"Motorista.com.br","article_published_time":"2026-05-02T08:08:05+00:00","author":"Equipe Reda\u00e7\u00e3o","twitter_card":"summary_large_image","twitter_misc":{"Escrito por":"Equipe Reda\u00e7\u00e3o","Est. tempo de leitura":"2 minutos","Written by":"Equipe Reda\u00e7\u00e3o"},"schema":{"@context":"https:\/\/schema.org","@graph":[{"@type":"Article","@id":"https:\/\/motorista.com.br\/noticias\/2026\/05\/02\/55-das-notas-fiscais-de-2026-apresentavam-ibs-cbs-preenchido\/#article","isPartOf":{"@id":"https:\/\/motorista.com.br\/noticias\/2026\/05\/02\/55-das-notas-fiscais-de-2026-apresentavam-ibs-cbs-preenchido\/"},"author":{"name":"Equipe Reda\u00e7\u00e3o","@id":"https:\/\/motorista.com.br\/noticias\/#\/schema\/person\/dc93afc2981c0e3ce6bc3c053fd847be"},"headline":"55% das notas fiscais de 2026 apresentavam IBS\/CBS preenchido","datePublished":"2026-05-02T08:08:05+00:00","mainEntityOfPage":{"@id":"https:\/\/motorista.com.br\/noticias\/2026\/05\/02\/55-das-notas-fiscais-de-2026-apresentavam-ibs-cbs-preenchido\/"},"wordCount":429,"publisher":{"@id":"https:\/\/motorista.com.br\/noticias\/#organization"},"image":{"@id":"https:\/\/motorista.com.br\/noticias\/2026\/05\/02\/55-das-notas-fiscais-de-2026-apresentavam-ibs-cbs-preenchido\/#primaryimage"},"thumbnailUrl":"https:\/\/motorista.com.br\/noticias\/wp-content\/uploads\/2026\/05\/receitafederal-nfe-nota-fiscal-eletronica-1024x655-1.jpg","articleSection":["Legisla\u00e7\u00e3o"],"inLanguage":"pt-BR"},{"@type":"WebPage","@id":"https:\/\/motorista.com.br\/noticias\/2026\/05\/02\/55-das-notas-fiscais-de-2026-apresentavam-ibs-cbs-preenchido\/","url":"https:\/\/motorista.com.br\/noticias\/2026\/05\/02\/55-das-notas-fiscais-de-2026-apresentavam-ibs-cbs-preenchido\/","name":"55% das notas fiscais de 2026 apresentavam IBS\/CBS preenchido - Motorista.com.br","isPartOf":{"@id":"https:\/\/motorista.com.br\/noticias\/#website"},"primaryImageOfPage":{"@id":"https:\/\/motorista.com.br\/noticias\/2026\/05\/02\/55-das-notas-fiscais-de-2026-apresentavam-ibs-cbs-preenchido\/#primaryimage"},"image":{"@id":"https:\/\/motorista.com.br\/noticias\/2026\/05\/02\/55-das-notas-fiscais-de-2026-apresentavam-ibs-cbs-preenchido\/#primaryimage"},"thumbnailUrl":"https:\/\/motorista.com.br\/noticias\/wp-content\/uploads\/2026\/05\/receitafederal-nfe-nota-fiscal-eletronica-1024x655-1.jpg","datePublished":"2026-05-02T08:08:05+00:00","breadcrumb":{"@id":"https:\/\/motorista.com.br\/noticias\/2026\/05\/02\/55-das-notas-fiscais-de-2026-apresentavam-ibs-cbs-preenchido\/#breadcrumb"},"inLanguage":"pt-BR","potentialAction":[{"@type":"ReadAction","target":["https:\/\/motorista.com.br\/noticias\/2026\/05\/02\/55-das-notas-fiscais-de-2026-apresentavam-ibs-cbs-preenchido\/"]}]},{"@type":"ImageObject","inLanguage":"pt-BR","@id":"https:\/\/motorista.com.br\/noticias\/2026\/05\/02\/55-das-notas-fiscais-de-2026-apresentavam-ibs-cbs-preenchido\/#primaryimage","url":"https:\/\/motorista.com.br\/noticias\/wp-content\/uploads\/2026\/05\/receitafederal-nfe-nota-fiscal-eletronica-1024x655-1.jpg","contentUrl":"https:\/\/motorista.com.br\/noticias\/wp-content\/uploads\/2026\/05\/receitafederal-nfe-nota-fiscal-eletronica-1024x655-1.jpg","width":1024,"height":655},{"@type":"BreadcrumbList","@id":"https:\/\/motorista.com.br\/noticias\/2026\/05\/02\/55-das-notas-fiscais-de-2026-apresentavam-ibs-cbs-preenchido\/#breadcrumb","itemListElement":[{"@type":"ListItem","position":1,"name":"In\u00edcio","item":"https:\/\/motorista.com.br\/noticias\/"},{"@type":"ListItem","position":2,"name":"55% das notas fiscais de 2026 apresentavam IBS\/CBS preenchido"}]},{"@type":"WebSite","@id":"https:\/\/motorista.com.br\/noticias\/#website","url":"https:\/\/motorista.com.br\/noticias\/","name":"Motorista.com.br","description":"Not\u00edcia do Motorista","publisher":{"@id":"https:\/\/motorista.com.br\/noticias\/#organization"},"potentialAction":[{"@type":"SearchAction","target":{"@type":"EntryPoint","urlTemplate":"https:\/\/motorista.com.br\/noticias\/?s={search_term_string}"},"query-input":{"@type":"PropertyValueSpecification","valueRequired":true,"valueName":"search_term_string"}}],"inLanguage":"pt-BR"},{"@type":"Organization","@id":"https:\/\/motorista.com.br\/noticias\/#organization","name":"Motorista.com.br","url":"https:\/\/motorista.com.br\/noticias\/","logo":{"@type":"ImageObject","inLanguage":"pt-BR","@id":"https:\/\/motorista.com.br\/noticias\/#\/schema\/logo\/image\/","url":"https:\/\/motorista.com.br\/noticias\/wp-content\/uploads\/2025\/06\/Design-sem-nome-9.png","contentUrl":"https:\/\/motorista.com.br\/noticias\/wp-content\/uploads\/2025\/06\/Design-sem-nome-9.png","width":150,"height":85,"caption":"Motorista.com.br"},"image":{"@id":"https:\/\/motorista.com.br\/noticias\/#\/schema\/logo\/image\/"}},{"@type":"Person","@id":"https:\/\/motorista.com.br\/noticias\/#\/schema\/person\/dc93afc2981c0e3ce6bc3c053fd847be","name":"Equipe Reda\u00e7\u00e3o","image":{"@type":"ImageObject","inLanguage":"pt-BR","@id":"https:\/\/secure.gravatar.com\/avatar\/4f525efbf18dd2bb300ccad28bfb99d95a9465a5ba268407c8c37b37e1f28d2d?s=96&d=mm&r=g9e099043a0c61e9ae27e293b9fa75ffc","url":"https:\/\/secure.gravatar.com\/avatar\/4f525efbf18dd2bb300ccad28bfb99d95a9465a5ba268407c8c37b37e1f28d2d?s=96&d=mm&r=g","contentUrl":"https:\/\/secure.gravatar.com\/avatar\/4f525efbf18dd2bb300ccad28bfb99d95a9465a5ba268407c8c37b37e1f28d2d?s=96&d=mm&r=g","caption":"Equipe Reda\u00e7\u00e3o"},"description":"Equipe de reda\u00e7\u00e3o \u00e9 um grupo de profissionais que trabalham juntos para criar conte\u00fado escrito para Motorista.com.br","url":"https:\/\/motorista.com.br\/noticias\/author\/equiperedacao\/"}]}},"_links":{"self":[{"href":"https:\/\/motorista.com.br\/noticias\/wp-json\/wp\/v2\/posts\/9459","targetHints":{"allow":["GET"]}}],"collection":[{"href":"https:\/\/motorista.com.br\/noticias\/wp-json\/wp\/v2\/posts"}],"about":[{"href":"https:\/\/motorista.com.br\/noticias\/wp-json\/wp\/v2\/types\/post"}],"author":[{"embeddable":true,"href":"https:\/\/motorista.com.br\/noticias\/wp-json\/wp\/v2\/users\/4"}],"replies":[{"embeddable":true,"href":"https:\/\/motorista.com.br\/noticias\/wp-json\/wp\/v2\/comments?post=9459"}],"version-history":[{"count":0,"href":"https:\/\/motorista.com.br\/noticias\/wp-json\/wp\/v2\/posts\/9459\/revisions"}],"wp:featuredmedia":[{"embeddable":true,"href":"https:\/\/motorista.com.br\/noticias\/wp-json\/wp\/v2\/media\/9460"}],"wp:attachment":[{"href":"https:\/\/motorista.com.br\/noticias\/wp-json\/wp\/v2\/media?parent=9459"}],"wp:term":[{"taxonomy":"category","embeddable":true,"href":"https:\/\/motorista.com.br\/noticias\/wp-json\/wp\/v2\/categories?post=9459"},{"taxonomy":"post_tag","embeddable":true,"href":"https:\/\/motorista.com.br\/noticias\/wp-json\/wp\/v2\/tags?post=9459"},{"taxonomy":"author","embeddable":true,"href":"https:\/\/motorista.com.br\/noticias\/wp-json\/wp\/v2\/coauthors?post=9459"}],"curies":[{"name":"wp","href":"https:\/\/api.w.org\/{rel}","templated":true}]}}