{"id":9457,"date":"2026-05-02T01:16:10","date_gmt":"2026-05-02T04:16:10","guid":{"rendered":"https:\/\/motorista.com.br\/noticias\/2026\/05\/02\/justica-congela-ativos-de-transportadora-por-desvio-na-recuperacao-judicial\/"},"modified":"2026-05-02T01:16:10","modified_gmt":"2026-05-02T04:16:10","slug":"justica-congela-ativos-de-transportadora-por-desvio-na-recuperacao-judicial","status":"publish","type":"post","link":"https:\/\/motorista.com.br\/noticias\/2026\/05\/02\/justica-congela-ativos-de-transportadora-por-desvio-na-recuperacao-judicial\/","title":{"rendered":"Justi\u00e7a congela ativos de transportadora por desvio na recupera\u00e7\u00e3o judicial."},"content":{"rendered":"<p><\/p>\n<h3>Justi\u00e7a Bloqueia Bens de Transportadora Acusada de Desvio de Frota Durante Recupera\u00e7\u00e3o Judicial<\/h3>\n<p>Uma recente decis\u00e3o judicial em Mato Grosso resultou no bloqueio dos bens de uma transportadora, que enfrenta s\u00e9rias acusa\u00e7\u00f5es de irregularidades durante seu processo de recupera\u00e7\u00e3o judicial. Com d\u00edvidas que alcan\u00e7am R$ 17 milh\u00f5es, a medida visa proteger os ativos da empresa e garantir que o patrim\u00f4nio n\u00e3o seja dilapidado.<\/p>\n<p>O bloqueio abrange 21 ve\u00edculos, estabelecendo restri\u00e7\u00f5es que pro\u00edbem sua venda ou transfer\u00eancia. Essa a\u00e7\u00e3o foi desencadeada por den\u00fancias de credores que afirmam que a maior parte da frota foi indevidamente transferida para outras empresas criadas pelos s\u00f3cios, em clara viola\u00e7\u00e3o das normas judiciais. Esse tipo de comportamento, que se d\u00e1 sem a autoriza\u00e7\u00e3o dos tribunais e sem comunicar os credores, compromete n\u00e3o apenas a recupera\u00e7\u00e3o da empresa, mas tamb\u00e9m a confian\u00e7a no sistema de recupera\u00e7\u00e3o judicial como um todo.<\/p>\n<h3>Impactos para Motoristas e Mobilidade Geral<\/h3>\n<p>A situa\u00e7\u00e3o revela uma quest\u00e3o crucial para motoristas e o mercado de transporte: a integridade das opera\u00e7\u00f5es de transportadoras \u00e9 vital para a mobilidade e a seguran\u00e7a das cadeias log\u00edsticas. O desvio de bens pode resultar em um cen\u00e1rio em que falta de ve\u00edculos operacionais provoque atrasos e inefici\u00eancias nas entregas, impactando diretamente motoristas que dependem dessas empresas para garantir sua renda.<\/p>\n<p>Al\u00e9m disso, a falta de transpar\u00eancia nas opera\u00e7\u00f5es das transportadoras pode gerar um efeito domin\u00f3 sobre o setor de transporte. Se a confian\u00e7a nas empresas diminu\u00edrem devido a casos como este, motoristas e colaboradores podem hesitar em embarcar em novas parcerias, o que resulta em menor competitividade e, potencialmente, menos oportunidades de emprego.<\/p>\n<p>A continua\u00e7\u00e3o das investiga\u00e7\u00f5es e o cumprimento das determina\u00e7\u00f5es judiciais s\u00e3o passos necess\u00e1rios para restaurar a confian\u00e7a no setor. Para motoristas e outras partes interessadas, ver a Justi\u00e7a agir em casos de desvio de ativos \u00e9 um sinal de que o sistema legal pode ainda ser uma salvaguarda contra pr\u00e1ticas fraudulentas, assegurando um ambiente de neg\u00f3cios mais justo e competitivo.<\/p>\n<p>Em suma, o bloqueio dos bens da transportadora n\u00e3o \u00e9 apenas uma quest\u00e3o legal; \u00e9 um lembrete da import\u00e2ncia da \u00e9tica e da transpar\u00eancia no setor de transporte, repercutindo diretamente na mobilidade e na estabilidade econ\u00f4mica de todos os envolvidos.<\/p>\n","protected":false},"excerpt":{"rendered":"<p>Justi\u00e7a Bloqueia Bens de Transportadora Acusada de Desvio de Frota Durante Recupera\u00e7\u00e3o Judicial Uma recente decis\u00e3o judicial em Mato Grosso resultou no bloqueio dos bens de uma transportadora, que enfrenta s\u00e9rias acusa\u00e7\u00f5es de irregularidades durante seu processo de recupera\u00e7\u00e3o judicial. Com d\u00edvidas que alcan\u00e7am R$ 17 milh\u00f5es, a medida visa proteger os ativos da empresa &hellip;<\/p>\n","protected":false},"author":4,"featured_media":9458,"comment_status":"","ping_status":"open","sticky":false,"template":"","format":"standard","meta":{"footnotes":""},"categories":[78,77],"tags":[],"coauthors":[42],"class_list":["post-9457","post","type-post","status-publish","format-standard","has-post-thumbnail","hentry","category-carreteiro","category-motorista"],"yoast_head":"<!-- This site is optimized with the Yoast SEO Premium plugin v25.5 (Yoast SEO v27.5) - https:\/\/yoast.com\/product\/yoast-seo-premium-wordpress\/ -->\n<title>Justi\u00e7a congela ativos de transportadora por desvio na recupera\u00e7\u00e3o judicial. - Motorista.com.br<\/title>\n<meta name=\"robots\" content=\"index, follow, max-snippet:-1, max-image-preview:large, max-video-preview:-1\" \/>\n<link rel=\"canonical\" href=\"https:\/\/motorista.com.br\/noticias\/2026\/05\/02\/justica-congela-ativos-de-transportadora-por-desvio-na-recuperacao-judicial\/\" \/>\n<meta property=\"og:locale\" content=\"pt_BR\" \/>\n<meta property=\"og:type\" content=\"article\" \/>\n<meta property=\"og:title\" content=\"Justi\u00e7a congela ativos de transportadora por desvio na recupera\u00e7\u00e3o judicial.\" \/>\n<meta property=\"og:description\" content=\"Justi\u00e7a Bloqueia Bens de Transportadora Acusada de Desvio de Frota Durante Recupera\u00e7\u00e3o Judicial Uma recente decis\u00e3o judicial em Mato Grosso resultou no bloqueio dos bens de uma transportadora, que enfrenta s\u00e9rias acusa\u00e7\u00f5es de irregularidades durante seu processo de recupera\u00e7\u00e3o judicial. Com d\u00edvidas que alcan\u00e7am R$ 17 milh\u00f5es, a medida visa proteger os ativos da empresa &hellip;\" \/>\n<meta property=\"og:url\" content=\"https:\/\/motorista.com.br\/noticias\/2026\/05\/02\/justica-congela-ativos-de-transportadora-por-desvio-na-recuperacao-judicial\/\" \/>\n<meta property=\"og:site_name\" content=\"Motorista.com.br\" \/>\n<meta property=\"article:published_time\" content=\"2026-05-02T04:16:10+00:00\" \/>\n<meta name=\"author\" content=\"Equipe Reda\u00e7\u00e3o\" \/>\n<meta name=\"twitter:card\" content=\"summary_large_image\" \/>\n<meta name=\"twitter:label1\" content=\"Escrito por\" \/>\n\t<meta name=\"twitter:data1\" content=\"Equipe Reda\u00e7\u00e3o\" \/>\n\t<meta name=\"twitter:label2\" content=\"Est. tempo de leitura\" \/>\n\t<meta name=\"twitter:data2\" content=\"2 minutos\" \/>\n\t<meta name=\"twitter:label3\" content=\"Written by\" \/>\n\t<meta name=\"twitter:data3\" content=\"Equipe Reda\u00e7\u00e3o\" \/>\n<script type=\"application\/ld+json\" class=\"yoast-schema-graph\">{\"@context\":\"https:\\\/\\\/schema.org\",\"@graph\":[{\"@type\":\"Article\",\"@id\":\"https:\\\/\\\/motorista.com.br\\\/noticias\\\/2026\\\/05\\\/02\\\/justica-congela-ativos-de-transportadora-por-desvio-na-recuperacao-judicial\\\/#article\",\"isPartOf\":{\"@id\":\"https:\\\/\\\/motorista.com.br\\\/noticias\\\/2026\\\/05\\\/02\\\/justica-congela-ativos-de-transportadora-por-desvio-na-recuperacao-judicial\\\/\"},\"author\":{\"name\":\"Equipe Reda\u00e7\u00e3o\",\"@id\":\"https:\\\/\\\/motorista.com.br\\\/noticias\\\/#\\\/schema\\\/person\\\/dc93afc2981c0e3ce6bc3c053fd847be\"},\"headline\":\"Justi\u00e7a congela ativos de transportadora por desvio na recupera\u00e7\u00e3o judicial.\",\"datePublished\":\"2026-05-02T04:16:10+00:00\",\"mainEntityOfPage\":{\"@id\":\"https:\\\/\\\/motorista.com.br\\\/noticias\\\/2026\\\/05\\\/02\\\/justica-congela-ativos-de-transportadora-por-desvio-na-recuperacao-judicial\\\/\"},\"wordCount\":422,\"publisher\":{\"@id\":\"https:\\\/\\\/motorista.com.br\\\/noticias\\\/#organization\"},\"image\":{\"@id\":\"https:\\\/\\\/motorista.com.br\\\/noticias\\\/2026\\\/05\\\/02\\\/justica-congela-ativos-de-transportadora-por-desvio-na-recuperacao-judicial\\\/#primaryimage\"},\"thumbnailUrl\":\"https:\\\/\\\/motorista.com.br\\\/noticias\\\/wp-content\\\/uploads\\\/2026\\\/05\\\/frota-de-caminhoes-estacionados.jpg\",\"articleSection\":[\"Carreteiro\",\"Motorista\"],\"inLanguage\":\"pt-BR\"},{\"@type\":\"WebPage\",\"@id\":\"https:\\\/\\\/motorista.com.br\\\/noticias\\\/2026\\\/05\\\/02\\\/justica-congela-ativos-de-transportadora-por-desvio-na-recuperacao-judicial\\\/\",\"url\":\"https:\\\/\\\/motorista.com.br\\\/noticias\\\/2026\\\/05\\\/02\\\/justica-congela-ativos-de-transportadora-por-desvio-na-recuperacao-judicial\\\/\",\"name\":\"Justi\u00e7a congela ativos de transportadora por desvio na recupera\u00e7\u00e3o judicial. - Motorista.com.br\",\"isPartOf\":{\"@id\":\"https:\\\/\\\/motorista.com.br\\\/noticias\\\/#website\"},\"primaryImageOfPage\":{\"@id\":\"https:\\\/\\\/motorista.com.br\\\/noticias\\\/2026\\\/05\\\/02\\\/justica-congela-ativos-de-transportadora-por-desvio-na-recuperacao-judicial\\\/#primaryimage\"},\"image\":{\"@id\":\"https:\\\/\\\/motorista.com.br\\\/noticias\\\/2026\\\/05\\\/02\\\/justica-congela-ativos-de-transportadora-por-desvio-na-recuperacao-judicial\\\/#primaryimage\"},\"thumbnailUrl\":\"https:\\\/\\\/motorista.com.br\\\/noticias\\\/wp-content\\\/uploads\\\/2026\\\/05\\\/frota-de-caminhoes-estacionados.jpg\",\"datePublished\":\"2026-05-02T04:16:10+00:00\",\"breadcrumb\":{\"@id\":\"https:\\\/\\\/motorista.com.br\\\/noticias\\\/2026\\\/05\\\/02\\\/justica-congela-ativos-de-transportadora-por-desvio-na-recuperacao-judicial\\\/#breadcrumb\"},\"inLanguage\":\"pt-BR\",\"potentialAction\":[{\"@type\":\"ReadAction\",\"target\":[\"https:\\\/\\\/motorista.com.br\\\/noticias\\\/2026\\\/05\\\/02\\\/justica-congela-ativos-de-transportadora-por-desvio-na-recuperacao-judicial\\\/\"]}]},{\"@type\":\"ImageObject\",\"inLanguage\":\"pt-BR\",\"@id\":\"https:\\\/\\\/motorista.com.br\\\/noticias\\\/2026\\\/05\\\/02\\\/justica-congela-ativos-de-transportadora-por-desvio-na-recuperacao-judicial\\\/#primaryimage\",\"url\":\"https:\\\/\\\/motorista.com.br\\\/noticias\\\/wp-content\\\/uploads\\\/2026\\\/05\\\/frota-de-caminhoes-estacionados.jpg\",\"contentUrl\":\"https:\\\/\\\/motorista.com.br\\\/noticias\\\/wp-content\\\/uploads\\\/2026\\\/05\\\/frota-de-caminhoes-estacionados.jpg\",\"width\":1200,\"height\":982},{\"@type\":\"BreadcrumbList\",\"@id\":\"https:\\\/\\\/motorista.com.br\\\/noticias\\\/2026\\\/05\\\/02\\\/justica-congela-ativos-de-transportadora-por-desvio-na-recuperacao-judicial\\\/#breadcrumb\",\"itemListElement\":[{\"@type\":\"ListItem\",\"position\":1,\"name\":\"In\u00edcio\",\"item\":\"https:\\\/\\\/motorista.com.br\\\/noticias\\\/\"},{\"@type\":\"ListItem\",\"position\":2,\"name\":\"Justi\u00e7a congela ativos de transportadora por desvio na recupera\u00e7\u00e3o judicial.\"}]},{\"@type\":\"WebSite\",\"@id\":\"https:\\\/\\\/motorista.com.br\\\/noticias\\\/#website\",\"url\":\"https:\\\/\\\/motorista.com.br\\\/noticias\\\/\",\"name\":\"Motorista.com.br\",\"description\":\"Not\u00edcia do Motorista\",\"publisher\":{\"@id\":\"https:\\\/\\\/motorista.com.br\\\/noticias\\\/#organization\"},\"potentialAction\":[{\"@type\":\"SearchAction\",\"target\":{\"@type\":\"EntryPoint\",\"urlTemplate\":\"https:\\\/\\\/motorista.com.br\\\/noticias\\\/?s={search_term_string}\"},\"query-input\":{\"@type\":\"PropertyValueSpecification\",\"valueRequired\":true,\"valueName\":\"search_term_string\"}}],\"inLanguage\":\"pt-BR\"},{\"@type\":\"Organization\",\"@id\":\"https:\\\/\\\/motorista.com.br\\\/noticias\\\/#organization\",\"name\":\"Motorista.com.br\",\"url\":\"https:\\\/\\\/motorista.com.br\\\/noticias\\\/\",\"logo\":{\"@type\":\"ImageObject\",\"inLanguage\":\"pt-BR\",\"@id\":\"https:\\\/\\\/motorista.com.br\\\/noticias\\\/#\\\/schema\\\/logo\\\/image\\\/\",\"url\":\"https:\\\/\\\/motorista.com.br\\\/noticias\\\/wp-content\\\/uploads\\\/2025\\\/06\\\/Design-sem-nome-9.png\",\"contentUrl\":\"https:\\\/\\\/motorista.com.br\\\/noticias\\\/wp-content\\\/uploads\\\/2025\\\/06\\\/Design-sem-nome-9.png\",\"width\":150,\"height\":85,\"caption\":\"Motorista.com.br\"},\"image\":{\"@id\":\"https:\\\/\\\/motorista.com.br\\\/noticias\\\/#\\\/schema\\\/logo\\\/image\\\/\"}},{\"@type\":\"Person\",\"@id\":\"https:\\\/\\\/motorista.com.br\\\/noticias\\\/#\\\/schema\\\/person\\\/dc93afc2981c0e3ce6bc3c053fd847be\",\"name\":\"Equipe Reda\u00e7\u00e3o\",\"image\":{\"@type\":\"ImageObject\",\"inLanguage\":\"pt-BR\",\"@id\":\"https:\\\/\\\/secure.gravatar.com\\\/avatar\\\/4f525efbf18dd2bb300ccad28bfb99d95a9465a5ba268407c8c37b37e1f28d2d?s=96&d=mm&r=g9e099043a0c61e9ae27e293b9fa75ffc\",\"url\":\"https:\\\/\\\/secure.gravatar.com\\\/avatar\\\/4f525efbf18dd2bb300ccad28bfb99d95a9465a5ba268407c8c37b37e1f28d2d?s=96&d=mm&r=g\",\"contentUrl\":\"https:\\\/\\\/secure.gravatar.com\\\/avatar\\\/4f525efbf18dd2bb300ccad28bfb99d95a9465a5ba268407c8c37b37e1f28d2d?s=96&d=mm&r=g\",\"caption\":\"Equipe Reda\u00e7\u00e3o\"},\"description\":\"Equipe de reda\u00e7\u00e3o \u00e9 um grupo de profissionais que trabalham juntos para criar conte\u00fado escrito para Motorista.com.br\",\"url\":\"https:\\\/\\\/motorista.com.br\\\/noticias\\\/author\\\/equiperedacao\\\/\"}]}<\/script>\n<!-- \/ Yoast SEO Premium plugin. -->","yoast_head_json":{"title":"Justi\u00e7a congela ativos de transportadora por desvio na recupera\u00e7\u00e3o judicial. - Motorista.com.br","robots":{"index":"index","follow":"follow","max-snippet":"max-snippet:-1","max-image-preview":"max-image-preview:large","max-video-preview":"max-video-preview:-1"},"canonical":"https:\/\/motorista.com.br\/noticias\/2026\/05\/02\/justica-congela-ativos-de-transportadora-por-desvio-na-recuperacao-judicial\/","og_locale":"pt_BR","og_type":"article","og_title":"Justi\u00e7a congela ativos de transportadora por desvio na recupera\u00e7\u00e3o judicial.","og_description":"Justi\u00e7a Bloqueia Bens de Transportadora Acusada de Desvio de Frota Durante Recupera\u00e7\u00e3o Judicial Uma recente decis\u00e3o judicial em Mato Grosso resultou no bloqueio dos bens de uma transportadora, que enfrenta s\u00e9rias acusa\u00e7\u00f5es de irregularidades durante seu processo de recupera\u00e7\u00e3o judicial. Com d\u00edvidas que alcan\u00e7am R$ 17 milh\u00f5es, a medida visa proteger os ativos da empresa &hellip;","og_url":"https:\/\/motorista.com.br\/noticias\/2026\/05\/02\/justica-congela-ativos-de-transportadora-por-desvio-na-recuperacao-judicial\/","og_site_name":"Motorista.com.br","article_published_time":"2026-05-02T04:16:10+00:00","author":"Equipe Reda\u00e7\u00e3o","twitter_card":"summary_large_image","twitter_misc":{"Escrito por":"Equipe Reda\u00e7\u00e3o","Est. tempo de leitura":"2 minutos","Written by":"Equipe Reda\u00e7\u00e3o"},"schema":{"@context":"https:\/\/schema.org","@graph":[{"@type":"Article","@id":"https:\/\/motorista.com.br\/noticias\/2026\/05\/02\/justica-congela-ativos-de-transportadora-por-desvio-na-recuperacao-judicial\/#article","isPartOf":{"@id":"https:\/\/motorista.com.br\/noticias\/2026\/05\/02\/justica-congela-ativos-de-transportadora-por-desvio-na-recuperacao-judicial\/"},"author":{"name":"Equipe Reda\u00e7\u00e3o","@id":"https:\/\/motorista.com.br\/noticias\/#\/schema\/person\/dc93afc2981c0e3ce6bc3c053fd847be"},"headline":"Justi\u00e7a congela ativos de transportadora por desvio na recupera\u00e7\u00e3o judicial.","datePublished":"2026-05-02T04:16:10+00:00","mainEntityOfPage":{"@id":"https:\/\/motorista.com.br\/noticias\/2026\/05\/02\/justica-congela-ativos-de-transportadora-por-desvio-na-recuperacao-judicial\/"},"wordCount":422,"publisher":{"@id":"https:\/\/motorista.com.br\/noticias\/#organization"},"image":{"@id":"https:\/\/motorista.com.br\/noticias\/2026\/05\/02\/justica-congela-ativos-de-transportadora-por-desvio-na-recuperacao-judicial\/#primaryimage"},"thumbnailUrl":"https:\/\/motorista.com.br\/noticias\/wp-content\/uploads\/2026\/05\/frota-de-caminhoes-estacionados.jpg","articleSection":["Carreteiro","Motorista"],"inLanguage":"pt-BR"},{"@type":"WebPage","@id":"https:\/\/motorista.com.br\/noticias\/2026\/05\/02\/justica-congela-ativos-de-transportadora-por-desvio-na-recuperacao-judicial\/","url":"https:\/\/motorista.com.br\/noticias\/2026\/05\/02\/justica-congela-ativos-de-transportadora-por-desvio-na-recuperacao-judicial\/","name":"Justi\u00e7a congela ativos de transportadora por desvio na recupera\u00e7\u00e3o judicial. - Motorista.com.br","isPartOf":{"@id":"https:\/\/motorista.com.br\/noticias\/#website"},"primaryImageOfPage":{"@id":"https:\/\/motorista.com.br\/noticias\/2026\/05\/02\/justica-congela-ativos-de-transportadora-por-desvio-na-recuperacao-judicial\/#primaryimage"},"image":{"@id":"https:\/\/motorista.com.br\/noticias\/2026\/05\/02\/justica-congela-ativos-de-transportadora-por-desvio-na-recuperacao-judicial\/#primaryimage"},"thumbnailUrl":"https:\/\/motorista.com.br\/noticias\/wp-content\/uploads\/2026\/05\/frota-de-caminhoes-estacionados.jpg","datePublished":"2026-05-02T04:16:10+00:00","breadcrumb":{"@id":"https:\/\/motorista.com.br\/noticias\/2026\/05\/02\/justica-congela-ativos-de-transportadora-por-desvio-na-recuperacao-judicial\/#breadcrumb"},"inLanguage":"pt-BR","potentialAction":[{"@type":"ReadAction","target":["https:\/\/motorista.com.br\/noticias\/2026\/05\/02\/justica-congela-ativos-de-transportadora-por-desvio-na-recuperacao-judicial\/"]}]},{"@type":"ImageObject","inLanguage":"pt-BR","@id":"https:\/\/motorista.com.br\/noticias\/2026\/05\/02\/justica-congela-ativos-de-transportadora-por-desvio-na-recuperacao-judicial\/#primaryimage","url":"https:\/\/motorista.com.br\/noticias\/wp-content\/uploads\/2026\/05\/frota-de-caminhoes-estacionados.jpg","contentUrl":"https:\/\/motorista.com.br\/noticias\/wp-content\/uploads\/2026\/05\/frota-de-caminhoes-estacionados.jpg","width":1200,"height":982},{"@type":"BreadcrumbList","@id":"https:\/\/motorista.com.br\/noticias\/2026\/05\/02\/justica-congela-ativos-de-transportadora-por-desvio-na-recuperacao-judicial\/#breadcrumb","itemListElement":[{"@type":"ListItem","position":1,"name":"In\u00edcio","item":"https:\/\/motorista.com.br\/noticias\/"},{"@type":"ListItem","position":2,"name":"Justi\u00e7a congela ativos de transportadora por desvio na recupera\u00e7\u00e3o judicial."}]},{"@type":"WebSite","@id":"https:\/\/motorista.com.br\/noticias\/#website","url":"https:\/\/motorista.com.br\/noticias\/","name":"Motorista.com.br","description":"Not\u00edcia do Motorista","publisher":{"@id":"https:\/\/motorista.com.br\/noticias\/#organization"},"potentialAction":[{"@type":"SearchAction","target":{"@type":"EntryPoint","urlTemplate":"https:\/\/motorista.com.br\/noticias\/?s={search_term_string}"},"query-input":{"@type":"PropertyValueSpecification","valueRequired":true,"valueName":"search_term_string"}}],"inLanguage":"pt-BR"},{"@type":"Organization","@id":"https:\/\/motorista.com.br\/noticias\/#organization","name":"Motorista.com.br","url":"https:\/\/motorista.com.br\/noticias\/","logo":{"@type":"ImageObject","inLanguage":"pt-BR","@id":"https:\/\/motorista.com.br\/noticias\/#\/schema\/logo\/image\/","url":"https:\/\/motorista.com.br\/noticias\/wp-content\/uploads\/2025\/06\/Design-sem-nome-9.png","contentUrl":"https:\/\/motorista.com.br\/noticias\/wp-content\/uploads\/2025\/06\/Design-sem-nome-9.png","width":150,"height":85,"caption":"Motorista.com.br"},"image":{"@id":"https:\/\/motorista.com.br\/noticias\/#\/schema\/logo\/image\/"}},{"@type":"Person","@id":"https:\/\/motorista.com.br\/noticias\/#\/schema\/person\/dc93afc2981c0e3ce6bc3c053fd847be","name":"Equipe Reda\u00e7\u00e3o","image":{"@type":"ImageObject","inLanguage":"pt-BR","@id":"https:\/\/secure.gravatar.com\/avatar\/4f525efbf18dd2bb300ccad28bfb99d95a9465a5ba268407c8c37b37e1f28d2d?s=96&d=mm&r=g9e099043a0c61e9ae27e293b9fa75ffc","url":"https:\/\/secure.gravatar.com\/avatar\/4f525efbf18dd2bb300ccad28bfb99d95a9465a5ba268407c8c37b37e1f28d2d?s=96&d=mm&r=g","contentUrl":"https:\/\/secure.gravatar.com\/avatar\/4f525efbf18dd2bb300ccad28bfb99d95a9465a5ba268407c8c37b37e1f28d2d?s=96&d=mm&r=g","caption":"Equipe Reda\u00e7\u00e3o"},"description":"Equipe de reda\u00e7\u00e3o \u00e9 um grupo de profissionais que trabalham juntos para criar conte\u00fado escrito para Motorista.com.br","url":"https:\/\/motorista.com.br\/noticias\/author\/equiperedacao\/"}]}},"_links":{"self":[{"href":"https:\/\/motorista.com.br\/noticias\/wp-json\/wp\/v2\/posts\/9457","targetHints":{"allow":["GET"]}}],"collection":[{"href":"https:\/\/motorista.com.br\/noticias\/wp-json\/wp\/v2\/posts"}],"about":[{"href":"https:\/\/motorista.com.br\/noticias\/wp-json\/wp\/v2\/types\/post"}],"author":[{"embeddable":true,"href":"https:\/\/motorista.com.br\/noticias\/wp-json\/wp\/v2\/users\/4"}],"replies":[{"embeddable":true,"href":"https:\/\/motorista.com.br\/noticias\/wp-json\/wp\/v2\/comments?post=9457"}],"version-history":[{"count":0,"href":"https:\/\/motorista.com.br\/noticias\/wp-json\/wp\/v2\/posts\/9457\/revisions"}],"wp:featuredmedia":[{"embeddable":true,"href":"https:\/\/motorista.com.br\/noticias\/wp-json\/wp\/v2\/media\/9458"}],"wp:attachment":[{"href":"https:\/\/motorista.com.br\/noticias\/wp-json\/wp\/v2\/media?parent=9457"}],"wp:term":[{"taxonomy":"category","embeddable":true,"href":"https:\/\/motorista.com.br\/noticias\/wp-json\/wp\/v2\/categories?post=9457"},{"taxonomy":"post_tag","embeddable":true,"href":"https:\/\/motorista.com.br\/noticias\/wp-json\/wp\/v2\/tags?post=9457"},{"taxonomy":"author","embeddable":true,"href":"https:\/\/motorista.com.br\/noticias\/wp-json\/wp\/v2\/coauthors?post=9457"}],"curies":[{"name":"wp","href":"https:\/\/api.w.org\/{rel}","templated":true}]}}