{"id":9455,"date":"2026-05-02T01:04:45","date_gmt":"2026-05-02T04:04:45","guid":{"rendered":"https:\/\/motorista.com.br\/noticias\/2026\/05\/02\/trabalhadores-se-unem-globalmente-contra-bilionarios-por-direitos-e-qualidade-de-vida\/"},"modified":"2026-05-02T01:04:45","modified_gmt":"2026-05-02T04:04:45","slug":"trabalhadores-se-unem-globalmente-contra-bilionarios-por-direitos-e-qualidade-de-vida","status":"publish","type":"post","link":"https:\/\/motorista.com.br\/noticias\/2026\/05\/02\/trabalhadores-se-unem-globalmente-contra-bilionarios-por-direitos-e-qualidade-de-vida\/","title":{"rendered":"Trabalhadores se unem globalmente contra bilion\u00e1rios por direitos e qualidade de vida."},"content":{"rendered":"<p><\/p>\n<h3>Trabalhadores se mobilizam pelo mundo no contra bilion\u00e1rios e em defesa de direitos e qualidade de vida<\/h3>\n<p>Nesta sexta-feira (01\/05), em celebra\u00e7\u00e3o ao Dia do Trabalhador, ruas e avenidas est\u00e3o tomadas por manifestantes que demandam melhores condi\u00e7\u00f5es de trabalho, ajustes salariais e a redu\u00e7\u00e3o da jornada. Em Cuba, a popula\u00e7\u00e3o se mobilizou em favor da paz, rejeitando o bloqueio imposto pelos Estados Unidos e as amea\u00e7as imperialistas que enfrentam.<\/p>\n<p>O presidente cubano, Miguel D\u00edaz-Canel, liderou a manifesta\u00e7\u00e3o na Pra\u00e7a da Revolu\u00e7\u00e3o, clamando por uma &quot;Cuba livre&quot;, em um ato que tamb\u00e9m contou com a presen\u00e7a do ex-mandat\u00e1rio do pa\u00eds.<\/p>\n<p>Nos Estados Unidos, embora o Dia do Trabalhador n\u00e3o seja um feriado federal, uma coaliz\u00e3o de ativistas e sindicatos convocou protestos sob a bandeira &quot;trabalhadores acima dos bilion\u00e1rios&quot;, promovendo um apag\u00e3o econ\u00f4mico com a mensagem &quot;sem aulas, sem trabalho, sem compras&quot;. Este movimento, que reuniu milhares sob a coaliz\u00e3o May Day Strong, cont\u00e9m um forte simbolismo: uma chamada \u00e0 a\u00e7\u00e3o conjunta, refletindo a insatisfa\u00e7\u00e3o com o crescente abismo econ\u00f4mico que separa os trabalhadores dos bilion\u00e1rios.<\/p>\n<p>No Chile, manifesta\u00e7\u00f5es clamam por melhorias salariais e benef\u00edcios. A Central Unit\u00e1ria de Trabalhadores (CUT) exige um aumento do sal\u00e1rio m\u00ednimo atual de 460 mil pesos chilenos para 603 mil pesos, destacando a press\u00e3o sobre o governo para implementar reformas antes de sua sa\u00edda. Essas reivindica\u00e7\u00f5es s\u00e3o indicativas do desejo por uma vida mais digna, que afetar\u00e1 n\u00e3o apenas o bem-estar dos trabalhadores, mas tamb\u00e9m a mobilidade econ\u00f4mica local, uma vez que sal\u00e1rios melhores proporcionam maior poder aquisitivo e, consequentemente, movimentam a economia.<\/p>\n<p>Na Coreia do Sul, marca-se um avan\u00e7o significativo, pois este \u00e9 o primeiro ano em que o Dia do Trabalhador \u00e9 considerado feriado nacional para trabalhadores do setor privado. A nova legisla\u00e7\u00e3o, que assegura o direito ao descanso, representa uma conquista importante para a dignidade do trabalho e, por sua vez, pode influenciar positivamente a produtividade e a mobilidade de recursos humanos no pa\u00eds.<\/p>\n<p>Entretanto, em Gaza, os trabalhadores enfrentam uma realidade devastadora, onde as condi\u00e7\u00f5es econ\u00f4micas se deterioram devido a conflitos prolongados. A impossibilidade de protestos e a falta de oportunidades refletem um quadro de desespero, em vez de uma mobiliza\u00e7\u00e3o produtiva por direitos.<\/p>\n<p>Na Europa, movimentos semelhantes ocorreram em diversos pa\u00edses. Na Fran\u00e7a, greves e manifesta\u00e7\u00f5es foram vistos na luta por \u201cp\u00e3o, paz e liberdade\u201d, enquanto na Turquia, confrontos foram relatados em meio a tentativas de acesso \u00e0 Pra\u00e7a Taksim, um s\u00edmbolo hist\u00f3rico de resist\u00eancia oper\u00e1ria. Esses protestos demonstram uma interconex\u00e3o entre as mobiliza\u00e7\u00f5es sociais e a insist\u00eancia por direitos trabalhistas que influenciam n\u00e3o apenas as condi\u00e7\u00f5es de vida, mas tamb\u00e9m a capacidade das pessoas de se locomoverem e interagirem dentro de suas economias locais.<\/p>\n<p>Cada uma dessas mobiliza\u00e7\u00f5es globais traz \u00e0 tona quest\u00f5es cruciais n\u00e3o apenas sobre os direitos dos trabalhadores, mas tamb\u00e9m sobre como essas reivindica\u00e7\u00f5es impactam a mobilidade e a qualidade de vida em geral. Ao lutar por melhores condi\u00e7\u00f5es, os trabalhadores buscam n\u00e3o s\u00f3 melhorias em suas vidas, mas a constru\u00e7\u00e3o de um ambiente econ\u00f4mico e social que beneficie a todos, assegurando um futuro mais equitativo.<\/p>\n","protected":false},"excerpt":{"rendered":"<p>Trabalhadores se mobilizam pelo mundo no contra bilion\u00e1rios e em defesa de direitos e qualidade de vida Nesta sexta-feira (01\/05), em celebra\u00e7\u00e3o ao Dia do Trabalhador, ruas e avenidas est\u00e3o tomadas por manifestantes que demandam melhores condi\u00e7\u00f5es de trabalho, ajustes salariais e a redu\u00e7\u00e3o da jornada. Em Cuba, a popula\u00e7\u00e3o se mobilizou em favor da &hellip;<\/p>\n","protected":false},"author":4,"featured_media":9456,"comment_status":"","ping_status":"open","sticky":false,"template":"","format":"standard","meta":{"footnotes":""},"categories":[45],"tags":[],"coauthors":[42],"class_list":["post-9455","post","type-post","status-publish","format-standard","has-post-thumbnail","hentry","category-mundo"],"yoast_head":"<!-- This site is optimized with the Yoast SEO Premium plugin v25.5 (Yoast SEO v27.5) - https:\/\/yoast.com\/product\/yoast-seo-premium-wordpress\/ -->\n<title>Trabalhadores se unem globalmente contra bilion\u00e1rios por direitos e qualidade de vida. - Motorista.com.br<\/title>\n<meta name=\"robots\" content=\"index, follow, max-snippet:-1, max-image-preview:large, max-video-preview:-1\" \/>\n<link rel=\"canonical\" href=\"https:\/\/motorista.com.br\/noticias\/2026\/05\/02\/trabalhadores-se-unem-globalmente-contra-bilionarios-por-direitos-e-qualidade-de-vida\/\" \/>\n<meta property=\"og:locale\" content=\"pt_BR\" \/>\n<meta property=\"og:type\" content=\"article\" \/>\n<meta property=\"og:title\" content=\"Trabalhadores se unem globalmente contra bilion\u00e1rios por direitos e qualidade de vida.\" \/>\n<meta property=\"og:description\" content=\"Trabalhadores se mobilizam pelo mundo no contra bilion\u00e1rios e em defesa de direitos e qualidade de vida Nesta sexta-feira (01\/05), em celebra\u00e7\u00e3o ao Dia do Trabalhador, ruas e avenidas est\u00e3o tomadas por manifestantes que demandam melhores condi\u00e7\u00f5es de trabalho, ajustes salariais e a redu\u00e7\u00e3o da jornada. Em Cuba, a popula\u00e7\u00e3o se mobilizou em favor da &hellip;\" \/>\n<meta property=\"og:url\" content=\"https:\/\/motorista.com.br\/noticias\/2026\/05\/02\/trabalhadores-se-unem-globalmente-contra-bilionarios-por-direitos-e-qualidade-de-vida\/\" \/>\n<meta property=\"og:site_name\" content=\"Motorista.com.br\" \/>\n<meta property=\"article:published_time\" content=\"2026-05-02T04:04:45+00:00\" \/>\n<meta name=\"author\" content=\"Equipe Reda\u00e7\u00e3o\" \/>\n<meta name=\"twitter:card\" content=\"summary_large_image\" \/>\n<meta name=\"twitter:label1\" content=\"Escrito por\" \/>\n\t<meta name=\"twitter:data1\" content=\"Equipe Reda\u00e7\u00e3o\" \/>\n\t<meta name=\"twitter:label2\" content=\"Est. tempo de leitura\" \/>\n\t<meta name=\"twitter:data2\" content=\"3 minutos\" \/>\n\t<meta name=\"twitter:label3\" content=\"Written by\" \/>\n\t<meta name=\"twitter:data3\" content=\"Equipe Reda\u00e7\u00e3o\" \/>\n<script type=\"application\/ld+json\" class=\"yoast-schema-graph\">{\"@context\":\"https:\\\/\\\/schema.org\",\"@graph\":[{\"@type\":\"Article\",\"@id\":\"https:\\\/\\\/motorista.com.br\\\/noticias\\\/2026\\\/05\\\/02\\\/trabalhadores-se-unem-globalmente-contra-bilionarios-por-direitos-e-qualidade-de-vida\\\/#article\",\"isPartOf\":{\"@id\":\"https:\\\/\\\/motorista.com.br\\\/noticias\\\/2026\\\/05\\\/02\\\/trabalhadores-se-unem-globalmente-contra-bilionarios-por-direitos-e-qualidade-de-vida\\\/\"},\"author\":{\"name\":\"Equipe Reda\u00e7\u00e3o\",\"@id\":\"https:\\\/\\\/motorista.com.br\\\/noticias\\\/#\\\/schema\\\/person\\\/dc93afc2981c0e3ce6bc3c053fd847be\"},\"headline\":\"Trabalhadores se unem globalmente contra bilion\u00e1rios por direitos e qualidade de vida.\",\"datePublished\":\"2026-05-02T04:04:45+00:00\",\"mainEntityOfPage\":{\"@id\":\"https:\\\/\\\/motorista.com.br\\\/noticias\\\/2026\\\/05\\\/02\\\/trabalhadores-se-unem-globalmente-contra-bilionarios-por-direitos-e-qualidade-de-vida\\\/\"},\"wordCount\":589,\"publisher\":{\"@id\":\"https:\\\/\\\/motorista.com.br\\\/noticias\\\/#organization\"},\"image\":{\"@id\":\"https:\\\/\\\/motorista.com.br\\\/noticias\\\/2026\\\/05\\\/02\\\/trabalhadores-se-unem-globalmente-contra-bilionarios-por-direitos-e-qualidade-de-vida\\\/#primaryimage\"},\"thumbnailUrl\":\"https:\\\/\\\/motorista.com.br\\\/noticias\\\/wp-content\\\/uploads\\\/2026\\\/05\\\/cuba.jpg\",\"articleSection\":[\"Mundo\"],\"inLanguage\":\"pt-BR\"},{\"@type\":\"WebPage\",\"@id\":\"https:\\\/\\\/motorista.com.br\\\/noticias\\\/2026\\\/05\\\/02\\\/trabalhadores-se-unem-globalmente-contra-bilionarios-por-direitos-e-qualidade-de-vida\\\/\",\"url\":\"https:\\\/\\\/motorista.com.br\\\/noticias\\\/2026\\\/05\\\/02\\\/trabalhadores-se-unem-globalmente-contra-bilionarios-por-direitos-e-qualidade-de-vida\\\/\",\"name\":\"Trabalhadores se unem globalmente contra bilion\u00e1rios por direitos e qualidade de vida. - Motorista.com.br\",\"isPartOf\":{\"@id\":\"https:\\\/\\\/motorista.com.br\\\/noticias\\\/#website\"},\"primaryImageOfPage\":{\"@id\":\"https:\\\/\\\/motorista.com.br\\\/noticias\\\/2026\\\/05\\\/02\\\/trabalhadores-se-unem-globalmente-contra-bilionarios-por-direitos-e-qualidade-de-vida\\\/#primaryimage\"},\"image\":{\"@id\":\"https:\\\/\\\/motorista.com.br\\\/noticias\\\/2026\\\/05\\\/02\\\/trabalhadores-se-unem-globalmente-contra-bilionarios-por-direitos-e-qualidade-de-vida\\\/#primaryimage\"},\"thumbnailUrl\":\"https:\\\/\\\/motorista.com.br\\\/noticias\\\/wp-content\\\/uploads\\\/2026\\\/05\\\/cuba.jpg\",\"datePublished\":\"2026-05-02T04:04:45+00:00\",\"breadcrumb\":{\"@id\":\"https:\\\/\\\/motorista.com.br\\\/noticias\\\/2026\\\/05\\\/02\\\/trabalhadores-se-unem-globalmente-contra-bilionarios-por-direitos-e-qualidade-de-vida\\\/#breadcrumb\"},\"inLanguage\":\"pt-BR\",\"potentialAction\":[{\"@type\":\"ReadAction\",\"target\":[\"https:\\\/\\\/motorista.com.br\\\/noticias\\\/2026\\\/05\\\/02\\\/trabalhadores-se-unem-globalmente-contra-bilionarios-por-direitos-e-qualidade-de-vida\\\/\"]}]},{\"@type\":\"ImageObject\",\"inLanguage\":\"pt-BR\",\"@id\":\"https:\\\/\\\/motorista.com.br\\\/noticias\\\/2026\\\/05\\\/02\\\/trabalhadores-se-unem-globalmente-contra-bilionarios-por-direitos-e-qualidade-de-vida\\\/#primaryimage\",\"url\":\"https:\\\/\\\/motorista.com.br\\\/noticias\\\/wp-content\\\/uploads\\\/2026\\\/05\\\/cuba.jpg\",\"contentUrl\":\"https:\\\/\\\/motorista.com.br\\\/noticias\\\/wp-content\\\/uploads\\\/2026\\\/05\\\/cuba.jpg\",\"width\":1024,\"height\":768},{\"@type\":\"BreadcrumbList\",\"@id\":\"https:\\\/\\\/motorista.com.br\\\/noticias\\\/2026\\\/05\\\/02\\\/trabalhadores-se-unem-globalmente-contra-bilionarios-por-direitos-e-qualidade-de-vida\\\/#breadcrumb\",\"itemListElement\":[{\"@type\":\"ListItem\",\"position\":1,\"name\":\"In\u00edcio\",\"item\":\"https:\\\/\\\/motorista.com.br\\\/noticias\\\/\"},{\"@type\":\"ListItem\",\"position\":2,\"name\":\"Trabalhadores se unem globalmente contra bilion\u00e1rios por direitos e qualidade de vida.\"}]},{\"@type\":\"WebSite\",\"@id\":\"https:\\\/\\\/motorista.com.br\\\/noticias\\\/#website\",\"url\":\"https:\\\/\\\/motorista.com.br\\\/noticias\\\/\",\"name\":\"Motorista.com.br\",\"description\":\"Not\u00edcia do Motorista\",\"publisher\":{\"@id\":\"https:\\\/\\\/motorista.com.br\\\/noticias\\\/#organization\"},\"potentialAction\":[{\"@type\":\"SearchAction\",\"target\":{\"@type\":\"EntryPoint\",\"urlTemplate\":\"https:\\\/\\\/motorista.com.br\\\/noticias\\\/?s={search_term_string}\"},\"query-input\":{\"@type\":\"PropertyValueSpecification\",\"valueRequired\":true,\"valueName\":\"search_term_string\"}}],\"inLanguage\":\"pt-BR\"},{\"@type\":\"Organization\",\"@id\":\"https:\\\/\\\/motorista.com.br\\\/noticias\\\/#organization\",\"name\":\"Motorista.com.br\",\"url\":\"https:\\\/\\\/motorista.com.br\\\/noticias\\\/\",\"logo\":{\"@type\":\"ImageObject\",\"inLanguage\":\"pt-BR\",\"@id\":\"https:\\\/\\\/motorista.com.br\\\/noticias\\\/#\\\/schema\\\/logo\\\/image\\\/\",\"url\":\"https:\\\/\\\/motorista.com.br\\\/noticias\\\/wp-content\\\/uploads\\\/2025\\\/06\\\/Design-sem-nome-9.png\",\"contentUrl\":\"https:\\\/\\\/motorista.com.br\\\/noticias\\\/wp-content\\\/uploads\\\/2025\\\/06\\\/Design-sem-nome-9.png\",\"width\":150,\"height\":85,\"caption\":\"Motorista.com.br\"},\"image\":{\"@id\":\"https:\\\/\\\/motorista.com.br\\\/noticias\\\/#\\\/schema\\\/logo\\\/image\\\/\"}},{\"@type\":\"Person\",\"@id\":\"https:\\\/\\\/motorista.com.br\\\/noticias\\\/#\\\/schema\\\/person\\\/dc93afc2981c0e3ce6bc3c053fd847be\",\"name\":\"Equipe Reda\u00e7\u00e3o\",\"image\":{\"@type\":\"ImageObject\",\"inLanguage\":\"pt-BR\",\"@id\":\"https:\\\/\\\/secure.gravatar.com\\\/avatar\\\/4f525efbf18dd2bb300ccad28bfb99d95a9465a5ba268407c8c37b37e1f28d2d?s=96&d=mm&r=g9e099043a0c61e9ae27e293b9fa75ffc\",\"url\":\"https:\\\/\\\/secure.gravatar.com\\\/avatar\\\/4f525efbf18dd2bb300ccad28bfb99d95a9465a5ba268407c8c37b37e1f28d2d?s=96&d=mm&r=g\",\"contentUrl\":\"https:\\\/\\\/secure.gravatar.com\\\/avatar\\\/4f525efbf18dd2bb300ccad28bfb99d95a9465a5ba268407c8c37b37e1f28d2d?s=96&d=mm&r=g\",\"caption\":\"Equipe Reda\u00e7\u00e3o\"},\"description\":\"Equipe de reda\u00e7\u00e3o \u00e9 um grupo de profissionais que trabalham juntos para criar conte\u00fado escrito para Motorista.com.br\",\"url\":\"https:\\\/\\\/motorista.com.br\\\/noticias\\\/author\\\/equiperedacao\\\/\"}]}<\/script>\n<!-- \/ Yoast SEO Premium plugin. -->","yoast_head_json":{"title":"Trabalhadores se unem globalmente contra bilion\u00e1rios por direitos e qualidade de vida. - Motorista.com.br","robots":{"index":"index","follow":"follow","max-snippet":"max-snippet:-1","max-image-preview":"max-image-preview:large","max-video-preview":"max-video-preview:-1"},"canonical":"https:\/\/motorista.com.br\/noticias\/2026\/05\/02\/trabalhadores-se-unem-globalmente-contra-bilionarios-por-direitos-e-qualidade-de-vida\/","og_locale":"pt_BR","og_type":"article","og_title":"Trabalhadores se unem globalmente contra bilion\u00e1rios por direitos e qualidade de vida.","og_description":"Trabalhadores se mobilizam pelo mundo no contra bilion\u00e1rios e em defesa de direitos e qualidade de vida Nesta sexta-feira (01\/05), em celebra\u00e7\u00e3o ao Dia do Trabalhador, ruas e avenidas est\u00e3o tomadas por manifestantes que demandam melhores condi\u00e7\u00f5es de trabalho, ajustes salariais e a redu\u00e7\u00e3o da jornada. Em Cuba, a popula\u00e7\u00e3o se mobilizou em favor da &hellip;","og_url":"https:\/\/motorista.com.br\/noticias\/2026\/05\/02\/trabalhadores-se-unem-globalmente-contra-bilionarios-por-direitos-e-qualidade-de-vida\/","og_site_name":"Motorista.com.br","article_published_time":"2026-05-02T04:04:45+00:00","author":"Equipe Reda\u00e7\u00e3o","twitter_card":"summary_large_image","twitter_misc":{"Escrito por":"Equipe Reda\u00e7\u00e3o","Est. tempo de leitura":"3 minutos","Written by":"Equipe Reda\u00e7\u00e3o"},"schema":{"@context":"https:\/\/schema.org","@graph":[{"@type":"Article","@id":"https:\/\/motorista.com.br\/noticias\/2026\/05\/02\/trabalhadores-se-unem-globalmente-contra-bilionarios-por-direitos-e-qualidade-de-vida\/#article","isPartOf":{"@id":"https:\/\/motorista.com.br\/noticias\/2026\/05\/02\/trabalhadores-se-unem-globalmente-contra-bilionarios-por-direitos-e-qualidade-de-vida\/"},"author":{"name":"Equipe Reda\u00e7\u00e3o","@id":"https:\/\/motorista.com.br\/noticias\/#\/schema\/person\/dc93afc2981c0e3ce6bc3c053fd847be"},"headline":"Trabalhadores se unem globalmente contra bilion\u00e1rios por direitos e qualidade de vida.","datePublished":"2026-05-02T04:04:45+00:00","mainEntityOfPage":{"@id":"https:\/\/motorista.com.br\/noticias\/2026\/05\/02\/trabalhadores-se-unem-globalmente-contra-bilionarios-por-direitos-e-qualidade-de-vida\/"},"wordCount":589,"publisher":{"@id":"https:\/\/motorista.com.br\/noticias\/#organization"},"image":{"@id":"https:\/\/motorista.com.br\/noticias\/2026\/05\/02\/trabalhadores-se-unem-globalmente-contra-bilionarios-por-direitos-e-qualidade-de-vida\/#primaryimage"},"thumbnailUrl":"https:\/\/motorista.com.br\/noticias\/wp-content\/uploads\/2026\/05\/cuba.jpg","articleSection":["Mundo"],"inLanguage":"pt-BR"},{"@type":"WebPage","@id":"https:\/\/motorista.com.br\/noticias\/2026\/05\/02\/trabalhadores-se-unem-globalmente-contra-bilionarios-por-direitos-e-qualidade-de-vida\/","url":"https:\/\/motorista.com.br\/noticias\/2026\/05\/02\/trabalhadores-se-unem-globalmente-contra-bilionarios-por-direitos-e-qualidade-de-vida\/","name":"Trabalhadores se unem globalmente contra bilion\u00e1rios por direitos e qualidade de vida. - Motorista.com.br","isPartOf":{"@id":"https:\/\/motorista.com.br\/noticias\/#website"},"primaryImageOfPage":{"@id":"https:\/\/motorista.com.br\/noticias\/2026\/05\/02\/trabalhadores-se-unem-globalmente-contra-bilionarios-por-direitos-e-qualidade-de-vida\/#primaryimage"},"image":{"@id":"https:\/\/motorista.com.br\/noticias\/2026\/05\/02\/trabalhadores-se-unem-globalmente-contra-bilionarios-por-direitos-e-qualidade-de-vida\/#primaryimage"},"thumbnailUrl":"https:\/\/motorista.com.br\/noticias\/wp-content\/uploads\/2026\/05\/cuba.jpg","datePublished":"2026-05-02T04:04:45+00:00","breadcrumb":{"@id":"https:\/\/motorista.com.br\/noticias\/2026\/05\/02\/trabalhadores-se-unem-globalmente-contra-bilionarios-por-direitos-e-qualidade-de-vida\/#breadcrumb"},"inLanguage":"pt-BR","potentialAction":[{"@type":"ReadAction","target":["https:\/\/motorista.com.br\/noticias\/2026\/05\/02\/trabalhadores-se-unem-globalmente-contra-bilionarios-por-direitos-e-qualidade-de-vida\/"]}]},{"@type":"ImageObject","inLanguage":"pt-BR","@id":"https:\/\/motorista.com.br\/noticias\/2026\/05\/02\/trabalhadores-se-unem-globalmente-contra-bilionarios-por-direitos-e-qualidade-de-vida\/#primaryimage","url":"https:\/\/motorista.com.br\/noticias\/wp-content\/uploads\/2026\/05\/cuba.jpg","contentUrl":"https:\/\/motorista.com.br\/noticias\/wp-content\/uploads\/2026\/05\/cuba.jpg","width":1024,"height":768},{"@type":"BreadcrumbList","@id":"https:\/\/motorista.com.br\/noticias\/2026\/05\/02\/trabalhadores-se-unem-globalmente-contra-bilionarios-por-direitos-e-qualidade-de-vida\/#breadcrumb","itemListElement":[{"@type":"ListItem","position":1,"name":"In\u00edcio","item":"https:\/\/motorista.com.br\/noticias\/"},{"@type":"ListItem","position":2,"name":"Trabalhadores se unem globalmente contra bilion\u00e1rios por direitos e qualidade de vida."}]},{"@type":"WebSite","@id":"https:\/\/motorista.com.br\/noticias\/#website","url":"https:\/\/motorista.com.br\/noticias\/","name":"Motorista.com.br","description":"Not\u00edcia do Motorista","publisher":{"@id":"https:\/\/motorista.com.br\/noticias\/#organization"},"potentialAction":[{"@type":"SearchAction","target":{"@type":"EntryPoint","urlTemplate":"https:\/\/motorista.com.br\/noticias\/?s={search_term_string}"},"query-input":{"@type":"PropertyValueSpecification","valueRequired":true,"valueName":"search_term_string"}}],"inLanguage":"pt-BR"},{"@type":"Organization","@id":"https:\/\/motorista.com.br\/noticias\/#organization","name":"Motorista.com.br","url":"https:\/\/motorista.com.br\/noticias\/","logo":{"@type":"ImageObject","inLanguage":"pt-BR","@id":"https:\/\/motorista.com.br\/noticias\/#\/schema\/logo\/image\/","url":"https:\/\/motorista.com.br\/noticias\/wp-content\/uploads\/2025\/06\/Design-sem-nome-9.png","contentUrl":"https:\/\/motorista.com.br\/noticias\/wp-content\/uploads\/2025\/06\/Design-sem-nome-9.png","width":150,"height":85,"caption":"Motorista.com.br"},"image":{"@id":"https:\/\/motorista.com.br\/noticias\/#\/schema\/logo\/image\/"}},{"@type":"Person","@id":"https:\/\/motorista.com.br\/noticias\/#\/schema\/person\/dc93afc2981c0e3ce6bc3c053fd847be","name":"Equipe Reda\u00e7\u00e3o","image":{"@type":"ImageObject","inLanguage":"pt-BR","@id":"https:\/\/secure.gravatar.com\/avatar\/4f525efbf18dd2bb300ccad28bfb99d95a9465a5ba268407c8c37b37e1f28d2d?s=96&d=mm&r=g9e099043a0c61e9ae27e293b9fa75ffc","url":"https:\/\/secure.gravatar.com\/avatar\/4f525efbf18dd2bb300ccad28bfb99d95a9465a5ba268407c8c37b37e1f28d2d?s=96&d=mm&r=g","contentUrl":"https:\/\/secure.gravatar.com\/avatar\/4f525efbf18dd2bb300ccad28bfb99d95a9465a5ba268407c8c37b37e1f28d2d?s=96&d=mm&r=g","caption":"Equipe Reda\u00e7\u00e3o"},"description":"Equipe de reda\u00e7\u00e3o \u00e9 um grupo de profissionais que trabalham juntos para criar conte\u00fado escrito para Motorista.com.br","url":"https:\/\/motorista.com.br\/noticias\/author\/equiperedacao\/"}]}},"_links":{"self":[{"href":"https:\/\/motorista.com.br\/noticias\/wp-json\/wp\/v2\/posts\/9455","targetHints":{"allow":["GET"]}}],"collection":[{"href":"https:\/\/motorista.com.br\/noticias\/wp-json\/wp\/v2\/posts"}],"about":[{"href":"https:\/\/motorista.com.br\/noticias\/wp-json\/wp\/v2\/types\/post"}],"author":[{"embeddable":true,"href":"https:\/\/motorista.com.br\/noticias\/wp-json\/wp\/v2\/users\/4"}],"replies":[{"embeddable":true,"href":"https:\/\/motorista.com.br\/noticias\/wp-json\/wp\/v2\/comments?post=9455"}],"version-history":[{"count":0,"href":"https:\/\/motorista.com.br\/noticias\/wp-json\/wp\/v2\/posts\/9455\/revisions"}],"wp:featuredmedia":[{"embeddable":true,"href":"https:\/\/motorista.com.br\/noticias\/wp-json\/wp\/v2\/media\/9456"}],"wp:attachment":[{"href":"https:\/\/motorista.com.br\/noticias\/wp-json\/wp\/v2\/media?parent=9455"}],"wp:term":[{"taxonomy":"category","embeddable":true,"href":"https:\/\/motorista.com.br\/noticias\/wp-json\/wp\/v2\/categories?post=9455"},{"taxonomy":"post_tag","embeddable":true,"href":"https:\/\/motorista.com.br\/noticias\/wp-json\/wp\/v2\/tags?post=9455"},{"taxonomy":"author","embeddable":true,"href":"https:\/\/motorista.com.br\/noticias\/wp-json\/wp\/v2\/coauthors?post=9455"}],"curies":[{"name":"wp","href":"https:\/\/api.w.org\/{rel}","templated":true}]}}