{"id":9451,"date":"2026-05-02T00:08:53","date_gmt":"2026-05-02T03:08:53","guid":{"rendered":"https:\/\/motorista.com.br\/noticias\/2026\/05\/02\/shopee-intensifica-crescimento-fisico-e-afeta-taxa-de-vacancia-dos-galpoes\/"},"modified":"2026-05-02T00:08:53","modified_gmt":"2026-05-02T03:08:53","slug":"shopee-intensifica-crescimento-fisico-e-afeta-taxa-de-vacancia-dos-galpoes","status":"publish","type":"post","link":"https:\/\/motorista.com.br\/noticias\/2026\/05\/02\/shopee-intensifica-crescimento-fisico-e-afeta-taxa-de-vacancia-dos-galpoes\/","title":{"rendered":"Shopee intensifica crescimento f\u00edsico e afeta taxa de vac\u00e2ncia dos galp\u00f5es"},"content":{"rendered":"<p><\/p>\n<p><strong>Shopee Acelera Expans\u00e3o F\u00edsica e Impacta o Mercado Log\u00edstico e a Mobilidade<\/strong><\/p>\n<p>A recente expans\u00e3o da Shopee no Brasil acentua um desequil\u00edbrio j\u00e1 vis\u00edvel no mercado imobili\u00e1rio log\u00edstico. A demanda por galp\u00f5es bem localizados aumentou significativamente, enquanto a oferta permanece restrita. Em menos de quatro meses, a empresa ampliou sua \u00e1rea ocupada em 33%, atingindo 1,8 milh\u00e3o de metros quadrados, conforme levantamento realizado pela Binswanger Brasil. Esse movimento acontece em um cen\u00e1rio de vac\u00e2ncia em m\u00ednimas hist\u00f3ricas, evidenciando um desafio n\u00e3o apenas para os investidores, mas tamb\u00e9m para motoristas e a mobilidade urbana.<\/p>\n<p>As taxas de vac\u00e2ncia nacional para galp\u00f5es log\u00edsticos variam entre 5,6% e 8%, com regi\u00f5es estrat\u00e9gicas como o entorno de S\u00e3o Paulo apresentando n\u00edveis ainda mais baixos, pr\u00f3ximos a 2%. Este contexto exige uma an\u00e1lise cuidadosa, pois a escassez de espa\u00e7os adequados n\u00e3o s\u00f3 aumenta os pre\u00e7os, mas tamb\u00e9m implica diretamente na log\u00edstica e na efici\u00eancia de transporte em \u00e1reas urbanas, impactando o tempo e os custos de entrega para motoristas.<\/p>\n<h3>Demanda Exponencial e Seus Efeitos<\/h3>\n<p>O crescimento do e-commerce \u00e9 o principal motor dessa press\u00e3o por galp\u00f5es. Apenas no primeiro trimestre de 2026, a absor\u00e7\u00e3o l\u00edquida de galp\u00f5es log\u00edsticos superou 360 mil metros quadrados, com novas loca\u00e7\u00f5es ultrapassando 565 mil metros quadrados. Essa crescente atividade econ\u00f4mica acarreta em um aumento no tr\u00e1fego de ve\u00edculos e na necessidade de uma log\u00edstica mais eficiente, impactando diretamente a mobilidade urbana.<\/p>\n<p>Regi\u00f5es como Guarulhos e Cajamar, que s\u00e3o estrat\u00e9gicas para a Shopee, n\u00e3o apenas facilitam a entrega r\u00e1pida aos consumidores, mas tamb\u00e9m se tornam vitais para o aumento da densidade de tr\u00e1fego local. Isso levanta preocupa\u00e7\u00f5es sobre a infraestrutura vi\u00e1ria e o congestionamento, exigindo que motoristas estejam preparados para lidar com essas vari\u00e1veis no dia a dia.<\/p>\n<h3>Mudan\u00e7a no Modelo Operacional<\/h3>\n<p>A estrat\u00e9gia da Shopee implica uma transforma\u00e7\u00e3o significativa no modelo de opera\u00e7\u00e3o do e-commerce. Ao internalizar etapas log\u00edsticas e investir em sua pr\u00f3pria infraestrutura, a empresa n\u00e3o apenas reduz a depend\u00eancia de terceiros, mas tamb\u00e9m controla elementos cr\u00edticos como prazos e custos de entrega. Essa mudan\u00e7a possibilita o fornecimento de um servi\u00e7o mais eficiente, o que, por sua vez, pode resultar em menos ve\u00edculos nas ruas e uma melhoria na mobilidade geral.<\/p>\n<p>Hygor Roque, Head of Revenue da Divibank, destaca que a log\u00edstica passou a ser um produto em si, o que redefine a forma como os motoristas e empresas de transporte operam. A press\u00e3o por maior efici\u00eancia operacional pode impulsionar inova\u00e7\u00f5es que tornem o transporte de mercadorias mais sustent\u00e1vel e menos impactante ao congestionamento urbano.<\/p>\n<h3>Ativos Premium e Ocupa\u00e7\u00e3o<\/h3>\n<p>O aumento da ocupa\u00e7\u00e3o em galp\u00f5es de alto padr\u00e3o, como os geridos pela Fulwood, reafirma a import\u00e2ncia da localiza\u00e7\u00e3o estrat\u00e9gica e da efici\u00eancia operacional. Com taxas de ocupa\u00e7\u00e3o em n\u00edveis m\u00e1ximos, esses ativos se tornam essenciais n\u00e3o apenas para os neg\u00f3cios, mas tamb\u00e9m para a sa\u00fade do sistema log\u00edstico como um todo. Para motoristas, isso significa que as melhores oportunidades de carga estar\u00e3o cada vez mais restritas a \u00e1reas de alta demanda, exigindo planejamento e flexibilidade.<\/p>\n<h3>Press\u00e3o sobre Pre\u00e7os e Competi\u00e7\u00e3o<\/h3>\n<p>A escassez de galp\u00f5es leva a um aumento nos pre\u00e7os, com valores de loca\u00e7\u00e3o em torno de R$ 28 a R$ 32 por metro quadrado, podendo ultrapassar R$ 40 em regi\u00f5es premium. Essa realidade cria uma competi\u00e7\u00e3o intensa por espa\u00e7os, fazendo com que a log\u00edstica urbana se torne um diferencial competitivo crucial no e-commerce.<\/p>\n<p>O desafio para motoristas ser\u00e1 navegar neste ambiente cada vez mais caro e exigente, onde a efici\u00eancia se torna n\u00e3o apenas uma meta, mas uma necessidade para a sobreviv\u00eancia no setor. Em um cen\u00e1rio onde gigantes como Shopee e Mercado Livre dominam, a adapta\u00e7\u00e3o e a busca por solu\u00e7\u00f5es inovadoras na mobilidade s\u00e3o mais importantes do que nunca.<\/p>\n<p><strong>Fonte: transportemoderno<\/strong><\/p>\n","protected":false},"excerpt":{"rendered":"<p>Shopee Acelera Expans\u00e3o F\u00edsica e Impacta o Mercado Log\u00edstico e a Mobilidade A recente expans\u00e3o da Shopee no Brasil acentua um desequil\u00edbrio j\u00e1 vis\u00edvel no mercado imobili\u00e1rio log\u00edstico. A demanda por galp\u00f5es bem localizados aumentou significativamente, enquanto a oferta permanece restrita. Em menos de quatro meses, a empresa ampliou sua \u00e1rea ocupada em 33%, atingindo &hellip;<\/p>\n","protected":false},"author":4,"featured_media":9452,"comment_status":"","ping_status":"open","sticky":false,"template":"","format":"standard","meta":{"footnotes":""},"categories":[62],"tags":[],"coauthors":[42],"class_list":["post-9451","post","type-post","status-publish","format-standard","has-post-thumbnail","hentry","category-logistica"],"yoast_head":"<!-- This site is optimized with the Yoast SEO Premium plugin v25.5 (Yoast SEO v27.5) - https:\/\/yoast.com\/product\/yoast-seo-premium-wordpress\/ -->\n<title>Shopee intensifica crescimento f\u00edsico e afeta taxa de vac\u00e2ncia dos galp\u00f5es - Motorista.com.br<\/title>\n<meta name=\"robots\" content=\"index, follow, max-snippet:-1, max-image-preview:large, max-video-preview:-1\" \/>\n<link rel=\"canonical\" href=\"https:\/\/motorista.com.br\/noticias\/2026\/05\/02\/shopee-intensifica-crescimento-fisico-e-afeta-taxa-de-vacancia-dos-galpoes\/\" \/>\n<meta property=\"og:locale\" content=\"pt_BR\" \/>\n<meta property=\"og:type\" content=\"article\" \/>\n<meta property=\"og:title\" content=\"Shopee intensifica crescimento f\u00edsico e afeta taxa de vac\u00e2ncia dos galp\u00f5es\" \/>\n<meta property=\"og:description\" content=\"Shopee Acelera Expans\u00e3o F\u00edsica e Impacta o Mercado Log\u00edstico e a Mobilidade A recente expans\u00e3o da Shopee no Brasil acentua um desequil\u00edbrio j\u00e1 vis\u00edvel no mercado imobili\u00e1rio log\u00edstico. A demanda por galp\u00f5es bem localizados aumentou significativamente, enquanto a oferta permanece restrita. Em menos de quatro meses, a empresa ampliou sua \u00e1rea ocupada em 33%, atingindo &hellip;\" \/>\n<meta property=\"og:url\" content=\"https:\/\/motorista.com.br\/noticias\/2026\/05\/02\/shopee-intensifica-crescimento-fisico-e-afeta-taxa-de-vacancia-dos-galpoes\/\" \/>\n<meta property=\"og:site_name\" content=\"Motorista.com.br\" \/>\n<meta property=\"article:published_time\" content=\"2026-05-02T03:08:53+00:00\" \/>\n<meta name=\"author\" content=\"Equipe Reda\u00e7\u00e3o\" \/>\n<meta name=\"twitter:card\" content=\"summary_large_image\" \/>\n<meta name=\"twitter:label1\" content=\"Escrito por\" \/>\n\t<meta name=\"twitter:data1\" content=\"Equipe Reda\u00e7\u00e3o\" \/>\n\t<meta name=\"twitter:label2\" content=\"Est. tempo de leitura\" \/>\n\t<meta name=\"twitter:data2\" content=\"4 minutos\" \/>\n\t<meta name=\"twitter:label3\" content=\"Written by\" \/>\n\t<meta name=\"twitter:data3\" content=\"Equipe Reda\u00e7\u00e3o\" \/>\n<script type=\"application\/ld+json\" class=\"yoast-schema-graph\">{\"@context\":\"https:\\\/\\\/schema.org\",\"@graph\":[{\"@type\":\"Article\",\"@id\":\"https:\\\/\\\/motorista.com.br\\\/noticias\\\/2026\\\/05\\\/02\\\/shopee-intensifica-crescimento-fisico-e-afeta-taxa-de-vacancia-dos-galpoes\\\/#article\",\"isPartOf\":{\"@id\":\"https:\\\/\\\/motorista.com.br\\\/noticias\\\/2026\\\/05\\\/02\\\/shopee-intensifica-crescimento-fisico-e-afeta-taxa-de-vacancia-dos-galpoes\\\/\"},\"author\":{\"name\":\"Equipe Reda\u00e7\u00e3o\",\"@id\":\"https:\\\/\\\/motorista.com.br\\\/noticias\\\/#\\\/schema\\\/person\\\/dc93afc2981c0e3ce6bc3c053fd847be\"},\"headline\":\"Shopee intensifica crescimento f\u00edsico e afeta taxa de vac\u00e2ncia dos galp\u00f5es\",\"datePublished\":\"2026-05-02T03:08:53+00:00\",\"mainEntityOfPage\":{\"@id\":\"https:\\\/\\\/motorista.com.br\\\/noticias\\\/2026\\\/05\\\/02\\\/shopee-intensifica-crescimento-fisico-e-afeta-taxa-de-vacancia-dos-galpoes\\\/\"},\"wordCount\":722,\"publisher\":{\"@id\":\"https:\\\/\\\/motorista.com.br\\\/noticias\\\/#organization\"},\"image\":{\"@id\":\"https:\\\/\\\/motorista.com.br\\\/noticias\\\/2026\\\/05\\\/02\\\/shopee-intensifica-crescimento-fisico-e-afeta-taxa-de-vacancia-dos-galpoes\\\/#primaryimage\"},\"thumbnailUrl\":\"https:\\\/\\\/motorista.com.br\\\/noticias\\\/wp-content\\\/uploads\\\/2026\\\/05\\\/shopee.jpeg\",\"articleSection\":[\"Log\u00edstica\"],\"inLanguage\":\"pt-BR\"},{\"@type\":\"WebPage\",\"@id\":\"https:\\\/\\\/motorista.com.br\\\/noticias\\\/2026\\\/05\\\/02\\\/shopee-intensifica-crescimento-fisico-e-afeta-taxa-de-vacancia-dos-galpoes\\\/\",\"url\":\"https:\\\/\\\/motorista.com.br\\\/noticias\\\/2026\\\/05\\\/02\\\/shopee-intensifica-crescimento-fisico-e-afeta-taxa-de-vacancia-dos-galpoes\\\/\",\"name\":\"Shopee intensifica crescimento f\u00edsico e afeta taxa de vac\u00e2ncia dos galp\u00f5es - Motorista.com.br\",\"isPartOf\":{\"@id\":\"https:\\\/\\\/motorista.com.br\\\/noticias\\\/#website\"},\"primaryImageOfPage\":{\"@id\":\"https:\\\/\\\/motorista.com.br\\\/noticias\\\/2026\\\/05\\\/02\\\/shopee-intensifica-crescimento-fisico-e-afeta-taxa-de-vacancia-dos-galpoes\\\/#primaryimage\"},\"image\":{\"@id\":\"https:\\\/\\\/motorista.com.br\\\/noticias\\\/2026\\\/05\\\/02\\\/shopee-intensifica-crescimento-fisico-e-afeta-taxa-de-vacancia-dos-galpoes\\\/#primaryimage\"},\"thumbnailUrl\":\"https:\\\/\\\/motorista.com.br\\\/noticias\\\/wp-content\\\/uploads\\\/2026\\\/05\\\/shopee.jpeg\",\"datePublished\":\"2026-05-02T03:08:53+00:00\",\"breadcrumb\":{\"@id\":\"https:\\\/\\\/motorista.com.br\\\/noticias\\\/2026\\\/05\\\/02\\\/shopee-intensifica-crescimento-fisico-e-afeta-taxa-de-vacancia-dos-galpoes\\\/#breadcrumb\"},\"inLanguage\":\"pt-BR\",\"potentialAction\":[{\"@type\":\"ReadAction\",\"target\":[\"https:\\\/\\\/motorista.com.br\\\/noticias\\\/2026\\\/05\\\/02\\\/shopee-intensifica-crescimento-fisico-e-afeta-taxa-de-vacancia-dos-galpoes\\\/\"]}]},{\"@type\":\"ImageObject\",\"inLanguage\":\"pt-BR\",\"@id\":\"https:\\\/\\\/motorista.com.br\\\/noticias\\\/2026\\\/05\\\/02\\\/shopee-intensifica-crescimento-fisico-e-afeta-taxa-de-vacancia-dos-galpoes\\\/#primaryimage\",\"url\":\"https:\\\/\\\/motorista.com.br\\\/noticias\\\/wp-content\\\/uploads\\\/2026\\\/05\\\/shopee.jpeg\",\"contentUrl\":\"https:\\\/\\\/motorista.com.br\\\/noticias\\\/wp-content\\\/uploads\\\/2026\\\/05\\\/shopee.jpeg\",\"width\":454,\"height\":283},{\"@type\":\"BreadcrumbList\",\"@id\":\"https:\\\/\\\/motorista.com.br\\\/noticias\\\/2026\\\/05\\\/02\\\/shopee-intensifica-crescimento-fisico-e-afeta-taxa-de-vacancia-dos-galpoes\\\/#breadcrumb\",\"itemListElement\":[{\"@type\":\"ListItem\",\"position\":1,\"name\":\"In\u00edcio\",\"item\":\"https:\\\/\\\/motorista.com.br\\\/noticias\\\/\"},{\"@type\":\"ListItem\",\"position\":2,\"name\":\"Shopee intensifica crescimento f\u00edsico e afeta taxa de vac\u00e2ncia dos galp\u00f5es\"}]},{\"@type\":\"WebSite\",\"@id\":\"https:\\\/\\\/motorista.com.br\\\/noticias\\\/#website\",\"url\":\"https:\\\/\\\/motorista.com.br\\\/noticias\\\/\",\"name\":\"Motorista.com.br\",\"description\":\"Not\u00edcia do Motorista\",\"publisher\":{\"@id\":\"https:\\\/\\\/motorista.com.br\\\/noticias\\\/#organization\"},\"potentialAction\":[{\"@type\":\"SearchAction\",\"target\":{\"@type\":\"EntryPoint\",\"urlTemplate\":\"https:\\\/\\\/motorista.com.br\\\/noticias\\\/?s={search_term_string}\"},\"query-input\":{\"@type\":\"PropertyValueSpecification\",\"valueRequired\":true,\"valueName\":\"search_term_string\"}}],\"inLanguage\":\"pt-BR\"},{\"@type\":\"Organization\",\"@id\":\"https:\\\/\\\/motorista.com.br\\\/noticias\\\/#organization\",\"name\":\"Motorista.com.br\",\"url\":\"https:\\\/\\\/motorista.com.br\\\/noticias\\\/\",\"logo\":{\"@type\":\"ImageObject\",\"inLanguage\":\"pt-BR\",\"@id\":\"https:\\\/\\\/motorista.com.br\\\/noticias\\\/#\\\/schema\\\/logo\\\/image\\\/\",\"url\":\"https:\\\/\\\/motorista.com.br\\\/noticias\\\/wp-content\\\/uploads\\\/2025\\\/06\\\/Design-sem-nome-9.png\",\"contentUrl\":\"https:\\\/\\\/motorista.com.br\\\/noticias\\\/wp-content\\\/uploads\\\/2025\\\/06\\\/Design-sem-nome-9.png\",\"width\":150,\"height\":85,\"caption\":\"Motorista.com.br\"},\"image\":{\"@id\":\"https:\\\/\\\/motorista.com.br\\\/noticias\\\/#\\\/schema\\\/logo\\\/image\\\/\"}},{\"@type\":\"Person\",\"@id\":\"https:\\\/\\\/motorista.com.br\\\/noticias\\\/#\\\/schema\\\/person\\\/dc93afc2981c0e3ce6bc3c053fd847be\",\"name\":\"Equipe Reda\u00e7\u00e3o\",\"image\":{\"@type\":\"ImageObject\",\"inLanguage\":\"pt-BR\",\"@id\":\"https:\\\/\\\/secure.gravatar.com\\\/avatar\\\/4f525efbf18dd2bb300ccad28bfb99d95a9465a5ba268407c8c37b37e1f28d2d?s=96&d=mm&r=g9e099043a0c61e9ae27e293b9fa75ffc\",\"url\":\"https:\\\/\\\/secure.gravatar.com\\\/avatar\\\/4f525efbf18dd2bb300ccad28bfb99d95a9465a5ba268407c8c37b37e1f28d2d?s=96&d=mm&r=g\",\"contentUrl\":\"https:\\\/\\\/secure.gravatar.com\\\/avatar\\\/4f525efbf18dd2bb300ccad28bfb99d95a9465a5ba268407c8c37b37e1f28d2d?s=96&d=mm&r=g\",\"caption\":\"Equipe Reda\u00e7\u00e3o\"},\"description\":\"Equipe de reda\u00e7\u00e3o \u00e9 um grupo de profissionais que trabalham juntos para criar conte\u00fado escrito para Motorista.com.br\",\"url\":\"https:\\\/\\\/motorista.com.br\\\/noticias\\\/author\\\/equiperedacao\\\/\"}]}<\/script>\n<!-- \/ Yoast SEO Premium plugin. -->","yoast_head_json":{"title":"Shopee intensifica crescimento f\u00edsico e afeta taxa de vac\u00e2ncia dos galp\u00f5es - Motorista.com.br","robots":{"index":"index","follow":"follow","max-snippet":"max-snippet:-1","max-image-preview":"max-image-preview:large","max-video-preview":"max-video-preview:-1"},"canonical":"https:\/\/motorista.com.br\/noticias\/2026\/05\/02\/shopee-intensifica-crescimento-fisico-e-afeta-taxa-de-vacancia-dos-galpoes\/","og_locale":"pt_BR","og_type":"article","og_title":"Shopee intensifica crescimento f\u00edsico e afeta taxa de vac\u00e2ncia dos galp\u00f5es","og_description":"Shopee Acelera Expans\u00e3o F\u00edsica e Impacta o Mercado Log\u00edstico e a Mobilidade A recente expans\u00e3o da Shopee no Brasil acentua um desequil\u00edbrio j\u00e1 vis\u00edvel no mercado imobili\u00e1rio log\u00edstico. A demanda por galp\u00f5es bem localizados aumentou significativamente, enquanto a oferta permanece restrita. Em menos de quatro meses, a empresa ampliou sua \u00e1rea ocupada em 33%, atingindo &hellip;","og_url":"https:\/\/motorista.com.br\/noticias\/2026\/05\/02\/shopee-intensifica-crescimento-fisico-e-afeta-taxa-de-vacancia-dos-galpoes\/","og_site_name":"Motorista.com.br","article_published_time":"2026-05-02T03:08:53+00:00","author":"Equipe Reda\u00e7\u00e3o","twitter_card":"summary_large_image","twitter_misc":{"Escrito por":"Equipe Reda\u00e7\u00e3o","Est. tempo de leitura":"4 minutos","Written by":"Equipe Reda\u00e7\u00e3o"},"schema":{"@context":"https:\/\/schema.org","@graph":[{"@type":"Article","@id":"https:\/\/motorista.com.br\/noticias\/2026\/05\/02\/shopee-intensifica-crescimento-fisico-e-afeta-taxa-de-vacancia-dos-galpoes\/#article","isPartOf":{"@id":"https:\/\/motorista.com.br\/noticias\/2026\/05\/02\/shopee-intensifica-crescimento-fisico-e-afeta-taxa-de-vacancia-dos-galpoes\/"},"author":{"name":"Equipe Reda\u00e7\u00e3o","@id":"https:\/\/motorista.com.br\/noticias\/#\/schema\/person\/dc93afc2981c0e3ce6bc3c053fd847be"},"headline":"Shopee intensifica crescimento f\u00edsico e afeta taxa de vac\u00e2ncia dos galp\u00f5es","datePublished":"2026-05-02T03:08:53+00:00","mainEntityOfPage":{"@id":"https:\/\/motorista.com.br\/noticias\/2026\/05\/02\/shopee-intensifica-crescimento-fisico-e-afeta-taxa-de-vacancia-dos-galpoes\/"},"wordCount":722,"publisher":{"@id":"https:\/\/motorista.com.br\/noticias\/#organization"},"image":{"@id":"https:\/\/motorista.com.br\/noticias\/2026\/05\/02\/shopee-intensifica-crescimento-fisico-e-afeta-taxa-de-vacancia-dos-galpoes\/#primaryimage"},"thumbnailUrl":"https:\/\/motorista.com.br\/noticias\/wp-content\/uploads\/2026\/05\/shopee.jpeg","articleSection":["Log\u00edstica"],"inLanguage":"pt-BR"},{"@type":"WebPage","@id":"https:\/\/motorista.com.br\/noticias\/2026\/05\/02\/shopee-intensifica-crescimento-fisico-e-afeta-taxa-de-vacancia-dos-galpoes\/","url":"https:\/\/motorista.com.br\/noticias\/2026\/05\/02\/shopee-intensifica-crescimento-fisico-e-afeta-taxa-de-vacancia-dos-galpoes\/","name":"Shopee intensifica crescimento f\u00edsico e afeta taxa de vac\u00e2ncia dos galp\u00f5es - Motorista.com.br","isPartOf":{"@id":"https:\/\/motorista.com.br\/noticias\/#website"},"primaryImageOfPage":{"@id":"https:\/\/motorista.com.br\/noticias\/2026\/05\/02\/shopee-intensifica-crescimento-fisico-e-afeta-taxa-de-vacancia-dos-galpoes\/#primaryimage"},"image":{"@id":"https:\/\/motorista.com.br\/noticias\/2026\/05\/02\/shopee-intensifica-crescimento-fisico-e-afeta-taxa-de-vacancia-dos-galpoes\/#primaryimage"},"thumbnailUrl":"https:\/\/motorista.com.br\/noticias\/wp-content\/uploads\/2026\/05\/shopee.jpeg","datePublished":"2026-05-02T03:08:53+00:00","breadcrumb":{"@id":"https:\/\/motorista.com.br\/noticias\/2026\/05\/02\/shopee-intensifica-crescimento-fisico-e-afeta-taxa-de-vacancia-dos-galpoes\/#breadcrumb"},"inLanguage":"pt-BR","potentialAction":[{"@type":"ReadAction","target":["https:\/\/motorista.com.br\/noticias\/2026\/05\/02\/shopee-intensifica-crescimento-fisico-e-afeta-taxa-de-vacancia-dos-galpoes\/"]}]},{"@type":"ImageObject","inLanguage":"pt-BR","@id":"https:\/\/motorista.com.br\/noticias\/2026\/05\/02\/shopee-intensifica-crescimento-fisico-e-afeta-taxa-de-vacancia-dos-galpoes\/#primaryimage","url":"https:\/\/motorista.com.br\/noticias\/wp-content\/uploads\/2026\/05\/shopee.jpeg","contentUrl":"https:\/\/motorista.com.br\/noticias\/wp-content\/uploads\/2026\/05\/shopee.jpeg","width":454,"height":283},{"@type":"BreadcrumbList","@id":"https:\/\/motorista.com.br\/noticias\/2026\/05\/02\/shopee-intensifica-crescimento-fisico-e-afeta-taxa-de-vacancia-dos-galpoes\/#breadcrumb","itemListElement":[{"@type":"ListItem","position":1,"name":"In\u00edcio","item":"https:\/\/motorista.com.br\/noticias\/"},{"@type":"ListItem","position":2,"name":"Shopee intensifica crescimento f\u00edsico e afeta taxa de vac\u00e2ncia dos galp\u00f5es"}]},{"@type":"WebSite","@id":"https:\/\/motorista.com.br\/noticias\/#website","url":"https:\/\/motorista.com.br\/noticias\/","name":"Motorista.com.br","description":"Not\u00edcia do Motorista","publisher":{"@id":"https:\/\/motorista.com.br\/noticias\/#organization"},"potentialAction":[{"@type":"SearchAction","target":{"@type":"EntryPoint","urlTemplate":"https:\/\/motorista.com.br\/noticias\/?s={search_term_string}"},"query-input":{"@type":"PropertyValueSpecification","valueRequired":true,"valueName":"search_term_string"}}],"inLanguage":"pt-BR"},{"@type":"Organization","@id":"https:\/\/motorista.com.br\/noticias\/#organization","name":"Motorista.com.br","url":"https:\/\/motorista.com.br\/noticias\/","logo":{"@type":"ImageObject","inLanguage":"pt-BR","@id":"https:\/\/motorista.com.br\/noticias\/#\/schema\/logo\/image\/","url":"https:\/\/motorista.com.br\/noticias\/wp-content\/uploads\/2025\/06\/Design-sem-nome-9.png","contentUrl":"https:\/\/motorista.com.br\/noticias\/wp-content\/uploads\/2025\/06\/Design-sem-nome-9.png","width":150,"height":85,"caption":"Motorista.com.br"},"image":{"@id":"https:\/\/motorista.com.br\/noticias\/#\/schema\/logo\/image\/"}},{"@type":"Person","@id":"https:\/\/motorista.com.br\/noticias\/#\/schema\/person\/dc93afc2981c0e3ce6bc3c053fd847be","name":"Equipe Reda\u00e7\u00e3o","image":{"@type":"ImageObject","inLanguage":"pt-BR","@id":"https:\/\/secure.gravatar.com\/avatar\/4f525efbf18dd2bb300ccad28bfb99d95a9465a5ba268407c8c37b37e1f28d2d?s=96&d=mm&r=g9e099043a0c61e9ae27e293b9fa75ffc","url":"https:\/\/secure.gravatar.com\/avatar\/4f525efbf18dd2bb300ccad28bfb99d95a9465a5ba268407c8c37b37e1f28d2d?s=96&d=mm&r=g","contentUrl":"https:\/\/secure.gravatar.com\/avatar\/4f525efbf18dd2bb300ccad28bfb99d95a9465a5ba268407c8c37b37e1f28d2d?s=96&d=mm&r=g","caption":"Equipe Reda\u00e7\u00e3o"},"description":"Equipe de reda\u00e7\u00e3o \u00e9 um grupo de profissionais que trabalham juntos para criar conte\u00fado escrito para Motorista.com.br","url":"https:\/\/motorista.com.br\/noticias\/author\/equiperedacao\/"}]}},"_links":{"self":[{"href":"https:\/\/motorista.com.br\/noticias\/wp-json\/wp\/v2\/posts\/9451","targetHints":{"allow":["GET"]}}],"collection":[{"href":"https:\/\/motorista.com.br\/noticias\/wp-json\/wp\/v2\/posts"}],"about":[{"href":"https:\/\/motorista.com.br\/noticias\/wp-json\/wp\/v2\/types\/post"}],"author":[{"embeddable":true,"href":"https:\/\/motorista.com.br\/noticias\/wp-json\/wp\/v2\/users\/4"}],"replies":[{"embeddable":true,"href":"https:\/\/motorista.com.br\/noticias\/wp-json\/wp\/v2\/comments?post=9451"}],"version-history":[{"count":0,"href":"https:\/\/motorista.com.br\/noticias\/wp-json\/wp\/v2\/posts\/9451\/revisions"}],"wp:featuredmedia":[{"embeddable":true,"href":"https:\/\/motorista.com.br\/noticias\/wp-json\/wp\/v2\/media\/9452"}],"wp:attachment":[{"href":"https:\/\/motorista.com.br\/noticias\/wp-json\/wp\/v2\/media?parent=9451"}],"wp:term":[{"taxonomy":"category","embeddable":true,"href":"https:\/\/motorista.com.br\/noticias\/wp-json\/wp\/v2\/categories?post=9451"},{"taxonomy":"post_tag","embeddable":true,"href":"https:\/\/motorista.com.br\/noticias\/wp-json\/wp\/v2\/tags?post=9451"},{"taxonomy":"author","embeddable":true,"href":"https:\/\/motorista.com.br\/noticias\/wp-json\/wp\/v2\/coauthors?post=9451"}],"curies":[{"name":"wp","href":"https:\/\/api.w.org\/{rel}","templated":true}]}}