{"id":9447,"date":"2026-05-01T21:02:45","date_gmt":"2026-05-02T00:02:45","guid":{"rendered":"https:\/\/motorista.com.br\/noticias\/2026\/05\/01\/producao-de-combustiveis-da-petrobras-cresce-64-no-1-tri\/"},"modified":"2026-05-01T21:02:45","modified_gmt":"2026-05-02T00:02:45","slug":"producao-de-combustiveis-da-petrobras-cresce-64-no-1-tri","status":"publish","type":"post","link":"https:\/\/motorista.com.br\/noticias\/2026\/05\/01\/producao-de-combustiveis-da-petrobras-cresce-64-no-1-tri\/","title":{"rendered":"Produ\u00e7\u00e3o de combust\u00edveis da Petrobras cresce 6,4% no 1\u00b0 tri."},"content":{"rendered":"<p><\/p>\n<h3>Produ\u00e7\u00e3o de combust\u00edveis da Petrobras avan\u00e7a 6,4% no 1\u00b0 trimestre<\/h3>\n<p>A produ\u00e7\u00e3o de derivados da Petrobras teve um crescimento de 6,4% no primeiro trimestre de 2026 em compara\u00e7\u00e3o com o mesmo per\u00edodo do ano anterior, totalizando 1,81 milh\u00e3o de barris por dia (bpd). Esse avan\u00e7o \u00e9 reflexo de uma alta na disponibilidade do parque de refino, que atingiu um Fator de Utiliza\u00e7\u00e3o Total (FUT) de 95%.<\/p>\n<h4>Impactos na Mobilidade<\/h4>\n<p>Esse aumento na produ\u00e7\u00e3o de combust\u00edveis tem v\u00e1rios benef\u00edcios diretos para os motoristas e para a mobilidade geral. Um dos principais impactos \u00e9 a melhoria na oferta de diesel, que teve um crescimento de 7,7% em rela\u00e7\u00e3o ao primeiro trimestre de 2025, atingindo 715 mil bpd. Para os motoristas de caminh\u00f5es e ve\u00edculos de transporte, essa produ\u00e7\u00e3o mais robusta significa maior confiabilidade no abastecimento, o que pode resultar em menos interrup\u00e7\u00f5es nas cadeias log\u00edsticas.<\/p>\n<p>Al\u00e9m disso, a estabiliza\u00e7\u00e3o na produ\u00e7\u00e3o de gasolina em 417 mil bpd, embora tenha mostrado uma leve queda em rela\u00e7\u00e3o ao ano passado, apresenta uma consist\u00eancia que pode beneficiar os motoristas que dependem desse combust\u00edvel. Uma oferta est\u00e1vel pode ajudar a manter os pre\u00e7os mais previs\u00edveis, uma preocupa\u00e7\u00e3o constante para quem utiliza o ve\u00edculo diariamente.<\/p>\n<h4>Considera\u00e7\u00f5es sobre Vendas<\/h4>\n<p>No entanto, as vendas totais de combust\u00edveis para o mercado interno, embora tenham subido 2,9% em rela\u00e7\u00e3o ao in\u00edcio de 2025, mostraram uma queda de 1,5% na compara\u00e7\u00e3o trimestral. Essa diminui\u00e7\u00e3o pode ser atribu\u00edda \u00e0 sazonalidade, com menores demandas t\u00edpicas nos primeiros meses do ano. A diminui\u00e7\u00e3o no consumo de diesel, por exemplo, tamb\u00e9m pode impactar a mobilidade urbana, especialmente em regi\u00f5es onde o transporte \u00e9 fortemente dependente desse combust\u00edvel.<\/p>\n<p>O impacto da economia no consumo de combust\u00edveis \u00e9 evidente e coloca em destaque a import\u00e2ncia de pol\u00edticas p\u00fablicas que promovam a efici\u00eancia e a inova\u00e7\u00e3o no setor de transporte. A depend\u00eancia de combust\u00edveis f\u00f3sseis e a necessidade de alternativas sustent\u00e1veis s\u00e3o debatidas continuamente, uma vez que a evolu\u00e7\u00e3o nos padr\u00f5es de consumo e na produ\u00e7\u00e3o pode influenciar tanto o pre\u00e7o quanto a disponibilidade de combust\u00edveis.<\/p>\n<p>Em resumo, o aumento da produ\u00e7\u00e3o de combust\u00edveis pela Petrobras \u00e9 um avan\u00e7o significativo que pode beneficiar motoristas e contribuir para uma mobilidade mais est\u00e1vel. No entanto, \u00e9 essencial que essa produ\u00e7\u00e3o se alinhe com uma vis\u00e3o de sustentabilidade e efici\u00eancia no transporte para garantir um futuro mais equilibrado no setor.<\/p>\n","protected":false},"excerpt":{"rendered":"<p>Produ\u00e7\u00e3o de combust\u00edveis da Petrobras avan\u00e7a 6,4% no 1\u00b0 trimestre A produ\u00e7\u00e3o de derivados da Petrobras teve um crescimento de 6,4% no primeiro trimestre de 2026 em compara\u00e7\u00e3o com o mesmo per\u00edodo do ano anterior, totalizando 1,81 milh\u00e3o de barris por dia (bpd). Esse avan\u00e7o \u00e9 reflexo de uma alta na disponibilidade do parque de &hellip;<\/p>\n","protected":false},"author":4,"featured_media":9448,"comment_status":"","ping_status":"open","sticky":false,"template":"","format":"standard","meta":{"footnotes":""},"categories":[45],"tags":[],"coauthors":[42],"class_list":["post-9447","post","type-post","status-publish","format-standard","has-post-thumbnail","hentry","category-mundo"],"yoast_head":"<!-- This site is optimized with the Yoast SEO Premium plugin v25.5 (Yoast SEO v27.5) - https:\/\/yoast.com\/product\/yoast-seo-premium-wordpress\/ -->\n<title>Produ\u00e7\u00e3o de combust\u00edveis da Petrobras cresce 6,4% no 1\u00b0 tri. - Motorista.com.br<\/title>\n<meta name=\"robots\" content=\"index, follow, max-snippet:-1, max-image-preview:large, max-video-preview:-1\" \/>\n<link rel=\"canonical\" href=\"https:\/\/motorista.com.br\/noticias\/2026\/05\/01\/producao-de-combustiveis-da-petrobras-cresce-64-no-1-tri\/\" \/>\n<meta property=\"og:locale\" content=\"pt_BR\" \/>\n<meta property=\"og:type\" content=\"article\" \/>\n<meta property=\"og:title\" content=\"Produ\u00e7\u00e3o de combust\u00edveis da Petrobras cresce 6,4% no 1\u00b0 tri.\" \/>\n<meta property=\"og:description\" content=\"Produ\u00e7\u00e3o de combust\u00edveis da Petrobras avan\u00e7a 6,4% no 1\u00b0 trimestre A produ\u00e7\u00e3o de derivados da Petrobras teve um crescimento de 6,4% no primeiro trimestre de 2026 em compara\u00e7\u00e3o com o mesmo per\u00edodo do ano anterior, totalizando 1,81 milh\u00e3o de barris por dia (bpd). Esse avan\u00e7o \u00e9 reflexo de uma alta na disponibilidade do parque de &hellip;\" \/>\n<meta property=\"og:url\" content=\"https:\/\/motorista.com.br\/noticias\/2026\/05\/01\/producao-de-combustiveis-da-petrobras-cresce-64-no-1-tri\/\" \/>\n<meta property=\"og:site_name\" content=\"Motorista.com.br\" \/>\n<meta property=\"article:published_time\" content=\"2026-05-02T00:02:45+00:00\" \/>\n<meta name=\"author\" content=\"Equipe Reda\u00e7\u00e3o\" \/>\n<meta name=\"twitter:card\" content=\"summary_large_image\" \/>\n<meta name=\"twitter:label1\" content=\"Escrito por\" \/>\n\t<meta name=\"twitter:data1\" content=\"Equipe Reda\u00e7\u00e3o\" \/>\n\t<meta name=\"twitter:label2\" content=\"Est. tempo de leitura\" \/>\n\t<meta name=\"twitter:data2\" content=\"2 minutos\" \/>\n\t<meta name=\"twitter:label3\" content=\"Written by\" \/>\n\t<meta name=\"twitter:data3\" content=\"Equipe Reda\u00e7\u00e3o\" \/>\n<script type=\"application\/ld+json\" class=\"yoast-schema-graph\">{\"@context\":\"https:\\\/\\\/schema.org\",\"@graph\":[{\"@type\":\"Article\",\"@id\":\"https:\\\/\\\/motorista.com.br\\\/noticias\\\/2026\\\/05\\\/01\\\/producao-de-combustiveis-da-petrobras-cresce-64-no-1-tri\\\/#article\",\"isPartOf\":{\"@id\":\"https:\\\/\\\/motorista.com.br\\\/noticias\\\/2026\\\/05\\\/01\\\/producao-de-combustiveis-da-petrobras-cresce-64-no-1-tri\\\/\"},\"author\":{\"name\":\"Equipe Reda\u00e7\u00e3o\",\"@id\":\"https:\\\/\\\/motorista.com.br\\\/noticias\\\/#\\\/schema\\\/person\\\/dc93afc2981c0e3ce6bc3c053fd847be\"},\"headline\":\"Produ\u00e7\u00e3o de combust\u00edveis da Petrobras cresce 6,4% no 1\u00b0 tri.\",\"datePublished\":\"2026-05-02T00:02:45+00:00\",\"mainEntityOfPage\":{\"@id\":\"https:\\\/\\\/motorista.com.br\\\/noticias\\\/2026\\\/05\\\/01\\\/producao-de-combustiveis-da-petrobras-cresce-64-no-1-tri\\\/\"},\"wordCount\":443,\"publisher\":{\"@id\":\"https:\\\/\\\/motorista.com.br\\\/noticias\\\/#organization\"},\"image\":{\"@id\":\"https:\\\/\\\/motorista.com.br\\\/noticias\\\/2026\\\/05\\\/01\\\/producao-de-combustiveis-da-petrobras-cresce-64-no-1-tri\\\/#primaryimage\"},\"thumbnailUrl\":\"https:\\\/\\\/motorista.com.br\\\/noticias\\\/wp-content\\\/uploads\\\/2026\\\/05\\\/combustiveis-foto-fabio-rodrigues-pozzebom-agencia-brasil.jpeg\",\"articleSection\":[\"Mundo\"],\"inLanguage\":\"pt-BR\"},{\"@type\":\"WebPage\",\"@id\":\"https:\\\/\\\/motorista.com.br\\\/noticias\\\/2026\\\/05\\\/01\\\/producao-de-combustiveis-da-petrobras-cresce-64-no-1-tri\\\/\",\"url\":\"https:\\\/\\\/motorista.com.br\\\/noticias\\\/2026\\\/05\\\/01\\\/producao-de-combustiveis-da-petrobras-cresce-64-no-1-tri\\\/\",\"name\":\"Produ\u00e7\u00e3o de combust\u00edveis da Petrobras cresce 6,4% no 1\u00b0 tri. - Motorista.com.br\",\"isPartOf\":{\"@id\":\"https:\\\/\\\/motorista.com.br\\\/noticias\\\/#website\"},\"primaryImageOfPage\":{\"@id\":\"https:\\\/\\\/motorista.com.br\\\/noticias\\\/2026\\\/05\\\/01\\\/producao-de-combustiveis-da-petrobras-cresce-64-no-1-tri\\\/#primaryimage\"},\"image\":{\"@id\":\"https:\\\/\\\/motorista.com.br\\\/noticias\\\/2026\\\/05\\\/01\\\/producao-de-combustiveis-da-petrobras-cresce-64-no-1-tri\\\/#primaryimage\"},\"thumbnailUrl\":\"https:\\\/\\\/motorista.com.br\\\/noticias\\\/wp-content\\\/uploads\\\/2026\\\/05\\\/combustiveis-foto-fabio-rodrigues-pozzebom-agencia-brasil.jpeg\",\"datePublished\":\"2026-05-02T00:02:45+00:00\",\"breadcrumb\":{\"@id\":\"https:\\\/\\\/motorista.com.br\\\/noticias\\\/2026\\\/05\\\/01\\\/producao-de-combustiveis-da-petrobras-cresce-64-no-1-tri\\\/#breadcrumb\"},\"inLanguage\":\"pt-BR\",\"potentialAction\":[{\"@type\":\"ReadAction\",\"target\":[\"https:\\\/\\\/motorista.com.br\\\/noticias\\\/2026\\\/05\\\/01\\\/producao-de-combustiveis-da-petrobras-cresce-64-no-1-tri\\\/\"]}]},{\"@type\":\"ImageObject\",\"inLanguage\":\"pt-BR\",\"@id\":\"https:\\\/\\\/motorista.com.br\\\/noticias\\\/2026\\\/05\\\/01\\\/producao-de-combustiveis-da-petrobras-cresce-64-no-1-tri\\\/#primaryimage\",\"url\":\"https:\\\/\\\/motorista.com.br\\\/noticias\\\/wp-content\\\/uploads\\\/2026\\\/05\\\/combustiveis-foto-fabio-rodrigues-pozzebom-agencia-brasil.jpeg\",\"contentUrl\":\"https:\\\/\\\/motorista.com.br\\\/noticias\\\/wp-content\\\/uploads\\\/2026\\\/05\\\/combustiveis-foto-fabio-rodrigues-pozzebom-agencia-brasil.jpeg\",\"width\":1280,\"height\":766},{\"@type\":\"BreadcrumbList\",\"@id\":\"https:\\\/\\\/motorista.com.br\\\/noticias\\\/2026\\\/05\\\/01\\\/producao-de-combustiveis-da-petrobras-cresce-64-no-1-tri\\\/#breadcrumb\",\"itemListElement\":[{\"@type\":\"ListItem\",\"position\":1,\"name\":\"In\u00edcio\",\"item\":\"https:\\\/\\\/motorista.com.br\\\/noticias\\\/\"},{\"@type\":\"ListItem\",\"position\":2,\"name\":\"Produ\u00e7\u00e3o de combust\u00edveis da Petrobras cresce 6,4% no 1\u00b0 tri.\"}]},{\"@type\":\"WebSite\",\"@id\":\"https:\\\/\\\/motorista.com.br\\\/noticias\\\/#website\",\"url\":\"https:\\\/\\\/motorista.com.br\\\/noticias\\\/\",\"name\":\"Motorista.com.br\",\"description\":\"Not\u00edcia do Motorista\",\"publisher\":{\"@id\":\"https:\\\/\\\/motorista.com.br\\\/noticias\\\/#organization\"},\"potentialAction\":[{\"@type\":\"SearchAction\",\"target\":{\"@type\":\"EntryPoint\",\"urlTemplate\":\"https:\\\/\\\/motorista.com.br\\\/noticias\\\/?s={search_term_string}\"},\"query-input\":{\"@type\":\"PropertyValueSpecification\",\"valueRequired\":true,\"valueName\":\"search_term_string\"}}],\"inLanguage\":\"pt-BR\"},{\"@type\":\"Organization\",\"@id\":\"https:\\\/\\\/motorista.com.br\\\/noticias\\\/#organization\",\"name\":\"Motorista.com.br\",\"url\":\"https:\\\/\\\/motorista.com.br\\\/noticias\\\/\",\"logo\":{\"@type\":\"ImageObject\",\"inLanguage\":\"pt-BR\",\"@id\":\"https:\\\/\\\/motorista.com.br\\\/noticias\\\/#\\\/schema\\\/logo\\\/image\\\/\",\"url\":\"https:\\\/\\\/motorista.com.br\\\/noticias\\\/wp-content\\\/uploads\\\/2025\\\/06\\\/Design-sem-nome-9.png\",\"contentUrl\":\"https:\\\/\\\/motorista.com.br\\\/noticias\\\/wp-content\\\/uploads\\\/2025\\\/06\\\/Design-sem-nome-9.png\",\"width\":150,\"height\":85,\"caption\":\"Motorista.com.br\"},\"image\":{\"@id\":\"https:\\\/\\\/motorista.com.br\\\/noticias\\\/#\\\/schema\\\/logo\\\/image\\\/\"}},{\"@type\":\"Person\",\"@id\":\"https:\\\/\\\/motorista.com.br\\\/noticias\\\/#\\\/schema\\\/person\\\/dc93afc2981c0e3ce6bc3c053fd847be\",\"name\":\"Equipe Reda\u00e7\u00e3o\",\"image\":{\"@type\":\"ImageObject\",\"inLanguage\":\"pt-BR\",\"@id\":\"https:\\\/\\\/secure.gravatar.com\\\/avatar\\\/4f525efbf18dd2bb300ccad28bfb99d95a9465a5ba268407c8c37b37e1f28d2d?s=96&d=mm&r=g9e099043a0c61e9ae27e293b9fa75ffc\",\"url\":\"https:\\\/\\\/secure.gravatar.com\\\/avatar\\\/4f525efbf18dd2bb300ccad28bfb99d95a9465a5ba268407c8c37b37e1f28d2d?s=96&d=mm&r=g\",\"contentUrl\":\"https:\\\/\\\/secure.gravatar.com\\\/avatar\\\/4f525efbf18dd2bb300ccad28bfb99d95a9465a5ba268407c8c37b37e1f28d2d?s=96&d=mm&r=g\",\"caption\":\"Equipe Reda\u00e7\u00e3o\"},\"description\":\"Equipe de reda\u00e7\u00e3o \u00e9 um grupo de profissionais que trabalham juntos para criar conte\u00fado escrito para Motorista.com.br\",\"url\":\"https:\\\/\\\/motorista.com.br\\\/noticias\\\/author\\\/equiperedacao\\\/\"}]}<\/script>\n<!-- \/ Yoast SEO Premium plugin. -->","yoast_head_json":{"title":"Produ\u00e7\u00e3o de combust\u00edveis da Petrobras cresce 6,4% no 1\u00b0 tri. - Motorista.com.br","robots":{"index":"index","follow":"follow","max-snippet":"max-snippet:-1","max-image-preview":"max-image-preview:large","max-video-preview":"max-video-preview:-1"},"canonical":"https:\/\/motorista.com.br\/noticias\/2026\/05\/01\/producao-de-combustiveis-da-petrobras-cresce-64-no-1-tri\/","og_locale":"pt_BR","og_type":"article","og_title":"Produ\u00e7\u00e3o de combust\u00edveis da Petrobras cresce 6,4% no 1\u00b0 tri.","og_description":"Produ\u00e7\u00e3o de combust\u00edveis da Petrobras avan\u00e7a 6,4% no 1\u00b0 trimestre A produ\u00e7\u00e3o de derivados da Petrobras teve um crescimento de 6,4% no primeiro trimestre de 2026 em compara\u00e7\u00e3o com o mesmo per\u00edodo do ano anterior, totalizando 1,81 milh\u00e3o de barris por dia (bpd). Esse avan\u00e7o \u00e9 reflexo de uma alta na disponibilidade do parque de &hellip;","og_url":"https:\/\/motorista.com.br\/noticias\/2026\/05\/01\/producao-de-combustiveis-da-petrobras-cresce-64-no-1-tri\/","og_site_name":"Motorista.com.br","article_published_time":"2026-05-02T00:02:45+00:00","author":"Equipe Reda\u00e7\u00e3o","twitter_card":"summary_large_image","twitter_misc":{"Escrito por":"Equipe Reda\u00e7\u00e3o","Est. tempo de leitura":"2 minutos","Written by":"Equipe Reda\u00e7\u00e3o"},"schema":{"@context":"https:\/\/schema.org","@graph":[{"@type":"Article","@id":"https:\/\/motorista.com.br\/noticias\/2026\/05\/01\/producao-de-combustiveis-da-petrobras-cresce-64-no-1-tri\/#article","isPartOf":{"@id":"https:\/\/motorista.com.br\/noticias\/2026\/05\/01\/producao-de-combustiveis-da-petrobras-cresce-64-no-1-tri\/"},"author":{"name":"Equipe Reda\u00e7\u00e3o","@id":"https:\/\/motorista.com.br\/noticias\/#\/schema\/person\/dc93afc2981c0e3ce6bc3c053fd847be"},"headline":"Produ\u00e7\u00e3o de combust\u00edveis da Petrobras cresce 6,4% no 1\u00b0 tri.","datePublished":"2026-05-02T00:02:45+00:00","mainEntityOfPage":{"@id":"https:\/\/motorista.com.br\/noticias\/2026\/05\/01\/producao-de-combustiveis-da-petrobras-cresce-64-no-1-tri\/"},"wordCount":443,"publisher":{"@id":"https:\/\/motorista.com.br\/noticias\/#organization"},"image":{"@id":"https:\/\/motorista.com.br\/noticias\/2026\/05\/01\/producao-de-combustiveis-da-petrobras-cresce-64-no-1-tri\/#primaryimage"},"thumbnailUrl":"https:\/\/motorista.com.br\/noticias\/wp-content\/uploads\/2026\/05\/combustiveis-foto-fabio-rodrigues-pozzebom-agencia-brasil.jpeg","articleSection":["Mundo"],"inLanguage":"pt-BR"},{"@type":"WebPage","@id":"https:\/\/motorista.com.br\/noticias\/2026\/05\/01\/producao-de-combustiveis-da-petrobras-cresce-64-no-1-tri\/","url":"https:\/\/motorista.com.br\/noticias\/2026\/05\/01\/producao-de-combustiveis-da-petrobras-cresce-64-no-1-tri\/","name":"Produ\u00e7\u00e3o de combust\u00edveis da Petrobras cresce 6,4% no 1\u00b0 tri. - Motorista.com.br","isPartOf":{"@id":"https:\/\/motorista.com.br\/noticias\/#website"},"primaryImageOfPage":{"@id":"https:\/\/motorista.com.br\/noticias\/2026\/05\/01\/producao-de-combustiveis-da-petrobras-cresce-64-no-1-tri\/#primaryimage"},"image":{"@id":"https:\/\/motorista.com.br\/noticias\/2026\/05\/01\/producao-de-combustiveis-da-petrobras-cresce-64-no-1-tri\/#primaryimage"},"thumbnailUrl":"https:\/\/motorista.com.br\/noticias\/wp-content\/uploads\/2026\/05\/combustiveis-foto-fabio-rodrigues-pozzebom-agencia-brasil.jpeg","datePublished":"2026-05-02T00:02:45+00:00","breadcrumb":{"@id":"https:\/\/motorista.com.br\/noticias\/2026\/05\/01\/producao-de-combustiveis-da-petrobras-cresce-64-no-1-tri\/#breadcrumb"},"inLanguage":"pt-BR","potentialAction":[{"@type":"ReadAction","target":["https:\/\/motorista.com.br\/noticias\/2026\/05\/01\/producao-de-combustiveis-da-petrobras-cresce-64-no-1-tri\/"]}]},{"@type":"ImageObject","inLanguage":"pt-BR","@id":"https:\/\/motorista.com.br\/noticias\/2026\/05\/01\/producao-de-combustiveis-da-petrobras-cresce-64-no-1-tri\/#primaryimage","url":"https:\/\/motorista.com.br\/noticias\/wp-content\/uploads\/2026\/05\/combustiveis-foto-fabio-rodrigues-pozzebom-agencia-brasil.jpeg","contentUrl":"https:\/\/motorista.com.br\/noticias\/wp-content\/uploads\/2026\/05\/combustiveis-foto-fabio-rodrigues-pozzebom-agencia-brasil.jpeg","width":1280,"height":766},{"@type":"BreadcrumbList","@id":"https:\/\/motorista.com.br\/noticias\/2026\/05\/01\/producao-de-combustiveis-da-petrobras-cresce-64-no-1-tri\/#breadcrumb","itemListElement":[{"@type":"ListItem","position":1,"name":"In\u00edcio","item":"https:\/\/motorista.com.br\/noticias\/"},{"@type":"ListItem","position":2,"name":"Produ\u00e7\u00e3o de combust\u00edveis da Petrobras cresce 6,4% no 1\u00b0 tri."}]},{"@type":"WebSite","@id":"https:\/\/motorista.com.br\/noticias\/#website","url":"https:\/\/motorista.com.br\/noticias\/","name":"Motorista.com.br","description":"Not\u00edcia do Motorista","publisher":{"@id":"https:\/\/motorista.com.br\/noticias\/#organization"},"potentialAction":[{"@type":"SearchAction","target":{"@type":"EntryPoint","urlTemplate":"https:\/\/motorista.com.br\/noticias\/?s={search_term_string}"},"query-input":{"@type":"PropertyValueSpecification","valueRequired":true,"valueName":"search_term_string"}}],"inLanguage":"pt-BR"},{"@type":"Organization","@id":"https:\/\/motorista.com.br\/noticias\/#organization","name":"Motorista.com.br","url":"https:\/\/motorista.com.br\/noticias\/","logo":{"@type":"ImageObject","inLanguage":"pt-BR","@id":"https:\/\/motorista.com.br\/noticias\/#\/schema\/logo\/image\/","url":"https:\/\/motorista.com.br\/noticias\/wp-content\/uploads\/2025\/06\/Design-sem-nome-9.png","contentUrl":"https:\/\/motorista.com.br\/noticias\/wp-content\/uploads\/2025\/06\/Design-sem-nome-9.png","width":150,"height":85,"caption":"Motorista.com.br"},"image":{"@id":"https:\/\/motorista.com.br\/noticias\/#\/schema\/logo\/image\/"}},{"@type":"Person","@id":"https:\/\/motorista.com.br\/noticias\/#\/schema\/person\/dc93afc2981c0e3ce6bc3c053fd847be","name":"Equipe Reda\u00e7\u00e3o","image":{"@type":"ImageObject","inLanguage":"pt-BR","@id":"https:\/\/secure.gravatar.com\/avatar\/4f525efbf18dd2bb300ccad28bfb99d95a9465a5ba268407c8c37b37e1f28d2d?s=96&d=mm&r=g9e099043a0c61e9ae27e293b9fa75ffc","url":"https:\/\/secure.gravatar.com\/avatar\/4f525efbf18dd2bb300ccad28bfb99d95a9465a5ba268407c8c37b37e1f28d2d?s=96&d=mm&r=g","contentUrl":"https:\/\/secure.gravatar.com\/avatar\/4f525efbf18dd2bb300ccad28bfb99d95a9465a5ba268407c8c37b37e1f28d2d?s=96&d=mm&r=g","caption":"Equipe Reda\u00e7\u00e3o"},"description":"Equipe de reda\u00e7\u00e3o \u00e9 um grupo de profissionais que trabalham juntos para criar conte\u00fado escrito para Motorista.com.br","url":"https:\/\/motorista.com.br\/noticias\/author\/equiperedacao\/"}]}},"_links":{"self":[{"href":"https:\/\/motorista.com.br\/noticias\/wp-json\/wp\/v2\/posts\/9447","targetHints":{"allow":["GET"]}}],"collection":[{"href":"https:\/\/motorista.com.br\/noticias\/wp-json\/wp\/v2\/posts"}],"about":[{"href":"https:\/\/motorista.com.br\/noticias\/wp-json\/wp\/v2\/types\/post"}],"author":[{"embeddable":true,"href":"https:\/\/motorista.com.br\/noticias\/wp-json\/wp\/v2\/users\/4"}],"replies":[{"embeddable":true,"href":"https:\/\/motorista.com.br\/noticias\/wp-json\/wp\/v2\/comments?post=9447"}],"version-history":[{"count":0,"href":"https:\/\/motorista.com.br\/noticias\/wp-json\/wp\/v2\/posts\/9447\/revisions"}],"wp:featuredmedia":[{"embeddable":true,"href":"https:\/\/motorista.com.br\/noticias\/wp-json\/wp\/v2\/media\/9448"}],"wp:attachment":[{"href":"https:\/\/motorista.com.br\/noticias\/wp-json\/wp\/v2\/media?parent=9447"}],"wp:term":[{"taxonomy":"category","embeddable":true,"href":"https:\/\/motorista.com.br\/noticias\/wp-json\/wp\/v2\/categories?post=9447"},{"taxonomy":"post_tag","embeddable":true,"href":"https:\/\/motorista.com.br\/noticias\/wp-json\/wp\/v2\/tags?post=9447"},{"taxonomy":"author","embeddable":true,"href":"https:\/\/motorista.com.br\/noticias\/wp-json\/wp\/v2\/coauthors?post=9447"}],"curies":[{"name":"wp","href":"https:\/\/api.w.org\/{rel}","templated":true}]}}