{"id":9446,"date":"2026-05-01T21:01:37","date_gmt":"2026-05-02T00:01:37","guid":{"rendered":"https:\/\/motorista.com.br\/noticias\/2026\/05\/01\/ajuste-sinief-atualiza-prazos-para-adequacao-de-documentos-fiscais\/"},"modified":"2026-05-01T21:01:37","modified_gmt":"2026-05-02T00:01:37","slug":"ajuste-sinief-atualiza-prazos-para-adequacao-de-documentos-fiscais","status":"publish","type":"post","link":"https:\/\/motorista.com.br\/noticias\/2026\/05\/01\/ajuste-sinief-atualiza-prazos-para-adequacao-de-documentos-fiscais\/","title":{"rendered":"Ajuste Sinief atualiza prazos para adequa\u00e7\u00e3o de documentos fiscais."},"content":{"rendered":"<p><\/p>\n<p><strong>Ajuste Sinief altera cronograma de adequa\u00e7\u00f5es de documentos fiscais em situa\u00e7\u00f5es espec\u00edficas<\/strong><\/p>\n<p>O Confaz (Conselho Nacional de Pol\u00edtica Fazend\u00e1ria) anunciou recentemente o Ajuste SINIEF N\u00ba 15, que prorroga a aplica\u00e7\u00e3o das regras previstas no Ajuste Sinief n\u00ba 49\/2025. Com isso, a implementa\u00e7\u00e3o das normas, que antes estava agendada para 4 de maio de 2026, agora ocorrer\u00e1 em 3 de agosto de 2026.<\/p>\n<p>Essa prorroga\u00e7\u00e3o traz \u00e0 tona importantes implica\u00e7\u00f5es para as empresas, motoristas e a mobilidade geral. As regras estabelecidas no Ajuste SINIEF n\u00ba 49\/2025 estabelecem procedimentos relacionados \u00e0 emiss\u00e3o de Notas Fiscais Eletr\u00f4nicas (NFe) em situa\u00e7\u00f5es como vendas para entrega futura, perda de mercadorias, e retornos de entrega. O adiantamento do cronograma pode agir como um al\u00edvio tempor\u00e1rio, permitindo que empresas e profissionais se ajustem \u00e0s novas exig\u00eancias sem um estresse adicional.<\/p>\n<p>Do ponto de vista dos motoristas, essa adequa\u00e7\u00e3o em documentos fiscais pode se traduzir em uma opera\u00e7\u00e3o mais fluida no transporte de mercadorias. Com uma regulamenta\u00e7\u00e3o mais clara e um per\u00edodo de adapta\u00e7\u00e3o, \u00e9 poss\u00edvel que os motoristas enfrentem menos surpresas na estrada, o que pode contribuir para uma mobilidade mais eficiente e segura. Documentos fiscais adequados e bem geridos significam menos atrasos na entrega e uma redu\u00e7\u00e3o de conflitos nas estradas, beneficiando tanto transportadores quanto clientes.<\/p>\n<p>Al\u00e9m disso, a adequa\u00e7\u00e3o dos procedimentos fiscais pode impactar positivamente no planejamento log\u00edstico das empresas, refletindo em uma cadeia de suprimentos mais organizada. Quando as exig\u00eancias fiscais s\u00e3o bem compreendidas e implementadas, o resultado tende a ser uma rela\u00e7\u00e3o mais harmoniosa entre todos os envolvidos na movimenta\u00e7\u00e3o de produtos e servi\u00e7os.<\/p>\n<p>\u00c9 essencial que as empresas e motoristas compreendam que, embora essa prorroga\u00e7\u00e3o represente uma oportunidade, ela tamb\u00e9m n\u00e3o deve servir como justificativa para a procrastina\u00e7\u00e3o nas adequa\u00e7\u00f5es necess\u00e1rias. A implementa\u00e7\u00e3o efetiva e r\u00e1pida dessas mudan\u00e7as se torna ainda mais crucial em um ambiente regulat\u00f3rio em constante evolu\u00e7\u00e3o, garantindo que n\u00e3o haja perdas fiscais e operacionais quando as novas regras entrarem em vigor.<\/p>\n<p>Portanto, acompanhar as atualiza\u00e7\u00f5es e se antecipar \u00e0s adequa\u00e7\u00f5es necess\u00e1rias n\u00e3o \u00e9 apenas uma obriga\u00e7\u00e3o legal, mas um passo estrat\u00e9gico para garantir uma opera\u00e7\u00e3o log\u00edsticamente eficiente, refletindo na mobilidade e na fluidez do setor.<\/p>\n<p><strong>Fonte: reformatributaria<\/strong><\/p>\n","protected":false},"excerpt":{"rendered":"<p>Ajuste Sinief altera cronograma de adequa\u00e7\u00f5es de documentos fiscais em situa\u00e7\u00f5es espec\u00edficas O Confaz (Conselho Nacional de Pol\u00edtica Fazend\u00e1ria) anunciou recentemente o Ajuste SINIEF N\u00ba 15, que prorroga a aplica\u00e7\u00e3o das regras previstas no Ajuste Sinief n\u00ba 49\/2025. Com isso, a implementa\u00e7\u00e3o das normas, que antes estava agendada para 4 de maio de 2026, agora &hellip;<\/p>\n","protected":false},"author":4,"featured_media":5917,"comment_status":"","ping_status":"open","sticky":false,"template":"","format":"standard","meta":{"footnotes":""},"categories":[35],"tags":[],"coauthors":[42],"class_list":["post-9446","post","type-post","status-publish","format-standard","has-post-thumbnail","hentry","category-legislacao"],"yoast_head":"<!-- This site is optimized with the Yoast SEO Premium plugin v25.5 (Yoast SEO v27.5) - https:\/\/yoast.com\/product\/yoast-seo-premium-wordpress\/ -->\n<title>Ajuste Sinief atualiza prazos para adequa\u00e7\u00e3o de documentos fiscais. - Motorista.com.br<\/title>\n<meta name=\"robots\" content=\"index, follow, max-snippet:-1, max-image-preview:large, max-video-preview:-1\" \/>\n<link rel=\"canonical\" href=\"https:\/\/motorista.com.br\/noticias\/2026\/05\/01\/ajuste-sinief-atualiza-prazos-para-adequacao-de-documentos-fiscais\/\" \/>\n<meta property=\"og:locale\" content=\"pt_BR\" \/>\n<meta property=\"og:type\" content=\"article\" \/>\n<meta property=\"og:title\" content=\"Ajuste Sinief atualiza prazos para adequa\u00e7\u00e3o de documentos fiscais.\" \/>\n<meta property=\"og:description\" content=\"Ajuste Sinief altera cronograma de adequa\u00e7\u00f5es de documentos fiscais em situa\u00e7\u00f5es espec\u00edficas O Confaz (Conselho Nacional de Pol\u00edtica Fazend\u00e1ria) anunciou recentemente o Ajuste SINIEF N\u00ba 15, que prorroga a aplica\u00e7\u00e3o das regras previstas no Ajuste Sinief n\u00ba 49\/2025. Com isso, a implementa\u00e7\u00e3o das normas, que antes estava agendada para 4 de maio de 2026, agora &hellip;\" \/>\n<meta property=\"og:url\" content=\"https:\/\/motorista.com.br\/noticias\/2026\/05\/01\/ajuste-sinief-atualiza-prazos-para-adequacao-de-documentos-fiscais\/\" \/>\n<meta property=\"og:site_name\" content=\"Motorista.com.br\" \/>\n<meta property=\"article:published_time\" content=\"2026-05-02T00:01:37+00:00\" \/>\n<meta name=\"author\" content=\"Equipe Reda\u00e7\u00e3o\" \/>\n<meta name=\"twitter:card\" content=\"summary_large_image\" \/>\n<meta name=\"twitter:label1\" content=\"Escrito por\" \/>\n\t<meta name=\"twitter:data1\" content=\"Equipe Reda\u00e7\u00e3o\" \/>\n\t<meta name=\"twitter:label2\" content=\"Est. tempo de leitura\" \/>\n\t<meta name=\"twitter:data2\" content=\"2 minutos\" \/>\n\t<meta name=\"twitter:label3\" content=\"Written by\" \/>\n\t<meta name=\"twitter:data3\" content=\"Equipe Reda\u00e7\u00e3o\" \/>\n<script type=\"application\/ld+json\" class=\"yoast-schema-graph\">{\"@context\":\"https:\\\/\\\/schema.org\",\"@graph\":[{\"@type\":\"Article\",\"@id\":\"https:\\\/\\\/motorista.com.br\\\/noticias\\\/2026\\\/05\\\/01\\\/ajuste-sinief-atualiza-prazos-para-adequacao-de-documentos-fiscais\\\/#article\",\"isPartOf\":{\"@id\":\"https:\\\/\\\/motorista.com.br\\\/noticias\\\/2026\\\/05\\\/01\\\/ajuste-sinief-atualiza-prazos-para-adequacao-de-documentos-fiscais\\\/\"},\"author\":{\"name\":\"Equipe Reda\u00e7\u00e3o\",\"@id\":\"https:\\\/\\\/motorista.com.br\\\/noticias\\\/#\\\/schema\\\/person\\\/dc93afc2981c0e3ce6bc3c053fd847be\"},\"headline\":\"Ajuste Sinief atualiza prazos para adequa\u00e7\u00e3o de documentos fiscais.\",\"datePublished\":\"2026-05-02T00:01:37+00:00\",\"mainEntityOfPage\":{\"@id\":\"https:\\\/\\\/motorista.com.br\\\/noticias\\\/2026\\\/05\\\/01\\\/ajuste-sinief-atualiza-prazos-para-adequacao-de-documentos-fiscais\\\/\"},\"wordCount\":407,\"publisher\":{\"@id\":\"https:\\\/\\\/motorista.com.br\\\/noticias\\\/#organization\"},\"image\":{\"@id\":\"https:\\\/\\\/motorista.com.br\\\/noticias\\\/2026\\\/05\\\/01\\\/ajuste-sinief-atualiza-prazos-para-adequacao-de-documentos-fiscais\\\/#primaryimage\"},\"thumbnailUrl\":\"https:\\\/\\\/motorista.com.br\\\/noticias\\\/wp-content\\\/uploads\\\/2026\\\/01\\\/CONFAZ.jpg\",\"articleSection\":[\"Legisla\u00e7\u00e3o\"],\"inLanguage\":\"pt-BR\"},{\"@type\":\"WebPage\",\"@id\":\"https:\\\/\\\/motorista.com.br\\\/noticias\\\/2026\\\/05\\\/01\\\/ajuste-sinief-atualiza-prazos-para-adequacao-de-documentos-fiscais\\\/\",\"url\":\"https:\\\/\\\/motorista.com.br\\\/noticias\\\/2026\\\/05\\\/01\\\/ajuste-sinief-atualiza-prazos-para-adequacao-de-documentos-fiscais\\\/\",\"name\":\"Ajuste Sinief atualiza prazos para adequa\u00e7\u00e3o de documentos fiscais. - Motorista.com.br\",\"isPartOf\":{\"@id\":\"https:\\\/\\\/motorista.com.br\\\/noticias\\\/#website\"},\"primaryImageOfPage\":{\"@id\":\"https:\\\/\\\/motorista.com.br\\\/noticias\\\/2026\\\/05\\\/01\\\/ajuste-sinief-atualiza-prazos-para-adequacao-de-documentos-fiscais\\\/#primaryimage\"},\"image\":{\"@id\":\"https:\\\/\\\/motorista.com.br\\\/noticias\\\/2026\\\/05\\\/01\\\/ajuste-sinief-atualiza-prazos-para-adequacao-de-documentos-fiscais\\\/#primaryimage\"},\"thumbnailUrl\":\"https:\\\/\\\/motorista.com.br\\\/noticias\\\/wp-content\\\/uploads\\\/2026\\\/01\\\/CONFAZ.jpg\",\"datePublished\":\"2026-05-02T00:01:37+00:00\",\"breadcrumb\":{\"@id\":\"https:\\\/\\\/motorista.com.br\\\/noticias\\\/2026\\\/05\\\/01\\\/ajuste-sinief-atualiza-prazos-para-adequacao-de-documentos-fiscais\\\/#breadcrumb\"},\"inLanguage\":\"pt-BR\",\"potentialAction\":[{\"@type\":\"ReadAction\",\"target\":[\"https:\\\/\\\/motorista.com.br\\\/noticias\\\/2026\\\/05\\\/01\\\/ajuste-sinief-atualiza-prazos-para-adequacao-de-documentos-fiscais\\\/\"]}]},{\"@type\":\"ImageObject\",\"inLanguage\":\"pt-BR\",\"@id\":\"https:\\\/\\\/motorista.com.br\\\/noticias\\\/2026\\\/05\\\/01\\\/ajuste-sinief-atualiza-prazos-para-adequacao-de-documentos-fiscais\\\/#primaryimage\",\"url\":\"https:\\\/\\\/motorista.com.br\\\/noticias\\\/wp-content\\\/uploads\\\/2026\\\/01\\\/CONFAZ.jpg\",\"contentUrl\":\"https:\\\/\\\/motorista.com.br\\\/noticias\\\/wp-content\\\/uploads\\\/2026\\\/01\\\/CONFAZ.jpg\",\"width\":1920,\"height\":1080},{\"@type\":\"BreadcrumbList\",\"@id\":\"https:\\\/\\\/motorista.com.br\\\/noticias\\\/2026\\\/05\\\/01\\\/ajuste-sinief-atualiza-prazos-para-adequacao-de-documentos-fiscais\\\/#breadcrumb\",\"itemListElement\":[{\"@type\":\"ListItem\",\"position\":1,\"name\":\"In\u00edcio\",\"item\":\"https:\\\/\\\/motorista.com.br\\\/noticias\\\/\"},{\"@type\":\"ListItem\",\"position\":2,\"name\":\"Ajuste Sinief atualiza prazos para adequa\u00e7\u00e3o de documentos fiscais.\"}]},{\"@type\":\"WebSite\",\"@id\":\"https:\\\/\\\/motorista.com.br\\\/noticias\\\/#website\",\"url\":\"https:\\\/\\\/motorista.com.br\\\/noticias\\\/\",\"name\":\"Motorista.com.br\",\"description\":\"Not\u00edcia do Motorista\",\"publisher\":{\"@id\":\"https:\\\/\\\/motorista.com.br\\\/noticias\\\/#organization\"},\"potentialAction\":[{\"@type\":\"SearchAction\",\"target\":{\"@type\":\"EntryPoint\",\"urlTemplate\":\"https:\\\/\\\/motorista.com.br\\\/noticias\\\/?s={search_term_string}\"},\"query-input\":{\"@type\":\"PropertyValueSpecification\",\"valueRequired\":true,\"valueName\":\"search_term_string\"}}],\"inLanguage\":\"pt-BR\"},{\"@type\":\"Organization\",\"@id\":\"https:\\\/\\\/motorista.com.br\\\/noticias\\\/#organization\",\"name\":\"Motorista.com.br\",\"url\":\"https:\\\/\\\/motorista.com.br\\\/noticias\\\/\",\"logo\":{\"@type\":\"ImageObject\",\"inLanguage\":\"pt-BR\",\"@id\":\"https:\\\/\\\/motorista.com.br\\\/noticias\\\/#\\\/schema\\\/logo\\\/image\\\/\",\"url\":\"https:\\\/\\\/motorista.com.br\\\/noticias\\\/wp-content\\\/uploads\\\/2025\\\/06\\\/Design-sem-nome-9.png\",\"contentUrl\":\"https:\\\/\\\/motorista.com.br\\\/noticias\\\/wp-content\\\/uploads\\\/2025\\\/06\\\/Design-sem-nome-9.png\",\"width\":150,\"height\":85,\"caption\":\"Motorista.com.br\"},\"image\":{\"@id\":\"https:\\\/\\\/motorista.com.br\\\/noticias\\\/#\\\/schema\\\/logo\\\/image\\\/\"}},{\"@type\":\"Person\",\"@id\":\"https:\\\/\\\/motorista.com.br\\\/noticias\\\/#\\\/schema\\\/person\\\/dc93afc2981c0e3ce6bc3c053fd847be\",\"name\":\"Equipe Reda\u00e7\u00e3o\",\"image\":{\"@type\":\"ImageObject\",\"inLanguage\":\"pt-BR\",\"@id\":\"https:\\\/\\\/secure.gravatar.com\\\/avatar\\\/4f525efbf18dd2bb300ccad28bfb99d95a9465a5ba268407c8c37b37e1f28d2d?s=96&d=mm&r=g9e099043a0c61e9ae27e293b9fa75ffc\",\"url\":\"https:\\\/\\\/secure.gravatar.com\\\/avatar\\\/4f525efbf18dd2bb300ccad28bfb99d95a9465a5ba268407c8c37b37e1f28d2d?s=96&d=mm&r=g\",\"contentUrl\":\"https:\\\/\\\/secure.gravatar.com\\\/avatar\\\/4f525efbf18dd2bb300ccad28bfb99d95a9465a5ba268407c8c37b37e1f28d2d?s=96&d=mm&r=g\",\"caption\":\"Equipe Reda\u00e7\u00e3o\"},\"description\":\"Equipe de reda\u00e7\u00e3o \u00e9 um grupo de profissionais que trabalham juntos para criar conte\u00fado escrito para Motorista.com.br\",\"url\":\"https:\\\/\\\/motorista.com.br\\\/noticias\\\/author\\\/equiperedacao\\\/\"}]}<\/script>\n<!-- \/ Yoast SEO Premium plugin. -->","yoast_head_json":{"title":"Ajuste Sinief atualiza prazos para adequa\u00e7\u00e3o de documentos fiscais. - Motorista.com.br","robots":{"index":"index","follow":"follow","max-snippet":"max-snippet:-1","max-image-preview":"max-image-preview:large","max-video-preview":"max-video-preview:-1"},"canonical":"https:\/\/motorista.com.br\/noticias\/2026\/05\/01\/ajuste-sinief-atualiza-prazos-para-adequacao-de-documentos-fiscais\/","og_locale":"pt_BR","og_type":"article","og_title":"Ajuste Sinief atualiza prazos para adequa\u00e7\u00e3o de documentos fiscais.","og_description":"Ajuste Sinief altera cronograma de adequa\u00e7\u00f5es de documentos fiscais em situa\u00e7\u00f5es espec\u00edficas O Confaz (Conselho Nacional de Pol\u00edtica Fazend\u00e1ria) anunciou recentemente o Ajuste SINIEF N\u00ba 15, que prorroga a aplica\u00e7\u00e3o das regras previstas no Ajuste Sinief n\u00ba 49\/2025. Com isso, a implementa\u00e7\u00e3o das normas, que antes estava agendada para 4 de maio de 2026, agora &hellip;","og_url":"https:\/\/motorista.com.br\/noticias\/2026\/05\/01\/ajuste-sinief-atualiza-prazos-para-adequacao-de-documentos-fiscais\/","og_site_name":"Motorista.com.br","article_published_time":"2026-05-02T00:01:37+00:00","author":"Equipe Reda\u00e7\u00e3o","twitter_card":"summary_large_image","twitter_misc":{"Escrito por":"Equipe Reda\u00e7\u00e3o","Est. tempo de leitura":"2 minutos","Written by":"Equipe Reda\u00e7\u00e3o"},"schema":{"@context":"https:\/\/schema.org","@graph":[{"@type":"Article","@id":"https:\/\/motorista.com.br\/noticias\/2026\/05\/01\/ajuste-sinief-atualiza-prazos-para-adequacao-de-documentos-fiscais\/#article","isPartOf":{"@id":"https:\/\/motorista.com.br\/noticias\/2026\/05\/01\/ajuste-sinief-atualiza-prazos-para-adequacao-de-documentos-fiscais\/"},"author":{"name":"Equipe Reda\u00e7\u00e3o","@id":"https:\/\/motorista.com.br\/noticias\/#\/schema\/person\/dc93afc2981c0e3ce6bc3c053fd847be"},"headline":"Ajuste Sinief atualiza prazos para adequa\u00e7\u00e3o de documentos fiscais.","datePublished":"2026-05-02T00:01:37+00:00","mainEntityOfPage":{"@id":"https:\/\/motorista.com.br\/noticias\/2026\/05\/01\/ajuste-sinief-atualiza-prazos-para-adequacao-de-documentos-fiscais\/"},"wordCount":407,"publisher":{"@id":"https:\/\/motorista.com.br\/noticias\/#organization"},"image":{"@id":"https:\/\/motorista.com.br\/noticias\/2026\/05\/01\/ajuste-sinief-atualiza-prazos-para-adequacao-de-documentos-fiscais\/#primaryimage"},"thumbnailUrl":"https:\/\/motorista.com.br\/noticias\/wp-content\/uploads\/2026\/01\/CONFAZ.jpg","articleSection":["Legisla\u00e7\u00e3o"],"inLanguage":"pt-BR"},{"@type":"WebPage","@id":"https:\/\/motorista.com.br\/noticias\/2026\/05\/01\/ajuste-sinief-atualiza-prazos-para-adequacao-de-documentos-fiscais\/","url":"https:\/\/motorista.com.br\/noticias\/2026\/05\/01\/ajuste-sinief-atualiza-prazos-para-adequacao-de-documentos-fiscais\/","name":"Ajuste Sinief atualiza prazos para adequa\u00e7\u00e3o de documentos fiscais. - Motorista.com.br","isPartOf":{"@id":"https:\/\/motorista.com.br\/noticias\/#website"},"primaryImageOfPage":{"@id":"https:\/\/motorista.com.br\/noticias\/2026\/05\/01\/ajuste-sinief-atualiza-prazos-para-adequacao-de-documentos-fiscais\/#primaryimage"},"image":{"@id":"https:\/\/motorista.com.br\/noticias\/2026\/05\/01\/ajuste-sinief-atualiza-prazos-para-adequacao-de-documentos-fiscais\/#primaryimage"},"thumbnailUrl":"https:\/\/motorista.com.br\/noticias\/wp-content\/uploads\/2026\/01\/CONFAZ.jpg","datePublished":"2026-05-02T00:01:37+00:00","breadcrumb":{"@id":"https:\/\/motorista.com.br\/noticias\/2026\/05\/01\/ajuste-sinief-atualiza-prazos-para-adequacao-de-documentos-fiscais\/#breadcrumb"},"inLanguage":"pt-BR","potentialAction":[{"@type":"ReadAction","target":["https:\/\/motorista.com.br\/noticias\/2026\/05\/01\/ajuste-sinief-atualiza-prazos-para-adequacao-de-documentos-fiscais\/"]}]},{"@type":"ImageObject","inLanguage":"pt-BR","@id":"https:\/\/motorista.com.br\/noticias\/2026\/05\/01\/ajuste-sinief-atualiza-prazos-para-adequacao-de-documentos-fiscais\/#primaryimage","url":"https:\/\/motorista.com.br\/noticias\/wp-content\/uploads\/2026\/01\/CONFAZ.jpg","contentUrl":"https:\/\/motorista.com.br\/noticias\/wp-content\/uploads\/2026\/01\/CONFAZ.jpg","width":1920,"height":1080},{"@type":"BreadcrumbList","@id":"https:\/\/motorista.com.br\/noticias\/2026\/05\/01\/ajuste-sinief-atualiza-prazos-para-adequacao-de-documentos-fiscais\/#breadcrumb","itemListElement":[{"@type":"ListItem","position":1,"name":"In\u00edcio","item":"https:\/\/motorista.com.br\/noticias\/"},{"@type":"ListItem","position":2,"name":"Ajuste Sinief atualiza prazos para adequa\u00e7\u00e3o de documentos fiscais."}]},{"@type":"WebSite","@id":"https:\/\/motorista.com.br\/noticias\/#website","url":"https:\/\/motorista.com.br\/noticias\/","name":"Motorista.com.br","description":"Not\u00edcia do Motorista","publisher":{"@id":"https:\/\/motorista.com.br\/noticias\/#organization"},"potentialAction":[{"@type":"SearchAction","target":{"@type":"EntryPoint","urlTemplate":"https:\/\/motorista.com.br\/noticias\/?s={search_term_string}"},"query-input":{"@type":"PropertyValueSpecification","valueRequired":true,"valueName":"search_term_string"}}],"inLanguage":"pt-BR"},{"@type":"Organization","@id":"https:\/\/motorista.com.br\/noticias\/#organization","name":"Motorista.com.br","url":"https:\/\/motorista.com.br\/noticias\/","logo":{"@type":"ImageObject","inLanguage":"pt-BR","@id":"https:\/\/motorista.com.br\/noticias\/#\/schema\/logo\/image\/","url":"https:\/\/motorista.com.br\/noticias\/wp-content\/uploads\/2025\/06\/Design-sem-nome-9.png","contentUrl":"https:\/\/motorista.com.br\/noticias\/wp-content\/uploads\/2025\/06\/Design-sem-nome-9.png","width":150,"height":85,"caption":"Motorista.com.br"},"image":{"@id":"https:\/\/motorista.com.br\/noticias\/#\/schema\/logo\/image\/"}},{"@type":"Person","@id":"https:\/\/motorista.com.br\/noticias\/#\/schema\/person\/dc93afc2981c0e3ce6bc3c053fd847be","name":"Equipe Reda\u00e7\u00e3o","image":{"@type":"ImageObject","inLanguage":"pt-BR","@id":"https:\/\/secure.gravatar.com\/avatar\/4f525efbf18dd2bb300ccad28bfb99d95a9465a5ba268407c8c37b37e1f28d2d?s=96&d=mm&r=g9e099043a0c61e9ae27e293b9fa75ffc","url":"https:\/\/secure.gravatar.com\/avatar\/4f525efbf18dd2bb300ccad28bfb99d95a9465a5ba268407c8c37b37e1f28d2d?s=96&d=mm&r=g","contentUrl":"https:\/\/secure.gravatar.com\/avatar\/4f525efbf18dd2bb300ccad28bfb99d95a9465a5ba268407c8c37b37e1f28d2d?s=96&d=mm&r=g","caption":"Equipe Reda\u00e7\u00e3o"},"description":"Equipe de reda\u00e7\u00e3o \u00e9 um grupo de profissionais que trabalham juntos para criar conte\u00fado escrito para Motorista.com.br","url":"https:\/\/motorista.com.br\/noticias\/author\/equiperedacao\/"}]}},"_links":{"self":[{"href":"https:\/\/motorista.com.br\/noticias\/wp-json\/wp\/v2\/posts\/9446","targetHints":{"allow":["GET"]}}],"collection":[{"href":"https:\/\/motorista.com.br\/noticias\/wp-json\/wp\/v2\/posts"}],"about":[{"href":"https:\/\/motorista.com.br\/noticias\/wp-json\/wp\/v2\/types\/post"}],"author":[{"embeddable":true,"href":"https:\/\/motorista.com.br\/noticias\/wp-json\/wp\/v2\/users\/4"}],"replies":[{"embeddable":true,"href":"https:\/\/motorista.com.br\/noticias\/wp-json\/wp\/v2\/comments?post=9446"}],"version-history":[{"count":0,"href":"https:\/\/motorista.com.br\/noticias\/wp-json\/wp\/v2\/posts\/9446\/revisions"}],"wp:featuredmedia":[{"embeddable":true,"href":"https:\/\/motorista.com.br\/noticias\/wp-json\/wp\/v2\/media\/5917"}],"wp:attachment":[{"href":"https:\/\/motorista.com.br\/noticias\/wp-json\/wp\/v2\/media?parent=9446"}],"wp:term":[{"taxonomy":"category","embeddable":true,"href":"https:\/\/motorista.com.br\/noticias\/wp-json\/wp\/v2\/categories?post=9446"},{"taxonomy":"post_tag","embeddable":true,"href":"https:\/\/motorista.com.br\/noticias\/wp-json\/wp\/v2\/tags?post=9446"},{"taxonomy":"author","embeddable":true,"href":"https:\/\/motorista.com.br\/noticias\/wp-json\/wp\/v2\/coauthors?post=9446"}],"curies":[{"name":"wp","href":"https:\/\/api.w.org\/{rel}","templated":true}]}}