{"id":9444,"date":"2026-05-01T17:13:15","date_gmt":"2026-05-01T20:13:15","guid":{"rendered":"https:\/\/motorista.com.br\/noticias\/2026\/05\/01\/full-time-sports-brilha-na-3a-etapa-da-copa-truck-em-cascavel\/"},"modified":"2026-05-01T17:13:15","modified_gmt":"2026-05-01T20:13:15","slug":"full-time-sports-brilha-na-3a-etapa-da-copa-truck-em-cascavel","status":"publish","type":"post","link":"https:\/\/motorista.com.br\/noticias\/2026\/05\/01\/full-time-sports-brilha-na-3a-etapa-da-copa-truck-em-cascavel\/","title":{"rendered":"Full Time Sports brilha na 3\u00aa etapa da Copa Truck em Cascavel."},"content":{"rendered":"<p><\/p>\n<h3>Full Time Sports Acelera Forte na 3\u00aa Etapa da Copa Truck em Cascavel<\/h3>\n<p>No dia 3 de maio, a Full Time Sports Truck competiu na terceira etapa da Copa Truck em Cascavel (PR), celebrando um in\u00edcio de temporada promissor com sua primeira vit\u00f3ria. Essa performance n\u00e3o apenas destaca a crescente competitividade da equipe, mas tamb\u00e9m enriquece o panorama da mobilidade e do transporte rodovi\u00e1rio no Brasil.<\/p>\n<p>Os desafios enfrentados no campeonato refletem a realidade dos motoristas de caminh\u00e3o, que precisam constantemente se adaptar a condi\u00e7\u00f5es t\u00e9cnicas e evolutivas de suas m\u00e1quinas. Andr\u00e9 Marques, um dos destaques da equipe, expressou confian\u00e7a ao afirmar que a pista de Cascavel exige um equil\u00edbrio apurado no caminh\u00e3o. Para motoristas e profissionais do setor, essa perspectiva de aprendizado cont\u00ednuo pode significar melhorias em suas opera\u00e7\u00f5es di\u00e1rias, traduzindo-se em maior efici\u00eancia e seguran\u00e7a nas estradas.<\/p>\n<p>Felipe Tozzo tamb\u00e9m enfatizou a necessidade de compreender melhor o equipamento a cada etapa. Essa abordagem anal\u00edtica \u00e9 crucial, pois motoristas que se dedicam a entender suas m\u00e1quinas podem otimizar o consumo de combust\u00edvel e minimizar o desgaste, resultando em benef\u00edcios financeiros e reduzindo a pegada ambiental.<\/p>\n<p>Pedro Perdoncini, que est\u00e1 se adaptando \u00e0 categoria PRO, ressaltou a import\u00e2ncia de ajustes finos, especialmente na classifica\u00e7\u00e3o. Para motoristas, essa no\u00e7\u00e3o de adapta\u00e7\u00e3o constante pode inspir\u00e1-los a buscar capacita\u00e7\u00e3o e atualiza\u00e7\u00e3o sobre tecnologias e t\u00e9cnicas que podem elevar o desempenho de suas opera\u00e7\u00f5es.<\/p>\n<p>Por outro lado, Paulo Salustiano compartilhou sua determina\u00e7\u00e3o para superar os desafios anteriores, um lembrete da resili\u00eancia necess\u00e1ria no setor. Problemas s\u00e3o inevit\u00e1veis, mas a capacidade de se recuperar e melhorar \u00e9 fundamental n\u00e3o apenas para os pilotos, mas tamb\u00e9m para motoristas que enfrentam obst\u00e1culos nas estradas, como tr\u00e2nsito e manuten\u00e7\u00f5es imprevistas.<\/p>\n<h3>Mudan\u00e7as e Adapta\u00e7\u00f5es<\/h3>\n<p>Com a aus\u00eancia de J\u00f4 Dias por orienta\u00e7\u00e3o m\u00e9dica, Alberto Catucci Filho se juntou ao time, o que exemplifica a flexibilidade e a colabora\u00e7\u00e3o essenciais para o sucesso em ambientes desafiadores. A mobilidade, seja nas pistas ou nas estradas, \u00e9 sobre trabalho em equipe e comunica\u00e7\u00e3o eficaz.<\/p>\n<p>A Full Time Sports Truck se consolida n\u00e3o apenas como uma equipe competitiva, mas como uma plataforma que conecta e gera valor para o setor automotivo. Al\u00e9m de suas conquistas nas pistas, a equipe incorpora pr\u00e1ticas socioambientais, destacando a import\u00e2ncia da responsabilidade no setor de transporte. Ao trabalhar em parceria com a Siga Verd-e da Raster para compensar emiss\u00f5es de carbono, eles servem de exemplo para motoristas que desejam contribuir para um futuro mais sustent\u00e1vel.<\/p>\n<h3>Considera\u00e7\u00f5es Finais<\/h3>\n<p>A presen\u00e7a da Full Time Sports na Copa Truck n\u00e3o \u00e9 apenas sobre competi\u00e7\u00f5es, mas sim sobre inspirar motoristas a almejarem excel\u00eancia em suas carreiras. A mobilidade moderna exige adapta\u00e7\u00e3o e inova\u00e7\u00e3o, e observar equipes como a Full Time Sports pode motivar profissionais a adotar uma mentalidade proativa em suas rotinas. Com o foco na evolu\u00e7\u00e3o cont\u00ednua e a ado\u00e7\u00e3o de pr\u00e1ticas sustent\u00e1veis, \u00e9 poss\u00edvel esperar que essas li\u00e7\u00f5es ressoem em toda a comunidade de motoristas, promovendo um impacto positivo tanto no setor de transporte quanto na mobilidade urbana.<\/p>\n","protected":false},"excerpt":{"rendered":"<p>Full Time Sports Acelera Forte na 3\u00aa Etapa da Copa Truck em Cascavel No dia 3 de maio, a Full Time Sports Truck competiu na terceira etapa da Copa Truck em Cascavel (PR), celebrando um in\u00edcio de temporada promissor com sua primeira vit\u00f3ria. Essa performance n\u00e3o apenas destaca a crescente competitividade da equipe, mas tamb\u00e9m &hellip;<\/p>\n","protected":false},"author":4,"featured_media":9445,"comment_status":"","ping_status":"open","sticky":false,"template":"","format":"standard","meta":{"footnotes":""},"categories":[78,77],"tags":[],"coauthors":[42],"class_list":["post-9444","post","type-post","status-publish","format-standard","has-post-thumbnail","hentry","category-carreteiro","category-motorista"],"yoast_head":"<!-- This site is optimized with the Yoast SEO Premium plugin v25.5 (Yoast SEO v27.5) - https:\/\/yoast.com\/product\/yoast-seo-premium-wordpress\/ -->\n<title>Full Time Sports brilha na 3\u00aa etapa da Copa Truck em Cascavel. - Motorista.com.br<\/title>\n<meta name=\"robots\" content=\"index, follow, max-snippet:-1, max-image-preview:large, max-video-preview:-1\" \/>\n<link rel=\"canonical\" href=\"https:\/\/motorista.com.br\/noticias\/2026\/05\/01\/full-time-sports-brilha-na-3a-etapa-da-copa-truck-em-cascavel\/\" \/>\n<meta property=\"og:locale\" content=\"pt_BR\" \/>\n<meta property=\"og:type\" content=\"article\" \/>\n<meta property=\"og:title\" content=\"Full Time Sports brilha na 3\u00aa etapa da Copa Truck em Cascavel.\" \/>\n<meta property=\"og:description\" content=\"Full Time Sports Acelera Forte na 3\u00aa Etapa da Copa Truck em Cascavel No dia 3 de maio, a Full Time Sports Truck competiu na terceira etapa da Copa Truck em Cascavel (PR), celebrando um in\u00edcio de temporada promissor com sua primeira vit\u00f3ria. Essa performance n\u00e3o apenas destaca a crescente competitividade da equipe, mas tamb\u00e9m &hellip;\" \/>\n<meta property=\"og:url\" content=\"https:\/\/motorista.com.br\/noticias\/2026\/05\/01\/full-time-sports-brilha-na-3a-etapa-da-copa-truck-em-cascavel\/\" \/>\n<meta property=\"og:site_name\" content=\"Motorista.com.br\" \/>\n<meta property=\"article:published_time\" content=\"2026-05-01T20:13:15+00:00\" \/>\n<meta name=\"author\" content=\"Equipe Reda\u00e7\u00e3o\" \/>\n<meta name=\"twitter:card\" content=\"summary_large_image\" \/>\n<meta name=\"twitter:label1\" content=\"Escrito por\" \/>\n\t<meta name=\"twitter:data1\" content=\"Equipe Reda\u00e7\u00e3o\" \/>\n\t<meta name=\"twitter:label2\" content=\"Est. tempo de leitura\" \/>\n\t<meta name=\"twitter:data2\" content=\"3 minutos\" \/>\n\t<meta name=\"twitter:label3\" content=\"Written by\" \/>\n\t<meta name=\"twitter:data3\" content=\"Equipe Reda\u00e7\u00e3o\" \/>\n<script type=\"application\/ld+json\" class=\"yoast-schema-graph\">{\"@context\":\"https:\\\/\\\/schema.org\",\"@graph\":[{\"@type\":\"Article\",\"@id\":\"https:\\\/\\\/motorista.com.br\\\/noticias\\\/2026\\\/05\\\/01\\\/full-time-sports-brilha-na-3a-etapa-da-copa-truck-em-cascavel\\\/#article\",\"isPartOf\":{\"@id\":\"https:\\\/\\\/motorista.com.br\\\/noticias\\\/2026\\\/05\\\/01\\\/full-time-sports-brilha-na-3a-etapa-da-copa-truck-em-cascavel\\\/\"},\"author\":{\"name\":\"Equipe Reda\u00e7\u00e3o\",\"@id\":\"https:\\\/\\\/motorista.com.br\\\/noticias\\\/#\\\/schema\\\/person\\\/dc93afc2981c0e3ce6bc3c053fd847be\"},\"headline\":\"Full Time Sports brilha na 3\u00aa etapa da Copa Truck em Cascavel.\",\"datePublished\":\"2026-05-01T20:13:15+00:00\",\"mainEntityOfPage\":{\"@id\":\"https:\\\/\\\/motorista.com.br\\\/noticias\\\/2026\\\/05\\\/01\\\/full-time-sports-brilha-na-3a-etapa-da-copa-truck-em-cascavel\\\/\"},\"wordCount\":569,\"publisher\":{\"@id\":\"https:\\\/\\\/motorista.com.br\\\/noticias\\\/#organization\"},\"image\":{\"@id\":\"https:\\\/\\\/motorista.com.br\\\/noticias\\\/2026\\\/05\\\/01\\\/full-time-sports-brilha-na-3a-etapa-da-copa-truck-em-cascavel\\\/#primaryimage\"},\"thumbnailUrl\":\"https:\\\/\\\/motorista.com.br\\\/noticias\\\/wp-content\\\/uploads\\\/2026\\\/05\\\/copa-truck-2.jpeg\",\"articleSection\":[\"Carreteiro\",\"Motorista\"],\"inLanguage\":\"pt-BR\"},{\"@type\":\"WebPage\",\"@id\":\"https:\\\/\\\/motorista.com.br\\\/noticias\\\/2026\\\/05\\\/01\\\/full-time-sports-brilha-na-3a-etapa-da-copa-truck-em-cascavel\\\/\",\"url\":\"https:\\\/\\\/motorista.com.br\\\/noticias\\\/2026\\\/05\\\/01\\\/full-time-sports-brilha-na-3a-etapa-da-copa-truck-em-cascavel\\\/\",\"name\":\"Full Time Sports brilha na 3\u00aa etapa da Copa Truck em Cascavel. - Motorista.com.br\",\"isPartOf\":{\"@id\":\"https:\\\/\\\/motorista.com.br\\\/noticias\\\/#website\"},\"primaryImageOfPage\":{\"@id\":\"https:\\\/\\\/motorista.com.br\\\/noticias\\\/2026\\\/05\\\/01\\\/full-time-sports-brilha-na-3a-etapa-da-copa-truck-em-cascavel\\\/#primaryimage\"},\"image\":{\"@id\":\"https:\\\/\\\/motorista.com.br\\\/noticias\\\/2026\\\/05\\\/01\\\/full-time-sports-brilha-na-3a-etapa-da-copa-truck-em-cascavel\\\/#primaryimage\"},\"thumbnailUrl\":\"https:\\\/\\\/motorista.com.br\\\/noticias\\\/wp-content\\\/uploads\\\/2026\\\/05\\\/copa-truck-2.jpeg\",\"datePublished\":\"2026-05-01T20:13:15+00:00\",\"breadcrumb\":{\"@id\":\"https:\\\/\\\/motorista.com.br\\\/noticias\\\/2026\\\/05\\\/01\\\/full-time-sports-brilha-na-3a-etapa-da-copa-truck-em-cascavel\\\/#breadcrumb\"},\"inLanguage\":\"pt-BR\",\"potentialAction\":[{\"@type\":\"ReadAction\",\"target\":[\"https:\\\/\\\/motorista.com.br\\\/noticias\\\/2026\\\/05\\\/01\\\/full-time-sports-brilha-na-3a-etapa-da-copa-truck-em-cascavel\\\/\"]}]},{\"@type\":\"ImageObject\",\"inLanguage\":\"pt-BR\",\"@id\":\"https:\\\/\\\/motorista.com.br\\\/noticias\\\/2026\\\/05\\\/01\\\/full-time-sports-brilha-na-3a-etapa-da-copa-truck-em-cascavel\\\/#primaryimage\",\"url\":\"https:\\\/\\\/motorista.com.br\\\/noticias\\\/wp-content\\\/uploads\\\/2026\\\/05\\\/copa-truck-2.jpeg\",\"contentUrl\":\"https:\\\/\\\/motorista.com.br\\\/noticias\\\/wp-content\\\/uploads\\\/2026\\\/05\\\/copa-truck-2.jpeg\",\"width\":1280,\"height\":853},{\"@type\":\"BreadcrumbList\",\"@id\":\"https:\\\/\\\/motorista.com.br\\\/noticias\\\/2026\\\/05\\\/01\\\/full-time-sports-brilha-na-3a-etapa-da-copa-truck-em-cascavel\\\/#breadcrumb\",\"itemListElement\":[{\"@type\":\"ListItem\",\"position\":1,\"name\":\"In\u00edcio\",\"item\":\"https:\\\/\\\/motorista.com.br\\\/noticias\\\/\"},{\"@type\":\"ListItem\",\"position\":2,\"name\":\"Full Time Sports brilha na 3\u00aa etapa da Copa Truck em Cascavel.\"}]},{\"@type\":\"WebSite\",\"@id\":\"https:\\\/\\\/motorista.com.br\\\/noticias\\\/#website\",\"url\":\"https:\\\/\\\/motorista.com.br\\\/noticias\\\/\",\"name\":\"Motorista.com.br\",\"description\":\"Not\u00edcia do Motorista\",\"publisher\":{\"@id\":\"https:\\\/\\\/motorista.com.br\\\/noticias\\\/#organization\"},\"potentialAction\":[{\"@type\":\"SearchAction\",\"target\":{\"@type\":\"EntryPoint\",\"urlTemplate\":\"https:\\\/\\\/motorista.com.br\\\/noticias\\\/?s={search_term_string}\"},\"query-input\":{\"@type\":\"PropertyValueSpecification\",\"valueRequired\":true,\"valueName\":\"search_term_string\"}}],\"inLanguage\":\"pt-BR\"},{\"@type\":\"Organization\",\"@id\":\"https:\\\/\\\/motorista.com.br\\\/noticias\\\/#organization\",\"name\":\"Motorista.com.br\",\"url\":\"https:\\\/\\\/motorista.com.br\\\/noticias\\\/\",\"logo\":{\"@type\":\"ImageObject\",\"inLanguage\":\"pt-BR\",\"@id\":\"https:\\\/\\\/motorista.com.br\\\/noticias\\\/#\\\/schema\\\/logo\\\/image\\\/\",\"url\":\"https:\\\/\\\/motorista.com.br\\\/noticias\\\/wp-content\\\/uploads\\\/2025\\\/06\\\/Design-sem-nome-9.png\",\"contentUrl\":\"https:\\\/\\\/motorista.com.br\\\/noticias\\\/wp-content\\\/uploads\\\/2025\\\/06\\\/Design-sem-nome-9.png\",\"width\":150,\"height\":85,\"caption\":\"Motorista.com.br\"},\"image\":{\"@id\":\"https:\\\/\\\/motorista.com.br\\\/noticias\\\/#\\\/schema\\\/logo\\\/image\\\/\"}},{\"@type\":\"Person\",\"@id\":\"https:\\\/\\\/motorista.com.br\\\/noticias\\\/#\\\/schema\\\/person\\\/dc93afc2981c0e3ce6bc3c053fd847be\",\"name\":\"Equipe Reda\u00e7\u00e3o\",\"image\":{\"@type\":\"ImageObject\",\"inLanguage\":\"pt-BR\",\"@id\":\"https:\\\/\\\/secure.gravatar.com\\\/avatar\\\/4f525efbf18dd2bb300ccad28bfb99d95a9465a5ba268407c8c37b37e1f28d2d?s=96&d=mm&r=g9e099043a0c61e9ae27e293b9fa75ffc\",\"url\":\"https:\\\/\\\/secure.gravatar.com\\\/avatar\\\/4f525efbf18dd2bb300ccad28bfb99d95a9465a5ba268407c8c37b37e1f28d2d?s=96&d=mm&r=g\",\"contentUrl\":\"https:\\\/\\\/secure.gravatar.com\\\/avatar\\\/4f525efbf18dd2bb300ccad28bfb99d95a9465a5ba268407c8c37b37e1f28d2d?s=96&d=mm&r=g\",\"caption\":\"Equipe Reda\u00e7\u00e3o\"},\"description\":\"Equipe de reda\u00e7\u00e3o \u00e9 um grupo de profissionais que trabalham juntos para criar conte\u00fado escrito para Motorista.com.br\",\"url\":\"https:\\\/\\\/motorista.com.br\\\/noticias\\\/author\\\/equiperedacao\\\/\"}]}<\/script>\n<!-- \/ Yoast SEO Premium plugin. -->","yoast_head_json":{"title":"Full Time Sports brilha na 3\u00aa etapa da Copa Truck em Cascavel. - Motorista.com.br","robots":{"index":"index","follow":"follow","max-snippet":"max-snippet:-1","max-image-preview":"max-image-preview:large","max-video-preview":"max-video-preview:-1"},"canonical":"https:\/\/motorista.com.br\/noticias\/2026\/05\/01\/full-time-sports-brilha-na-3a-etapa-da-copa-truck-em-cascavel\/","og_locale":"pt_BR","og_type":"article","og_title":"Full Time Sports brilha na 3\u00aa etapa da Copa Truck em Cascavel.","og_description":"Full Time Sports Acelera Forte na 3\u00aa Etapa da Copa Truck em Cascavel No dia 3 de maio, a Full Time Sports Truck competiu na terceira etapa da Copa Truck em Cascavel (PR), celebrando um in\u00edcio de temporada promissor com sua primeira vit\u00f3ria. Essa performance n\u00e3o apenas destaca a crescente competitividade da equipe, mas tamb\u00e9m &hellip;","og_url":"https:\/\/motorista.com.br\/noticias\/2026\/05\/01\/full-time-sports-brilha-na-3a-etapa-da-copa-truck-em-cascavel\/","og_site_name":"Motorista.com.br","article_published_time":"2026-05-01T20:13:15+00:00","author":"Equipe Reda\u00e7\u00e3o","twitter_card":"summary_large_image","twitter_misc":{"Escrito por":"Equipe Reda\u00e7\u00e3o","Est. tempo de leitura":"3 minutos","Written by":"Equipe Reda\u00e7\u00e3o"},"schema":{"@context":"https:\/\/schema.org","@graph":[{"@type":"Article","@id":"https:\/\/motorista.com.br\/noticias\/2026\/05\/01\/full-time-sports-brilha-na-3a-etapa-da-copa-truck-em-cascavel\/#article","isPartOf":{"@id":"https:\/\/motorista.com.br\/noticias\/2026\/05\/01\/full-time-sports-brilha-na-3a-etapa-da-copa-truck-em-cascavel\/"},"author":{"name":"Equipe Reda\u00e7\u00e3o","@id":"https:\/\/motorista.com.br\/noticias\/#\/schema\/person\/dc93afc2981c0e3ce6bc3c053fd847be"},"headline":"Full Time Sports brilha na 3\u00aa etapa da Copa Truck em Cascavel.","datePublished":"2026-05-01T20:13:15+00:00","mainEntityOfPage":{"@id":"https:\/\/motorista.com.br\/noticias\/2026\/05\/01\/full-time-sports-brilha-na-3a-etapa-da-copa-truck-em-cascavel\/"},"wordCount":569,"publisher":{"@id":"https:\/\/motorista.com.br\/noticias\/#organization"},"image":{"@id":"https:\/\/motorista.com.br\/noticias\/2026\/05\/01\/full-time-sports-brilha-na-3a-etapa-da-copa-truck-em-cascavel\/#primaryimage"},"thumbnailUrl":"https:\/\/motorista.com.br\/noticias\/wp-content\/uploads\/2026\/05\/copa-truck-2.jpeg","articleSection":["Carreteiro","Motorista"],"inLanguage":"pt-BR"},{"@type":"WebPage","@id":"https:\/\/motorista.com.br\/noticias\/2026\/05\/01\/full-time-sports-brilha-na-3a-etapa-da-copa-truck-em-cascavel\/","url":"https:\/\/motorista.com.br\/noticias\/2026\/05\/01\/full-time-sports-brilha-na-3a-etapa-da-copa-truck-em-cascavel\/","name":"Full Time Sports brilha na 3\u00aa etapa da Copa Truck em Cascavel. - Motorista.com.br","isPartOf":{"@id":"https:\/\/motorista.com.br\/noticias\/#website"},"primaryImageOfPage":{"@id":"https:\/\/motorista.com.br\/noticias\/2026\/05\/01\/full-time-sports-brilha-na-3a-etapa-da-copa-truck-em-cascavel\/#primaryimage"},"image":{"@id":"https:\/\/motorista.com.br\/noticias\/2026\/05\/01\/full-time-sports-brilha-na-3a-etapa-da-copa-truck-em-cascavel\/#primaryimage"},"thumbnailUrl":"https:\/\/motorista.com.br\/noticias\/wp-content\/uploads\/2026\/05\/copa-truck-2.jpeg","datePublished":"2026-05-01T20:13:15+00:00","breadcrumb":{"@id":"https:\/\/motorista.com.br\/noticias\/2026\/05\/01\/full-time-sports-brilha-na-3a-etapa-da-copa-truck-em-cascavel\/#breadcrumb"},"inLanguage":"pt-BR","potentialAction":[{"@type":"ReadAction","target":["https:\/\/motorista.com.br\/noticias\/2026\/05\/01\/full-time-sports-brilha-na-3a-etapa-da-copa-truck-em-cascavel\/"]}]},{"@type":"ImageObject","inLanguage":"pt-BR","@id":"https:\/\/motorista.com.br\/noticias\/2026\/05\/01\/full-time-sports-brilha-na-3a-etapa-da-copa-truck-em-cascavel\/#primaryimage","url":"https:\/\/motorista.com.br\/noticias\/wp-content\/uploads\/2026\/05\/copa-truck-2.jpeg","contentUrl":"https:\/\/motorista.com.br\/noticias\/wp-content\/uploads\/2026\/05\/copa-truck-2.jpeg","width":1280,"height":853},{"@type":"BreadcrumbList","@id":"https:\/\/motorista.com.br\/noticias\/2026\/05\/01\/full-time-sports-brilha-na-3a-etapa-da-copa-truck-em-cascavel\/#breadcrumb","itemListElement":[{"@type":"ListItem","position":1,"name":"In\u00edcio","item":"https:\/\/motorista.com.br\/noticias\/"},{"@type":"ListItem","position":2,"name":"Full Time Sports brilha na 3\u00aa etapa da Copa Truck em Cascavel."}]},{"@type":"WebSite","@id":"https:\/\/motorista.com.br\/noticias\/#website","url":"https:\/\/motorista.com.br\/noticias\/","name":"Motorista.com.br","description":"Not\u00edcia do Motorista","publisher":{"@id":"https:\/\/motorista.com.br\/noticias\/#organization"},"potentialAction":[{"@type":"SearchAction","target":{"@type":"EntryPoint","urlTemplate":"https:\/\/motorista.com.br\/noticias\/?s={search_term_string}"},"query-input":{"@type":"PropertyValueSpecification","valueRequired":true,"valueName":"search_term_string"}}],"inLanguage":"pt-BR"},{"@type":"Organization","@id":"https:\/\/motorista.com.br\/noticias\/#organization","name":"Motorista.com.br","url":"https:\/\/motorista.com.br\/noticias\/","logo":{"@type":"ImageObject","inLanguage":"pt-BR","@id":"https:\/\/motorista.com.br\/noticias\/#\/schema\/logo\/image\/","url":"https:\/\/motorista.com.br\/noticias\/wp-content\/uploads\/2025\/06\/Design-sem-nome-9.png","contentUrl":"https:\/\/motorista.com.br\/noticias\/wp-content\/uploads\/2025\/06\/Design-sem-nome-9.png","width":150,"height":85,"caption":"Motorista.com.br"},"image":{"@id":"https:\/\/motorista.com.br\/noticias\/#\/schema\/logo\/image\/"}},{"@type":"Person","@id":"https:\/\/motorista.com.br\/noticias\/#\/schema\/person\/dc93afc2981c0e3ce6bc3c053fd847be","name":"Equipe Reda\u00e7\u00e3o","image":{"@type":"ImageObject","inLanguage":"pt-BR","@id":"https:\/\/secure.gravatar.com\/avatar\/4f525efbf18dd2bb300ccad28bfb99d95a9465a5ba268407c8c37b37e1f28d2d?s=96&d=mm&r=g9e099043a0c61e9ae27e293b9fa75ffc","url":"https:\/\/secure.gravatar.com\/avatar\/4f525efbf18dd2bb300ccad28bfb99d95a9465a5ba268407c8c37b37e1f28d2d?s=96&d=mm&r=g","contentUrl":"https:\/\/secure.gravatar.com\/avatar\/4f525efbf18dd2bb300ccad28bfb99d95a9465a5ba268407c8c37b37e1f28d2d?s=96&d=mm&r=g","caption":"Equipe Reda\u00e7\u00e3o"},"description":"Equipe de reda\u00e7\u00e3o \u00e9 um grupo de profissionais que trabalham juntos para criar conte\u00fado escrito para Motorista.com.br","url":"https:\/\/motorista.com.br\/noticias\/author\/equiperedacao\/"}]}},"_links":{"self":[{"href":"https:\/\/motorista.com.br\/noticias\/wp-json\/wp\/v2\/posts\/9444","targetHints":{"allow":["GET"]}}],"collection":[{"href":"https:\/\/motorista.com.br\/noticias\/wp-json\/wp\/v2\/posts"}],"about":[{"href":"https:\/\/motorista.com.br\/noticias\/wp-json\/wp\/v2\/types\/post"}],"author":[{"embeddable":true,"href":"https:\/\/motorista.com.br\/noticias\/wp-json\/wp\/v2\/users\/4"}],"replies":[{"embeddable":true,"href":"https:\/\/motorista.com.br\/noticias\/wp-json\/wp\/v2\/comments?post=9444"}],"version-history":[{"count":0,"href":"https:\/\/motorista.com.br\/noticias\/wp-json\/wp\/v2\/posts\/9444\/revisions"}],"wp:featuredmedia":[{"embeddable":true,"href":"https:\/\/motorista.com.br\/noticias\/wp-json\/wp\/v2\/media\/9445"}],"wp:attachment":[{"href":"https:\/\/motorista.com.br\/noticias\/wp-json\/wp\/v2\/media?parent=9444"}],"wp:term":[{"taxonomy":"category","embeddable":true,"href":"https:\/\/motorista.com.br\/noticias\/wp-json\/wp\/v2\/categories?post=9444"},{"taxonomy":"post_tag","embeddable":true,"href":"https:\/\/motorista.com.br\/noticias\/wp-json\/wp\/v2\/tags?post=9444"},{"taxonomy":"author","embeddable":true,"href":"https:\/\/motorista.com.br\/noticias\/wp-json\/wp\/v2\/coauthors?post=9444"}],"curies":[{"name":"wp","href":"https:\/\/api.w.org\/{rel}","templated":true}]}}