{"id":9442,"date":"2026-05-01T16:59:01","date_gmt":"2026-05-01T19:59:01","guid":{"rendered":"https:\/\/motorista.com.br\/noticias\/2026\/05\/01\/trump-divulga-novas-punicoes-ao-governo-cubano\/"},"modified":"2026-05-01T16:59:01","modified_gmt":"2026-05-01T19:59:01","slug":"trump-divulga-novas-punicoes-ao-governo-cubano","status":"publish","type":"post","link":"https:\/\/motorista.com.br\/noticias\/2026\/05\/01\/trump-divulga-novas-punicoes-ao-governo-cubano\/","title":{"rendered":"Trump divulga novas puni\u00e7\u00f5es ao governo cubano."},"content":{"rendered":"<p><\/p>\n<p><strong>Trump Anuncia Novas San\u00e7\u00f5es Contra o Governo de Cuba: Impactos para os Motoristas e a Mobilidade Geral<\/strong><\/p>\n<p>O recente an\u00fancio do presidente dos Estados Unidos, Donald Trump, sobre a imposi\u00e7\u00e3o de novas san\u00e7\u00f5es ao governo de Cuba traz \u00e0 tona quest\u00f5es relevantes n\u00e3o apenas para a pol\u00edtica internacional, mas tamb\u00e9m para motoristas e a mobilidade geral em diversas regi\u00f5es.<\/p>\n<p>As san\u00e7\u00f5es propostas t\u00eam o objetivo de limitar as opera\u00e7\u00f5es financeiras do governo cubano e endurecer as normas migrat\u00f3rias, impactando diretamente a economia da ilha. Para os motoristas e a popula\u00e7\u00e3o em geral, isso pode significar restri\u00e7\u00f5es no acesso a bens essenciais, incluindo combust\u00edvel e partes para ve\u00edculos. Desde janeiro, o bloqueio petrol\u00edfero j\u00e1 restringiu a entrada de combust\u00edveis em Cuba, o que pode agravar a situa\u00e7\u00e3o do transporte e da mobilidade nas estradas da ilha.<\/p>\n<p>Ao limitar as importa\u00e7\u00f5es, as san\u00e7\u00f5es tamb\u00e9m podem resultar em um aumento nos pre\u00e7os de servi\u00e7os e produtos, afetando de maneira significativa as rotinas di\u00e1rias dos motoristas cubanos. Esses desafios refletem, em um cen\u00e1rio mais amplo, a dificuldade de acesso a servi\u00e7os b\u00e1sicos que garantem uma mobilidade eficiente.<\/p>\n<p>Al\u00e9m disso, a ret\u00f3rica de Trump de classificar o governo cubano como uma &quot;amea\u00e7a extraordin\u00e1ria&quot; \u00e0 seguran\u00e7a nacional dos EUA ecoa uma tens\u00e3o que pode influenciar a percep\u00e7\u00e3o global sobre a ilha e suas pol\u00edticas internas. Essa percep\u00e7\u00e3o pode reverberar em iniciativas de mobilidade ao redor do mundo, uma vez que a imagem de um pa\u00eds em crise pode afetar o turismo e as rela\u00e7\u00f5es bilaterais, limitando interc\u00e2mbios que poderiam beneficiar tamb\u00e9m o setor automobil\u00edstico.<\/p>\n<p>Por fim, \u00e0 medida que as san\u00e7\u00f5es se intensificam, a quest\u00e3o da mobilidade torna-se uma camada adicional de complexidade para os motoristas cubanos e para a popula\u00e7\u00e3o que depende de um sistema de transporte funcional. A interconex\u00e3o entre pol\u00edticas internacionais e o cotidiano das pessoas \u00e9 um lembrete importante de como as decis\u00f5es tomadas em esferas superiores podem ter impactos diretos na vida das comunidades.<\/p>\n<p>Assim, o an\u00fancio de novas san\u00e7\u00f5es n\u00e3o apenas altera o panorama pol\u00edtico, mas tamb\u00e9m afeta a mobilidade e as condi\u00e7\u00f5es de vida dos motoristas, tornando-se um reflexo das repercuss\u00f5es que v\u00e3o al\u00e9m das rela\u00e7\u00f5es diplom\u00e1ticas.<\/p>\n","protected":false},"excerpt":{"rendered":"<p>Trump Anuncia Novas San\u00e7\u00f5es Contra o Governo de Cuba: Impactos para os Motoristas e a Mobilidade Geral O recente an\u00fancio do presidente dos Estados Unidos, Donald Trump, sobre a imposi\u00e7\u00e3o de novas san\u00e7\u00f5es ao governo de Cuba traz \u00e0 tona quest\u00f5es relevantes n\u00e3o apenas para a pol\u00edtica internacional, mas tamb\u00e9m para motoristas e a mobilidade &hellip;<\/p>\n","protected":false},"author":4,"featured_media":9443,"comment_status":"","ping_status":"open","sticky":false,"template":"","format":"standard","meta":{"footnotes":""},"categories":[45],"tags":[],"coauthors":[42],"class_list":["post-9442","post","type-post","status-publish","format-standard","has-post-thumbnail","hentry","category-mundo"],"yoast_head":"<!-- This site is optimized with the Yoast SEO Premium plugin v25.5 (Yoast SEO v27.5) - https:\/\/yoast.com\/product\/yoast-seo-premium-wordpress\/ -->\n<title>Trump divulga novas puni\u00e7\u00f5es ao governo cubano. - Motorista.com.br<\/title>\n<meta name=\"robots\" content=\"index, follow, max-snippet:-1, max-image-preview:large, max-video-preview:-1\" \/>\n<link rel=\"canonical\" href=\"https:\/\/motorista.com.br\/noticias\/2026\/05\/01\/trump-divulga-novas-punicoes-ao-governo-cubano\/\" \/>\n<meta property=\"og:locale\" content=\"pt_BR\" \/>\n<meta property=\"og:type\" content=\"article\" \/>\n<meta property=\"og:title\" content=\"Trump divulga novas puni\u00e7\u00f5es ao governo cubano.\" \/>\n<meta property=\"og:description\" content=\"Trump Anuncia Novas San\u00e7\u00f5es Contra o Governo de Cuba: Impactos para os Motoristas e a Mobilidade Geral O recente an\u00fancio do presidente dos Estados Unidos, Donald Trump, sobre a imposi\u00e7\u00e3o de novas san\u00e7\u00f5es ao governo de Cuba traz \u00e0 tona quest\u00f5es relevantes n\u00e3o apenas para a pol\u00edtica internacional, mas tamb\u00e9m para motoristas e a mobilidade &hellip;\" \/>\n<meta property=\"og:url\" content=\"https:\/\/motorista.com.br\/noticias\/2026\/05\/01\/trump-divulga-novas-punicoes-ao-governo-cubano\/\" \/>\n<meta property=\"og:site_name\" content=\"Motorista.com.br\" \/>\n<meta property=\"article:published_time\" content=\"2026-05-01T19:59:01+00:00\" \/>\n<meta name=\"author\" content=\"Equipe Reda\u00e7\u00e3o\" \/>\n<meta name=\"twitter:card\" content=\"summary_large_image\" \/>\n<meta name=\"twitter:label1\" content=\"Escrito por\" \/>\n\t<meta name=\"twitter:data1\" content=\"Equipe Reda\u00e7\u00e3o\" \/>\n\t<meta name=\"twitter:label2\" content=\"Est. tempo de leitura\" \/>\n\t<meta name=\"twitter:data2\" content=\"2 minutos\" \/>\n\t<meta name=\"twitter:label3\" content=\"Written by\" \/>\n\t<meta name=\"twitter:data3\" content=\"Equipe Reda\u00e7\u00e3o\" \/>\n<script type=\"application\/ld+json\" class=\"yoast-schema-graph\">{\"@context\":\"https:\\\/\\\/schema.org\",\"@graph\":[{\"@type\":\"Article\",\"@id\":\"https:\\\/\\\/motorista.com.br\\\/noticias\\\/2026\\\/05\\\/01\\\/trump-divulga-novas-punicoes-ao-governo-cubano\\\/#article\",\"isPartOf\":{\"@id\":\"https:\\\/\\\/motorista.com.br\\\/noticias\\\/2026\\\/05\\\/01\\\/trump-divulga-novas-punicoes-ao-governo-cubano\\\/\"},\"author\":{\"name\":\"Equipe Reda\u00e7\u00e3o\",\"@id\":\"https:\\\/\\\/motorista.com.br\\\/noticias\\\/#\\\/schema\\\/person\\\/dc93afc2981c0e3ce6bc3c053fd847be\"},\"headline\":\"Trump divulga novas puni\u00e7\u00f5es ao governo cubano.\",\"datePublished\":\"2026-05-01T19:59:01+00:00\",\"mainEntityOfPage\":{\"@id\":\"https:\\\/\\\/motorista.com.br\\\/noticias\\\/2026\\\/05\\\/01\\\/trump-divulga-novas-punicoes-ao-governo-cubano\\\/\"},\"wordCount\":424,\"publisher\":{\"@id\":\"https:\\\/\\\/motorista.com.br\\\/noticias\\\/#organization\"},\"image\":{\"@id\":\"https:\\\/\\\/motorista.com.br\\\/noticias\\\/2026\\\/05\\\/01\\\/trump-divulga-novas-punicoes-ao-governo-cubano\\\/#primaryimage\"},\"thumbnailUrl\":\"https:\\\/\\\/motorista.com.br\\\/noticias\\\/wp-content\\\/uploads\\\/2026\\\/05\\\/AFP__20260426__A8YZ8N4__v2__MidRes__WhiteHouseCorrespondentsAssociationDinner.jpg\",\"articleSection\":[\"Mundo\"],\"inLanguage\":\"pt-BR\"},{\"@type\":\"WebPage\",\"@id\":\"https:\\\/\\\/motorista.com.br\\\/noticias\\\/2026\\\/05\\\/01\\\/trump-divulga-novas-punicoes-ao-governo-cubano\\\/\",\"url\":\"https:\\\/\\\/motorista.com.br\\\/noticias\\\/2026\\\/05\\\/01\\\/trump-divulga-novas-punicoes-ao-governo-cubano\\\/\",\"name\":\"Trump divulga novas puni\u00e7\u00f5es ao governo cubano. - Motorista.com.br\",\"isPartOf\":{\"@id\":\"https:\\\/\\\/motorista.com.br\\\/noticias\\\/#website\"},\"primaryImageOfPage\":{\"@id\":\"https:\\\/\\\/motorista.com.br\\\/noticias\\\/2026\\\/05\\\/01\\\/trump-divulga-novas-punicoes-ao-governo-cubano\\\/#primaryimage\"},\"image\":{\"@id\":\"https:\\\/\\\/motorista.com.br\\\/noticias\\\/2026\\\/05\\\/01\\\/trump-divulga-novas-punicoes-ao-governo-cubano\\\/#primaryimage\"},\"thumbnailUrl\":\"https:\\\/\\\/motorista.com.br\\\/noticias\\\/wp-content\\\/uploads\\\/2026\\\/05\\\/AFP__20260426__A8YZ8N4__v2__MidRes__WhiteHouseCorrespondentsAssociationDinner.jpg\",\"datePublished\":\"2026-05-01T19:59:01+00:00\",\"breadcrumb\":{\"@id\":\"https:\\\/\\\/motorista.com.br\\\/noticias\\\/2026\\\/05\\\/01\\\/trump-divulga-novas-punicoes-ao-governo-cubano\\\/#breadcrumb\"},\"inLanguage\":\"pt-BR\",\"potentialAction\":[{\"@type\":\"ReadAction\",\"target\":[\"https:\\\/\\\/motorista.com.br\\\/noticias\\\/2026\\\/05\\\/01\\\/trump-divulga-novas-punicoes-ao-governo-cubano\\\/\"]}]},{\"@type\":\"ImageObject\",\"inLanguage\":\"pt-BR\",\"@id\":\"https:\\\/\\\/motorista.com.br\\\/noticias\\\/2026\\\/05\\\/01\\\/trump-divulga-novas-punicoes-ao-governo-cubano\\\/#primaryimage\",\"url\":\"https:\\\/\\\/motorista.com.br\\\/noticias\\\/wp-content\\\/uploads\\\/2026\\\/05\\\/AFP__20260426__A8YZ8N4__v2__MidRes__WhiteHouseCorrespondentsAssociationDinner.jpg\",\"contentUrl\":\"https:\\\/\\\/motorista.com.br\\\/noticias\\\/wp-content\\\/uploads\\\/2026\\\/05\\\/AFP__20260426__A8YZ8N4__v2__MidRes__WhiteHouseCorrespondentsAssociationDinner.jpg\",\"width\":1200,\"height\":870},{\"@type\":\"BreadcrumbList\",\"@id\":\"https:\\\/\\\/motorista.com.br\\\/noticias\\\/2026\\\/05\\\/01\\\/trump-divulga-novas-punicoes-ao-governo-cubano\\\/#breadcrumb\",\"itemListElement\":[{\"@type\":\"ListItem\",\"position\":1,\"name\":\"In\u00edcio\",\"item\":\"https:\\\/\\\/motorista.com.br\\\/noticias\\\/\"},{\"@type\":\"ListItem\",\"position\":2,\"name\":\"Trump divulga novas puni\u00e7\u00f5es ao governo cubano.\"}]},{\"@type\":\"WebSite\",\"@id\":\"https:\\\/\\\/motorista.com.br\\\/noticias\\\/#website\",\"url\":\"https:\\\/\\\/motorista.com.br\\\/noticias\\\/\",\"name\":\"Motorista.com.br\",\"description\":\"Not\u00edcia do Motorista\",\"publisher\":{\"@id\":\"https:\\\/\\\/motorista.com.br\\\/noticias\\\/#organization\"},\"potentialAction\":[{\"@type\":\"SearchAction\",\"target\":{\"@type\":\"EntryPoint\",\"urlTemplate\":\"https:\\\/\\\/motorista.com.br\\\/noticias\\\/?s={search_term_string}\"},\"query-input\":{\"@type\":\"PropertyValueSpecification\",\"valueRequired\":true,\"valueName\":\"search_term_string\"}}],\"inLanguage\":\"pt-BR\"},{\"@type\":\"Organization\",\"@id\":\"https:\\\/\\\/motorista.com.br\\\/noticias\\\/#organization\",\"name\":\"Motorista.com.br\",\"url\":\"https:\\\/\\\/motorista.com.br\\\/noticias\\\/\",\"logo\":{\"@type\":\"ImageObject\",\"inLanguage\":\"pt-BR\",\"@id\":\"https:\\\/\\\/motorista.com.br\\\/noticias\\\/#\\\/schema\\\/logo\\\/image\\\/\",\"url\":\"https:\\\/\\\/motorista.com.br\\\/noticias\\\/wp-content\\\/uploads\\\/2025\\\/06\\\/Design-sem-nome-9.png\",\"contentUrl\":\"https:\\\/\\\/motorista.com.br\\\/noticias\\\/wp-content\\\/uploads\\\/2025\\\/06\\\/Design-sem-nome-9.png\",\"width\":150,\"height\":85,\"caption\":\"Motorista.com.br\"},\"image\":{\"@id\":\"https:\\\/\\\/motorista.com.br\\\/noticias\\\/#\\\/schema\\\/logo\\\/image\\\/\"}},{\"@type\":\"Person\",\"@id\":\"https:\\\/\\\/motorista.com.br\\\/noticias\\\/#\\\/schema\\\/person\\\/dc93afc2981c0e3ce6bc3c053fd847be\",\"name\":\"Equipe Reda\u00e7\u00e3o\",\"image\":{\"@type\":\"ImageObject\",\"inLanguage\":\"pt-BR\",\"@id\":\"https:\\\/\\\/secure.gravatar.com\\\/avatar\\\/4f525efbf18dd2bb300ccad28bfb99d95a9465a5ba268407c8c37b37e1f28d2d?s=96&d=mm&r=g9e099043a0c61e9ae27e293b9fa75ffc\",\"url\":\"https:\\\/\\\/secure.gravatar.com\\\/avatar\\\/4f525efbf18dd2bb300ccad28bfb99d95a9465a5ba268407c8c37b37e1f28d2d?s=96&d=mm&r=g\",\"contentUrl\":\"https:\\\/\\\/secure.gravatar.com\\\/avatar\\\/4f525efbf18dd2bb300ccad28bfb99d95a9465a5ba268407c8c37b37e1f28d2d?s=96&d=mm&r=g\",\"caption\":\"Equipe Reda\u00e7\u00e3o\"},\"description\":\"Equipe de reda\u00e7\u00e3o \u00e9 um grupo de profissionais que trabalham juntos para criar conte\u00fado escrito para Motorista.com.br\",\"url\":\"https:\\\/\\\/motorista.com.br\\\/noticias\\\/author\\\/equiperedacao\\\/\"}]}<\/script>\n<!-- \/ Yoast SEO Premium plugin. -->","yoast_head_json":{"title":"Trump divulga novas puni\u00e7\u00f5es ao governo cubano. - Motorista.com.br","robots":{"index":"index","follow":"follow","max-snippet":"max-snippet:-1","max-image-preview":"max-image-preview:large","max-video-preview":"max-video-preview:-1"},"canonical":"https:\/\/motorista.com.br\/noticias\/2026\/05\/01\/trump-divulga-novas-punicoes-ao-governo-cubano\/","og_locale":"pt_BR","og_type":"article","og_title":"Trump divulga novas puni\u00e7\u00f5es ao governo cubano.","og_description":"Trump Anuncia Novas San\u00e7\u00f5es Contra o Governo de Cuba: Impactos para os Motoristas e a Mobilidade Geral O recente an\u00fancio do presidente dos Estados Unidos, Donald Trump, sobre a imposi\u00e7\u00e3o de novas san\u00e7\u00f5es ao governo de Cuba traz \u00e0 tona quest\u00f5es relevantes n\u00e3o apenas para a pol\u00edtica internacional, mas tamb\u00e9m para motoristas e a mobilidade &hellip;","og_url":"https:\/\/motorista.com.br\/noticias\/2026\/05\/01\/trump-divulga-novas-punicoes-ao-governo-cubano\/","og_site_name":"Motorista.com.br","article_published_time":"2026-05-01T19:59:01+00:00","author":"Equipe Reda\u00e7\u00e3o","twitter_card":"summary_large_image","twitter_misc":{"Escrito por":"Equipe Reda\u00e7\u00e3o","Est. tempo de leitura":"2 minutos","Written by":"Equipe Reda\u00e7\u00e3o"},"schema":{"@context":"https:\/\/schema.org","@graph":[{"@type":"Article","@id":"https:\/\/motorista.com.br\/noticias\/2026\/05\/01\/trump-divulga-novas-punicoes-ao-governo-cubano\/#article","isPartOf":{"@id":"https:\/\/motorista.com.br\/noticias\/2026\/05\/01\/trump-divulga-novas-punicoes-ao-governo-cubano\/"},"author":{"name":"Equipe Reda\u00e7\u00e3o","@id":"https:\/\/motorista.com.br\/noticias\/#\/schema\/person\/dc93afc2981c0e3ce6bc3c053fd847be"},"headline":"Trump divulga novas puni\u00e7\u00f5es ao governo cubano.","datePublished":"2026-05-01T19:59:01+00:00","mainEntityOfPage":{"@id":"https:\/\/motorista.com.br\/noticias\/2026\/05\/01\/trump-divulga-novas-punicoes-ao-governo-cubano\/"},"wordCount":424,"publisher":{"@id":"https:\/\/motorista.com.br\/noticias\/#organization"},"image":{"@id":"https:\/\/motorista.com.br\/noticias\/2026\/05\/01\/trump-divulga-novas-punicoes-ao-governo-cubano\/#primaryimage"},"thumbnailUrl":"https:\/\/motorista.com.br\/noticias\/wp-content\/uploads\/2026\/05\/AFP__20260426__A8YZ8N4__v2__MidRes__WhiteHouseCorrespondentsAssociationDinner.jpg","articleSection":["Mundo"],"inLanguage":"pt-BR"},{"@type":"WebPage","@id":"https:\/\/motorista.com.br\/noticias\/2026\/05\/01\/trump-divulga-novas-punicoes-ao-governo-cubano\/","url":"https:\/\/motorista.com.br\/noticias\/2026\/05\/01\/trump-divulga-novas-punicoes-ao-governo-cubano\/","name":"Trump divulga novas puni\u00e7\u00f5es ao governo cubano. - Motorista.com.br","isPartOf":{"@id":"https:\/\/motorista.com.br\/noticias\/#website"},"primaryImageOfPage":{"@id":"https:\/\/motorista.com.br\/noticias\/2026\/05\/01\/trump-divulga-novas-punicoes-ao-governo-cubano\/#primaryimage"},"image":{"@id":"https:\/\/motorista.com.br\/noticias\/2026\/05\/01\/trump-divulga-novas-punicoes-ao-governo-cubano\/#primaryimage"},"thumbnailUrl":"https:\/\/motorista.com.br\/noticias\/wp-content\/uploads\/2026\/05\/AFP__20260426__A8YZ8N4__v2__MidRes__WhiteHouseCorrespondentsAssociationDinner.jpg","datePublished":"2026-05-01T19:59:01+00:00","breadcrumb":{"@id":"https:\/\/motorista.com.br\/noticias\/2026\/05\/01\/trump-divulga-novas-punicoes-ao-governo-cubano\/#breadcrumb"},"inLanguage":"pt-BR","potentialAction":[{"@type":"ReadAction","target":["https:\/\/motorista.com.br\/noticias\/2026\/05\/01\/trump-divulga-novas-punicoes-ao-governo-cubano\/"]}]},{"@type":"ImageObject","inLanguage":"pt-BR","@id":"https:\/\/motorista.com.br\/noticias\/2026\/05\/01\/trump-divulga-novas-punicoes-ao-governo-cubano\/#primaryimage","url":"https:\/\/motorista.com.br\/noticias\/wp-content\/uploads\/2026\/05\/AFP__20260426__A8YZ8N4__v2__MidRes__WhiteHouseCorrespondentsAssociationDinner.jpg","contentUrl":"https:\/\/motorista.com.br\/noticias\/wp-content\/uploads\/2026\/05\/AFP__20260426__A8YZ8N4__v2__MidRes__WhiteHouseCorrespondentsAssociationDinner.jpg","width":1200,"height":870},{"@type":"BreadcrumbList","@id":"https:\/\/motorista.com.br\/noticias\/2026\/05\/01\/trump-divulga-novas-punicoes-ao-governo-cubano\/#breadcrumb","itemListElement":[{"@type":"ListItem","position":1,"name":"In\u00edcio","item":"https:\/\/motorista.com.br\/noticias\/"},{"@type":"ListItem","position":2,"name":"Trump divulga novas puni\u00e7\u00f5es ao governo cubano."}]},{"@type":"WebSite","@id":"https:\/\/motorista.com.br\/noticias\/#website","url":"https:\/\/motorista.com.br\/noticias\/","name":"Motorista.com.br","description":"Not\u00edcia do Motorista","publisher":{"@id":"https:\/\/motorista.com.br\/noticias\/#organization"},"potentialAction":[{"@type":"SearchAction","target":{"@type":"EntryPoint","urlTemplate":"https:\/\/motorista.com.br\/noticias\/?s={search_term_string}"},"query-input":{"@type":"PropertyValueSpecification","valueRequired":true,"valueName":"search_term_string"}}],"inLanguage":"pt-BR"},{"@type":"Organization","@id":"https:\/\/motorista.com.br\/noticias\/#organization","name":"Motorista.com.br","url":"https:\/\/motorista.com.br\/noticias\/","logo":{"@type":"ImageObject","inLanguage":"pt-BR","@id":"https:\/\/motorista.com.br\/noticias\/#\/schema\/logo\/image\/","url":"https:\/\/motorista.com.br\/noticias\/wp-content\/uploads\/2025\/06\/Design-sem-nome-9.png","contentUrl":"https:\/\/motorista.com.br\/noticias\/wp-content\/uploads\/2025\/06\/Design-sem-nome-9.png","width":150,"height":85,"caption":"Motorista.com.br"},"image":{"@id":"https:\/\/motorista.com.br\/noticias\/#\/schema\/logo\/image\/"}},{"@type":"Person","@id":"https:\/\/motorista.com.br\/noticias\/#\/schema\/person\/dc93afc2981c0e3ce6bc3c053fd847be","name":"Equipe Reda\u00e7\u00e3o","image":{"@type":"ImageObject","inLanguage":"pt-BR","@id":"https:\/\/secure.gravatar.com\/avatar\/4f525efbf18dd2bb300ccad28bfb99d95a9465a5ba268407c8c37b37e1f28d2d?s=96&d=mm&r=g9e099043a0c61e9ae27e293b9fa75ffc","url":"https:\/\/secure.gravatar.com\/avatar\/4f525efbf18dd2bb300ccad28bfb99d95a9465a5ba268407c8c37b37e1f28d2d?s=96&d=mm&r=g","contentUrl":"https:\/\/secure.gravatar.com\/avatar\/4f525efbf18dd2bb300ccad28bfb99d95a9465a5ba268407c8c37b37e1f28d2d?s=96&d=mm&r=g","caption":"Equipe Reda\u00e7\u00e3o"},"description":"Equipe de reda\u00e7\u00e3o \u00e9 um grupo de profissionais que trabalham juntos para criar conte\u00fado escrito para Motorista.com.br","url":"https:\/\/motorista.com.br\/noticias\/author\/equiperedacao\/"}]}},"_links":{"self":[{"href":"https:\/\/motorista.com.br\/noticias\/wp-json\/wp\/v2\/posts\/9442","targetHints":{"allow":["GET"]}}],"collection":[{"href":"https:\/\/motorista.com.br\/noticias\/wp-json\/wp\/v2\/posts"}],"about":[{"href":"https:\/\/motorista.com.br\/noticias\/wp-json\/wp\/v2\/types\/post"}],"author":[{"embeddable":true,"href":"https:\/\/motorista.com.br\/noticias\/wp-json\/wp\/v2\/users\/4"}],"replies":[{"embeddable":true,"href":"https:\/\/motorista.com.br\/noticias\/wp-json\/wp\/v2\/comments?post=9442"}],"version-history":[{"count":0,"href":"https:\/\/motorista.com.br\/noticias\/wp-json\/wp\/v2\/posts\/9442\/revisions"}],"wp:featuredmedia":[{"embeddable":true,"href":"https:\/\/motorista.com.br\/noticias\/wp-json\/wp\/v2\/media\/9443"}],"wp:attachment":[{"href":"https:\/\/motorista.com.br\/noticias\/wp-json\/wp\/v2\/media?parent=9442"}],"wp:term":[{"taxonomy":"category","embeddable":true,"href":"https:\/\/motorista.com.br\/noticias\/wp-json\/wp\/v2\/categories?post=9442"},{"taxonomy":"post_tag","embeddable":true,"href":"https:\/\/motorista.com.br\/noticias\/wp-json\/wp\/v2\/tags?post=9442"},{"taxonomy":"author","embeddable":true,"href":"https:\/\/motorista.com.br\/noticias\/wp-json\/wp\/v2\/coauthors?post=9442"}],"curies":[{"name":"wp","href":"https:\/\/api.w.org\/{rel}","templated":true}]}}