{"id":9440,"date":"2026-05-01T16:05:57","date_gmt":"2026-05-01T19:05:57","guid":{"rendered":"https:\/\/motorista.com.br\/noticias\/2026\/05\/01\/pedro-uczai-no-cafe-da-frenlogi-encontro-historico-une-governo-e-setor-ferroviario\/"},"modified":"2026-05-01T16:05:57","modified_gmt":"2026-05-01T19:05:57","slug":"pedro-uczai-no-cafe-da-frenlogi-encontro-historico-une-governo-e-setor-ferroviario","status":"publish","type":"post","link":"https:\/\/motorista.com.br\/noticias\/2026\/05\/01\/pedro-uczai-no-cafe-da-frenlogi-encontro-historico-une-governo-e-setor-ferroviario\/","title":{"rendered":"Pedro Uczai no Caf\u00e9 da FRENLOGI: \u201cEncontro hist\u00f3rico\u201d une governo e setor ferrovi\u00e1rio."},"content":{"rendered":"<p><\/p>\n<h3>Caf\u00e9 da FRENLOGI: Encontro Hist\u00f3rico Re\u00fane Governo, Ag\u00eancias e Setor Ferrovi\u00e1rio<\/h3>\n<p>Na \u00faltima quarta-feira, a FRENLOGI organizou mais uma edi\u00e7\u00e3o do Caf\u00e9, com o tema \u201cAvan\u00e7os e Desafios da Infraestrutura Ferrovi\u00e1ria no Brasil\u201d. O evento, apoiado pelo Instituto Brasil Log\u00edstica, contou com a presen\u00e7a de parlamentares, representantes do governo e l\u00edderes do setor, focando nas estrat\u00e9gias para expandir a malha ferrovi\u00e1ria nacional e aumentar os investimentos em integra\u00e7\u00e3o log\u00edstica.<\/p>\n<p>O encontro teve como protagonistas o senador Wellington Fagundes, presidente da FRENLOGI, e o deputado Pedro Uczai, presidente da C\u00e2mara Tem\u00e1tica Ferrovi\u00e1ria, que ressaltou a import\u00e2ncia de unir esfor\u00e7os entre os principais \u00f3rg\u00e3os do setor ferrovi\u00e1rio. Este esfor\u00e7o colaborativo visa superar a fragmenta\u00e7\u00e3o que historicamente afetou a efici\u00eancia do transporte ferrovi\u00e1rio no Brasil e \u00e9 fundamental para a moderniza\u00e7\u00e3o da infraestrutura nacional.<\/p>\n<h3>Import\u00e2ncia da Integra\u00e7\u00e3o e do Financiamento<\/h3>\n<p>Uczai tamb\u00e9m trouxe \u00e0 tona desafios relacionados ao financiamento da infraestrutura, criticando as altas taxas de juros no Brasil e defendendo a procura por novas fontes de recursos. Ele mencionou a possibilidade de captar entre R$ 20 bilh\u00f5es e R$ 50 bilh\u00f5es de fundos soberanos internacionais, destacando a necessidade de uma abordagem coordenada entre os minist\u00e9rios e o Congresso.<\/p>\n<p>Essas iniciativas s\u00e3o cruciais para os motoristas e para a mobilidade geral, uma vez que uma malha ferrovi\u00e1ria eficiente pode diminuir o custo log\u00edstico, que atualmente consome cerca de 15% do PIB nacional. Com a redu\u00e7\u00e3o dos custos de transporte, espera-se um reflexo positivo na log\u00edstica de escoamento de produtos e na competitividade do setor, beneficiando diretamente os consumidores e o mercado.<\/p>\n<h3>Avan\u00e7os Legislativos e Carteira de Projetos<\/h3>\n<p>O secret\u00e1rio de Transporte Ferrovi\u00e1rio, Leonardo Ribeiro, enfatizou que os avan\u00e7os legislativos s\u00e3o essenciais para criar um ambiente de seguran\u00e7a jur\u00eddica favor\u00e1vel a investimentos. Ele apresentou uma carteira integrada de projetos que inclui iniciativas como a Transnordestina e a Ferrovia de Integra\u00e7\u00e3o Centro-Oeste, somando cerca de R$ 140 bilh\u00f5es em investimentos diretos, com um potencial de movimentar at\u00e9 R$ 600 bilh\u00f5es na economia.<\/p>\n<p>Esses projetos n\u00e3o apenas melhoram a infraestrutura ferrovi\u00e1ria, mas tamb\u00e9m t\u00eam um impacto significativo na mobilidade de cargas, o que pode facilitar uma melhor circula\u00e7\u00e3o de ve\u00edculos de transporte rodovi\u00e1rio, resultando em menos congestionamentos e um fluxo mais eficiente nas estradas.<\/p>\n<h3>Multimodalidade e Desenvolvimento Regional<\/h3>\n<p>A deputada Daniela Reinehr destacou a relev\u00e2ncia da log\u00edstica integrada, sublinhando que as regi\u00f5es se desenvolvem plenamente apenas quando a infraestrutura \u00e9 adequada. Ela \u0442\u0430\u043a\u0436\u0435 enfatizou o potencial do Fundo Clima para financiar projetos ferrovi\u00e1rios, al\u00e9m da necessidade de um rigor maior na fiscaliza\u00e7\u00e3o das concess\u00f5es.<\/p>\n<p>Esse contexto \u00e9 uma oportunidade para promover uma abordagem multimodal que favore\u00e7a n\u00e3o s\u00f3 o transporte ferrovi\u00e1rio, mas tamb\u00e9m o rodovi\u00e1rio, podendo resultar em um sistema de mobilidade maximamente eficiente e em harmonia com as necessidades locais.<\/p>\n<h3>O Papel da FRENLOGI e do IBL<\/h3>\n<p>O senador Wellington Fagundes e outros l\u00edderes presentes reafirmaram a import\u00e2ncia de manter um di\u00e1logo constante entre o setor p\u00fablico e a iniciativa privada. O Instituto Brasil Log\u00edstica se prop\u00f5e a ser um agente facilitador desse di\u00e1logo, ajudando a identificar e implementar solu\u00e7\u00f5es que atendam \u00e0s demandas do setor.<\/p>\n<p>A uni\u00e3o de esfor\u00e7os e recursos por meio da comunica\u00e7\u00e3o e planejamento colaborativo pode at\u00e9 influenciar diretamente a vida dos motoristas, refletindo em trajet\u00f3rias mais r\u00e1pidas e seguras, al\u00e9m de custos reduzidos em suas opera\u00e7\u00f5es di\u00e1rias.<\/p>\n<p>Esses avan\u00e7os na infraestrutura ferrovi\u00e1ria representam n\u00e3o apenas melhorias log\u00edsticas, mas tamb\u00e9m uma abordagem estrat\u00e9gica para o futuro do transporte no Brasil, com benef\u00edcios diretos para todos os envolvidos, desde os motoristas at\u00e9 os cidad\u00e3os em geral.<\/p>\n<hr \/>\n<p><strong>Fonte: IBL<\/strong><\/p>\n","protected":false},"excerpt":{"rendered":"<p>Caf\u00e9 da FRENLOGI: Encontro Hist\u00f3rico Re\u00fane Governo, Ag\u00eancias e Setor Ferrovi\u00e1rio Na \u00faltima quarta-feira, a FRENLOGI organizou mais uma edi\u00e7\u00e3o do Caf\u00e9, com o tema \u201cAvan\u00e7os e Desafios da Infraestrutura Ferrovi\u00e1ria no Brasil\u201d. O evento, apoiado pelo Instituto Brasil Log\u00edstica, contou com a presen\u00e7a de parlamentares, representantes do governo e l\u00edderes do setor, focando nas &hellip;<\/p>\n","protected":false},"author":4,"featured_media":9441,"comment_status":"","ping_status":"open","sticky":false,"template":"","format":"standard","meta":{"footnotes":""},"categories":[62],"tags":[],"coauthors":[42],"class_list":["post-9440","post","type-post","status-publish","format-standard","has-post-thumbnail","hentry","category-logistica"],"yoast_head":"<!-- This site is optimized with the Yoast SEO Premium plugin v25.5 (Yoast SEO v27.5) - https:\/\/yoast.com\/product\/yoast-seo-premium-wordpress\/ -->\n<title>Pedro Uczai no Caf\u00e9 da FRENLOGI: \u201cEncontro hist\u00f3rico\u201d une governo e setor ferrovi\u00e1rio. - Motorista.com.br<\/title>\n<meta name=\"robots\" content=\"index, follow, max-snippet:-1, max-image-preview:large, max-video-preview:-1\" \/>\n<link rel=\"canonical\" href=\"https:\/\/motorista.com.br\/noticias\/2026\/05\/01\/pedro-uczai-no-cafe-da-frenlogi-encontro-historico-une-governo-e-setor-ferroviario\/\" \/>\n<meta property=\"og:locale\" content=\"pt_BR\" \/>\n<meta property=\"og:type\" content=\"article\" \/>\n<meta property=\"og:title\" content=\"Pedro Uczai no Caf\u00e9 da FRENLOGI: \u201cEncontro hist\u00f3rico\u201d une governo e setor ferrovi\u00e1rio.\" \/>\n<meta property=\"og:description\" content=\"Caf\u00e9 da FRENLOGI: Encontro Hist\u00f3rico Re\u00fane Governo, Ag\u00eancias e Setor Ferrovi\u00e1rio Na \u00faltima quarta-feira, a FRENLOGI organizou mais uma edi\u00e7\u00e3o do Caf\u00e9, com o tema \u201cAvan\u00e7os e Desafios da Infraestrutura Ferrovi\u00e1ria no Brasil\u201d. O evento, apoiado pelo Instituto Brasil Log\u00edstica, contou com a presen\u00e7a de parlamentares, representantes do governo e l\u00edderes do setor, focando nas &hellip;\" \/>\n<meta property=\"og:url\" content=\"https:\/\/motorista.com.br\/noticias\/2026\/05\/01\/pedro-uczai-no-cafe-da-frenlogi-encontro-historico-une-governo-e-setor-ferroviario\/\" \/>\n<meta property=\"og:site_name\" content=\"Motorista.com.br\" \/>\n<meta property=\"article:published_time\" content=\"2026-05-01T19:05:57+00:00\" \/>\n<meta name=\"author\" content=\"Equipe Reda\u00e7\u00e3o\" \/>\n<meta name=\"twitter:card\" content=\"summary_large_image\" \/>\n<meta name=\"twitter:label1\" content=\"Escrito por\" \/>\n\t<meta name=\"twitter:data1\" content=\"Equipe Reda\u00e7\u00e3o\" \/>\n\t<meta name=\"twitter:label2\" content=\"Est. tempo de leitura\" \/>\n\t<meta name=\"twitter:data2\" content=\"3 minutos\" \/>\n\t<meta name=\"twitter:label3\" content=\"Written by\" \/>\n\t<meta name=\"twitter:data3\" content=\"Equipe Reda\u00e7\u00e3o\" \/>\n<script type=\"application\/ld+json\" class=\"yoast-schema-graph\">{\"@context\":\"https:\\\/\\\/schema.org\",\"@graph\":[{\"@type\":\"Article\",\"@id\":\"https:\\\/\\\/motorista.com.br\\\/noticias\\\/2026\\\/05\\\/01\\\/pedro-uczai-no-cafe-da-frenlogi-encontro-historico-une-governo-e-setor-ferroviario\\\/#article\",\"isPartOf\":{\"@id\":\"https:\\\/\\\/motorista.com.br\\\/noticias\\\/2026\\\/05\\\/01\\\/pedro-uczai-no-cafe-da-frenlogi-encontro-historico-une-governo-e-setor-ferroviario\\\/\"},\"author\":{\"name\":\"Equipe Reda\u00e7\u00e3o\",\"@id\":\"https:\\\/\\\/motorista.com.br\\\/noticias\\\/#\\\/schema\\\/person\\\/dc93afc2981c0e3ce6bc3c053fd847be\"},\"headline\":\"Pedro Uczai no Caf\u00e9 da FRENLOGI: \u201cEncontro hist\u00f3rico\u201d une governo e setor ferrovi\u00e1rio.\",\"datePublished\":\"2026-05-01T19:05:57+00:00\",\"mainEntityOfPage\":{\"@id\":\"https:\\\/\\\/motorista.com.br\\\/noticias\\\/2026\\\/05\\\/01\\\/pedro-uczai-no-cafe-da-frenlogi-encontro-historico-une-governo-e-setor-ferroviario\\\/\"},\"wordCount\":683,\"publisher\":{\"@id\":\"https:\\\/\\\/motorista.com.br\\\/noticias\\\/#organization\"},\"image\":{\"@id\":\"https:\\\/\\\/motorista.com.br\\\/noticias\\\/2026\\\/05\\\/01\\\/pedro-uczai-no-cafe-da-frenlogi-encontro-historico-une-governo-e-setor-ferroviario\\\/#primaryimage\"},\"thumbnailUrl\":\"https:\\\/\\\/motorista.com.br\\\/noticias\\\/wp-content\\\/uploads\\\/2026\\\/05\\\/WhatsApp-Image-2026-04-29-at-19.04.35-1.jpeg\",\"articleSection\":[\"Log\u00edstica\"],\"inLanguage\":\"pt-BR\"},{\"@type\":\"WebPage\",\"@id\":\"https:\\\/\\\/motorista.com.br\\\/noticias\\\/2026\\\/05\\\/01\\\/pedro-uczai-no-cafe-da-frenlogi-encontro-historico-une-governo-e-setor-ferroviario\\\/\",\"url\":\"https:\\\/\\\/motorista.com.br\\\/noticias\\\/2026\\\/05\\\/01\\\/pedro-uczai-no-cafe-da-frenlogi-encontro-historico-une-governo-e-setor-ferroviario\\\/\",\"name\":\"Pedro Uczai no Caf\u00e9 da FRENLOGI: \u201cEncontro hist\u00f3rico\u201d une governo e setor ferrovi\u00e1rio. - Motorista.com.br\",\"isPartOf\":{\"@id\":\"https:\\\/\\\/motorista.com.br\\\/noticias\\\/#website\"},\"primaryImageOfPage\":{\"@id\":\"https:\\\/\\\/motorista.com.br\\\/noticias\\\/2026\\\/05\\\/01\\\/pedro-uczai-no-cafe-da-frenlogi-encontro-historico-une-governo-e-setor-ferroviario\\\/#primaryimage\"},\"image\":{\"@id\":\"https:\\\/\\\/motorista.com.br\\\/noticias\\\/2026\\\/05\\\/01\\\/pedro-uczai-no-cafe-da-frenlogi-encontro-historico-une-governo-e-setor-ferroviario\\\/#primaryimage\"},\"thumbnailUrl\":\"https:\\\/\\\/motorista.com.br\\\/noticias\\\/wp-content\\\/uploads\\\/2026\\\/05\\\/WhatsApp-Image-2026-04-29-at-19.04.35-1.jpeg\",\"datePublished\":\"2026-05-01T19:05:57+00:00\",\"breadcrumb\":{\"@id\":\"https:\\\/\\\/motorista.com.br\\\/noticias\\\/2026\\\/05\\\/01\\\/pedro-uczai-no-cafe-da-frenlogi-encontro-historico-une-governo-e-setor-ferroviario\\\/#breadcrumb\"},\"inLanguage\":\"pt-BR\",\"potentialAction\":[{\"@type\":\"ReadAction\",\"target\":[\"https:\\\/\\\/motorista.com.br\\\/noticias\\\/2026\\\/05\\\/01\\\/pedro-uczai-no-cafe-da-frenlogi-encontro-historico-une-governo-e-setor-ferroviario\\\/\"]}]},{\"@type\":\"ImageObject\",\"inLanguage\":\"pt-BR\",\"@id\":\"https:\\\/\\\/motorista.com.br\\\/noticias\\\/2026\\\/05\\\/01\\\/pedro-uczai-no-cafe-da-frenlogi-encontro-historico-une-governo-e-setor-ferroviario\\\/#primaryimage\",\"url\":\"https:\\\/\\\/motorista.com.br\\\/noticias\\\/wp-content\\\/uploads\\\/2026\\\/05\\\/WhatsApp-Image-2026-04-29-at-19.04.35-1.jpeg\",\"contentUrl\":\"https:\\\/\\\/motorista.com.br\\\/noticias\\\/wp-content\\\/uploads\\\/2026\\\/05\\\/WhatsApp-Image-2026-04-29-at-19.04.35-1.jpeg\",\"width\":1600,\"height\":900},{\"@type\":\"BreadcrumbList\",\"@id\":\"https:\\\/\\\/motorista.com.br\\\/noticias\\\/2026\\\/05\\\/01\\\/pedro-uczai-no-cafe-da-frenlogi-encontro-historico-une-governo-e-setor-ferroviario\\\/#breadcrumb\",\"itemListElement\":[{\"@type\":\"ListItem\",\"position\":1,\"name\":\"In\u00edcio\",\"item\":\"https:\\\/\\\/motorista.com.br\\\/noticias\\\/\"},{\"@type\":\"ListItem\",\"position\":2,\"name\":\"Pedro Uczai no Caf\u00e9 da FRENLOGI: \u201cEncontro hist\u00f3rico\u201d une governo e setor ferrovi\u00e1rio.\"}]},{\"@type\":\"WebSite\",\"@id\":\"https:\\\/\\\/motorista.com.br\\\/noticias\\\/#website\",\"url\":\"https:\\\/\\\/motorista.com.br\\\/noticias\\\/\",\"name\":\"Motorista.com.br\",\"description\":\"Not\u00edcia do Motorista\",\"publisher\":{\"@id\":\"https:\\\/\\\/motorista.com.br\\\/noticias\\\/#organization\"},\"potentialAction\":[{\"@type\":\"SearchAction\",\"target\":{\"@type\":\"EntryPoint\",\"urlTemplate\":\"https:\\\/\\\/motorista.com.br\\\/noticias\\\/?s={search_term_string}\"},\"query-input\":{\"@type\":\"PropertyValueSpecification\",\"valueRequired\":true,\"valueName\":\"search_term_string\"}}],\"inLanguage\":\"pt-BR\"},{\"@type\":\"Organization\",\"@id\":\"https:\\\/\\\/motorista.com.br\\\/noticias\\\/#organization\",\"name\":\"Motorista.com.br\",\"url\":\"https:\\\/\\\/motorista.com.br\\\/noticias\\\/\",\"logo\":{\"@type\":\"ImageObject\",\"inLanguage\":\"pt-BR\",\"@id\":\"https:\\\/\\\/motorista.com.br\\\/noticias\\\/#\\\/schema\\\/logo\\\/image\\\/\",\"url\":\"https:\\\/\\\/motorista.com.br\\\/noticias\\\/wp-content\\\/uploads\\\/2025\\\/06\\\/Design-sem-nome-9.png\",\"contentUrl\":\"https:\\\/\\\/motorista.com.br\\\/noticias\\\/wp-content\\\/uploads\\\/2025\\\/06\\\/Design-sem-nome-9.png\",\"width\":150,\"height\":85,\"caption\":\"Motorista.com.br\"},\"image\":{\"@id\":\"https:\\\/\\\/motorista.com.br\\\/noticias\\\/#\\\/schema\\\/logo\\\/image\\\/\"}},{\"@type\":\"Person\",\"@id\":\"https:\\\/\\\/motorista.com.br\\\/noticias\\\/#\\\/schema\\\/person\\\/dc93afc2981c0e3ce6bc3c053fd847be\",\"name\":\"Equipe Reda\u00e7\u00e3o\",\"image\":{\"@type\":\"ImageObject\",\"inLanguage\":\"pt-BR\",\"@id\":\"https:\\\/\\\/secure.gravatar.com\\\/avatar\\\/4f525efbf18dd2bb300ccad28bfb99d95a9465a5ba268407c8c37b37e1f28d2d?s=96&d=mm&r=g9e099043a0c61e9ae27e293b9fa75ffc\",\"url\":\"https:\\\/\\\/secure.gravatar.com\\\/avatar\\\/4f525efbf18dd2bb300ccad28bfb99d95a9465a5ba268407c8c37b37e1f28d2d?s=96&d=mm&r=g\",\"contentUrl\":\"https:\\\/\\\/secure.gravatar.com\\\/avatar\\\/4f525efbf18dd2bb300ccad28bfb99d95a9465a5ba268407c8c37b37e1f28d2d?s=96&d=mm&r=g\",\"caption\":\"Equipe Reda\u00e7\u00e3o\"},\"description\":\"Equipe de reda\u00e7\u00e3o \u00e9 um grupo de profissionais que trabalham juntos para criar conte\u00fado escrito para Motorista.com.br\",\"url\":\"https:\\\/\\\/motorista.com.br\\\/noticias\\\/author\\\/equiperedacao\\\/\"}]}<\/script>\n<!-- \/ Yoast SEO Premium plugin. -->","yoast_head_json":{"title":"Pedro Uczai no Caf\u00e9 da FRENLOGI: \u201cEncontro hist\u00f3rico\u201d une governo e setor ferrovi\u00e1rio. - Motorista.com.br","robots":{"index":"index","follow":"follow","max-snippet":"max-snippet:-1","max-image-preview":"max-image-preview:large","max-video-preview":"max-video-preview:-1"},"canonical":"https:\/\/motorista.com.br\/noticias\/2026\/05\/01\/pedro-uczai-no-cafe-da-frenlogi-encontro-historico-une-governo-e-setor-ferroviario\/","og_locale":"pt_BR","og_type":"article","og_title":"Pedro Uczai no Caf\u00e9 da FRENLOGI: \u201cEncontro hist\u00f3rico\u201d une governo e setor ferrovi\u00e1rio.","og_description":"Caf\u00e9 da FRENLOGI: Encontro Hist\u00f3rico Re\u00fane Governo, Ag\u00eancias e Setor Ferrovi\u00e1rio Na \u00faltima quarta-feira, a FRENLOGI organizou mais uma edi\u00e7\u00e3o do Caf\u00e9, com o tema \u201cAvan\u00e7os e Desafios da Infraestrutura Ferrovi\u00e1ria no Brasil\u201d. O evento, apoiado pelo Instituto Brasil Log\u00edstica, contou com a presen\u00e7a de parlamentares, representantes do governo e l\u00edderes do setor, focando nas &hellip;","og_url":"https:\/\/motorista.com.br\/noticias\/2026\/05\/01\/pedro-uczai-no-cafe-da-frenlogi-encontro-historico-une-governo-e-setor-ferroviario\/","og_site_name":"Motorista.com.br","article_published_time":"2026-05-01T19:05:57+00:00","author":"Equipe Reda\u00e7\u00e3o","twitter_card":"summary_large_image","twitter_misc":{"Escrito por":"Equipe Reda\u00e7\u00e3o","Est. tempo de leitura":"3 minutos","Written by":"Equipe Reda\u00e7\u00e3o"},"schema":{"@context":"https:\/\/schema.org","@graph":[{"@type":"Article","@id":"https:\/\/motorista.com.br\/noticias\/2026\/05\/01\/pedro-uczai-no-cafe-da-frenlogi-encontro-historico-une-governo-e-setor-ferroviario\/#article","isPartOf":{"@id":"https:\/\/motorista.com.br\/noticias\/2026\/05\/01\/pedro-uczai-no-cafe-da-frenlogi-encontro-historico-une-governo-e-setor-ferroviario\/"},"author":{"name":"Equipe Reda\u00e7\u00e3o","@id":"https:\/\/motorista.com.br\/noticias\/#\/schema\/person\/dc93afc2981c0e3ce6bc3c053fd847be"},"headline":"Pedro Uczai no Caf\u00e9 da FRENLOGI: \u201cEncontro hist\u00f3rico\u201d une governo e setor ferrovi\u00e1rio.","datePublished":"2026-05-01T19:05:57+00:00","mainEntityOfPage":{"@id":"https:\/\/motorista.com.br\/noticias\/2026\/05\/01\/pedro-uczai-no-cafe-da-frenlogi-encontro-historico-une-governo-e-setor-ferroviario\/"},"wordCount":683,"publisher":{"@id":"https:\/\/motorista.com.br\/noticias\/#organization"},"image":{"@id":"https:\/\/motorista.com.br\/noticias\/2026\/05\/01\/pedro-uczai-no-cafe-da-frenlogi-encontro-historico-une-governo-e-setor-ferroviario\/#primaryimage"},"thumbnailUrl":"https:\/\/motorista.com.br\/noticias\/wp-content\/uploads\/2026\/05\/WhatsApp-Image-2026-04-29-at-19.04.35-1.jpeg","articleSection":["Log\u00edstica"],"inLanguage":"pt-BR"},{"@type":"WebPage","@id":"https:\/\/motorista.com.br\/noticias\/2026\/05\/01\/pedro-uczai-no-cafe-da-frenlogi-encontro-historico-une-governo-e-setor-ferroviario\/","url":"https:\/\/motorista.com.br\/noticias\/2026\/05\/01\/pedro-uczai-no-cafe-da-frenlogi-encontro-historico-une-governo-e-setor-ferroviario\/","name":"Pedro Uczai no Caf\u00e9 da FRENLOGI: \u201cEncontro hist\u00f3rico\u201d une governo e setor ferrovi\u00e1rio. - Motorista.com.br","isPartOf":{"@id":"https:\/\/motorista.com.br\/noticias\/#website"},"primaryImageOfPage":{"@id":"https:\/\/motorista.com.br\/noticias\/2026\/05\/01\/pedro-uczai-no-cafe-da-frenlogi-encontro-historico-une-governo-e-setor-ferroviario\/#primaryimage"},"image":{"@id":"https:\/\/motorista.com.br\/noticias\/2026\/05\/01\/pedro-uczai-no-cafe-da-frenlogi-encontro-historico-une-governo-e-setor-ferroviario\/#primaryimage"},"thumbnailUrl":"https:\/\/motorista.com.br\/noticias\/wp-content\/uploads\/2026\/05\/WhatsApp-Image-2026-04-29-at-19.04.35-1.jpeg","datePublished":"2026-05-01T19:05:57+00:00","breadcrumb":{"@id":"https:\/\/motorista.com.br\/noticias\/2026\/05\/01\/pedro-uczai-no-cafe-da-frenlogi-encontro-historico-une-governo-e-setor-ferroviario\/#breadcrumb"},"inLanguage":"pt-BR","potentialAction":[{"@type":"ReadAction","target":["https:\/\/motorista.com.br\/noticias\/2026\/05\/01\/pedro-uczai-no-cafe-da-frenlogi-encontro-historico-une-governo-e-setor-ferroviario\/"]}]},{"@type":"ImageObject","inLanguage":"pt-BR","@id":"https:\/\/motorista.com.br\/noticias\/2026\/05\/01\/pedro-uczai-no-cafe-da-frenlogi-encontro-historico-une-governo-e-setor-ferroviario\/#primaryimage","url":"https:\/\/motorista.com.br\/noticias\/wp-content\/uploads\/2026\/05\/WhatsApp-Image-2026-04-29-at-19.04.35-1.jpeg","contentUrl":"https:\/\/motorista.com.br\/noticias\/wp-content\/uploads\/2026\/05\/WhatsApp-Image-2026-04-29-at-19.04.35-1.jpeg","width":1600,"height":900},{"@type":"BreadcrumbList","@id":"https:\/\/motorista.com.br\/noticias\/2026\/05\/01\/pedro-uczai-no-cafe-da-frenlogi-encontro-historico-une-governo-e-setor-ferroviario\/#breadcrumb","itemListElement":[{"@type":"ListItem","position":1,"name":"In\u00edcio","item":"https:\/\/motorista.com.br\/noticias\/"},{"@type":"ListItem","position":2,"name":"Pedro Uczai no Caf\u00e9 da FRENLOGI: \u201cEncontro hist\u00f3rico\u201d une governo e setor ferrovi\u00e1rio."}]},{"@type":"WebSite","@id":"https:\/\/motorista.com.br\/noticias\/#website","url":"https:\/\/motorista.com.br\/noticias\/","name":"Motorista.com.br","description":"Not\u00edcia do Motorista","publisher":{"@id":"https:\/\/motorista.com.br\/noticias\/#organization"},"potentialAction":[{"@type":"SearchAction","target":{"@type":"EntryPoint","urlTemplate":"https:\/\/motorista.com.br\/noticias\/?s={search_term_string}"},"query-input":{"@type":"PropertyValueSpecification","valueRequired":true,"valueName":"search_term_string"}}],"inLanguage":"pt-BR"},{"@type":"Organization","@id":"https:\/\/motorista.com.br\/noticias\/#organization","name":"Motorista.com.br","url":"https:\/\/motorista.com.br\/noticias\/","logo":{"@type":"ImageObject","inLanguage":"pt-BR","@id":"https:\/\/motorista.com.br\/noticias\/#\/schema\/logo\/image\/","url":"https:\/\/motorista.com.br\/noticias\/wp-content\/uploads\/2025\/06\/Design-sem-nome-9.png","contentUrl":"https:\/\/motorista.com.br\/noticias\/wp-content\/uploads\/2025\/06\/Design-sem-nome-9.png","width":150,"height":85,"caption":"Motorista.com.br"},"image":{"@id":"https:\/\/motorista.com.br\/noticias\/#\/schema\/logo\/image\/"}},{"@type":"Person","@id":"https:\/\/motorista.com.br\/noticias\/#\/schema\/person\/dc93afc2981c0e3ce6bc3c053fd847be","name":"Equipe Reda\u00e7\u00e3o","image":{"@type":"ImageObject","inLanguage":"pt-BR","@id":"https:\/\/secure.gravatar.com\/avatar\/4f525efbf18dd2bb300ccad28bfb99d95a9465a5ba268407c8c37b37e1f28d2d?s=96&d=mm&r=g9e099043a0c61e9ae27e293b9fa75ffc","url":"https:\/\/secure.gravatar.com\/avatar\/4f525efbf18dd2bb300ccad28bfb99d95a9465a5ba268407c8c37b37e1f28d2d?s=96&d=mm&r=g","contentUrl":"https:\/\/secure.gravatar.com\/avatar\/4f525efbf18dd2bb300ccad28bfb99d95a9465a5ba268407c8c37b37e1f28d2d?s=96&d=mm&r=g","caption":"Equipe Reda\u00e7\u00e3o"},"description":"Equipe de reda\u00e7\u00e3o \u00e9 um grupo de profissionais que trabalham juntos para criar conte\u00fado escrito para Motorista.com.br","url":"https:\/\/motorista.com.br\/noticias\/author\/equiperedacao\/"}]}},"_links":{"self":[{"href":"https:\/\/motorista.com.br\/noticias\/wp-json\/wp\/v2\/posts\/9440","targetHints":{"allow":["GET"]}}],"collection":[{"href":"https:\/\/motorista.com.br\/noticias\/wp-json\/wp\/v2\/posts"}],"about":[{"href":"https:\/\/motorista.com.br\/noticias\/wp-json\/wp\/v2\/types\/post"}],"author":[{"embeddable":true,"href":"https:\/\/motorista.com.br\/noticias\/wp-json\/wp\/v2\/users\/4"}],"replies":[{"embeddable":true,"href":"https:\/\/motorista.com.br\/noticias\/wp-json\/wp\/v2\/comments?post=9440"}],"version-history":[{"count":0,"href":"https:\/\/motorista.com.br\/noticias\/wp-json\/wp\/v2\/posts\/9440\/revisions"}],"wp:featuredmedia":[{"embeddable":true,"href":"https:\/\/motorista.com.br\/noticias\/wp-json\/wp\/v2\/media\/9441"}],"wp:attachment":[{"href":"https:\/\/motorista.com.br\/noticias\/wp-json\/wp\/v2\/media?parent=9440"}],"wp:term":[{"taxonomy":"category","embeddable":true,"href":"https:\/\/motorista.com.br\/noticias\/wp-json\/wp\/v2\/categories?post=9440"},{"taxonomy":"post_tag","embeddable":true,"href":"https:\/\/motorista.com.br\/noticias\/wp-json\/wp\/v2\/tags?post=9440"},{"taxonomy":"author","embeddable":true,"href":"https:\/\/motorista.com.br\/noticias\/wp-json\/wp\/v2\/coauthors?post=9440"}],"curies":[{"name":"wp","href":"https:\/\/api.w.org\/{rel}","templated":true}]}}