{"id":9436,"date":"2026-05-01T14:11:53","date_gmt":"2026-05-01T17:11:53","guid":{"rendered":"https:\/\/motorista.com.br\/noticias\/2026\/05\/01\/tecnologia-transforma-bicicleta-comum-em-eletrica-com-50-km-de-autonomia\/"},"modified":"2026-05-01T14:11:53","modified_gmt":"2026-05-01T17:11:53","slug":"tecnologia-transforma-bicicleta-comum-em-eletrica-com-50-km-de-autonomia","status":"publish","type":"post","link":"https:\/\/motorista.com.br\/noticias\/2026\/05\/01\/tecnologia-transforma-bicicleta-comum-em-eletrica-com-50-km-de-autonomia\/","title":{"rendered":"Tecnologia transforma bicicleta comum em el\u00e9trica com 50 km de autonomia"},"content":{"rendered":"<p><\/p>\n<p><strong>Nova Tecnologia Converte Bicicleta Comum em El\u00e9trica com At\u00e9 50 km de Autonomia<\/strong><\/p>\n<p>A Cyplore, uma empresa inovadora, lan\u00e7ou um kit de convers\u00e3o que transforma bicicletas comuns em el\u00e9tricas. Apresentado em abril deste ano, o produto visa oferecer uma alternativa acess\u00edvel para quem busca assist\u00eancia el\u00e9trica sem a necessidade de adquirir uma bicicleta nova.<\/p>\n<p>A iniciativa, financiada por meio do Kickstarter, destaca-se por sua proposta de permitir que ciclistas personalizem suas bicicletas tradicionais de maneira r\u00e1pida e pr\u00e1tica, evitando modifica\u00e7\u00f5es complexas. O kit pesa apenas 1,7 kg no modelo Flex e mant\u00e9m o visual e a sensa\u00e7\u00e3o de pedalada da bicicleta original.<\/p>\n<p><strong>Detalhes do Kit<\/strong><\/p>\n<p>A Cyplore oferece duas vers\u00f5es do sistema: Flex e One. O modelo Flex \u00e9 acoplado \u00e0 roda existente, preservando a estrutura original da bicicleta e permitindo uma distribui\u00e7\u00e3o mais equilibrada do peso. J\u00e1 o modelo One substitui completamente a roda da bicicleta, simplificando a instala\u00e7\u00e3o, embora isso possa impactar a dirigibilidade.<\/p>\n<p>Ambas as vers\u00f5es oferecem assist\u00eancia el\u00e9trica conforme a necessidade do ciclista, ideal para subidas ou trajetos longos. Um controle acoplado ao guid\u00e3o permite alternar entre quatro modos manuais e adaptativos, com uma autonomia que pode chegar at\u00e9 50 km, dependendo das condi\u00e7\u00f5es de uso.<\/p>\n<p>Al\u00e9m disso, o sistema se integra a um aplicativo que fornece dados sobre a pedalada, como velocidade e n\u00edvel de bateria, permitindo um monitoramento eficaz do desempenho.<\/p>\n<p><strong>Benef\u00edcios para Motoristas e Mobilidade<\/strong><\/p>\n<p>A introdu\u00e7\u00e3o de kits como o da Cyplore n\u00e3o apenas transforma bicicletas comuns, mas tamb\u00e9m tem um impacto direto na mobilidade urbana. Ao facilitar o uso de bicicletas el\u00e9tricas, essa tecnologia promove uma alternativa sustent\u00e1vel ao transporte motorizado, contribuindo para a redu\u00e7\u00e3o do congestionamento nas cidades e das emiss\u00f5es de polui\u00e7\u00e3o. <\/p>\n<p>Para motoristas, isso pode significar menos tr\u00e1fego e, consequentemente, uma melhoria na fluidez do tr\u00e2nsito. A ado\u00e7\u00e3o de bicicletas el\u00e9tricas ajuda a dividir o espa\u00e7o vi\u00e1rio, tornando as ruas mais seguras e agrad\u00e1veis. Al\u00e9m disso, ao incentivar a mobilidade sustent\u00e1vel, essa inova\u00e7\u00e3o destaca a import\u00e2ncia de repensar o uso de ve\u00edculos pessoais, promovendo um estilo de vida mais saud\u00e1vel e ativo. <\/p>\n<p>No geral, a Cyplore est\u00e1 n\u00e3o apenas inovando em termos de transporte pessoal, mas tamb\u00e9m contribuindo para um ambiente urbano mais equilibrado e sustent\u00e1vel. A perspectiva de um deslocamento mais eficiente e menos poluente \u00e9 um passo significativo rumo a cidades mais habit\u00e1veis.<\/p>\n","protected":false},"excerpt":{"rendered":"<p>Nova Tecnologia Converte Bicicleta Comum em El\u00e9trica com At\u00e9 50 km de Autonomia A Cyplore, uma empresa inovadora, lan\u00e7ou um kit de convers\u00e3o que transforma bicicletas comuns em el\u00e9tricas. Apresentado em abril deste ano, o produto visa oferecer uma alternativa acess\u00edvel para quem busca assist\u00eancia el\u00e9trica sem a necessidade de adquirir uma bicicleta nova. A &hellip;<\/p>\n","protected":false},"author":4,"featured_media":9437,"comment_status":"","ping_status":"open","sticky":false,"template":"","format":"standard","meta":{"footnotes":""},"categories":[56],"tags":[],"coauthors":[42],"class_list":["post-9436","post","type-post","status-publish","format-standard","has-post-thumbnail","hentry","category-tecnologia"],"yoast_head":"<!-- This site is optimized with the Yoast SEO Premium plugin v25.5 (Yoast SEO v27.5) - https:\/\/yoast.com\/product\/yoast-seo-premium-wordpress\/ -->\n<title>Tecnologia transforma bicicleta comum em el\u00e9trica com 50 km de autonomia - Motorista.com.br<\/title>\n<meta name=\"robots\" content=\"index, follow, max-snippet:-1, max-image-preview:large, max-video-preview:-1\" \/>\n<link rel=\"canonical\" href=\"https:\/\/motorista.com.br\/noticias\/2026\/05\/01\/tecnologia-transforma-bicicleta-comum-em-eletrica-com-50-km-de-autonomia\/\" \/>\n<meta property=\"og:locale\" content=\"pt_BR\" \/>\n<meta property=\"og:type\" content=\"article\" \/>\n<meta property=\"og:title\" content=\"Tecnologia transforma bicicleta comum em el\u00e9trica com 50 km de autonomia\" \/>\n<meta property=\"og:description\" content=\"Nova Tecnologia Converte Bicicleta Comum em El\u00e9trica com At\u00e9 50 km de Autonomia A Cyplore, uma empresa inovadora, lan\u00e7ou um kit de convers\u00e3o que transforma bicicletas comuns em el\u00e9tricas. Apresentado em abril deste ano, o produto visa oferecer uma alternativa acess\u00edvel para quem busca assist\u00eancia el\u00e9trica sem a necessidade de adquirir uma bicicleta nova. A &hellip;\" \/>\n<meta property=\"og:url\" content=\"https:\/\/motorista.com.br\/noticias\/2026\/05\/01\/tecnologia-transforma-bicicleta-comum-em-eletrica-com-50-km-de-autonomia\/\" \/>\n<meta property=\"og:site_name\" content=\"Motorista.com.br\" \/>\n<meta property=\"article:published_time\" content=\"2026-05-01T17:11:53+00:00\" \/>\n<meta name=\"author\" content=\"Equipe Reda\u00e7\u00e3o\" \/>\n<meta name=\"twitter:card\" content=\"summary_large_image\" \/>\n<meta name=\"twitter:label1\" content=\"Escrito por\" \/>\n\t<meta name=\"twitter:data1\" content=\"Equipe Reda\u00e7\u00e3o\" \/>\n\t<meta name=\"twitter:label2\" content=\"Est. tempo de leitura\" \/>\n\t<meta name=\"twitter:data2\" content=\"2 minutos\" \/>\n\t<meta name=\"twitter:label3\" content=\"Written by\" \/>\n\t<meta name=\"twitter:data3\" content=\"Equipe Reda\u00e7\u00e3o\" \/>\n<script type=\"application\/ld+json\" class=\"yoast-schema-graph\">{\"@context\":\"https:\\\/\\\/schema.org\",\"@graph\":[{\"@type\":\"Article\",\"@id\":\"https:\\\/\\\/motorista.com.br\\\/noticias\\\/2026\\\/05\\\/01\\\/tecnologia-transforma-bicicleta-comum-em-eletrica-com-50-km-de-autonomia\\\/#article\",\"isPartOf\":{\"@id\":\"https:\\\/\\\/motorista.com.br\\\/noticias\\\/2026\\\/05\\\/01\\\/tecnologia-transforma-bicicleta-comum-em-eletrica-com-50-km-de-autonomia\\\/\"},\"author\":{\"name\":\"Equipe Reda\u00e7\u00e3o\",\"@id\":\"https:\\\/\\\/motorista.com.br\\\/noticias\\\/#\\\/schema\\\/person\\\/dc93afc2981c0e3ce6bc3c053fd847be\"},\"headline\":\"Tecnologia transforma bicicleta comum em el\u00e9trica com 50 km de autonomia\",\"datePublished\":\"2026-05-01T17:11:53+00:00\",\"mainEntityOfPage\":{\"@id\":\"https:\\\/\\\/motorista.com.br\\\/noticias\\\/2026\\\/05\\\/01\\\/tecnologia-transforma-bicicleta-comum-em-eletrica-com-50-km-de-autonomia\\\/\"},\"wordCount\":440,\"publisher\":{\"@id\":\"https:\\\/\\\/motorista.com.br\\\/noticias\\\/#organization\"},\"image\":{\"@id\":\"https:\\\/\\\/motorista.com.br\\\/noticias\\\/2026\\\/05\\\/01\\\/tecnologia-transforma-bicicleta-comum-em-eletrica-com-50-km-de-autonomia\\\/#primaryimage\"},\"thumbnailUrl\":\"https:\\\/\\\/motorista.com.br\\\/noticias\\\/wp-content\\\/uploads\\\/2026\\\/05\\\/Cinema-4-1.png\",\"articleSection\":[\"Tecnologia\"],\"inLanguage\":\"pt-BR\"},{\"@type\":\"WebPage\",\"@id\":\"https:\\\/\\\/motorista.com.br\\\/noticias\\\/2026\\\/05\\\/01\\\/tecnologia-transforma-bicicleta-comum-em-eletrica-com-50-km-de-autonomia\\\/\",\"url\":\"https:\\\/\\\/motorista.com.br\\\/noticias\\\/2026\\\/05\\\/01\\\/tecnologia-transforma-bicicleta-comum-em-eletrica-com-50-km-de-autonomia\\\/\",\"name\":\"Tecnologia transforma bicicleta comum em el\u00e9trica com 50 km de autonomia - Motorista.com.br\",\"isPartOf\":{\"@id\":\"https:\\\/\\\/motorista.com.br\\\/noticias\\\/#website\"},\"primaryImageOfPage\":{\"@id\":\"https:\\\/\\\/motorista.com.br\\\/noticias\\\/2026\\\/05\\\/01\\\/tecnologia-transforma-bicicleta-comum-em-eletrica-com-50-km-de-autonomia\\\/#primaryimage\"},\"image\":{\"@id\":\"https:\\\/\\\/motorista.com.br\\\/noticias\\\/2026\\\/05\\\/01\\\/tecnologia-transforma-bicicleta-comum-em-eletrica-com-50-km-de-autonomia\\\/#primaryimage\"},\"thumbnailUrl\":\"https:\\\/\\\/motorista.com.br\\\/noticias\\\/wp-content\\\/uploads\\\/2026\\\/05\\\/Cinema-4-1.png\",\"datePublished\":\"2026-05-01T17:11:53+00:00\",\"breadcrumb\":{\"@id\":\"https:\\\/\\\/motorista.com.br\\\/noticias\\\/2026\\\/05\\\/01\\\/tecnologia-transforma-bicicleta-comum-em-eletrica-com-50-km-de-autonomia\\\/#breadcrumb\"},\"inLanguage\":\"pt-BR\",\"potentialAction\":[{\"@type\":\"ReadAction\",\"target\":[\"https:\\\/\\\/motorista.com.br\\\/noticias\\\/2026\\\/05\\\/01\\\/tecnologia-transforma-bicicleta-comum-em-eletrica-com-50-km-de-autonomia\\\/\"]}]},{\"@type\":\"ImageObject\",\"inLanguage\":\"pt-BR\",\"@id\":\"https:\\\/\\\/motorista.com.br\\\/noticias\\\/2026\\\/05\\\/01\\\/tecnologia-transforma-bicicleta-comum-em-eletrica-com-50-km-de-autonomia\\\/#primaryimage\",\"url\":\"https:\\\/\\\/motorista.com.br\\\/noticias\\\/wp-content\\\/uploads\\\/2026\\\/05\\\/Cinema-4-1.png\",\"contentUrl\":\"https:\\\/\\\/motorista.com.br\\\/noticias\\\/wp-content\\\/uploads\\\/2026\\\/05\\\/Cinema-4-1.png\",\"width\":1920,\"height\":1080},{\"@type\":\"BreadcrumbList\",\"@id\":\"https:\\\/\\\/motorista.com.br\\\/noticias\\\/2026\\\/05\\\/01\\\/tecnologia-transforma-bicicleta-comum-em-eletrica-com-50-km-de-autonomia\\\/#breadcrumb\",\"itemListElement\":[{\"@type\":\"ListItem\",\"position\":1,\"name\":\"In\u00edcio\",\"item\":\"https:\\\/\\\/motorista.com.br\\\/noticias\\\/\"},{\"@type\":\"ListItem\",\"position\":2,\"name\":\"Tecnologia transforma bicicleta comum em el\u00e9trica com 50 km de autonomia\"}]},{\"@type\":\"WebSite\",\"@id\":\"https:\\\/\\\/motorista.com.br\\\/noticias\\\/#website\",\"url\":\"https:\\\/\\\/motorista.com.br\\\/noticias\\\/\",\"name\":\"Motorista.com.br\",\"description\":\"Not\u00edcia do Motorista\",\"publisher\":{\"@id\":\"https:\\\/\\\/motorista.com.br\\\/noticias\\\/#organization\"},\"potentialAction\":[{\"@type\":\"SearchAction\",\"target\":{\"@type\":\"EntryPoint\",\"urlTemplate\":\"https:\\\/\\\/motorista.com.br\\\/noticias\\\/?s={search_term_string}\"},\"query-input\":{\"@type\":\"PropertyValueSpecification\",\"valueRequired\":true,\"valueName\":\"search_term_string\"}}],\"inLanguage\":\"pt-BR\"},{\"@type\":\"Organization\",\"@id\":\"https:\\\/\\\/motorista.com.br\\\/noticias\\\/#organization\",\"name\":\"Motorista.com.br\",\"url\":\"https:\\\/\\\/motorista.com.br\\\/noticias\\\/\",\"logo\":{\"@type\":\"ImageObject\",\"inLanguage\":\"pt-BR\",\"@id\":\"https:\\\/\\\/motorista.com.br\\\/noticias\\\/#\\\/schema\\\/logo\\\/image\\\/\",\"url\":\"https:\\\/\\\/motorista.com.br\\\/noticias\\\/wp-content\\\/uploads\\\/2025\\\/06\\\/Design-sem-nome-9.png\",\"contentUrl\":\"https:\\\/\\\/motorista.com.br\\\/noticias\\\/wp-content\\\/uploads\\\/2025\\\/06\\\/Design-sem-nome-9.png\",\"width\":150,\"height\":85,\"caption\":\"Motorista.com.br\"},\"image\":{\"@id\":\"https:\\\/\\\/motorista.com.br\\\/noticias\\\/#\\\/schema\\\/logo\\\/image\\\/\"}},{\"@type\":\"Person\",\"@id\":\"https:\\\/\\\/motorista.com.br\\\/noticias\\\/#\\\/schema\\\/person\\\/dc93afc2981c0e3ce6bc3c053fd847be\",\"name\":\"Equipe Reda\u00e7\u00e3o\",\"image\":{\"@type\":\"ImageObject\",\"inLanguage\":\"pt-BR\",\"@id\":\"https:\\\/\\\/secure.gravatar.com\\\/avatar\\\/4f525efbf18dd2bb300ccad28bfb99d95a9465a5ba268407c8c37b37e1f28d2d?s=96&d=mm&r=g9e099043a0c61e9ae27e293b9fa75ffc\",\"url\":\"https:\\\/\\\/secure.gravatar.com\\\/avatar\\\/4f525efbf18dd2bb300ccad28bfb99d95a9465a5ba268407c8c37b37e1f28d2d?s=96&d=mm&r=g\",\"contentUrl\":\"https:\\\/\\\/secure.gravatar.com\\\/avatar\\\/4f525efbf18dd2bb300ccad28bfb99d95a9465a5ba268407c8c37b37e1f28d2d?s=96&d=mm&r=g\",\"caption\":\"Equipe Reda\u00e7\u00e3o\"},\"description\":\"Equipe de reda\u00e7\u00e3o \u00e9 um grupo de profissionais que trabalham juntos para criar conte\u00fado escrito para Motorista.com.br\",\"url\":\"https:\\\/\\\/motorista.com.br\\\/noticias\\\/author\\\/equiperedacao\\\/\"}]}<\/script>\n<!-- \/ Yoast SEO Premium plugin. -->","yoast_head_json":{"title":"Tecnologia transforma bicicleta comum em el\u00e9trica com 50 km de autonomia - Motorista.com.br","robots":{"index":"index","follow":"follow","max-snippet":"max-snippet:-1","max-image-preview":"max-image-preview:large","max-video-preview":"max-video-preview:-1"},"canonical":"https:\/\/motorista.com.br\/noticias\/2026\/05\/01\/tecnologia-transforma-bicicleta-comum-em-eletrica-com-50-km-de-autonomia\/","og_locale":"pt_BR","og_type":"article","og_title":"Tecnologia transforma bicicleta comum em el\u00e9trica com 50 km de autonomia","og_description":"Nova Tecnologia Converte Bicicleta Comum em El\u00e9trica com At\u00e9 50 km de Autonomia A Cyplore, uma empresa inovadora, lan\u00e7ou um kit de convers\u00e3o que transforma bicicletas comuns em el\u00e9tricas. Apresentado em abril deste ano, o produto visa oferecer uma alternativa acess\u00edvel para quem busca assist\u00eancia el\u00e9trica sem a necessidade de adquirir uma bicicleta nova. A &hellip;","og_url":"https:\/\/motorista.com.br\/noticias\/2026\/05\/01\/tecnologia-transforma-bicicleta-comum-em-eletrica-com-50-km-de-autonomia\/","og_site_name":"Motorista.com.br","article_published_time":"2026-05-01T17:11:53+00:00","author":"Equipe Reda\u00e7\u00e3o","twitter_card":"summary_large_image","twitter_misc":{"Escrito por":"Equipe Reda\u00e7\u00e3o","Est. tempo de leitura":"2 minutos","Written by":"Equipe Reda\u00e7\u00e3o"},"schema":{"@context":"https:\/\/schema.org","@graph":[{"@type":"Article","@id":"https:\/\/motorista.com.br\/noticias\/2026\/05\/01\/tecnologia-transforma-bicicleta-comum-em-eletrica-com-50-km-de-autonomia\/#article","isPartOf":{"@id":"https:\/\/motorista.com.br\/noticias\/2026\/05\/01\/tecnologia-transforma-bicicleta-comum-em-eletrica-com-50-km-de-autonomia\/"},"author":{"name":"Equipe Reda\u00e7\u00e3o","@id":"https:\/\/motorista.com.br\/noticias\/#\/schema\/person\/dc93afc2981c0e3ce6bc3c053fd847be"},"headline":"Tecnologia transforma bicicleta comum em el\u00e9trica com 50 km de autonomia","datePublished":"2026-05-01T17:11:53+00:00","mainEntityOfPage":{"@id":"https:\/\/motorista.com.br\/noticias\/2026\/05\/01\/tecnologia-transforma-bicicleta-comum-em-eletrica-com-50-km-de-autonomia\/"},"wordCount":440,"publisher":{"@id":"https:\/\/motorista.com.br\/noticias\/#organization"},"image":{"@id":"https:\/\/motorista.com.br\/noticias\/2026\/05\/01\/tecnologia-transforma-bicicleta-comum-em-eletrica-com-50-km-de-autonomia\/#primaryimage"},"thumbnailUrl":"https:\/\/motorista.com.br\/noticias\/wp-content\/uploads\/2026\/05\/Cinema-4-1.png","articleSection":["Tecnologia"],"inLanguage":"pt-BR"},{"@type":"WebPage","@id":"https:\/\/motorista.com.br\/noticias\/2026\/05\/01\/tecnologia-transforma-bicicleta-comum-em-eletrica-com-50-km-de-autonomia\/","url":"https:\/\/motorista.com.br\/noticias\/2026\/05\/01\/tecnologia-transforma-bicicleta-comum-em-eletrica-com-50-km-de-autonomia\/","name":"Tecnologia transforma bicicleta comum em el\u00e9trica com 50 km de autonomia - Motorista.com.br","isPartOf":{"@id":"https:\/\/motorista.com.br\/noticias\/#website"},"primaryImageOfPage":{"@id":"https:\/\/motorista.com.br\/noticias\/2026\/05\/01\/tecnologia-transforma-bicicleta-comum-em-eletrica-com-50-km-de-autonomia\/#primaryimage"},"image":{"@id":"https:\/\/motorista.com.br\/noticias\/2026\/05\/01\/tecnologia-transforma-bicicleta-comum-em-eletrica-com-50-km-de-autonomia\/#primaryimage"},"thumbnailUrl":"https:\/\/motorista.com.br\/noticias\/wp-content\/uploads\/2026\/05\/Cinema-4-1.png","datePublished":"2026-05-01T17:11:53+00:00","breadcrumb":{"@id":"https:\/\/motorista.com.br\/noticias\/2026\/05\/01\/tecnologia-transforma-bicicleta-comum-em-eletrica-com-50-km-de-autonomia\/#breadcrumb"},"inLanguage":"pt-BR","potentialAction":[{"@type":"ReadAction","target":["https:\/\/motorista.com.br\/noticias\/2026\/05\/01\/tecnologia-transforma-bicicleta-comum-em-eletrica-com-50-km-de-autonomia\/"]}]},{"@type":"ImageObject","inLanguage":"pt-BR","@id":"https:\/\/motorista.com.br\/noticias\/2026\/05\/01\/tecnologia-transforma-bicicleta-comum-em-eletrica-com-50-km-de-autonomia\/#primaryimage","url":"https:\/\/motorista.com.br\/noticias\/wp-content\/uploads\/2026\/05\/Cinema-4-1.png","contentUrl":"https:\/\/motorista.com.br\/noticias\/wp-content\/uploads\/2026\/05\/Cinema-4-1.png","width":1920,"height":1080},{"@type":"BreadcrumbList","@id":"https:\/\/motorista.com.br\/noticias\/2026\/05\/01\/tecnologia-transforma-bicicleta-comum-em-eletrica-com-50-km-de-autonomia\/#breadcrumb","itemListElement":[{"@type":"ListItem","position":1,"name":"In\u00edcio","item":"https:\/\/motorista.com.br\/noticias\/"},{"@type":"ListItem","position":2,"name":"Tecnologia transforma bicicleta comum em el\u00e9trica com 50 km de autonomia"}]},{"@type":"WebSite","@id":"https:\/\/motorista.com.br\/noticias\/#website","url":"https:\/\/motorista.com.br\/noticias\/","name":"Motorista.com.br","description":"Not\u00edcia do Motorista","publisher":{"@id":"https:\/\/motorista.com.br\/noticias\/#organization"},"potentialAction":[{"@type":"SearchAction","target":{"@type":"EntryPoint","urlTemplate":"https:\/\/motorista.com.br\/noticias\/?s={search_term_string}"},"query-input":{"@type":"PropertyValueSpecification","valueRequired":true,"valueName":"search_term_string"}}],"inLanguage":"pt-BR"},{"@type":"Organization","@id":"https:\/\/motorista.com.br\/noticias\/#organization","name":"Motorista.com.br","url":"https:\/\/motorista.com.br\/noticias\/","logo":{"@type":"ImageObject","inLanguage":"pt-BR","@id":"https:\/\/motorista.com.br\/noticias\/#\/schema\/logo\/image\/","url":"https:\/\/motorista.com.br\/noticias\/wp-content\/uploads\/2025\/06\/Design-sem-nome-9.png","contentUrl":"https:\/\/motorista.com.br\/noticias\/wp-content\/uploads\/2025\/06\/Design-sem-nome-9.png","width":150,"height":85,"caption":"Motorista.com.br"},"image":{"@id":"https:\/\/motorista.com.br\/noticias\/#\/schema\/logo\/image\/"}},{"@type":"Person","@id":"https:\/\/motorista.com.br\/noticias\/#\/schema\/person\/dc93afc2981c0e3ce6bc3c053fd847be","name":"Equipe Reda\u00e7\u00e3o","image":{"@type":"ImageObject","inLanguage":"pt-BR","@id":"https:\/\/secure.gravatar.com\/avatar\/4f525efbf18dd2bb300ccad28bfb99d95a9465a5ba268407c8c37b37e1f28d2d?s=96&d=mm&r=g9e099043a0c61e9ae27e293b9fa75ffc","url":"https:\/\/secure.gravatar.com\/avatar\/4f525efbf18dd2bb300ccad28bfb99d95a9465a5ba268407c8c37b37e1f28d2d?s=96&d=mm&r=g","contentUrl":"https:\/\/secure.gravatar.com\/avatar\/4f525efbf18dd2bb300ccad28bfb99d95a9465a5ba268407c8c37b37e1f28d2d?s=96&d=mm&r=g","caption":"Equipe Reda\u00e7\u00e3o"},"description":"Equipe de reda\u00e7\u00e3o \u00e9 um grupo de profissionais que trabalham juntos para criar conte\u00fado escrito para Motorista.com.br","url":"https:\/\/motorista.com.br\/noticias\/author\/equiperedacao\/"}]}},"_links":{"self":[{"href":"https:\/\/motorista.com.br\/noticias\/wp-json\/wp\/v2\/posts\/9436","targetHints":{"allow":["GET"]}}],"collection":[{"href":"https:\/\/motorista.com.br\/noticias\/wp-json\/wp\/v2\/posts"}],"about":[{"href":"https:\/\/motorista.com.br\/noticias\/wp-json\/wp\/v2\/types\/post"}],"author":[{"embeddable":true,"href":"https:\/\/motorista.com.br\/noticias\/wp-json\/wp\/v2\/users\/4"}],"replies":[{"embeddable":true,"href":"https:\/\/motorista.com.br\/noticias\/wp-json\/wp\/v2\/comments?post=9436"}],"version-history":[{"count":0,"href":"https:\/\/motorista.com.br\/noticias\/wp-json\/wp\/v2\/posts\/9436\/revisions"}],"wp:featuredmedia":[{"embeddable":true,"href":"https:\/\/motorista.com.br\/noticias\/wp-json\/wp\/v2\/media\/9437"}],"wp:attachment":[{"href":"https:\/\/motorista.com.br\/noticias\/wp-json\/wp\/v2\/media?parent=9436"}],"wp:term":[{"taxonomy":"category","embeddable":true,"href":"https:\/\/motorista.com.br\/noticias\/wp-json\/wp\/v2\/categories?post=9436"},{"taxonomy":"post_tag","embeddable":true,"href":"https:\/\/motorista.com.br\/noticias\/wp-json\/wp\/v2\/tags?post=9436"},{"taxonomy":"author","embeddable":true,"href":"https:\/\/motorista.com.br\/noticias\/wp-json\/wp\/v2\/coauthors?post=9436"}],"curies":[{"name":"wp","href":"https:\/\/api.w.org\/{rel}","templated":true}]}}