{"id":9434,"date":"2026-05-01T12:57:52","date_gmt":"2026-05-01T15:57:52","guid":{"rendered":"https:\/\/motorista.com.br\/noticias\/2026\/05\/01\/ativista-brasileiro-detido-em-israel-apos-interceptacao-de-flotilha\/"},"modified":"2026-05-01T12:57:52","modified_gmt":"2026-05-01T15:57:52","slug":"ativista-brasileiro-detido-em-israel-apos-interceptacao-de-flotilha","status":"publish","type":"post","link":"https:\/\/motorista.com.br\/noticias\/2026\/05\/01\/ativista-brasileiro-detido-em-israel-apos-interceptacao-de-flotilha\/","title":{"rendered":"Ativista brasileiro detido em Israel ap\u00f3s intercepta\u00e7\u00e3o de flotilha"},"content":{"rendered":"<p><\/p>\n<h2>Ativista brasileiro sob cust\u00f3dia em Israel: Implica\u00e7\u00f5es e Impactos na Mobilidade e Direitos Humanos<\/h2>\n<p>Recentemente, a Flotilha Global Sumud fez um apelo aos governos para pressionarem Israel pela liberta\u00e7\u00e3o dos detidos durante uma miss\u00e3o humanit\u00e1ria em Gaza. Entre os detidos est\u00e3o Thiago \u00c1vila, um ativista brasileiro, e Saif Abukeshek, um palestino residente em Barcelona. A situa\u00e7\u00e3o se agrava \u00e0 medida que o Minist\u00e9rio das Rela\u00e7\u00f5es Exteriores de Israel informou que os detidos ser\u00e3o interrogados, numa tentativa clara de criminalizar as a\u00e7\u00f5es de apoio humanit\u00e1rio.<\/p>\n<p>A intercepta\u00e7\u00e3o da flotilha, que transportava cerca de 175 ativistas, evidencia n\u00e3o apenas a repress\u00e3o aos esfor\u00e7os humanit\u00e1rios, mas tamb\u00e9m as complexas quest\u00f5es ligadas aos direitos humanos e \u00e0 mobilidade das popula\u00e7\u00f5es em situa\u00e7\u00f5es de conflito. Isto se reflete diretamente na vida de motoristas e cidad\u00e3os comuns, que muitas vezes dependem da circula\u00e7\u00e3o de ajuda humanit\u00e1ria para suas necessidades b\u00e1sicas. A interrup\u00e7\u00e3o da mobilidade e a falta de acesso a recursos t\u00eam impactos diretos na qualidade de vida, seguran\u00e7a e estabilidade social.<\/p>\n<p>Os pa\u00edses, como o Brasil e outros que j\u00e1 se manifestaram em apoio aos ativistas, destacam a ilegalidade da a\u00e7\u00e3o israelense, chamando-a de uma clara viola\u00e7\u00e3o do direito internacional. O bloqueio imposto por Israel \u00e0 Faixa de Gaza desde 2007 n\u00e3o apenas restringe a movimenta\u00e7\u00e3o de pessoas, mas tamb\u00e9m cria um cen\u00e1rio de crise humanit\u00e1ria, onde o acesso a alimentos, medicamentos e outros servi\u00e7os essenciais se torna um desafio di\u00e1rio.<\/p>\n<p>A situa\u00e7\u00e3o exp\u00f5e a fragilidade da prote\u00e7\u00e3o de civis em \u00e1reas de conflito e os riscos que ativistas enfrentam ao tentar promover a paz e a justi\u00e7a social. Para os motoristas e cidad\u00e3os que utilizam as vias de mobilidade urbana, essas restri\u00e7\u00f5es t\u00eam repercuss\u00f5es mais amplas; as san\u00e7\u00f5es e bloqueios limitam o com\u00e9rcio, o transporte de bens e a intera\u00e7\u00e3o social, criando um ambiente de incerteza e medo.<\/p>\n<p>Al\u00e9m do aspecto humanit\u00e1rio, a repress\u00e3o \u00e0 mobilidade de ativistas e \u00e0 ajuda humanit\u00e1ria reflete uma grave quest\u00e3o de direitos humanos que requer a\u00e7\u00e3o n\u00e3o apenas dos governos, mas tamb\u00e9m da sociedade civil. A mobiliza\u00e7\u00e3o da opini\u00e3o p\u00fablica em favor da liberdade desses ativistas e do fim do bloqueio \u00e9 uma responsabilidade compartilhada, pois a luta por direitos humanos transcende fronteiras e se conecta a esfor\u00e7os globais de justi\u00e7a social.<\/p>\n<p>A realidade enfrentada pelos ativistas da Flotilha Global Sumud \u00e9 um reflexo da import\u00e2ncia da solidariedade e da mobilidade como direitos fundamentais. Assim, a luta por liberdade e por um acesso igualit\u00e1rio a recursos e direitos deve ser uma prioridade para todos, refor\u00e7ando a necessidade de um mundo onde a ajuda humanit\u00e1ria e a mobilidade sejam garantidas a todos os cidad\u00e3os, independentemente de onde estejam. <\/p>\n<p>Em suma, a situa\u00e7\u00e3o em que Thiago \u00c1vila e outros ativistas se encontram serve como um chamado \u00e0 a\u00e7\u00e3o, ressaltando a necessidade de um compromisso coletivo em prol da justi\u00e7a e da paz, fundamentais para o respeito \u00e0 dignidade humana e \u00e0 mobilidade no contexto global.<\/p>\n","protected":false},"excerpt":{"rendered":"<p>Ativista brasileiro sob cust\u00f3dia em Israel: Implica\u00e7\u00f5es e Impactos na Mobilidade e Direitos Humanos Recentemente, a Flotilha Global Sumud fez um apelo aos governos para pressionarem Israel pela liberta\u00e7\u00e3o dos detidos durante uma miss\u00e3o humanit\u00e1ria em Gaza. Entre os detidos est\u00e3o Thiago \u00c1vila, um ativista brasileiro, e Saif Abukeshek, um palestino residente em Barcelona. A &hellip;<\/p>\n","protected":false},"author":4,"featured_media":9435,"comment_status":"","ping_status":"open","sticky":false,"template":"","format":"standard","meta":{"footnotes":""},"categories":[45],"tags":[],"coauthors":[42],"class_list":["post-9434","post","type-post","status-publish","format-standard","has-post-thumbnail","hentry","category-mundo"],"yoast_head":"<!-- This site is optimized with the Yoast SEO Premium plugin v25.5 (Yoast SEO v27.5) - https:\/\/yoast.com\/product\/yoast-seo-premium-wordpress\/ -->\n<title>Ativista brasileiro detido em Israel ap\u00f3s intercepta\u00e7\u00e3o de flotilha - Motorista.com.br<\/title>\n<meta name=\"robots\" content=\"index, follow, max-snippet:-1, max-image-preview:large, max-video-preview:-1\" \/>\n<link rel=\"canonical\" href=\"https:\/\/motorista.com.br\/noticias\/2026\/05\/01\/ativista-brasileiro-detido-em-israel-apos-interceptacao-de-flotilha\/\" \/>\n<meta property=\"og:locale\" content=\"pt_BR\" \/>\n<meta property=\"og:type\" content=\"article\" \/>\n<meta property=\"og:title\" content=\"Ativista brasileiro detido em Israel ap\u00f3s intercepta\u00e7\u00e3o de flotilha\" \/>\n<meta property=\"og:description\" content=\"Ativista brasileiro sob cust\u00f3dia em Israel: Implica\u00e7\u00f5es e Impactos na Mobilidade e Direitos Humanos Recentemente, a Flotilha Global Sumud fez um apelo aos governos para pressionarem Israel pela liberta\u00e7\u00e3o dos detidos durante uma miss\u00e3o humanit\u00e1ria em Gaza. Entre os detidos est\u00e3o Thiago \u00c1vila, um ativista brasileiro, e Saif Abukeshek, um palestino residente em Barcelona. A &hellip;\" \/>\n<meta property=\"og:url\" content=\"https:\/\/motorista.com.br\/noticias\/2026\/05\/01\/ativista-brasileiro-detido-em-israel-apos-interceptacao-de-flotilha\/\" \/>\n<meta property=\"og:site_name\" content=\"Motorista.com.br\" \/>\n<meta property=\"article:published_time\" content=\"2026-05-01T15:57:52+00:00\" \/>\n<meta name=\"author\" content=\"Equipe Reda\u00e7\u00e3o\" \/>\n<meta name=\"twitter:card\" content=\"summary_large_image\" \/>\n<meta name=\"twitter:label1\" content=\"Escrito por\" \/>\n\t<meta name=\"twitter:data1\" content=\"Equipe Reda\u00e7\u00e3o\" \/>\n\t<meta name=\"twitter:label2\" content=\"Est. tempo de leitura\" \/>\n\t<meta name=\"twitter:data2\" content=\"3 minutos\" \/>\n\t<meta name=\"twitter:label3\" content=\"Written by\" \/>\n\t<meta name=\"twitter:data3\" content=\"Equipe Reda\u00e7\u00e3o\" \/>\n<script type=\"application\/ld+json\" class=\"yoast-schema-graph\">{\"@context\":\"https:\\\/\\\/schema.org\",\"@graph\":[{\"@type\":\"Article\",\"@id\":\"https:\\\/\\\/motorista.com.br\\\/noticias\\\/2026\\\/05\\\/01\\\/ativista-brasileiro-detido-em-israel-apos-interceptacao-de-flotilha\\\/#article\",\"isPartOf\":{\"@id\":\"https:\\\/\\\/motorista.com.br\\\/noticias\\\/2026\\\/05\\\/01\\\/ativista-brasileiro-detido-em-israel-apos-interceptacao-de-flotilha\\\/\"},\"author\":{\"name\":\"Equipe Reda\u00e7\u00e3o\",\"@id\":\"https:\\\/\\\/motorista.com.br\\\/noticias\\\/#\\\/schema\\\/person\\\/dc93afc2981c0e3ce6bc3c053fd847be\"},\"headline\":\"Ativista brasileiro detido em Israel ap\u00f3s intercepta\u00e7\u00e3o de flotilha\",\"datePublished\":\"2026-05-01T15:57:52+00:00\",\"mainEntityOfPage\":{\"@id\":\"https:\\\/\\\/motorista.com.br\\\/noticias\\\/2026\\\/05\\\/01\\\/ativista-brasileiro-detido-em-israel-apos-interceptacao-de-flotilha\\\/\"},\"wordCount\":554,\"publisher\":{\"@id\":\"https:\\\/\\\/motorista.com.br\\\/noticias\\\/#organization\"},\"image\":{\"@id\":\"https:\\\/\\\/motorista.com.br\\\/noticias\\\/2026\\\/05\\\/01\\\/ativista-brasileiro-detido-em-israel-apos-interceptacao-de-flotilha\\\/#primaryimage\"},\"thumbnailUrl\":\"https:\\\/\\\/motorista.com.br\\\/noticias\\\/wp-content\\\/uploads\\\/2026\\\/05\\\/whatsapp-image-2026-05-01-at-12.21.53.jpeg\",\"articleSection\":[\"Mundo\"],\"inLanguage\":\"pt-BR\"},{\"@type\":\"WebPage\",\"@id\":\"https:\\\/\\\/motorista.com.br\\\/noticias\\\/2026\\\/05\\\/01\\\/ativista-brasileiro-detido-em-israel-apos-interceptacao-de-flotilha\\\/\",\"url\":\"https:\\\/\\\/motorista.com.br\\\/noticias\\\/2026\\\/05\\\/01\\\/ativista-brasileiro-detido-em-israel-apos-interceptacao-de-flotilha\\\/\",\"name\":\"Ativista brasileiro detido em Israel ap\u00f3s intercepta\u00e7\u00e3o de flotilha - Motorista.com.br\",\"isPartOf\":{\"@id\":\"https:\\\/\\\/motorista.com.br\\\/noticias\\\/#website\"},\"primaryImageOfPage\":{\"@id\":\"https:\\\/\\\/motorista.com.br\\\/noticias\\\/2026\\\/05\\\/01\\\/ativista-brasileiro-detido-em-israel-apos-interceptacao-de-flotilha\\\/#primaryimage\"},\"image\":{\"@id\":\"https:\\\/\\\/motorista.com.br\\\/noticias\\\/2026\\\/05\\\/01\\\/ativista-brasileiro-detido-em-israel-apos-interceptacao-de-flotilha\\\/#primaryimage\"},\"thumbnailUrl\":\"https:\\\/\\\/motorista.com.br\\\/noticias\\\/wp-content\\\/uploads\\\/2026\\\/05\\\/whatsapp-image-2026-05-01-at-12.21.53.jpeg\",\"datePublished\":\"2026-05-01T15:57:52+00:00\",\"breadcrumb\":{\"@id\":\"https:\\\/\\\/motorista.com.br\\\/noticias\\\/2026\\\/05\\\/01\\\/ativista-brasileiro-detido-em-israel-apos-interceptacao-de-flotilha\\\/#breadcrumb\"},\"inLanguage\":\"pt-BR\",\"potentialAction\":[{\"@type\":\"ReadAction\",\"target\":[\"https:\\\/\\\/motorista.com.br\\\/noticias\\\/2026\\\/05\\\/01\\\/ativista-brasileiro-detido-em-israel-apos-interceptacao-de-flotilha\\\/\"]}]},{\"@type\":\"ImageObject\",\"inLanguage\":\"pt-BR\",\"@id\":\"https:\\\/\\\/motorista.com.br\\\/noticias\\\/2026\\\/05\\\/01\\\/ativista-brasileiro-detido-em-israel-apos-interceptacao-de-flotilha\\\/#primaryimage\",\"url\":\"https:\\\/\\\/motorista.com.br\\\/noticias\\\/wp-content\\\/uploads\\\/2026\\\/05\\\/whatsapp-image-2026-05-01-at-12.21.53.jpeg\",\"contentUrl\":\"https:\\\/\\\/motorista.com.br\\\/noticias\\\/wp-content\\\/uploads\\\/2026\\\/05\\\/whatsapp-image-2026-05-01-at-12.21.53.jpeg\",\"width\":1132,\"height\":814},{\"@type\":\"BreadcrumbList\",\"@id\":\"https:\\\/\\\/motorista.com.br\\\/noticias\\\/2026\\\/05\\\/01\\\/ativista-brasileiro-detido-em-israel-apos-interceptacao-de-flotilha\\\/#breadcrumb\",\"itemListElement\":[{\"@type\":\"ListItem\",\"position\":1,\"name\":\"In\u00edcio\",\"item\":\"https:\\\/\\\/motorista.com.br\\\/noticias\\\/\"},{\"@type\":\"ListItem\",\"position\":2,\"name\":\"Ativista brasileiro detido em Israel ap\u00f3s intercepta\u00e7\u00e3o de flotilha\"}]},{\"@type\":\"WebSite\",\"@id\":\"https:\\\/\\\/motorista.com.br\\\/noticias\\\/#website\",\"url\":\"https:\\\/\\\/motorista.com.br\\\/noticias\\\/\",\"name\":\"Motorista.com.br\",\"description\":\"Not\u00edcia do Motorista\",\"publisher\":{\"@id\":\"https:\\\/\\\/motorista.com.br\\\/noticias\\\/#organization\"},\"potentialAction\":[{\"@type\":\"SearchAction\",\"target\":{\"@type\":\"EntryPoint\",\"urlTemplate\":\"https:\\\/\\\/motorista.com.br\\\/noticias\\\/?s={search_term_string}\"},\"query-input\":{\"@type\":\"PropertyValueSpecification\",\"valueRequired\":true,\"valueName\":\"search_term_string\"}}],\"inLanguage\":\"pt-BR\"},{\"@type\":\"Organization\",\"@id\":\"https:\\\/\\\/motorista.com.br\\\/noticias\\\/#organization\",\"name\":\"Motorista.com.br\",\"url\":\"https:\\\/\\\/motorista.com.br\\\/noticias\\\/\",\"logo\":{\"@type\":\"ImageObject\",\"inLanguage\":\"pt-BR\",\"@id\":\"https:\\\/\\\/motorista.com.br\\\/noticias\\\/#\\\/schema\\\/logo\\\/image\\\/\",\"url\":\"https:\\\/\\\/motorista.com.br\\\/noticias\\\/wp-content\\\/uploads\\\/2025\\\/06\\\/Design-sem-nome-9.png\",\"contentUrl\":\"https:\\\/\\\/motorista.com.br\\\/noticias\\\/wp-content\\\/uploads\\\/2025\\\/06\\\/Design-sem-nome-9.png\",\"width\":150,\"height\":85,\"caption\":\"Motorista.com.br\"},\"image\":{\"@id\":\"https:\\\/\\\/motorista.com.br\\\/noticias\\\/#\\\/schema\\\/logo\\\/image\\\/\"}},{\"@type\":\"Person\",\"@id\":\"https:\\\/\\\/motorista.com.br\\\/noticias\\\/#\\\/schema\\\/person\\\/dc93afc2981c0e3ce6bc3c053fd847be\",\"name\":\"Equipe Reda\u00e7\u00e3o\",\"image\":{\"@type\":\"ImageObject\",\"inLanguage\":\"pt-BR\",\"@id\":\"https:\\\/\\\/secure.gravatar.com\\\/avatar\\\/4f525efbf18dd2bb300ccad28bfb99d95a9465a5ba268407c8c37b37e1f28d2d?s=96&d=mm&r=g9e099043a0c61e9ae27e293b9fa75ffc\",\"url\":\"https:\\\/\\\/secure.gravatar.com\\\/avatar\\\/4f525efbf18dd2bb300ccad28bfb99d95a9465a5ba268407c8c37b37e1f28d2d?s=96&d=mm&r=g\",\"contentUrl\":\"https:\\\/\\\/secure.gravatar.com\\\/avatar\\\/4f525efbf18dd2bb300ccad28bfb99d95a9465a5ba268407c8c37b37e1f28d2d?s=96&d=mm&r=g\",\"caption\":\"Equipe Reda\u00e7\u00e3o\"},\"description\":\"Equipe de reda\u00e7\u00e3o \u00e9 um grupo de profissionais que trabalham juntos para criar conte\u00fado escrito para Motorista.com.br\",\"url\":\"https:\\\/\\\/motorista.com.br\\\/noticias\\\/author\\\/equiperedacao\\\/\"}]}<\/script>\n<!-- \/ Yoast SEO Premium plugin. -->","yoast_head_json":{"title":"Ativista brasileiro detido em Israel ap\u00f3s intercepta\u00e7\u00e3o de flotilha - Motorista.com.br","robots":{"index":"index","follow":"follow","max-snippet":"max-snippet:-1","max-image-preview":"max-image-preview:large","max-video-preview":"max-video-preview:-1"},"canonical":"https:\/\/motorista.com.br\/noticias\/2026\/05\/01\/ativista-brasileiro-detido-em-israel-apos-interceptacao-de-flotilha\/","og_locale":"pt_BR","og_type":"article","og_title":"Ativista brasileiro detido em Israel ap\u00f3s intercepta\u00e7\u00e3o de flotilha","og_description":"Ativista brasileiro sob cust\u00f3dia em Israel: Implica\u00e7\u00f5es e Impactos na Mobilidade e Direitos Humanos Recentemente, a Flotilha Global Sumud fez um apelo aos governos para pressionarem Israel pela liberta\u00e7\u00e3o dos detidos durante uma miss\u00e3o humanit\u00e1ria em Gaza. Entre os detidos est\u00e3o Thiago \u00c1vila, um ativista brasileiro, e Saif Abukeshek, um palestino residente em Barcelona. A &hellip;","og_url":"https:\/\/motorista.com.br\/noticias\/2026\/05\/01\/ativista-brasileiro-detido-em-israel-apos-interceptacao-de-flotilha\/","og_site_name":"Motorista.com.br","article_published_time":"2026-05-01T15:57:52+00:00","author":"Equipe Reda\u00e7\u00e3o","twitter_card":"summary_large_image","twitter_misc":{"Escrito por":"Equipe Reda\u00e7\u00e3o","Est. tempo de leitura":"3 minutos","Written by":"Equipe Reda\u00e7\u00e3o"},"schema":{"@context":"https:\/\/schema.org","@graph":[{"@type":"Article","@id":"https:\/\/motorista.com.br\/noticias\/2026\/05\/01\/ativista-brasileiro-detido-em-israel-apos-interceptacao-de-flotilha\/#article","isPartOf":{"@id":"https:\/\/motorista.com.br\/noticias\/2026\/05\/01\/ativista-brasileiro-detido-em-israel-apos-interceptacao-de-flotilha\/"},"author":{"name":"Equipe Reda\u00e7\u00e3o","@id":"https:\/\/motorista.com.br\/noticias\/#\/schema\/person\/dc93afc2981c0e3ce6bc3c053fd847be"},"headline":"Ativista brasileiro detido em Israel ap\u00f3s intercepta\u00e7\u00e3o de flotilha","datePublished":"2026-05-01T15:57:52+00:00","mainEntityOfPage":{"@id":"https:\/\/motorista.com.br\/noticias\/2026\/05\/01\/ativista-brasileiro-detido-em-israel-apos-interceptacao-de-flotilha\/"},"wordCount":554,"publisher":{"@id":"https:\/\/motorista.com.br\/noticias\/#organization"},"image":{"@id":"https:\/\/motorista.com.br\/noticias\/2026\/05\/01\/ativista-brasileiro-detido-em-israel-apos-interceptacao-de-flotilha\/#primaryimage"},"thumbnailUrl":"https:\/\/motorista.com.br\/noticias\/wp-content\/uploads\/2026\/05\/whatsapp-image-2026-05-01-at-12.21.53.jpeg","articleSection":["Mundo"],"inLanguage":"pt-BR"},{"@type":"WebPage","@id":"https:\/\/motorista.com.br\/noticias\/2026\/05\/01\/ativista-brasileiro-detido-em-israel-apos-interceptacao-de-flotilha\/","url":"https:\/\/motorista.com.br\/noticias\/2026\/05\/01\/ativista-brasileiro-detido-em-israel-apos-interceptacao-de-flotilha\/","name":"Ativista brasileiro detido em Israel ap\u00f3s intercepta\u00e7\u00e3o de flotilha - Motorista.com.br","isPartOf":{"@id":"https:\/\/motorista.com.br\/noticias\/#website"},"primaryImageOfPage":{"@id":"https:\/\/motorista.com.br\/noticias\/2026\/05\/01\/ativista-brasileiro-detido-em-israel-apos-interceptacao-de-flotilha\/#primaryimage"},"image":{"@id":"https:\/\/motorista.com.br\/noticias\/2026\/05\/01\/ativista-brasileiro-detido-em-israel-apos-interceptacao-de-flotilha\/#primaryimage"},"thumbnailUrl":"https:\/\/motorista.com.br\/noticias\/wp-content\/uploads\/2026\/05\/whatsapp-image-2026-05-01-at-12.21.53.jpeg","datePublished":"2026-05-01T15:57:52+00:00","breadcrumb":{"@id":"https:\/\/motorista.com.br\/noticias\/2026\/05\/01\/ativista-brasileiro-detido-em-israel-apos-interceptacao-de-flotilha\/#breadcrumb"},"inLanguage":"pt-BR","potentialAction":[{"@type":"ReadAction","target":["https:\/\/motorista.com.br\/noticias\/2026\/05\/01\/ativista-brasileiro-detido-em-israel-apos-interceptacao-de-flotilha\/"]}]},{"@type":"ImageObject","inLanguage":"pt-BR","@id":"https:\/\/motorista.com.br\/noticias\/2026\/05\/01\/ativista-brasileiro-detido-em-israel-apos-interceptacao-de-flotilha\/#primaryimage","url":"https:\/\/motorista.com.br\/noticias\/wp-content\/uploads\/2026\/05\/whatsapp-image-2026-05-01-at-12.21.53.jpeg","contentUrl":"https:\/\/motorista.com.br\/noticias\/wp-content\/uploads\/2026\/05\/whatsapp-image-2026-05-01-at-12.21.53.jpeg","width":1132,"height":814},{"@type":"BreadcrumbList","@id":"https:\/\/motorista.com.br\/noticias\/2026\/05\/01\/ativista-brasileiro-detido-em-israel-apos-interceptacao-de-flotilha\/#breadcrumb","itemListElement":[{"@type":"ListItem","position":1,"name":"In\u00edcio","item":"https:\/\/motorista.com.br\/noticias\/"},{"@type":"ListItem","position":2,"name":"Ativista brasileiro detido em Israel ap\u00f3s intercepta\u00e7\u00e3o de flotilha"}]},{"@type":"WebSite","@id":"https:\/\/motorista.com.br\/noticias\/#website","url":"https:\/\/motorista.com.br\/noticias\/","name":"Motorista.com.br","description":"Not\u00edcia do Motorista","publisher":{"@id":"https:\/\/motorista.com.br\/noticias\/#organization"},"potentialAction":[{"@type":"SearchAction","target":{"@type":"EntryPoint","urlTemplate":"https:\/\/motorista.com.br\/noticias\/?s={search_term_string}"},"query-input":{"@type":"PropertyValueSpecification","valueRequired":true,"valueName":"search_term_string"}}],"inLanguage":"pt-BR"},{"@type":"Organization","@id":"https:\/\/motorista.com.br\/noticias\/#organization","name":"Motorista.com.br","url":"https:\/\/motorista.com.br\/noticias\/","logo":{"@type":"ImageObject","inLanguage":"pt-BR","@id":"https:\/\/motorista.com.br\/noticias\/#\/schema\/logo\/image\/","url":"https:\/\/motorista.com.br\/noticias\/wp-content\/uploads\/2025\/06\/Design-sem-nome-9.png","contentUrl":"https:\/\/motorista.com.br\/noticias\/wp-content\/uploads\/2025\/06\/Design-sem-nome-9.png","width":150,"height":85,"caption":"Motorista.com.br"},"image":{"@id":"https:\/\/motorista.com.br\/noticias\/#\/schema\/logo\/image\/"}},{"@type":"Person","@id":"https:\/\/motorista.com.br\/noticias\/#\/schema\/person\/dc93afc2981c0e3ce6bc3c053fd847be","name":"Equipe Reda\u00e7\u00e3o","image":{"@type":"ImageObject","inLanguage":"pt-BR","@id":"https:\/\/secure.gravatar.com\/avatar\/4f525efbf18dd2bb300ccad28bfb99d95a9465a5ba268407c8c37b37e1f28d2d?s=96&d=mm&r=g9e099043a0c61e9ae27e293b9fa75ffc","url":"https:\/\/secure.gravatar.com\/avatar\/4f525efbf18dd2bb300ccad28bfb99d95a9465a5ba268407c8c37b37e1f28d2d?s=96&d=mm&r=g","contentUrl":"https:\/\/secure.gravatar.com\/avatar\/4f525efbf18dd2bb300ccad28bfb99d95a9465a5ba268407c8c37b37e1f28d2d?s=96&d=mm&r=g","caption":"Equipe Reda\u00e7\u00e3o"},"description":"Equipe de reda\u00e7\u00e3o \u00e9 um grupo de profissionais que trabalham juntos para criar conte\u00fado escrito para Motorista.com.br","url":"https:\/\/motorista.com.br\/noticias\/author\/equiperedacao\/"}]}},"_links":{"self":[{"href":"https:\/\/motorista.com.br\/noticias\/wp-json\/wp\/v2\/posts\/9434","targetHints":{"allow":["GET"]}}],"collection":[{"href":"https:\/\/motorista.com.br\/noticias\/wp-json\/wp\/v2\/posts"}],"about":[{"href":"https:\/\/motorista.com.br\/noticias\/wp-json\/wp\/v2\/types\/post"}],"author":[{"embeddable":true,"href":"https:\/\/motorista.com.br\/noticias\/wp-json\/wp\/v2\/users\/4"}],"replies":[{"embeddable":true,"href":"https:\/\/motorista.com.br\/noticias\/wp-json\/wp\/v2\/comments?post=9434"}],"version-history":[{"count":0,"href":"https:\/\/motorista.com.br\/noticias\/wp-json\/wp\/v2\/posts\/9434\/revisions"}],"wp:featuredmedia":[{"embeddable":true,"href":"https:\/\/motorista.com.br\/noticias\/wp-json\/wp\/v2\/media\/9435"}],"wp:attachment":[{"href":"https:\/\/motorista.com.br\/noticias\/wp-json\/wp\/v2\/media?parent=9434"}],"wp:term":[{"taxonomy":"category","embeddable":true,"href":"https:\/\/motorista.com.br\/noticias\/wp-json\/wp\/v2\/categories?post=9434"},{"taxonomy":"post_tag","embeddable":true,"href":"https:\/\/motorista.com.br\/noticias\/wp-json\/wp\/v2\/tags?post=9434"},{"taxonomy":"author","embeddable":true,"href":"https:\/\/motorista.com.br\/noticias\/wp-json\/wp\/v2\/coauthors?post=9434"}],"curies":[{"name":"wp","href":"https:\/\/api.w.org\/{rel}","templated":true}]}}