{"id":9433,"date":"2026-05-01T12:57:04","date_gmt":"2026-05-01T15:57:04","guid":{"rendered":"https:\/\/motorista.com.br\/noticias\/2026\/05\/01\/da-logica-da-carga-para-a-logica-da-imparcialidade\/"},"modified":"2026-05-01T12:57:04","modified_gmt":"2026-05-01T15:57:04","slug":"da-logica-da-carga-para-a-logica-da-imparcialidade","status":"publish","type":"post","link":"https:\/\/motorista.com.br\/noticias\/2026\/05\/01\/da-logica-da-carga-para-a-logica-da-imparcialidade\/","title":{"rendered":"Da l\u00f3gica da carga para a l\u00f3gica da imparcialidade"},"content":{"rendered":"<p><\/p>\n<h2>Da L\u00f3gica da Carga \u00e0 L\u00f3gica da Neutralidade<\/h2>\n<p>A recente aprova\u00e7\u00e3o da Emenda Constitucional n\u00ba 132\/2023 e da regulamenta\u00e7\u00e3o pela Lei Complementar n\u00ba 214\/2025 estabelece um novo panorama para a tributa\u00e7\u00e3o no Brasil, especialmente no que tange ao modelo de Imposto sobre Bens e Servi\u00e7os (IBS) e \u00e0 Contribui\u00e7\u00e3o sobre Bens e Servi\u00e7os (CBS). Essa mudan\u00e7a n\u00e3o deve ser vista apenas atrav\u00e9s da lente das al\u00edquotas, mas sim pela l\u00f3gica econ\u00f4mica que ela promete instaurar: a neutralidade tribut\u00e1ria.<\/p>\n<h3>O Novo Cen\u00e1rio Tribut\u00e1rio<\/h3>\n<p>A transforma\u00e7\u00e3o proposta pela reforma \u00e9 significativa. O modelo anterior, caracterizado por sua fragmenta\u00e7\u00e3o e cumulatividade, cede espa\u00e7o a uma estrutura que busca alinhar-se com as melhores pr\u00e1ticas internacionais de tributa\u00e7\u00e3o sobre valor agregado. Ao adotar uma abordagem mais neutra, as empresas e motoristas come\u00e7am a vivenciar uma mudan\u00e7a na forma como os pre\u00e7os s\u00e3o definidos e como as margens de lucro s\u00e3o calculadas.<\/p>\n<p>Para os motoristas que atuam nas frentes B2B (business-to-business), por exemplo, a nova estrutura oferece uma oportunidade para maximizar a efici\u00eancia tribut\u00e1ria. A n\u00e3o cumulatividade do IBS e da CBS pode permitir que os motoristas se apropriem de cr\u00e9ditos financeiros, o que pode gerar economia nas opera\u00e7\u00f5es. Isso, por sua vez, pode se traduzir em melhores pre\u00e7os para os servi\u00e7os prestados, revitalizando o panorama de competitividade no setor.<\/p>\n<h3>Impactos na Mobilidade Geral<\/h3>\n<p>A transi\u00e7\u00e3o para um modelo mais neutro impacta n\u00e3o somente os motoristas, mas tamb\u00e9m a mobilidade geral. Com uma estrutura tribut\u00e1ria que potencialmente diminui a carga tribut\u00e1ria na cadeia de fornecimento, espera-se que os pre\u00e7os de bens e servi\u00e7os se tornem mais justos. Esta diminui\u00e7\u00e3o nos pre\u00e7os pode facilitar o acesso a servi\u00e7os de transporte, contribuindo para uma maior mobilidade urbana e rural. <\/p>\n<p>Por outro lado, na esfera B2C (business-to-consumer), o impacto da reforma \u00e9 mais direto e vis\u00edvel. Para o consumidor final, a al\u00edquota tribut\u00e1ria torna-se um fator relevante que se reflete nos pre\u00e7os. O motoristas que atuam no varejo perceber\u00e3o mudan\u00e7as em suas margens de lucro, o que poder\u00e1 exigir ajustes em suas estrat\u00e9gias comerciais. Essa situa\u00e7\u00e3o destaca a import\u00e2ncia do gerenciamento inteligente dos cr\u00e9ditos tribut\u00e1rios e das pr\u00e1ticas de precifica\u00e7\u00e3o.<\/p>\n<h3>Oportunidades e Desafios<\/h3>\n<p>Neste novo contexto, a habilidade de entender a din\u00e2mica dos cr\u00e9ditos se torna vital. As empresas, e por extens\u00e3o os motoristas, que forem capazes de se adaptar rapidamente a essa nova l\u00f3gica estar\u00e3o em uma posi\u00e7\u00e3o mais vantajosa. O foco deve ser em identificar quais insumos geram cr\u00e9ditos e como as opera\u00e7\u00f5es podem ser otimizadas para maximizar esses benef\u00edcios.<\/p>\n<p>Entretanto, a implementa\u00e7\u00e3o dessa nova l\u00f3gica n\u00e3o ser\u00e1 simples. O per\u00edodo de transi\u00e7\u00e3o entre os regimes tribut\u00e1rios pode acarretar complexidades adicionais nas decis\u00f5es empresariais e nas opera\u00e7\u00f5es di\u00e1rias dos motoristas. A necessidade de revisar contratos, especialmente em rela\u00e7\u00e3o ao tratamento de riscos tribut\u00e1rios, requer um entendimento profundo do novo sistema.<\/p>\n<h3>Conclus\u00e3o<\/h3>\n<p>Em resumo, a reforma tribut\u00e1ria brasileira marca um ponto de virada que exige uma reavalia\u00e7\u00e3o de pre\u00e7os e margens, movendo-se da l\u00f3gica da carga para a l\u00f3gica da neutralidade. Motoristas e empresas que abra\u00e7arem esse novo paradigma estar\u00e3o mais aptos a capturar efici\u00eancia e competitividade no mercado em transforma\u00e7\u00e3o.<\/p>\n<p><strong>Fonte: reformatributaria<\/strong><\/p>\n","protected":false},"excerpt":{"rendered":"<p>Da L\u00f3gica da Carga \u00e0 L\u00f3gica da Neutralidade A recente aprova\u00e7\u00e3o da Emenda Constitucional n\u00ba 132\/2023 e da regulamenta\u00e7\u00e3o pela Lei Complementar n\u00ba 214\/2025 estabelece um novo panorama para a tributa\u00e7\u00e3o no Brasil, especialmente no que tange ao modelo de Imposto sobre Bens e Servi\u00e7os (IBS) e \u00e0 Contribui\u00e7\u00e3o sobre Bens e Servi\u00e7os (CBS). Essa &hellip;<\/p>\n","protected":false},"author":4,"featured_media":8589,"comment_status":"","ping_status":"open","sticky":false,"template":"","format":"standard","meta":{"footnotes":""},"categories":[35],"tags":[],"coauthors":[42],"class_list":["post-9433","post","type-post","status-publish","format-standard","has-post-thumbnail","hentry","category-legislacao"],"yoast_head":"<!-- This site is optimized with the Yoast SEO Premium plugin v25.5 (Yoast SEO v27.5) - https:\/\/yoast.com\/product\/yoast-seo-premium-wordpress\/ -->\n<title>Da l\u00f3gica da carga para a l\u00f3gica da imparcialidade - Motorista.com.br<\/title>\n<meta name=\"robots\" content=\"index, follow, max-snippet:-1, max-image-preview:large, max-video-preview:-1\" \/>\n<link rel=\"canonical\" href=\"https:\/\/motorista.com.br\/noticias\/2026\/05\/01\/da-logica-da-carga-para-a-logica-da-imparcialidade\/\" \/>\n<meta property=\"og:locale\" content=\"pt_BR\" \/>\n<meta property=\"og:type\" content=\"article\" \/>\n<meta property=\"og:title\" content=\"Da l\u00f3gica da carga para a l\u00f3gica da imparcialidade\" \/>\n<meta property=\"og:description\" content=\"Da L\u00f3gica da Carga \u00e0 L\u00f3gica da Neutralidade A recente aprova\u00e7\u00e3o da Emenda Constitucional n\u00ba 132\/2023 e da regulamenta\u00e7\u00e3o pela Lei Complementar n\u00ba 214\/2025 estabelece um novo panorama para a tributa\u00e7\u00e3o no Brasil, especialmente no que tange ao modelo de Imposto sobre Bens e Servi\u00e7os (IBS) e \u00e0 Contribui\u00e7\u00e3o sobre Bens e Servi\u00e7os (CBS). Essa &hellip;\" \/>\n<meta property=\"og:url\" content=\"https:\/\/motorista.com.br\/noticias\/2026\/05\/01\/da-logica-da-carga-para-a-logica-da-imparcialidade\/\" \/>\n<meta property=\"og:site_name\" content=\"Motorista.com.br\" \/>\n<meta property=\"article:published_time\" content=\"2026-05-01T15:57:04+00:00\" \/>\n<meta name=\"author\" content=\"Equipe Reda\u00e7\u00e3o\" \/>\n<meta name=\"twitter:card\" content=\"summary_large_image\" \/>\n<meta name=\"twitter:label1\" content=\"Escrito por\" \/>\n\t<meta name=\"twitter:data1\" content=\"Equipe Reda\u00e7\u00e3o\" \/>\n\t<meta name=\"twitter:label2\" content=\"Est. tempo de leitura\" \/>\n\t<meta name=\"twitter:data2\" content=\"3 minutos\" \/>\n\t<meta name=\"twitter:label3\" content=\"Written by\" \/>\n\t<meta name=\"twitter:data3\" content=\"Equipe Reda\u00e7\u00e3o\" \/>\n<script type=\"application\/ld+json\" class=\"yoast-schema-graph\">{\"@context\":\"https:\\\/\\\/schema.org\",\"@graph\":[{\"@type\":\"Article\",\"@id\":\"https:\\\/\\\/motorista.com.br\\\/noticias\\\/2026\\\/05\\\/01\\\/da-logica-da-carga-para-a-logica-da-imparcialidade\\\/#article\",\"isPartOf\":{\"@id\":\"https:\\\/\\\/motorista.com.br\\\/noticias\\\/2026\\\/05\\\/01\\\/da-logica-da-carga-para-a-logica-da-imparcialidade\\\/\"},\"author\":{\"name\":\"Equipe Reda\u00e7\u00e3o\",\"@id\":\"https:\\\/\\\/motorista.com.br\\\/noticias\\\/#\\\/schema\\\/person\\\/dc93afc2981c0e3ce6bc3c053fd847be\"},\"headline\":\"Da l\u00f3gica da carga para a l\u00f3gica da imparcialidade\",\"datePublished\":\"2026-05-01T15:57:04+00:00\",\"mainEntityOfPage\":{\"@id\":\"https:\\\/\\\/motorista.com.br\\\/noticias\\\/2026\\\/05\\\/01\\\/da-logica-da-carga-para-a-logica-da-imparcialidade\\\/\"},\"wordCount\":609,\"publisher\":{\"@id\":\"https:\\\/\\\/motorista.com.br\\\/noticias\\\/#organization\"},\"image\":{\"@id\":\"https:\\\/\\\/motorista.com.br\\\/noticias\\\/2026\\\/05\\\/01\\\/da-logica-da-carga-para-a-logica-da-imparcialidade\\\/#primaryimage\"},\"thumbnailUrl\":\"https:\\\/\\\/motorista.com.br\\\/noticias\\\/wp-content\\\/uploads\\\/2026\\\/04\\\/freepik.jpg\",\"articleSection\":[\"Legisla\u00e7\u00e3o\"],\"inLanguage\":\"pt-BR\"},{\"@type\":\"WebPage\",\"@id\":\"https:\\\/\\\/motorista.com.br\\\/noticias\\\/2026\\\/05\\\/01\\\/da-logica-da-carga-para-a-logica-da-imparcialidade\\\/\",\"url\":\"https:\\\/\\\/motorista.com.br\\\/noticias\\\/2026\\\/05\\\/01\\\/da-logica-da-carga-para-a-logica-da-imparcialidade\\\/\",\"name\":\"Da l\u00f3gica da carga para a l\u00f3gica da imparcialidade - Motorista.com.br\",\"isPartOf\":{\"@id\":\"https:\\\/\\\/motorista.com.br\\\/noticias\\\/#website\"},\"primaryImageOfPage\":{\"@id\":\"https:\\\/\\\/motorista.com.br\\\/noticias\\\/2026\\\/05\\\/01\\\/da-logica-da-carga-para-a-logica-da-imparcialidade\\\/#primaryimage\"},\"image\":{\"@id\":\"https:\\\/\\\/motorista.com.br\\\/noticias\\\/2026\\\/05\\\/01\\\/da-logica-da-carga-para-a-logica-da-imparcialidade\\\/#primaryimage\"},\"thumbnailUrl\":\"https:\\\/\\\/motorista.com.br\\\/noticias\\\/wp-content\\\/uploads\\\/2026\\\/04\\\/freepik.jpg\",\"datePublished\":\"2026-05-01T15:57:04+00:00\",\"breadcrumb\":{\"@id\":\"https:\\\/\\\/motorista.com.br\\\/noticias\\\/2026\\\/05\\\/01\\\/da-logica-da-carga-para-a-logica-da-imparcialidade\\\/#breadcrumb\"},\"inLanguage\":\"pt-BR\",\"potentialAction\":[{\"@type\":\"ReadAction\",\"target\":[\"https:\\\/\\\/motorista.com.br\\\/noticias\\\/2026\\\/05\\\/01\\\/da-logica-da-carga-para-a-logica-da-imparcialidade\\\/\"]}]},{\"@type\":\"ImageObject\",\"inLanguage\":\"pt-BR\",\"@id\":\"https:\\\/\\\/motorista.com.br\\\/noticias\\\/2026\\\/05\\\/01\\\/da-logica-da-carga-para-a-logica-da-imparcialidade\\\/#primaryimage\",\"url\":\"https:\\\/\\\/motorista.com.br\\\/noticias\\\/wp-content\\\/uploads\\\/2026\\\/04\\\/freepik.jpg\",\"contentUrl\":\"https:\\\/\\\/motorista.com.br\\\/noticias\\\/wp-content\\\/uploads\\\/2026\\\/04\\\/freepik.jpg\",\"width\":1000,\"height\":667},{\"@type\":\"BreadcrumbList\",\"@id\":\"https:\\\/\\\/motorista.com.br\\\/noticias\\\/2026\\\/05\\\/01\\\/da-logica-da-carga-para-a-logica-da-imparcialidade\\\/#breadcrumb\",\"itemListElement\":[{\"@type\":\"ListItem\",\"position\":1,\"name\":\"In\u00edcio\",\"item\":\"https:\\\/\\\/motorista.com.br\\\/noticias\\\/\"},{\"@type\":\"ListItem\",\"position\":2,\"name\":\"Da l\u00f3gica da carga para a l\u00f3gica da imparcialidade\"}]},{\"@type\":\"WebSite\",\"@id\":\"https:\\\/\\\/motorista.com.br\\\/noticias\\\/#website\",\"url\":\"https:\\\/\\\/motorista.com.br\\\/noticias\\\/\",\"name\":\"Motorista.com.br\",\"description\":\"Not\u00edcia do Motorista\",\"publisher\":{\"@id\":\"https:\\\/\\\/motorista.com.br\\\/noticias\\\/#organization\"},\"potentialAction\":[{\"@type\":\"SearchAction\",\"target\":{\"@type\":\"EntryPoint\",\"urlTemplate\":\"https:\\\/\\\/motorista.com.br\\\/noticias\\\/?s={search_term_string}\"},\"query-input\":{\"@type\":\"PropertyValueSpecification\",\"valueRequired\":true,\"valueName\":\"search_term_string\"}}],\"inLanguage\":\"pt-BR\"},{\"@type\":\"Organization\",\"@id\":\"https:\\\/\\\/motorista.com.br\\\/noticias\\\/#organization\",\"name\":\"Motorista.com.br\",\"url\":\"https:\\\/\\\/motorista.com.br\\\/noticias\\\/\",\"logo\":{\"@type\":\"ImageObject\",\"inLanguage\":\"pt-BR\",\"@id\":\"https:\\\/\\\/motorista.com.br\\\/noticias\\\/#\\\/schema\\\/logo\\\/image\\\/\",\"url\":\"https:\\\/\\\/motorista.com.br\\\/noticias\\\/wp-content\\\/uploads\\\/2025\\\/06\\\/Design-sem-nome-9.png\",\"contentUrl\":\"https:\\\/\\\/motorista.com.br\\\/noticias\\\/wp-content\\\/uploads\\\/2025\\\/06\\\/Design-sem-nome-9.png\",\"width\":150,\"height\":85,\"caption\":\"Motorista.com.br\"},\"image\":{\"@id\":\"https:\\\/\\\/motorista.com.br\\\/noticias\\\/#\\\/schema\\\/logo\\\/image\\\/\"}},{\"@type\":\"Person\",\"@id\":\"https:\\\/\\\/motorista.com.br\\\/noticias\\\/#\\\/schema\\\/person\\\/dc93afc2981c0e3ce6bc3c053fd847be\",\"name\":\"Equipe Reda\u00e7\u00e3o\",\"image\":{\"@type\":\"ImageObject\",\"inLanguage\":\"pt-BR\",\"@id\":\"https:\\\/\\\/secure.gravatar.com\\\/avatar\\\/4f525efbf18dd2bb300ccad28bfb99d95a9465a5ba268407c8c37b37e1f28d2d?s=96&d=mm&r=g9e099043a0c61e9ae27e293b9fa75ffc\",\"url\":\"https:\\\/\\\/secure.gravatar.com\\\/avatar\\\/4f525efbf18dd2bb300ccad28bfb99d95a9465a5ba268407c8c37b37e1f28d2d?s=96&d=mm&r=g\",\"contentUrl\":\"https:\\\/\\\/secure.gravatar.com\\\/avatar\\\/4f525efbf18dd2bb300ccad28bfb99d95a9465a5ba268407c8c37b37e1f28d2d?s=96&d=mm&r=g\",\"caption\":\"Equipe Reda\u00e7\u00e3o\"},\"description\":\"Equipe de reda\u00e7\u00e3o \u00e9 um grupo de profissionais que trabalham juntos para criar conte\u00fado escrito para Motorista.com.br\",\"url\":\"https:\\\/\\\/motorista.com.br\\\/noticias\\\/author\\\/equiperedacao\\\/\"}]}<\/script>\n<!-- \/ Yoast SEO Premium plugin. -->","yoast_head_json":{"title":"Da l\u00f3gica da carga para a l\u00f3gica da imparcialidade - Motorista.com.br","robots":{"index":"index","follow":"follow","max-snippet":"max-snippet:-1","max-image-preview":"max-image-preview:large","max-video-preview":"max-video-preview:-1"},"canonical":"https:\/\/motorista.com.br\/noticias\/2026\/05\/01\/da-logica-da-carga-para-a-logica-da-imparcialidade\/","og_locale":"pt_BR","og_type":"article","og_title":"Da l\u00f3gica da carga para a l\u00f3gica da imparcialidade","og_description":"Da L\u00f3gica da Carga \u00e0 L\u00f3gica da Neutralidade A recente aprova\u00e7\u00e3o da Emenda Constitucional n\u00ba 132\/2023 e da regulamenta\u00e7\u00e3o pela Lei Complementar n\u00ba 214\/2025 estabelece um novo panorama para a tributa\u00e7\u00e3o no Brasil, especialmente no que tange ao modelo de Imposto sobre Bens e Servi\u00e7os (IBS) e \u00e0 Contribui\u00e7\u00e3o sobre Bens e Servi\u00e7os (CBS). Essa &hellip;","og_url":"https:\/\/motorista.com.br\/noticias\/2026\/05\/01\/da-logica-da-carga-para-a-logica-da-imparcialidade\/","og_site_name":"Motorista.com.br","article_published_time":"2026-05-01T15:57:04+00:00","author":"Equipe Reda\u00e7\u00e3o","twitter_card":"summary_large_image","twitter_misc":{"Escrito por":"Equipe Reda\u00e7\u00e3o","Est. tempo de leitura":"3 minutos","Written by":"Equipe Reda\u00e7\u00e3o"},"schema":{"@context":"https:\/\/schema.org","@graph":[{"@type":"Article","@id":"https:\/\/motorista.com.br\/noticias\/2026\/05\/01\/da-logica-da-carga-para-a-logica-da-imparcialidade\/#article","isPartOf":{"@id":"https:\/\/motorista.com.br\/noticias\/2026\/05\/01\/da-logica-da-carga-para-a-logica-da-imparcialidade\/"},"author":{"name":"Equipe Reda\u00e7\u00e3o","@id":"https:\/\/motorista.com.br\/noticias\/#\/schema\/person\/dc93afc2981c0e3ce6bc3c053fd847be"},"headline":"Da l\u00f3gica da carga para a l\u00f3gica da imparcialidade","datePublished":"2026-05-01T15:57:04+00:00","mainEntityOfPage":{"@id":"https:\/\/motorista.com.br\/noticias\/2026\/05\/01\/da-logica-da-carga-para-a-logica-da-imparcialidade\/"},"wordCount":609,"publisher":{"@id":"https:\/\/motorista.com.br\/noticias\/#organization"},"image":{"@id":"https:\/\/motorista.com.br\/noticias\/2026\/05\/01\/da-logica-da-carga-para-a-logica-da-imparcialidade\/#primaryimage"},"thumbnailUrl":"https:\/\/motorista.com.br\/noticias\/wp-content\/uploads\/2026\/04\/freepik.jpg","articleSection":["Legisla\u00e7\u00e3o"],"inLanguage":"pt-BR"},{"@type":"WebPage","@id":"https:\/\/motorista.com.br\/noticias\/2026\/05\/01\/da-logica-da-carga-para-a-logica-da-imparcialidade\/","url":"https:\/\/motorista.com.br\/noticias\/2026\/05\/01\/da-logica-da-carga-para-a-logica-da-imparcialidade\/","name":"Da l\u00f3gica da carga para a l\u00f3gica da imparcialidade - Motorista.com.br","isPartOf":{"@id":"https:\/\/motorista.com.br\/noticias\/#website"},"primaryImageOfPage":{"@id":"https:\/\/motorista.com.br\/noticias\/2026\/05\/01\/da-logica-da-carga-para-a-logica-da-imparcialidade\/#primaryimage"},"image":{"@id":"https:\/\/motorista.com.br\/noticias\/2026\/05\/01\/da-logica-da-carga-para-a-logica-da-imparcialidade\/#primaryimage"},"thumbnailUrl":"https:\/\/motorista.com.br\/noticias\/wp-content\/uploads\/2026\/04\/freepik.jpg","datePublished":"2026-05-01T15:57:04+00:00","breadcrumb":{"@id":"https:\/\/motorista.com.br\/noticias\/2026\/05\/01\/da-logica-da-carga-para-a-logica-da-imparcialidade\/#breadcrumb"},"inLanguage":"pt-BR","potentialAction":[{"@type":"ReadAction","target":["https:\/\/motorista.com.br\/noticias\/2026\/05\/01\/da-logica-da-carga-para-a-logica-da-imparcialidade\/"]}]},{"@type":"ImageObject","inLanguage":"pt-BR","@id":"https:\/\/motorista.com.br\/noticias\/2026\/05\/01\/da-logica-da-carga-para-a-logica-da-imparcialidade\/#primaryimage","url":"https:\/\/motorista.com.br\/noticias\/wp-content\/uploads\/2026\/04\/freepik.jpg","contentUrl":"https:\/\/motorista.com.br\/noticias\/wp-content\/uploads\/2026\/04\/freepik.jpg","width":1000,"height":667},{"@type":"BreadcrumbList","@id":"https:\/\/motorista.com.br\/noticias\/2026\/05\/01\/da-logica-da-carga-para-a-logica-da-imparcialidade\/#breadcrumb","itemListElement":[{"@type":"ListItem","position":1,"name":"In\u00edcio","item":"https:\/\/motorista.com.br\/noticias\/"},{"@type":"ListItem","position":2,"name":"Da l\u00f3gica da carga para a l\u00f3gica da imparcialidade"}]},{"@type":"WebSite","@id":"https:\/\/motorista.com.br\/noticias\/#website","url":"https:\/\/motorista.com.br\/noticias\/","name":"Motorista.com.br","description":"Not\u00edcia do Motorista","publisher":{"@id":"https:\/\/motorista.com.br\/noticias\/#organization"},"potentialAction":[{"@type":"SearchAction","target":{"@type":"EntryPoint","urlTemplate":"https:\/\/motorista.com.br\/noticias\/?s={search_term_string}"},"query-input":{"@type":"PropertyValueSpecification","valueRequired":true,"valueName":"search_term_string"}}],"inLanguage":"pt-BR"},{"@type":"Organization","@id":"https:\/\/motorista.com.br\/noticias\/#organization","name":"Motorista.com.br","url":"https:\/\/motorista.com.br\/noticias\/","logo":{"@type":"ImageObject","inLanguage":"pt-BR","@id":"https:\/\/motorista.com.br\/noticias\/#\/schema\/logo\/image\/","url":"https:\/\/motorista.com.br\/noticias\/wp-content\/uploads\/2025\/06\/Design-sem-nome-9.png","contentUrl":"https:\/\/motorista.com.br\/noticias\/wp-content\/uploads\/2025\/06\/Design-sem-nome-9.png","width":150,"height":85,"caption":"Motorista.com.br"},"image":{"@id":"https:\/\/motorista.com.br\/noticias\/#\/schema\/logo\/image\/"}},{"@type":"Person","@id":"https:\/\/motorista.com.br\/noticias\/#\/schema\/person\/dc93afc2981c0e3ce6bc3c053fd847be","name":"Equipe Reda\u00e7\u00e3o","image":{"@type":"ImageObject","inLanguage":"pt-BR","@id":"https:\/\/secure.gravatar.com\/avatar\/4f525efbf18dd2bb300ccad28bfb99d95a9465a5ba268407c8c37b37e1f28d2d?s=96&d=mm&r=g9e099043a0c61e9ae27e293b9fa75ffc","url":"https:\/\/secure.gravatar.com\/avatar\/4f525efbf18dd2bb300ccad28bfb99d95a9465a5ba268407c8c37b37e1f28d2d?s=96&d=mm&r=g","contentUrl":"https:\/\/secure.gravatar.com\/avatar\/4f525efbf18dd2bb300ccad28bfb99d95a9465a5ba268407c8c37b37e1f28d2d?s=96&d=mm&r=g","caption":"Equipe Reda\u00e7\u00e3o"},"description":"Equipe de reda\u00e7\u00e3o \u00e9 um grupo de profissionais que trabalham juntos para criar conte\u00fado escrito para Motorista.com.br","url":"https:\/\/motorista.com.br\/noticias\/author\/equiperedacao\/"}]}},"_links":{"self":[{"href":"https:\/\/motorista.com.br\/noticias\/wp-json\/wp\/v2\/posts\/9433","targetHints":{"allow":["GET"]}}],"collection":[{"href":"https:\/\/motorista.com.br\/noticias\/wp-json\/wp\/v2\/posts"}],"about":[{"href":"https:\/\/motorista.com.br\/noticias\/wp-json\/wp\/v2\/types\/post"}],"author":[{"embeddable":true,"href":"https:\/\/motorista.com.br\/noticias\/wp-json\/wp\/v2\/users\/4"}],"replies":[{"embeddable":true,"href":"https:\/\/motorista.com.br\/noticias\/wp-json\/wp\/v2\/comments?post=9433"}],"version-history":[{"count":0,"href":"https:\/\/motorista.com.br\/noticias\/wp-json\/wp\/v2\/posts\/9433\/revisions"}],"wp:featuredmedia":[{"embeddable":true,"href":"https:\/\/motorista.com.br\/noticias\/wp-json\/wp\/v2\/media\/8589"}],"wp:attachment":[{"href":"https:\/\/motorista.com.br\/noticias\/wp-json\/wp\/v2\/media?parent=9433"}],"wp:term":[{"taxonomy":"category","embeddable":true,"href":"https:\/\/motorista.com.br\/noticias\/wp-json\/wp\/v2\/categories?post=9433"},{"taxonomy":"post_tag","embeddable":true,"href":"https:\/\/motorista.com.br\/noticias\/wp-json\/wp\/v2\/tags?post=9433"},{"taxonomy":"author","embeddable":true,"href":"https:\/\/motorista.com.br\/noticias\/wp-json\/wp\/v2\/coauthors?post=9433"}],"curies":[{"name":"wp","href":"https:\/\/api.w.org\/{rel}","templated":true}]}}