{"id":9431,"date":"2026-05-01T12:27:34","date_gmt":"2026-05-01T15:27:34","guid":{"rendered":"https:\/\/motorista.com.br\/noticias\/2026\/05\/01\/copom-reduz-juros-itau-aumenta-projecao-da-selic-para-1325-devido-a-inflacao\/"},"modified":"2026-05-01T12:27:34","modified_gmt":"2026-05-01T15:27:34","slug":"copom-reduz-juros-itau-aumenta-projecao-da-selic-para-1325-devido-a-inflacao","status":"publish","type":"post","link":"https:\/\/motorista.com.br\/noticias\/2026\/05\/01\/copom-reduz-juros-itau-aumenta-projecao-da-selic-para-1325-devido-a-inflacao\/","title":{"rendered":"Copom reduz juros; Ita\u00fa aumenta proje\u00e7\u00e3o da Selic para 13,25% devido \u00e0 infla\u00e7\u00e3o."},"content":{"rendered":"<p><\/p>\n<div>\n<div class=\"single_block_news_image\">\n        <img decoding=\"async\" src=\"https:\/\/www.moneytimes.com.br\/uploads\/2025\/11\/itau-2.jpg\" alt=\"Ita\u00fa\" fetchpriority=\"high\"\/><\/p>\n<p>(Imagem: Reuters\/Amanda Perobelli)<\/p>\n<\/p><\/div>\n<p>A recente decis\u00e3o do Comit\u00ea de Pol\u00edtica Monet\u00e1ria (Copom) de reduzir a taxa Selic em 0,25 ponto percentual, embora esperada, trouxe \u00e0 tona um novo cen\u00e1rio. A an\u00e1lise do Ita\u00fa Unibanco indica que, apesar da queda, a infla\u00e7\u00e3o est\u00e1 pressionada e limita a margem para futuras redu\u00e7\u00f5es. Essa situa\u00e7\u00e3o pode ter impactos significativos, especialmente para motoristas e a mobilidade urbana.<\/p>\n<p>A eleva\u00e7\u00e3o das proje\u00e7\u00f5es de infla\u00e7\u00e3o, que agora chega a 5,2% para 2026, \u00e9 principalmente atribu\u00edda a fatores como a alta nos pre\u00e7os dos combust\u00edveis, influenciada pela oscila\u00e7\u00e3o do petr\u00f3leo e eventos clim\u00e1ticos. Essa press\u00e3o inflacion\u00e1ria pode resultar em aumento nos custos de transporte, refletindo diretamente nas despesas dos motoristas, especialmente aqueles que dependem do uso do ve\u00edculo para trabalho.<\/p>\n<h2 class=\"wp-block-heading\" id=\"h-inflacao-mais-alta-testa-limites-do-ciclo\">Impactos na Mobilidade e Finan\u00e7as dos Motoristas<\/h2>\n<p>Com a previs\u00e3o de uma Selic em 13,25% at\u00e9 2026, o cen\u00e1rio se torna ainda mais desafiador. Motoristas que utilizam financiamento para aquisi\u00e7\u00e3o de ve\u00edculos ou manuten\u00e7\u00e3o t\u00eam a expectativa de enfrentar juros mais altos, impactando sua capacidade de investimento em ve\u00edculos e manuten\u00e7\u00e3o do seu meio de transporte. Um aumento na demanda por cr\u00e9dito pode resultar em dificuldades financeiras, limitando a mobilidade e o acesso a servi\u00e7os essenciais.<\/p>\n<p>Al\u00e9m disso, a press\u00e3o sobre os pre\u00e7os dos combust\u00edveis pode desencadear uma rea\u00e7\u00e3o em cadeia que eleva o custo de vida e influencia os pre\u00e7os de bens e servi\u00e7os, desafiando ainda mais o cotidiano dos motoristas. O aumento das tarifas de transporte urbano, por exemplo, pode se viabilizar como uma resposta \u00e0 alta dos combust\u00edveis, afetando a decis\u00e3o de muitos cidad\u00e3os sobre como e quando se deslocar.<\/p>\n<h2 class=\"wp-block-heading\" id=\"h-selic-deve-parar-mais-alta\">Custos de Transporte e a Economia Cotidiana<\/h2>\n<p>Um destaque importante nas observa\u00e7\u00f5es do Ita\u00fa \u00e9 que, mesmo com a redu\u00e7\u00e3o da Selic, a continuidade desse ciclo de cortes pode ser mais lenta do que o esperado. Um ambiente econ\u00f4mico inst\u00e1vel geralmente resulta em pre\u00e7os mais altos e impacto no or\u00e7amento familiar. Para os motoristas, isso significa n\u00e3o apenas custos diretos com abastecimento, mas tamb\u00e9m despesas adicionais relacionadas \u00e0 manuten\u00e7\u00e3o, seguros e impostos sobre ve\u00edculos.<\/p>\n<p>Esse contexto pode levar motoristas a reconsiderarem seus padr\u00f5es de mobilidade, buscando alternativas mais econ\u00f4micas e sustent\u00e1veis, como o compartilhamento de ve\u00edculos ou transporte p\u00fablico. Isso tamb\u00e9m aponta para uma mudan\u00e7a na din\u00e2mica de tr\u00e1fego nas cidades, onde a necessidade de vias mais eficientes e seguras se tornar\u00e1 ainda mais premente.<\/p>\n<h2 class=\"wp-block-heading\" id=\"h-fiscal-segue-como-ponto-de-atencao\">A Necessidade de Pol\u00edticas P\u00fablicas Eficientes<\/h2>\n<p>Portanto, a an\u00e1lise atual do Ita\u00fa Unibanco ilustra que os desafios econ\u00f4micos podem afetar diretamente a mobilidade urbana e o comportamento dos motoristas. Para mitigar esses impactos, \u00e9 fundamental que haja uma articula\u00e7\u00e3o eficaz entre pol\u00edticas p\u00fablicas e a realidade do transporte. Investimentos em infraestrutura e em alternativas de transporte sustent\u00e1vel ser\u00e3o essenciais para lidar com um cen\u00e1rio inflacion\u00e1rio desafiador.<\/p>\n<\/div>\n<p>Fonte: Money Times<\/p>\n","protected":false},"excerpt":{"rendered":"<p>(Imagem: Reuters\/Amanda Perobelli) A recente decis\u00e3o do Comit\u00ea de Pol\u00edtica Monet\u00e1ria (Copom) de reduzir a taxa Selic em 0,25 ponto percentual, embora esperada, trouxe \u00e0 tona um novo cen\u00e1rio. A an\u00e1lise do Ita\u00fa Unibanco indica que, apesar da queda, a infla\u00e7\u00e3o est\u00e1 pressionada e limita a margem para futuras redu\u00e7\u00f5es. Essa situa\u00e7\u00e3o pode ter impactos &hellip;<\/p>\n","protected":false},"author":4,"featured_media":9432,"comment_status":"","ping_status":"open","sticky":false,"template":"","format":"standard","meta":{"footnotes":""},"categories":[61],"tags":[],"coauthors":[42],"class_list":["post-9431","post","type-post","status-publish","format-standard","has-post-thumbnail","hentry","category-mercado-financeiro"],"yoast_head":"<!-- This site is optimized with the Yoast SEO Premium plugin v25.5 (Yoast SEO v27.5) - https:\/\/yoast.com\/product\/yoast-seo-premium-wordpress\/ -->\n<title>Copom reduz juros; Ita\u00fa aumenta proje\u00e7\u00e3o da Selic para 13,25% devido \u00e0 infla\u00e7\u00e3o. - Motorista.com.br<\/title>\n<meta name=\"robots\" content=\"index, follow, max-snippet:-1, max-image-preview:large, max-video-preview:-1\" \/>\n<link rel=\"canonical\" href=\"https:\/\/motorista.com.br\/noticias\/2026\/05\/01\/copom-reduz-juros-itau-aumenta-projecao-da-selic-para-1325-devido-a-inflacao\/\" \/>\n<meta property=\"og:locale\" content=\"pt_BR\" \/>\n<meta property=\"og:type\" content=\"article\" \/>\n<meta property=\"og:title\" content=\"Copom reduz juros; Ita\u00fa aumenta proje\u00e7\u00e3o da Selic para 13,25% devido \u00e0 infla\u00e7\u00e3o.\" \/>\n<meta property=\"og:description\" content=\"(Imagem: Reuters\/Amanda Perobelli) A recente decis\u00e3o do Comit\u00ea de Pol\u00edtica Monet\u00e1ria (Copom) de reduzir a taxa Selic em 0,25 ponto percentual, embora esperada, trouxe \u00e0 tona um novo cen\u00e1rio. A an\u00e1lise do Ita\u00fa Unibanco indica que, apesar da queda, a infla\u00e7\u00e3o est\u00e1 pressionada e limita a margem para futuras redu\u00e7\u00f5es. Essa situa\u00e7\u00e3o pode ter impactos &hellip;\" \/>\n<meta property=\"og:url\" content=\"https:\/\/motorista.com.br\/noticias\/2026\/05\/01\/copom-reduz-juros-itau-aumenta-projecao-da-selic-para-1325-devido-a-inflacao\/\" \/>\n<meta property=\"og:site_name\" content=\"Motorista.com.br\" \/>\n<meta property=\"article:published_time\" content=\"2026-05-01T15:27:34+00:00\" \/>\n<meta property=\"og:image\" content=\"https:\/\/www.moneytimes.com.br\/uploads\/2025\/11\/itau-2.jpg\" \/>\n<meta name=\"author\" content=\"Equipe Reda\u00e7\u00e3o\" \/>\n<meta name=\"twitter:card\" content=\"summary_large_image\" \/>\n<meta name=\"twitter:label1\" content=\"Escrito por\" \/>\n\t<meta name=\"twitter:data1\" content=\"Equipe Reda\u00e7\u00e3o\" \/>\n\t<meta name=\"twitter:label2\" content=\"Est. tempo de leitura\" \/>\n\t<meta name=\"twitter:data2\" content=\"3 minutos\" \/>\n\t<meta name=\"twitter:label3\" content=\"Written by\" \/>\n\t<meta name=\"twitter:data3\" content=\"Equipe Reda\u00e7\u00e3o\" \/>\n<script type=\"application\/ld+json\" class=\"yoast-schema-graph\">{\"@context\":\"https:\\\/\\\/schema.org\",\"@graph\":[{\"@type\":\"Article\",\"@id\":\"https:\\\/\\\/motorista.com.br\\\/noticias\\\/2026\\\/05\\\/01\\\/copom-reduz-juros-itau-aumenta-projecao-da-selic-para-1325-devido-a-inflacao\\\/#article\",\"isPartOf\":{\"@id\":\"https:\\\/\\\/motorista.com.br\\\/noticias\\\/2026\\\/05\\\/01\\\/copom-reduz-juros-itau-aumenta-projecao-da-selic-para-1325-devido-a-inflacao\\\/\"},\"author\":{\"name\":\"Equipe Reda\u00e7\u00e3o\",\"@id\":\"https:\\\/\\\/motorista.com.br\\\/noticias\\\/#\\\/schema\\\/person\\\/dc93afc2981c0e3ce6bc3c053fd847be\"},\"headline\":\"Copom reduz juros; Ita\u00fa aumenta proje\u00e7\u00e3o da Selic para 13,25% devido \u00e0 infla\u00e7\u00e3o.\",\"datePublished\":\"2026-05-01T15:27:34+00:00\",\"mainEntityOfPage\":{\"@id\":\"https:\\\/\\\/motorista.com.br\\\/noticias\\\/2026\\\/05\\\/01\\\/copom-reduz-juros-itau-aumenta-projecao-da-selic-para-1325-devido-a-inflacao\\\/\"},\"wordCount\":534,\"publisher\":{\"@id\":\"https:\\\/\\\/motorista.com.br\\\/noticias\\\/#organization\"},\"image\":{\"@id\":\"https:\\\/\\\/motorista.com.br\\\/noticias\\\/2026\\\/05\\\/01\\\/copom-reduz-juros-itau-aumenta-projecao-da-selic-para-1325-devido-a-inflacao\\\/#primaryimage\"},\"thumbnailUrl\":\"https:\\\/\\\/motorista.com.br\\\/noticias\\\/wp-content\\\/uploads\\\/2026\\\/05\\\/itau-2.jpg\",\"articleSection\":[\"Mercado Financeiro\"],\"inLanguage\":\"pt-BR\"},{\"@type\":\"WebPage\",\"@id\":\"https:\\\/\\\/motorista.com.br\\\/noticias\\\/2026\\\/05\\\/01\\\/copom-reduz-juros-itau-aumenta-projecao-da-selic-para-1325-devido-a-inflacao\\\/\",\"url\":\"https:\\\/\\\/motorista.com.br\\\/noticias\\\/2026\\\/05\\\/01\\\/copom-reduz-juros-itau-aumenta-projecao-da-selic-para-1325-devido-a-inflacao\\\/\",\"name\":\"Copom reduz juros; Ita\u00fa aumenta proje\u00e7\u00e3o da Selic para 13,25% devido \u00e0 infla\u00e7\u00e3o. - Motorista.com.br\",\"isPartOf\":{\"@id\":\"https:\\\/\\\/motorista.com.br\\\/noticias\\\/#website\"},\"primaryImageOfPage\":{\"@id\":\"https:\\\/\\\/motorista.com.br\\\/noticias\\\/2026\\\/05\\\/01\\\/copom-reduz-juros-itau-aumenta-projecao-da-selic-para-1325-devido-a-inflacao\\\/#primaryimage\"},\"image\":{\"@id\":\"https:\\\/\\\/motorista.com.br\\\/noticias\\\/2026\\\/05\\\/01\\\/copom-reduz-juros-itau-aumenta-projecao-da-selic-para-1325-devido-a-inflacao\\\/#primaryimage\"},\"thumbnailUrl\":\"https:\\\/\\\/motorista.com.br\\\/noticias\\\/wp-content\\\/uploads\\\/2026\\\/05\\\/itau-2.jpg\",\"datePublished\":\"2026-05-01T15:27:34+00:00\",\"breadcrumb\":{\"@id\":\"https:\\\/\\\/motorista.com.br\\\/noticias\\\/2026\\\/05\\\/01\\\/copom-reduz-juros-itau-aumenta-projecao-da-selic-para-1325-devido-a-inflacao\\\/#breadcrumb\"},\"inLanguage\":\"pt-BR\",\"potentialAction\":[{\"@type\":\"ReadAction\",\"target\":[\"https:\\\/\\\/motorista.com.br\\\/noticias\\\/2026\\\/05\\\/01\\\/copom-reduz-juros-itau-aumenta-projecao-da-selic-para-1325-devido-a-inflacao\\\/\"]}]},{\"@type\":\"ImageObject\",\"inLanguage\":\"pt-BR\",\"@id\":\"https:\\\/\\\/motorista.com.br\\\/noticias\\\/2026\\\/05\\\/01\\\/copom-reduz-juros-itau-aumenta-projecao-da-selic-para-1325-devido-a-inflacao\\\/#primaryimage\",\"url\":\"https:\\\/\\\/motorista.com.br\\\/noticias\\\/wp-content\\\/uploads\\\/2026\\\/05\\\/itau-2.jpg\",\"contentUrl\":\"https:\\\/\\\/motorista.com.br\\\/noticias\\\/wp-content\\\/uploads\\\/2026\\\/05\\\/itau-2.jpg\",\"width\":1280,\"height\":680},{\"@type\":\"BreadcrumbList\",\"@id\":\"https:\\\/\\\/motorista.com.br\\\/noticias\\\/2026\\\/05\\\/01\\\/copom-reduz-juros-itau-aumenta-projecao-da-selic-para-1325-devido-a-inflacao\\\/#breadcrumb\",\"itemListElement\":[{\"@type\":\"ListItem\",\"position\":1,\"name\":\"In\u00edcio\",\"item\":\"https:\\\/\\\/motorista.com.br\\\/noticias\\\/\"},{\"@type\":\"ListItem\",\"position\":2,\"name\":\"Copom reduz juros; Ita\u00fa aumenta proje\u00e7\u00e3o da Selic para 13,25% devido \u00e0 infla\u00e7\u00e3o.\"}]},{\"@type\":\"WebSite\",\"@id\":\"https:\\\/\\\/motorista.com.br\\\/noticias\\\/#website\",\"url\":\"https:\\\/\\\/motorista.com.br\\\/noticias\\\/\",\"name\":\"Motorista.com.br\",\"description\":\"Not\u00edcia do Motorista\",\"publisher\":{\"@id\":\"https:\\\/\\\/motorista.com.br\\\/noticias\\\/#organization\"},\"potentialAction\":[{\"@type\":\"SearchAction\",\"target\":{\"@type\":\"EntryPoint\",\"urlTemplate\":\"https:\\\/\\\/motorista.com.br\\\/noticias\\\/?s={search_term_string}\"},\"query-input\":{\"@type\":\"PropertyValueSpecification\",\"valueRequired\":true,\"valueName\":\"search_term_string\"}}],\"inLanguage\":\"pt-BR\"},{\"@type\":\"Organization\",\"@id\":\"https:\\\/\\\/motorista.com.br\\\/noticias\\\/#organization\",\"name\":\"Motorista.com.br\",\"url\":\"https:\\\/\\\/motorista.com.br\\\/noticias\\\/\",\"logo\":{\"@type\":\"ImageObject\",\"inLanguage\":\"pt-BR\",\"@id\":\"https:\\\/\\\/motorista.com.br\\\/noticias\\\/#\\\/schema\\\/logo\\\/image\\\/\",\"url\":\"https:\\\/\\\/motorista.com.br\\\/noticias\\\/wp-content\\\/uploads\\\/2025\\\/06\\\/Design-sem-nome-9.png\",\"contentUrl\":\"https:\\\/\\\/motorista.com.br\\\/noticias\\\/wp-content\\\/uploads\\\/2025\\\/06\\\/Design-sem-nome-9.png\",\"width\":150,\"height\":85,\"caption\":\"Motorista.com.br\"},\"image\":{\"@id\":\"https:\\\/\\\/motorista.com.br\\\/noticias\\\/#\\\/schema\\\/logo\\\/image\\\/\"}},{\"@type\":\"Person\",\"@id\":\"https:\\\/\\\/motorista.com.br\\\/noticias\\\/#\\\/schema\\\/person\\\/dc93afc2981c0e3ce6bc3c053fd847be\",\"name\":\"Equipe Reda\u00e7\u00e3o\",\"image\":{\"@type\":\"ImageObject\",\"inLanguage\":\"pt-BR\",\"@id\":\"https:\\\/\\\/secure.gravatar.com\\\/avatar\\\/4f525efbf18dd2bb300ccad28bfb99d95a9465a5ba268407c8c37b37e1f28d2d?s=96&d=mm&r=g9e099043a0c61e9ae27e293b9fa75ffc\",\"url\":\"https:\\\/\\\/secure.gravatar.com\\\/avatar\\\/4f525efbf18dd2bb300ccad28bfb99d95a9465a5ba268407c8c37b37e1f28d2d?s=96&d=mm&r=g\",\"contentUrl\":\"https:\\\/\\\/secure.gravatar.com\\\/avatar\\\/4f525efbf18dd2bb300ccad28bfb99d95a9465a5ba268407c8c37b37e1f28d2d?s=96&d=mm&r=g\",\"caption\":\"Equipe Reda\u00e7\u00e3o\"},\"description\":\"Equipe de reda\u00e7\u00e3o \u00e9 um grupo de profissionais que trabalham juntos para criar conte\u00fado escrito para Motorista.com.br\",\"url\":\"https:\\\/\\\/motorista.com.br\\\/noticias\\\/author\\\/equiperedacao\\\/\"}]}<\/script>\n<!-- \/ Yoast SEO Premium plugin. -->","yoast_head_json":{"title":"Copom reduz juros; Ita\u00fa aumenta proje\u00e7\u00e3o da Selic para 13,25% devido \u00e0 infla\u00e7\u00e3o. - Motorista.com.br","robots":{"index":"index","follow":"follow","max-snippet":"max-snippet:-1","max-image-preview":"max-image-preview:large","max-video-preview":"max-video-preview:-1"},"canonical":"https:\/\/motorista.com.br\/noticias\/2026\/05\/01\/copom-reduz-juros-itau-aumenta-projecao-da-selic-para-1325-devido-a-inflacao\/","og_locale":"pt_BR","og_type":"article","og_title":"Copom reduz juros; Ita\u00fa aumenta proje\u00e7\u00e3o da Selic para 13,25% devido \u00e0 infla\u00e7\u00e3o.","og_description":"(Imagem: Reuters\/Amanda Perobelli) A recente decis\u00e3o do Comit\u00ea de Pol\u00edtica Monet\u00e1ria (Copom) de reduzir a taxa Selic em 0,25 ponto percentual, embora esperada, trouxe \u00e0 tona um novo cen\u00e1rio. A an\u00e1lise do Ita\u00fa Unibanco indica que, apesar da queda, a infla\u00e7\u00e3o est\u00e1 pressionada e limita a margem para futuras redu\u00e7\u00f5es. Essa situa\u00e7\u00e3o pode ter impactos &hellip;","og_url":"https:\/\/motorista.com.br\/noticias\/2026\/05\/01\/copom-reduz-juros-itau-aumenta-projecao-da-selic-para-1325-devido-a-inflacao\/","og_site_name":"Motorista.com.br","article_published_time":"2026-05-01T15:27:34+00:00","og_image":[{"url":"https:\/\/www.moneytimes.com.br\/uploads\/2025\/11\/itau-2.jpg","type":"","width":"","height":""}],"author":"Equipe Reda\u00e7\u00e3o","twitter_card":"summary_large_image","twitter_misc":{"Escrito por":"Equipe Reda\u00e7\u00e3o","Est. tempo de leitura":"3 minutos","Written by":"Equipe Reda\u00e7\u00e3o"},"schema":{"@context":"https:\/\/schema.org","@graph":[{"@type":"Article","@id":"https:\/\/motorista.com.br\/noticias\/2026\/05\/01\/copom-reduz-juros-itau-aumenta-projecao-da-selic-para-1325-devido-a-inflacao\/#article","isPartOf":{"@id":"https:\/\/motorista.com.br\/noticias\/2026\/05\/01\/copom-reduz-juros-itau-aumenta-projecao-da-selic-para-1325-devido-a-inflacao\/"},"author":{"name":"Equipe Reda\u00e7\u00e3o","@id":"https:\/\/motorista.com.br\/noticias\/#\/schema\/person\/dc93afc2981c0e3ce6bc3c053fd847be"},"headline":"Copom reduz juros; Ita\u00fa aumenta proje\u00e7\u00e3o da Selic para 13,25% devido \u00e0 infla\u00e7\u00e3o.","datePublished":"2026-05-01T15:27:34+00:00","mainEntityOfPage":{"@id":"https:\/\/motorista.com.br\/noticias\/2026\/05\/01\/copom-reduz-juros-itau-aumenta-projecao-da-selic-para-1325-devido-a-inflacao\/"},"wordCount":534,"publisher":{"@id":"https:\/\/motorista.com.br\/noticias\/#organization"},"image":{"@id":"https:\/\/motorista.com.br\/noticias\/2026\/05\/01\/copom-reduz-juros-itau-aumenta-projecao-da-selic-para-1325-devido-a-inflacao\/#primaryimage"},"thumbnailUrl":"https:\/\/motorista.com.br\/noticias\/wp-content\/uploads\/2026\/05\/itau-2.jpg","articleSection":["Mercado Financeiro"],"inLanguage":"pt-BR"},{"@type":"WebPage","@id":"https:\/\/motorista.com.br\/noticias\/2026\/05\/01\/copom-reduz-juros-itau-aumenta-projecao-da-selic-para-1325-devido-a-inflacao\/","url":"https:\/\/motorista.com.br\/noticias\/2026\/05\/01\/copom-reduz-juros-itau-aumenta-projecao-da-selic-para-1325-devido-a-inflacao\/","name":"Copom reduz juros; Ita\u00fa aumenta proje\u00e7\u00e3o da Selic para 13,25% devido \u00e0 infla\u00e7\u00e3o. - Motorista.com.br","isPartOf":{"@id":"https:\/\/motorista.com.br\/noticias\/#website"},"primaryImageOfPage":{"@id":"https:\/\/motorista.com.br\/noticias\/2026\/05\/01\/copom-reduz-juros-itau-aumenta-projecao-da-selic-para-1325-devido-a-inflacao\/#primaryimage"},"image":{"@id":"https:\/\/motorista.com.br\/noticias\/2026\/05\/01\/copom-reduz-juros-itau-aumenta-projecao-da-selic-para-1325-devido-a-inflacao\/#primaryimage"},"thumbnailUrl":"https:\/\/motorista.com.br\/noticias\/wp-content\/uploads\/2026\/05\/itau-2.jpg","datePublished":"2026-05-01T15:27:34+00:00","breadcrumb":{"@id":"https:\/\/motorista.com.br\/noticias\/2026\/05\/01\/copom-reduz-juros-itau-aumenta-projecao-da-selic-para-1325-devido-a-inflacao\/#breadcrumb"},"inLanguage":"pt-BR","potentialAction":[{"@type":"ReadAction","target":["https:\/\/motorista.com.br\/noticias\/2026\/05\/01\/copom-reduz-juros-itau-aumenta-projecao-da-selic-para-1325-devido-a-inflacao\/"]}]},{"@type":"ImageObject","inLanguage":"pt-BR","@id":"https:\/\/motorista.com.br\/noticias\/2026\/05\/01\/copom-reduz-juros-itau-aumenta-projecao-da-selic-para-1325-devido-a-inflacao\/#primaryimage","url":"https:\/\/motorista.com.br\/noticias\/wp-content\/uploads\/2026\/05\/itau-2.jpg","contentUrl":"https:\/\/motorista.com.br\/noticias\/wp-content\/uploads\/2026\/05\/itau-2.jpg","width":1280,"height":680},{"@type":"BreadcrumbList","@id":"https:\/\/motorista.com.br\/noticias\/2026\/05\/01\/copom-reduz-juros-itau-aumenta-projecao-da-selic-para-1325-devido-a-inflacao\/#breadcrumb","itemListElement":[{"@type":"ListItem","position":1,"name":"In\u00edcio","item":"https:\/\/motorista.com.br\/noticias\/"},{"@type":"ListItem","position":2,"name":"Copom reduz juros; Ita\u00fa aumenta proje\u00e7\u00e3o da Selic para 13,25% devido \u00e0 infla\u00e7\u00e3o."}]},{"@type":"WebSite","@id":"https:\/\/motorista.com.br\/noticias\/#website","url":"https:\/\/motorista.com.br\/noticias\/","name":"Motorista.com.br","description":"Not\u00edcia do Motorista","publisher":{"@id":"https:\/\/motorista.com.br\/noticias\/#organization"},"potentialAction":[{"@type":"SearchAction","target":{"@type":"EntryPoint","urlTemplate":"https:\/\/motorista.com.br\/noticias\/?s={search_term_string}"},"query-input":{"@type":"PropertyValueSpecification","valueRequired":true,"valueName":"search_term_string"}}],"inLanguage":"pt-BR"},{"@type":"Organization","@id":"https:\/\/motorista.com.br\/noticias\/#organization","name":"Motorista.com.br","url":"https:\/\/motorista.com.br\/noticias\/","logo":{"@type":"ImageObject","inLanguage":"pt-BR","@id":"https:\/\/motorista.com.br\/noticias\/#\/schema\/logo\/image\/","url":"https:\/\/motorista.com.br\/noticias\/wp-content\/uploads\/2025\/06\/Design-sem-nome-9.png","contentUrl":"https:\/\/motorista.com.br\/noticias\/wp-content\/uploads\/2025\/06\/Design-sem-nome-9.png","width":150,"height":85,"caption":"Motorista.com.br"},"image":{"@id":"https:\/\/motorista.com.br\/noticias\/#\/schema\/logo\/image\/"}},{"@type":"Person","@id":"https:\/\/motorista.com.br\/noticias\/#\/schema\/person\/dc93afc2981c0e3ce6bc3c053fd847be","name":"Equipe Reda\u00e7\u00e3o","image":{"@type":"ImageObject","inLanguage":"pt-BR","@id":"https:\/\/secure.gravatar.com\/avatar\/4f525efbf18dd2bb300ccad28bfb99d95a9465a5ba268407c8c37b37e1f28d2d?s=96&d=mm&r=g9e099043a0c61e9ae27e293b9fa75ffc","url":"https:\/\/secure.gravatar.com\/avatar\/4f525efbf18dd2bb300ccad28bfb99d95a9465a5ba268407c8c37b37e1f28d2d?s=96&d=mm&r=g","contentUrl":"https:\/\/secure.gravatar.com\/avatar\/4f525efbf18dd2bb300ccad28bfb99d95a9465a5ba268407c8c37b37e1f28d2d?s=96&d=mm&r=g","caption":"Equipe Reda\u00e7\u00e3o"},"description":"Equipe de reda\u00e7\u00e3o \u00e9 um grupo de profissionais que trabalham juntos para criar conte\u00fado escrito para Motorista.com.br","url":"https:\/\/motorista.com.br\/noticias\/author\/equiperedacao\/"}]}},"_links":{"self":[{"href":"https:\/\/motorista.com.br\/noticias\/wp-json\/wp\/v2\/posts\/9431","targetHints":{"allow":["GET"]}}],"collection":[{"href":"https:\/\/motorista.com.br\/noticias\/wp-json\/wp\/v2\/posts"}],"about":[{"href":"https:\/\/motorista.com.br\/noticias\/wp-json\/wp\/v2\/types\/post"}],"author":[{"embeddable":true,"href":"https:\/\/motorista.com.br\/noticias\/wp-json\/wp\/v2\/users\/4"}],"replies":[{"embeddable":true,"href":"https:\/\/motorista.com.br\/noticias\/wp-json\/wp\/v2\/comments?post=9431"}],"version-history":[{"count":0,"href":"https:\/\/motorista.com.br\/noticias\/wp-json\/wp\/v2\/posts\/9431\/revisions"}],"wp:featuredmedia":[{"embeddable":true,"href":"https:\/\/motorista.com.br\/noticias\/wp-json\/wp\/v2\/media\/9432"}],"wp:attachment":[{"href":"https:\/\/motorista.com.br\/noticias\/wp-json\/wp\/v2\/media?parent=9431"}],"wp:term":[{"taxonomy":"category","embeddable":true,"href":"https:\/\/motorista.com.br\/noticias\/wp-json\/wp\/v2\/categories?post=9431"},{"taxonomy":"post_tag","embeddable":true,"href":"https:\/\/motorista.com.br\/noticias\/wp-json\/wp\/v2\/tags?post=9431"},{"taxonomy":"author","embeddable":true,"href":"https:\/\/motorista.com.br\/noticias\/wp-json\/wp\/v2\/coauthors?post=9431"}],"curies":[{"name":"wp","href":"https:\/\/api.w.org\/{rel}","templated":true}]}}