{"id":9429,"date":"2026-05-01T09:12:34","date_gmt":"2026-05-01T12:12:34","guid":{"rendered":"https:\/\/motorista.com.br\/noticias\/2026\/05\/01\/mpf-solicita-pena-de-r-153-milhoes-a-empresa-por-sobrepeso\/"},"modified":"2026-05-01T09:12:34","modified_gmt":"2026-05-01T12:12:34","slug":"mpf-solicita-pena-de-r-153-milhoes-a-empresa-por-sobrepeso","status":"publish","type":"post","link":"https:\/\/motorista.com.br\/noticias\/2026\/05\/01\/mpf-solicita-pena-de-r-153-milhoes-a-empresa-por-sobrepeso\/","title":{"rendered":"MPF solicita pena de R$ 15,3 milh\u00f5es a empresa por sobrepeso"},"content":{"rendered":"<p><\/p>\n<h3>MPF Pede Condena\u00e7\u00e3o de Empresa em Mais de R$ 15,3 Milh\u00f5es por Excesso de Peso<\/h3>\n<p>Uma a\u00e7\u00e3o civil foi proposta pelo Minist\u00e9rio P\u00fablico Federal (MPF) contra uma transportadora do Amap\u00e1, com base em evid\u00eancias de tr\u00e1fego constante de ve\u00edculos de carga com excesso de peso nas rodovias federais. A empresa, identificada como a maior infratora do estado, acumulou 695 autua\u00e7\u00f5es entre 2020 e 2025. Diante da gravidade da situa\u00e7\u00e3o, o MPF requer a condena\u00e7\u00e3o da transportadora ao pagamento de mais de R$ 15,3 milh\u00f5es em indeniza\u00e7\u00f5es por danos ao patrim\u00f4nio p\u00fablico, concorr\u00eancia leal, seguran\u00e7a vi\u00e1ria e danos morais coletivos.<\/p>\n<p>Um aspecto significativo da a\u00e7\u00e3o \u00e9 a medida liminar proposta pelo MPF, que busca proibir a sa\u00edda de ve\u00edculos sobrecarregados, impondo uma multa de R$ 15 mil para novas infra\u00e7\u00f5es. Al\u00e9m disso, a transportadora dever\u00e1 declarar o peso real da carga em todas as notas fiscais. A investiga\u00e7\u00e3o do MPF, apoiada por relat\u00f3rios da Pol\u00edcia Rodovi\u00e1ria Federal e do Departamento Nacional de Infraestrutura de Transportes, destaca que o excesso de peso n\u00e3o \u00e9 um incidente isolado, mas uma pr\u00e1tica deliberada voltada \u00e0 redu\u00e7\u00e3o de custos operacionais.<\/p>\n<p>Essa pr\u00e1tica compromete n\u00e3o apenas a estrutura das rodovias e a seguran\u00e7a dos motoristas, mas tamb\u00e9m gera uma concorr\u00eancia desleal. Ao ignorar os limites legais, essa transportadora obt\u00e9m vantagens indevidas em rela\u00e7\u00e3o aos concorrentes que respetam as normas. Isso tem um impacto direto na mobilidade geral, uma vez que ve\u00edculos sobrecarregados aumentam o desgaste das estradas, resultando em danos que podem levar a interrup\u00e7\u00f5es no tr\u00e1fego e a riscos adicionais para os motoristas.<\/p>\n<p>Infelizmente, antes de tomar medidas judiciais, o MPF tentou resolver a situa\u00e7\u00e3o ami\u00fade por meio de um Termo de Ajustamento de Conduta (TAC), sem sucesso. O valor da indeniza\u00e7\u00e3o solicitado \u00e9 baseado em um relat\u00f3rios elaborado pela per\u00edcia t\u00e9cnica da Procuradoria-Geral da Rep\u00fablica, que quantificou os danos de maneira objetiva, sendo que R$ 10,4 milh\u00f5es referem-se a danos morais coletivos. Essa abordagem busca n\u00e3o apenas compensar os preju\u00edzos, mas tamb\u00e9m desestimular o lucro oriundo de pr\u00e1ticas il\u00edcitas.<\/p>\n<p>A decis\u00e3o sobre essa a\u00e7\u00e3o pode estabelecer um precedente importante para a ind\u00fastria de transportes e refor\u00e7ar a necessidade de compliance com as normas de tr\u00e2nsito, contribuindo para uma mobilidade mais segura e justa para todos os motoristas nas estradas. Essa mudan\u00e7a pode beneficiar n\u00e3o apenas os profissionais do volante, mas a sociedade como um todo, ao garantir que o transporte seja feito de maneira segura e dentro da legalidade.<\/p>\n","protected":false},"excerpt":{"rendered":"<p>MPF Pede Condena\u00e7\u00e3o de Empresa em Mais de R$ 15,3 Milh\u00f5es por Excesso de Peso Uma a\u00e7\u00e3o civil foi proposta pelo Minist\u00e9rio P\u00fablico Federal (MPF) contra uma transportadora do Amap\u00e1, com base em evid\u00eancias de tr\u00e1fego constante de ve\u00edculos de carga com excesso de peso nas rodovias federais. A empresa, identificada como a maior infratora &hellip;<\/p>\n","protected":false},"author":4,"featured_media":9430,"comment_status":"","ping_status":"open","sticky":false,"template":"","format":"standard","meta":{"footnotes":""},"categories":[78,77],"tags":[],"coauthors":[42],"class_list":["post-9429","post","type-post","status-publish","format-standard","has-post-thumbnail","hentry","category-carreteiro","category-motorista"],"yoast_head":"<!-- This site is optimized with the Yoast SEO Premium plugin v25.5 (Yoast SEO v27.5) - https:\/\/yoast.com\/product\/yoast-seo-premium-wordpress\/ -->\n<title>MPF solicita pena de R$ 15,3 milh\u00f5es a empresa por sobrepeso - Motorista.com.br<\/title>\n<meta name=\"robots\" content=\"index, follow, max-snippet:-1, max-image-preview:large, max-video-preview:-1\" \/>\n<link rel=\"canonical\" href=\"https:\/\/motorista.com.br\/noticias\/2026\/05\/01\/mpf-solicita-pena-de-r-153-milhoes-a-empresa-por-sobrepeso\/\" \/>\n<meta property=\"og:locale\" content=\"pt_BR\" \/>\n<meta property=\"og:type\" content=\"article\" \/>\n<meta property=\"og:title\" content=\"MPF solicita pena de R$ 15,3 milh\u00f5es a empresa por sobrepeso\" \/>\n<meta property=\"og:description\" content=\"MPF Pede Condena\u00e7\u00e3o de Empresa em Mais de R$ 15,3 Milh\u00f5es por Excesso de Peso Uma a\u00e7\u00e3o civil foi proposta pelo Minist\u00e9rio P\u00fablico Federal (MPF) contra uma transportadora do Amap\u00e1, com base em evid\u00eancias de tr\u00e1fego constante de ve\u00edculos de carga com excesso de peso nas rodovias federais. A empresa, identificada como a maior infratora &hellip;\" \/>\n<meta property=\"og:url\" content=\"https:\/\/motorista.com.br\/noticias\/2026\/05\/01\/mpf-solicita-pena-de-r-153-milhoes-a-empresa-por-sobrepeso\/\" \/>\n<meta property=\"og:site_name\" content=\"Motorista.com.br\" \/>\n<meta property=\"article:published_time\" content=\"2026-05-01T12:12:34+00:00\" \/>\n<meta name=\"author\" content=\"Equipe Reda\u00e7\u00e3o\" \/>\n<meta name=\"twitter:card\" content=\"summary_large_image\" \/>\n<meta name=\"twitter:label1\" content=\"Escrito por\" \/>\n\t<meta name=\"twitter:data1\" content=\"Equipe Reda\u00e7\u00e3o\" \/>\n\t<meta name=\"twitter:label2\" content=\"Est. tempo de leitura\" \/>\n\t<meta name=\"twitter:data2\" content=\"2 minutos\" \/>\n\t<meta name=\"twitter:label3\" content=\"Written by\" \/>\n\t<meta name=\"twitter:data3\" content=\"Equipe Reda\u00e7\u00e3o\" \/>\n<script type=\"application\/ld+json\" class=\"yoast-schema-graph\">{\"@context\":\"https:\\\/\\\/schema.org\",\"@graph\":[{\"@type\":\"Article\",\"@id\":\"https:\\\/\\\/motorista.com.br\\\/noticias\\\/2026\\\/05\\\/01\\\/mpf-solicita-pena-de-r-153-milhoes-a-empresa-por-sobrepeso\\\/#article\",\"isPartOf\":{\"@id\":\"https:\\\/\\\/motorista.com.br\\\/noticias\\\/2026\\\/05\\\/01\\\/mpf-solicita-pena-de-r-153-milhoes-a-empresa-por-sobrepeso\\\/\"},\"author\":{\"name\":\"Equipe Reda\u00e7\u00e3o\",\"@id\":\"https:\\\/\\\/motorista.com.br\\\/noticias\\\/#\\\/schema\\\/person\\\/dc93afc2981c0e3ce6bc3c053fd847be\"},\"headline\":\"MPF solicita pena de R$ 15,3 milh\u00f5es a empresa por sobrepeso\",\"datePublished\":\"2026-05-01T12:12:34+00:00\",\"mainEntityOfPage\":{\"@id\":\"https:\\\/\\\/motorista.com.br\\\/noticias\\\/2026\\\/05\\\/01\\\/mpf-solicita-pena-de-r-153-milhoes-a-empresa-por-sobrepeso\\\/\"},\"wordCount\":465,\"publisher\":{\"@id\":\"https:\\\/\\\/motorista.com.br\\\/noticias\\\/#organization\"},\"image\":{\"@id\":\"https:\\\/\\\/motorista.com.br\\\/noticias\\\/2026\\\/05\\\/01\\\/mpf-solicita-pena-de-r-153-milhoes-a-empresa-por-sobrepeso\\\/#primaryimage\"},\"thumbnailUrl\":\"https:\\\/\\\/motorista.com.br\\\/noticias\\\/wp-content\\\/uploads\\\/2026\\\/05\\\/excesso-de-peso-caminhao-estrada-rodovia.jpg\",\"articleSection\":[\"Carreteiro\",\"Motorista\"],\"inLanguage\":\"pt-BR\"},{\"@type\":\"WebPage\",\"@id\":\"https:\\\/\\\/motorista.com.br\\\/noticias\\\/2026\\\/05\\\/01\\\/mpf-solicita-pena-de-r-153-milhoes-a-empresa-por-sobrepeso\\\/\",\"url\":\"https:\\\/\\\/motorista.com.br\\\/noticias\\\/2026\\\/05\\\/01\\\/mpf-solicita-pena-de-r-153-milhoes-a-empresa-por-sobrepeso\\\/\",\"name\":\"MPF solicita pena de R$ 15,3 milh\u00f5es a empresa por sobrepeso - Motorista.com.br\",\"isPartOf\":{\"@id\":\"https:\\\/\\\/motorista.com.br\\\/noticias\\\/#website\"},\"primaryImageOfPage\":{\"@id\":\"https:\\\/\\\/motorista.com.br\\\/noticias\\\/2026\\\/05\\\/01\\\/mpf-solicita-pena-de-r-153-milhoes-a-empresa-por-sobrepeso\\\/#primaryimage\"},\"image\":{\"@id\":\"https:\\\/\\\/motorista.com.br\\\/noticias\\\/2026\\\/05\\\/01\\\/mpf-solicita-pena-de-r-153-milhoes-a-empresa-por-sobrepeso\\\/#primaryimage\"},\"thumbnailUrl\":\"https:\\\/\\\/motorista.com.br\\\/noticias\\\/wp-content\\\/uploads\\\/2026\\\/05\\\/excesso-de-peso-caminhao-estrada-rodovia.jpg\",\"datePublished\":\"2026-05-01T12:12:34+00:00\",\"breadcrumb\":{\"@id\":\"https:\\\/\\\/motorista.com.br\\\/noticias\\\/2026\\\/05\\\/01\\\/mpf-solicita-pena-de-r-153-milhoes-a-empresa-por-sobrepeso\\\/#breadcrumb\"},\"inLanguage\":\"pt-BR\",\"potentialAction\":[{\"@type\":\"ReadAction\",\"target\":[\"https:\\\/\\\/motorista.com.br\\\/noticias\\\/2026\\\/05\\\/01\\\/mpf-solicita-pena-de-r-153-milhoes-a-empresa-por-sobrepeso\\\/\"]}]},{\"@type\":\"ImageObject\",\"inLanguage\":\"pt-BR\",\"@id\":\"https:\\\/\\\/motorista.com.br\\\/noticias\\\/2026\\\/05\\\/01\\\/mpf-solicita-pena-de-r-153-milhoes-a-empresa-por-sobrepeso\\\/#primaryimage\",\"url\":\"https:\\\/\\\/motorista.com.br\\\/noticias\\\/wp-content\\\/uploads\\\/2026\\\/05\\\/excesso-de-peso-caminhao-estrada-rodovia.jpg\",\"contentUrl\":\"https:\\\/\\\/motorista.com.br\\\/noticias\\\/wp-content\\\/uploads\\\/2026\\\/05\\\/excesso-de-peso-caminhao-estrada-rodovia.jpg\",\"width\":1201,\"height\":800},{\"@type\":\"BreadcrumbList\",\"@id\":\"https:\\\/\\\/motorista.com.br\\\/noticias\\\/2026\\\/05\\\/01\\\/mpf-solicita-pena-de-r-153-milhoes-a-empresa-por-sobrepeso\\\/#breadcrumb\",\"itemListElement\":[{\"@type\":\"ListItem\",\"position\":1,\"name\":\"In\u00edcio\",\"item\":\"https:\\\/\\\/motorista.com.br\\\/noticias\\\/\"},{\"@type\":\"ListItem\",\"position\":2,\"name\":\"MPF solicita pena de R$ 15,3 milh\u00f5es a empresa por sobrepeso\"}]},{\"@type\":\"WebSite\",\"@id\":\"https:\\\/\\\/motorista.com.br\\\/noticias\\\/#website\",\"url\":\"https:\\\/\\\/motorista.com.br\\\/noticias\\\/\",\"name\":\"Motorista.com.br\",\"description\":\"Not\u00edcia do Motorista\",\"publisher\":{\"@id\":\"https:\\\/\\\/motorista.com.br\\\/noticias\\\/#organization\"},\"potentialAction\":[{\"@type\":\"SearchAction\",\"target\":{\"@type\":\"EntryPoint\",\"urlTemplate\":\"https:\\\/\\\/motorista.com.br\\\/noticias\\\/?s={search_term_string}\"},\"query-input\":{\"@type\":\"PropertyValueSpecification\",\"valueRequired\":true,\"valueName\":\"search_term_string\"}}],\"inLanguage\":\"pt-BR\"},{\"@type\":\"Organization\",\"@id\":\"https:\\\/\\\/motorista.com.br\\\/noticias\\\/#organization\",\"name\":\"Motorista.com.br\",\"url\":\"https:\\\/\\\/motorista.com.br\\\/noticias\\\/\",\"logo\":{\"@type\":\"ImageObject\",\"inLanguage\":\"pt-BR\",\"@id\":\"https:\\\/\\\/motorista.com.br\\\/noticias\\\/#\\\/schema\\\/logo\\\/image\\\/\",\"url\":\"https:\\\/\\\/motorista.com.br\\\/noticias\\\/wp-content\\\/uploads\\\/2025\\\/06\\\/Design-sem-nome-9.png\",\"contentUrl\":\"https:\\\/\\\/motorista.com.br\\\/noticias\\\/wp-content\\\/uploads\\\/2025\\\/06\\\/Design-sem-nome-9.png\",\"width\":150,\"height\":85,\"caption\":\"Motorista.com.br\"},\"image\":{\"@id\":\"https:\\\/\\\/motorista.com.br\\\/noticias\\\/#\\\/schema\\\/logo\\\/image\\\/\"}},{\"@type\":\"Person\",\"@id\":\"https:\\\/\\\/motorista.com.br\\\/noticias\\\/#\\\/schema\\\/person\\\/dc93afc2981c0e3ce6bc3c053fd847be\",\"name\":\"Equipe Reda\u00e7\u00e3o\",\"image\":{\"@type\":\"ImageObject\",\"inLanguage\":\"pt-BR\",\"@id\":\"https:\\\/\\\/secure.gravatar.com\\\/avatar\\\/4f525efbf18dd2bb300ccad28bfb99d95a9465a5ba268407c8c37b37e1f28d2d?s=96&d=mm&r=g9e099043a0c61e9ae27e293b9fa75ffc\",\"url\":\"https:\\\/\\\/secure.gravatar.com\\\/avatar\\\/4f525efbf18dd2bb300ccad28bfb99d95a9465a5ba268407c8c37b37e1f28d2d?s=96&d=mm&r=g\",\"contentUrl\":\"https:\\\/\\\/secure.gravatar.com\\\/avatar\\\/4f525efbf18dd2bb300ccad28bfb99d95a9465a5ba268407c8c37b37e1f28d2d?s=96&d=mm&r=g\",\"caption\":\"Equipe Reda\u00e7\u00e3o\"},\"description\":\"Equipe de reda\u00e7\u00e3o \u00e9 um grupo de profissionais que trabalham juntos para criar conte\u00fado escrito para Motorista.com.br\",\"url\":\"https:\\\/\\\/motorista.com.br\\\/noticias\\\/author\\\/equiperedacao\\\/\"}]}<\/script>\n<!-- \/ Yoast SEO Premium plugin. -->","yoast_head_json":{"title":"MPF solicita pena de R$ 15,3 milh\u00f5es a empresa por sobrepeso - Motorista.com.br","robots":{"index":"index","follow":"follow","max-snippet":"max-snippet:-1","max-image-preview":"max-image-preview:large","max-video-preview":"max-video-preview:-1"},"canonical":"https:\/\/motorista.com.br\/noticias\/2026\/05\/01\/mpf-solicita-pena-de-r-153-milhoes-a-empresa-por-sobrepeso\/","og_locale":"pt_BR","og_type":"article","og_title":"MPF solicita pena de R$ 15,3 milh\u00f5es a empresa por sobrepeso","og_description":"MPF Pede Condena\u00e7\u00e3o de Empresa em Mais de R$ 15,3 Milh\u00f5es por Excesso de Peso Uma a\u00e7\u00e3o civil foi proposta pelo Minist\u00e9rio P\u00fablico Federal (MPF) contra uma transportadora do Amap\u00e1, com base em evid\u00eancias de tr\u00e1fego constante de ve\u00edculos de carga com excesso de peso nas rodovias federais. A empresa, identificada como a maior infratora &hellip;","og_url":"https:\/\/motorista.com.br\/noticias\/2026\/05\/01\/mpf-solicita-pena-de-r-153-milhoes-a-empresa-por-sobrepeso\/","og_site_name":"Motorista.com.br","article_published_time":"2026-05-01T12:12:34+00:00","author":"Equipe Reda\u00e7\u00e3o","twitter_card":"summary_large_image","twitter_misc":{"Escrito por":"Equipe Reda\u00e7\u00e3o","Est. tempo de leitura":"2 minutos","Written by":"Equipe Reda\u00e7\u00e3o"},"schema":{"@context":"https:\/\/schema.org","@graph":[{"@type":"Article","@id":"https:\/\/motorista.com.br\/noticias\/2026\/05\/01\/mpf-solicita-pena-de-r-153-milhoes-a-empresa-por-sobrepeso\/#article","isPartOf":{"@id":"https:\/\/motorista.com.br\/noticias\/2026\/05\/01\/mpf-solicita-pena-de-r-153-milhoes-a-empresa-por-sobrepeso\/"},"author":{"name":"Equipe Reda\u00e7\u00e3o","@id":"https:\/\/motorista.com.br\/noticias\/#\/schema\/person\/dc93afc2981c0e3ce6bc3c053fd847be"},"headline":"MPF solicita pena de R$ 15,3 milh\u00f5es a empresa por sobrepeso","datePublished":"2026-05-01T12:12:34+00:00","mainEntityOfPage":{"@id":"https:\/\/motorista.com.br\/noticias\/2026\/05\/01\/mpf-solicita-pena-de-r-153-milhoes-a-empresa-por-sobrepeso\/"},"wordCount":465,"publisher":{"@id":"https:\/\/motorista.com.br\/noticias\/#organization"},"image":{"@id":"https:\/\/motorista.com.br\/noticias\/2026\/05\/01\/mpf-solicita-pena-de-r-153-milhoes-a-empresa-por-sobrepeso\/#primaryimage"},"thumbnailUrl":"https:\/\/motorista.com.br\/noticias\/wp-content\/uploads\/2026\/05\/excesso-de-peso-caminhao-estrada-rodovia.jpg","articleSection":["Carreteiro","Motorista"],"inLanguage":"pt-BR"},{"@type":"WebPage","@id":"https:\/\/motorista.com.br\/noticias\/2026\/05\/01\/mpf-solicita-pena-de-r-153-milhoes-a-empresa-por-sobrepeso\/","url":"https:\/\/motorista.com.br\/noticias\/2026\/05\/01\/mpf-solicita-pena-de-r-153-milhoes-a-empresa-por-sobrepeso\/","name":"MPF solicita pena de R$ 15,3 milh\u00f5es a empresa por sobrepeso - Motorista.com.br","isPartOf":{"@id":"https:\/\/motorista.com.br\/noticias\/#website"},"primaryImageOfPage":{"@id":"https:\/\/motorista.com.br\/noticias\/2026\/05\/01\/mpf-solicita-pena-de-r-153-milhoes-a-empresa-por-sobrepeso\/#primaryimage"},"image":{"@id":"https:\/\/motorista.com.br\/noticias\/2026\/05\/01\/mpf-solicita-pena-de-r-153-milhoes-a-empresa-por-sobrepeso\/#primaryimage"},"thumbnailUrl":"https:\/\/motorista.com.br\/noticias\/wp-content\/uploads\/2026\/05\/excesso-de-peso-caminhao-estrada-rodovia.jpg","datePublished":"2026-05-01T12:12:34+00:00","breadcrumb":{"@id":"https:\/\/motorista.com.br\/noticias\/2026\/05\/01\/mpf-solicita-pena-de-r-153-milhoes-a-empresa-por-sobrepeso\/#breadcrumb"},"inLanguage":"pt-BR","potentialAction":[{"@type":"ReadAction","target":["https:\/\/motorista.com.br\/noticias\/2026\/05\/01\/mpf-solicita-pena-de-r-153-milhoes-a-empresa-por-sobrepeso\/"]}]},{"@type":"ImageObject","inLanguage":"pt-BR","@id":"https:\/\/motorista.com.br\/noticias\/2026\/05\/01\/mpf-solicita-pena-de-r-153-milhoes-a-empresa-por-sobrepeso\/#primaryimage","url":"https:\/\/motorista.com.br\/noticias\/wp-content\/uploads\/2026\/05\/excesso-de-peso-caminhao-estrada-rodovia.jpg","contentUrl":"https:\/\/motorista.com.br\/noticias\/wp-content\/uploads\/2026\/05\/excesso-de-peso-caminhao-estrada-rodovia.jpg","width":1201,"height":800},{"@type":"BreadcrumbList","@id":"https:\/\/motorista.com.br\/noticias\/2026\/05\/01\/mpf-solicita-pena-de-r-153-milhoes-a-empresa-por-sobrepeso\/#breadcrumb","itemListElement":[{"@type":"ListItem","position":1,"name":"In\u00edcio","item":"https:\/\/motorista.com.br\/noticias\/"},{"@type":"ListItem","position":2,"name":"MPF solicita pena de R$ 15,3 milh\u00f5es a empresa por sobrepeso"}]},{"@type":"WebSite","@id":"https:\/\/motorista.com.br\/noticias\/#website","url":"https:\/\/motorista.com.br\/noticias\/","name":"Motorista.com.br","description":"Not\u00edcia do Motorista","publisher":{"@id":"https:\/\/motorista.com.br\/noticias\/#organization"},"potentialAction":[{"@type":"SearchAction","target":{"@type":"EntryPoint","urlTemplate":"https:\/\/motorista.com.br\/noticias\/?s={search_term_string}"},"query-input":{"@type":"PropertyValueSpecification","valueRequired":true,"valueName":"search_term_string"}}],"inLanguage":"pt-BR"},{"@type":"Organization","@id":"https:\/\/motorista.com.br\/noticias\/#organization","name":"Motorista.com.br","url":"https:\/\/motorista.com.br\/noticias\/","logo":{"@type":"ImageObject","inLanguage":"pt-BR","@id":"https:\/\/motorista.com.br\/noticias\/#\/schema\/logo\/image\/","url":"https:\/\/motorista.com.br\/noticias\/wp-content\/uploads\/2025\/06\/Design-sem-nome-9.png","contentUrl":"https:\/\/motorista.com.br\/noticias\/wp-content\/uploads\/2025\/06\/Design-sem-nome-9.png","width":150,"height":85,"caption":"Motorista.com.br"},"image":{"@id":"https:\/\/motorista.com.br\/noticias\/#\/schema\/logo\/image\/"}},{"@type":"Person","@id":"https:\/\/motorista.com.br\/noticias\/#\/schema\/person\/dc93afc2981c0e3ce6bc3c053fd847be","name":"Equipe Reda\u00e7\u00e3o","image":{"@type":"ImageObject","inLanguage":"pt-BR","@id":"https:\/\/secure.gravatar.com\/avatar\/4f525efbf18dd2bb300ccad28bfb99d95a9465a5ba268407c8c37b37e1f28d2d?s=96&d=mm&r=g9e099043a0c61e9ae27e293b9fa75ffc","url":"https:\/\/secure.gravatar.com\/avatar\/4f525efbf18dd2bb300ccad28bfb99d95a9465a5ba268407c8c37b37e1f28d2d?s=96&d=mm&r=g","contentUrl":"https:\/\/secure.gravatar.com\/avatar\/4f525efbf18dd2bb300ccad28bfb99d95a9465a5ba268407c8c37b37e1f28d2d?s=96&d=mm&r=g","caption":"Equipe Reda\u00e7\u00e3o"},"description":"Equipe de reda\u00e7\u00e3o \u00e9 um grupo de profissionais que trabalham juntos para criar conte\u00fado escrito para Motorista.com.br","url":"https:\/\/motorista.com.br\/noticias\/author\/equiperedacao\/"}]}},"_links":{"self":[{"href":"https:\/\/motorista.com.br\/noticias\/wp-json\/wp\/v2\/posts\/9429","targetHints":{"allow":["GET"]}}],"collection":[{"href":"https:\/\/motorista.com.br\/noticias\/wp-json\/wp\/v2\/posts"}],"about":[{"href":"https:\/\/motorista.com.br\/noticias\/wp-json\/wp\/v2\/types\/post"}],"author":[{"embeddable":true,"href":"https:\/\/motorista.com.br\/noticias\/wp-json\/wp\/v2\/users\/4"}],"replies":[{"embeddable":true,"href":"https:\/\/motorista.com.br\/noticias\/wp-json\/wp\/v2\/comments?post=9429"}],"version-history":[{"count":0,"href":"https:\/\/motorista.com.br\/noticias\/wp-json\/wp\/v2\/posts\/9429\/revisions"}],"wp:featuredmedia":[{"embeddable":true,"href":"https:\/\/motorista.com.br\/noticias\/wp-json\/wp\/v2\/media\/9430"}],"wp:attachment":[{"href":"https:\/\/motorista.com.br\/noticias\/wp-json\/wp\/v2\/media?parent=9429"}],"wp:term":[{"taxonomy":"category","embeddable":true,"href":"https:\/\/motorista.com.br\/noticias\/wp-json\/wp\/v2\/categories?post=9429"},{"taxonomy":"post_tag","embeddable":true,"href":"https:\/\/motorista.com.br\/noticias\/wp-json\/wp\/v2\/tags?post=9429"},{"taxonomy":"author","embeddable":true,"href":"https:\/\/motorista.com.br\/noticias\/wp-json\/wp\/v2\/coauthors?post=9429"}],"curies":[{"name":"wp","href":"https:\/\/api.w.org\/{rel}","templated":true}]}}