{"id":9425,"date":"2026-05-01T08:05:08","date_gmt":"2026-05-01T11:05:08","guid":{"rendered":"https:\/\/motorista.com.br\/noticias\/2026\/05\/01\/aguia-branca-encomendas-comeca-a-operar-em-sao-jose-dos-campos-com-entregas-no-mesmo-dia\/"},"modified":"2026-05-01T08:05:08","modified_gmt":"2026-05-01T11:05:08","slug":"aguia-branca-encomendas-comeca-a-operar-em-sao-jose-dos-campos-com-entregas-no-mesmo-dia","status":"publish","type":"post","link":"https:\/\/motorista.com.br\/noticias\/2026\/05\/01\/aguia-branca-encomendas-comeca-a-operar-em-sao-jose-dos-campos-com-entregas-no-mesmo-dia\/","title":{"rendered":"\u00c1guia Branca Encomendas come\u00e7a a operar em S\u00e3o Jos\u00e9 dos Campos com entregas no mesmo dia."},"content":{"rendered":"<p><\/p>\n<h3>\u00c1guia Branca Encomendas Inicia Opera\u00e7\u00e3o em S\u00e3o Jos\u00e9 dos Campos com Envios no Mesmo Dia<\/h3>\n<p>A \u00c1guia Branca Encomendas, parte do Grupo \u00c1guia Branca, d\u00e1 um passo importante ao iniciar sua opera\u00e7\u00e3o em S\u00e3o Jos\u00e9 dos Campos (SP), promovendo uma significativa amplia\u00e7\u00e3o das solu\u00e7\u00f5es log\u00edsticas no Vale do Para\u00edba. Esse modelo, que utiliza o bagageiro de \u00f4nibus para transporte de cargas fracionadas, traz uma nova din\u00e2mica ao setor de log\u00edstica na regi\u00e3o.<\/p>\n<p>Com coletas realizadas at\u00e9 as 14h e embarque no mesmo dia, a empresa estabelece uma conex\u00e3o direta com capitais estrat\u00e9gicas como S\u00e3o Paulo, Rio de Janeiro, Vit\u00f3ria e Salvador. Os prazos de entrega s\u00e3o competitivos, permitindo que cargas sejam disponibilizadas rapidamente, com a promessa de entregas no dia seguinte para o Rio de Janeiro e at\u00e9 quatro dias para a Bahia.<\/p>\n<p>Localizada em uma das \u00e1reas econ\u00f4micas mais relevantes do pa\u00eds, S\u00e3o Jos\u00e9 dos Campos possui um PIB robusto, refletindo um crescimento cont\u00ednuo que exige solu\u00e7\u00f5es log\u00edsticas mais r\u00e1pidas e eficientes. A presen\u00e7a da \u00c1guia Branca Encomendas nesse contexto atende \u00e0 crescente demanda por agilidade no transporte, beneficiando especialmente setores industriais e tecnol\u00f3gicos, que necessitam de opera\u00e7\u00f5es log\u00edsticas precisas e seguras.<\/p>\n<p>A utiliza\u00e7\u00e3o do bagageiro de \u00f4nibus, um recurso j\u00e1 estabelecido pela Via\u00e7\u00e3o \u00c1guia Branca, permite uma redu\u00e7\u00e3o significativa de etapas no processo de log\u00edstica. Isso se traduz em mais flexibilidade e regularidade nas sa\u00eddas, essenciais para empresas que, dependendo de uma produ\u00e7\u00e3o cont\u00ednua, precisam garantir a reposi\u00e7\u00e3o r\u00e1pida de estoques. Tal efici\u00eancia n\u00e3o apenas otimiza o giro de estoque, mas tamb\u00e9m proporciona maior previsibilidade nas opera\u00e7\u00f5es, algo fundamental em um mercado que exige rapidez.<\/p>\n<p>Al\u00e9m de aumentar a efici\u00eancia do transporte, a nova opera\u00e7\u00e3o tamb\u00e9m amplia o alcance de diversas cadeias produtivas. Setores como sa\u00fade, tecnologia, moda e agropecu\u00e1ria, que exigem padr\u00f5es rigorosos de entrega, se beneficiam imensamente da capacidade de log\u00edstica \u00e1gil e confi\u00e1vel. A certeza de que uma entrega ser\u00e1 feita no prazo estipulado permite que as empresas clientas planejem melhor suas opera\u00e7\u00f5es, minimizando interrup\u00e7\u00f5es e melhorando o fluxo geral da mobilidade.<\/p>\n<p>A conex\u00e3o direta com S\u00e3o Paulo fortalece ainda mais essas promessas, garantindo que as cargas coletadas em um dia cheguem a seu destino no dia seguinte. Essa agilidade n\u00e3o s\u00f3 beneficia os empres\u00e1rios localizados em S\u00e3o Jos\u00e9 dos Campos, mas tamb\u00e9m melhora a mobilidade regional urbana, reduzindo a necessidade de m\u00faltiplas transfer\u00eancias, o que, por sua vez, otimiza a infraestrutura existente e diminui os custos operacionais.<\/p>\n<p>A opera\u00e7\u00e3o \u00e9 conduzida por uma ag\u00eancia credenciada, assegurando uma presen\u00e7a local que estabelece uma comunica\u00e7\u00e3o eficaz com os clientes. O atendimento \u00e9 realizado de segunda a sexta-feira, com coletas seguindo no mesmo dia, proporcionando um servi\u00e7o acess\u00edvel e conveniente.<\/p>\n<p>Com um compromisso claro com qualidade e seguran\u00e7a, a \u00c1guia Branca Encomendas traz um modelo inovador para o transporte de mercadorias. A entrada em S\u00e3o Jos\u00e9 dos Campos n\u00e3o s\u00f3 solidifica a atua\u00e7\u00e3o da empresa em um eixo industrial crucial, mas tamb\u00e9m incorpora uma solu\u00e7\u00e3o que combina velocidade, efici\u00eancia e a utiliza\u00e7\u00e3o inteligente da infraestrutura dispon\u00edvel, contribuindo para a melhoria da mobilidade geral na regi\u00e3o.<\/p>\n<p>Fonte: Carta de Log\u00edstica<\/p>\n","protected":false},"excerpt":{"rendered":"<p>\u00c1guia Branca Encomendas Inicia Opera\u00e7\u00e3o em S\u00e3o Jos\u00e9 dos Campos com Envios no Mesmo Dia A \u00c1guia Branca Encomendas, parte do Grupo \u00c1guia Branca, d\u00e1 um passo importante ao iniciar sua opera\u00e7\u00e3o em S\u00e3o Jos\u00e9 dos Campos (SP), promovendo uma significativa amplia\u00e7\u00e3o das solu\u00e7\u00f5es log\u00edsticas no Vale do Para\u00edba. Esse modelo, que utiliza o bagageiro &hellip;<\/p>\n","protected":false},"author":4,"featured_media":9426,"comment_status":"","ping_status":"open","sticky":false,"template":"","format":"standard","meta":{"footnotes":""},"categories":[62],"tags":[],"coauthors":[42],"class_list":["post-9425","post","type-post","status-publish","format-standard","has-post-thumbnail","hentry","category-logistica"],"yoast_head":"<!-- This site is optimized with the Yoast SEO Premium plugin v25.5 (Yoast SEO v27.5) - https:\/\/yoast.com\/product\/yoast-seo-premium-wordpress\/ -->\n<title>\u00c1guia Branca Encomendas come\u00e7a a operar em S\u00e3o Jos\u00e9 dos Campos com entregas no mesmo dia. - Motorista.com.br<\/title>\n<meta name=\"robots\" content=\"index, follow, max-snippet:-1, max-image-preview:large, max-video-preview:-1\" \/>\n<link rel=\"canonical\" href=\"https:\/\/motorista.com.br\/noticias\/2026\/05\/01\/aguia-branca-encomendas-comeca-a-operar-em-sao-jose-dos-campos-com-entregas-no-mesmo-dia\/\" \/>\n<meta property=\"og:locale\" content=\"pt_BR\" \/>\n<meta property=\"og:type\" content=\"article\" \/>\n<meta property=\"og:title\" content=\"\u00c1guia Branca Encomendas come\u00e7a a operar em S\u00e3o Jos\u00e9 dos Campos com entregas no mesmo dia.\" \/>\n<meta property=\"og:description\" content=\"\u00c1guia Branca Encomendas Inicia Opera\u00e7\u00e3o em S\u00e3o Jos\u00e9 dos Campos com Envios no Mesmo Dia A \u00c1guia Branca Encomendas, parte do Grupo \u00c1guia Branca, d\u00e1 um passo importante ao iniciar sua opera\u00e7\u00e3o em S\u00e3o Jos\u00e9 dos Campos (SP), promovendo uma significativa amplia\u00e7\u00e3o das solu\u00e7\u00f5es log\u00edsticas no Vale do Para\u00edba. Esse modelo, que utiliza o bagageiro &hellip;\" \/>\n<meta property=\"og:url\" content=\"https:\/\/motorista.com.br\/noticias\/2026\/05\/01\/aguia-branca-encomendas-comeca-a-operar-em-sao-jose-dos-campos-com-entregas-no-mesmo-dia\/\" \/>\n<meta property=\"og:site_name\" content=\"Motorista.com.br\" \/>\n<meta property=\"article:published_time\" content=\"2026-05-01T11:05:08+00:00\" \/>\n<meta name=\"author\" content=\"Equipe Reda\u00e7\u00e3o\" \/>\n<meta name=\"twitter:card\" content=\"summary_large_image\" \/>\n<meta name=\"twitter:label1\" content=\"Escrito por\" \/>\n\t<meta name=\"twitter:data1\" content=\"Equipe Reda\u00e7\u00e3o\" \/>\n\t<meta name=\"twitter:label2\" content=\"Est. tempo de leitura\" \/>\n\t<meta name=\"twitter:data2\" content=\"3 minutos\" \/>\n\t<meta name=\"twitter:label3\" content=\"Written by\" \/>\n\t<meta name=\"twitter:data3\" content=\"Equipe Reda\u00e7\u00e3o\" \/>\n<script type=\"application\/ld+json\" class=\"yoast-schema-graph\">{\"@context\":\"https:\\\/\\\/schema.org\",\"@graph\":[{\"@type\":\"Article\",\"@id\":\"https:\\\/\\\/motorista.com.br\\\/noticias\\\/2026\\\/05\\\/01\\\/aguia-branca-encomendas-comeca-a-operar-em-sao-jose-dos-campos-com-entregas-no-mesmo-dia\\\/#article\",\"isPartOf\":{\"@id\":\"https:\\\/\\\/motorista.com.br\\\/noticias\\\/2026\\\/05\\\/01\\\/aguia-branca-encomendas-comeca-a-operar-em-sao-jose-dos-campos-com-entregas-no-mesmo-dia\\\/\"},\"author\":{\"name\":\"Equipe Reda\u00e7\u00e3o\",\"@id\":\"https:\\\/\\\/motorista.com.br\\\/noticias\\\/#\\\/schema\\\/person\\\/dc93afc2981c0e3ce6bc3c053fd847be\"},\"headline\":\"\u00c1guia Branca Encomendas come\u00e7a a operar em S\u00e3o Jos\u00e9 dos Campos com entregas no mesmo dia.\",\"datePublished\":\"2026-05-01T11:05:08+00:00\",\"mainEntityOfPage\":{\"@id\":\"https:\\\/\\\/motorista.com.br\\\/noticias\\\/2026\\\/05\\\/01\\\/aguia-branca-encomendas-comeca-a-operar-em-sao-jose-dos-campos-com-entregas-no-mesmo-dia\\\/\"},\"wordCount\":603,\"publisher\":{\"@id\":\"https:\\\/\\\/motorista.com.br\\\/noticias\\\/#organization\"},\"image\":{\"@id\":\"https:\\\/\\\/motorista.com.br\\\/noticias\\\/2026\\\/05\\\/01\\\/aguia-branca-encomendas-comeca-a-operar-em-sao-jose-dos-campos-com-entregas-no-mesmo-dia\\\/#primaryimage\"},\"thumbnailUrl\":\"https:\\\/\\\/motorista.com.br\\\/noticias\\\/wp-content\\\/uploads\\\/2026\\\/05\\\/ID-CL-1000-px-x-830-px-Aguia.png\",\"articleSection\":[\"Log\u00edstica\"],\"inLanguage\":\"pt-BR\"},{\"@type\":\"WebPage\",\"@id\":\"https:\\\/\\\/motorista.com.br\\\/noticias\\\/2026\\\/05\\\/01\\\/aguia-branca-encomendas-comeca-a-operar-em-sao-jose-dos-campos-com-entregas-no-mesmo-dia\\\/\",\"url\":\"https:\\\/\\\/motorista.com.br\\\/noticias\\\/2026\\\/05\\\/01\\\/aguia-branca-encomendas-comeca-a-operar-em-sao-jose-dos-campos-com-entregas-no-mesmo-dia\\\/\",\"name\":\"\u00c1guia Branca Encomendas come\u00e7a a operar em S\u00e3o Jos\u00e9 dos Campos com entregas no mesmo dia. - Motorista.com.br\",\"isPartOf\":{\"@id\":\"https:\\\/\\\/motorista.com.br\\\/noticias\\\/#website\"},\"primaryImageOfPage\":{\"@id\":\"https:\\\/\\\/motorista.com.br\\\/noticias\\\/2026\\\/05\\\/01\\\/aguia-branca-encomendas-comeca-a-operar-em-sao-jose-dos-campos-com-entregas-no-mesmo-dia\\\/#primaryimage\"},\"image\":{\"@id\":\"https:\\\/\\\/motorista.com.br\\\/noticias\\\/2026\\\/05\\\/01\\\/aguia-branca-encomendas-comeca-a-operar-em-sao-jose-dos-campos-com-entregas-no-mesmo-dia\\\/#primaryimage\"},\"thumbnailUrl\":\"https:\\\/\\\/motorista.com.br\\\/noticias\\\/wp-content\\\/uploads\\\/2026\\\/05\\\/ID-CL-1000-px-x-830-px-Aguia.png\",\"datePublished\":\"2026-05-01T11:05:08+00:00\",\"breadcrumb\":{\"@id\":\"https:\\\/\\\/motorista.com.br\\\/noticias\\\/2026\\\/05\\\/01\\\/aguia-branca-encomendas-comeca-a-operar-em-sao-jose-dos-campos-com-entregas-no-mesmo-dia\\\/#breadcrumb\"},\"inLanguage\":\"pt-BR\",\"potentialAction\":[{\"@type\":\"ReadAction\",\"target\":[\"https:\\\/\\\/motorista.com.br\\\/noticias\\\/2026\\\/05\\\/01\\\/aguia-branca-encomendas-comeca-a-operar-em-sao-jose-dos-campos-com-entregas-no-mesmo-dia\\\/\"]}]},{\"@type\":\"ImageObject\",\"inLanguage\":\"pt-BR\",\"@id\":\"https:\\\/\\\/motorista.com.br\\\/noticias\\\/2026\\\/05\\\/01\\\/aguia-branca-encomendas-comeca-a-operar-em-sao-jose-dos-campos-com-entregas-no-mesmo-dia\\\/#primaryimage\",\"url\":\"https:\\\/\\\/motorista.com.br\\\/noticias\\\/wp-content\\\/uploads\\\/2026\\\/05\\\/ID-CL-1000-px-x-830-px-Aguia.png\",\"contentUrl\":\"https:\\\/\\\/motorista.com.br\\\/noticias\\\/wp-content\\\/uploads\\\/2026\\\/05\\\/ID-CL-1000-px-x-830-px-Aguia.png\",\"width\":1000,\"height\":821},{\"@type\":\"BreadcrumbList\",\"@id\":\"https:\\\/\\\/motorista.com.br\\\/noticias\\\/2026\\\/05\\\/01\\\/aguia-branca-encomendas-comeca-a-operar-em-sao-jose-dos-campos-com-entregas-no-mesmo-dia\\\/#breadcrumb\",\"itemListElement\":[{\"@type\":\"ListItem\",\"position\":1,\"name\":\"In\u00edcio\",\"item\":\"https:\\\/\\\/motorista.com.br\\\/noticias\\\/\"},{\"@type\":\"ListItem\",\"position\":2,\"name\":\"\u00c1guia Branca Encomendas come\u00e7a a operar em S\u00e3o Jos\u00e9 dos Campos com entregas no mesmo dia.\"}]},{\"@type\":\"WebSite\",\"@id\":\"https:\\\/\\\/motorista.com.br\\\/noticias\\\/#website\",\"url\":\"https:\\\/\\\/motorista.com.br\\\/noticias\\\/\",\"name\":\"Motorista.com.br\",\"description\":\"Not\u00edcia do Motorista\",\"publisher\":{\"@id\":\"https:\\\/\\\/motorista.com.br\\\/noticias\\\/#organization\"},\"potentialAction\":[{\"@type\":\"SearchAction\",\"target\":{\"@type\":\"EntryPoint\",\"urlTemplate\":\"https:\\\/\\\/motorista.com.br\\\/noticias\\\/?s={search_term_string}\"},\"query-input\":{\"@type\":\"PropertyValueSpecification\",\"valueRequired\":true,\"valueName\":\"search_term_string\"}}],\"inLanguage\":\"pt-BR\"},{\"@type\":\"Organization\",\"@id\":\"https:\\\/\\\/motorista.com.br\\\/noticias\\\/#organization\",\"name\":\"Motorista.com.br\",\"url\":\"https:\\\/\\\/motorista.com.br\\\/noticias\\\/\",\"logo\":{\"@type\":\"ImageObject\",\"inLanguage\":\"pt-BR\",\"@id\":\"https:\\\/\\\/motorista.com.br\\\/noticias\\\/#\\\/schema\\\/logo\\\/image\\\/\",\"url\":\"https:\\\/\\\/motorista.com.br\\\/noticias\\\/wp-content\\\/uploads\\\/2025\\\/06\\\/Design-sem-nome-9.png\",\"contentUrl\":\"https:\\\/\\\/motorista.com.br\\\/noticias\\\/wp-content\\\/uploads\\\/2025\\\/06\\\/Design-sem-nome-9.png\",\"width\":150,\"height\":85,\"caption\":\"Motorista.com.br\"},\"image\":{\"@id\":\"https:\\\/\\\/motorista.com.br\\\/noticias\\\/#\\\/schema\\\/logo\\\/image\\\/\"}},{\"@type\":\"Person\",\"@id\":\"https:\\\/\\\/motorista.com.br\\\/noticias\\\/#\\\/schema\\\/person\\\/dc93afc2981c0e3ce6bc3c053fd847be\",\"name\":\"Equipe Reda\u00e7\u00e3o\",\"image\":{\"@type\":\"ImageObject\",\"inLanguage\":\"pt-BR\",\"@id\":\"https:\\\/\\\/secure.gravatar.com\\\/avatar\\\/4f525efbf18dd2bb300ccad28bfb99d95a9465a5ba268407c8c37b37e1f28d2d?s=96&d=mm&r=g9e099043a0c61e9ae27e293b9fa75ffc\",\"url\":\"https:\\\/\\\/secure.gravatar.com\\\/avatar\\\/4f525efbf18dd2bb300ccad28bfb99d95a9465a5ba268407c8c37b37e1f28d2d?s=96&d=mm&r=g\",\"contentUrl\":\"https:\\\/\\\/secure.gravatar.com\\\/avatar\\\/4f525efbf18dd2bb300ccad28bfb99d95a9465a5ba268407c8c37b37e1f28d2d?s=96&d=mm&r=g\",\"caption\":\"Equipe Reda\u00e7\u00e3o\"},\"description\":\"Equipe de reda\u00e7\u00e3o \u00e9 um grupo de profissionais que trabalham juntos para criar conte\u00fado escrito para Motorista.com.br\",\"url\":\"https:\\\/\\\/motorista.com.br\\\/noticias\\\/author\\\/equiperedacao\\\/\"}]}<\/script>\n<!-- \/ Yoast SEO Premium plugin. -->","yoast_head_json":{"title":"\u00c1guia Branca Encomendas come\u00e7a a operar em S\u00e3o Jos\u00e9 dos Campos com entregas no mesmo dia. - Motorista.com.br","robots":{"index":"index","follow":"follow","max-snippet":"max-snippet:-1","max-image-preview":"max-image-preview:large","max-video-preview":"max-video-preview:-1"},"canonical":"https:\/\/motorista.com.br\/noticias\/2026\/05\/01\/aguia-branca-encomendas-comeca-a-operar-em-sao-jose-dos-campos-com-entregas-no-mesmo-dia\/","og_locale":"pt_BR","og_type":"article","og_title":"\u00c1guia Branca Encomendas come\u00e7a a operar em S\u00e3o Jos\u00e9 dos Campos com entregas no mesmo dia.","og_description":"\u00c1guia Branca Encomendas Inicia Opera\u00e7\u00e3o em S\u00e3o Jos\u00e9 dos Campos com Envios no Mesmo Dia A \u00c1guia Branca Encomendas, parte do Grupo \u00c1guia Branca, d\u00e1 um passo importante ao iniciar sua opera\u00e7\u00e3o em S\u00e3o Jos\u00e9 dos Campos (SP), promovendo uma significativa amplia\u00e7\u00e3o das solu\u00e7\u00f5es log\u00edsticas no Vale do Para\u00edba. Esse modelo, que utiliza o bagageiro &hellip;","og_url":"https:\/\/motorista.com.br\/noticias\/2026\/05\/01\/aguia-branca-encomendas-comeca-a-operar-em-sao-jose-dos-campos-com-entregas-no-mesmo-dia\/","og_site_name":"Motorista.com.br","article_published_time":"2026-05-01T11:05:08+00:00","author":"Equipe Reda\u00e7\u00e3o","twitter_card":"summary_large_image","twitter_misc":{"Escrito por":"Equipe Reda\u00e7\u00e3o","Est. tempo de leitura":"3 minutos","Written by":"Equipe Reda\u00e7\u00e3o"},"schema":{"@context":"https:\/\/schema.org","@graph":[{"@type":"Article","@id":"https:\/\/motorista.com.br\/noticias\/2026\/05\/01\/aguia-branca-encomendas-comeca-a-operar-em-sao-jose-dos-campos-com-entregas-no-mesmo-dia\/#article","isPartOf":{"@id":"https:\/\/motorista.com.br\/noticias\/2026\/05\/01\/aguia-branca-encomendas-comeca-a-operar-em-sao-jose-dos-campos-com-entregas-no-mesmo-dia\/"},"author":{"name":"Equipe Reda\u00e7\u00e3o","@id":"https:\/\/motorista.com.br\/noticias\/#\/schema\/person\/dc93afc2981c0e3ce6bc3c053fd847be"},"headline":"\u00c1guia Branca Encomendas come\u00e7a a operar em S\u00e3o Jos\u00e9 dos Campos com entregas no mesmo dia.","datePublished":"2026-05-01T11:05:08+00:00","mainEntityOfPage":{"@id":"https:\/\/motorista.com.br\/noticias\/2026\/05\/01\/aguia-branca-encomendas-comeca-a-operar-em-sao-jose-dos-campos-com-entregas-no-mesmo-dia\/"},"wordCount":603,"publisher":{"@id":"https:\/\/motorista.com.br\/noticias\/#organization"},"image":{"@id":"https:\/\/motorista.com.br\/noticias\/2026\/05\/01\/aguia-branca-encomendas-comeca-a-operar-em-sao-jose-dos-campos-com-entregas-no-mesmo-dia\/#primaryimage"},"thumbnailUrl":"https:\/\/motorista.com.br\/noticias\/wp-content\/uploads\/2026\/05\/ID-CL-1000-px-x-830-px-Aguia.png","articleSection":["Log\u00edstica"],"inLanguage":"pt-BR"},{"@type":"WebPage","@id":"https:\/\/motorista.com.br\/noticias\/2026\/05\/01\/aguia-branca-encomendas-comeca-a-operar-em-sao-jose-dos-campos-com-entregas-no-mesmo-dia\/","url":"https:\/\/motorista.com.br\/noticias\/2026\/05\/01\/aguia-branca-encomendas-comeca-a-operar-em-sao-jose-dos-campos-com-entregas-no-mesmo-dia\/","name":"\u00c1guia Branca Encomendas come\u00e7a a operar em S\u00e3o Jos\u00e9 dos Campos com entregas no mesmo dia. - Motorista.com.br","isPartOf":{"@id":"https:\/\/motorista.com.br\/noticias\/#website"},"primaryImageOfPage":{"@id":"https:\/\/motorista.com.br\/noticias\/2026\/05\/01\/aguia-branca-encomendas-comeca-a-operar-em-sao-jose-dos-campos-com-entregas-no-mesmo-dia\/#primaryimage"},"image":{"@id":"https:\/\/motorista.com.br\/noticias\/2026\/05\/01\/aguia-branca-encomendas-comeca-a-operar-em-sao-jose-dos-campos-com-entregas-no-mesmo-dia\/#primaryimage"},"thumbnailUrl":"https:\/\/motorista.com.br\/noticias\/wp-content\/uploads\/2026\/05\/ID-CL-1000-px-x-830-px-Aguia.png","datePublished":"2026-05-01T11:05:08+00:00","breadcrumb":{"@id":"https:\/\/motorista.com.br\/noticias\/2026\/05\/01\/aguia-branca-encomendas-comeca-a-operar-em-sao-jose-dos-campos-com-entregas-no-mesmo-dia\/#breadcrumb"},"inLanguage":"pt-BR","potentialAction":[{"@type":"ReadAction","target":["https:\/\/motorista.com.br\/noticias\/2026\/05\/01\/aguia-branca-encomendas-comeca-a-operar-em-sao-jose-dos-campos-com-entregas-no-mesmo-dia\/"]}]},{"@type":"ImageObject","inLanguage":"pt-BR","@id":"https:\/\/motorista.com.br\/noticias\/2026\/05\/01\/aguia-branca-encomendas-comeca-a-operar-em-sao-jose-dos-campos-com-entregas-no-mesmo-dia\/#primaryimage","url":"https:\/\/motorista.com.br\/noticias\/wp-content\/uploads\/2026\/05\/ID-CL-1000-px-x-830-px-Aguia.png","contentUrl":"https:\/\/motorista.com.br\/noticias\/wp-content\/uploads\/2026\/05\/ID-CL-1000-px-x-830-px-Aguia.png","width":1000,"height":821},{"@type":"BreadcrumbList","@id":"https:\/\/motorista.com.br\/noticias\/2026\/05\/01\/aguia-branca-encomendas-comeca-a-operar-em-sao-jose-dos-campos-com-entregas-no-mesmo-dia\/#breadcrumb","itemListElement":[{"@type":"ListItem","position":1,"name":"In\u00edcio","item":"https:\/\/motorista.com.br\/noticias\/"},{"@type":"ListItem","position":2,"name":"\u00c1guia Branca Encomendas come\u00e7a a operar em S\u00e3o Jos\u00e9 dos Campos com entregas no mesmo dia."}]},{"@type":"WebSite","@id":"https:\/\/motorista.com.br\/noticias\/#website","url":"https:\/\/motorista.com.br\/noticias\/","name":"Motorista.com.br","description":"Not\u00edcia do Motorista","publisher":{"@id":"https:\/\/motorista.com.br\/noticias\/#organization"},"potentialAction":[{"@type":"SearchAction","target":{"@type":"EntryPoint","urlTemplate":"https:\/\/motorista.com.br\/noticias\/?s={search_term_string}"},"query-input":{"@type":"PropertyValueSpecification","valueRequired":true,"valueName":"search_term_string"}}],"inLanguage":"pt-BR"},{"@type":"Organization","@id":"https:\/\/motorista.com.br\/noticias\/#organization","name":"Motorista.com.br","url":"https:\/\/motorista.com.br\/noticias\/","logo":{"@type":"ImageObject","inLanguage":"pt-BR","@id":"https:\/\/motorista.com.br\/noticias\/#\/schema\/logo\/image\/","url":"https:\/\/motorista.com.br\/noticias\/wp-content\/uploads\/2025\/06\/Design-sem-nome-9.png","contentUrl":"https:\/\/motorista.com.br\/noticias\/wp-content\/uploads\/2025\/06\/Design-sem-nome-9.png","width":150,"height":85,"caption":"Motorista.com.br"},"image":{"@id":"https:\/\/motorista.com.br\/noticias\/#\/schema\/logo\/image\/"}},{"@type":"Person","@id":"https:\/\/motorista.com.br\/noticias\/#\/schema\/person\/dc93afc2981c0e3ce6bc3c053fd847be","name":"Equipe Reda\u00e7\u00e3o","image":{"@type":"ImageObject","inLanguage":"pt-BR","@id":"https:\/\/secure.gravatar.com\/avatar\/4f525efbf18dd2bb300ccad28bfb99d95a9465a5ba268407c8c37b37e1f28d2d?s=96&d=mm&r=g9e099043a0c61e9ae27e293b9fa75ffc","url":"https:\/\/secure.gravatar.com\/avatar\/4f525efbf18dd2bb300ccad28bfb99d95a9465a5ba268407c8c37b37e1f28d2d?s=96&d=mm&r=g","contentUrl":"https:\/\/secure.gravatar.com\/avatar\/4f525efbf18dd2bb300ccad28bfb99d95a9465a5ba268407c8c37b37e1f28d2d?s=96&d=mm&r=g","caption":"Equipe Reda\u00e7\u00e3o"},"description":"Equipe de reda\u00e7\u00e3o \u00e9 um grupo de profissionais que trabalham juntos para criar conte\u00fado escrito para Motorista.com.br","url":"https:\/\/motorista.com.br\/noticias\/author\/equiperedacao\/"}]}},"_links":{"self":[{"href":"https:\/\/motorista.com.br\/noticias\/wp-json\/wp\/v2\/posts\/9425","targetHints":{"allow":["GET"]}}],"collection":[{"href":"https:\/\/motorista.com.br\/noticias\/wp-json\/wp\/v2\/posts"}],"about":[{"href":"https:\/\/motorista.com.br\/noticias\/wp-json\/wp\/v2\/types\/post"}],"author":[{"embeddable":true,"href":"https:\/\/motorista.com.br\/noticias\/wp-json\/wp\/v2\/users\/4"}],"replies":[{"embeddable":true,"href":"https:\/\/motorista.com.br\/noticias\/wp-json\/wp\/v2\/comments?post=9425"}],"version-history":[{"count":0,"href":"https:\/\/motorista.com.br\/noticias\/wp-json\/wp\/v2\/posts\/9425\/revisions"}],"wp:featuredmedia":[{"embeddable":true,"href":"https:\/\/motorista.com.br\/noticias\/wp-json\/wp\/v2\/media\/9426"}],"wp:attachment":[{"href":"https:\/\/motorista.com.br\/noticias\/wp-json\/wp\/v2\/media?parent=9425"}],"wp:term":[{"taxonomy":"category","embeddable":true,"href":"https:\/\/motorista.com.br\/noticias\/wp-json\/wp\/v2\/categories?post=9425"},{"taxonomy":"post_tag","embeddable":true,"href":"https:\/\/motorista.com.br\/noticias\/wp-json\/wp\/v2\/tags?post=9425"},{"taxonomy":"author","embeddable":true,"href":"https:\/\/motorista.com.br\/noticias\/wp-json\/wp\/v2\/coauthors?post=9425"}],"curies":[{"name":"wp","href":"https:\/\/api.w.org\/{rel}","templated":true}]}}