{"id":9421,"date":"2026-05-01T06:35:50","date_gmt":"2026-05-01T09:35:50","guid":{"rendered":"https:\/\/motorista.com.br\/noticias\/2026\/05\/01\/amigos-da-igreja-lancam-app-de-mobilidade-com-5-mil-corridas-em-sp-e-mg\/"},"modified":"2026-05-01T06:35:50","modified_gmt":"2026-05-01T09:35:50","slug":"amigos-da-igreja-lancam-app-de-mobilidade-com-5-mil-corridas-em-sp-e-mg","status":"publish","type":"post","link":"https:\/\/motorista.com.br\/noticias\/2026\/05\/01\/amigos-da-igreja-lancam-app-de-mobilidade-com-5-mil-corridas-em-sp-e-mg\/","title":{"rendered":"Amigos da igreja lan\u00e7am app de mobilidade com 5 mil corridas em SP e MG."},"content":{"rendered":"<p><\/p>\n<p><strong>Bey7: Uma Revolu\u00e7\u00e3o na Mobilidade Urbana no Interior de SP e MG<\/strong><\/p>\n<p>Em uma jornada transformadora, Bruno Polito e Vin\u00edcius Detoni, amigos e m\u00fasicos da mesma igreja em Miracema (RJ), decidiram unir for\u00e7as e criar um aplicativo de mobilidade chamado Bey7. A hist\u00f3ria deles ilustra a inova\u00e7\u00e3o que pode surgir de rela\u00e7\u00f5es interpessoais e desafios enfrentados no mercado de trabalho.<\/p>\n<p>Bruno, que trabalhava em um posto de combust\u00edvel, come\u00e7ou a dirigir para um aplicativo regional, percebendo que essa atividade se tornaria sua principal fonte de renda. Contudo, insatisfeito com a gest\u00e3o de plataformas existentes, ele decidiu liderar um novo projeto. Ao convidar Vin\u00edcius para se juntar a ele, os dois decidiram n\u00e3o apenas oferecer um servi\u00e7o de transporte, mas tamb\u00e9m uma alternativa que beneficiaria a comunidade local.<\/p>\n<h3>O Impacto na Mobilidade Geral<\/h3>\n<p>A Bey7 n\u00e3o \u00e9 apenas um aplicativo; \u00e9 uma resposta a necessidades espec\u00edficas das cidades que atende. Por funcionar em Pirapetinga (MG) e Leme (SP), a Bey7 compreende a import\u00e2ncia de proporcionar uma alternativa acess\u00edvel e eficiente de transporte. Ao fazer isso, os fundadores buscam n\u00e3o apenas oferecer corridas, mas garantir que a mobilidade urbana seja inclusiva e que todos, desde motoristas a passageiros, se sintam valorizados.<\/p>\n<p>Com cerca de 5 mil corridas realizadas mensalmente, esse aplicativo regional n\u00e3o apenas fornece uma solu\u00e7\u00e3o pr\u00e1tica de transporte, mas tamb\u00e9m gera emprego e renda para motoristas locais. O diferencial do Bey7 \u00e9 a aten\u00e7\u00e3o ao suporte e \u00e0 parceria com os motoristas, criando um ecossistema que possibilita um ambiente saud\u00e1vel para o crescimento e a mobiliza\u00e7\u00e3o comunit\u00e1ria.<\/p>\n<h3>Cria\u00e7\u00e3o e Sustenta\u00e7\u00e3o<\/h3>\n<p>Ainda assim, a trajet\u00f3ria do Bey7 n\u00e3o foi isenta de desafios. Ap\u00f3s passar por dificuldades tecnol\u00f3gicas e de gest\u00e3o, os fundadores se dedicaram a reestruturar suas opera\u00e7\u00f5es, buscando sempre inova\u00e7\u00e3o e melhoria cont\u00ednua. Essa busca inclui a implementa\u00e7\u00e3o de promo\u00e7\u00f5es e a\u00e7\u00f5es de marketing que asseguram a perpetuidade do servi\u00e7o em cidades menores, onde a concorr\u00eancia com servi\u00e7os clandestinos \u00e9 forte.<\/p>\n<p>A preocupa\u00e7\u00e3o com o motorista \u00e9 uma coluna vertebral do Bey7. Bruno e Vin\u00edcius oferecem parcerias com mec\u00e2nicos e postos de combust\u00edvel, que garantem vantagens financeiras aos motoristas, elevando a qualidade de vida dos envolvidos e, consequentemente, garantindo um servi\u00e7o mais confi\u00e1vel e amig\u00e1vel para os usu\u00e1rios.<\/p>\n<h3>O Futuro da Mobilidade Regional<\/h3>\n<p>A Bey7 representa um modelo promissor de como a mobilidade urbana pode ser realizada de forma local e eficiente. Os fundadores vislumbram um futuro onde o aplicativo n\u00e3o s\u00f3 se expande, mas se torna um s\u00edmbolo de liberdade e democratiza\u00e7\u00e3o do transporte urbano. Essa vis\u00e3o est\u00e1 alinhada com a necessidade crescente de servi\u00e7os de transporte que sejam adapt\u00e1veis, acess\u00edveis e que ofere\u00e7am um delicado equil\u00edbrio entre a oferta e a demanda.<\/p>\n<p>Por fim, a hist\u00f3ria da Bey7 exemplifica como iniciativas locais podem fazer a diferen\u00e7a na mobilidade geral, unindo a tecnologia ao compromisso com a comunidade. Bruno e Vin\u00edcius desejam criar um legado duradouro, expandindo suas opera\u00e7\u00f5es e solidificando sua presen\u00e7a no mercado, enquanto buscam sempre oferecer um servi\u00e7o que promova liberdade e inclus\u00e3o.<\/p>\n","protected":false},"excerpt":{"rendered":"<p>Bey7: Uma Revolu\u00e7\u00e3o na Mobilidade Urbana no Interior de SP e MG Em uma jornada transformadora, Bruno Polito e Vin\u00edcius Detoni, amigos e m\u00fasicos da mesma igreja em Miracema (RJ), decidiram unir for\u00e7as e criar um aplicativo de mobilidade chamado Bey7. A hist\u00f3ria deles ilustra a inova\u00e7\u00e3o que pode surgir de rela\u00e7\u00f5es interpessoais e desafios &hellip;<\/p>\n","protected":false},"author":4,"featured_media":9422,"comment_status":"","ping_status":"open","sticky":false,"template":"","format":"standard","meta":{"footnotes":""},"categories":[49,77],"tags":[],"coauthors":[42],"class_list":["post-9421","post","type-post","status-publish","format-standard","has-post-thumbnail","hentry","category-aplicativos","category-motorista"],"yoast_head":"<!-- This site is optimized with the Yoast SEO Premium plugin v25.5 (Yoast SEO v27.5) - https:\/\/yoast.com\/product\/yoast-seo-premium-wordpress\/ -->\n<title>Amigos da igreja lan\u00e7am app de mobilidade com 5 mil corridas em SP e MG. - Motorista.com.br<\/title>\n<meta name=\"robots\" content=\"index, follow, max-snippet:-1, max-image-preview:large, max-video-preview:-1\" \/>\n<link rel=\"canonical\" href=\"https:\/\/motorista.com.br\/noticias\/2026\/05\/01\/amigos-da-igreja-lancam-app-de-mobilidade-com-5-mil-corridas-em-sp-e-mg\/\" \/>\n<meta property=\"og:locale\" content=\"pt_BR\" \/>\n<meta property=\"og:type\" content=\"article\" \/>\n<meta property=\"og:title\" content=\"Amigos da igreja lan\u00e7am app de mobilidade com 5 mil corridas em SP e MG.\" \/>\n<meta property=\"og:description\" content=\"Bey7: Uma Revolu\u00e7\u00e3o na Mobilidade Urbana no Interior de SP e MG Em uma jornada transformadora, Bruno Polito e Vin\u00edcius Detoni, amigos e m\u00fasicos da mesma igreja em Miracema (RJ), decidiram unir for\u00e7as e criar um aplicativo de mobilidade chamado Bey7. A hist\u00f3ria deles ilustra a inova\u00e7\u00e3o que pode surgir de rela\u00e7\u00f5es interpessoais e desafios &hellip;\" \/>\n<meta property=\"og:url\" content=\"https:\/\/motorista.com.br\/noticias\/2026\/05\/01\/amigos-da-igreja-lancam-app-de-mobilidade-com-5-mil-corridas-em-sp-e-mg\/\" \/>\n<meta property=\"og:site_name\" content=\"Motorista.com.br\" \/>\n<meta property=\"article:published_time\" content=\"2026-05-01T09:35:50+00:00\" \/>\n<meta name=\"author\" content=\"Equipe Reda\u00e7\u00e3o\" \/>\n<meta name=\"twitter:card\" content=\"summary_large_image\" \/>\n<meta name=\"twitter:label1\" content=\"Escrito por\" \/>\n\t<meta name=\"twitter:data1\" content=\"Equipe Reda\u00e7\u00e3o\" \/>\n\t<meta name=\"twitter:label2\" content=\"Est. tempo de leitura\" \/>\n\t<meta name=\"twitter:data2\" content=\"3 minutos\" \/>\n\t<meta name=\"twitter:label3\" content=\"Written by\" \/>\n\t<meta name=\"twitter:data3\" content=\"Equipe Reda\u00e7\u00e3o\" \/>\n<script type=\"application\/ld+json\" class=\"yoast-schema-graph\">{\"@context\":\"https:\\\/\\\/schema.org\",\"@graph\":[{\"@type\":\"Article\",\"@id\":\"https:\\\/\\\/motorista.com.br\\\/noticias\\\/2026\\\/05\\\/01\\\/amigos-da-igreja-lancam-app-de-mobilidade-com-5-mil-corridas-em-sp-e-mg\\\/#article\",\"isPartOf\":{\"@id\":\"https:\\\/\\\/motorista.com.br\\\/noticias\\\/2026\\\/05\\\/01\\\/amigos-da-igreja-lancam-app-de-mobilidade-com-5-mil-corridas-em-sp-e-mg\\\/\"},\"author\":{\"name\":\"Equipe Reda\u00e7\u00e3o\",\"@id\":\"https:\\\/\\\/motorista.com.br\\\/noticias\\\/#\\\/schema\\\/person\\\/dc93afc2981c0e3ce6bc3c053fd847be\"},\"headline\":\"Amigos da igreja lan\u00e7am app de mobilidade com 5 mil corridas em SP e MG.\",\"datePublished\":\"2026-05-01T09:35:50+00:00\",\"mainEntityOfPage\":{\"@id\":\"https:\\\/\\\/motorista.com.br\\\/noticias\\\/2026\\\/05\\\/01\\\/amigos-da-igreja-lancam-app-de-mobilidade-com-5-mil-corridas-em-sp-e-mg\\\/\"},\"wordCount\":572,\"publisher\":{\"@id\":\"https:\\\/\\\/motorista.com.br\\\/noticias\\\/#organization\"},\"image\":{\"@id\":\"https:\\\/\\\/motorista.com.br\\\/noticias\\\/2026\\\/05\\\/01\\\/amigos-da-igreja-lancam-app-de-mobilidade-com-5-mil-corridas-em-sp-e-mg\\\/#primaryimage\"},\"thumbnailUrl\":\"https:\\\/\\\/motorista.com.br\\\/noticias\\\/wp-content\\\/uploads\\\/2026\\\/05\\\/WhatsApp-Image-2026-03-25-at-5.02.18-PM-e1775086349944.jpeg\",\"articleSection\":[\"Aplicativos\",\"Motorista\"],\"inLanguage\":\"pt-BR\"},{\"@type\":\"WebPage\",\"@id\":\"https:\\\/\\\/motorista.com.br\\\/noticias\\\/2026\\\/05\\\/01\\\/amigos-da-igreja-lancam-app-de-mobilidade-com-5-mil-corridas-em-sp-e-mg\\\/\",\"url\":\"https:\\\/\\\/motorista.com.br\\\/noticias\\\/2026\\\/05\\\/01\\\/amigos-da-igreja-lancam-app-de-mobilidade-com-5-mil-corridas-em-sp-e-mg\\\/\",\"name\":\"Amigos da igreja lan\u00e7am app de mobilidade com 5 mil corridas em SP e MG. - Motorista.com.br\",\"isPartOf\":{\"@id\":\"https:\\\/\\\/motorista.com.br\\\/noticias\\\/#website\"},\"primaryImageOfPage\":{\"@id\":\"https:\\\/\\\/motorista.com.br\\\/noticias\\\/2026\\\/05\\\/01\\\/amigos-da-igreja-lancam-app-de-mobilidade-com-5-mil-corridas-em-sp-e-mg\\\/#primaryimage\"},\"image\":{\"@id\":\"https:\\\/\\\/motorista.com.br\\\/noticias\\\/2026\\\/05\\\/01\\\/amigos-da-igreja-lancam-app-de-mobilidade-com-5-mil-corridas-em-sp-e-mg\\\/#primaryimage\"},\"thumbnailUrl\":\"https:\\\/\\\/motorista.com.br\\\/noticias\\\/wp-content\\\/uploads\\\/2026\\\/05\\\/WhatsApp-Image-2026-03-25-at-5.02.18-PM-e1775086349944.jpeg\",\"datePublished\":\"2026-05-01T09:35:50+00:00\",\"breadcrumb\":{\"@id\":\"https:\\\/\\\/motorista.com.br\\\/noticias\\\/2026\\\/05\\\/01\\\/amigos-da-igreja-lancam-app-de-mobilidade-com-5-mil-corridas-em-sp-e-mg\\\/#breadcrumb\"},\"inLanguage\":\"pt-BR\",\"potentialAction\":[{\"@type\":\"ReadAction\",\"target\":[\"https:\\\/\\\/motorista.com.br\\\/noticias\\\/2026\\\/05\\\/01\\\/amigos-da-igreja-lancam-app-de-mobilidade-com-5-mil-corridas-em-sp-e-mg\\\/\"]}]},{\"@type\":\"ImageObject\",\"inLanguage\":\"pt-BR\",\"@id\":\"https:\\\/\\\/motorista.com.br\\\/noticias\\\/2026\\\/05\\\/01\\\/amigos-da-igreja-lancam-app-de-mobilidade-com-5-mil-corridas-em-sp-e-mg\\\/#primaryimage\",\"url\":\"https:\\\/\\\/motorista.com.br\\\/noticias\\\/wp-content\\\/uploads\\\/2026\\\/05\\\/WhatsApp-Image-2026-03-25-at-5.02.18-PM-e1775086349944.jpeg\",\"contentUrl\":\"https:\\\/\\\/motorista.com.br\\\/noticias\\\/wp-content\\\/uploads\\\/2026\\\/05\\\/WhatsApp-Image-2026-03-25-at-5.02.18-PM-e1775086349944.jpeg\",\"width\":1024,\"height\":1205},{\"@type\":\"BreadcrumbList\",\"@id\":\"https:\\\/\\\/motorista.com.br\\\/noticias\\\/2026\\\/05\\\/01\\\/amigos-da-igreja-lancam-app-de-mobilidade-com-5-mil-corridas-em-sp-e-mg\\\/#breadcrumb\",\"itemListElement\":[{\"@type\":\"ListItem\",\"position\":1,\"name\":\"In\u00edcio\",\"item\":\"https:\\\/\\\/motorista.com.br\\\/noticias\\\/\"},{\"@type\":\"ListItem\",\"position\":2,\"name\":\"Amigos da igreja lan\u00e7am app de mobilidade com 5 mil corridas em SP e MG.\"}]},{\"@type\":\"WebSite\",\"@id\":\"https:\\\/\\\/motorista.com.br\\\/noticias\\\/#website\",\"url\":\"https:\\\/\\\/motorista.com.br\\\/noticias\\\/\",\"name\":\"Motorista.com.br\",\"description\":\"Not\u00edcia do Motorista\",\"publisher\":{\"@id\":\"https:\\\/\\\/motorista.com.br\\\/noticias\\\/#organization\"},\"potentialAction\":[{\"@type\":\"SearchAction\",\"target\":{\"@type\":\"EntryPoint\",\"urlTemplate\":\"https:\\\/\\\/motorista.com.br\\\/noticias\\\/?s={search_term_string}\"},\"query-input\":{\"@type\":\"PropertyValueSpecification\",\"valueRequired\":true,\"valueName\":\"search_term_string\"}}],\"inLanguage\":\"pt-BR\"},{\"@type\":\"Organization\",\"@id\":\"https:\\\/\\\/motorista.com.br\\\/noticias\\\/#organization\",\"name\":\"Motorista.com.br\",\"url\":\"https:\\\/\\\/motorista.com.br\\\/noticias\\\/\",\"logo\":{\"@type\":\"ImageObject\",\"inLanguage\":\"pt-BR\",\"@id\":\"https:\\\/\\\/motorista.com.br\\\/noticias\\\/#\\\/schema\\\/logo\\\/image\\\/\",\"url\":\"https:\\\/\\\/motorista.com.br\\\/noticias\\\/wp-content\\\/uploads\\\/2025\\\/06\\\/Design-sem-nome-9.png\",\"contentUrl\":\"https:\\\/\\\/motorista.com.br\\\/noticias\\\/wp-content\\\/uploads\\\/2025\\\/06\\\/Design-sem-nome-9.png\",\"width\":150,\"height\":85,\"caption\":\"Motorista.com.br\"},\"image\":{\"@id\":\"https:\\\/\\\/motorista.com.br\\\/noticias\\\/#\\\/schema\\\/logo\\\/image\\\/\"}},{\"@type\":\"Person\",\"@id\":\"https:\\\/\\\/motorista.com.br\\\/noticias\\\/#\\\/schema\\\/person\\\/dc93afc2981c0e3ce6bc3c053fd847be\",\"name\":\"Equipe Reda\u00e7\u00e3o\",\"image\":{\"@type\":\"ImageObject\",\"inLanguage\":\"pt-BR\",\"@id\":\"https:\\\/\\\/secure.gravatar.com\\\/avatar\\\/4f525efbf18dd2bb300ccad28bfb99d95a9465a5ba268407c8c37b37e1f28d2d?s=96&d=mm&r=g9e099043a0c61e9ae27e293b9fa75ffc\",\"url\":\"https:\\\/\\\/secure.gravatar.com\\\/avatar\\\/4f525efbf18dd2bb300ccad28bfb99d95a9465a5ba268407c8c37b37e1f28d2d?s=96&d=mm&r=g\",\"contentUrl\":\"https:\\\/\\\/secure.gravatar.com\\\/avatar\\\/4f525efbf18dd2bb300ccad28bfb99d95a9465a5ba268407c8c37b37e1f28d2d?s=96&d=mm&r=g\",\"caption\":\"Equipe Reda\u00e7\u00e3o\"},\"description\":\"Equipe de reda\u00e7\u00e3o \u00e9 um grupo de profissionais que trabalham juntos para criar conte\u00fado escrito para Motorista.com.br\",\"url\":\"https:\\\/\\\/motorista.com.br\\\/noticias\\\/author\\\/equiperedacao\\\/\"}]}<\/script>\n<!-- \/ Yoast SEO Premium plugin. -->","yoast_head_json":{"title":"Amigos da igreja lan\u00e7am app de mobilidade com 5 mil corridas em SP e MG. - Motorista.com.br","robots":{"index":"index","follow":"follow","max-snippet":"max-snippet:-1","max-image-preview":"max-image-preview:large","max-video-preview":"max-video-preview:-1"},"canonical":"https:\/\/motorista.com.br\/noticias\/2026\/05\/01\/amigos-da-igreja-lancam-app-de-mobilidade-com-5-mil-corridas-em-sp-e-mg\/","og_locale":"pt_BR","og_type":"article","og_title":"Amigos da igreja lan\u00e7am app de mobilidade com 5 mil corridas em SP e MG.","og_description":"Bey7: Uma Revolu\u00e7\u00e3o na Mobilidade Urbana no Interior de SP e MG Em uma jornada transformadora, Bruno Polito e Vin\u00edcius Detoni, amigos e m\u00fasicos da mesma igreja em Miracema (RJ), decidiram unir for\u00e7as e criar um aplicativo de mobilidade chamado Bey7. A hist\u00f3ria deles ilustra a inova\u00e7\u00e3o que pode surgir de rela\u00e7\u00f5es interpessoais e desafios &hellip;","og_url":"https:\/\/motorista.com.br\/noticias\/2026\/05\/01\/amigos-da-igreja-lancam-app-de-mobilidade-com-5-mil-corridas-em-sp-e-mg\/","og_site_name":"Motorista.com.br","article_published_time":"2026-05-01T09:35:50+00:00","author":"Equipe Reda\u00e7\u00e3o","twitter_card":"summary_large_image","twitter_misc":{"Escrito por":"Equipe Reda\u00e7\u00e3o","Est. tempo de leitura":"3 minutos","Written by":"Equipe Reda\u00e7\u00e3o"},"schema":{"@context":"https:\/\/schema.org","@graph":[{"@type":"Article","@id":"https:\/\/motorista.com.br\/noticias\/2026\/05\/01\/amigos-da-igreja-lancam-app-de-mobilidade-com-5-mil-corridas-em-sp-e-mg\/#article","isPartOf":{"@id":"https:\/\/motorista.com.br\/noticias\/2026\/05\/01\/amigos-da-igreja-lancam-app-de-mobilidade-com-5-mil-corridas-em-sp-e-mg\/"},"author":{"name":"Equipe Reda\u00e7\u00e3o","@id":"https:\/\/motorista.com.br\/noticias\/#\/schema\/person\/dc93afc2981c0e3ce6bc3c053fd847be"},"headline":"Amigos da igreja lan\u00e7am app de mobilidade com 5 mil corridas em SP e MG.","datePublished":"2026-05-01T09:35:50+00:00","mainEntityOfPage":{"@id":"https:\/\/motorista.com.br\/noticias\/2026\/05\/01\/amigos-da-igreja-lancam-app-de-mobilidade-com-5-mil-corridas-em-sp-e-mg\/"},"wordCount":572,"publisher":{"@id":"https:\/\/motorista.com.br\/noticias\/#organization"},"image":{"@id":"https:\/\/motorista.com.br\/noticias\/2026\/05\/01\/amigos-da-igreja-lancam-app-de-mobilidade-com-5-mil-corridas-em-sp-e-mg\/#primaryimage"},"thumbnailUrl":"https:\/\/motorista.com.br\/noticias\/wp-content\/uploads\/2026\/05\/WhatsApp-Image-2026-03-25-at-5.02.18-PM-e1775086349944.jpeg","articleSection":["Aplicativos","Motorista"],"inLanguage":"pt-BR"},{"@type":"WebPage","@id":"https:\/\/motorista.com.br\/noticias\/2026\/05\/01\/amigos-da-igreja-lancam-app-de-mobilidade-com-5-mil-corridas-em-sp-e-mg\/","url":"https:\/\/motorista.com.br\/noticias\/2026\/05\/01\/amigos-da-igreja-lancam-app-de-mobilidade-com-5-mil-corridas-em-sp-e-mg\/","name":"Amigos da igreja lan\u00e7am app de mobilidade com 5 mil corridas em SP e MG. - Motorista.com.br","isPartOf":{"@id":"https:\/\/motorista.com.br\/noticias\/#website"},"primaryImageOfPage":{"@id":"https:\/\/motorista.com.br\/noticias\/2026\/05\/01\/amigos-da-igreja-lancam-app-de-mobilidade-com-5-mil-corridas-em-sp-e-mg\/#primaryimage"},"image":{"@id":"https:\/\/motorista.com.br\/noticias\/2026\/05\/01\/amigos-da-igreja-lancam-app-de-mobilidade-com-5-mil-corridas-em-sp-e-mg\/#primaryimage"},"thumbnailUrl":"https:\/\/motorista.com.br\/noticias\/wp-content\/uploads\/2026\/05\/WhatsApp-Image-2026-03-25-at-5.02.18-PM-e1775086349944.jpeg","datePublished":"2026-05-01T09:35:50+00:00","breadcrumb":{"@id":"https:\/\/motorista.com.br\/noticias\/2026\/05\/01\/amigos-da-igreja-lancam-app-de-mobilidade-com-5-mil-corridas-em-sp-e-mg\/#breadcrumb"},"inLanguage":"pt-BR","potentialAction":[{"@type":"ReadAction","target":["https:\/\/motorista.com.br\/noticias\/2026\/05\/01\/amigos-da-igreja-lancam-app-de-mobilidade-com-5-mil-corridas-em-sp-e-mg\/"]}]},{"@type":"ImageObject","inLanguage":"pt-BR","@id":"https:\/\/motorista.com.br\/noticias\/2026\/05\/01\/amigos-da-igreja-lancam-app-de-mobilidade-com-5-mil-corridas-em-sp-e-mg\/#primaryimage","url":"https:\/\/motorista.com.br\/noticias\/wp-content\/uploads\/2026\/05\/WhatsApp-Image-2026-03-25-at-5.02.18-PM-e1775086349944.jpeg","contentUrl":"https:\/\/motorista.com.br\/noticias\/wp-content\/uploads\/2026\/05\/WhatsApp-Image-2026-03-25-at-5.02.18-PM-e1775086349944.jpeg","width":1024,"height":1205},{"@type":"BreadcrumbList","@id":"https:\/\/motorista.com.br\/noticias\/2026\/05\/01\/amigos-da-igreja-lancam-app-de-mobilidade-com-5-mil-corridas-em-sp-e-mg\/#breadcrumb","itemListElement":[{"@type":"ListItem","position":1,"name":"In\u00edcio","item":"https:\/\/motorista.com.br\/noticias\/"},{"@type":"ListItem","position":2,"name":"Amigos da igreja lan\u00e7am app de mobilidade com 5 mil corridas em SP e MG."}]},{"@type":"WebSite","@id":"https:\/\/motorista.com.br\/noticias\/#website","url":"https:\/\/motorista.com.br\/noticias\/","name":"Motorista.com.br","description":"Not\u00edcia do Motorista","publisher":{"@id":"https:\/\/motorista.com.br\/noticias\/#organization"},"potentialAction":[{"@type":"SearchAction","target":{"@type":"EntryPoint","urlTemplate":"https:\/\/motorista.com.br\/noticias\/?s={search_term_string}"},"query-input":{"@type":"PropertyValueSpecification","valueRequired":true,"valueName":"search_term_string"}}],"inLanguage":"pt-BR"},{"@type":"Organization","@id":"https:\/\/motorista.com.br\/noticias\/#organization","name":"Motorista.com.br","url":"https:\/\/motorista.com.br\/noticias\/","logo":{"@type":"ImageObject","inLanguage":"pt-BR","@id":"https:\/\/motorista.com.br\/noticias\/#\/schema\/logo\/image\/","url":"https:\/\/motorista.com.br\/noticias\/wp-content\/uploads\/2025\/06\/Design-sem-nome-9.png","contentUrl":"https:\/\/motorista.com.br\/noticias\/wp-content\/uploads\/2025\/06\/Design-sem-nome-9.png","width":150,"height":85,"caption":"Motorista.com.br"},"image":{"@id":"https:\/\/motorista.com.br\/noticias\/#\/schema\/logo\/image\/"}},{"@type":"Person","@id":"https:\/\/motorista.com.br\/noticias\/#\/schema\/person\/dc93afc2981c0e3ce6bc3c053fd847be","name":"Equipe Reda\u00e7\u00e3o","image":{"@type":"ImageObject","inLanguage":"pt-BR","@id":"https:\/\/secure.gravatar.com\/avatar\/4f525efbf18dd2bb300ccad28bfb99d95a9465a5ba268407c8c37b37e1f28d2d?s=96&d=mm&r=g9e099043a0c61e9ae27e293b9fa75ffc","url":"https:\/\/secure.gravatar.com\/avatar\/4f525efbf18dd2bb300ccad28bfb99d95a9465a5ba268407c8c37b37e1f28d2d?s=96&d=mm&r=g","contentUrl":"https:\/\/secure.gravatar.com\/avatar\/4f525efbf18dd2bb300ccad28bfb99d95a9465a5ba268407c8c37b37e1f28d2d?s=96&d=mm&r=g","caption":"Equipe Reda\u00e7\u00e3o"},"description":"Equipe de reda\u00e7\u00e3o \u00e9 um grupo de profissionais que trabalham juntos para criar conte\u00fado escrito para Motorista.com.br","url":"https:\/\/motorista.com.br\/noticias\/author\/equiperedacao\/"}]}},"_links":{"self":[{"href":"https:\/\/motorista.com.br\/noticias\/wp-json\/wp\/v2\/posts\/9421","targetHints":{"allow":["GET"]}}],"collection":[{"href":"https:\/\/motorista.com.br\/noticias\/wp-json\/wp\/v2\/posts"}],"about":[{"href":"https:\/\/motorista.com.br\/noticias\/wp-json\/wp\/v2\/types\/post"}],"author":[{"embeddable":true,"href":"https:\/\/motorista.com.br\/noticias\/wp-json\/wp\/v2\/users\/4"}],"replies":[{"embeddable":true,"href":"https:\/\/motorista.com.br\/noticias\/wp-json\/wp\/v2\/comments?post=9421"}],"version-history":[{"count":0,"href":"https:\/\/motorista.com.br\/noticias\/wp-json\/wp\/v2\/posts\/9421\/revisions"}],"wp:featuredmedia":[{"embeddable":true,"href":"https:\/\/motorista.com.br\/noticias\/wp-json\/wp\/v2\/media\/9422"}],"wp:attachment":[{"href":"https:\/\/motorista.com.br\/noticias\/wp-json\/wp\/v2\/media?parent=9421"}],"wp:term":[{"taxonomy":"category","embeddable":true,"href":"https:\/\/motorista.com.br\/noticias\/wp-json\/wp\/v2\/categories?post=9421"},{"taxonomy":"post_tag","embeddable":true,"href":"https:\/\/motorista.com.br\/noticias\/wp-json\/wp\/v2\/tags?post=9421"},{"taxonomy":"author","embeddable":true,"href":"https:\/\/motorista.com.br\/noticias\/wp-json\/wp\/v2\/coauthors?post=9421"}],"curies":[{"name":"wp","href":"https:\/\/api.w.org\/{rel}","templated":true}]}}