{"id":9417,"date":"2026-05-01T04:54:26","date_gmt":"2026-05-01T07:54:26","guid":{"rendered":"https:\/\/motorista.com.br\/noticias\/2026\/05\/01\/transporte-exige-clareza-na-abertura-do-trip\/"},"modified":"2026-05-01T04:54:26","modified_gmt":"2026-05-01T07:54:26","slug":"transporte-exige-clareza-na-abertura-do-trip","status":"publish","type":"post","link":"https:\/\/motorista.com.br\/noticias\/2026\/05\/01\/transporte-exige-clareza-na-abertura-do-trip\/","title":{"rendered":"Transporte exige clareza na abertura do Trip"},"content":{"rendered":"<p><\/p>\n<h2>Setor de Transportes Cobra Transpar\u00eancia na Abertura do Trip<\/h2>\n<p>A Amobitec (Associa\u00e7\u00e3o Brasileira de Mobilidade e Tecnologia) expressou, em nota, um olhar cauteloso sobre o in\u00edcio da abertura do mercado de Trip (transporte rodovi\u00e1rio interestadual de passageiros). Ap\u00f3s a divulga\u00e7\u00e3o pela ANTT (Ag\u00eancia Nacional de Transportes Terrestres) da lista de empresas selecionadas na primeira janela extraordin\u00e1ria para outorga de linhas, a entidade destaca que as informa\u00e7\u00f5es apresentadas ainda n\u00e3o garantem melhorias efetivas no setor.<\/p>\n<p>Neste contexto, a abertura do Trip representa uma oportunidade de transformar o transporte rodovi\u00e1rio interestadual, mas tamb\u00e9m traz \u00e0 tona diferentes desafios que impactam tanto motoristas quanto a mobilidade geral. O processo ocorre por etapas, e a fase inicial abrange apenas a sele\u00e7\u00e3o de empresas para trechos com potencial de mercado. Essa abordagem ressalta a import\u00e2ncia de construir redes integradas, unindo diferentes trechos, para viabilizar linhas que sejam sustent\u00e1veis do ponto de vista operacional e financeiro.<\/p>\n<p>A integra\u00e7\u00e3o eficiente pode aumentar a demanda e garantir maior efici\u00eancia e rentabilidade, beneficiando n\u00e3o s\u00f3 as empresas, mas tamb\u00e9m os motoristas, que poder\u00e3o contar com um sistema mais organizado e confi\u00e1vel. Al\u00e9m disso, a ANTT precisa garantir que as redes atendam de forma ampla todos os usu\u00e1rios, evitando que apenas certas \u00e1reas se beneficiem desse novo modelo. A preocupa\u00e7\u00e3o do Minist\u00e9rio P\u00fablico Federal (MPF) em assegurar que as redes sejam amplas e eficazes aponta para a necessidade de um planejamento robusto que priorize a mobilidade de todas as comunidades.<\/p>\n<p>Outro ponto cr\u00edtico \u00e9 a capacidade operacional da ANTT para lidar com o volume de trechos e empresas envolvidas. Agilidade na confirma\u00e7\u00e3o das outorgas ser\u00e1 crucial para que os motoristas possam aproveitar as oportunidades que a abertura do Trip pode trazer. Contudo, a aus\u00eancia de regras e prazos claros para as pr\u00f3ximas etapas gera inseguran\u00e7a. A falta de previsibilidade pode comprometer n\u00e3o apenas a efetividade da abertura do mercado, mas tamb\u00e9m o atendimento \u00e0s necessidades dos consumidores.<\/p>\n<p>A transpar\u00eancia nesse processo \u00e9 fundamental. Para que motoristas e passageiros se sintam seguros e confiantes nas transforma\u00e7\u00f5es que est\u00e3o por vir, \u00e9 imprescind\u00edvel que as informa\u00e7\u00f5es sejam divulgadas de forma clara e acess\u00edvel. Assim, a moderniza\u00e7\u00e3o do setor poder\u00e1 assegurar melhorias n\u00e3o s\u00f3 na experi\u00eancia do usu\u00e1rio, mas tamb\u00e9m na qualidade das opera\u00e7\u00f5es, contribuindo para uma mobilidade mais eficiente e integrada.<\/p>\n","protected":false},"excerpt":{"rendered":"<p>Setor de Transportes Cobra Transpar\u00eancia na Abertura do Trip A Amobitec (Associa\u00e7\u00e3o Brasileira de Mobilidade e Tecnologia) expressou, em nota, um olhar cauteloso sobre o in\u00edcio da abertura do mercado de Trip (transporte rodovi\u00e1rio interestadual de passageiros). Ap\u00f3s a divulga\u00e7\u00e3o pela ANTT (Ag\u00eancia Nacional de Transportes Terrestres) da lista de empresas selecionadas na primeira janela &hellip;<\/p>\n","protected":false},"author":4,"featured_media":9418,"comment_status":"","ping_status":"open","sticky":false,"template":"","format":"standard","meta":{"footnotes":""},"categories":[45],"tags":[],"coauthors":[42],"class_list":["post-9417","post","type-post","status-publish","format-standard","has-post-thumbnail","hentry","category-mundo"],"yoast_head":"<!-- This site is optimized with the Yoast SEO Premium plugin v25.5 (Yoast SEO v27.5) - https:\/\/yoast.com\/product\/yoast-seo-premium-wordpress\/ -->\n<title>Transporte exige clareza na abertura do Trip - Motorista.com.br<\/title>\n<meta name=\"robots\" content=\"index, follow, max-snippet:-1, max-image-preview:large, max-video-preview:-1\" \/>\n<link rel=\"canonical\" href=\"https:\/\/motorista.com.br\/noticias\/2026\/05\/01\/transporte-exige-clareza-na-abertura-do-trip\/\" \/>\n<meta property=\"og:locale\" content=\"pt_BR\" \/>\n<meta property=\"og:type\" content=\"article\" \/>\n<meta property=\"og:title\" content=\"Transporte exige clareza na abertura do Trip\" \/>\n<meta property=\"og:description\" content=\"Setor de Transportes Cobra Transpar\u00eancia na Abertura do Trip A Amobitec (Associa\u00e7\u00e3o Brasileira de Mobilidade e Tecnologia) expressou, em nota, um olhar cauteloso sobre o in\u00edcio da abertura do mercado de Trip (transporte rodovi\u00e1rio interestadual de passageiros). Ap\u00f3s a divulga\u00e7\u00e3o pela ANTT (Ag\u00eancia Nacional de Transportes Terrestres) da lista de empresas selecionadas na primeira janela &hellip;\" \/>\n<meta property=\"og:url\" content=\"https:\/\/motorista.com.br\/noticias\/2026\/05\/01\/transporte-exige-clareza-na-abertura-do-trip\/\" \/>\n<meta property=\"og:site_name\" content=\"Motorista.com.br\" \/>\n<meta property=\"article:published_time\" content=\"2026-05-01T07:54:26+00:00\" \/>\n<meta name=\"author\" content=\"Equipe Reda\u00e7\u00e3o\" \/>\n<meta name=\"twitter:card\" content=\"summary_large_image\" \/>\n<meta name=\"twitter:label1\" content=\"Escrito por\" \/>\n\t<meta name=\"twitter:data1\" content=\"Equipe Reda\u00e7\u00e3o\" \/>\n\t<meta name=\"twitter:label2\" content=\"Est. tempo de leitura\" \/>\n\t<meta name=\"twitter:data2\" content=\"2 minutos\" \/>\n\t<meta name=\"twitter:label3\" content=\"Written by\" \/>\n\t<meta name=\"twitter:data3\" content=\"Equipe Reda\u00e7\u00e3o\" \/>\n<script type=\"application\/ld+json\" class=\"yoast-schema-graph\">{\"@context\":\"https:\\\/\\\/schema.org\",\"@graph\":[{\"@type\":\"Article\",\"@id\":\"https:\\\/\\\/motorista.com.br\\\/noticias\\\/2026\\\/05\\\/01\\\/transporte-exige-clareza-na-abertura-do-trip\\\/#article\",\"isPartOf\":{\"@id\":\"https:\\\/\\\/motorista.com.br\\\/noticias\\\/2026\\\/05\\\/01\\\/transporte-exige-clareza-na-abertura-do-trip\\\/\"},\"author\":{\"name\":\"Equipe Reda\u00e7\u00e3o\",\"@id\":\"https:\\\/\\\/motorista.com.br\\\/noticias\\\/#\\\/schema\\\/person\\\/dc93afc2981c0e3ce6bc3c053fd847be\"},\"headline\":\"Transporte exige clareza na abertura do Trip\",\"datePublished\":\"2026-05-01T07:54:26+00:00\",\"mainEntityOfPage\":{\"@id\":\"https:\\\/\\\/motorista.com.br\\\/noticias\\\/2026\\\/05\\\/01\\\/transporte-exige-clareza-na-abertura-do-trip\\\/\"},\"wordCount\":427,\"publisher\":{\"@id\":\"https:\\\/\\\/motorista.com.br\\\/noticias\\\/#organization\"},\"image\":{\"@id\":\"https:\\\/\\\/motorista.com.br\\\/noticias\\\/2026\\\/05\\\/01\\\/transporte-exige-clareza-na-abertura-do-trip\\\/#primaryimage\"},\"thumbnailUrl\":\"https:\\\/\\\/motorista.com.br\\\/noticias\\\/wp-content\\\/uploads\\\/2026\\\/05\\\/mobilidade-urbana-rodoviaria-foto-marcelo-camargo-agencia-brasil.jpg\",\"articleSection\":[\"Mundo\"],\"inLanguage\":\"pt-BR\"},{\"@type\":\"WebPage\",\"@id\":\"https:\\\/\\\/motorista.com.br\\\/noticias\\\/2026\\\/05\\\/01\\\/transporte-exige-clareza-na-abertura-do-trip\\\/\",\"url\":\"https:\\\/\\\/motorista.com.br\\\/noticias\\\/2026\\\/05\\\/01\\\/transporte-exige-clareza-na-abertura-do-trip\\\/\",\"name\":\"Transporte exige clareza na abertura do Trip - Motorista.com.br\",\"isPartOf\":{\"@id\":\"https:\\\/\\\/motorista.com.br\\\/noticias\\\/#website\"},\"primaryImageOfPage\":{\"@id\":\"https:\\\/\\\/motorista.com.br\\\/noticias\\\/2026\\\/05\\\/01\\\/transporte-exige-clareza-na-abertura-do-trip\\\/#primaryimage\"},\"image\":{\"@id\":\"https:\\\/\\\/motorista.com.br\\\/noticias\\\/2026\\\/05\\\/01\\\/transporte-exige-clareza-na-abertura-do-trip\\\/#primaryimage\"},\"thumbnailUrl\":\"https:\\\/\\\/motorista.com.br\\\/noticias\\\/wp-content\\\/uploads\\\/2026\\\/05\\\/mobilidade-urbana-rodoviaria-foto-marcelo-camargo-agencia-brasil.jpg\",\"datePublished\":\"2026-05-01T07:54:26+00:00\",\"breadcrumb\":{\"@id\":\"https:\\\/\\\/motorista.com.br\\\/noticias\\\/2026\\\/05\\\/01\\\/transporte-exige-clareza-na-abertura-do-trip\\\/#breadcrumb\"},\"inLanguage\":\"pt-BR\",\"potentialAction\":[{\"@type\":\"ReadAction\",\"target\":[\"https:\\\/\\\/motorista.com.br\\\/noticias\\\/2026\\\/05\\\/01\\\/transporte-exige-clareza-na-abertura-do-trip\\\/\"]}]},{\"@type\":\"ImageObject\",\"inLanguage\":\"pt-BR\",\"@id\":\"https:\\\/\\\/motorista.com.br\\\/noticias\\\/2026\\\/05\\\/01\\\/transporte-exige-clareza-na-abertura-do-trip\\\/#primaryimage\",\"url\":\"https:\\\/\\\/motorista.com.br\\\/noticias\\\/wp-content\\\/uploads\\\/2026\\\/05\\\/mobilidade-urbana-rodoviaria-foto-marcelo-camargo-agencia-brasil.jpg\",\"contentUrl\":\"https:\\\/\\\/motorista.com.br\\\/noticias\\\/wp-content\\\/uploads\\\/2026\\\/05\\\/mobilidade-urbana-rodoviaria-foto-marcelo-camargo-agencia-brasil.jpg\",\"width\":1280,\"height\":853},{\"@type\":\"BreadcrumbList\",\"@id\":\"https:\\\/\\\/motorista.com.br\\\/noticias\\\/2026\\\/05\\\/01\\\/transporte-exige-clareza-na-abertura-do-trip\\\/#breadcrumb\",\"itemListElement\":[{\"@type\":\"ListItem\",\"position\":1,\"name\":\"In\u00edcio\",\"item\":\"https:\\\/\\\/motorista.com.br\\\/noticias\\\/\"},{\"@type\":\"ListItem\",\"position\":2,\"name\":\"Transporte exige clareza na abertura do Trip\"}]},{\"@type\":\"WebSite\",\"@id\":\"https:\\\/\\\/motorista.com.br\\\/noticias\\\/#website\",\"url\":\"https:\\\/\\\/motorista.com.br\\\/noticias\\\/\",\"name\":\"Motorista.com.br\",\"description\":\"Not\u00edcia do Motorista\",\"publisher\":{\"@id\":\"https:\\\/\\\/motorista.com.br\\\/noticias\\\/#organization\"},\"potentialAction\":[{\"@type\":\"SearchAction\",\"target\":{\"@type\":\"EntryPoint\",\"urlTemplate\":\"https:\\\/\\\/motorista.com.br\\\/noticias\\\/?s={search_term_string}\"},\"query-input\":{\"@type\":\"PropertyValueSpecification\",\"valueRequired\":true,\"valueName\":\"search_term_string\"}}],\"inLanguage\":\"pt-BR\"},{\"@type\":\"Organization\",\"@id\":\"https:\\\/\\\/motorista.com.br\\\/noticias\\\/#organization\",\"name\":\"Motorista.com.br\",\"url\":\"https:\\\/\\\/motorista.com.br\\\/noticias\\\/\",\"logo\":{\"@type\":\"ImageObject\",\"inLanguage\":\"pt-BR\",\"@id\":\"https:\\\/\\\/motorista.com.br\\\/noticias\\\/#\\\/schema\\\/logo\\\/image\\\/\",\"url\":\"https:\\\/\\\/motorista.com.br\\\/noticias\\\/wp-content\\\/uploads\\\/2025\\\/06\\\/Design-sem-nome-9.png\",\"contentUrl\":\"https:\\\/\\\/motorista.com.br\\\/noticias\\\/wp-content\\\/uploads\\\/2025\\\/06\\\/Design-sem-nome-9.png\",\"width\":150,\"height\":85,\"caption\":\"Motorista.com.br\"},\"image\":{\"@id\":\"https:\\\/\\\/motorista.com.br\\\/noticias\\\/#\\\/schema\\\/logo\\\/image\\\/\"}},{\"@type\":\"Person\",\"@id\":\"https:\\\/\\\/motorista.com.br\\\/noticias\\\/#\\\/schema\\\/person\\\/dc93afc2981c0e3ce6bc3c053fd847be\",\"name\":\"Equipe Reda\u00e7\u00e3o\",\"image\":{\"@type\":\"ImageObject\",\"inLanguage\":\"pt-BR\",\"@id\":\"https:\\\/\\\/secure.gravatar.com\\\/avatar\\\/4f525efbf18dd2bb300ccad28bfb99d95a9465a5ba268407c8c37b37e1f28d2d?s=96&d=mm&r=g9e099043a0c61e9ae27e293b9fa75ffc\",\"url\":\"https:\\\/\\\/secure.gravatar.com\\\/avatar\\\/4f525efbf18dd2bb300ccad28bfb99d95a9465a5ba268407c8c37b37e1f28d2d?s=96&d=mm&r=g\",\"contentUrl\":\"https:\\\/\\\/secure.gravatar.com\\\/avatar\\\/4f525efbf18dd2bb300ccad28bfb99d95a9465a5ba268407c8c37b37e1f28d2d?s=96&d=mm&r=g\",\"caption\":\"Equipe Reda\u00e7\u00e3o\"},\"description\":\"Equipe de reda\u00e7\u00e3o \u00e9 um grupo de profissionais que trabalham juntos para criar conte\u00fado escrito para Motorista.com.br\",\"url\":\"https:\\\/\\\/motorista.com.br\\\/noticias\\\/author\\\/equiperedacao\\\/\"}]}<\/script>\n<!-- \/ Yoast SEO Premium plugin. -->","yoast_head_json":{"title":"Transporte exige clareza na abertura do Trip - Motorista.com.br","robots":{"index":"index","follow":"follow","max-snippet":"max-snippet:-1","max-image-preview":"max-image-preview:large","max-video-preview":"max-video-preview:-1"},"canonical":"https:\/\/motorista.com.br\/noticias\/2026\/05\/01\/transporte-exige-clareza-na-abertura-do-trip\/","og_locale":"pt_BR","og_type":"article","og_title":"Transporte exige clareza na abertura do Trip","og_description":"Setor de Transportes Cobra Transpar\u00eancia na Abertura do Trip A Amobitec (Associa\u00e7\u00e3o Brasileira de Mobilidade e Tecnologia) expressou, em nota, um olhar cauteloso sobre o in\u00edcio da abertura do mercado de Trip (transporte rodovi\u00e1rio interestadual de passageiros). Ap\u00f3s a divulga\u00e7\u00e3o pela ANTT (Ag\u00eancia Nacional de Transportes Terrestres) da lista de empresas selecionadas na primeira janela &hellip;","og_url":"https:\/\/motorista.com.br\/noticias\/2026\/05\/01\/transporte-exige-clareza-na-abertura-do-trip\/","og_site_name":"Motorista.com.br","article_published_time":"2026-05-01T07:54:26+00:00","author":"Equipe Reda\u00e7\u00e3o","twitter_card":"summary_large_image","twitter_misc":{"Escrito por":"Equipe Reda\u00e7\u00e3o","Est. tempo de leitura":"2 minutos","Written by":"Equipe Reda\u00e7\u00e3o"},"schema":{"@context":"https:\/\/schema.org","@graph":[{"@type":"Article","@id":"https:\/\/motorista.com.br\/noticias\/2026\/05\/01\/transporte-exige-clareza-na-abertura-do-trip\/#article","isPartOf":{"@id":"https:\/\/motorista.com.br\/noticias\/2026\/05\/01\/transporte-exige-clareza-na-abertura-do-trip\/"},"author":{"name":"Equipe Reda\u00e7\u00e3o","@id":"https:\/\/motorista.com.br\/noticias\/#\/schema\/person\/dc93afc2981c0e3ce6bc3c053fd847be"},"headline":"Transporte exige clareza na abertura do Trip","datePublished":"2026-05-01T07:54:26+00:00","mainEntityOfPage":{"@id":"https:\/\/motorista.com.br\/noticias\/2026\/05\/01\/transporte-exige-clareza-na-abertura-do-trip\/"},"wordCount":427,"publisher":{"@id":"https:\/\/motorista.com.br\/noticias\/#organization"},"image":{"@id":"https:\/\/motorista.com.br\/noticias\/2026\/05\/01\/transporte-exige-clareza-na-abertura-do-trip\/#primaryimage"},"thumbnailUrl":"https:\/\/motorista.com.br\/noticias\/wp-content\/uploads\/2026\/05\/mobilidade-urbana-rodoviaria-foto-marcelo-camargo-agencia-brasil.jpg","articleSection":["Mundo"],"inLanguage":"pt-BR"},{"@type":"WebPage","@id":"https:\/\/motorista.com.br\/noticias\/2026\/05\/01\/transporte-exige-clareza-na-abertura-do-trip\/","url":"https:\/\/motorista.com.br\/noticias\/2026\/05\/01\/transporte-exige-clareza-na-abertura-do-trip\/","name":"Transporte exige clareza na abertura do Trip - Motorista.com.br","isPartOf":{"@id":"https:\/\/motorista.com.br\/noticias\/#website"},"primaryImageOfPage":{"@id":"https:\/\/motorista.com.br\/noticias\/2026\/05\/01\/transporte-exige-clareza-na-abertura-do-trip\/#primaryimage"},"image":{"@id":"https:\/\/motorista.com.br\/noticias\/2026\/05\/01\/transporte-exige-clareza-na-abertura-do-trip\/#primaryimage"},"thumbnailUrl":"https:\/\/motorista.com.br\/noticias\/wp-content\/uploads\/2026\/05\/mobilidade-urbana-rodoviaria-foto-marcelo-camargo-agencia-brasil.jpg","datePublished":"2026-05-01T07:54:26+00:00","breadcrumb":{"@id":"https:\/\/motorista.com.br\/noticias\/2026\/05\/01\/transporte-exige-clareza-na-abertura-do-trip\/#breadcrumb"},"inLanguage":"pt-BR","potentialAction":[{"@type":"ReadAction","target":["https:\/\/motorista.com.br\/noticias\/2026\/05\/01\/transporte-exige-clareza-na-abertura-do-trip\/"]}]},{"@type":"ImageObject","inLanguage":"pt-BR","@id":"https:\/\/motorista.com.br\/noticias\/2026\/05\/01\/transporte-exige-clareza-na-abertura-do-trip\/#primaryimage","url":"https:\/\/motorista.com.br\/noticias\/wp-content\/uploads\/2026\/05\/mobilidade-urbana-rodoviaria-foto-marcelo-camargo-agencia-brasil.jpg","contentUrl":"https:\/\/motorista.com.br\/noticias\/wp-content\/uploads\/2026\/05\/mobilidade-urbana-rodoviaria-foto-marcelo-camargo-agencia-brasil.jpg","width":1280,"height":853},{"@type":"BreadcrumbList","@id":"https:\/\/motorista.com.br\/noticias\/2026\/05\/01\/transporte-exige-clareza-na-abertura-do-trip\/#breadcrumb","itemListElement":[{"@type":"ListItem","position":1,"name":"In\u00edcio","item":"https:\/\/motorista.com.br\/noticias\/"},{"@type":"ListItem","position":2,"name":"Transporte exige clareza na abertura do Trip"}]},{"@type":"WebSite","@id":"https:\/\/motorista.com.br\/noticias\/#website","url":"https:\/\/motorista.com.br\/noticias\/","name":"Motorista.com.br","description":"Not\u00edcia do Motorista","publisher":{"@id":"https:\/\/motorista.com.br\/noticias\/#organization"},"potentialAction":[{"@type":"SearchAction","target":{"@type":"EntryPoint","urlTemplate":"https:\/\/motorista.com.br\/noticias\/?s={search_term_string}"},"query-input":{"@type":"PropertyValueSpecification","valueRequired":true,"valueName":"search_term_string"}}],"inLanguage":"pt-BR"},{"@type":"Organization","@id":"https:\/\/motorista.com.br\/noticias\/#organization","name":"Motorista.com.br","url":"https:\/\/motorista.com.br\/noticias\/","logo":{"@type":"ImageObject","inLanguage":"pt-BR","@id":"https:\/\/motorista.com.br\/noticias\/#\/schema\/logo\/image\/","url":"https:\/\/motorista.com.br\/noticias\/wp-content\/uploads\/2025\/06\/Design-sem-nome-9.png","contentUrl":"https:\/\/motorista.com.br\/noticias\/wp-content\/uploads\/2025\/06\/Design-sem-nome-9.png","width":150,"height":85,"caption":"Motorista.com.br"},"image":{"@id":"https:\/\/motorista.com.br\/noticias\/#\/schema\/logo\/image\/"}},{"@type":"Person","@id":"https:\/\/motorista.com.br\/noticias\/#\/schema\/person\/dc93afc2981c0e3ce6bc3c053fd847be","name":"Equipe Reda\u00e7\u00e3o","image":{"@type":"ImageObject","inLanguage":"pt-BR","@id":"https:\/\/secure.gravatar.com\/avatar\/4f525efbf18dd2bb300ccad28bfb99d95a9465a5ba268407c8c37b37e1f28d2d?s=96&d=mm&r=g9e099043a0c61e9ae27e293b9fa75ffc","url":"https:\/\/secure.gravatar.com\/avatar\/4f525efbf18dd2bb300ccad28bfb99d95a9465a5ba268407c8c37b37e1f28d2d?s=96&d=mm&r=g","contentUrl":"https:\/\/secure.gravatar.com\/avatar\/4f525efbf18dd2bb300ccad28bfb99d95a9465a5ba268407c8c37b37e1f28d2d?s=96&d=mm&r=g","caption":"Equipe Reda\u00e7\u00e3o"},"description":"Equipe de reda\u00e7\u00e3o \u00e9 um grupo de profissionais que trabalham juntos para criar conte\u00fado escrito para Motorista.com.br","url":"https:\/\/motorista.com.br\/noticias\/author\/equiperedacao\/"}]}},"_links":{"self":[{"href":"https:\/\/motorista.com.br\/noticias\/wp-json\/wp\/v2\/posts\/9417","targetHints":{"allow":["GET"]}}],"collection":[{"href":"https:\/\/motorista.com.br\/noticias\/wp-json\/wp\/v2\/posts"}],"about":[{"href":"https:\/\/motorista.com.br\/noticias\/wp-json\/wp\/v2\/types\/post"}],"author":[{"embeddable":true,"href":"https:\/\/motorista.com.br\/noticias\/wp-json\/wp\/v2\/users\/4"}],"replies":[{"embeddable":true,"href":"https:\/\/motorista.com.br\/noticias\/wp-json\/wp\/v2\/comments?post=9417"}],"version-history":[{"count":0,"href":"https:\/\/motorista.com.br\/noticias\/wp-json\/wp\/v2\/posts\/9417\/revisions"}],"wp:featuredmedia":[{"embeddable":true,"href":"https:\/\/motorista.com.br\/noticias\/wp-json\/wp\/v2\/media\/9418"}],"wp:attachment":[{"href":"https:\/\/motorista.com.br\/noticias\/wp-json\/wp\/v2\/media?parent=9417"}],"wp:term":[{"taxonomy":"category","embeddable":true,"href":"https:\/\/motorista.com.br\/noticias\/wp-json\/wp\/v2\/categories?post=9417"},{"taxonomy":"post_tag","embeddable":true,"href":"https:\/\/motorista.com.br\/noticias\/wp-json\/wp\/v2\/tags?post=9417"},{"taxonomy":"author","embeddable":true,"href":"https:\/\/motorista.com.br\/noticias\/wp-json\/wp\/v2\/coauthors?post=9417"}],"curies":[{"name":"wp","href":"https:\/\/api.w.org\/{rel}","templated":true}]}}