{"id":9415,"date":"2026-05-01T04:51:42","date_gmt":"2026-05-01T07:51:42","guid":{"rendered":"https:\/\/motorista.com.br\/noticias\/2026\/05\/01\/licoes-da-nota-fiscal-para-autonomos-em-sp-na-reforma-tributaria\/"},"modified":"2026-05-01T04:51:42","modified_gmt":"2026-05-01T07:51:42","slug":"licoes-da-nota-fiscal-para-autonomos-em-sp-na-reforma-tributaria","status":"publish","type":"post","link":"https:\/\/motorista.com.br\/noticias\/2026\/05\/01\/licoes-da-nota-fiscal-para-autonomos-em-sp-na-reforma-tributaria\/","title":{"rendered":"Li\u00e7\u00f5es da nota fiscal para aut\u00f4nomos em SP na reforma tribut\u00e1ria."},"content":{"rendered":"<p><\/p>\n<p><strong>O que a obrigatoriedade da nota fiscal para aut\u00f4nomos em S\u00e3o Paulo ensina sobre a reforma tribut\u00e1ria<\/strong><\/p>\n<p>Historicamente, as discuss\u00f5es sobre a Reforma Tribut\u00e1ria do Consumo no Brasil concentravam-se nas grandes empresas. Recentemente, a aten\u00e7\u00e3o voltou-se para o setor de servi\u00e7os, particularmente os pequenos neg\u00f3cios e aut\u00f4nomos. Uma mudan\u00e7a significativa ocorreu com a publica\u00e7\u00e3o da Instru\u00e7\u00e3o Normativa SF\/SUREM N\u00ba 3, que substituiu o tradicional Recibo de Pagamento a Aut\u00f4nomo (RPA) pela Nota Fiscal de Servi\u00e7os Eletr\u00f4nica (NFS-e), impactando diretamente os trabalhadores informais da maior capital do pa\u00eds.<\/p>\n<p>Essa altera\u00e7\u00e3o n\u00e3o se limita apenas a um aumento da fiscaliza\u00e7\u00e3o, mas reflete um novo paradigma onde as pessoas f\u00edsicas passam a ser oficialmente contribuintes do CBS e do IBS. A exig\u00eancia da nota fiscal implica em um recolhimento automatizado e sist\u00eamico de impostos, estabelecendo a NFS-e como a base para c\u00e1lculos, obriga\u00e7\u00f5es acess\u00f3rias e multas, o que pode transformar a experi\u00eancia do motorista aut\u00f4nomo.<\/p>\n<h3>O Caso de S\u00e3o Paulo: Um Reflexo da Transforma\u00e7\u00e3o<\/h3>\n<p>A implementa\u00e7\u00e3o desta medida em S\u00e3o Paulo n\u00e3o \u00e9 um fen\u00f4meno isolado, mas parte de um movimento mais amplo de adapta\u00e7\u00e3o \u00e0 Reforma Tribut\u00e1ria. Munic\u00edpios como Curitiba e Florian\u00f3polis j\u00e1 manifestaram mudan\u00e7as semelhantes. Para os motoristas aut\u00f4nomos que n\u00e3o possuem o Cadastro de Contribuintes Mobili\u00e1rios (CCM), a exig\u00eancia de registro torna-se urgente para facilitar a emiss\u00e3o das notas fiscais. A press\u00e3o por regulariza\u00e7\u00e3o pode, paradoxalmente, melhorar a credibilidade do profissional no mercado, aumentando a confian\u00e7a de clientes e contratantes.<\/p>\n<p>Al\u00e9m disso, a nova legisla\u00e7\u00e3o exige que o n\u00e3o cumprimento, como a n\u00e3o emiss\u00e3o da NFS-e, se torne um risco financeiro significativo, pois o contratante assume a responsabilidade de recolher o ISS. Essa nova realidade n\u00e3o s\u00f3 apresenta uma camada adicional na atua\u00e7\u00e3o profissional, mas tamb\u00e9m pode reduzir a oferta de servi\u00e7os, j\u00e1 que muitos contratos podem ser evitados se a nota fiscal n\u00e3o for emitida.<\/p>\n<h3>Transpar\u00eancia e Integra\u00e7\u00e3o Total<\/h3>\n<p>A obrigatoriedade da NFS-e promove uma maior transpar\u00eancia e colabora\u00e7\u00e3o entre os munic\u00edpios e a Receita Federal, criando uma base de arrecada\u00e7\u00e3o mais consistente. Para motoristas aut\u00f4nomos e outros profissionais liberais, essa mudan\u00e7a implica em um ambiente onde cada transa\u00e7\u00e3o \u00e9 monitorada, reduzindo a invisibilidade fiscal que antes reinava. Consequentemente, isso pode resultar em um aumento da regularidade entre aut\u00f4nomos, que poderiam se sentir compelidos a se formalizar, facilitando a burocracia e aumentando sua mobilidade no mercado.<\/p>\n<h3>Uma Nova Estrat\u00e9gia<\/h3>\n<p>Frente a uma carga tribut\u00e1ria que pode chegar a 27,5% para pessoas f\u00edsicas, a transfer\u00eancia para um CNPJ torna-se mais do que uma alternativa, mas uma estrat\u00e9gia de sobreviv\u00eancia. No Simples Nacional, por exemplo, as al\u00edquotas come\u00e7am em 6%, oferecendo benef\u00edcios de efici\u00eancia e seguran\u00e7a jur\u00eddica que se alinham com o novo cen\u00e1rio tribut\u00e1rio.<\/p>\n<p>Assim, a obrigatoriedade da NFS-e n\u00e3o apenas altera a paisagem tribut\u00e1ria, mas tamb\u00e9m tem implica\u00e7\u00f5es diretas na mobilidade e na forma como os motoristas aut\u00f4nomos se posicionam no mercado. A adapta\u00e7\u00e3o a essas novas regras pode consolidar a import\u00e2ncia da formaliza\u00e7\u00e3o, estimulando um ambiente mais sustent\u00e1vel e din\u00e2mico para a presta\u00e7\u00e3o de servi\u00e7os na cidade.<\/p>\n<hr \/>\n<p>Fonte: reformatributaria<\/p>\n","protected":false},"excerpt":{"rendered":"<p>O que a obrigatoriedade da nota fiscal para aut\u00f4nomos em S\u00e3o Paulo ensina sobre a reforma tribut\u00e1ria Historicamente, as discuss\u00f5es sobre a Reforma Tribut\u00e1ria do Consumo no Brasil concentravam-se nas grandes empresas. Recentemente, a aten\u00e7\u00e3o voltou-se para o setor de servi\u00e7os, particularmente os pequenos neg\u00f3cios e aut\u00f4nomos. Uma mudan\u00e7a significativa ocorreu com a publica\u00e7\u00e3o da &hellip;<\/p>\n","protected":false},"author":4,"featured_media":9416,"comment_status":"","ping_status":"open","sticky":false,"template":"","format":"standard","meta":{"footnotes":""},"categories":[35],"tags":[],"coauthors":[42],"class_list":["post-9415","post","type-post","status-publish","format-standard","has-post-thumbnail","hentry","category-legislacao"],"yoast_head":"<!-- This site is optimized with the Yoast SEO Premium plugin v25.5 (Yoast SEO v27.5) - https:\/\/yoast.com\/product\/yoast-seo-premium-wordpress\/ -->\n<title>Li\u00e7\u00f5es da nota fiscal para aut\u00f4nomos em SP na reforma tribut\u00e1ria. - Motorista.com.br<\/title>\n<meta name=\"robots\" content=\"index, follow, max-snippet:-1, max-image-preview:large, max-video-preview:-1\" \/>\n<link rel=\"canonical\" href=\"https:\/\/motorista.com.br\/noticias\/2026\/05\/01\/licoes-da-nota-fiscal-para-autonomos-em-sp-na-reforma-tributaria\/\" \/>\n<meta property=\"og:locale\" content=\"pt_BR\" \/>\n<meta property=\"og:type\" content=\"article\" \/>\n<meta property=\"og:title\" content=\"Li\u00e7\u00f5es da nota fiscal para aut\u00f4nomos em SP na reforma tribut\u00e1ria.\" \/>\n<meta property=\"og:description\" content=\"O que a obrigatoriedade da nota fiscal para aut\u00f4nomos em S\u00e3o Paulo ensina sobre a reforma tribut\u00e1ria Historicamente, as discuss\u00f5es sobre a Reforma Tribut\u00e1ria do Consumo no Brasil concentravam-se nas grandes empresas. Recentemente, a aten\u00e7\u00e3o voltou-se para o setor de servi\u00e7os, particularmente os pequenos neg\u00f3cios e aut\u00f4nomos. Uma mudan\u00e7a significativa ocorreu com a publica\u00e7\u00e3o da &hellip;\" \/>\n<meta property=\"og:url\" content=\"https:\/\/motorista.com.br\/noticias\/2026\/05\/01\/licoes-da-nota-fiscal-para-autonomos-em-sp-na-reforma-tributaria\/\" \/>\n<meta property=\"og:site_name\" content=\"Motorista.com.br\" \/>\n<meta property=\"article:published_time\" content=\"2026-05-01T07:51:42+00:00\" \/>\n<meta name=\"author\" content=\"Equipe Reda\u00e7\u00e3o\" \/>\n<meta name=\"twitter:card\" content=\"summary_large_image\" \/>\n<meta name=\"twitter:label1\" content=\"Escrito por\" \/>\n\t<meta name=\"twitter:data1\" content=\"Equipe Reda\u00e7\u00e3o\" \/>\n\t<meta name=\"twitter:label2\" content=\"Est. tempo de leitura\" \/>\n\t<meta name=\"twitter:data2\" content=\"3 minutos\" \/>\n\t<meta name=\"twitter:label3\" content=\"Written by\" \/>\n\t<meta name=\"twitter:data3\" content=\"Equipe Reda\u00e7\u00e3o\" \/>\n<script type=\"application\/ld+json\" class=\"yoast-schema-graph\">{\"@context\":\"https:\\\/\\\/schema.org\",\"@graph\":[{\"@type\":\"Article\",\"@id\":\"https:\\\/\\\/motorista.com.br\\\/noticias\\\/2026\\\/05\\\/01\\\/licoes-da-nota-fiscal-para-autonomos-em-sp-na-reforma-tributaria\\\/#article\",\"isPartOf\":{\"@id\":\"https:\\\/\\\/motorista.com.br\\\/noticias\\\/2026\\\/05\\\/01\\\/licoes-da-nota-fiscal-para-autonomos-em-sp-na-reforma-tributaria\\\/\"},\"author\":{\"name\":\"Equipe Reda\u00e7\u00e3o\",\"@id\":\"https:\\\/\\\/motorista.com.br\\\/noticias\\\/#\\\/schema\\\/person\\\/dc93afc2981c0e3ce6bc3c053fd847be\"},\"headline\":\"Li\u00e7\u00f5es da nota fiscal para aut\u00f4nomos em SP na reforma tribut\u00e1ria.\",\"datePublished\":\"2026-05-01T07:51:42+00:00\",\"mainEntityOfPage\":{\"@id\":\"https:\\\/\\\/motorista.com.br\\\/noticias\\\/2026\\\/05\\\/01\\\/licoes-da-nota-fiscal-para-autonomos-em-sp-na-reforma-tributaria\\\/\"},\"wordCount\":602,\"publisher\":{\"@id\":\"https:\\\/\\\/motorista.com.br\\\/noticias\\\/#organization\"},\"image\":{\"@id\":\"https:\\\/\\\/motorista.com.br\\\/noticias\\\/2026\\\/05\\\/01\\\/licoes-da-nota-fiscal-para-autonomos-em-sp-na-reforma-tributaria\\\/#primaryimage\"},\"thumbnailUrl\":\"https:\\\/\\\/motorista.com.br\\\/noticias\\\/wp-content\\\/uploads\\\/2026\\\/05\\\/sao-paulo-estaiada-s-bridge-aerial-view-marginal-pinheiros-so-paulo-brazil-business-center.jpg\",\"articleSection\":[\"Legisla\u00e7\u00e3o\"],\"inLanguage\":\"pt-BR\"},{\"@type\":\"WebPage\",\"@id\":\"https:\\\/\\\/motorista.com.br\\\/noticias\\\/2026\\\/05\\\/01\\\/licoes-da-nota-fiscal-para-autonomos-em-sp-na-reforma-tributaria\\\/\",\"url\":\"https:\\\/\\\/motorista.com.br\\\/noticias\\\/2026\\\/05\\\/01\\\/licoes-da-nota-fiscal-para-autonomos-em-sp-na-reforma-tributaria\\\/\",\"name\":\"Li\u00e7\u00f5es da nota fiscal para aut\u00f4nomos em SP na reforma tribut\u00e1ria. - Motorista.com.br\",\"isPartOf\":{\"@id\":\"https:\\\/\\\/motorista.com.br\\\/noticias\\\/#website\"},\"primaryImageOfPage\":{\"@id\":\"https:\\\/\\\/motorista.com.br\\\/noticias\\\/2026\\\/05\\\/01\\\/licoes-da-nota-fiscal-para-autonomos-em-sp-na-reforma-tributaria\\\/#primaryimage\"},\"image\":{\"@id\":\"https:\\\/\\\/motorista.com.br\\\/noticias\\\/2026\\\/05\\\/01\\\/licoes-da-nota-fiscal-para-autonomos-em-sp-na-reforma-tributaria\\\/#primaryimage\"},\"thumbnailUrl\":\"https:\\\/\\\/motorista.com.br\\\/noticias\\\/wp-content\\\/uploads\\\/2026\\\/05\\\/sao-paulo-estaiada-s-bridge-aerial-view-marginal-pinheiros-so-paulo-brazil-business-center.jpg\",\"datePublished\":\"2026-05-01T07:51:42+00:00\",\"breadcrumb\":{\"@id\":\"https:\\\/\\\/motorista.com.br\\\/noticias\\\/2026\\\/05\\\/01\\\/licoes-da-nota-fiscal-para-autonomos-em-sp-na-reforma-tributaria\\\/#breadcrumb\"},\"inLanguage\":\"pt-BR\",\"potentialAction\":[{\"@type\":\"ReadAction\",\"target\":[\"https:\\\/\\\/motorista.com.br\\\/noticias\\\/2026\\\/05\\\/01\\\/licoes-da-nota-fiscal-para-autonomos-em-sp-na-reforma-tributaria\\\/\"]}]},{\"@type\":\"ImageObject\",\"inLanguage\":\"pt-BR\",\"@id\":\"https:\\\/\\\/motorista.com.br\\\/noticias\\\/2026\\\/05\\\/01\\\/licoes-da-nota-fiscal-para-autonomos-em-sp-na-reforma-tributaria\\\/#primaryimage\",\"url\":\"https:\\\/\\\/motorista.com.br\\\/noticias\\\/wp-content\\\/uploads\\\/2026\\\/05\\\/sao-paulo-estaiada-s-bridge-aerial-view-marginal-pinheiros-so-paulo-brazil-business-center.jpg\",\"contentUrl\":\"https:\\\/\\\/motorista.com.br\\\/noticias\\\/wp-content\\\/uploads\\\/2026\\\/05\\\/sao-paulo-estaiada-s-bridge-aerial-view-marginal-pinheiros-so-paulo-brazil-business-center.jpg\",\"width\":1922,\"height\":1080},{\"@type\":\"BreadcrumbList\",\"@id\":\"https:\\\/\\\/motorista.com.br\\\/noticias\\\/2026\\\/05\\\/01\\\/licoes-da-nota-fiscal-para-autonomos-em-sp-na-reforma-tributaria\\\/#breadcrumb\",\"itemListElement\":[{\"@type\":\"ListItem\",\"position\":1,\"name\":\"In\u00edcio\",\"item\":\"https:\\\/\\\/motorista.com.br\\\/noticias\\\/\"},{\"@type\":\"ListItem\",\"position\":2,\"name\":\"Li\u00e7\u00f5es da nota fiscal para aut\u00f4nomos em SP na reforma tribut\u00e1ria.\"}]},{\"@type\":\"WebSite\",\"@id\":\"https:\\\/\\\/motorista.com.br\\\/noticias\\\/#website\",\"url\":\"https:\\\/\\\/motorista.com.br\\\/noticias\\\/\",\"name\":\"Motorista.com.br\",\"description\":\"Not\u00edcia do Motorista\",\"publisher\":{\"@id\":\"https:\\\/\\\/motorista.com.br\\\/noticias\\\/#organization\"},\"potentialAction\":[{\"@type\":\"SearchAction\",\"target\":{\"@type\":\"EntryPoint\",\"urlTemplate\":\"https:\\\/\\\/motorista.com.br\\\/noticias\\\/?s={search_term_string}\"},\"query-input\":{\"@type\":\"PropertyValueSpecification\",\"valueRequired\":true,\"valueName\":\"search_term_string\"}}],\"inLanguage\":\"pt-BR\"},{\"@type\":\"Organization\",\"@id\":\"https:\\\/\\\/motorista.com.br\\\/noticias\\\/#organization\",\"name\":\"Motorista.com.br\",\"url\":\"https:\\\/\\\/motorista.com.br\\\/noticias\\\/\",\"logo\":{\"@type\":\"ImageObject\",\"inLanguage\":\"pt-BR\",\"@id\":\"https:\\\/\\\/motorista.com.br\\\/noticias\\\/#\\\/schema\\\/logo\\\/image\\\/\",\"url\":\"https:\\\/\\\/motorista.com.br\\\/noticias\\\/wp-content\\\/uploads\\\/2025\\\/06\\\/Design-sem-nome-9.png\",\"contentUrl\":\"https:\\\/\\\/motorista.com.br\\\/noticias\\\/wp-content\\\/uploads\\\/2025\\\/06\\\/Design-sem-nome-9.png\",\"width\":150,\"height\":85,\"caption\":\"Motorista.com.br\"},\"image\":{\"@id\":\"https:\\\/\\\/motorista.com.br\\\/noticias\\\/#\\\/schema\\\/logo\\\/image\\\/\"}},{\"@type\":\"Person\",\"@id\":\"https:\\\/\\\/motorista.com.br\\\/noticias\\\/#\\\/schema\\\/person\\\/dc93afc2981c0e3ce6bc3c053fd847be\",\"name\":\"Equipe Reda\u00e7\u00e3o\",\"image\":{\"@type\":\"ImageObject\",\"inLanguage\":\"pt-BR\",\"@id\":\"https:\\\/\\\/secure.gravatar.com\\\/avatar\\\/4f525efbf18dd2bb300ccad28bfb99d95a9465a5ba268407c8c37b37e1f28d2d?s=96&d=mm&r=g9e099043a0c61e9ae27e293b9fa75ffc\",\"url\":\"https:\\\/\\\/secure.gravatar.com\\\/avatar\\\/4f525efbf18dd2bb300ccad28bfb99d95a9465a5ba268407c8c37b37e1f28d2d?s=96&d=mm&r=g\",\"contentUrl\":\"https:\\\/\\\/secure.gravatar.com\\\/avatar\\\/4f525efbf18dd2bb300ccad28bfb99d95a9465a5ba268407c8c37b37e1f28d2d?s=96&d=mm&r=g\",\"caption\":\"Equipe Reda\u00e7\u00e3o\"},\"description\":\"Equipe de reda\u00e7\u00e3o \u00e9 um grupo de profissionais que trabalham juntos para criar conte\u00fado escrito para Motorista.com.br\",\"url\":\"https:\\\/\\\/motorista.com.br\\\/noticias\\\/author\\\/equiperedacao\\\/\"}]}<\/script>\n<!-- \/ Yoast SEO Premium plugin. -->","yoast_head_json":{"title":"Li\u00e7\u00f5es da nota fiscal para aut\u00f4nomos em SP na reforma tribut\u00e1ria. - Motorista.com.br","robots":{"index":"index","follow":"follow","max-snippet":"max-snippet:-1","max-image-preview":"max-image-preview:large","max-video-preview":"max-video-preview:-1"},"canonical":"https:\/\/motorista.com.br\/noticias\/2026\/05\/01\/licoes-da-nota-fiscal-para-autonomos-em-sp-na-reforma-tributaria\/","og_locale":"pt_BR","og_type":"article","og_title":"Li\u00e7\u00f5es da nota fiscal para aut\u00f4nomos em SP na reforma tribut\u00e1ria.","og_description":"O que a obrigatoriedade da nota fiscal para aut\u00f4nomos em S\u00e3o Paulo ensina sobre a reforma tribut\u00e1ria Historicamente, as discuss\u00f5es sobre a Reforma Tribut\u00e1ria do Consumo no Brasil concentravam-se nas grandes empresas. Recentemente, a aten\u00e7\u00e3o voltou-se para o setor de servi\u00e7os, particularmente os pequenos neg\u00f3cios e aut\u00f4nomos. Uma mudan\u00e7a significativa ocorreu com a publica\u00e7\u00e3o da &hellip;","og_url":"https:\/\/motorista.com.br\/noticias\/2026\/05\/01\/licoes-da-nota-fiscal-para-autonomos-em-sp-na-reforma-tributaria\/","og_site_name":"Motorista.com.br","article_published_time":"2026-05-01T07:51:42+00:00","author":"Equipe Reda\u00e7\u00e3o","twitter_card":"summary_large_image","twitter_misc":{"Escrito por":"Equipe Reda\u00e7\u00e3o","Est. tempo de leitura":"3 minutos","Written by":"Equipe Reda\u00e7\u00e3o"},"schema":{"@context":"https:\/\/schema.org","@graph":[{"@type":"Article","@id":"https:\/\/motorista.com.br\/noticias\/2026\/05\/01\/licoes-da-nota-fiscal-para-autonomos-em-sp-na-reforma-tributaria\/#article","isPartOf":{"@id":"https:\/\/motorista.com.br\/noticias\/2026\/05\/01\/licoes-da-nota-fiscal-para-autonomos-em-sp-na-reforma-tributaria\/"},"author":{"name":"Equipe Reda\u00e7\u00e3o","@id":"https:\/\/motorista.com.br\/noticias\/#\/schema\/person\/dc93afc2981c0e3ce6bc3c053fd847be"},"headline":"Li\u00e7\u00f5es da nota fiscal para aut\u00f4nomos em SP na reforma tribut\u00e1ria.","datePublished":"2026-05-01T07:51:42+00:00","mainEntityOfPage":{"@id":"https:\/\/motorista.com.br\/noticias\/2026\/05\/01\/licoes-da-nota-fiscal-para-autonomos-em-sp-na-reforma-tributaria\/"},"wordCount":602,"publisher":{"@id":"https:\/\/motorista.com.br\/noticias\/#organization"},"image":{"@id":"https:\/\/motorista.com.br\/noticias\/2026\/05\/01\/licoes-da-nota-fiscal-para-autonomos-em-sp-na-reforma-tributaria\/#primaryimage"},"thumbnailUrl":"https:\/\/motorista.com.br\/noticias\/wp-content\/uploads\/2026\/05\/sao-paulo-estaiada-s-bridge-aerial-view-marginal-pinheiros-so-paulo-brazil-business-center.jpg","articleSection":["Legisla\u00e7\u00e3o"],"inLanguage":"pt-BR"},{"@type":"WebPage","@id":"https:\/\/motorista.com.br\/noticias\/2026\/05\/01\/licoes-da-nota-fiscal-para-autonomos-em-sp-na-reforma-tributaria\/","url":"https:\/\/motorista.com.br\/noticias\/2026\/05\/01\/licoes-da-nota-fiscal-para-autonomos-em-sp-na-reforma-tributaria\/","name":"Li\u00e7\u00f5es da nota fiscal para aut\u00f4nomos em SP na reforma tribut\u00e1ria. - Motorista.com.br","isPartOf":{"@id":"https:\/\/motorista.com.br\/noticias\/#website"},"primaryImageOfPage":{"@id":"https:\/\/motorista.com.br\/noticias\/2026\/05\/01\/licoes-da-nota-fiscal-para-autonomos-em-sp-na-reforma-tributaria\/#primaryimage"},"image":{"@id":"https:\/\/motorista.com.br\/noticias\/2026\/05\/01\/licoes-da-nota-fiscal-para-autonomos-em-sp-na-reforma-tributaria\/#primaryimage"},"thumbnailUrl":"https:\/\/motorista.com.br\/noticias\/wp-content\/uploads\/2026\/05\/sao-paulo-estaiada-s-bridge-aerial-view-marginal-pinheiros-so-paulo-brazil-business-center.jpg","datePublished":"2026-05-01T07:51:42+00:00","breadcrumb":{"@id":"https:\/\/motorista.com.br\/noticias\/2026\/05\/01\/licoes-da-nota-fiscal-para-autonomos-em-sp-na-reforma-tributaria\/#breadcrumb"},"inLanguage":"pt-BR","potentialAction":[{"@type":"ReadAction","target":["https:\/\/motorista.com.br\/noticias\/2026\/05\/01\/licoes-da-nota-fiscal-para-autonomos-em-sp-na-reforma-tributaria\/"]}]},{"@type":"ImageObject","inLanguage":"pt-BR","@id":"https:\/\/motorista.com.br\/noticias\/2026\/05\/01\/licoes-da-nota-fiscal-para-autonomos-em-sp-na-reforma-tributaria\/#primaryimage","url":"https:\/\/motorista.com.br\/noticias\/wp-content\/uploads\/2026\/05\/sao-paulo-estaiada-s-bridge-aerial-view-marginal-pinheiros-so-paulo-brazil-business-center.jpg","contentUrl":"https:\/\/motorista.com.br\/noticias\/wp-content\/uploads\/2026\/05\/sao-paulo-estaiada-s-bridge-aerial-view-marginal-pinheiros-so-paulo-brazil-business-center.jpg","width":1922,"height":1080},{"@type":"BreadcrumbList","@id":"https:\/\/motorista.com.br\/noticias\/2026\/05\/01\/licoes-da-nota-fiscal-para-autonomos-em-sp-na-reforma-tributaria\/#breadcrumb","itemListElement":[{"@type":"ListItem","position":1,"name":"In\u00edcio","item":"https:\/\/motorista.com.br\/noticias\/"},{"@type":"ListItem","position":2,"name":"Li\u00e7\u00f5es da nota fiscal para aut\u00f4nomos em SP na reforma tribut\u00e1ria."}]},{"@type":"WebSite","@id":"https:\/\/motorista.com.br\/noticias\/#website","url":"https:\/\/motorista.com.br\/noticias\/","name":"Motorista.com.br","description":"Not\u00edcia do Motorista","publisher":{"@id":"https:\/\/motorista.com.br\/noticias\/#organization"},"potentialAction":[{"@type":"SearchAction","target":{"@type":"EntryPoint","urlTemplate":"https:\/\/motorista.com.br\/noticias\/?s={search_term_string}"},"query-input":{"@type":"PropertyValueSpecification","valueRequired":true,"valueName":"search_term_string"}}],"inLanguage":"pt-BR"},{"@type":"Organization","@id":"https:\/\/motorista.com.br\/noticias\/#organization","name":"Motorista.com.br","url":"https:\/\/motorista.com.br\/noticias\/","logo":{"@type":"ImageObject","inLanguage":"pt-BR","@id":"https:\/\/motorista.com.br\/noticias\/#\/schema\/logo\/image\/","url":"https:\/\/motorista.com.br\/noticias\/wp-content\/uploads\/2025\/06\/Design-sem-nome-9.png","contentUrl":"https:\/\/motorista.com.br\/noticias\/wp-content\/uploads\/2025\/06\/Design-sem-nome-9.png","width":150,"height":85,"caption":"Motorista.com.br"},"image":{"@id":"https:\/\/motorista.com.br\/noticias\/#\/schema\/logo\/image\/"}},{"@type":"Person","@id":"https:\/\/motorista.com.br\/noticias\/#\/schema\/person\/dc93afc2981c0e3ce6bc3c053fd847be","name":"Equipe Reda\u00e7\u00e3o","image":{"@type":"ImageObject","inLanguage":"pt-BR","@id":"https:\/\/secure.gravatar.com\/avatar\/4f525efbf18dd2bb300ccad28bfb99d95a9465a5ba268407c8c37b37e1f28d2d?s=96&d=mm&r=g9e099043a0c61e9ae27e293b9fa75ffc","url":"https:\/\/secure.gravatar.com\/avatar\/4f525efbf18dd2bb300ccad28bfb99d95a9465a5ba268407c8c37b37e1f28d2d?s=96&d=mm&r=g","contentUrl":"https:\/\/secure.gravatar.com\/avatar\/4f525efbf18dd2bb300ccad28bfb99d95a9465a5ba268407c8c37b37e1f28d2d?s=96&d=mm&r=g","caption":"Equipe Reda\u00e7\u00e3o"},"description":"Equipe de reda\u00e7\u00e3o \u00e9 um grupo de profissionais que trabalham juntos para criar conte\u00fado escrito para Motorista.com.br","url":"https:\/\/motorista.com.br\/noticias\/author\/equiperedacao\/"}]}},"_links":{"self":[{"href":"https:\/\/motorista.com.br\/noticias\/wp-json\/wp\/v2\/posts\/9415","targetHints":{"allow":["GET"]}}],"collection":[{"href":"https:\/\/motorista.com.br\/noticias\/wp-json\/wp\/v2\/posts"}],"about":[{"href":"https:\/\/motorista.com.br\/noticias\/wp-json\/wp\/v2\/types\/post"}],"author":[{"embeddable":true,"href":"https:\/\/motorista.com.br\/noticias\/wp-json\/wp\/v2\/users\/4"}],"replies":[{"embeddable":true,"href":"https:\/\/motorista.com.br\/noticias\/wp-json\/wp\/v2\/comments?post=9415"}],"version-history":[{"count":0,"href":"https:\/\/motorista.com.br\/noticias\/wp-json\/wp\/v2\/posts\/9415\/revisions"}],"wp:featuredmedia":[{"embeddable":true,"href":"https:\/\/motorista.com.br\/noticias\/wp-json\/wp\/v2\/media\/9416"}],"wp:attachment":[{"href":"https:\/\/motorista.com.br\/noticias\/wp-json\/wp\/v2\/media?parent=9415"}],"wp:term":[{"taxonomy":"category","embeddable":true,"href":"https:\/\/motorista.com.br\/noticias\/wp-json\/wp\/v2\/categories?post=9415"},{"taxonomy":"post_tag","embeddable":true,"href":"https:\/\/motorista.com.br\/noticias\/wp-json\/wp\/v2\/tags?post=9415"},{"taxonomy":"author","embeddable":true,"href":"https:\/\/motorista.com.br\/noticias\/wp-json\/wp\/v2\/coauthors?post=9415"}],"curies":[{"name":"wp","href":"https:\/\/api.w.org\/{rel}","templated":true}]}}