{"id":9413,"date":"2026-05-01T03:21:23","date_gmt":"2026-05-01T06:21:23","guid":{"rendered":"https:\/\/motorista.com.br\/noticias\/2026\/05\/01\/anp-altera-formula-de-precos-de-referencia-para-subvencao-do-diesel\/"},"modified":"2026-05-01T03:21:23","modified_gmt":"2026-05-01T06:21:23","slug":"anp-altera-formula-de-precos-de-referencia-para-subvencao-do-diesel","status":"publish","type":"post","link":"https:\/\/motorista.com.br\/noticias\/2026\/05\/01\/anp-altera-formula-de-precos-de-referencia-para-subvencao-do-diesel\/","title":{"rendered":"ANP altera f\u00f3rmula de pre\u00e7os de refer\u00eancia para subven\u00e7\u00e3o do diesel"},"content":{"rendered":"<p><\/p>\n<h3>ANP aprova mudan\u00e7as no c\u00e1lculo de pre\u00e7o de refer\u00eancia para subven\u00e7\u00e3o ao diesel<\/h3>\n<p>Recentemente, a Ag\u00eancia Nacional do Petr\u00f3leo, G\u00e1s Natural e Biocombust\u00edveis (ANP) implementou mudan\u00e7as significativas na metodologia de c\u00e1lculo dos pre\u00e7os de refer\u00eancia usados na concess\u00e3o de subs\u00eddios ao \u00f3leo diesel. Essa decis\u00e3o \u00e9 fundamental, principalmente para motoristas e para a mobilidade geral do Pa\u00eds.<\/p>\n<p>Entre as medidas adotadas, destaca-se a exclus\u00e3o de outras origens de diesel, como aquele proveniente da R\u00fassia, e a ado\u00e7\u00e3o dos pre\u00e7os do Golfo do M\u00e9xico como refer\u00eancia \u00fanica. Essa mudan\u00e7a busca garantir que o c\u00e1lculo do pre\u00e7o de refer\u00eancia n\u00e3o considere pre\u00e7os que possam ser prejudiciais para o mercado brasileiro devido a san\u00e7\u00f5es internacionais.<\/p>\n<p>Para os motoristas, isso representa um impacto direto no custo do diesel, que pode influenciar o pre\u00e7o de transporte de mercadorias e servi\u00e7os. A ANP estima um aumento de R$ 0,20 por litro nos novos valores, o que, embora represente um reajuste, \u00e9 vital para manter a sustentabilidade do mercado no longo prazo. Um diesel mais est\u00e1vel e regulamentado ajuda a evitar oscila\u00e7\u00f5es dr\u00e1sticas que puderam ser sentidas no passado, proporcionando maior previsibilidade para os operadores e, consequentemente, aos usu\u00e1rios finais.<\/p>\n<p>Al\u00e9m disso, a possibilidade de dupla habilita\u00e7\u00e3o para agentes que produzem e importam diesel pode gerar uma maior variedade de fornecedores no mercado. Isso potencialmente pode aumentar a concorr\u00eancia, reduzindo pre\u00e7os e melhorando a entrega de servi\u00e7os de transporte. Para os motoristas, isso significa acesso a op\u00e7\u00f5es mais diversificadas e possivelmente mais acess\u00edveis em termos de combust\u00edveis.<\/p>\n<p>A recente decis\u00e3o da ANP tamb\u00e9m reflete uma preocupa\u00e7\u00e3o com a mobilidade urbana. Um sistema de transporte mais eficiente, suportado por combust\u00edveis cujos pre\u00e7os sejam mais est\u00e1veis, pode resultar em melhorias na log\u00edstica e no fluxo de ve\u00edculos nas cidades. A consequente redu\u00e7\u00e3o de custos de transporte \u00e9 um fator crucial que pode beneficiar tanto usu\u00e1rios individuais quanto empresas de transporte.<\/p>\n<p>Por fim, as mudan\u00e7as propostas s\u00e3o um passo em dire\u00e7\u00e3o a uma regulamenta\u00e7\u00e3o mais ajustada \u00e0s realidades do mercado atual. Embora o aumento do pre\u00e7o possa ser visto como uma desvantagem \u00e0 primeira vista, \u00e9 importante considerar o efeito a longo prazo de um sistema mais robusto e organizado. A transpar\u00eancia nos c\u00e1lculos e a neutralidade da ANP em rela\u00e7\u00e3o a quest\u00f5es comerciais fortalecem a seguran\u00e7a jur\u00eddica e fomentam um ambiente mais saud\u00e1vel para todos os agentes envolvidos.<\/p>\n<p><em>Fonte: setcesp<\/em><\/p>\n","protected":false},"excerpt":{"rendered":"<p>ANP aprova mudan\u00e7as no c\u00e1lculo de pre\u00e7o de refer\u00eancia para subven\u00e7\u00e3o ao diesel Recentemente, a Ag\u00eancia Nacional do Petr\u00f3leo, G\u00e1s Natural e Biocombust\u00edveis (ANP) implementou mudan\u00e7as significativas na metodologia de c\u00e1lculo dos pre\u00e7os de refer\u00eancia usados na concess\u00e3o de subs\u00eddios ao \u00f3leo diesel. Essa decis\u00e3o \u00e9 fundamental, principalmente para motoristas e para a mobilidade geral &hellip;<\/p>\n","protected":false},"author":4,"featured_media":9414,"comment_status":"","ping_status":"open","sticky":false,"template":"","format":"standard","meta":{"footnotes":""},"categories":[62],"tags":[],"coauthors":[42],"class_list":["post-9413","post","type-post","status-publish","format-standard","has-post-thumbnail","hentry","category-logistica"],"yoast_head":"<!-- This site is optimized with the Yoast SEO Premium plugin v25.5 (Yoast SEO v27.5) - https:\/\/yoast.com\/product\/yoast-seo-premium-wordpress\/ -->\n<title>ANP altera f\u00f3rmula de pre\u00e7os de refer\u00eancia para subven\u00e7\u00e3o do diesel - Motorista.com.br<\/title>\n<meta name=\"robots\" content=\"index, follow, max-snippet:-1, max-image-preview:large, max-video-preview:-1\" \/>\n<link rel=\"canonical\" href=\"https:\/\/motorista.com.br\/noticias\/2026\/05\/01\/anp-altera-formula-de-precos-de-referencia-para-subvencao-do-diesel\/\" \/>\n<meta property=\"og:locale\" content=\"pt_BR\" \/>\n<meta property=\"og:type\" content=\"article\" \/>\n<meta property=\"og:title\" content=\"ANP altera f\u00f3rmula de pre\u00e7os de refer\u00eancia para subven\u00e7\u00e3o do diesel\" \/>\n<meta property=\"og:description\" content=\"ANP aprova mudan\u00e7as no c\u00e1lculo de pre\u00e7o de refer\u00eancia para subven\u00e7\u00e3o ao diesel Recentemente, a Ag\u00eancia Nacional do Petr\u00f3leo, G\u00e1s Natural e Biocombust\u00edveis (ANP) implementou mudan\u00e7as significativas na metodologia de c\u00e1lculo dos pre\u00e7os de refer\u00eancia usados na concess\u00e3o de subs\u00eddios ao \u00f3leo diesel. Essa decis\u00e3o \u00e9 fundamental, principalmente para motoristas e para a mobilidade geral &hellip;\" \/>\n<meta property=\"og:url\" content=\"https:\/\/motorista.com.br\/noticias\/2026\/05\/01\/anp-altera-formula-de-precos-de-referencia-para-subvencao-do-diesel\/\" \/>\n<meta property=\"og:site_name\" content=\"Motorista.com.br\" \/>\n<meta property=\"article:published_time\" content=\"2026-05-01T06:21:23+00:00\" \/>\n<meta name=\"author\" content=\"Equipe Reda\u00e7\u00e3o\" \/>\n<meta name=\"twitter:card\" content=\"summary_large_image\" \/>\n<meta name=\"twitter:label1\" content=\"Escrito por\" \/>\n\t<meta name=\"twitter:data1\" content=\"Equipe Reda\u00e7\u00e3o\" \/>\n\t<meta name=\"twitter:label2\" content=\"Est. tempo de leitura\" \/>\n\t<meta name=\"twitter:data2\" content=\"2 minutos\" \/>\n\t<meta name=\"twitter:label3\" content=\"Written by\" \/>\n\t<meta name=\"twitter:data3\" content=\"Equipe Reda\u00e7\u00e3o\" \/>\n<script type=\"application\/ld+json\" class=\"yoast-schema-graph\">{\"@context\":\"https:\\\/\\\/schema.org\",\"@graph\":[{\"@type\":\"Article\",\"@id\":\"https:\\\/\\\/motorista.com.br\\\/noticias\\\/2026\\\/05\\\/01\\\/anp-altera-formula-de-precos-de-referencia-para-subvencao-do-diesel\\\/#article\",\"isPartOf\":{\"@id\":\"https:\\\/\\\/motorista.com.br\\\/noticias\\\/2026\\\/05\\\/01\\\/anp-altera-formula-de-precos-de-referencia-para-subvencao-do-diesel\\\/\"},\"author\":{\"name\":\"Equipe Reda\u00e7\u00e3o\",\"@id\":\"https:\\\/\\\/motorista.com.br\\\/noticias\\\/#\\\/schema\\\/person\\\/dc93afc2981c0e3ce6bc3c053fd847be\"},\"headline\":\"ANP altera f\u00f3rmula de pre\u00e7os de refer\u00eancia para subven\u00e7\u00e3o do diesel\",\"datePublished\":\"2026-05-01T06:21:23+00:00\",\"mainEntityOfPage\":{\"@id\":\"https:\\\/\\\/motorista.com.br\\\/noticias\\\/2026\\\/05\\\/01\\\/anp-altera-formula-de-precos-de-referencia-para-subvencao-do-diesel\\\/\"},\"wordCount\":466,\"publisher\":{\"@id\":\"https:\\\/\\\/motorista.com.br\\\/noticias\\\/#organization\"},\"image\":{\"@id\":\"https:\\\/\\\/motorista.com.br\\\/noticias\\\/2026\\\/05\\\/01\\\/anp-altera-formula-de-precos-de-referencia-para-subvencao-do-diesel\\\/#primaryimage\"},\"thumbnailUrl\":\"https:\\\/\\\/motorista.com.br\\\/noticias\\\/wp-content\\\/uploads\\\/2026\\\/05\\\/019.png\",\"articleSection\":[\"Log\u00edstica\"],\"inLanguage\":\"pt-BR\"},{\"@type\":\"WebPage\",\"@id\":\"https:\\\/\\\/motorista.com.br\\\/noticias\\\/2026\\\/05\\\/01\\\/anp-altera-formula-de-precos-de-referencia-para-subvencao-do-diesel\\\/\",\"url\":\"https:\\\/\\\/motorista.com.br\\\/noticias\\\/2026\\\/05\\\/01\\\/anp-altera-formula-de-precos-de-referencia-para-subvencao-do-diesel\\\/\",\"name\":\"ANP altera f\u00f3rmula de pre\u00e7os de refer\u00eancia para subven\u00e7\u00e3o do diesel - Motorista.com.br\",\"isPartOf\":{\"@id\":\"https:\\\/\\\/motorista.com.br\\\/noticias\\\/#website\"},\"primaryImageOfPage\":{\"@id\":\"https:\\\/\\\/motorista.com.br\\\/noticias\\\/2026\\\/05\\\/01\\\/anp-altera-formula-de-precos-de-referencia-para-subvencao-do-diesel\\\/#primaryimage\"},\"image\":{\"@id\":\"https:\\\/\\\/motorista.com.br\\\/noticias\\\/2026\\\/05\\\/01\\\/anp-altera-formula-de-precos-de-referencia-para-subvencao-do-diesel\\\/#primaryimage\"},\"thumbnailUrl\":\"https:\\\/\\\/motorista.com.br\\\/noticias\\\/wp-content\\\/uploads\\\/2026\\\/05\\\/019.png\",\"datePublished\":\"2026-05-01T06:21:23+00:00\",\"breadcrumb\":{\"@id\":\"https:\\\/\\\/motorista.com.br\\\/noticias\\\/2026\\\/05\\\/01\\\/anp-altera-formula-de-precos-de-referencia-para-subvencao-do-diesel\\\/#breadcrumb\"},\"inLanguage\":\"pt-BR\",\"potentialAction\":[{\"@type\":\"ReadAction\",\"target\":[\"https:\\\/\\\/motorista.com.br\\\/noticias\\\/2026\\\/05\\\/01\\\/anp-altera-formula-de-precos-de-referencia-para-subvencao-do-diesel\\\/\"]}]},{\"@type\":\"ImageObject\",\"inLanguage\":\"pt-BR\",\"@id\":\"https:\\\/\\\/motorista.com.br\\\/noticias\\\/2026\\\/05\\\/01\\\/anp-altera-formula-de-precos-de-referencia-para-subvencao-do-diesel\\\/#primaryimage\",\"url\":\"https:\\\/\\\/motorista.com.br\\\/noticias\\\/wp-content\\\/uploads\\\/2026\\\/05\\\/019.png\",\"contentUrl\":\"https:\\\/\\\/motorista.com.br\\\/noticias\\\/wp-content\\\/uploads\\\/2026\\\/05\\\/019.png\",\"width\":1400,\"height\":700},{\"@type\":\"BreadcrumbList\",\"@id\":\"https:\\\/\\\/motorista.com.br\\\/noticias\\\/2026\\\/05\\\/01\\\/anp-altera-formula-de-precos-de-referencia-para-subvencao-do-diesel\\\/#breadcrumb\",\"itemListElement\":[{\"@type\":\"ListItem\",\"position\":1,\"name\":\"In\u00edcio\",\"item\":\"https:\\\/\\\/motorista.com.br\\\/noticias\\\/\"},{\"@type\":\"ListItem\",\"position\":2,\"name\":\"ANP altera f\u00f3rmula de pre\u00e7os de refer\u00eancia para subven\u00e7\u00e3o do diesel\"}]},{\"@type\":\"WebSite\",\"@id\":\"https:\\\/\\\/motorista.com.br\\\/noticias\\\/#website\",\"url\":\"https:\\\/\\\/motorista.com.br\\\/noticias\\\/\",\"name\":\"Motorista.com.br\",\"description\":\"Not\u00edcia do Motorista\",\"publisher\":{\"@id\":\"https:\\\/\\\/motorista.com.br\\\/noticias\\\/#organization\"},\"potentialAction\":[{\"@type\":\"SearchAction\",\"target\":{\"@type\":\"EntryPoint\",\"urlTemplate\":\"https:\\\/\\\/motorista.com.br\\\/noticias\\\/?s={search_term_string}\"},\"query-input\":{\"@type\":\"PropertyValueSpecification\",\"valueRequired\":true,\"valueName\":\"search_term_string\"}}],\"inLanguage\":\"pt-BR\"},{\"@type\":\"Organization\",\"@id\":\"https:\\\/\\\/motorista.com.br\\\/noticias\\\/#organization\",\"name\":\"Motorista.com.br\",\"url\":\"https:\\\/\\\/motorista.com.br\\\/noticias\\\/\",\"logo\":{\"@type\":\"ImageObject\",\"inLanguage\":\"pt-BR\",\"@id\":\"https:\\\/\\\/motorista.com.br\\\/noticias\\\/#\\\/schema\\\/logo\\\/image\\\/\",\"url\":\"https:\\\/\\\/motorista.com.br\\\/noticias\\\/wp-content\\\/uploads\\\/2025\\\/06\\\/Design-sem-nome-9.png\",\"contentUrl\":\"https:\\\/\\\/motorista.com.br\\\/noticias\\\/wp-content\\\/uploads\\\/2025\\\/06\\\/Design-sem-nome-9.png\",\"width\":150,\"height\":85,\"caption\":\"Motorista.com.br\"},\"image\":{\"@id\":\"https:\\\/\\\/motorista.com.br\\\/noticias\\\/#\\\/schema\\\/logo\\\/image\\\/\"}},{\"@type\":\"Person\",\"@id\":\"https:\\\/\\\/motorista.com.br\\\/noticias\\\/#\\\/schema\\\/person\\\/dc93afc2981c0e3ce6bc3c053fd847be\",\"name\":\"Equipe Reda\u00e7\u00e3o\",\"image\":{\"@type\":\"ImageObject\",\"inLanguage\":\"pt-BR\",\"@id\":\"https:\\\/\\\/secure.gravatar.com\\\/avatar\\\/4f525efbf18dd2bb300ccad28bfb99d95a9465a5ba268407c8c37b37e1f28d2d?s=96&d=mm&r=g9e099043a0c61e9ae27e293b9fa75ffc\",\"url\":\"https:\\\/\\\/secure.gravatar.com\\\/avatar\\\/4f525efbf18dd2bb300ccad28bfb99d95a9465a5ba268407c8c37b37e1f28d2d?s=96&d=mm&r=g\",\"contentUrl\":\"https:\\\/\\\/secure.gravatar.com\\\/avatar\\\/4f525efbf18dd2bb300ccad28bfb99d95a9465a5ba268407c8c37b37e1f28d2d?s=96&d=mm&r=g\",\"caption\":\"Equipe Reda\u00e7\u00e3o\"},\"description\":\"Equipe de reda\u00e7\u00e3o \u00e9 um grupo de profissionais que trabalham juntos para criar conte\u00fado escrito para Motorista.com.br\",\"url\":\"https:\\\/\\\/motorista.com.br\\\/noticias\\\/author\\\/equiperedacao\\\/\"}]}<\/script>\n<!-- \/ Yoast SEO Premium plugin. -->","yoast_head_json":{"title":"ANP altera f\u00f3rmula de pre\u00e7os de refer\u00eancia para subven\u00e7\u00e3o do diesel - Motorista.com.br","robots":{"index":"index","follow":"follow","max-snippet":"max-snippet:-1","max-image-preview":"max-image-preview:large","max-video-preview":"max-video-preview:-1"},"canonical":"https:\/\/motorista.com.br\/noticias\/2026\/05\/01\/anp-altera-formula-de-precos-de-referencia-para-subvencao-do-diesel\/","og_locale":"pt_BR","og_type":"article","og_title":"ANP altera f\u00f3rmula de pre\u00e7os de refer\u00eancia para subven\u00e7\u00e3o do diesel","og_description":"ANP aprova mudan\u00e7as no c\u00e1lculo de pre\u00e7o de refer\u00eancia para subven\u00e7\u00e3o ao diesel Recentemente, a Ag\u00eancia Nacional do Petr\u00f3leo, G\u00e1s Natural e Biocombust\u00edveis (ANP) implementou mudan\u00e7as significativas na metodologia de c\u00e1lculo dos pre\u00e7os de refer\u00eancia usados na concess\u00e3o de subs\u00eddios ao \u00f3leo diesel. Essa decis\u00e3o \u00e9 fundamental, principalmente para motoristas e para a mobilidade geral &hellip;","og_url":"https:\/\/motorista.com.br\/noticias\/2026\/05\/01\/anp-altera-formula-de-precos-de-referencia-para-subvencao-do-diesel\/","og_site_name":"Motorista.com.br","article_published_time":"2026-05-01T06:21:23+00:00","author":"Equipe Reda\u00e7\u00e3o","twitter_card":"summary_large_image","twitter_misc":{"Escrito por":"Equipe Reda\u00e7\u00e3o","Est. tempo de leitura":"2 minutos","Written by":"Equipe Reda\u00e7\u00e3o"},"schema":{"@context":"https:\/\/schema.org","@graph":[{"@type":"Article","@id":"https:\/\/motorista.com.br\/noticias\/2026\/05\/01\/anp-altera-formula-de-precos-de-referencia-para-subvencao-do-diesel\/#article","isPartOf":{"@id":"https:\/\/motorista.com.br\/noticias\/2026\/05\/01\/anp-altera-formula-de-precos-de-referencia-para-subvencao-do-diesel\/"},"author":{"name":"Equipe Reda\u00e7\u00e3o","@id":"https:\/\/motorista.com.br\/noticias\/#\/schema\/person\/dc93afc2981c0e3ce6bc3c053fd847be"},"headline":"ANP altera f\u00f3rmula de pre\u00e7os de refer\u00eancia para subven\u00e7\u00e3o do diesel","datePublished":"2026-05-01T06:21:23+00:00","mainEntityOfPage":{"@id":"https:\/\/motorista.com.br\/noticias\/2026\/05\/01\/anp-altera-formula-de-precos-de-referencia-para-subvencao-do-diesel\/"},"wordCount":466,"publisher":{"@id":"https:\/\/motorista.com.br\/noticias\/#organization"},"image":{"@id":"https:\/\/motorista.com.br\/noticias\/2026\/05\/01\/anp-altera-formula-de-precos-de-referencia-para-subvencao-do-diesel\/#primaryimage"},"thumbnailUrl":"https:\/\/motorista.com.br\/noticias\/wp-content\/uploads\/2026\/05\/019.png","articleSection":["Log\u00edstica"],"inLanguage":"pt-BR"},{"@type":"WebPage","@id":"https:\/\/motorista.com.br\/noticias\/2026\/05\/01\/anp-altera-formula-de-precos-de-referencia-para-subvencao-do-diesel\/","url":"https:\/\/motorista.com.br\/noticias\/2026\/05\/01\/anp-altera-formula-de-precos-de-referencia-para-subvencao-do-diesel\/","name":"ANP altera f\u00f3rmula de pre\u00e7os de refer\u00eancia para subven\u00e7\u00e3o do diesel - Motorista.com.br","isPartOf":{"@id":"https:\/\/motorista.com.br\/noticias\/#website"},"primaryImageOfPage":{"@id":"https:\/\/motorista.com.br\/noticias\/2026\/05\/01\/anp-altera-formula-de-precos-de-referencia-para-subvencao-do-diesel\/#primaryimage"},"image":{"@id":"https:\/\/motorista.com.br\/noticias\/2026\/05\/01\/anp-altera-formula-de-precos-de-referencia-para-subvencao-do-diesel\/#primaryimage"},"thumbnailUrl":"https:\/\/motorista.com.br\/noticias\/wp-content\/uploads\/2026\/05\/019.png","datePublished":"2026-05-01T06:21:23+00:00","breadcrumb":{"@id":"https:\/\/motorista.com.br\/noticias\/2026\/05\/01\/anp-altera-formula-de-precos-de-referencia-para-subvencao-do-diesel\/#breadcrumb"},"inLanguage":"pt-BR","potentialAction":[{"@type":"ReadAction","target":["https:\/\/motorista.com.br\/noticias\/2026\/05\/01\/anp-altera-formula-de-precos-de-referencia-para-subvencao-do-diesel\/"]}]},{"@type":"ImageObject","inLanguage":"pt-BR","@id":"https:\/\/motorista.com.br\/noticias\/2026\/05\/01\/anp-altera-formula-de-precos-de-referencia-para-subvencao-do-diesel\/#primaryimage","url":"https:\/\/motorista.com.br\/noticias\/wp-content\/uploads\/2026\/05\/019.png","contentUrl":"https:\/\/motorista.com.br\/noticias\/wp-content\/uploads\/2026\/05\/019.png","width":1400,"height":700},{"@type":"BreadcrumbList","@id":"https:\/\/motorista.com.br\/noticias\/2026\/05\/01\/anp-altera-formula-de-precos-de-referencia-para-subvencao-do-diesel\/#breadcrumb","itemListElement":[{"@type":"ListItem","position":1,"name":"In\u00edcio","item":"https:\/\/motorista.com.br\/noticias\/"},{"@type":"ListItem","position":2,"name":"ANP altera f\u00f3rmula de pre\u00e7os de refer\u00eancia para subven\u00e7\u00e3o do diesel"}]},{"@type":"WebSite","@id":"https:\/\/motorista.com.br\/noticias\/#website","url":"https:\/\/motorista.com.br\/noticias\/","name":"Motorista.com.br","description":"Not\u00edcia do Motorista","publisher":{"@id":"https:\/\/motorista.com.br\/noticias\/#organization"},"potentialAction":[{"@type":"SearchAction","target":{"@type":"EntryPoint","urlTemplate":"https:\/\/motorista.com.br\/noticias\/?s={search_term_string}"},"query-input":{"@type":"PropertyValueSpecification","valueRequired":true,"valueName":"search_term_string"}}],"inLanguage":"pt-BR"},{"@type":"Organization","@id":"https:\/\/motorista.com.br\/noticias\/#organization","name":"Motorista.com.br","url":"https:\/\/motorista.com.br\/noticias\/","logo":{"@type":"ImageObject","inLanguage":"pt-BR","@id":"https:\/\/motorista.com.br\/noticias\/#\/schema\/logo\/image\/","url":"https:\/\/motorista.com.br\/noticias\/wp-content\/uploads\/2025\/06\/Design-sem-nome-9.png","contentUrl":"https:\/\/motorista.com.br\/noticias\/wp-content\/uploads\/2025\/06\/Design-sem-nome-9.png","width":150,"height":85,"caption":"Motorista.com.br"},"image":{"@id":"https:\/\/motorista.com.br\/noticias\/#\/schema\/logo\/image\/"}},{"@type":"Person","@id":"https:\/\/motorista.com.br\/noticias\/#\/schema\/person\/dc93afc2981c0e3ce6bc3c053fd847be","name":"Equipe Reda\u00e7\u00e3o","image":{"@type":"ImageObject","inLanguage":"pt-BR","@id":"https:\/\/secure.gravatar.com\/avatar\/4f525efbf18dd2bb300ccad28bfb99d95a9465a5ba268407c8c37b37e1f28d2d?s=96&d=mm&r=g9e099043a0c61e9ae27e293b9fa75ffc","url":"https:\/\/secure.gravatar.com\/avatar\/4f525efbf18dd2bb300ccad28bfb99d95a9465a5ba268407c8c37b37e1f28d2d?s=96&d=mm&r=g","contentUrl":"https:\/\/secure.gravatar.com\/avatar\/4f525efbf18dd2bb300ccad28bfb99d95a9465a5ba268407c8c37b37e1f28d2d?s=96&d=mm&r=g","caption":"Equipe Reda\u00e7\u00e3o"},"description":"Equipe de reda\u00e7\u00e3o \u00e9 um grupo de profissionais que trabalham juntos para criar conte\u00fado escrito para Motorista.com.br","url":"https:\/\/motorista.com.br\/noticias\/author\/equiperedacao\/"}]}},"_links":{"self":[{"href":"https:\/\/motorista.com.br\/noticias\/wp-json\/wp\/v2\/posts\/9413","targetHints":{"allow":["GET"]}}],"collection":[{"href":"https:\/\/motorista.com.br\/noticias\/wp-json\/wp\/v2\/posts"}],"about":[{"href":"https:\/\/motorista.com.br\/noticias\/wp-json\/wp\/v2\/types\/post"}],"author":[{"embeddable":true,"href":"https:\/\/motorista.com.br\/noticias\/wp-json\/wp\/v2\/users\/4"}],"replies":[{"embeddable":true,"href":"https:\/\/motorista.com.br\/noticias\/wp-json\/wp\/v2\/comments?post=9413"}],"version-history":[{"count":0,"href":"https:\/\/motorista.com.br\/noticias\/wp-json\/wp\/v2\/posts\/9413\/revisions"}],"wp:featuredmedia":[{"embeddable":true,"href":"https:\/\/motorista.com.br\/noticias\/wp-json\/wp\/v2\/media\/9414"}],"wp:attachment":[{"href":"https:\/\/motorista.com.br\/noticias\/wp-json\/wp\/v2\/media?parent=9413"}],"wp:term":[{"taxonomy":"category","embeddable":true,"href":"https:\/\/motorista.com.br\/noticias\/wp-json\/wp\/v2\/categories?post=9413"},{"taxonomy":"post_tag","embeddable":true,"href":"https:\/\/motorista.com.br\/noticias\/wp-json\/wp\/v2\/tags?post=9413"},{"taxonomy":"author","embeddable":true,"href":"https:\/\/motorista.com.br\/noticias\/wp-json\/wp\/v2\/coauthors?post=9413"}],"curies":[{"name":"wp","href":"https:\/\/api.w.org\/{rel}","templated":true}]}}