{"id":9409,"date":"2026-05-01T01:20:42","date_gmt":"2026-05-01T04:20:42","guid":{"rendered":"https:\/\/motorista.com.br\/noticias\/2026\/05\/01\/custos-logisticos-e-reforma-tributaria-em-debate-no-forum-ilos-2026\/"},"modified":"2026-05-01T01:20:42","modified_gmt":"2026-05-01T04:20:42","slug":"custos-logisticos-e-reforma-tributaria-em-debate-no-forum-ilos-2026","status":"publish","type":"post","link":"https:\/\/motorista.com.br\/noticias\/2026\/05\/01\/custos-logisticos-e-reforma-tributaria-em-debate-no-forum-ilos-2026\/","title":{"rendered":"Custos log\u00edsticos e reforma tribut\u00e1ria em debate no F\u00f3rum ILOS 2026"},"content":{"rendered":"<p><\/p>\n<div>\n<p>As inscri\u00e7\u00f5es para o F\u00f3rum ILOS 2026 est\u00e3o abertas e acontecem nos dias 19 e 20 de agosto em S\u00e3o Paulo (SP). Este evento, que j\u00e1 conta com mais de 30 anos de hist\u00f3ria, \u00e9 promovido pelo Instituto de Log\u00edstica e Supply Chain (ILOS) e reunir\u00e1 especialistas para discutir temas cruciais como os custos log\u00edsticos e os desafios da reforma tribut\u00e1ria. Com a presen\u00e7a de mais de 100 palestrantes de empresas renomadas, o f\u00f3rum promete ser uma plataforma rica em debates e insights.<\/p>\n<p>A chairwoman do evento, Maria Fernanda Hijjar, destaca que entre os t\u00f3picos abordados estar\u00e3o o panorama do transporte rodovi\u00e1rio de cargas, a seguran\u00e7a no transporte, a disponibilidade de motoristas de caminh\u00e3o, e a multimodalidade como uma alavanca para a efici\u00eancia no setor. Esses temas s\u00e3o de extrema relev\u00e2ncia n\u00e3o apenas para profissionais de log\u00edstica, mas tamb\u00e9m para motoristas, que enfrentam os desafios di\u00e1rios dessa complexa rede de transporte. Uma discuss\u00e3o sobre o custo do frete, por exemplo, pode traduzir-se em melhores condi\u00e7\u00f5es de trabalho e remunera\u00e7\u00e3o para os motoristas, impactando diretamente sua qualidade de vida.<\/p>\n<p>Al\u00e9m disso, o f\u00f3rum apresentar\u00e1 inova\u00e7\u00f5es em tecnologia e automa\u00e7\u00e3o, temas que podem revolucionar a forma como as opera\u00e7\u00f5es log\u00edsticas s\u00e3o realizadas. Para os motoristas, isso significa potencialmente uma maior seguran\u00e7a e efici\u00eancia nas rotas, resultando em menos tempo perdido e uma jornada de trabalho mais tranquila. Tamb\u00e9m ser\u00e3o discutidos assuntos relacionados \u00e0 descarboniza\u00e7\u00e3o da cadeia de suprimento, refletindo a crescente demanda por pr\u00e1ticas mais sustent\u00e1veis. Isso n\u00e3o s\u00f3 beneficia o meio ambiente, mas tamb\u00e9m abre espa\u00e7o para a valoriza\u00e7\u00e3o da profiss\u00e3o, \u00e0 medida que se alinha com as novas exig\u00eancias do mercado.<\/p>\n<p>Outro ponto importante \u00e9 a conjuga\u00e7\u00e3o do f\u00f3rum com a Expolog\u00edstica, que re\u00fane cerca de 50 expositores selecionados pelas suas solu\u00e7\u00f5es inovadoras. Este ambiente de troca pode trazer ideias frescas que melhorem a mobilidade geral, beneficiando n\u00e3o s\u00f3 as opera\u00e7\u00f5es log\u00edsticas, mas tamb\u00e9m todos os atores envolvidos, incluindo motoristas e consumidores, que dependem de um sistema de transporte eficiente.<\/p>\n<p>Em 2025, o F\u00f3rum ILOS contou com a participa\u00e7\u00e3o de aproximadamente 500 empresas dos mais variados segmentos. Essa intera\u00e7\u00e3o possui um impacto significativo na economia como um todo, promovendo discuss\u00f5es que podem moldar pol\u00edticas p\u00fablicas e pr\u00e1ticas industriais, resultando em benef\u00edcios diretos para os motoristas e para a mobilidade urbana.<\/p>\n<h4><strong>32\u00aa edi\u00e7\u00e3o F\u00f3rum ILOS 2026 &amp; Expo.Log\u00edstica<\/strong><\/h4>\n<p>O ILOS, com mais de 30 anos de trajet\u00f3ria, contribui significativamente para o desenvolvimento de indicadores e conte\u00fados que auxiliam na tomada de decis\u00f5es dos profissionais de log\u00edstica. \u00c9 uma refer\u00eancia fundamental em planejamento, estrutura\u00e7\u00e3o e implementa\u00e7\u00e3o de projetos em Log\u00edstica e Supply Chain.<\/p>\n<\/div>\n<p>Fonte: abralog<\/p>\n","protected":false},"excerpt":{"rendered":"<p>As inscri\u00e7\u00f5es para o F\u00f3rum ILOS 2026 est\u00e3o abertas e acontecem nos dias 19 e 20 de agosto em S\u00e3o Paulo (SP). Este evento, que j\u00e1 conta com mais de 30 anos de hist\u00f3ria, \u00e9 promovido pelo Instituto de Log\u00edstica e Supply Chain (ILOS) e reunir\u00e1 especialistas para discutir temas cruciais como os custos log\u00edsticos &hellip;<\/p>\n","protected":false},"author":4,"featured_media":9410,"comment_status":"","ping_status":"open","sticky":false,"template":"","format":"standard","meta":{"footnotes":""},"categories":[62],"tags":[],"coauthors":[42],"class_list":["post-9409","post","type-post","status-publish","format-standard","has-post-thumbnail","hentry","category-logistica"],"yoast_head":"<!-- This site is optimized with the Yoast SEO Premium plugin v25.5 (Yoast SEO v27.5) - https:\/\/yoast.com\/product\/yoast-seo-premium-wordpress\/ -->\n<title>Custos log\u00edsticos e reforma tribut\u00e1ria em debate no F\u00f3rum ILOS 2026 - Motorista.com.br<\/title>\n<meta name=\"robots\" content=\"index, follow, max-snippet:-1, max-image-preview:large, max-video-preview:-1\" \/>\n<link rel=\"canonical\" href=\"https:\/\/motorista.com.br\/noticias\/2026\/05\/01\/custos-logisticos-e-reforma-tributaria-em-debate-no-forum-ilos-2026\/\" \/>\n<meta property=\"og:locale\" content=\"pt_BR\" \/>\n<meta property=\"og:type\" content=\"article\" \/>\n<meta property=\"og:title\" content=\"Custos log\u00edsticos e reforma tribut\u00e1ria em debate no F\u00f3rum ILOS 2026\" \/>\n<meta property=\"og:description\" content=\"As inscri\u00e7\u00f5es para o F\u00f3rum ILOS 2026 est\u00e3o abertas e acontecem nos dias 19 e 20 de agosto em S\u00e3o Paulo (SP). Este evento, que j\u00e1 conta com mais de 30 anos de hist\u00f3ria, \u00e9 promovido pelo Instituto de Log\u00edstica e Supply Chain (ILOS) e reunir\u00e1 especialistas para discutir temas cruciais como os custos log\u00edsticos &hellip;\" \/>\n<meta property=\"og:url\" content=\"https:\/\/motorista.com.br\/noticias\/2026\/05\/01\/custos-logisticos-e-reforma-tributaria-em-debate-no-forum-ilos-2026\/\" \/>\n<meta property=\"og:site_name\" content=\"Motorista.com.br\" \/>\n<meta property=\"article:published_time\" content=\"2026-05-01T04:20:42+00:00\" \/>\n<meta name=\"author\" content=\"Equipe Reda\u00e7\u00e3o\" \/>\n<meta name=\"twitter:card\" content=\"summary_large_image\" \/>\n<meta name=\"twitter:label1\" content=\"Escrito por\" \/>\n\t<meta name=\"twitter:data1\" content=\"Equipe Reda\u00e7\u00e3o\" \/>\n\t<meta name=\"twitter:label2\" content=\"Est. tempo de leitura\" \/>\n\t<meta name=\"twitter:data2\" content=\"2 minutos\" \/>\n\t<meta name=\"twitter:label3\" content=\"Written by\" \/>\n\t<meta name=\"twitter:data3\" content=\"Equipe Reda\u00e7\u00e3o\" \/>\n<script type=\"application\/ld+json\" class=\"yoast-schema-graph\">{\"@context\":\"https:\\\/\\\/schema.org\",\"@graph\":[{\"@type\":\"Article\",\"@id\":\"https:\\\/\\\/motorista.com.br\\\/noticias\\\/2026\\\/05\\\/01\\\/custos-logisticos-e-reforma-tributaria-em-debate-no-forum-ilos-2026\\\/#article\",\"isPartOf\":{\"@id\":\"https:\\\/\\\/motorista.com.br\\\/noticias\\\/2026\\\/05\\\/01\\\/custos-logisticos-e-reforma-tributaria-em-debate-no-forum-ilos-2026\\\/\"},\"author\":{\"name\":\"Equipe Reda\u00e7\u00e3o\",\"@id\":\"https:\\\/\\\/motorista.com.br\\\/noticias\\\/#\\\/schema\\\/person\\\/dc93afc2981c0e3ce6bc3c053fd847be\"},\"headline\":\"Custos log\u00edsticos e reforma tribut\u00e1ria em debate no F\u00f3rum ILOS 2026\",\"datePublished\":\"2026-05-01T04:20:42+00:00\",\"mainEntityOfPage\":{\"@id\":\"https:\\\/\\\/motorista.com.br\\\/noticias\\\/2026\\\/05\\\/01\\\/custos-logisticos-e-reforma-tributaria-em-debate-no-forum-ilos-2026\\\/\"},\"wordCount\":504,\"publisher\":{\"@id\":\"https:\\\/\\\/motorista.com.br\\\/noticias\\\/#organization\"},\"image\":{\"@id\":\"https:\\\/\\\/motorista.com.br\\\/noticias\\\/2026\\\/05\\\/01\\\/custos-logisticos-e-reforma-tributaria-em-debate-no-forum-ilos-2026\\\/#primaryimage\"},\"thumbnailUrl\":\"https:\\\/\\\/motorista.com.br\\\/noticias\\\/wp-content\\\/uploads\\\/2026\\\/05\\\/ID-AB-1000-px-x-830-px-Custos.png\",\"articleSection\":[\"Log\u00edstica\"],\"inLanguage\":\"pt-BR\"},{\"@type\":\"WebPage\",\"@id\":\"https:\\\/\\\/motorista.com.br\\\/noticias\\\/2026\\\/05\\\/01\\\/custos-logisticos-e-reforma-tributaria-em-debate-no-forum-ilos-2026\\\/\",\"url\":\"https:\\\/\\\/motorista.com.br\\\/noticias\\\/2026\\\/05\\\/01\\\/custos-logisticos-e-reforma-tributaria-em-debate-no-forum-ilos-2026\\\/\",\"name\":\"Custos log\u00edsticos e reforma tribut\u00e1ria em debate no F\u00f3rum ILOS 2026 - Motorista.com.br\",\"isPartOf\":{\"@id\":\"https:\\\/\\\/motorista.com.br\\\/noticias\\\/#website\"},\"primaryImageOfPage\":{\"@id\":\"https:\\\/\\\/motorista.com.br\\\/noticias\\\/2026\\\/05\\\/01\\\/custos-logisticos-e-reforma-tributaria-em-debate-no-forum-ilos-2026\\\/#primaryimage\"},\"image\":{\"@id\":\"https:\\\/\\\/motorista.com.br\\\/noticias\\\/2026\\\/05\\\/01\\\/custos-logisticos-e-reforma-tributaria-em-debate-no-forum-ilos-2026\\\/#primaryimage\"},\"thumbnailUrl\":\"https:\\\/\\\/motorista.com.br\\\/noticias\\\/wp-content\\\/uploads\\\/2026\\\/05\\\/ID-AB-1000-px-x-830-px-Custos.png\",\"datePublished\":\"2026-05-01T04:20:42+00:00\",\"breadcrumb\":{\"@id\":\"https:\\\/\\\/motorista.com.br\\\/noticias\\\/2026\\\/05\\\/01\\\/custos-logisticos-e-reforma-tributaria-em-debate-no-forum-ilos-2026\\\/#breadcrumb\"},\"inLanguage\":\"pt-BR\",\"potentialAction\":[{\"@type\":\"ReadAction\",\"target\":[\"https:\\\/\\\/motorista.com.br\\\/noticias\\\/2026\\\/05\\\/01\\\/custos-logisticos-e-reforma-tributaria-em-debate-no-forum-ilos-2026\\\/\"]}]},{\"@type\":\"ImageObject\",\"inLanguage\":\"pt-BR\",\"@id\":\"https:\\\/\\\/motorista.com.br\\\/noticias\\\/2026\\\/05\\\/01\\\/custos-logisticos-e-reforma-tributaria-em-debate-no-forum-ilos-2026\\\/#primaryimage\",\"url\":\"https:\\\/\\\/motorista.com.br\\\/noticias\\\/wp-content\\\/uploads\\\/2026\\\/05\\\/ID-AB-1000-px-x-830-px-Custos.png\",\"contentUrl\":\"https:\\\/\\\/motorista.com.br\\\/noticias\\\/wp-content\\\/uploads\\\/2026\\\/05\\\/ID-AB-1000-px-x-830-px-Custos.png\",\"width\":1000,\"height\":830},{\"@type\":\"BreadcrumbList\",\"@id\":\"https:\\\/\\\/motorista.com.br\\\/noticias\\\/2026\\\/05\\\/01\\\/custos-logisticos-e-reforma-tributaria-em-debate-no-forum-ilos-2026\\\/#breadcrumb\",\"itemListElement\":[{\"@type\":\"ListItem\",\"position\":1,\"name\":\"In\u00edcio\",\"item\":\"https:\\\/\\\/motorista.com.br\\\/noticias\\\/\"},{\"@type\":\"ListItem\",\"position\":2,\"name\":\"Custos log\u00edsticos e reforma tribut\u00e1ria em debate no F\u00f3rum ILOS 2026\"}]},{\"@type\":\"WebSite\",\"@id\":\"https:\\\/\\\/motorista.com.br\\\/noticias\\\/#website\",\"url\":\"https:\\\/\\\/motorista.com.br\\\/noticias\\\/\",\"name\":\"Motorista.com.br\",\"description\":\"Not\u00edcia do Motorista\",\"publisher\":{\"@id\":\"https:\\\/\\\/motorista.com.br\\\/noticias\\\/#organization\"},\"potentialAction\":[{\"@type\":\"SearchAction\",\"target\":{\"@type\":\"EntryPoint\",\"urlTemplate\":\"https:\\\/\\\/motorista.com.br\\\/noticias\\\/?s={search_term_string}\"},\"query-input\":{\"@type\":\"PropertyValueSpecification\",\"valueRequired\":true,\"valueName\":\"search_term_string\"}}],\"inLanguage\":\"pt-BR\"},{\"@type\":\"Organization\",\"@id\":\"https:\\\/\\\/motorista.com.br\\\/noticias\\\/#organization\",\"name\":\"Motorista.com.br\",\"url\":\"https:\\\/\\\/motorista.com.br\\\/noticias\\\/\",\"logo\":{\"@type\":\"ImageObject\",\"inLanguage\":\"pt-BR\",\"@id\":\"https:\\\/\\\/motorista.com.br\\\/noticias\\\/#\\\/schema\\\/logo\\\/image\\\/\",\"url\":\"https:\\\/\\\/motorista.com.br\\\/noticias\\\/wp-content\\\/uploads\\\/2025\\\/06\\\/Design-sem-nome-9.png\",\"contentUrl\":\"https:\\\/\\\/motorista.com.br\\\/noticias\\\/wp-content\\\/uploads\\\/2025\\\/06\\\/Design-sem-nome-9.png\",\"width\":150,\"height\":85,\"caption\":\"Motorista.com.br\"},\"image\":{\"@id\":\"https:\\\/\\\/motorista.com.br\\\/noticias\\\/#\\\/schema\\\/logo\\\/image\\\/\"}},{\"@type\":\"Person\",\"@id\":\"https:\\\/\\\/motorista.com.br\\\/noticias\\\/#\\\/schema\\\/person\\\/dc93afc2981c0e3ce6bc3c053fd847be\",\"name\":\"Equipe Reda\u00e7\u00e3o\",\"image\":{\"@type\":\"ImageObject\",\"inLanguage\":\"pt-BR\",\"@id\":\"https:\\\/\\\/secure.gravatar.com\\\/avatar\\\/4f525efbf18dd2bb300ccad28bfb99d95a9465a5ba268407c8c37b37e1f28d2d?s=96&d=mm&r=g9e099043a0c61e9ae27e293b9fa75ffc\",\"url\":\"https:\\\/\\\/secure.gravatar.com\\\/avatar\\\/4f525efbf18dd2bb300ccad28bfb99d95a9465a5ba268407c8c37b37e1f28d2d?s=96&d=mm&r=g\",\"contentUrl\":\"https:\\\/\\\/secure.gravatar.com\\\/avatar\\\/4f525efbf18dd2bb300ccad28bfb99d95a9465a5ba268407c8c37b37e1f28d2d?s=96&d=mm&r=g\",\"caption\":\"Equipe Reda\u00e7\u00e3o\"},\"description\":\"Equipe de reda\u00e7\u00e3o \u00e9 um grupo de profissionais que trabalham juntos para criar conte\u00fado escrito para Motorista.com.br\",\"url\":\"https:\\\/\\\/motorista.com.br\\\/noticias\\\/author\\\/equiperedacao\\\/\"}]}<\/script>\n<!-- \/ Yoast SEO Premium plugin. -->","yoast_head_json":{"title":"Custos log\u00edsticos e reforma tribut\u00e1ria em debate no F\u00f3rum ILOS 2026 - Motorista.com.br","robots":{"index":"index","follow":"follow","max-snippet":"max-snippet:-1","max-image-preview":"max-image-preview:large","max-video-preview":"max-video-preview:-1"},"canonical":"https:\/\/motorista.com.br\/noticias\/2026\/05\/01\/custos-logisticos-e-reforma-tributaria-em-debate-no-forum-ilos-2026\/","og_locale":"pt_BR","og_type":"article","og_title":"Custos log\u00edsticos e reforma tribut\u00e1ria em debate no F\u00f3rum ILOS 2026","og_description":"As inscri\u00e7\u00f5es para o F\u00f3rum ILOS 2026 est\u00e3o abertas e acontecem nos dias 19 e 20 de agosto em S\u00e3o Paulo (SP). Este evento, que j\u00e1 conta com mais de 30 anos de hist\u00f3ria, \u00e9 promovido pelo Instituto de Log\u00edstica e Supply Chain (ILOS) e reunir\u00e1 especialistas para discutir temas cruciais como os custos log\u00edsticos &hellip;","og_url":"https:\/\/motorista.com.br\/noticias\/2026\/05\/01\/custos-logisticos-e-reforma-tributaria-em-debate-no-forum-ilos-2026\/","og_site_name":"Motorista.com.br","article_published_time":"2026-05-01T04:20:42+00:00","author":"Equipe Reda\u00e7\u00e3o","twitter_card":"summary_large_image","twitter_misc":{"Escrito por":"Equipe Reda\u00e7\u00e3o","Est. tempo de leitura":"2 minutos","Written by":"Equipe Reda\u00e7\u00e3o"},"schema":{"@context":"https:\/\/schema.org","@graph":[{"@type":"Article","@id":"https:\/\/motorista.com.br\/noticias\/2026\/05\/01\/custos-logisticos-e-reforma-tributaria-em-debate-no-forum-ilos-2026\/#article","isPartOf":{"@id":"https:\/\/motorista.com.br\/noticias\/2026\/05\/01\/custos-logisticos-e-reforma-tributaria-em-debate-no-forum-ilos-2026\/"},"author":{"name":"Equipe Reda\u00e7\u00e3o","@id":"https:\/\/motorista.com.br\/noticias\/#\/schema\/person\/dc93afc2981c0e3ce6bc3c053fd847be"},"headline":"Custos log\u00edsticos e reforma tribut\u00e1ria em debate no F\u00f3rum ILOS 2026","datePublished":"2026-05-01T04:20:42+00:00","mainEntityOfPage":{"@id":"https:\/\/motorista.com.br\/noticias\/2026\/05\/01\/custos-logisticos-e-reforma-tributaria-em-debate-no-forum-ilos-2026\/"},"wordCount":504,"publisher":{"@id":"https:\/\/motorista.com.br\/noticias\/#organization"},"image":{"@id":"https:\/\/motorista.com.br\/noticias\/2026\/05\/01\/custos-logisticos-e-reforma-tributaria-em-debate-no-forum-ilos-2026\/#primaryimage"},"thumbnailUrl":"https:\/\/motorista.com.br\/noticias\/wp-content\/uploads\/2026\/05\/ID-AB-1000-px-x-830-px-Custos.png","articleSection":["Log\u00edstica"],"inLanguage":"pt-BR"},{"@type":"WebPage","@id":"https:\/\/motorista.com.br\/noticias\/2026\/05\/01\/custos-logisticos-e-reforma-tributaria-em-debate-no-forum-ilos-2026\/","url":"https:\/\/motorista.com.br\/noticias\/2026\/05\/01\/custos-logisticos-e-reforma-tributaria-em-debate-no-forum-ilos-2026\/","name":"Custos log\u00edsticos e reforma tribut\u00e1ria em debate no F\u00f3rum ILOS 2026 - Motorista.com.br","isPartOf":{"@id":"https:\/\/motorista.com.br\/noticias\/#website"},"primaryImageOfPage":{"@id":"https:\/\/motorista.com.br\/noticias\/2026\/05\/01\/custos-logisticos-e-reforma-tributaria-em-debate-no-forum-ilos-2026\/#primaryimage"},"image":{"@id":"https:\/\/motorista.com.br\/noticias\/2026\/05\/01\/custos-logisticos-e-reforma-tributaria-em-debate-no-forum-ilos-2026\/#primaryimage"},"thumbnailUrl":"https:\/\/motorista.com.br\/noticias\/wp-content\/uploads\/2026\/05\/ID-AB-1000-px-x-830-px-Custos.png","datePublished":"2026-05-01T04:20:42+00:00","breadcrumb":{"@id":"https:\/\/motorista.com.br\/noticias\/2026\/05\/01\/custos-logisticos-e-reforma-tributaria-em-debate-no-forum-ilos-2026\/#breadcrumb"},"inLanguage":"pt-BR","potentialAction":[{"@type":"ReadAction","target":["https:\/\/motorista.com.br\/noticias\/2026\/05\/01\/custos-logisticos-e-reforma-tributaria-em-debate-no-forum-ilos-2026\/"]}]},{"@type":"ImageObject","inLanguage":"pt-BR","@id":"https:\/\/motorista.com.br\/noticias\/2026\/05\/01\/custos-logisticos-e-reforma-tributaria-em-debate-no-forum-ilos-2026\/#primaryimage","url":"https:\/\/motorista.com.br\/noticias\/wp-content\/uploads\/2026\/05\/ID-AB-1000-px-x-830-px-Custos.png","contentUrl":"https:\/\/motorista.com.br\/noticias\/wp-content\/uploads\/2026\/05\/ID-AB-1000-px-x-830-px-Custos.png","width":1000,"height":830},{"@type":"BreadcrumbList","@id":"https:\/\/motorista.com.br\/noticias\/2026\/05\/01\/custos-logisticos-e-reforma-tributaria-em-debate-no-forum-ilos-2026\/#breadcrumb","itemListElement":[{"@type":"ListItem","position":1,"name":"In\u00edcio","item":"https:\/\/motorista.com.br\/noticias\/"},{"@type":"ListItem","position":2,"name":"Custos log\u00edsticos e reforma tribut\u00e1ria em debate no F\u00f3rum ILOS 2026"}]},{"@type":"WebSite","@id":"https:\/\/motorista.com.br\/noticias\/#website","url":"https:\/\/motorista.com.br\/noticias\/","name":"Motorista.com.br","description":"Not\u00edcia do Motorista","publisher":{"@id":"https:\/\/motorista.com.br\/noticias\/#organization"},"potentialAction":[{"@type":"SearchAction","target":{"@type":"EntryPoint","urlTemplate":"https:\/\/motorista.com.br\/noticias\/?s={search_term_string}"},"query-input":{"@type":"PropertyValueSpecification","valueRequired":true,"valueName":"search_term_string"}}],"inLanguage":"pt-BR"},{"@type":"Organization","@id":"https:\/\/motorista.com.br\/noticias\/#organization","name":"Motorista.com.br","url":"https:\/\/motorista.com.br\/noticias\/","logo":{"@type":"ImageObject","inLanguage":"pt-BR","@id":"https:\/\/motorista.com.br\/noticias\/#\/schema\/logo\/image\/","url":"https:\/\/motorista.com.br\/noticias\/wp-content\/uploads\/2025\/06\/Design-sem-nome-9.png","contentUrl":"https:\/\/motorista.com.br\/noticias\/wp-content\/uploads\/2025\/06\/Design-sem-nome-9.png","width":150,"height":85,"caption":"Motorista.com.br"},"image":{"@id":"https:\/\/motorista.com.br\/noticias\/#\/schema\/logo\/image\/"}},{"@type":"Person","@id":"https:\/\/motorista.com.br\/noticias\/#\/schema\/person\/dc93afc2981c0e3ce6bc3c053fd847be","name":"Equipe Reda\u00e7\u00e3o","image":{"@type":"ImageObject","inLanguage":"pt-BR","@id":"https:\/\/secure.gravatar.com\/avatar\/4f525efbf18dd2bb300ccad28bfb99d95a9465a5ba268407c8c37b37e1f28d2d?s=96&d=mm&r=g9e099043a0c61e9ae27e293b9fa75ffc","url":"https:\/\/secure.gravatar.com\/avatar\/4f525efbf18dd2bb300ccad28bfb99d95a9465a5ba268407c8c37b37e1f28d2d?s=96&d=mm&r=g","contentUrl":"https:\/\/secure.gravatar.com\/avatar\/4f525efbf18dd2bb300ccad28bfb99d95a9465a5ba268407c8c37b37e1f28d2d?s=96&d=mm&r=g","caption":"Equipe Reda\u00e7\u00e3o"},"description":"Equipe de reda\u00e7\u00e3o \u00e9 um grupo de profissionais que trabalham juntos para criar conte\u00fado escrito para Motorista.com.br","url":"https:\/\/motorista.com.br\/noticias\/author\/equiperedacao\/"}]}},"_links":{"self":[{"href":"https:\/\/motorista.com.br\/noticias\/wp-json\/wp\/v2\/posts\/9409","targetHints":{"allow":["GET"]}}],"collection":[{"href":"https:\/\/motorista.com.br\/noticias\/wp-json\/wp\/v2\/posts"}],"about":[{"href":"https:\/\/motorista.com.br\/noticias\/wp-json\/wp\/v2\/types\/post"}],"author":[{"embeddable":true,"href":"https:\/\/motorista.com.br\/noticias\/wp-json\/wp\/v2\/users\/4"}],"replies":[{"embeddable":true,"href":"https:\/\/motorista.com.br\/noticias\/wp-json\/wp\/v2\/comments?post=9409"}],"version-history":[{"count":0,"href":"https:\/\/motorista.com.br\/noticias\/wp-json\/wp\/v2\/posts\/9409\/revisions"}],"wp:featuredmedia":[{"embeddable":true,"href":"https:\/\/motorista.com.br\/noticias\/wp-json\/wp\/v2\/media\/9410"}],"wp:attachment":[{"href":"https:\/\/motorista.com.br\/noticias\/wp-json\/wp\/v2\/media?parent=9409"}],"wp:term":[{"taxonomy":"category","embeddable":true,"href":"https:\/\/motorista.com.br\/noticias\/wp-json\/wp\/v2\/categories?post=9409"},{"taxonomy":"post_tag","embeddable":true,"href":"https:\/\/motorista.com.br\/noticias\/wp-json\/wp\/v2\/tags?post=9409"},{"taxonomy":"author","embeddable":true,"href":"https:\/\/motorista.com.br\/noticias\/wp-json\/wp\/v2\/coauthors?post=9409"}],"curies":[{"name":"wp","href":"https:\/\/api.w.org\/{rel}","templated":true}]}}