{"id":9407,"date":"2026-05-01T01:11:59","date_gmt":"2026-05-01T04:11:59","guid":{"rendered":"https:\/\/motorista.com.br\/noticias\/2026\/05\/01\/transpanorama-abre-novo-centro-de-controle-operacional\/"},"modified":"2026-05-01T01:11:59","modified_gmt":"2026-05-01T04:11:59","slug":"transpanorama-abre-novo-centro-de-controle-operacional","status":"publish","type":"post","link":"https:\/\/motorista.com.br\/noticias\/2026\/05\/01\/transpanorama-abre-novo-centro-de-controle-operacional\/","title":{"rendered":"Transpanorama abre novo Centro de Controle Operacional"},"content":{"rendered":"<p><\/p>\n<h1>Transpanorama Inaugura Novo Centro de Controle Operacional<\/h1>\n<p>A Transpanorama deu um passo importante para otimizar suas opera\u00e7\u00f5es com a inaugura\u00e7\u00e3o de seu novo Centro de Controle Operacional (CCO) em Maring\u00e1 (PR). Essa nova estrutura promete revolucionar o cotidiano da transportadora, permitindo a\u00e7\u00f5es preditivas e uma gest\u00e3o mais eficiente das frotas e opera\u00e7\u00f5es.<\/p>\n<h3>Benef\u00edcios Diretos para os Motoristas e a Mobilidade<\/h3>\n<p>Com a gera\u00e7\u00e3o de dados consolidados e uma equipe dedicada \u00e0s an\u00e1lises, o CCO proporciona aos motoristas e \u00e0 empresa uma s\u00e9rie de benef\u00edcios. A capacidade de agir de forma antecipada permite a identifica\u00e7\u00e3o de situa\u00e7\u00f5es de ociosidade nas frotas, reduzindo os per\u00edodos em que os ve\u00edculos permanecem parados e maximizando a utiliza\u00e7\u00e3o. Isso n\u00e3o apenas melhora a efici\u00eancia operacional, mas tamb\u00e9m reflete diretamente na qualidade do servi\u00e7o prestado, garantindo entregas mais r\u00e1pidas e confi\u00e1veis.<\/p>\n<p>Izabella Adamuccio, gerente de PMO, ressaltou que a decis\u00e3o fundamentada em dados fornece uma base s\u00f3lida para melhorias cont\u00ednuas. Essa abordagem n\u00e3o s\u00f3 beneficia a gest\u00e3o interna, mas tamb\u00e9m garante um ambiente de trabalho mais otimizado para os motoristas, com menos interrup\u00e7\u00f5es e maior previsibilidade nas jornadas.<\/p>\n<h3>O Impacto na Governan\u00e7a e na Mobilidade Geral<\/h3>\n<p>O novo CCO tamb\u00e9m traz um pilar crucial: a governan\u00e7a corporativa. Com maior transpar\u00eancia e confiabilidade, a estrutura\u00e7\u00e3o da Transpanorama oferece um modelo que pode servir de exemplo no setor de transporte. Uma gest\u00e3o eficaz e transparente n\u00e3o apenas enriquece a cultura organizacional, mas cria uma mobilidade geral mais segura, ao garantir que as opera\u00e7\u00f5es sejam realizadas de forma \u00e9tica e respons\u00e1vel.<\/p>\n<p>Mellyssa Sales, coordenadora do CCO, enfatizou que essa integra\u00e7\u00e3o de dados fortalece a produtividade. Para os motoristas, significa um fluxo de trabalho mais coordenado, onde as informa\u00e7\u00f5es s\u00e3o utilizadas de maneira a atender suas necessidades operacionais em tempo real.<\/p>\n<h3>Rumo a um Futuro Mais Eficiente<\/h3>\n<p>Claudio Adamuccio, diretor Administrativo da Transpanorama, comentou que a evolu\u00e7\u00e3o \u00e9 parte do DNA da empresa. Com a evolu\u00e7\u00e3o cont\u00ednua da Torre de Controle e agora a adi\u00e7\u00e3o do CCO, a Transpanorama est\u00e1 equipada para utilizar dados estruturados de forma a tomar decis\u00f5es mais estrat\u00e9gicas. Essa abordagem inovadora promete n\u00e3o apenas melhorar as opera\u00e7\u00f5es, mas tamb\u00e9m contribuir para um transporte mais sustent\u00e1vel e eficiente em nossa sociedade.<\/p>\n<p>Com o novo Centro de Controle Operacional, a Transpanorama se posiciona como uma refer\u00eancia no setor de transporte, alinhando tecnologia, pessoas e processos para resultados sempre mais assertivos. Neste contexto, tanto motoristas quanto a mobilidade geral se beneficiam, refletindo um progresso significativo no transporte rodovi\u00e1rio.<\/p>\n","protected":false},"excerpt":{"rendered":"<p>Transpanorama Inaugura Novo Centro de Controle Operacional A Transpanorama deu um passo importante para otimizar suas opera\u00e7\u00f5es com a inaugura\u00e7\u00e3o de seu novo Centro de Controle Operacional (CCO) em Maring\u00e1 (PR). Essa nova estrutura promete revolucionar o cotidiano da transportadora, permitindo a\u00e7\u00f5es preditivas e uma gest\u00e3o mais eficiente das frotas e opera\u00e7\u00f5es. Benef\u00edcios Diretos para &hellip;<\/p>\n","protected":false},"author":4,"featured_media":9408,"comment_status":"","ping_status":"open","sticky":false,"template":"","format":"standard","meta":{"footnotes":""},"categories":[78,77],"tags":[],"coauthors":[42],"class_list":["post-9407","post","type-post","status-publish","format-standard","has-post-thumbnail","hentry","category-carreteiro","category-motorista"],"yoast_head":"<!-- This site is optimized with the Yoast SEO Premium plugin v25.5 (Yoast SEO v27.5) - https:\/\/yoast.com\/product\/yoast-seo-premium-wordpress\/ -->\n<title>Transpanorama abre novo Centro de Controle Operacional - Motorista.com.br<\/title>\n<meta name=\"robots\" content=\"index, follow, max-snippet:-1, max-image-preview:large, max-video-preview:-1\" \/>\n<link rel=\"canonical\" href=\"https:\/\/motorista.com.br\/noticias\/2026\/05\/01\/transpanorama-abre-novo-centro-de-controle-operacional\/\" \/>\n<meta property=\"og:locale\" content=\"pt_BR\" \/>\n<meta property=\"og:type\" content=\"article\" \/>\n<meta property=\"og:title\" content=\"Transpanorama abre novo Centro de Controle Operacional\" \/>\n<meta property=\"og:description\" content=\"Transpanorama Inaugura Novo Centro de Controle Operacional A Transpanorama deu um passo importante para otimizar suas opera\u00e7\u00f5es com a inaugura\u00e7\u00e3o de seu novo Centro de Controle Operacional (CCO) em Maring\u00e1 (PR). Essa nova estrutura promete revolucionar o cotidiano da transportadora, permitindo a\u00e7\u00f5es preditivas e uma gest\u00e3o mais eficiente das frotas e opera\u00e7\u00f5es. Benef\u00edcios Diretos para &hellip;\" \/>\n<meta property=\"og:url\" content=\"https:\/\/motorista.com.br\/noticias\/2026\/05\/01\/transpanorama-abre-novo-centro-de-controle-operacional\/\" \/>\n<meta property=\"og:site_name\" content=\"Motorista.com.br\" \/>\n<meta property=\"article:published_time\" content=\"2026-05-01T04:11:59+00:00\" \/>\n<meta name=\"author\" content=\"Equipe Reda\u00e7\u00e3o\" \/>\n<meta name=\"twitter:card\" content=\"summary_large_image\" \/>\n<meta name=\"twitter:label1\" content=\"Escrito por\" \/>\n\t<meta name=\"twitter:data1\" content=\"Equipe Reda\u00e7\u00e3o\" \/>\n\t<meta name=\"twitter:label2\" content=\"Est. tempo de leitura\" \/>\n\t<meta name=\"twitter:data2\" content=\"2 minutos\" \/>\n\t<meta name=\"twitter:label3\" content=\"Written by\" \/>\n\t<meta name=\"twitter:data3\" content=\"Equipe Reda\u00e7\u00e3o\" \/>\n<script type=\"application\/ld+json\" class=\"yoast-schema-graph\">{\"@context\":\"https:\\\/\\\/schema.org\",\"@graph\":[{\"@type\":\"Article\",\"@id\":\"https:\\\/\\\/motorista.com.br\\\/noticias\\\/2026\\\/05\\\/01\\\/transpanorama-abre-novo-centro-de-controle-operacional\\\/#article\",\"isPartOf\":{\"@id\":\"https:\\\/\\\/motorista.com.br\\\/noticias\\\/2026\\\/05\\\/01\\\/transpanorama-abre-novo-centro-de-controle-operacional\\\/\"},\"author\":{\"name\":\"Equipe Reda\u00e7\u00e3o\",\"@id\":\"https:\\\/\\\/motorista.com.br\\\/noticias\\\/#\\\/schema\\\/person\\\/dc93afc2981c0e3ce6bc3c053fd847be\"},\"headline\":\"Transpanorama abre novo Centro de Controle Operacional\",\"datePublished\":\"2026-05-01T04:11:59+00:00\",\"mainEntityOfPage\":{\"@id\":\"https:\\\/\\\/motorista.com.br\\\/noticias\\\/2026\\\/05\\\/01\\\/transpanorama-abre-novo-centro-de-controle-operacional\\\/\"},\"wordCount\":466,\"publisher\":{\"@id\":\"https:\\\/\\\/motorista.com.br\\\/noticias\\\/#organization\"},\"image\":{\"@id\":\"https:\\\/\\\/motorista.com.br\\\/noticias\\\/2026\\\/05\\\/01\\\/transpanorama-abre-novo-centro-de-controle-operacional\\\/#primaryimage\"},\"thumbnailUrl\":\"https:\\\/\\\/motorista.com.br\\\/noticias\\\/wp-content\\\/uploads\\\/2026\\\/05\\\/DSC06584-scaled.jpg\",\"articleSection\":[\"Carreteiro\",\"Motorista\"],\"inLanguage\":\"pt-BR\"},{\"@type\":\"WebPage\",\"@id\":\"https:\\\/\\\/motorista.com.br\\\/noticias\\\/2026\\\/05\\\/01\\\/transpanorama-abre-novo-centro-de-controle-operacional\\\/\",\"url\":\"https:\\\/\\\/motorista.com.br\\\/noticias\\\/2026\\\/05\\\/01\\\/transpanorama-abre-novo-centro-de-controle-operacional\\\/\",\"name\":\"Transpanorama abre novo Centro de Controle Operacional - Motorista.com.br\",\"isPartOf\":{\"@id\":\"https:\\\/\\\/motorista.com.br\\\/noticias\\\/#website\"},\"primaryImageOfPage\":{\"@id\":\"https:\\\/\\\/motorista.com.br\\\/noticias\\\/2026\\\/05\\\/01\\\/transpanorama-abre-novo-centro-de-controle-operacional\\\/#primaryimage\"},\"image\":{\"@id\":\"https:\\\/\\\/motorista.com.br\\\/noticias\\\/2026\\\/05\\\/01\\\/transpanorama-abre-novo-centro-de-controle-operacional\\\/#primaryimage\"},\"thumbnailUrl\":\"https:\\\/\\\/motorista.com.br\\\/noticias\\\/wp-content\\\/uploads\\\/2026\\\/05\\\/DSC06584-scaled.jpg\",\"datePublished\":\"2026-05-01T04:11:59+00:00\",\"breadcrumb\":{\"@id\":\"https:\\\/\\\/motorista.com.br\\\/noticias\\\/2026\\\/05\\\/01\\\/transpanorama-abre-novo-centro-de-controle-operacional\\\/#breadcrumb\"},\"inLanguage\":\"pt-BR\",\"potentialAction\":[{\"@type\":\"ReadAction\",\"target\":[\"https:\\\/\\\/motorista.com.br\\\/noticias\\\/2026\\\/05\\\/01\\\/transpanorama-abre-novo-centro-de-controle-operacional\\\/\"]}]},{\"@type\":\"ImageObject\",\"inLanguage\":\"pt-BR\",\"@id\":\"https:\\\/\\\/motorista.com.br\\\/noticias\\\/2026\\\/05\\\/01\\\/transpanorama-abre-novo-centro-de-controle-operacional\\\/#primaryimage\",\"url\":\"https:\\\/\\\/motorista.com.br\\\/noticias\\\/wp-content\\\/uploads\\\/2026\\\/05\\\/DSC06584-scaled.jpg\",\"contentUrl\":\"https:\\\/\\\/motorista.com.br\\\/noticias\\\/wp-content\\\/uploads\\\/2026\\\/05\\\/DSC06584-scaled.jpg\",\"width\":2048,\"height\":1365},{\"@type\":\"BreadcrumbList\",\"@id\":\"https:\\\/\\\/motorista.com.br\\\/noticias\\\/2026\\\/05\\\/01\\\/transpanorama-abre-novo-centro-de-controle-operacional\\\/#breadcrumb\",\"itemListElement\":[{\"@type\":\"ListItem\",\"position\":1,\"name\":\"In\u00edcio\",\"item\":\"https:\\\/\\\/motorista.com.br\\\/noticias\\\/\"},{\"@type\":\"ListItem\",\"position\":2,\"name\":\"Transpanorama abre novo Centro de Controle Operacional\"}]},{\"@type\":\"WebSite\",\"@id\":\"https:\\\/\\\/motorista.com.br\\\/noticias\\\/#website\",\"url\":\"https:\\\/\\\/motorista.com.br\\\/noticias\\\/\",\"name\":\"Motorista.com.br\",\"description\":\"Not\u00edcia do Motorista\",\"publisher\":{\"@id\":\"https:\\\/\\\/motorista.com.br\\\/noticias\\\/#organization\"},\"potentialAction\":[{\"@type\":\"SearchAction\",\"target\":{\"@type\":\"EntryPoint\",\"urlTemplate\":\"https:\\\/\\\/motorista.com.br\\\/noticias\\\/?s={search_term_string}\"},\"query-input\":{\"@type\":\"PropertyValueSpecification\",\"valueRequired\":true,\"valueName\":\"search_term_string\"}}],\"inLanguage\":\"pt-BR\"},{\"@type\":\"Organization\",\"@id\":\"https:\\\/\\\/motorista.com.br\\\/noticias\\\/#organization\",\"name\":\"Motorista.com.br\",\"url\":\"https:\\\/\\\/motorista.com.br\\\/noticias\\\/\",\"logo\":{\"@type\":\"ImageObject\",\"inLanguage\":\"pt-BR\",\"@id\":\"https:\\\/\\\/motorista.com.br\\\/noticias\\\/#\\\/schema\\\/logo\\\/image\\\/\",\"url\":\"https:\\\/\\\/motorista.com.br\\\/noticias\\\/wp-content\\\/uploads\\\/2025\\\/06\\\/Design-sem-nome-9.png\",\"contentUrl\":\"https:\\\/\\\/motorista.com.br\\\/noticias\\\/wp-content\\\/uploads\\\/2025\\\/06\\\/Design-sem-nome-9.png\",\"width\":150,\"height\":85,\"caption\":\"Motorista.com.br\"},\"image\":{\"@id\":\"https:\\\/\\\/motorista.com.br\\\/noticias\\\/#\\\/schema\\\/logo\\\/image\\\/\"}},{\"@type\":\"Person\",\"@id\":\"https:\\\/\\\/motorista.com.br\\\/noticias\\\/#\\\/schema\\\/person\\\/dc93afc2981c0e3ce6bc3c053fd847be\",\"name\":\"Equipe Reda\u00e7\u00e3o\",\"image\":{\"@type\":\"ImageObject\",\"inLanguage\":\"pt-BR\",\"@id\":\"https:\\\/\\\/secure.gravatar.com\\\/avatar\\\/4f525efbf18dd2bb300ccad28bfb99d95a9465a5ba268407c8c37b37e1f28d2d?s=96&d=mm&r=g9e099043a0c61e9ae27e293b9fa75ffc\",\"url\":\"https:\\\/\\\/secure.gravatar.com\\\/avatar\\\/4f525efbf18dd2bb300ccad28bfb99d95a9465a5ba268407c8c37b37e1f28d2d?s=96&d=mm&r=g\",\"contentUrl\":\"https:\\\/\\\/secure.gravatar.com\\\/avatar\\\/4f525efbf18dd2bb300ccad28bfb99d95a9465a5ba268407c8c37b37e1f28d2d?s=96&d=mm&r=g\",\"caption\":\"Equipe Reda\u00e7\u00e3o\"},\"description\":\"Equipe de reda\u00e7\u00e3o \u00e9 um grupo de profissionais que trabalham juntos para criar conte\u00fado escrito para Motorista.com.br\",\"url\":\"https:\\\/\\\/motorista.com.br\\\/noticias\\\/author\\\/equiperedacao\\\/\"}]}<\/script>\n<!-- \/ Yoast SEO Premium plugin. -->","yoast_head_json":{"title":"Transpanorama abre novo Centro de Controle Operacional - Motorista.com.br","robots":{"index":"index","follow":"follow","max-snippet":"max-snippet:-1","max-image-preview":"max-image-preview:large","max-video-preview":"max-video-preview:-1"},"canonical":"https:\/\/motorista.com.br\/noticias\/2026\/05\/01\/transpanorama-abre-novo-centro-de-controle-operacional\/","og_locale":"pt_BR","og_type":"article","og_title":"Transpanorama abre novo Centro de Controle Operacional","og_description":"Transpanorama Inaugura Novo Centro de Controle Operacional A Transpanorama deu um passo importante para otimizar suas opera\u00e7\u00f5es com a inaugura\u00e7\u00e3o de seu novo Centro de Controle Operacional (CCO) em Maring\u00e1 (PR). Essa nova estrutura promete revolucionar o cotidiano da transportadora, permitindo a\u00e7\u00f5es preditivas e uma gest\u00e3o mais eficiente das frotas e opera\u00e7\u00f5es. Benef\u00edcios Diretos para &hellip;","og_url":"https:\/\/motorista.com.br\/noticias\/2026\/05\/01\/transpanorama-abre-novo-centro-de-controle-operacional\/","og_site_name":"Motorista.com.br","article_published_time":"2026-05-01T04:11:59+00:00","author":"Equipe Reda\u00e7\u00e3o","twitter_card":"summary_large_image","twitter_misc":{"Escrito por":"Equipe Reda\u00e7\u00e3o","Est. tempo de leitura":"2 minutos","Written by":"Equipe Reda\u00e7\u00e3o"},"schema":{"@context":"https:\/\/schema.org","@graph":[{"@type":"Article","@id":"https:\/\/motorista.com.br\/noticias\/2026\/05\/01\/transpanorama-abre-novo-centro-de-controle-operacional\/#article","isPartOf":{"@id":"https:\/\/motorista.com.br\/noticias\/2026\/05\/01\/transpanorama-abre-novo-centro-de-controle-operacional\/"},"author":{"name":"Equipe Reda\u00e7\u00e3o","@id":"https:\/\/motorista.com.br\/noticias\/#\/schema\/person\/dc93afc2981c0e3ce6bc3c053fd847be"},"headline":"Transpanorama abre novo Centro de Controle Operacional","datePublished":"2026-05-01T04:11:59+00:00","mainEntityOfPage":{"@id":"https:\/\/motorista.com.br\/noticias\/2026\/05\/01\/transpanorama-abre-novo-centro-de-controle-operacional\/"},"wordCount":466,"publisher":{"@id":"https:\/\/motorista.com.br\/noticias\/#organization"},"image":{"@id":"https:\/\/motorista.com.br\/noticias\/2026\/05\/01\/transpanorama-abre-novo-centro-de-controle-operacional\/#primaryimage"},"thumbnailUrl":"https:\/\/motorista.com.br\/noticias\/wp-content\/uploads\/2026\/05\/DSC06584-scaled.jpg","articleSection":["Carreteiro","Motorista"],"inLanguage":"pt-BR"},{"@type":"WebPage","@id":"https:\/\/motorista.com.br\/noticias\/2026\/05\/01\/transpanorama-abre-novo-centro-de-controle-operacional\/","url":"https:\/\/motorista.com.br\/noticias\/2026\/05\/01\/transpanorama-abre-novo-centro-de-controle-operacional\/","name":"Transpanorama abre novo Centro de Controle Operacional - Motorista.com.br","isPartOf":{"@id":"https:\/\/motorista.com.br\/noticias\/#website"},"primaryImageOfPage":{"@id":"https:\/\/motorista.com.br\/noticias\/2026\/05\/01\/transpanorama-abre-novo-centro-de-controle-operacional\/#primaryimage"},"image":{"@id":"https:\/\/motorista.com.br\/noticias\/2026\/05\/01\/transpanorama-abre-novo-centro-de-controle-operacional\/#primaryimage"},"thumbnailUrl":"https:\/\/motorista.com.br\/noticias\/wp-content\/uploads\/2026\/05\/DSC06584-scaled.jpg","datePublished":"2026-05-01T04:11:59+00:00","breadcrumb":{"@id":"https:\/\/motorista.com.br\/noticias\/2026\/05\/01\/transpanorama-abre-novo-centro-de-controle-operacional\/#breadcrumb"},"inLanguage":"pt-BR","potentialAction":[{"@type":"ReadAction","target":["https:\/\/motorista.com.br\/noticias\/2026\/05\/01\/transpanorama-abre-novo-centro-de-controle-operacional\/"]}]},{"@type":"ImageObject","inLanguage":"pt-BR","@id":"https:\/\/motorista.com.br\/noticias\/2026\/05\/01\/transpanorama-abre-novo-centro-de-controle-operacional\/#primaryimage","url":"https:\/\/motorista.com.br\/noticias\/wp-content\/uploads\/2026\/05\/DSC06584-scaled.jpg","contentUrl":"https:\/\/motorista.com.br\/noticias\/wp-content\/uploads\/2026\/05\/DSC06584-scaled.jpg","width":2048,"height":1365},{"@type":"BreadcrumbList","@id":"https:\/\/motorista.com.br\/noticias\/2026\/05\/01\/transpanorama-abre-novo-centro-de-controle-operacional\/#breadcrumb","itemListElement":[{"@type":"ListItem","position":1,"name":"In\u00edcio","item":"https:\/\/motorista.com.br\/noticias\/"},{"@type":"ListItem","position":2,"name":"Transpanorama abre novo Centro de Controle Operacional"}]},{"@type":"WebSite","@id":"https:\/\/motorista.com.br\/noticias\/#website","url":"https:\/\/motorista.com.br\/noticias\/","name":"Motorista.com.br","description":"Not\u00edcia do Motorista","publisher":{"@id":"https:\/\/motorista.com.br\/noticias\/#organization"},"potentialAction":[{"@type":"SearchAction","target":{"@type":"EntryPoint","urlTemplate":"https:\/\/motorista.com.br\/noticias\/?s={search_term_string}"},"query-input":{"@type":"PropertyValueSpecification","valueRequired":true,"valueName":"search_term_string"}}],"inLanguage":"pt-BR"},{"@type":"Organization","@id":"https:\/\/motorista.com.br\/noticias\/#organization","name":"Motorista.com.br","url":"https:\/\/motorista.com.br\/noticias\/","logo":{"@type":"ImageObject","inLanguage":"pt-BR","@id":"https:\/\/motorista.com.br\/noticias\/#\/schema\/logo\/image\/","url":"https:\/\/motorista.com.br\/noticias\/wp-content\/uploads\/2025\/06\/Design-sem-nome-9.png","contentUrl":"https:\/\/motorista.com.br\/noticias\/wp-content\/uploads\/2025\/06\/Design-sem-nome-9.png","width":150,"height":85,"caption":"Motorista.com.br"},"image":{"@id":"https:\/\/motorista.com.br\/noticias\/#\/schema\/logo\/image\/"}},{"@type":"Person","@id":"https:\/\/motorista.com.br\/noticias\/#\/schema\/person\/dc93afc2981c0e3ce6bc3c053fd847be","name":"Equipe Reda\u00e7\u00e3o","image":{"@type":"ImageObject","inLanguage":"pt-BR","@id":"https:\/\/secure.gravatar.com\/avatar\/4f525efbf18dd2bb300ccad28bfb99d95a9465a5ba268407c8c37b37e1f28d2d?s=96&d=mm&r=g9e099043a0c61e9ae27e293b9fa75ffc","url":"https:\/\/secure.gravatar.com\/avatar\/4f525efbf18dd2bb300ccad28bfb99d95a9465a5ba268407c8c37b37e1f28d2d?s=96&d=mm&r=g","contentUrl":"https:\/\/secure.gravatar.com\/avatar\/4f525efbf18dd2bb300ccad28bfb99d95a9465a5ba268407c8c37b37e1f28d2d?s=96&d=mm&r=g","caption":"Equipe Reda\u00e7\u00e3o"},"description":"Equipe de reda\u00e7\u00e3o \u00e9 um grupo de profissionais que trabalham juntos para criar conte\u00fado escrito para Motorista.com.br","url":"https:\/\/motorista.com.br\/noticias\/author\/equiperedacao\/"}]}},"_links":{"self":[{"href":"https:\/\/motorista.com.br\/noticias\/wp-json\/wp\/v2\/posts\/9407","targetHints":{"allow":["GET"]}}],"collection":[{"href":"https:\/\/motorista.com.br\/noticias\/wp-json\/wp\/v2\/posts"}],"about":[{"href":"https:\/\/motorista.com.br\/noticias\/wp-json\/wp\/v2\/types\/post"}],"author":[{"embeddable":true,"href":"https:\/\/motorista.com.br\/noticias\/wp-json\/wp\/v2\/users\/4"}],"replies":[{"embeddable":true,"href":"https:\/\/motorista.com.br\/noticias\/wp-json\/wp\/v2\/comments?post=9407"}],"version-history":[{"count":0,"href":"https:\/\/motorista.com.br\/noticias\/wp-json\/wp\/v2\/posts\/9407\/revisions"}],"wp:featuredmedia":[{"embeddable":true,"href":"https:\/\/motorista.com.br\/noticias\/wp-json\/wp\/v2\/media\/9408"}],"wp:attachment":[{"href":"https:\/\/motorista.com.br\/noticias\/wp-json\/wp\/v2\/media?parent=9407"}],"wp:term":[{"taxonomy":"category","embeddable":true,"href":"https:\/\/motorista.com.br\/noticias\/wp-json\/wp\/v2\/categories?post=9407"},{"taxonomy":"post_tag","embeddable":true,"href":"https:\/\/motorista.com.br\/noticias\/wp-json\/wp\/v2\/tags?post=9407"},{"taxonomy":"author","embeddable":true,"href":"https:\/\/motorista.com.br\/noticias\/wp-json\/wp\/v2\/coauthors?post=9407"}],"curies":[{"name":"wp","href":"https:\/\/api.w.org\/{rel}","templated":true}]}}