{"id":9395,"date":"2026-04-30T21:07:54","date_gmt":"2026-05-01T00:07:54","guid":{"rendered":"https:\/\/motorista.com.br\/noticias\/2026\/04\/30\/viktoria-cargas-realiza-38-mil-voos-e-investe-no-mercado-externo\/"},"modified":"2026-04-30T21:07:54","modified_gmt":"2026-05-01T00:07:54","slug":"viktoria-cargas-realiza-38-mil-voos-e-investe-no-mercado-externo","status":"publish","type":"post","link":"https:\/\/motorista.com.br\/noticias\/2026\/04\/30\/viktoria-cargas-realiza-38-mil-voos-e-investe-no-mercado-externo\/","title":{"rendered":"Vikt\u00f3ria Cargas realiza 38 mil voos e investe no mercado externo"},"content":{"rendered":"<p><\/p>\n<h2>Vikt\u00f3ria Cargas: Inova\u00e7\u00f5es que Transformam a Mobilidade e Benef\u00edcios aos Motoristas<\/h2>\n<h3>Expans\u00e3o e Impacto no Mercado Log\u00edstico<\/h3>\n<p>A Vikt\u00f3ria Cargas, reconhecida por suas opera\u00e7\u00f5es no transporte a\u00e9reo de cargas, est\u00e1 em plena expans\u00e3o. Com um s\u00f3lido plano de crescimento, a empresa projeta abrir novas unidades em todas as regi\u00f5es do Brasil e at\u00e9 nos sete continentes, visando um faturamento ambicioso de R$ 200 milh\u00f5es at\u00e9 2030. Para sustentar essa amplia\u00e7\u00e3o, prev\u00ea investimentos de R$ 80 milh\u00f5es at\u00e9 2030, destinados \u00e0 moderniza\u00e7\u00e3o e amplia\u00e7\u00e3o de sua log\u00edstica com diversos modais.<\/p>\n<h3>N\u00fameros que Impressionam<\/h3>\n<p>Com 27 hubs log\u00edsticos em opera\u00e7\u00e3o, a Vikt\u00f3ria Cargas registrou um aumento de 10% no faturamento bruto de 2025 em compara\u00e7\u00e3o a 2024. Esse crescimento \u00e9 acompanhado por um desempenho log\u00edstico que atende a mais de mil clientes e movimenta milhares de toneladas de carga. O aumento de 15% nas opera\u00e7\u00f5es \u00e9 um indicativo da efici\u00eancia e do comprometimento da empresa com a qualidade do servi\u00e7o, consolidando parcerias estrat\u00e9gicas com gigantes do setor a\u00e9reo.<\/p>\n<h3>Benef\u00edcios para os Motoristas e para a Mobilidade<\/h3>\n<p>A amplia\u00e7\u00e3o da Vikt\u00f3ria Cargas n\u00e3o \u00e9 apenas uma vit\u00f3ria corporativa; seus impactos se estendem aos motoristas e \u00e0 mobilidade urbana. Ao investir em novas tecnologias e na atualiza\u00e7\u00e3o da frota, a empresa pode melhorar n\u00e3o apenas a efici\u00eancia das entregas, mas tamb\u00e9m a seguran\u00e7a e o conforto para os motoristas. Isso \u00e9 particularmente relevante em um cen\u00e1rio onde a log\u00edstica r\u00e1pida e eficiente est\u00e1 cada vez mais demandada.<\/p>\n<p>Al\u00e9m disso, ao abrir novas unidades e aumentar sua capacidade operativa, a Vikt\u00f3ria Cargas contribui para a desconcentra\u00e7\u00e3o do tr\u00e1fego em \u00e1reas urbanas frequentemente saturadas, proporcionando uma mobilidade mais fluida para todos. Com uma planta log\u00edstica rec\u00e9m-inaugurada em Manaus, por exemplo, a empresa se posiciona para reduzir o tempo de entrega e coleta, beneficiando tanto os motoristas quanto os consumidores finais.<\/p>\n<h3>Um Olhar para o Futuro<\/h3>\n<p>O compromisso da Vikt\u00f3ria Cargas com pr\u00e1ticas de governan\u00e7a corporativa e projetos de ESG (pr\u00e1ticas ambientais, sociais e de governan\u00e7a) tamb\u00e9m impacta positivamente o setor. Ao focar no desenvolvimento sustent\u00e1vel e na ciberseguran\u00e7a, a empresa demonstra que o crescimento deve andar de m\u00e3os dadas com a responsabilidade socioambiental, criando um modelo de neg\u00f3cios que respeita o meio ambiente e fomenta inova\u00e7\u00f5es que podem beneficiar toda a cadeia de transporte.<\/p>\n<h3>Conclus\u00e3o<\/h3>\n<p>\u00c0 medida que a Vikt\u00f3ria Cargas avan\u00e7a em seu plano de expans\u00e3o, os benef\u00edcios se estendem a motoristas, sociedade e ao setor de transportes como um todo. A aposta em solu\u00e7\u00f5es log\u00edsticas eficientes n\u00e3o apenas melhora a entrega de cargas, mas transforma a mobilidade nas cidades, criando um futuro mais integrado e sustent\u00e1vel.<\/p>\n<p><strong>Fonte: abralog<\/strong><\/p>\n","protected":false},"excerpt":{"rendered":"<p>Vikt\u00f3ria Cargas: Inova\u00e7\u00f5es que Transformam a Mobilidade e Benef\u00edcios aos Motoristas Expans\u00e3o e Impacto no Mercado Log\u00edstico A Vikt\u00f3ria Cargas, reconhecida por suas opera\u00e7\u00f5es no transporte a\u00e9reo de cargas, est\u00e1 em plena expans\u00e3o. Com um s\u00f3lido plano de crescimento, a empresa projeta abrir novas unidades em todas as regi\u00f5es do Brasil e at\u00e9 nos sete &hellip;<\/p>\n","protected":false},"author":4,"featured_media":9396,"comment_status":"","ping_status":"open","sticky":false,"template":"","format":"standard","meta":{"footnotes":""},"categories":[62],"tags":[],"coauthors":[42],"class_list":["post-9395","post","type-post","status-publish","format-standard","has-post-thumbnail","hentry","category-logistica"],"yoast_head":"<!-- This site is optimized with the Yoast SEO Premium plugin v25.5 (Yoast SEO v27.5) - https:\/\/yoast.com\/product\/yoast-seo-premium-wordpress\/ -->\n<title>Vikt\u00f3ria Cargas realiza 38 mil voos e investe no mercado externo - Motorista.com.br<\/title>\n<meta name=\"robots\" content=\"index, follow, max-snippet:-1, max-image-preview:large, max-video-preview:-1\" \/>\n<link rel=\"canonical\" href=\"https:\/\/motorista.com.br\/noticias\/2026\/04\/30\/viktoria-cargas-realiza-38-mil-voos-e-investe-no-mercado-externo\/\" \/>\n<meta property=\"og:locale\" content=\"pt_BR\" \/>\n<meta property=\"og:type\" content=\"article\" \/>\n<meta property=\"og:title\" content=\"Vikt\u00f3ria Cargas realiza 38 mil voos e investe no mercado externo\" \/>\n<meta property=\"og:description\" content=\"Vikt\u00f3ria Cargas: Inova\u00e7\u00f5es que Transformam a Mobilidade e Benef\u00edcios aos Motoristas Expans\u00e3o e Impacto no Mercado Log\u00edstico A Vikt\u00f3ria Cargas, reconhecida por suas opera\u00e7\u00f5es no transporte a\u00e9reo de cargas, est\u00e1 em plena expans\u00e3o. Com um s\u00f3lido plano de crescimento, a empresa projeta abrir novas unidades em todas as regi\u00f5es do Brasil e at\u00e9 nos sete &hellip;\" \/>\n<meta property=\"og:url\" content=\"https:\/\/motorista.com.br\/noticias\/2026\/04\/30\/viktoria-cargas-realiza-38-mil-voos-e-investe-no-mercado-externo\/\" \/>\n<meta property=\"og:site_name\" content=\"Motorista.com.br\" \/>\n<meta property=\"article:published_time\" content=\"2026-05-01T00:07:54+00:00\" \/>\n<meta name=\"author\" content=\"Equipe Reda\u00e7\u00e3o\" \/>\n<meta name=\"twitter:card\" content=\"summary_large_image\" \/>\n<meta name=\"twitter:label1\" content=\"Escrito por\" \/>\n\t<meta name=\"twitter:data1\" content=\"Equipe Reda\u00e7\u00e3o\" \/>\n\t<meta name=\"twitter:label2\" content=\"Est. tempo de leitura\" \/>\n\t<meta name=\"twitter:data2\" content=\"2 minutos\" \/>\n\t<meta name=\"twitter:label3\" content=\"Written by\" \/>\n\t<meta name=\"twitter:data3\" content=\"Equipe Reda\u00e7\u00e3o\" \/>\n<script type=\"application\/ld+json\" class=\"yoast-schema-graph\">{\"@context\":\"https:\\\/\\\/schema.org\",\"@graph\":[{\"@type\":\"Article\",\"@id\":\"https:\\\/\\\/motorista.com.br\\\/noticias\\\/2026\\\/04\\\/30\\\/viktoria-cargas-realiza-38-mil-voos-e-investe-no-mercado-externo\\\/#article\",\"isPartOf\":{\"@id\":\"https:\\\/\\\/motorista.com.br\\\/noticias\\\/2026\\\/04\\\/30\\\/viktoria-cargas-realiza-38-mil-voos-e-investe-no-mercado-externo\\\/\"},\"author\":{\"name\":\"Equipe Reda\u00e7\u00e3o\",\"@id\":\"https:\\\/\\\/motorista.com.br\\\/noticias\\\/#\\\/schema\\\/person\\\/dc93afc2981c0e3ce6bc3c053fd847be\"},\"headline\":\"Vikt\u00f3ria Cargas realiza 38 mil voos e investe no mercado externo\",\"datePublished\":\"2026-05-01T00:07:54+00:00\",\"mainEntityOfPage\":{\"@id\":\"https:\\\/\\\/motorista.com.br\\\/noticias\\\/2026\\\/04\\\/30\\\/viktoria-cargas-realiza-38-mil-voos-e-investe-no-mercado-externo\\\/\"},\"wordCount\":496,\"publisher\":{\"@id\":\"https:\\\/\\\/motorista.com.br\\\/noticias\\\/#organization\"},\"image\":{\"@id\":\"https:\\\/\\\/motorista.com.br\\\/noticias\\\/2026\\\/04\\\/30\\\/viktoria-cargas-realiza-38-mil-voos-e-investe-no-mercado-externo\\\/#primaryimage\"},\"thumbnailUrl\":\"https:\\\/\\\/motorista.com.br\\\/noticias\\\/wp-content\\\/uploads\\\/2026\\\/04\\\/ID-AB-1000-px-x-830-px-Viktoria.png\",\"articleSection\":[\"Log\u00edstica\"],\"inLanguage\":\"pt-BR\"},{\"@type\":\"WebPage\",\"@id\":\"https:\\\/\\\/motorista.com.br\\\/noticias\\\/2026\\\/04\\\/30\\\/viktoria-cargas-realiza-38-mil-voos-e-investe-no-mercado-externo\\\/\",\"url\":\"https:\\\/\\\/motorista.com.br\\\/noticias\\\/2026\\\/04\\\/30\\\/viktoria-cargas-realiza-38-mil-voos-e-investe-no-mercado-externo\\\/\",\"name\":\"Vikt\u00f3ria Cargas realiza 38 mil voos e investe no mercado externo - Motorista.com.br\",\"isPartOf\":{\"@id\":\"https:\\\/\\\/motorista.com.br\\\/noticias\\\/#website\"},\"primaryImageOfPage\":{\"@id\":\"https:\\\/\\\/motorista.com.br\\\/noticias\\\/2026\\\/04\\\/30\\\/viktoria-cargas-realiza-38-mil-voos-e-investe-no-mercado-externo\\\/#primaryimage\"},\"image\":{\"@id\":\"https:\\\/\\\/motorista.com.br\\\/noticias\\\/2026\\\/04\\\/30\\\/viktoria-cargas-realiza-38-mil-voos-e-investe-no-mercado-externo\\\/#primaryimage\"},\"thumbnailUrl\":\"https:\\\/\\\/motorista.com.br\\\/noticias\\\/wp-content\\\/uploads\\\/2026\\\/04\\\/ID-AB-1000-px-x-830-px-Viktoria.png\",\"datePublished\":\"2026-05-01T00:07:54+00:00\",\"breadcrumb\":{\"@id\":\"https:\\\/\\\/motorista.com.br\\\/noticias\\\/2026\\\/04\\\/30\\\/viktoria-cargas-realiza-38-mil-voos-e-investe-no-mercado-externo\\\/#breadcrumb\"},\"inLanguage\":\"pt-BR\",\"potentialAction\":[{\"@type\":\"ReadAction\",\"target\":[\"https:\\\/\\\/motorista.com.br\\\/noticias\\\/2026\\\/04\\\/30\\\/viktoria-cargas-realiza-38-mil-voos-e-investe-no-mercado-externo\\\/\"]}]},{\"@type\":\"ImageObject\",\"inLanguage\":\"pt-BR\",\"@id\":\"https:\\\/\\\/motorista.com.br\\\/noticias\\\/2026\\\/04\\\/30\\\/viktoria-cargas-realiza-38-mil-voos-e-investe-no-mercado-externo\\\/#primaryimage\",\"url\":\"https:\\\/\\\/motorista.com.br\\\/noticias\\\/wp-content\\\/uploads\\\/2026\\\/04\\\/ID-AB-1000-px-x-830-px-Viktoria.png\",\"contentUrl\":\"https:\\\/\\\/motorista.com.br\\\/noticias\\\/wp-content\\\/uploads\\\/2026\\\/04\\\/ID-AB-1000-px-x-830-px-Viktoria.png\",\"width\":1000,\"height\":830},{\"@type\":\"BreadcrumbList\",\"@id\":\"https:\\\/\\\/motorista.com.br\\\/noticias\\\/2026\\\/04\\\/30\\\/viktoria-cargas-realiza-38-mil-voos-e-investe-no-mercado-externo\\\/#breadcrumb\",\"itemListElement\":[{\"@type\":\"ListItem\",\"position\":1,\"name\":\"In\u00edcio\",\"item\":\"https:\\\/\\\/motorista.com.br\\\/noticias\\\/\"},{\"@type\":\"ListItem\",\"position\":2,\"name\":\"Vikt\u00f3ria Cargas realiza 38 mil voos e investe no mercado externo\"}]},{\"@type\":\"WebSite\",\"@id\":\"https:\\\/\\\/motorista.com.br\\\/noticias\\\/#website\",\"url\":\"https:\\\/\\\/motorista.com.br\\\/noticias\\\/\",\"name\":\"Motorista.com.br\",\"description\":\"Not\u00edcia do Motorista\",\"publisher\":{\"@id\":\"https:\\\/\\\/motorista.com.br\\\/noticias\\\/#organization\"},\"potentialAction\":[{\"@type\":\"SearchAction\",\"target\":{\"@type\":\"EntryPoint\",\"urlTemplate\":\"https:\\\/\\\/motorista.com.br\\\/noticias\\\/?s={search_term_string}\"},\"query-input\":{\"@type\":\"PropertyValueSpecification\",\"valueRequired\":true,\"valueName\":\"search_term_string\"}}],\"inLanguage\":\"pt-BR\"},{\"@type\":\"Organization\",\"@id\":\"https:\\\/\\\/motorista.com.br\\\/noticias\\\/#organization\",\"name\":\"Motorista.com.br\",\"url\":\"https:\\\/\\\/motorista.com.br\\\/noticias\\\/\",\"logo\":{\"@type\":\"ImageObject\",\"inLanguage\":\"pt-BR\",\"@id\":\"https:\\\/\\\/motorista.com.br\\\/noticias\\\/#\\\/schema\\\/logo\\\/image\\\/\",\"url\":\"https:\\\/\\\/motorista.com.br\\\/noticias\\\/wp-content\\\/uploads\\\/2025\\\/06\\\/Design-sem-nome-9.png\",\"contentUrl\":\"https:\\\/\\\/motorista.com.br\\\/noticias\\\/wp-content\\\/uploads\\\/2025\\\/06\\\/Design-sem-nome-9.png\",\"width\":150,\"height\":85,\"caption\":\"Motorista.com.br\"},\"image\":{\"@id\":\"https:\\\/\\\/motorista.com.br\\\/noticias\\\/#\\\/schema\\\/logo\\\/image\\\/\"}},{\"@type\":\"Person\",\"@id\":\"https:\\\/\\\/motorista.com.br\\\/noticias\\\/#\\\/schema\\\/person\\\/dc93afc2981c0e3ce6bc3c053fd847be\",\"name\":\"Equipe Reda\u00e7\u00e3o\",\"image\":{\"@type\":\"ImageObject\",\"inLanguage\":\"pt-BR\",\"@id\":\"https:\\\/\\\/secure.gravatar.com\\\/avatar\\\/4f525efbf18dd2bb300ccad28bfb99d95a9465a5ba268407c8c37b37e1f28d2d?s=96&d=mm&r=g9e099043a0c61e9ae27e293b9fa75ffc\",\"url\":\"https:\\\/\\\/secure.gravatar.com\\\/avatar\\\/4f525efbf18dd2bb300ccad28bfb99d95a9465a5ba268407c8c37b37e1f28d2d?s=96&d=mm&r=g\",\"contentUrl\":\"https:\\\/\\\/secure.gravatar.com\\\/avatar\\\/4f525efbf18dd2bb300ccad28bfb99d95a9465a5ba268407c8c37b37e1f28d2d?s=96&d=mm&r=g\",\"caption\":\"Equipe Reda\u00e7\u00e3o\"},\"description\":\"Equipe de reda\u00e7\u00e3o \u00e9 um grupo de profissionais que trabalham juntos para criar conte\u00fado escrito para Motorista.com.br\",\"url\":\"https:\\\/\\\/motorista.com.br\\\/noticias\\\/author\\\/equiperedacao\\\/\"}]}<\/script>\n<!-- \/ Yoast SEO Premium plugin. -->","yoast_head_json":{"title":"Vikt\u00f3ria Cargas realiza 38 mil voos e investe no mercado externo - Motorista.com.br","robots":{"index":"index","follow":"follow","max-snippet":"max-snippet:-1","max-image-preview":"max-image-preview:large","max-video-preview":"max-video-preview:-1"},"canonical":"https:\/\/motorista.com.br\/noticias\/2026\/04\/30\/viktoria-cargas-realiza-38-mil-voos-e-investe-no-mercado-externo\/","og_locale":"pt_BR","og_type":"article","og_title":"Vikt\u00f3ria Cargas realiza 38 mil voos e investe no mercado externo","og_description":"Vikt\u00f3ria Cargas: Inova\u00e7\u00f5es que Transformam a Mobilidade e Benef\u00edcios aos Motoristas Expans\u00e3o e Impacto no Mercado Log\u00edstico A Vikt\u00f3ria Cargas, reconhecida por suas opera\u00e7\u00f5es no transporte a\u00e9reo de cargas, est\u00e1 em plena expans\u00e3o. Com um s\u00f3lido plano de crescimento, a empresa projeta abrir novas unidades em todas as regi\u00f5es do Brasil e at\u00e9 nos sete &hellip;","og_url":"https:\/\/motorista.com.br\/noticias\/2026\/04\/30\/viktoria-cargas-realiza-38-mil-voos-e-investe-no-mercado-externo\/","og_site_name":"Motorista.com.br","article_published_time":"2026-05-01T00:07:54+00:00","author":"Equipe Reda\u00e7\u00e3o","twitter_card":"summary_large_image","twitter_misc":{"Escrito por":"Equipe Reda\u00e7\u00e3o","Est. tempo de leitura":"2 minutos","Written by":"Equipe Reda\u00e7\u00e3o"},"schema":{"@context":"https:\/\/schema.org","@graph":[{"@type":"Article","@id":"https:\/\/motorista.com.br\/noticias\/2026\/04\/30\/viktoria-cargas-realiza-38-mil-voos-e-investe-no-mercado-externo\/#article","isPartOf":{"@id":"https:\/\/motorista.com.br\/noticias\/2026\/04\/30\/viktoria-cargas-realiza-38-mil-voos-e-investe-no-mercado-externo\/"},"author":{"name":"Equipe Reda\u00e7\u00e3o","@id":"https:\/\/motorista.com.br\/noticias\/#\/schema\/person\/dc93afc2981c0e3ce6bc3c053fd847be"},"headline":"Vikt\u00f3ria Cargas realiza 38 mil voos e investe no mercado externo","datePublished":"2026-05-01T00:07:54+00:00","mainEntityOfPage":{"@id":"https:\/\/motorista.com.br\/noticias\/2026\/04\/30\/viktoria-cargas-realiza-38-mil-voos-e-investe-no-mercado-externo\/"},"wordCount":496,"publisher":{"@id":"https:\/\/motorista.com.br\/noticias\/#organization"},"image":{"@id":"https:\/\/motorista.com.br\/noticias\/2026\/04\/30\/viktoria-cargas-realiza-38-mil-voos-e-investe-no-mercado-externo\/#primaryimage"},"thumbnailUrl":"https:\/\/motorista.com.br\/noticias\/wp-content\/uploads\/2026\/04\/ID-AB-1000-px-x-830-px-Viktoria.png","articleSection":["Log\u00edstica"],"inLanguage":"pt-BR"},{"@type":"WebPage","@id":"https:\/\/motorista.com.br\/noticias\/2026\/04\/30\/viktoria-cargas-realiza-38-mil-voos-e-investe-no-mercado-externo\/","url":"https:\/\/motorista.com.br\/noticias\/2026\/04\/30\/viktoria-cargas-realiza-38-mil-voos-e-investe-no-mercado-externo\/","name":"Vikt\u00f3ria Cargas realiza 38 mil voos e investe no mercado externo - Motorista.com.br","isPartOf":{"@id":"https:\/\/motorista.com.br\/noticias\/#website"},"primaryImageOfPage":{"@id":"https:\/\/motorista.com.br\/noticias\/2026\/04\/30\/viktoria-cargas-realiza-38-mil-voos-e-investe-no-mercado-externo\/#primaryimage"},"image":{"@id":"https:\/\/motorista.com.br\/noticias\/2026\/04\/30\/viktoria-cargas-realiza-38-mil-voos-e-investe-no-mercado-externo\/#primaryimage"},"thumbnailUrl":"https:\/\/motorista.com.br\/noticias\/wp-content\/uploads\/2026\/04\/ID-AB-1000-px-x-830-px-Viktoria.png","datePublished":"2026-05-01T00:07:54+00:00","breadcrumb":{"@id":"https:\/\/motorista.com.br\/noticias\/2026\/04\/30\/viktoria-cargas-realiza-38-mil-voos-e-investe-no-mercado-externo\/#breadcrumb"},"inLanguage":"pt-BR","potentialAction":[{"@type":"ReadAction","target":["https:\/\/motorista.com.br\/noticias\/2026\/04\/30\/viktoria-cargas-realiza-38-mil-voos-e-investe-no-mercado-externo\/"]}]},{"@type":"ImageObject","inLanguage":"pt-BR","@id":"https:\/\/motorista.com.br\/noticias\/2026\/04\/30\/viktoria-cargas-realiza-38-mil-voos-e-investe-no-mercado-externo\/#primaryimage","url":"https:\/\/motorista.com.br\/noticias\/wp-content\/uploads\/2026\/04\/ID-AB-1000-px-x-830-px-Viktoria.png","contentUrl":"https:\/\/motorista.com.br\/noticias\/wp-content\/uploads\/2026\/04\/ID-AB-1000-px-x-830-px-Viktoria.png","width":1000,"height":830},{"@type":"BreadcrumbList","@id":"https:\/\/motorista.com.br\/noticias\/2026\/04\/30\/viktoria-cargas-realiza-38-mil-voos-e-investe-no-mercado-externo\/#breadcrumb","itemListElement":[{"@type":"ListItem","position":1,"name":"In\u00edcio","item":"https:\/\/motorista.com.br\/noticias\/"},{"@type":"ListItem","position":2,"name":"Vikt\u00f3ria Cargas realiza 38 mil voos e investe no mercado externo"}]},{"@type":"WebSite","@id":"https:\/\/motorista.com.br\/noticias\/#website","url":"https:\/\/motorista.com.br\/noticias\/","name":"Motorista.com.br","description":"Not\u00edcia do Motorista","publisher":{"@id":"https:\/\/motorista.com.br\/noticias\/#organization"},"potentialAction":[{"@type":"SearchAction","target":{"@type":"EntryPoint","urlTemplate":"https:\/\/motorista.com.br\/noticias\/?s={search_term_string}"},"query-input":{"@type":"PropertyValueSpecification","valueRequired":true,"valueName":"search_term_string"}}],"inLanguage":"pt-BR"},{"@type":"Organization","@id":"https:\/\/motorista.com.br\/noticias\/#organization","name":"Motorista.com.br","url":"https:\/\/motorista.com.br\/noticias\/","logo":{"@type":"ImageObject","inLanguage":"pt-BR","@id":"https:\/\/motorista.com.br\/noticias\/#\/schema\/logo\/image\/","url":"https:\/\/motorista.com.br\/noticias\/wp-content\/uploads\/2025\/06\/Design-sem-nome-9.png","contentUrl":"https:\/\/motorista.com.br\/noticias\/wp-content\/uploads\/2025\/06\/Design-sem-nome-9.png","width":150,"height":85,"caption":"Motorista.com.br"},"image":{"@id":"https:\/\/motorista.com.br\/noticias\/#\/schema\/logo\/image\/"}},{"@type":"Person","@id":"https:\/\/motorista.com.br\/noticias\/#\/schema\/person\/dc93afc2981c0e3ce6bc3c053fd847be","name":"Equipe Reda\u00e7\u00e3o","image":{"@type":"ImageObject","inLanguage":"pt-BR","@id":"https:\/\/secure.gravatar.com\/avatar\/4f525efbf18dd2bb300ccad28bfb99d95a9465a5ba268407c8c37b37e1f28d2d?s=96&d=mm&r=g9e099043a0c61e9ae27e293b9fa75ffc","url":"https:\/\/secure.gravatar.com\/avatar\/4f525efbf18dd2bb300ccad28bfb99d95a9465a5ba268407c8c37b37e1f28d2d?s=96&d=mm&r=g","contentUrl":"https:\/\/secure.gravatar.com\/avatar\/4f525efbf18dd2bb300ccad28bfb99d95a9465a5ba268407c8c37b37e1f28d2d?s=96&d=mm&r=g","caption":"Equipe Reda\u00e7\u00e3o"},"description":"Equipe de reda\u00e7\u00e3o \u00e9 um grupo de profissionais que trabalham juntos para criar conte\u00fado escrito para Motorista.com.br","url":"https:\/\/motorista.com.br\/noticias\/author\/equiperedacao\/"}]}},"_links":{"self":[{"href":"https:\/\/motorista.com.br\/noticias\/wp-json\/wp\/v2\/posts\/9395","targetHints":{"allow":["GET"]}}],"collection":[{"href":"https:\/\/motorista.com.br\/noticias\/wp-json\/wp\/v2\/posts"}],"about":[{"href":"https:\/\/motorista.com.br\/noticias\/wp-json\/wp\/v2\/types\/post"}],"author":[{"embeddable":true,"href":"https:\/\/motorista.com.br\/noticias\/wp-json\/wp\/v2\/users\/4"}],"replies":[{"embeddable":true,"href":"https:\/\/motorista.com.br\/noticias\/wp-json\/wp\/v2\/comments?post=9395"}],"version-history":[{"count":0,"href":"https:\/\/motorista.com.br\/noticias\/wp-json\/wp\/v2\/posts\/9395\/revisions"}],"wp:featuredmedia":[{"embeddable":true,"href":"https:\/\/motorista.com.br\/noticias\/wp-json\/wp\/v2\/media\/9396"}],"wp:attachment":[{"href":"https:\/\/motorista.com.br\/noticias\/wp-json\/wp\/v2\/media?parent=9395"}],"wp:term":[{"taxonomy":"category","embeddable":true,"href":"https:\/\/motorista.com.br\/noticias\/wp-json\/wp\/v2\/categories?post=9395"},{"taxonomy":"post_tag","embeddable":true,"href":"https:\/\/motorista.com.br\/noticias\/wp-json\/wp\/v2\/tags?post=9395"},{"taxonomy":"author","embeddable":true,"href":"https:\/\/motorista.com.br\/noticias\/wp-json\/wp\/v2\/coauthors?post=9395"}],"curies":[{"name":"wp","href":"https:\/\/api.w.org\/{rel}","templated":true}]}}