{"id":9394,"date":"2026-04-30T21:07:52","date_gmt":"2026-05-01T00:07:52","guid":{"rendered":"https:\/\/motorista.com.br\/noticias\/2026\/04\/30\/viktoria-cargas-realiza-38-mil-voos-e-foca-no-mercado-global\/"},"modified":"2026-04-30T21:07:52","modified_gmt":"2026-05-01T00:07:52","slug":"viktoria-cargas-realiza-38-mil-voos-e-foca-no-mercado-global","status":"publish","type":"post","link":"https:\/\/motorista.com.br\/noticias\/2026\/04\/30\/viktoria-cargas-realiza-38-mil-voos-e-foca-no-mercado-global\/","title":{"rendered":"Vikt\u00f3ria Cargas realiza 38 mil voos e foca no mercado global."},"content":{"rendered":"<p><\/p>\n<h3>Vikt\u00f3ria Cargas faz 38 mil opera\u00e7\u00f5es a\u00e9reas e aposta no mercado internacional<\/h3>\n<h4>Proje\u00e7\u00f5es de Crescimento e Expans\u00e3o<\/h4>\n<p>A Vikt\u00f3ria Cargas est\u00e1 se posicionando para um crescimento consider\u00e1vel, prevendo novas unidades operacionais em diversas localidades ao redor do mundo, com um faturamento estimado de R$ 200 milh\u00f5es at\u00e9 2030. Para essa expans\u00e3o significativa da log\u00edstica multicanal, a empresa planeja investir R$ 80 milh\u00f5es at\u00e9 2030.<\/p>\n<p>Com 27 hubs log\u00edsticos espalhados pelos estados e pelo Distrito Federal, a Vikt\u00f3ria Cargas j\u00e1 se destacou no setor de cargas expressas e convencionais, registrando um crescimento de 10% no faturamento bruto em 2025. Tendo movimentado mais de 7 mil toneladas de carga e realizado 38 mil entregas e coletas, a companhia se destaca especialmente no transporte a\u00e9reo, respondendo a uma demanda crescente neste segmento.<\/p>\n<p>Esse aumento expressivo nas opera\u00e7\u00f5es log\u00edsticas, que cresce a uma taxa de 15% em compara\u00e7\u00e3o a 2024, \u00e9 um reflexo n\u00e3o apenas da efici\u00eancia operacional, mas tamb\u00e9m da colabora\u00e7\u00e3o com grandes companhias a\u00e9reas como Latam, Gol e Azul, fundamentais para otimizar as opera\u00e7\u00f5es de transporte.<\/p>\n<h4>Impactos na Mobilidade e Benef\u00edcios aos Motoristas<\/h4>\n<p>A evolu\u00e7\u00e3o da Vikt\u00f3ria Cargas traz um impacto direto na mobilidade urbana e nas condi\u00e7\u00f5es de trabalho dos motoristas. O aumento nas opera\u00e7\u00f5es log\u00edsticas significa que h\u00e1 uma maior demanda por profissionais qualificados, o que pode estimular a cria\u00e7\u00e3o de postos de trabalho (diretos e indiretos) no setor de transporte. Com a expans\u00e3o da frota e a atualiza\u00e7\u00e3o de ve\u00edculos, as empresas est\u00e3o cada vez mais investindo em tecnologias sustent\u00e1veis, como caminh\u00f5es el\u00e9tricos, que contribuem para uma mobilidade urbana mais verde e menos poluente.<\/p>\n<p>Al\u00e9m disso, a constru\u00e7\u00e3o de novos hubs log\u00edsticos, como o localizado em Manaus, contribuir\u00e1 para a redu\u00e7\u00e3o do tempo de entrega em at\u00e9 25%. Essa efic\u00e1cia n\u00e3o apenas melhora o servi\u00e7o prestado aos clientes, como tamb\u00e9m otimiza as rotas de entrega, diminuindo a press\u00e3o sobre o tr\u00e1fego nas cidades e beneficiando os motoristas que enfrentam condi\u00e7\u00f5es mais favor\u00e1veis nas estradas.<\/p>\n<h4>Planos de Expans\u00e3o e Inova\u00e7\u00e3o<\/h4>\n<p>De 2026 a 2030, a Vikt\u00f3ria Cargas projeta um crescimento anual de 20% a 30%, refor\u00e7ando sua presen\u00e7a no mercado internacional e fomentando o com\u00e9rcio exterior. A CEO Selly Sayed detalha que as iniciativas incluem a cria\u00e7\u00e3o de departamentos espec\u00edficos voltados ao mercado internacional, introdu\u00e7\u00e3o de novas tecnologias e investimentos em infraestrutura, como bases comerciais em aeroportos.<\/p>\n<p>Essa transforma\u00e7\u00e3o n\u00e3o apenas promete diversificar os servi\u00e7os ofertados, mas tamb\u00e9m amplia o escopo de atua\u00e7\u00e3o dos motoristas, que se beneficiar\u00e3o de novas oportunidades de trabalho e do fortalecimento da economia local e nacional.<\/p>\n<h4>Conclus\u00e3o<\/h4>\n<p>A Vikt\u00f3ria Cargas est\u00e1 se afirmando como uma refer\u00eancia em opera\u00e7\u00f5es log\u00edsticas no Brasil e al\u00e9m, contribuindo para otimizar a mobilidade urbana e oferecendo melhores condi\u00e7\u00f5es para motoristas. Com planos ambiciosos e uma estrat\u00e9gia bem definida, a empresa se destaca como um modelo de crescimento sustent\u00e1vel que integra efici\u00eancia, inova\u00e7\u00e3o e responsabilidade social.<\/p>\n<p><strong>Fonte: Abralog<\/strong><\/p>\n","protected":false},"excerpt":{"rendered":"<p>Vikt\u00f3ria Cargas faz 38 mil opera\u00e7\u00f5es a\u00e9reas e aposta no mercado internacional Proje\u00e7\u00f5es de Crescimento e Expans\u00e3o A Vikt\u00f3ria Cargas est\u00e1 se posicionando para um crescimento consider\u00e1vel, prevendo novas unidades operacionais em diversas localidades ao redor do mundo, com um faturamento estimado de R$ 200 milh\u00f5es at\u00e9 2030. Para essa expans\u00e3o significativa da log\u00edstica multicanal, &hellip;<\/p>\n","protected":false},"author":4,"featured_media":9396,"comment_status":"","ping_status":"open","sticky":false,"template":"","format":"standard","meta":{"footnotes":""},"categories":[62],"tags":[],"coauthors":[42],"class_list":["post-9394","post","type-post","status-publish","format-standard","has-post-thumbnail","hentry","category-logistica"],"yoast_head":"<!-- This site is optimized with the Yoast SEO Premium plugin v25.5 (Yoast SEO v27.5) - https:\/\/yoast.com\/product\/yoast-seo-premium-wordpress\/ -->\n<title>Vikt\u00f3ria Cargas realiza 38 mil voos e foca no mercado global. - Motorista.com.br<\/title>\n<meta name=\"robots\" content=\"index, follow, max-snippet:-1, max-image-preview:large, max-video-preview:-1\" \/>\n<link rel=\"canonical\" href=\"https:\/\/motorista.com.br\/noticias\/2026\/04\/30\/viktoria-cargas-realiza-38-mil-voos-e-foca-no-mercado-global\/\" \/>\n<meta property=\"og:locale\" content=\"pt_BR\" \/>\n<meta property=\"og:type\" content=\"article\" \/>\n<meta property=\"og:title\" content=\"Vikt\u00f3ria Cargas realiza 38 mil voos e foca no mercado global.\" \/>\n<meta property=\"og:description\" content=\"Vikt\u00f3ria Cargas faz 38 mil opera\u00e7\u00f5es a\u00e9reas e aposta no mercado internacional Proje\u00e7\u00f5es de Crescimento e Expans\u00e3o A Vikt\u00f3ria Cargas est\u00e1 se posicionando para um crescimento consider\u00e1vel, prevendo novas unidades operacionais em diversas localidades ao redor do mundo, com um faturamento estimado de R$ 200 milh\u00f5es at\u00e9 2030. Para essa expans\u00e3o significativa da log\u00edstica multicanal, &hellip;\" \/>\n<meta property=\"og:url\" content=\"https:\/\/motorista.com.br\/noticias\/2026\/04\/30\/viktoria-cargas-realiza-38-mil-voos-e-foca-no-mercado-global\/\" \/>\n<meta property=\"og:site_name\" content=\"Motorista.com.br\" \/>\n<meta property=\"article:published_time\" content=\"2026-05-01T00:07:52+00:00\" \/>\n<meta name=\"author\" content=\"Equipe Reda\u00e7\u00e3o\" \/>\n<meta name=\"twitter:card\" content=\"summary_large_image\" \/>\n<meta name=\"twitter:label1\" content=\"Escrito por\" \/>\n\t<meta name=\"twitter:data1\" content=\"Equipe Reda\u00e7\u00e3o\" \/>\n\t<meta name=\"twitter:label2\" content=\"Est. tempo de leitura\" \/>\n\t<meta name=\"twitter:data2\" content=\"3 minutos\" \/>\n\t<meta name=\"twitter:label3\" content=\"Written by\" \/>\n\t<meta name=\"twitter:data3\" content=\"Equipe Reda\u00e7\u00e3o\" \/>\n<script type=\"application\/ld+json\" class=\"yoast-schema-graph\">{\"@context\":\"https:\\\/\\\/schema.org\",\"@graph\":[{\"@type\":\"Article\",\"@id\":\"https:\\\/\\\/motorista.com.br\\\/noticias\\\/2026\\\/04\\\/30\\\/viktoria-cargas-realiza-38-mil-voos-e-foca-no-mercado-global\\\/#article\",\"isPartOf\":{\"@id\":\"https:\\\/\\\/motorista.com.br\\\/noticias\\\/2026\\\/04\\\/30\\\/viktoria-cargas-realiza-38-mil-voos-e-foca-no-mercado-global\\\/\"},\"author\":{\"name\":\"Equipe Reda\u00e7\u00e3o\",\"@id\":\"https:\\\/\\\/motorista.com.br\\\/noticias\\\/#\\\/schema\\\/person\\\/dc93afc2981c0e3ce6bc3c053fd847be\"},\"headline\":\"Vikt\u00f3ria Cargas realiza 38 mil voos e foca no mercado global.\",\"datePublished\":\"2026-05-01T00:07:52+00:00\",\"mainEntityOfPage\":{\"@id\":\"https:\\\/\\\/motorista.com.br\\\/noticias\\\/2026\\\/04\\\/30\\\/viktoria-cargas-realiza-38-mil-voos-e-foca-no-mercado-global\\\/\"},\"wordCount\":545,\"publisher\":{\"@id\":\"https:\\\/\\\/motorista.com.br\\\/noticias\\\/#organization\"},\"image\":{\"@id\":\"https:\\\/\\\/motorista.com.br\\\/noticias\\\/2026\\\/04\\\/30\\\/viktoria-cargas-realiza-38-mil-voos-e-foca-no-mercado-global\\\/#primaryimage\"},\"thumbnailUrl\":\"https:\\\/\\\/motorista.com.br\\\/noticias\\\/wp-content\\\/uploads\\\/2026\\\/04\\\/ID-AB-1000-px-x-830-px-Viktoria.png\",\"articleSection\":[\"Log\u00edstica\"],\"inLanguage\":\"pt-BR\"},{\"@type\":\"WebPage\",\"@id\":\"https:\\\/\\\/motorista.com.br\\\/noticias\\\/2026\\\/04\\\/30\\\/viktoria-cargas-realiza-38-mil-voos-e-foca-no-mercado-global\\\/\",\"url\":\"https:\\\/\\\/motorista.com.br\\\/noticias\\\/2026\\\/04\\\/30\\\/viktoria-cargas-realiza-38-mil-voos-e-foca-no-mercado-global\\\/\",\"name\":\"Vikt\u00f3ria Cargas realiza 38 mil voos e foca no mercado global. - Motorista.com.br\",\"isPartOf\":{\"@id\":\"https:\\\/\\\/motorista.com.br\\\/noticias\\\/#website\"},\"primaryImageOfPage\":{\"@id\":\"https:\\\/\\\/motorista.com.br\\\/noticias\\\/2026\\\/04\\\/30\\\/viktoria-cargas-realiza-38-mil-voos-e-foca-no-mercado-global\\\/#primaryimage\"},\"image\":{\"@id\":\"https:\\\/\\\/motorista.com.br\\\/noticias\\\/2026\\\/04\\\/30\\\/viktoria-cargas-realiza-38-mil-voos-e-foca-no-mercado-global\\\/#primaryimage\"},\"thumbnailUrl\":\"https:\\\/\\\/motorista.com.br\\\/noticias\\\/wp-content\\\/uploads\\\/2026\\\/04\\\/ID-AB-1000-px-x-830-px-Viktoria.png\",\"datePublished\":\"2026-05-01T00:07:52+00:00\",\"breadcrumb\":{\"@id\":\"https:\\\/\\\/motorista.com.br\\\/noticias\\\/2026\\\/04\\\/30\\\/viktoria-cargas-realiza-38-mil-voos-e-foca-no-mercado-global\\\/#breadcrumb\"},\"inLanguage\":\"pt-BR\",\"potentialAction\":[{\"@type\":\"ReadAction\",\"target\":[\"https:\\\/\\\/motorista.com.br\\\/noticias\\\/2026\\\/04\\\/30\\\/viktoria-cargas-realiza-38-mil-voos-e-foca-no-mercado-global\\\/\"]}]},{\"@type\":\"ImageObject\",\"inLanguage\":\"pt-BR\",\"@id\":\"https:\\\/\\\/motorista.com.br\\\/noticias\\\/2026\\\/04\\\/30\\\/viktoria-cargas-realiza-38-mil-voos-e-foca-no-mercado-global\\\/#primaryimage\",\"url\":\"https:\\\/\\\/motorista.com.br\\\/noticias\\\/wp-content\\\/uploads\\\/2026\\\/04\\\/ID-AB-1000-px-x-830-px-Viktoria.png\",\"contentUrl\":\"https:\\\/\\\/motorista.com.br\\\/noticias\\\/wp-content\\\/uploads\\\/2026\\\/04\\\/ID-AB-1000-px-x-830-px-Viktoria.png\",\"width\":1000,\"height\":830},{\"@type\":\"BreadcrumbList\",\"@id\":\"https:\\\/\\\/motorista.com.br\\\/noticias\\\/2026\\\/04\\\/30\\\/viktoria-cargas-realiza-38-mil-voos-e-foca-no-mercado-global\\\/#breadcrumb\",\"itemListElement\":[{\"@type\":\"ListItem\",\"position\":1,\"name\":\"In\u00edcio\",\"item\":\"https:\\\/\\\/motorista.com.br\\\/noticias\\\/\"},{\"@type\":\"ListItem\",\"position\":2,\"name\":\"Vikt\u00f3ria Cargas realiza 38 mil voos e foca no mercado global.\"}]},{\"@type\":\"WebSite\",\"@id\":\"https:\\\/\\\/motorista.com.br\\\/noticias\\\/#website\",\"url\":\"https:\\\/\\\/motorista.com.br\\\/noticias\\\/\",\"name\":\"Motorista.com.br\",\"description\":\"Not\u00edcia do Motorista\",\"publisher\":{\"@id\":\"https:\\\/\\\/motorista.com.br\\\/noticias\\\/#organization\"},\"potentialAction\":[{\"@type\":\"SearchAction\",\"target\":{\"@type\":\"EntryPoint\",\"urlTemplate\":\"https:\\\/\\\/motorista.com.br\\\/noticias\\\/?s={search_term_string}\"},\"query-input\":{\"@type\":\"PropertyValueSpecification\",\"valueRequired\":true,\"valueName\":\"search_term_string\"}}],\"inLanguage\":\"pt-BR\"},{\"@type\":\"Organization\",\"@id\":\"https:\\\/\\\/motorista.com.br\\\/noticias\\\/#organization\",\"name\":\"Motorista.com.br\",\"url\":\"https:\\\/\\\/motorista.com.br\\\/noticias\\\/\",\"logo\":{\"@type\":\"ImageObject\",\"inLanguage\":\"pt-BR\",\"@id\":\"https:\\\/\\\/motorista.com.br\\\/noticias\\\/#\\\/schema\\\/logo\\\/image\\\/\",\"url\":\"https:\\\/\\\/motorista.com.br\\\/noticias\\\/wp-content\\\/uploads\\\/2025\\\/06\\\/Design-sem-nome-9.png\",\"contentUrl\":\"https:\\\/\\\/motorista.com.br\\\/noticias\\\/wp-content\\\/uploads\\\/2025\\\/06\\\/Design-sem-nome-9.png\",\"width\":150,\"height\":85,\"caption\":\"Motorista.com.br\"},\"image\":{\"@id\":\"https:\\\/\\\/motorista.com.br\\\/noticias\\\/#\\\/schema\\\/logo\\\/image\\\/\"}},{\"@type\":\"Person\",\"@id\":\"https:\\\/\\\/motorista.com.br\\\/noticias\\\/#\\\/schema\\\/person\\\/dc93afc2981c0e3ce6bc3c053fd847be\",\"name\":\"Equipe Reda\u00e7\u00e3o\",\"image\":{\"@type\":\"ImageObject\",\"inLanguage\":\"pt-BR\",\"@id\":\"https:\\\/\\\/secure.gravatar.com\\\/avatar\\\/4f525efbf18dd2bb300ccad28bfb99d95a9465a5ba268407c8c37b37e1f28d2d?s=96&d=mm&r=g9e099043a0c61e9ae27e293b9fa75ffc\",\"url\":\"https:\\\/\\\/secure.gravatar.com\\\/avatar\\\/4f525efbf18dd2bb300ccad28bfb99d95a9465a5ba268407c8c37b37e1f28d2d?s=96&d=mm&r=g\",\"contentUrl\":\"https:\\\/\\\/secure.gravatar.com\\\/avatar\\\/4f525efbf18dd2bb300ccad28bfb99d95a9465a5ba268407c8c37b37e1f28d2d?s=96&d=mm&r=g\",\"caption\":\"Equipe Reda\u00e7\u00e3o\"},\"description\":\"Equipe de reda\u00e7\u00e3o \u00e9 um grupo de profissionais que trabalham juntos para criar conte\u00fado escrito para Motorista.com.br\",\"url\":\"https:\\\/\\\/motorista.com.br\\\/noticias\\\/author\\\/equiperedacao\\\/\"}]}<\/script>\n<!-- \/ Yoast SEO Premium plugin. -->","yoast_head_json":{"title":"Vikt\u00f3ria Cargas realiza 38 mil voos e foca no mercado global. - Motorista.com.br","robots":{"index":"index","follow":"follow","max-snippet":"max-snippet:-1","max-image-preview":"max-image-preview:large","max-video-preview":"max-video-preview:-1"},"canonical":"https:\/\/motorista.com.br\/noticias\/2026\/04\/30\/viktoria-cargas-realiza-38-mil-voos-e-foca-no-mercado-global\/","og_locale":"pt_BR","og_type":"article","og_title":"Vikt\u00f3ria Cargas realiza 38 mil voos e foca no mercado global.","og_description":"Vikt\u00f3ria Cargas faz 38 mil opera\u00e7\u00f5es a\u00e9reas e aposta no mercado internacional Proje\u00e7\u00f5es de Crescimento e Expans\u00e3o A Vikt\u00f3ria Cargas est\u00e1 se posicionando para um crescimento consider\u00e1vel, prevendo novas unidades operacionais em diversas localidades ao redor do mundo, com um faturamento estimado de R$ 200 milh\u00f5es at\u00e9 2030. Para essa expans\u00e3o significativa da log\u00edstica multicanal, &hellip;","og_url":"https:\/\/motorista.com.br\/noticias\/2026\/04\/30\/viktoria-cargas-realiza-38-mil-voos-e-foca-no-mercado-global\/","og_site_name":"Motorista.com.br","article_published_time":"2026-05-01T00:07:52+00:00","author":"Equipe Reda\u00e7\u00e3o","twitter_card":"summary_large_image","twitter_misc":{"Escrito por":"Equipe Reda\u00e7\u00e3o","Est. tempo de leitura":"3 minutos","Written by":"Equipe Reda\u00e7\u00e3o"},"schema":{"@context":"https:\/\/schema.org","@graph":[{"@type":"Article","@id":"https:\/\/motorista.com.br\/noticias\/2026\/04\/30\/viktoria-cargas-realiza-38-mil-voos-e-foca-no-mercado-global\/#article","isPartOf":{"@id":"https:\/\/motorista.com.br\/noticias\/2026\/04\/30\/viktoria-cargas-realiza-38-mil-voos-e-foca-no-mercado-global\/"},"author":{"name":"Equipe Reda\u00e7\u00e3o","@id":"https:\/\/motorista.com.br\/noticias\/#\/schema\/person\/dc93afc2981c0e3ce6bc3c053fd847be"},"headline":"Vikt\u00f3ria Cargas realiza 38 mil voos e foca no mercado global.","datePublished":"2026-05-01T00:07:52+00:00","mainEntityOfPage":{"@id":"https:\/\/motorista.com.br\/noticias\/2026\/04\/30\/viktoria-cargas-realiza-38-mil-voos-e-foca-no-mercado-global\/"},"wordCount":545,"publisher":{"@id":"https:\/\/motorista.com.br\/noticias\/#organization"},"image":{"@id":"https:\/\/motorista.com.br\/noticias\/2026\/04\/30\/viktoria-cargas-realiza-38-mil-voos-e-foca-no-mercado-global\/#primaryimage"},"thumbnailUrl":"https:\/\/motorista.com.br\/noticias\/wp-content\/uploads\/2026\/04\/ID-AB-1000-px-x-830-px-Viktoria.png","articleSection":["Log\u00edstica"],"inLanguage":"pt-BR"},{"@type":"WebPage","@id":"https:\/\/motorista.com.br\/noticias\/2026\/04\/30\/viktoria-cargas-realiza-38-mil-voos-e-foca-no-mercado-global\/","url":"https:\/\/motorista.com.br\/noticias\/2026\/04\/30\/viktoria-cargas-realiza-38-mil-voos-e-foca-no-mercado-global\/","name":"Vikt\u00f3ria Cargas realiza 38 mil voos e foca no mercado global. - Motorista.com.br","isPartOf":{"@id":"https:\/\/motorista.com.br\/noticias\/#website"},"primaryImageOfPage":{"@id":"https:\/\/motorista.com.br\/noticias\/2026\/04\/30\/viktoria-cargas-realiza-38-mil-voos-e-foca-no-mercado-global\/#primaryimage"},"image":{"@id":"https:\/\/motorista.com.br\/noticias\/2026\/04\/30\/viktoria-cargas-realiza-38-mil-voos-e-foca-no-mercado-global\/#primaryimage"},"thumbnailUrl":"https:\/\/motorista.com.br\/noticias\/wp-content\/uploads\/2026\/04\/ID-AB-1000-px-x-830-px-Viktoria.png","datePublished":"2026-05-01T00:07:52+00:00","breadcrumb":{"@id":"https:\/\/motorista.com.br\/noticias\/2026\/04\/30\/viktoria-cargas-realiza-38-mil-voos-e-foca-no-mercado-global\/#breadcrumb"},"inLanguage":"pt-BR","potentialAction":[{"@type":"ReadAction","target":["https:\/\/motorista.com.br\/noticias\/2026\/04\/30\/viktoria-cargas-realiza-38-mil-voos-e-foca-no-mercado-global\/"]}]},{"@type":"ImageObject","inLanguage":"pt-BR","@id":"https:\/\/motorista.com.br\/noticias\/2026\/04\/30\/viktoria-cargas-realiza-38-mil-voos-e-foca-no-mercado-global\/#primaryimage","url":"https:\/\/motorista.com.br\/noticias\/wp-content\/uploads\/2026\/04\/ID-AB-1000-px-x-830-px-Viktoria.png","contentUrl":"https:\/\/motorista.com.br\/noticias\/wp-content\/uploads\/2026\/04\/ID-AB-1000-px-x-830-px-Viktoria.png","width":1000,"height":830},{"@type":"BreadcrumbList","@id":"https:\/\/motorista.com.br\/noticias\/2026\/04\/30\/viktoria-cargas-realiza-38-mil-voos-e-foca-no-mercado-global\/#breadcrumb","itemListElement":[{"@type":"ListItem","position":1,"name":"In\u00edcio","item":"https:\/\/motorista.com.br\/noticias\/"},{"@type":"ListItem","position":2,"name":"Vikt\u00f3ria Cargas realiza 38 mil voos e foca no mercado global."}]},{"@type":"WebSite","@id":"https:\/\/motorista.com.br\/noticias\/#website","url":"https:\/\/motorista.com.br\/noticias\/","name":"Motorista.com.br","description":"Not\u00edcia do Motorista","publisher":{"@id":"https:\/\/motorista.com.br\/noticias\/#organization"},"potentialAction":[{"@type":"SearchAction","target":{"@type":"EntryPoint","urlTemplate":"https:\/\/motorista.com.br\/noticias\/?s={search_term_string}"},"query-input":{"@type":"PropertyValueSpecification","valueRequired":true,"valueName":"search_term_string"}}],"inLanguage":"pt-BR"},{"@type":"Organization","@id":"https:\/\/motorista.com.br\/noticias\/#organization","name":"Motorista.com.br","url":"https:\/\/motorista.com.br\/noticias\/","logo":{"@type":"ImageObject","inLanguage":"pt-BR","@id":"https:\/\/motorista.com.br\/noticias\/#\/schema\/logo\/image\/","url":"https:\/\/motorista.com.br\/noticias\/wp-content\/uploads\/2025\/06\/Design-sem-nome-9.png","contentUrl":"https:\/\/motorista.com.br\/noticias\/wp-content\/uploads\/2025\/06\/Design-sem-nome-9.png","width":150,"height":85,"caption":"Motorista.com.br"},"image":{"@id":"https:\/\/motorista.com.br\/noticias\/#\/schema\/logo\/image\/"}},{"@type":"Person","@id":"https:\/\/motorista.com.br\/noticias\/#\/schema\/person\/dc93afc2981c0e3ce6bc3c053fd847be","name":"Equipe Reda\u00e7\u00e3o","image":{"@type":"ImageObject","inLanguage":"pt-BR","@id":"https:\/\/secure.gravatar.com\/avatar\/4f525efbf18dd2bb300ccad28bfb99d95a9465a5ba268407c8c37b37e1f28d2d?s=96&d=mm&r=g9e099043a0c61e9ae27e293b9fa75ffc","url":"https:\/\/secure.gravatar.com\/avatar\/4f525efbf18dd2bb300ccad28bfb99d95a9465a5ba268407c8c37b37e1f28d2d?s=96&d=mm&r=g","contentUrl":"https:\/\/secure.gravatar.com\/avatar\/4f525efbf18dd2bb300ccad28bfb99d95a9465a5ba268407c8c37b37e1f28d2d?s=96&d=mm&r=g","caption":"Equipe Reda\u00e7\u00e3o"},"description":"Equipe de reda\u00e7\u00e3o \u00e9 um grupo de profissionais que trabalham juntos para criar conte\u00fado escrito para Motorista.com.br","url":"https:\/\/motorista.com.br\/noticias\/author\/equiperedacao\/"}]}},"_links":{"self":[{"href":"https:\/\/motorista.com.br\/noticias\/wp-json\/wp\/v2\/posts\/9394","targetHints":{"allow":["GET"]}}],"collection":[{"href":"https:\/\/motorista.com.br\/noticias\/wp-json\/wp\/v2\/posts"}],"about":[{"href":"https:\/\/motorista.com.br\/noticias\/wp-json\/wp\/v2\/types\/post"}],"author":[{"embeddable":true,"href":"https:\/\/motorista.com.br\/noticias\/wp-json\/wp\/v2\/users\/4"}],"replies":[{"embeddable":true,"href":"https:\/\/motorista.com.br\/noticias\/wp-json\/wp\/v2\/comments?post=9394"}],"version-history":[{"count":0,"href":"https:\/\/motorista.com.br\/noticias\/wp-json\/wp\/v2\/posts\/9394\/revisions"}],"wp:featuredmedia":[{"embeddable":true,"href":"https:\/\/motorista.com.br\/noticias\/wp-json\/wp\/v2\/media\/9396"}],"wp:attachment":[{"href":"https:\/\/motorista.com.br\/noticias\/wp-json\/wp\/v2\/media?parent=9394"}],"wp:term":[{"taxonomy":"category","embeddable":true,"href":"https:\/\/motorista.com.br\/noticias\/wp-json\/wp\/v2\/categories?post=9394"},{"taxonomy":"post_tag","embeddable":true,"href":"https:\/\/motorista.com.br\/noticias\/wp-json\/wp\/v2\/tags?post=9394"},{"taxonomy":"author","embeddable":true,"href":"https:\/\/motorista.com.br\/noticias\/wp-json\/wp\/v2\/coauthors?post=9394"}],"curies":[{"name":"wp","href":"https:\/\/api.w.org\/{rel}","templated":true}]}}