{"id":9389,"date":"2026-04-30T19:05:22","date_gmt":"2026-04-30T22:05:22","guid":{"rendered":"https:\/\/motorista.com.br\/noticias\/2026\/04\/30\/desemprego-no-1o-trimestre-atinge-61-recorde-historico\/"},"modified":"2026-04-30T19:05:22","modified_gmt":"2026-04-30T22:05:22","slug":"desemprego-no-1o-trimestre-atinge-61-recorde-historico","status":"publish","type":"post","link":"https:\/\/motorista.com.br\/noticias\/2026\/04\/30\/desemprego-no-1o-trimestre-atinge-61-recorde-historico\/","title":{"rendered":"Desemprego no 1\u00ba trimestre atinge 6,1%, recorde hist\u00f3rico."},"content":{"rendered":"<p><\/p>\n<h3>Desemprego no 1\u00ba Trimestre \u00e9 de 6,1%, o Menor J\u00e1 Registrado no Per\u00edodo \u2013 SETCESP<\/h3>\n<p>A pesquisa mais recente revela que a taxa de desemprego no Brasil atingiu 6,1% no primeiro trimestre de 2026, configurando-se como a menor taxa para esse per\u00edodo desde o in\u00edcio da s\u00e9rie hist\u00f3rica em 2012. Com 6,6 milh\u00f5es de pessoas em busca de trabalho, ainda h\u00e1 desafios significativos, mas a compara\u00e7\u00e3o com os dados do ano anterior, que marcam uma taxa de 7% no mesmo trimestre, traz um alento.<\/p>\n<p>Esse cen\u00e1rio apresenta potenciais impactos positivos na mobilidade, especialmente para motoristas e trabalhadores que dependem do transporte. A redu\u00e7\u00e3o da informalidade no mercado de trabalho, que atingiu 37,3% da popula\u00e7\u00e3o ocupada, sugere que mais profissionais podem estar em situa\u00e7\u00f5es de trabalho formal, o que \u00e9 crucial para garantir direitos trabalhistas e, consequentemente, uma maior estabilidade econ\u00f4mica. <\/p>\n<p>A estabilidade econ\u00f4mica \u00e9 vital para a mobilidade. Motoristas aut\u00f4nomos e aqueles que trabalham com transporte de passageiros se beneficiam diretamente de um ambiente onde mais pessoas est\u00e3o empregadas e, portanto, com maior renda dispon\u00edvel para gastar em servi\u00e7os de transporte. Al\u00e9m disso, um aumento na gera\u00e7\u00e3o de empregos tende a aliviar os congestionamentos, j\u00e1 que mais indiv\u00edduos podem optar por alternativas de transporte coletivo, ajudando a tornar as cidades mais acess\u00edveis e menos polu\u00eddas.<\/p>\n<p>Entretanto, o comportamento sazonal do mercado de trabalho evidenciado neste primeiro trimestre \u00e9 um fator que n\u00e3o pode ser ignorado. A diminui\u00e7\u00e3o de empregos em setores como com\u00e9rcio e administra\u00e7\u00e3o p\u00fablica sugere que os motoristas que atendem a esses p\u00fablicos podem enfrentar desafios passageiros, especialmente durante per\u00edodos de menor atividade econ\u00f4mica. A adapta\u00e7\u00e3o e diversifica\u00e7\u00e3o dos servi\u00e7os oferecidos podem ser estrat\u00e9gias valiosas para lidar com essas flutua\u00e7\u00f5es.<\/p>\n<p>Por outro lado, a not\u00edcia de um saldo positivo na cria\u00e7\u00e3o de vagas formais, com 228 mil novos postos, oferece uma nova perspectiva para o setor de transporte. A certeza de que mais pessoas est\u00e3o se inserindo no mercado de trabalho pode acarretar um aumento na demanda por transporte, desde o carro particular at\u00e9 aplicativos de carona, pelos novos trabalhadores em busca de deslocamentos para seus empregos.<\/p>\n<p>Neste contexto, o papel da informa\u00e7\u00e3o e da atualiza\u00e7\u00e3o constante s\u00e3o fundamentais. Motoristas que se mant\u00eam informados sobre a economia local e as tend\u00eancias de mercado podem n\u00e3o apenas se adaptar melhor, mas tamb\u00e9m se posicionar para aproveitar oportunidades emergentes. Essa proatividade \u00e9 essencial em um cen\u00e1rio din\u00e2mico, onde a mobilidade e a economia andam de m\u00e3os dadas.<\/p>\n<p>A s\u00e9rie de dados apresentados indica um cen\u00e1rio de esperan\u00e7a, mas tamb\u00e9m demanda aten\u00e7\u00e3o e adapta\u00e7\u00e3o por parte dos motoristas e trabalhadores do transporte. A combina\u00e7\u00e3o de um mercado de trabalho em recupera\u00e7\u00e3o e um ambiente econ\u00f4mico mais est\u00e1vel \u00e9 uma \u00f3tima not\u00edcia para todos, prometendo um futuro mais promissor para a mobilidade urbana no Brasil.<\/p>\n<p><strong>Fonte: SETCESP<\/strong><\/p>\n","protected":false},"excerpt":{"rendered":"<p>Desemprego no 1\u00ba Trimestre \u00e9 de 6,1%, o Menor J\u00e1 Registrado no Per\u00edodo \u2013 SETCESP A pesquisa mais recente revela que a taxa de desemprego no Brasil atingiu 6,1% no primeiro trimestre de 2026, configurando-se como a menor taxa para esse per\u00edodo desde o in\u00edcio da s\u00e9rie hist\u00f3rica em 2012. Com 6,6 milh\u00f5es de pessoas &hellip;<\/p>\n","protected":false},"author":4,"featured_media":9390,"comment_status":"","ping_status":"open","sticky":false,"template":"","format":"standard","meta":{"footnotes":""},"categories":[62],"tags":[],"coauthors":[42],"class_list":["post-9389","post","type-post","status-publish","format-standard","has-post-thumbnail","hentry","category-logistica"],"yoast_head":"<!-- This site is optimized with the Yoast SEO Premium plugin v25.5 (Yoast SEO v27.5) - https:\/\/yoast.com\/product\/yoast-seo-premium-wordpress\/ -->\n<title>Desemprego no 1\u00ba trimestre atinge 6,1%, recorde hist\u00f3rico. - Motorista.com.br<\/title>\n<meta name=\"robots\" content=\"index, follow, max-snippet:-1, max-image-preview:large, max-video-preview:-1\" \/>\n<link rel=\"canonical\" href=\"https:\/\/motorista.com.br\/noticias\/2026\/04\/30\/desemprego-no-1o-trimestre-atinge-61-recorde-historico\/\" \/>\n<meta property=\"og:locale\" content=\"pt_BR\" \/>\n<meta property=\"og:type\" content=\"article\" \/>\n<meta property=\"og:title\" content=\"Desemprego no 1\u00ba trimestre atinge 6,1%, recorde hist\u00f3rico.\" \/>\n<meta property=\"og:description\" content=\"Desemprego no 1\u00ba Trimestre \u00e9 de 6,1%, o Menor J\u00e1 Registrado no Per\u00edodo \u2013 SETCESP A pesquisa mais recente revela que a taxa de desemprego no Brasil atingiu 6,1% no primeiro trimestre de 2026, configurando-se como a menor taxa para esse per\u00edodo desde o in\u00edcio da s\u00e9rie hist\u00f3rica em 2012. Com 6,6 milh\u00f5es de pessoas &hellip;\" \/>\n<meta property=\"og:url\" content=\"https:\/\/motorista.com.br\/noticias\/2026\/04\/30\/desemprego-no-1o-trimestre-atinge-61-recorde-historico\/\" \/>\n<meta property=\"og:site_name\" content=\"Motorista.com.br\" \/>\n<meta property=\"article:published_time\" content=\"2026-04-30T22:05:22+00:00\" \/>\n<meta name=\"author\" content=\"Equipe Reda\u00e7\u00e3o\" \/>\n<meta name=\"twitter:card\" content=\"summary_large_image\" \/>\n<meta name=\"twitter:label1\" content=\"Escrito por\" \/>\n\t<meta name=\"twitter:data1\" content=\"Equipe Reda\u00e7\u00e3o\" \/>\n\t<meta name=\"twitter:label2\" content=\"Est. tempo de leitura\" \/>\n\t<meta name=\"twitter:data2\" content=\"3 minutos\" \/>\n\t<meta name=\"twitter:label3\" content=\"Written by\" \/>\n\t<meta name=\"twitter:data3\" content=\"Equipe Reda\u00e7\u00e3o\" \/>\n<script type=\"application\/ld+json\" class=\"yoast-schema-graph\">{\"@context\":\"https:\\\/\\\/schema.org\",\"@graph\":[{\"@type\":\"Article\",\"@id\":\"https:\\\/\\\/motorista.com.br\\\/noticias\\\/2026\\\/04\\\/30\\\/desemprego-no-1o-trimestre-atinge-61-recorde-historico\\\/#article\",\"isPartOf\":{\"@id\":\"https:\\\/\\\/motorista.com.br\\\/noticias\\\/2026\\\/04\\\/30\\\/desemprego-no-1o-trimestre-atinge-61-recorde-historico\\\/\"},\"author\":{\"name\":\"Equipe Reda\u00e7\u00e3o\",\"@id\":\"https:\\\/\\\/motorista.com.br\\\/noticias\\\/#\\\/schema\\\/person\\\/dc93afc2981c0e3ce6bc3c053fd847be\"},\"headline\":\"Desemprego no 1\u00ba trimestre atinge 6,1%, recorde hist\u00f3rico.\",\"datePublished\":\"2026-04-30T22:05:22+00:00\",\"mainEntityOfPage\":{\"@id\":\"https:\\\/\\\/motorista.com.br\\\/noticias\\\/2026\\\/04\\\/30\\\/desemprego-no-1o-trimestre-atinge-61-recorde-historico\\\/\"},\"wordCount\":515,\"publisher\":{\"@id\":\"https:\\\/\\\/motorista.com.br\\\/noticias\\\/#organization\"},\"image\":{\"@id\":\"https:\\\/\\\/motorista.com.br\\\/noticias\\\/2026\\\/04\\\/30\\\/desemprego-no-1o-trimestre-atinge-61-recorde-historico\\\/#primaryimage\"},\"thumbnailUrl\":\"https:\\\/\\\/motorista.com.br\\\/noticias\\\/wp-content\\\/uploads\\\/2026\\\/04\\\/021.png\",\"articleSection\":[\"Log\u00edstica\"],\"inLanguage\":\"pt-BR\"},{\"@type\":\"WebPage\",\"@id\":\"https:\\\/\\\/motorista.com.br\\\/noticias\\\/2026\\\/04\\\/30\\\/desemprego-no-1o-trimestre-atinge-61-recorde-historico\\\/\",\"url\":\"https:\\\/\\\/motorista.com.br\\\/noticias\\\/2026\\\/04\\\/30\\\/desemprego-no-1o-trimestre-atinge-61-recorde-historico\\\/\",\"name\":\"Desemprego no 1\u00ba trimestre atinge 6,1%, recorde hist\u00f3rico. - Motorista.com.br\",\"isPartOf\":{\"@id\":\"https:\\\/\\\/motorista.com.br\\\/noticias\\\/#website\"},\"primaryImageOfPage\":{\"@id\":\"https:\\\/\\\/motorista.com.br\\\/noticias\\\/2026\\\/04\\\/30\\\/desemprego-no-1o-trimestre-atinge-61-recorde-historico\\\/#primaryimage\"},\"image\":{\"@id\":\"https:\\\/\\\/motorista.com.br\\\/noticias\\\/2026\\\/04\\\/30\\\/desemprego-no-1o-trimestre-atinge-61-recorde-historico\\\/#primaryimage\"},\"thumbnailUrl\":\"https:\\\/\\\/motorista.com.br\\\/noticias\\\/wp-content\\\/uploads\\\/2026\\\/04\\\/021.png\",\"datePublished\":\"2026-04-30T22:05:22+00:00\",\"breadcrumb\":{\"@id\":\"https:\\\/\\\/motorista.com.br\\\/noticias\\\/2026\\\/04\\\/30\\\/desemprego-no-1o-trimestre-atinge-61-recorde-historico\\\/#breadcrumb\"},\"inLanguage\":\"pt-BR\",\"potentialAction\":[{\"@type\":\"ReadAction\",\"target\":[\"https:\\\/\\\/motorista.com.br\\\/noticias\\\/2026\\\/04\\\/30\\\/desemprego-no-1o-trimestre-atinge-61-recorde-historico\\\/\"]}]},{\"@type\":\"ImageObject\",\"inLanguage\":\"pt-BR\",\"@id\":\"https:\\\/\\\/motorista.com.br\\\/noticias\\\/2026\\\/04\\\/30\\\/desemprego-no-1o-trimestre-atinge-61-recorde-historico\\\/#primaryimage\",\"url\":\"https:\\\/\\\/motorista.com.br\\\/noticias\\\/wp-content\\\/uploads\\\/2026\\\/04\\\/021.png\",\"contentUrl\":\"https:\\\/\\\/motorista.com.br\\\/noticias\\\/wp-content\\\/uploads\\\/2026\\\/04\\\/021.png\",\"width\":1400,\"height\":700},{\"@type\":\"BreadcrumbList\",\"@id\":\"https:\\\/\\\/motorista.com.br\\\/noticias\\\/2026\\\/04\\\/30\\\/desemprego-no-1o-trimestre-atinge-61-recorde-historico\\\/#breadcrumb\",\"itemListElement\":[{\"@type\":\"ListItem\",\"position\":1,\"name\":\"In\u00edcio\",\"item\":\"https:\\\/\\\/motorista.com.br\\\/noticias\\\/\"},{\"@type\":\"ListItem\",\"position\":2,\"name\":\"Desemprego no 1\u00ba trimestre atinge 6,1%, recorde hist\u00f3rico.\"}]},{\"@type\":\"WebSite\",\"@id\":\"https:\\\/\\\/motorista.com.br\\\/noticias\\\/#website\",\"url\":\"https:\\\/\\\/motorista.com.br\\\/noticias\\\/\",\"name\":\"Motorista.com.br\",\"description\":\"Not\u00edcia do Motorista\",\"publisher\":{\"@id\":\"https:\\\/\\\/motorista.com.br\\\/noticias\\\/#organization\"},\"potentialAction\":[{\"@type\":\"SearchAction\",\"target\":{\"@type\":\"EntryPoint\",\"urlTemplate\":\"https:\\\/\\\/motorista.com.br\\\/noticias\\\/?s={search_term_string}\"},\"query-input\":{\"@type\":\"PropertyValueSpecification\",\"valueRequired\":true,\"valueName\":\"search_term_string\"}}],\"inLanguage\":\"pt-BR\"},{\"@type\":\"Organization\",\"@id\":\"https:\\\/\\\/motorista.com.br\\\/noticias\\\/#organization\",\"name\":\"Motorista.com.br\",\"url\":\"https:\\\/\\\/motorista.com.br\\\/noticias\\\/\",\"logo\":{\"@type\":\"ImageObject\",\"inLanguage\":\"pt-BR\",\"@id\":\"https:\\\/\\\/motorista.com.br\\\/noticias\\\/#\\\/schema\\\/logo\\\/image\\\/\",\"url\":\"https:\\\/\\\/motorista.com.br\\\/noticias\\\/wp-content\\\/uploads\\\/2025\\\/06\\\/Design-sem-nome-9.png\",\"contentUrl\":\"https:\\\/\\\/motorista.com.br\\\/noticias\\\/wp-content\\\/uploads\\\/2025\\\/06\\\/Design-sem-nome-9.png\",\"width\":150,\"height\":85,\"caption\":\"Motorista.com.br\"},\"image\":{\"@id\":\"https:\\\/\\\/motorista.com.br\\\/noticias\\\/#\\\/schema\\\/logo\\\/image\\\/\"}},{\"@type\":\"Person\",\"@id\":\"https:\\\/\\\/motorista.com.br\\\/noticias\\\/#\\\/schema\\\/person\\\/dc93afc2981c0e3ce6bc3c053fd847be\",\"name\":\"Equipe Reda\u00e7\u00e3o\",\"image\":{\"@type\":\"ImageObject\",\"inLanguage\":\"pt-BR\",\"@id\":\"https:\\\/\\\/secure.gravatar.com\\\/avatar\\\/4f525efbf18dd2bb300ccad28bfb99d95a9465a5ba268407c8c37b37e1f28d2d?s=96&d=mm&r=g9e099043a0c61e9ae27e293b9fa75ffc\",\"url\":\"https:\\\/\\\/secure.gravatar.com\\\/avatar\\\/4f525efbf18dd2bb300ccad28bfb99d95a9465a5ba268407c8c37b37e1f28d2d?s=96&d=mm&r=g\",\"contentUrl\":\"https:\\\/\\\/secure.gravatar.com\\\/avatar\\\/4f525efbf18dd2bb300ccad28bfb99d95a9465a5ba268407c8c37b37e1f28d2d?s=96&d=mm&r=g\",\"caption\":\"Equipe Reda\u00e7\u00e3o\"},\"description\":\"Equipe de reda\u00e7\u00e3o \u00e9 um grupo de profissionais que trabalham juntos para criar conte\u00fado escrito para Motorista.com.br\",\"url\":\"https:\\\/\\\/motorista.com.br\\\/noticias\\\/author\\\/equiperedacao\\\/\"}]}<\/script>\n<!-- \/ Yoast SEO Premium plugin. -->","yoast_head_json":{"title":"Desemprego no 1\u00ba trimestre atinge 6,1%, recorde hist\u00f3rico. - Motorista.com.br","robots":{"index":"index","follow":"follow","max-snippet":"max-snippet:-1","max-image-preview":"max-image-preview:large","max-video-preview":"max-video-preview:-1"},"canonical":"https:\/\/motorista.com.br\/noticias\/2026\/04\/30\/desemprego-no-1o-trimestre-atinge-61-recorde-historico\/","og_locale":"pt_BR","og_type":"article","og_title":"Desemprego no 1\u00ba trimestre atinge 6,1%, recorde hist\u00f3rico.","og_description":"Desemprego no 1\u00ba Trimestre \u00e9 de 6,1%, o Menor J\u00e1 Registrado no Per\u00edodo \u2013 SETCESP A pesquisa mais recente revela que a taxa de desemprego no Brasil atingiu 6,1% no primeiro trimestre de 2026, configurando-se como a menor taxa para esse per\u00edodo desde o in\u00edcio da s\u00e9rie hist\u00f3rica em 2012. Com 6,6 milh\u00f5es de pessoas &hellip;","og_url":"https:\/\/motorista.com.br\/noticias\/2026\/04\/30\/desemprego-no-1o-trimestre-atinge-61-recorde-historico\/","og_site_name":"Motorista.com.br","article_published_time":"2026-04-30T22:05:22+00:00","author":"Equipe Reda\u00e7\u00e3o","twitter_card":"summary_large_image","twitter_misc":{"Escrito por":"Equipe Reda\u00e7\u00e3o","Est. tempo de leitura":"3 minutos","Written by":"Equipe Reda\u00e7\u00e3o"},"schema":{"@context":"https:\/\/schema.org","@graph":[{"@type":"Article","@id":"https:\/\/motorista.com.br\/noticias\/2026\/04\/30\/desemprego-no-1o-trimestre-atinge-61-recorde-historico\/#article","isPartOf":{"@id":"https:\/\/motorista.com.br\/noticias\/2026\/04\/30\/desemprego-no-1o-trimestre-atinge-61-recorde-historico\/"},"author":{"name":"Equipe Reda\u00e7\u00e3o","@id":"https:\/\/motorista.com.br\/noticias\/#\/schema\/person\/dc93afc2981c0e3ce6bc3c053fd847be"},"headline":"Desemprego no 1\u00ba trimestre atinge 6,1%, recorde hist\u00f3rico.","datePublished":"2026-04-30T22:05:22+00:00","mainEntityOfPage":{"@id":"https:\/\/motorista.com.br\/noticias\/2026\/04\/30\/desemprego-no-1o-trimestre-atinge-61-recorde-historico\/"},"wordCount":515,"publisher":{"@id":"https:\/\/motorista.com.br\/noticias\/#organization"},"image":{"@id":"https:\/\/motorista.com.br\/noticias\/2026\/04\/30\/desemprego-no-1o-trimestre-atinge-61-recorde-historico\/#primaryimage"},"thumbnailUrl":"https:\/\/motorista.com.br\/noticias\/wp-content\/uploads\/2026\/04\/021.png","articleSection":["Log\u00edstica"],"inLanguage":"pt-BR"},{"@type":"WebPage","@id":"https:\/\/motorista.com.br\/noticias\/2026\/04\/30\/desemprego-no-1o-trimestre-atinge-61-recorde-historico\/","url":"https:\/\/motorista.com.br\/noticias\/2026\/04\/30\/desemprego-no-1o-trimestre-atinge-61-recorde-historico\/","name":"Desemprego no 1\u00ba trimestre atinge 6,1%, recorde hist\u00f3rico. - Motorista.com.br","isPartOf":{"@id":"https:\/\/motorista.com.br\/noticias\/#website"},"primaryImageOfPage":{"@id":"https:\/\/motorista.com.br\/noticias\/2026\/04\/30\/desemprego-no-1o-trimestre-atinge-61-recorde-historico\/#primaryimage"},"image":{"@id":"https:\/\/motorista.com.br\/noticias\/2026\/04\/30\/desemprego-no-1o-trimestre-atinge-61-recorde-historico\/#primaryimage"},"thumbnailUrl":"https:\/\/motorista.com.br\/noticias\/wp-content\/uploads\/2026\/04\/021.png","datePublished":"2026-04-30T22:05:22+00:00","breadcrumb":{"@id":"https:\/\/motorista.com.br\/noticias\/2026\/04\/30\/desemprego-no-1o-trimestre-atinge-61-recorde-historico\/#breadcrumb"},"inLanguage":"pt-BR","potentialAction":[{"@type":"ReadAction","target":["https:\/\/motorista.com.br\/noticias\/2026\/04\/30\/desemprego-no-1o-trimestre-atinge-61-recorde-historico\/"]}]},{"@type":"ImageObject","inLanguage":"pt-BR","@id":"https:\/\/motorista.com.br\/noticias\/2026\/04\/30\/desemprego-no-1o-trimestre-atinge-61-recorde-historico\/#primaryimage","url":"https:\/\/motorista.com.br\/noticias\/wp-content\/uploads\/2026\/04\/021.png","contentUrl":"https:\/\/motorista.com.br\/noticias\/wp-content\/uploads\/2026\/04\/021.png","width":1400,"height":700},{"@type":"BreadcrumbList","@id":"https:\/\/motorista.com.br\/noticias\/2026\/04\/30\/desemprego-no-1o-trimestre-atinge-61-recorde-historico\/#breadcrumb","itemListElement":[{"@type":"ListItem","position":1,"name":"In\u00edcio","item":"https:\/\/motorista.com.br\/noticias\/"},{"@type":"ListItem","position":2,"name":"Desemprego no 1\u00ba trimestre atinge 6,1%, recorde hist\u00f3rico."}]},{"@type":"WebSite","@id":"https:\/\/motorista.com.br\/noticias\/#website","url":"https:\/\/motorista.com.br\/noticias\/","name":"Motorista.com.br","description":"Not\u00edcia do Motorista","publisher":{"@id":"https:\/\/motorista.com.br\/noticias\/#organization"},"potentialAction":[{"@type":"SearchAction","target":{"@type":"EntryPoint","urlTemplate":"https:\/\/motorista.com.br\/noticias\/?s={search_term_string}"},"query-input":{"@type":"PropertyValueSpecification","valueRequired":true,"valueName":"search_term_string"}}],"inLanguage":"pt-BR"},{"@type":"Organization","@id":"https:\/\/motorista.com.br\/noticias\/#organization","name":"Motorista.com.br","url":"https:\/\/motorista.com.br\/noticias\/","logo":{"@type":"ImageObject","inLanguage":"pt-BR","@id":"https:\/\/motorista.com.br\/noticias\/#\/schema\/logo\/image\/","url":"https:\/\/motorista.com.br\/noticias\/wp-content\/uploads\/2025\/06\/Design-sem-nome-9.png","contentUrl":"https:\/\/motorista.com.br\/noticias\/wp-content\/uploads\/2025\/06\/Design-sem-nome-9.png","width":150,"height":85,"caption":"Motorista.com.br"},"image":{"@id":"https:\/\/motorista.com.br\/noticias\/#\/schema\/logo\/image\/"}},{"@type":"Person","@id":"https:\/\/motorista.com.br\/noticias\/#\/schema\/person\/dc93afc2981c0e3ce6bc3c053fd847be","name":"Equipe Reda\u00e7\u00e3o","image":{"@type":"ImageObject","inLanguage":"pt-BR","@id":"https:\/\/secure.gravatar.com\/avatar\/4f525efbf18dd2bb300ccad28bfb99d95a9465a5ba268407c8c37b37e1f28d2d?s=96&d=mm&r=g9e099043a0c61e9ae27e293b9fa75ffc","url":"https:\/\/secure.gravatar.com\/avatar\/4f525efbf18dd2bb300ccad28bfb99d95a9465a5ba268407c8c37b37e1f28d2d?s=96&d=mm&r=g","contentUrl":"https:\/\/secure.gravatar.com\/avatar\/4f525efbf18dd2bb300ccad28bfb99d95a9465a5ba268407c8c37b37e1f28d2d?s=96&d=mm&r=g","caption":"Equipe Reda\u00e7\u00e3o"},"description":"Equipe de reda\u00e7\u00e3o \u00e9 um grupo de profissionais que trabalham juntos para criar conte\u00fado escrito para Motorista.com.br","url":"https:\/\/motorista.com.br\/noticias\/author\/equiperedacao\/"}]}},"_links":{"self":[{"href":"https:\/\/motorista.com.br\/noticias\/wp-json\/wp\/v2\/posts\/9389","targetHints":{"allow":["GET"]}}],"collection":[{"href":"https:\/\/motorista.com.br\/noticias\/wp-json\/wp\/v2\/posts"}],"about":[{"href":"https:\/\/motorista.com.br\/noticias\/wp-json\/wp\/v2\/types\/post"}],"author":[{"embeddable":true,"href":"https:\/\/motorista.com.br\/noticias\/wp-json\/wp\/v2\/users\/4"}],"replies":[{"embeddable":true,"href":"https:\/\/motorista.com.br\/noticias\/wp-json\/wp\/v2\/comments?post=9389"}],"version-history":[{"count":0,"href":"https:\/\/motorista.com.br\/noticias\/wp-json\/wp\/v2\/posts\/9389\/revisions"}],"wp:featuredmedia":[{"embeddable":true,"href":"https:\/\/motorista.com.br\/noticias\/wp-json\/wp\/v2\/media\/9390"}],"wp:attachment":[{"href":"https:\/\/motorista.com.br\/noticias\/wp-json\/wp\/v2\/media?parent=9389"}],"wp:term":[{"taxonomy":"category","embeddable":true,"href":"https:\/\/motorista.com.br\/noticias\/wp-json\/wp\/v2\/categories?post=9389"},{"taxonomy":"post_tag","embeddable":true,"href":"https:\/\/motorista.com.br\/noticias\/wp-json\/wp\/v2\/tags?post=9389"},{"taxonomy":"author","embeddable":true,"href":"https:\/\/motorista.com.br\/noticias\/wp-json\/wp\/v2\/coauthors?post=9389"}],"curies":[{"name":"wp","href":"https:\/\/api.w.org\/{rel}","templated":true}]}}