{"id":9387,"date":"2026-04-30T17:10:59","date_gmt":"2026-04-30T20:10:59","guid":{"rendered":"https:\/\/motorista.com.br\/noticias\/2026\/04\/30\/scania-lanca-venda-de-caminhoes-da-linha-longline\/"},"modified":"2026-04-30T17:10:59","modified_gmt":"2026-04-30T20:10:59","slug":"scania-lanca-venda-de-caminhoes-da-linha-longline","status":"publish","type":"post","link":"https:\/\/motorista.com.br\/noticias\/2026\/04\/30\/scania-lanca-venda-de-caminhoes-da-linha-longline\/","title":{"rendered":"Scania lan\u00e7a venda de caminh\u00f5es da linha Longline."},"content":{"rendered":"<p><\/p>\n<p><strong>Scania Inicia Vendas de Caminh\u00f5es com Cabine Longline<\/strong><\/p>\n<p>A Scania acaba de lan\u00e7ar uma nova linha de caminh\u00f5es, agora com a inovadora cabine Longline, que se destaca por ser significativamente mais longa do que as vers\u00f5es regulares da linha S. Essa novidade \u00e9 fruto da combina\u00e7\u00e3o da cabine S com um teto alto e caracter\u00edsticas da CrewCab, tradicionalmente utilizada em caminh\u00f5es de bombeiros.<\/p>\n<p>Essa cabine n\u00e3o \u00e9 apenas uma op\u00e7\u00e3o est\u00e9tica, mas sim um produto exclusivo que nenhuma outra montadora na Europa oferece como alternativa de f\u00e1brica. Produzida em Lax\u00e5, com chassi fabricado em S\u00f6dert\u00e4lje, na Su\u00e9cia, a Longline promete revolucionar a experi\u00eancia de transporte.<\/p>\n<p>De acordo com Lars Gustafsson, chefe da divis\u00e3o de caminh\u00f5es da Scania, a cria\u00e7\u00e3o dessa cabine reflete uma evolu\u00e7\u00e3o de um conceito amplamente apreciado pelos clientes. &quot;Com a Longline, unimos tradi\u00e7\u00e3o \u00e0 industrializa\u00e7\u00e3o moderna e oferecemos uma plataforma que pode ser adaptada \u00e0s necessidades individuais&quot;, explica.<\/p>\n<p><strong>Flexibilidade e Conforto para Motoristas<\/strong><\/p>\n<p>Um dos grandes diferenciais dessa nova cabine \u00e9 sua versatilidade. N\u00e3o ser\u00e1 oferecida com um interior pr\u00e9-configurado de f\u00e1brica, mas sim como uma plataforma flex\u00edvel que permite a personaliza\u00e7\u00e3o. Isso significa que, al\u00e9m dos bancos na parte frontal, a cabine pode incluir uma cama padr\u00e3o e arm\u00e1rios simples, ou mesmo um design aberto para que empresas especializadas possam criar um interior totalmente personalizado. Esse n\u00edvel de customiza\u00e7\u00e3o n\u00e3o s\u00f3 reflete as prefer\u00eancias individuais dos motoristas, mas tamb\u00e9m contribui para um ambiente de trabalho mais agrad\u00e1vel.<\/p>\n<p>A Scania tem foco na sustentabilidade, limitando o desperd\u00edcio ao m\u00e1ximo. O diretor administrativo das opera\u00e7\u00f5es da Scania em Lax\u00e5, Samuel Suderbys, enfatiza que n\u00e3o se adicionaram itens desnecess\u00e1rios, alinhando-se \u00e0s metas ecol\u00f3gicas da empresa.<\/p>\n<p><strong>Desafios da Ind\u00fastria e Impacto na Mobilidade<\/strong><\/p>\n<p>Em um setor que enfrenta a cont\u00ednua escassez de m\u00e3o de obra, a nova cabine Longline se apresenta como uma solu\u00e7\u00e3o promissora. Com mais espa\u00e7o e flexibilidade, \u00e9 uma ferramenta eficaz para atrair e reter motoristas, um desafio crucial para empresas de transporte. O conforto proporcionado por uma cabine bem projetada \u00e9 um fator que pode influenciar diretamente a satisfa\u00e7\u00e3o e a produtividade dos motoristas, refletindo em melhores opera\u00e7\u00f5es e mobilidade geral.<\/p>\n<p>A cabine Longline estar\u00e1 dispon\u00edvel em duas vers\u00f5es, de 28 e 31 polegadas, sempre com teto alto, garantindo uma altura interna superior a 2 metros, o que permite ao motorista ficar em p\u00e9 confortavelmente. Isso n\u00e3o apenas melhora a ergonomia durante longas jornadas, mas tamb\u00e9m transforma a experi\u00eancia de dirigir um caminh\u00e3o em um ambiente mais agrad\u00e1vel.<\/p>\n<p>Com inova\u00e7\u00f5es que privilegiam o conforto e a personaliza\u00e7\u00e3o, a Scania espera n\u00e3o apenas atender \u00e0s demandas do mercado, mas tamb\u00e9m contribuir para um panorama mais sustent\u00e1vel e eficiente na ind\u00fastria de transportes. As entregas iniciais da nova cabine est\u00e3o previstas para come\u00e7ar em outubro de 2026, e a montadora reitera que este projeto \u00e9 uma oportunidade para que os clientes desenvolvam caminh\u00f5es \u00fanicos, alinhando-se \u00e0s necessidades espec\u00edficas de opera\u00e7\u00e3o e estilo.<\/p>\n<p>O lan\u00e7amento da cabine Longline representa um passo significativo para a Scania, reafirmando seu compromisso com a inova\u00e7\u00e3o e a excel\u00eancia na experi\u00eancia dos motoristas, impactando positivamente a mobilidade no setor de transporte.<\/p>\n","protected":false},"excerpt":{"rendered":"<p>Scania Inicia Vendas de Caminh\u00f5es com Cabine Longline A Scania acaba de lan\u00e7ar uma nova linha de caminh\u00f5es, agora com a inovadora cabine Longline, que se destaca por ser significativamente mais longa do que as vers\u00f5es regulares da linha S. Essa novidade \u00e9 fruto da combina\u00e7\u00e3o da cabine S com um teto alto e caracter\u00edsticas &hellip;<\/p>\n","protected":false},"author":4,"featured_media":9388,"comment_status":"","ping_status":"open","sticky":false,"template":"","format":"standard","meta":{"footnotes":""},"categories":[78,77],"tags":[],"coauthors":[42],"class_list":["post-9387","post","type-post","status-publish","format-standard","has-post-thumbnail","hentry","category-carreteiro","category-motorista"],"yoast_head":"<!-- This site is optimized with the Yoast SEO Premium plugin v25.5 (Yoast SEO v27.5) - https:\/\/yoast.com\/product\/yoast-seo-premium-wordpress\/ -->\n<title>Scania lan\u00e7a venda de caminh\u00f5es da linha Longline. - Motorista.com.br<\/title>\n<meta name=\"robots\" content=\"index, follow, max-snippet:-1, max-image-preview:large, max-video-preview:-1\" \/>\n<link rel=\"canonical\" href=\"https:\/\/motorista.com.br\/noticias\/2026\/04\/30\/scania-lanca-venda-de-caminhoes-da-linha-longline\/\" \/>\n<meta property=\"og:locale\" content=\"pt_BR\" \/>\n<meta property=\"og:type\" content=\"article\" \/>\n<meta property=\"og:title\" content=\"Scania lan\u00e7a venda de caminh\u00f5es da linha Longline.\" \/>\n<meta property=\"og:description\" content=\"Scania Inicia Vendas de Caminh\u00f5es com Cabine Longline A Scania acaba de lan\u00e7ar uma nova linha de caminh\u00f5es, agora com a inovadora cabine Longline, que se destaca por ser significativamente mais longa do que as vers\u00f5es regulares da linha S. Essa novidade \u00e9 fruto da combina\u00e7\u00e3o da cabine S com um teto alto e caracter\u00edsticas &hellip;\" \/>\n<meta property=\"og:url\" content=\"https:\/\/motorista.com.br\/noticias\/2026\/04\/30\/scania-lanca-venda-de-caminhoes-da-linha-longline\/\" \/>\n<meta property=\"og:site_name\" content=\"Motorista.com.br\" \/>\n<meta property=\"article:published_time\" content=\"2026-04-30T20:10:59+00:00\" \/>\n<meta name=\"author\" content=\"Equipe Reda\u00e7\u00e3o\" \/>\n<meta name=\"twitter:card\" content=\"summary_large_image\" \/>\n<meta name=\"twitter:label1\" content=\"Escrito por\" \/>\n\t<meta name=\"twitter:data1\" content=\"Equipe Reda\u00e7\u00e3o\" \/>\n\t<meta name=\"twitter:label2\" content=\"Est. tempo de leitura\" \/>\n\t<meta name=\"twitter:data2\" content=\"3 minutos\" \/>\n\t<meta name=\"twitter:label3\" content=\"Written by\" \/>\n\t<meta name=\"twitter:data3\" content=\"Equipe Reda\u00e7\u00e3o\" \/>\n<script type=\"application\/ld+json\" class=\"yoast-schema-graph\">{\"@context\":\"https:\\\/\\\/schema.org\",\"@graph\":[{\"@type\":\"Article\",\"@id\":\"https:\\\/\\\/motorista.com.br\\\/noticias\\\/2026\\\/04\\\/30\\\/scania-lanca-venda-de-caminhoes-da-linha-longline\\\/#article\",\"isPartOf\":{\"@id\":\"https:\\\/\\\/motorista.com.br\\\/noticias\\\/2026\\\/04\\\/30\\\/scania-lanca-venda-de-caminhoes-da-linha-longline\\\/\"},\"author\":{\"name\":\"Equipe Reda\u00e7\u00e3o\",\"@id\":\"https:\\\/\\\/motorista.com.br\\\/noticias\\\/#\\\/schema\\\/person\\\/dc93afc2981c0e3ce6bc3c053fd847be\"},\"headline\":\"Scania lan\u00e7a venda de caminh\u00f5es da linha Longline.\",\"datePublished\":\"2026-04-30T20:10:59+00:00\",\"mainEntityOfPage\":{\"@id\":\"https:\\\/\\\/motorista.com.br\\\/noticias\\\/2026\\\/04\\\/30\\\/scania-lanca-venda-de-caminhoes-da-linha-longline\\\/\"},\"wordCount\":588,\"publisher\":{\"@id\":\"https:\\\/\\\/motorista.com.br\\\/noticias\\\/#organization\"},\"image\":{\"@id\":\"https:\\\/\\\/motorista.com.br\\\/noticias\\\/2026\\\/04\\\/30\\\/scania-lanca-venda-de-caminhoes-da-linha-longline\\\/#primaryimage\"},\"thumbnailUrl\":\"https:\\\/\\\/motorista.com.br\\\/noticias\\\/wp-content\\\/uploads\\\/2026\\\/04\\\/scania-longline-cab-full-size-image.jpg\",\"articleSection\":[\"Carreteiro\",\"Motorista\"],\"inLanguage\":\"pt-BR\"},{\"@type\":\"WebPage\",\"@id\":\"https:\\\/\\\/motorista.com.br\\\/noticias\\\/2026\\\/04\\\/30\\\/scania-lanca-venda-de-caminhoes-da-linha-longline\\\/\",\"url\":\"https:\\\/\\\/motorista.com.br\\\/noticias\\\/2026\\\/04\\\/30\\\/scania-lanca-venda-de-caminhoes-da-linha-longline\\\/\",\"name\":\"Scania lan\u00e7a venda de caminh\u00f5es da linha Longline. - Motorista.com.br\",\"isPartOf\":{\"@id\":\"https:\\\/\\\/motorista.com.br\\\/noticias\\\/#website\"},\"primaryImageOfPage\":{\"@id\":\"https:\\\/\\\/motorista.com.br\\\/noticias\\\/2026\\\/04\\\/30\\\/scania-lanca-venda-de-caminhoes-da-linha-longline\\\/#primaryimage\"},\"image\":{\"@id\":\"https:\\\/\\\/motorista.com.br\\\/noticias\\\/2026\\\/04\\\/30\\\/scania-lanca-venda-de-caminhoes-da-linha-longline\\\/#primaryimage\"},\"thumbnailUrl\":\"https:\\\/\\\/motorista.com.br\\\/noticias\\\/wp-content\\\/uploads\\\/2026\\\/04\\\/scania-longline-cab-full-size-image.jpg\",\"datePublished\":\"2026-04-30T20:10:59+00:00\",\"breadcrumb\":{\"@id\":\"https:\\\/\\\/motorista.com.br\\\/noticias\\\/2026\\\/04\\\/30\\\/scania-lanca-venda-de-caminhoes-da-linha-longline\\\/#breadcrumb\"},\"inLanguage\":\"pt-BR\",\"potentialAction\":[{\"@type\":\"ReadAction\",\"target\":[\"https:\\\/\\\/motorista.com.br\\\/noticias\\\/2026\\\/04\\\/30\\\/scania-lanca-venda-de-caminhoes-da-linha-longline\\\/\"]}]},{\"@type\":\"ImageObject\",\"inLanguage\":\"pt-BR\",\"@id\":\"https:\\\/\\\/motorista.com.br\\\/noticias\\\/2026\\\/04\\\/30\\\/scania-lanca-venda-de-caminhoes-da-linha-longline\\\/#primaryimage\",\"url\":\"https:\\\/\\\/motorista.com.br\\\/noticias\\\/wp-content\\\/uploads\\\/2026\\\/04\\\/scania-longline-cab-full-size-image.jpg\",\"contentUrl\":\"https:\\\/\\\/motorista.com.br\\\/noticias\\\/wp-content\\\/uploads\\\/2026\\\/04\\\/scania-longline-cab-full-size-image.jpg\",\"width\":1300,\"height\":867},{\"@type\":\"BreadcrumbList\",\"@id\":\"https:\\\/\\\/motorista.com.br\\\/noticias\\\/2026\\\/04\\\/30\\\/scania-lanca-venda-de-caminhoes-da-linha-longline\\\/#breadcrumb\",\"itemListElement\":[{\"@type\":\"ListItem\",\"position\":1,\"name\":\"In\u00edcio\",\"item\":\"https:\\\/\\\/motorista.com.br\\\/noticias\\\/\"},{\"@type\":\"ListItem\",\"position\":2,\"name\":\"Scania lan\u00e7a venda de caminh\u00f5es da linha Longline.\"}]},{\"@type\":\"WebSite\",\"@id\":\"https:\\\/\\\/motorista.com.br\\\/noticias\\\/#website\",\"url\":\"https:\\\/\\\/motorista.com.br\\\/noticias\\\/\",\"name\":\"Motorista.com.br\",\"description\":\"Not\u00edcia do Motorista\",\"publisher\":{\"@id\":\"https:\\\/\\\/motorista.com.br\\\/noticias\\\/#organization\"},\"potentialAction\":[{\"@type\":\"SearchAction\",\"target\":{\"@type\":\"EntryPoint\",\"urlTemplate\":\"https:\\\/\\\/motorista.com.br\\\/noticias\\\/?s={search_term_string}\"},\"query-input\":{\"@type\":\"PropertyValueSpecification\",\"valueRequired\":true,\"valueName\":\"search_term_string\"}}],\"inLanguage\":\"pt-BR\"},{\"@type\":\"Organization\",\"@id\":\"https:\\\/\\\/motorista.com.br\\\/noticias\\\/#organization\",\"name\":\"Motorista.com.br\",\"url\":\"https:\\\/\\\/motorista.com.br\\\/noticias\\\/\",\"logo\":{\"@type\":\"ImageObject\",\"inLanguage\":\"pt-BR\",\"@id\":\"https:\\\/\\\/motorista.com.br\\\/noticias\\\/#\\\/schema\\\/logo\\\/image\\\/\",\"url\":\"https:\\\/\\\/motorista.com.br\\\/noticias\\\/wp-content\\\/uploads\\\/2025\\\/06\\\/Design-sem-nome-9.png\",\"contentUrl\":\"https:\\\/\\\/motorista.com.br\\\/noticias\\\/wp-content\\\/uploads\\\/2025\\\/06\\\/Design-sem-nome-9.png\",\"width\":150,\"height\":85,\"caption\":\"Motorista.com.br\"},\"image\":{\"@id\":\"https:\\\/\\\/motorista.com.br\\\/noticias\\\/#\\\/schema\\\/logo\\\/image\\\/\"}},{\"@type\":\"Person\",\"@id\":\"https:\\\/\\\/motorista.com.br\\\/noticias\\\/#\\\/schema\\\/person\\\/dc93afc2981c0e3ce6bc3c053fd847be\",\"name\":\"Equipe Reda\u00e7\u00e3o\",\"image\":{\"@type\":\"ImageObject\",\"inLanguage\":\"pt-BR\",\"@id\":\"https:\\\/\\\/secure.gravatar.com\\\/avatar\\\/4f525efbf18dd2bb300ccad28bfb99d95a9465a5ba268407c8c37b37e1f28d2d?s=96&d=mm&r=g9e099043a0c61e9ae27e293b9fa75ffc\",\"url\":\"https:\\\/\\\/secure.gravatar.com\\\/avatar\\\/4f525efbf18dd2bb300ccad28bfb99d95a9465a5ba268407c8c37b37e1f28d2d?s=96&d=mm&r=g\",\"contentUrl\":\"https:\\\/\\\/secure.gravatar.com\\\/avatar\\\/4f525efbf18dd2bb300ccad28bfb99d95a9465a5ba268407c8c37b37e1f28d2d?s=96&d=mm&r=g\",\"caption\":\"Equipe Reda\u00e7\u00e3o\"},\"description\":\"Equipe de reda\u00e7\u00e3o \u00e9 um grupo de profissionais que trabalham juntos para criar conte\u00fado escrito para Motorista.com.br\",\"url\":\"https:\\\/\\\/motorista.com.br\\\/noticias\\\/author\\\/equiperedacao\\\/\"}]}<\/script>\n<!-- \/ Yoast SEO Premium plugin. -->","yoast_head_json":{"title":"Scania lan\u00e7a venda de caminh\u00f5es da linha Longline. - Motorista.com.br","robots":{"index":"index","follow":"follow","max-snippet":"max-snippet:-1","max-image-preview":"max-image-preview:large","max-video-preview":"max-video-preview:-1"},"canonical":"https:\/\/motorista.com.br\/noticias\/2026\/04\/30\/scania-lanca-venda-de-caminhoes-da-linha-longline\/","og_locale":"pt_BR","og_type":"article","og_title":"Scania lan\u00e7a venda de caminh\u00f5es da linha Longline.","og_description":"Scania Inicia Vendas de Caminh\u00f5es com Cabine Longline A Scania acaba de lan\u00e7ar uma nova linha de caminh\u00f5es, agora com a inovadora cabine Longline, que se destaca por ser significativamente mais longa do que as vers\u00f5es regulares da linha S. Essa novidade \u00e9 fruto da combina\u00e7\u00e3o da cabine S com um teto alto e caracter\u00edsticas &hellip;","og_url":"https:\/\/motorista.com.br\/noticias\/2026\/04\/30\/scania-lanca-venda-de-caminhoes-da-linha-longline\/","og_site_name":"Motorista.com.br","article_published_time":"2026-04-30T20:10:59+00:00","author":"Equipe Reda\u00e7\u00e3o","twitter_card":"summary_large_image","twitter_misc":{"Escrito por":"Equipe Reda\u00e7\u00e3o","Est. tempo de leitura":"3 minutos","Written by":"Equipe Reda\u00e7\u00e3o"},"schema":{"@context":"https:\/\/schema.org","@graph":[{"@type":"Article","@id":"https:\/\/motorista.com.br\/noticias\/2026\/04\/30\/scania-lanca-venda-de-caminhoes-da-linha-longline\/#article","isPartOf":{"@id":"https:\/\/motorista.com.br\/noticias\/2026\/04\/30\/scania-lanca-venda-de-caminhoes-da-linha-longline\/"},"author":{"name":"Equipe Reda\u00e7\u00e3o","@id":"https:\/\/motorista.com.br\/noticias\/#\/schema\/person\/dc93afc2981c0e3ce6bc3c053fd847be"},"headline":"Scania lan\u00e7a venda de caminh\u00f5es da linha Longline.","datePublished":"2026-04-30T20:10:59+00:00","mainEntityOfPage":{"@id":"https:\/\/motorista.com.br\/noticias\/2026\/04\/30\/scania-lanca-venda-de-caminhoes-da-linha-longline\/"},"wordCount":588,"publisher":{"@id":"https:\/\/motorista.com.br\/noticias\/#organization"},"image":{"@id":"https:\/\/motorista.com.br\/noticias\/2026\/04\/30\/scania-lanca-venda-de-caminhoes-da-linha-longline\/#primaryimage"},"thumbnailUrl":"https:\/\/motorista.com.br\/noticias\/wp-content\/uploads\/2026\/04\/scania-longline-cab-full-size-image.jpg","articleSection":["Carreteiro","Motorista"],"inLanguage":"pt-BR"},{"@type":"WebPage","@id":"https:\/\/motorista.com.br\/noticias\/2026\/04\/30\/scania-lanca-venda-de-caminhoes-da-linha-longline\/","url":"https:\/\/motorista.com.br\/noticias\/2026\/04\/30\/scania-lanca-venda-de-caminhoes-da-linha-longline\/","name":"Scania lan\u00e7a venda de caminh\u00f5es da linha Longline. - Motorista.com.br","isPartOf":{"@id":"https:\/\/motorista.com.br\/noticias\/#website"},"primaryImageOfPage":{"@id":"https:\/\/motorista.com.br\/noticias\/2026\/04\/30\/scania-lanca-venda-de-caminhoes-da-linha-longline\/#primaryimage"},"image":{"@id":"https:\/\/motorista.com.br\/noticias\/2026\/04\/30\/scania-lanca-venda-de-caminhoes-da-linha-longline\/#primaryimage"},"thumbnailUrl":"https:\/\/motorista.com.br\/noticias\/wp-content\/uploads\/2026\/04\/scania-longline-cab-full-size-image.jpg","datePublished":"2026-04-30T20:10:59+00:00","breadcrumb":{"@id":"https:\/\/motorista.com.br\/noticias\/2026\/04\/30\/scania-lanca-venda-de-caminhoes-da-linha-longline\/#breadcrumb"},"inLanguage":"pt-BR","potentialAction":[{"@type":"ReadAction","target":["https:\/\/motorista.com.br\/noticias\/2026\/04\/30\/scania-lanca-venda-de-caminhoes-da-linha-longline\/"]}]},{"@type":"ImageObject","inLanguage":"pt-BR","@id":"https:\/\/motorista.com.br\/noticias\/2026\/04\/30\/scania-lanca-venda-de-caminhoes-da-linha-longline\/#primaryimage","url":"https:\/\/motorista.com.br\/noticias\/wp-content\/uploads\/2026\/04\/scania-longline-cab-full-size-image.jpg","contentUrl":"https:\/\/motorista.com.br\/noticias\/wp-content\/uploads\/2026\/04\/scania-longline-cab-full-size-image.jpg","width":1300,"height":867},{"@type":"BreadcrumbList","@id":"https:\/\/motorista.com.br\/noticias\/2026\/04\/30\/scania-lanca-venda-de-caminhoes-da-linha-longline\/#breadcrumb","itemListElement":[{"@type":"ListItem","position":1,"name":"In\u00edcio","item":"https:\/\/motorista.com.br\/noticias\/"},{"@type":"ListItem","position":2,"name":"Scania lan\u00e7a venda de caminh\u00f5es da linha Longline."}]},{"@type":"WebSite","@id":"https:\/\/motorista.com.br\/noticias\/#website","url":"https:\/\/motorista.com.br\/noticias\/","name":"Motorista.com.br","description":"Not\u00edcia do Motorista","publisher":{"@id":"https:\/\/motorista.com.br\/noticias\/#organization"},"potentialAction":[{"@type":"SearchAction","target":{"@type":"EntryPoint","urlTemplate":"https:\/\/motorista.com.br\/noticias\/?s={search_term_string}"},"query-input":{"@type":"PropertyValueSpecification","valueRequired":true,"valueName":"search_term_string"}}],"inLanguage":"pt-BR"},{"@type":"Organization","@id":"https:\/\/motorista.com.br\/noticias\/#organization","name":"Motorista.com.br","url":"https:\/\/motorista.com.br\/noticias\/","logo":{"@type":"ImageObject","inLanguage":"pt-BR","@id":"https:\/\/motorista.com.br\/noticias\/#\/schema\/logo\/image\/","url":"https:\/\/motorista.com.br\/noticias\/wp-content\/uploads\/2025\/06\/Design-sem-nome-9.png","contentUrl":"https:\/\/motorista.com.br\/noticias\/wp-content\/uploads\/2025\/06\/Design-sem-nome-9.png","width":150,"height":85,"caption":"Motorista.com.br"},"image":{"@id":"https:\/\/motorista.com.br\/noticias\/#\/schema\/logo\/image\/"}},{"@type":"Person","@id":"https:\/\/motorista.com.br\/noticias\/#\/schema\/person\/dc93afc2981c0e3ce6bc3c053fd847be","name":"Equipe Reda\u00e7\u00e3o","image":{"@type":"ImageObject","inLanguage":"pt-BR","@id":"https:\/\/secure.gravatar.com\/avatar\/4f525efbf18dd2bb300ccad28bfb99d95a9465a5ba268407c8c37b37e1f28d2d?s=96&d=mm&r=g9e099043a0c61e9ae27e293b9fa75ffc","url":"https:\/\/secure.gravatar.com\/avatar\/4f525efbf18dd2bb300ccad28bfb99d95a9465a5ba268407c8c37b37e1f28d2d?s=96&d=mm&r=g","contentUrl":"https:\/\/secure.gravatar.com\/avatar\/4f525efbf18dd2bb300ccad28bfb99d95a9465a5ba268407c8c37b37e1f28d2d?s=96&d=mm&r=g","caption":"Equipe Reda\u00e7\u00e3o"},"description":"Equipe de reda\u00e7\u00e3o \u00e9 um grupo de profissionais que trabalham juntos para criar conte\u00fado escrito para Motorista.com.br","url":"https:\/\/motorista.com.br\/noticias\/author\/equiperedacao\/"}]}},"_links":{"self":[{"href":"https:\/\/motorista.com.br\/noticias\/wp-json\/wp\/v2\/posts\/9387","targetHints":{"allow":["GET"]}}],"collection":[{"href":"https:\/\/motorista.com.br\/noticias\/wp-json\/wp\/v2\/posts"}],"about":[{"href":"https:\/\/motorista.com.br\/noticias\/wp-json\/wp\/v2\/types\/post"}],"author":[{"embeddable":true,"href":"https:\/\/motorista.com.br\/noticias\/wp-json\/wp\/v2\/users\/4"}],"replies":[{"embeddable":true,"href":"https:\/\/motorista.com.br\/noticias\/wp-json\/wp\/v2\/comments?post=9387"}],"version-history":[{"count":0,"href":"https:\/\/motorista.com.br\/noticias\/wp-json\/wp\/v2\/posts\/9387\/revisions"}],"wp:featuredmedia":[{"embeddable":true,"href":"https:\/\/motorista.com.br\/noticias\/wp-json\/wp\/v2\/media\/9388"}],"wp:attachment":[{"href":"https:\/\/motorista.com.br\/noticias\/wp-json\/wp\/v2\/media?parent=9387"}],"wp:term":[{"taxonomy":"category","embeddable":true,"href":"https:\/\/motorista.com.br\/noticias\/wp-json\/wp\/v2\/categories?post=9387"},{"taxonomy":"post_tag","embeddable":true,"href":"https:\/\/motorista.com.br\/noticias\/wp-json\/wp\/v2\/tags?post=9387"},{"taxonomy":"author","embeddable":true,"href":"https:\/\/motorista.com.br\/noticias\/wp-json\/wp\/v2\/coauthors?post=9387"}],"curies":[{"name":"wp","href":"https:\/\/api.w.org\/{rel}","templated":true}]}}