{"id":9385,"date":"2026-04-30T17:02:59","date_gmt":"2026-04-30T20:02:59","guid":{"rendered":"https:\/\/motorista.com.br\/noticias\/2026\/04\/30\/cinco-ensinamentos-sobre-transporte-e-logistica-em-tempos-de-guerra\/"},"modified":"2026-04-30T17:02:59","modified_gmt":"2026-04-30T20:02:59","slug":"cinco-ensinamentos-sobre-transporte-e-logistica-em-tempos-de-guerra","status":"publish","type":"post","link":"https:\/\/motorista.com.br\/noticias\/2026\/04\/30\/cinco-ensinamentos-sobre-transporte-e-logistica-em-tempos-de-guerra\/","title":{"rendered":"Cinco ensinamentos sobre transporte e log\u00edstica em tempos de guerra"},"content":{"rendered":"<p><\/p>\n<p><strong>Cinco Li\u00e7\u00f5es da Guerra ao Transporte e \u00e0 Log\u00edstica<\/strong><\/p>\n<p><strong>Bruno Batista<\/strong><\/p>\n<p>Ap\u00f3s a fase mais cr\u00edtica da guerra envolvendo o Ir\u00e3, onde a amea\u00e7a de escalada era iminente, hoje vemos uma diminui\u00e7\u00e3o tempor\u00e1ria nos ataques e uma oportunidade valiosa para avaliar estrat\u00e9gias e objetivos no setor de transporte e log\u00edstica. Essa reflex\u00e3o revela que restri\u00e7\u00f5es regionais, muitas vezes subestimadas, podem ter grandes repercuss\u00f5es.<\/p>\n<h3>\u2013 A Geografia Importa<\/h3>\n<p>Os estrangulamentos mar\u00edtimos, como os de Gibraltar e Suez, s\u00e3o ilustrativos da vulnerabilidade do com\u00e9rcio internacional. Interrup\u00e7\u00f5es nesses pontos, causadas por conflitos ou acidentes, podem criar efeitos em cascata. Portanto, a li\u00e7\u00e3o \u00e9 clara: \u00e9 vital planejar rotas alternativas e expandir redes de dutos para garantir a continuidade do com\u00e9rcio.<\/p>\n<p><strong>Impacto para os motoristas:<\/strong> Planejamentos estrat\u00e9gicos podem significar trajetos mais seguros e eficientes, contribuindo para uma mobilidade urbana menos suscet\u00edvel a surpresas.<\/p>\n<h3>\u2013 Custos da Energia e a Transi\u00e7\u00e3o Energ\u00e9tica<\/h3>\n<p>A recente alta nos pre\u00e7os do petr\u00f3leo afetou setores diversos, inclusive o transporte rodovi\u00e1rio. Combust\u00edveis mais caros geram um impacto direto em fretes e na infla\u00e7\u00e3o geral. Esse cen\u00e1rio ressalta a urg\u00eancia da transi\u00e7\u00e3o energ\u00e9tica, que deixa de ser uma op\u00e7\u00e3o para se tornar uma necessidade.<\/p>\n<p><strong>Benef\u00edcios para motoristas:<\/strong> A diversifica\u00e7\u00e3o nas fontes de energia pode resultar em custos mais est\u00e1veis e, a longo prazo, investimentos em tecnologias mais limpas e eficientes que beneficiam todos.<\/p>\n<h3>\u2013 Gest\u00e3o do Petr\u00f3leo \u00e9 Pauta do Dia<\/h3>\n<p>O conflito evidenciou a diferen\u00e7a entre pa\u00edses preparados e os que n\u00e3o estavam. A China, por exemplo, j\u00e1 havia tomado medidas para ampliar seus estoques e diversificar suas fontes energ\u00e9ticas. A li\u00e7\u00e3o aqui \u00e9 a relev\u00e2ncia de um planejamento antecipado.<\/p>\n<p><strong>Impacto para motoristas:<\/strong> A seguran\u00e7a energ\u00e9tica n\u00e3o apenas estabiliza os custos, mas tamb\u00e9m promove um ambiente mais seguro para a mobilidade em geral, sustentando a economia regional.<\/p>\n<h3>\u2013 Crescimento Econ\u00f4mico e Redes de Suprimento<\/h3>\n<p>A crise no Golfo P\u00e9rsico destacou a depend\u00eancia de fornecedores em regi\u00f5es inst\u00e1veis. Nesse sentido, o reshoring e nearshoring devem ser acelerados, diversificando as fontes de suprimento e revitalizando a gest\u00e3o de estoques.<\/p>\n<p><strong>Consequ\u00eancia para motoristas:<\/strong> A robustez nas cadeias de suprimento garante que as opera\u00e7\u00f5es log\u00edsticas se mantenham fluidas, impactando positivamente na disponibilidade de produtos e na efici\u00eancia da mobilidade urbana.<\/p>\n<h3>\u2013 Geopol\u00edtica Como Elo<\/h3>\n<p>Guerras s\u00e3o quest\u00f5es de interesses muitos vezes econ\u00f4micos. A diplomacia, nesse contexto, \u00e9 crucial para a manuten\u00e7\u00e3o de rela\u00e7\u00f5es comerciais e para a redu\u00e7\u00e3o de riscos operacionais. <\/p>\n<p><strong>Reflex\u00e3o sobre mobilidade:<\/strong> Um ambiente de rela\u00e7\u00f5es internacionais est\u00e1veis favorece a mobilidade, permitindo que motoristas e empresas operem com seguran\u00e7a e menos interrup\u00e7\u00f5es.<\/p>\n<p>A fragilidade atual nos cen\u00e1rios de guerra traz al\u00edvio tempor\u00e1rio, mas tamb\u00e9m exige que se repensem custos e rotas, al\u00e9m de avaliar riscos. Embora as guerras sejam uma trag\u00e9dia, elas oferecem li\u00e7\u00f5es que podem transformar o setor de transporte e log\u00edstica. Assim, podemos interromper ciclos de crise com aprendizados que favorecem a mobilidade em toda a sociedade.<\/p>\n<p><strong>Fonte: Abralog<\/strong><\/p>\n","protected":false},"excerpt":{"rendered":"<p>Cinco Li\u00e7\u00f5es da Guerra ao Transporte e \u00e0 Log\u00edstica Bruno Batista Ap\u00f3s a fase mais cr\u00edtica da guerra envolvendo o Ir\u00e3, onde a amea\u00e7a de escalada era iminente, hoje vemos uma diminui\u00e7\u00e3o tempor\u00e1ria nos ataques e uma oportunidade valiosa para avaliar estrat\u00e9gias e objetivos no setor de transporte e log\u00edstica. Essa reflex\u00e3o revela que restri\u00e7\u00f5es &hellip;<\/p>\n","protected":false},"author":4,"featured_media":9386,"comment_status":"","ping_status":"open","sticky":false,"template":"","format":"standard","meta":{"footnotes":""},"categories":[62],"tags":[],"coauthors":[42],"class_list":["post-9385","post","type-post","status-publish","format-standard","has-post-thumbnail","hentry","category-logistica"],"yoast_head":"<!-- This site is optimized with the Yoast SEO Premium plugin v25.5 (Yoast SEO v27.5) - https:\/\/yoast.com\/product\/yoast-seo-premium-wordpress\/ -->\n<title>Cinco ensinamentos sobre transporte e log\u00edstica em tempos de guerra - Motorista.com.br<\/title>\n<meta name=\"robots\" content=\"index, follow, max-snippet:-1, max-image-preview:large, max-video-preview:-1\" \/>\n<link rel=\"canonical\" href=\"https:\/\/motorista.com.br\/noticias\/2026\/04\/30\/cinco-ensinamentos-sobre-transporte-e-logistica-em-tempos-de-guerra\/\" \/>\n<meta property=\"og:locale\" content=\"pt_BR\" \/>\n<meta property=\"og:type\" content=\"article\" \/>\n<meta property=\"og:title\" content=\"Cinco ensinamentos sobre transporte e log\u00edstica em tempos de guerra\" \/>\n<meta property=\"og:description\" content=\"Cinco Li\u00e7\u00f5es da Guerra ao Transporte e \u00e0 Log\u00edstica Bruno Batista Ap\u00f3s a fase mais cr\u00edtica da guerra envolvendo o Ir\u00e3, onde a amea\u00e7a de escalada era iminente, hoje vemos uma diminui\u00e7\u00e3o tempor\u00e1ria nos ataques e uma oportunidade valiosa para avaliar estrat\u00e9gias e objetivos no setor de transporte e log\u00edstica. Essa reflex\u00e3o revela que restri\u00e7\u00f5es &hellip;\" \/>\n<meta property=\"og:url\" content=\"https:\/\/motorista.com.br\/noticias\/2026\/04\/30\/cinco-ensinamentos-sobre-transporte-e-logistica-em-tempos-de-guerra\/\" \/>\n<meta property=\"og:site_name\" content=\"Motorista.com.br\" \/>\n<meta property=\"article:published_time\" content=\"2026-04-30T20:02:59+00:00\" \/>\n<meta name=\"author\" content=\"Equipe Reda\u00e7\u00e3o\" \/>\n<meta name=\"twitter:card\" content=\"summary_large_image\" \/>\n<meta name=\"twitter:label1\" content=\"Escrito por\" \/>\n\t<meta name=\"twitter:data1\" content=\"Equipe Reda\u00e7\u00e3o\" \/>\n\t<meta name=\"twitter:label2\" content=\"Est. tempo de leitura\" \/>\n\t<meta name=\"twitter:data2\" content=\"3 minutos\" \/>\n\t<meta name=\"twitter:label3\" content=\"Written by\" \/>\n\t<meta name=\"twitter:data3\" content=\"Equipe Reda\u00e7\u00e3o\" \/>\n<script type=\"application\/ld+json\" class=\"yoast-schema-graph\">{\"@context\":\"https:\\\/\\\/schema.org\",\"@graph\":[{\"@type\":\"Article\",\"@id\":\"https:\\\/\\\/motorista.com.br\\\/noticias\\\/2026\\\/04\\\/30\\\/cinco-ensinamentos-sobre-transporte-e-logistica-em-tempos-de-guerra\\\/#article\",\"isPartOf\":{\"@id\":\"https:\\\/\\\/motorista.com.br\\\/noticias\\\/2026\\\/04\\\/30\\\/cinco-ensinamentos-sobre-transporte-e-logistica-em-tempos-de-guerra\\\/\"},\"author\":{\"name\":\"Equipe Reda\u00e7\u00e3o\",\"@id\":\"https:\\\/\\\/motorista.com.br\\\/noticias\\\/#\\\/schema\\\/person\\\/dc93afc2981c0e3ce6bc3c053fd847be\"},\"headline\":\"Cinco ensinamentos sobre transporte e log\u00edstica em tempos de guerra\",\"datePublished\":\"2026-04-30T20:02:59+00:00\",\"mainEntityOfPage\":{\"@id\":\"https:\\\/\\\/motorista.com.br\\\/noticias\\\/2026\\\/04\\\/30\\\/cinco-ensinamentos-sobre-transporte-e-logistica-em-tempos-de-guerra\\\/\"},\"wordCount\":556,\"publisher\":{\"@id\":\"https:\\\/\\\/motorista.com.br\\\/noticias\\\/#organization\"},\"image\":{\"@id\":\"https:\\\/\\\/motorista.com.br\\\/noticias\\\/2026\\\/04\\\/30\\\/cinco-ensinamentos-sobre-transporte-e-logistica-em-tempos-de-guerra\\\/#primaryimage\"},\"thumbnailUrl\":\"https:\\\/\\\/motorista.com.br\\\/noticias\\\/wp-content\\\/uploads\\\/2026\\\/04\\\/ID-AB-1000-px-x-830-px-Cinco.png\",\"articleSection\":[\"Log\u00edstica\"],\"inLanguage\":\"pt-BR\"},{\"@type\":\"WebPage\",\"@id\":\"https:\\\/\\\/motorista.com.br\\\/noticias\\\/2026\\\/04\\\/30\\\/cinco-ensinamentos-sobre-transporte-e-logistica-em-tempos-de-guerra\\\/\",\"url\":\"https:\\\/\\\/motorista.com.br\\\/noticias\\\/2026\\\/04\\\/30\\\/cinco-ensinamentos-sobre-transporte-e-logistica-em-tempos-de-guerra\\\/\",\"name\":\"Cinco ensinamentos sobre transporte e log\u00edstica em tempos de guerra - Motorista.com.br\",\"isPartOf\":{\"@id\":\"https:\\\/\\\/motorista.com.br\\\/noticias\\\/#website\"},\"primaryImageOfPage\":{\"@id\":\"https:\\\/\\\/motorista.com.br\\\/noticias\\\/2026\\\/04\\\/30\\\/cinco-ensinamentos-sobre-transporte-e-logistica-em-tempos-de-guerra\\\/#primaryimage\"},\"image\":{\"@id\":\"https:\\\/\\\/motorista.com.br\\\/noticias\\\/2026\\\/04\\\/30\\\/cinco-ensinamentos-sobre-transporte-e-logistica-em-tempos-de-guerra\\\/#primaryimage\"},\"thumbnailUrl\":\"https:\\\/\\\/motorista.com.br\\\/noticias\\\/wp-content\\\/uploads\\\/2026\\\/04\\\/ID-AB-1000-px-x-830-px-Cinco.png\",\"datePublished\":\"2026-04-30T20:02:59+00:00\",\"breadcrumb\":{\"@id\":\"https:\\\/\\\/motorista.com.br\\\/noticias\\\/2026\\\/04\\\/30\\\/cinco-ensinamentos-sobre-transporte-e-logistica-em-tempos-de-guerra\\\/#breadcrumb\"},\"inLanguage\":\"pt-BR\",\"potentialAction\":[{\"@type\":\"ReadAction\",\"target\":[\"https:\\\/\\\/motorista.com.br\\\/noticias\\\/2026\\\/04\\\/30\\\/cinco-ensinamentos-sobre-transporte-e-logistica-em-tempos-de-guerra\\\/\"]}]},{\"@type\":\"ImageObject\",\"inLanguage\":\"pt-BR\",\"@id\":\"https:\\\/\\\/motorista.com.br\\\/noticias\\\/2026\\\/04\\\/30\\\/cinco-ensinamentos-sobre-transporte-e-logistica-em-tempos-de-guerra\\\/#primaryimage\",\"url\":\"https:\\\/\\\/motorista.com.br\\\/noticias\\\/wp-content\\\/uploads\\\/2026\\\/04\\\/ID-AB-1000-px-x-830-px-Cinco.png\",\"contentUrl\":\"https:\\\/\\\/motorista.com.br\\\/noticias\\\/wp-content\\\/uploads\\\/2026\\\/04\\\/ID-AB-1000-px-x-830-px-Cinco.png\",\"width\":1000,\"height\":830},{\"@type\":\"BreadcrumbList\",\"@id\":\"https:\\\/\\\/motorista.com.br\\\/noticias\\\/2026\\\/04\\\/30\\\/cinco-ensinamentos-sobre-transporte-e-logistica-em-tempos-de-guerra\\\/#breadcrumb\",\"itemListElement\":[{\"@type\":\"ListItem\",\"position\":1,\"name\":\"In\u00edcio\",\"item\":\"https:\\\/\\\/motorista.com.br\\\/noticias\\\/\"},{\"@type\":\"ListItem\",\"position\":2,\"name\":\"Cinco ensinamentos sobre transporte e log\u00edstica em tempos de guerra\"}]},{\"@type\":\"WebSite\",\"@id\":\"https:\\\/\\\/motorista.com.br\\\/noticias\\\/#website\",\"url\":\"https:\\\/\\\/motorista.com.br\\\/noticias\\\/\",\"name\":\"Motorista.com.br\",\"description\":\"Not\u00edcia do Motorista\",\"publisher\":{\"@id\":\"https:\\\/\\\/motorista.com.br\\\/noticias\\\/#organization\"},\"potentialAction\":[{\"@type\":\"SearchAction\",\"target\":{\"@type\":\"EntryPoint\",\"urlTemplate\":\"https:\\\/\\\/motorista.com.br\\\/noticias\\\/?s={search_term_string}\"},\"query-input\":{\"@type\":\"PropertyValueSpecification\",\"valueRequired\":true,\"valueName\":\"search_term_string\"}}],\"inLanguage\":\"pt-BR\"},{\"@type\":\"Organization\",\"@id\":\"https:\\\/\\\/motorista.com.br\\\/noticias\\\/#organization\",\"name\":\"Motorista.com.br\",\"url\":\"https:\\\/\\\/motorista.com.br\\\/noticias\\\/\",\"logo\":{\"@type\":\"ImageObject\",\"inLanguage\":\"pt-BR\",\"@id\":\"https:\\\/\\\/motorista.com.br\\\/noticias\\\/#\\\/schema\\\/logo\\\/image\\\/\",\"url\":\"https:\\\/\\\/motorista.com.br\\\/noticias\\\/wp-content\\\/uploads\\\/2025\\\/06\\\/Design-sem-nome-9.png\",\"contentUrl\":\"https:\\\/\\\/motorista.com.br\\\/noticias\\\/wp-content\\\/uploads\\\/2025\\\/06\\\/Design-sem-nome-9.png\",\"width\":150,\"height\":85,\"caption\":\"Motorista.com.br\"},\"image\":{\"@id\":\"https:\\\/\\\/motorista.com.br\\\/noticias\\\/#\\\/schema\\\/logo\\\/image\\\/\"}},{\"@type\":\"Person\",\"@id\":\"https:\\\/\\\/motorista.com.br\\\/noticias\\\/#\\\/schema\\\/person\\\/dc93afc2981c0e3ce6bc3c053fd847be\",\"name\":\"Equipe Reda\u00e7\u00e3o\",\"image\":{\"@type\":\"ImageObject\",\"inLanguage\":\"pt-BR\",\"@id\":\"https:\\\/\\\/secure.gravatar.com\\\/avatar\\\/4f525efbf18dd2bb300ccad28bfb99d95a9465a5ba268407c8c37b37e1f28d2d?s=96&d=mm&r=g9e099043a0c61e9ae27e293b9fa75ffc\",\"url\":\"https:\\\/\\\/secure.gravatar.com\\\/avatar\\\/4f525efbf18dd2bb300ccad28bfb99d95a9465a5ba268407c8c37b37e1f28d2d?s=96&d=mm&r=g\",\"contentUrl\":\"https:\\\/\\\/secure.gravatar.com\\\/avatar\\\/4f525efbf18dd2bb300ccad28bfb99d95a9465a5ba268407c8c37b37e1f28d2d?s=96&d=mm&r=g\",\"caption\":\"Equipe Reda\u00e7\u00e3o\"},\"description\":\"Equipe de reda\u00e7\u00e3o \u00e9 um grupo de profissionais que trabalham juntos para criar conte\u00fado escrito para Motorista.com.br\",\"url\":\"https:\\\/\\\/motorista.com.br\\\/noticias\\\/author\\\/equiperedacao\\\/\"}]}<\/script>\n<!-- \/ Yoast SEO Premium plugin. -->","yoast_head_json":{"title":"Cinco ensinamentos sobre transporte e log\u00edstica em tempos de guerra - Motorista.com.br","robots":{"index":"index","follow":"follow","max-snippet":"max-snippet:-1","max-image-preview":"max-image-preview:large","max-video-preview":"max-video-preview:-1"},"canonical":"https:\/\/motorista.com.br\/noticias\/2026\/04\/30\/cinco-ensinamentos-sobre-transporte-e-logistica-em-tempos-de-guerra\/","og_locale":"pt_BR","og_type":"article","og_title":"Cinco ensinamentos sobre transporte e log\u00edstica em tempos de guerra","og_description":"Cinco Li\u00e7\u00f5es da Guerra ao Transporte e \u00e0 Log\u00edstica Bruno Batista Ap\u00f3s a fase mais cr\u00edtica da guerra envolvendo o Ir\u00e3, onde a amea\u00e7a de escalada era iminente, hoje vemos uma diminui\u00e7\u00e3o tempor\u00e1ria nos ataques e uma oportunidade valiosa para avaliar estrat\u00e9gias e objetivos no setor de transporte e log\u00edstica. Essa reflex\u00e3o revela que restri\u00e7\u00f5es &hellip;","og_url":"https:\/\/motorista.com.br\/noticias\/2026\/04\/30\/cinco-ensinamentos-sobre-transporte-e-logistica-em-tempos-de-guerra\/","og_site_name":"Motorista.com.br","article_published_time":"2026-04-30T20:02:59+00:00","author":"Equipe Reda\u00e7\u00e3o","twitter_card":"summary_large_image","twitter_misc":{"Escrito por":"Equipe Reda\u00e7\u00e3o","Est. tempo de leitura":"3 minutos","Written by":"Equipe Reda\u00e7\u00e3o"},"schema":{"@context":"https:\/\/schema.org","@graph":[{"@type":"Article","@id":"https:\/\/motorista.com.br\/noticias\/2026\/04\/30\/cinco-ensinamentos-sobre-transporte-e-logistica-em-tempos-de-guerra\/#article","isPartOf":{"@id":"https:\/\/motorista.com.br\/noticias\/2026\/04\/30\/cinco-ensinamentos-sobre-transporte-e-logistica-em-tempos-de-guerra\/"},"author":{"name":"Equipe Reda\u00e7\u00e3o","@id":"https:\/\/motorista.com.br\/noticias\/#\/schema\/person\/dc93afc2981c0e3ce6bc3c053fd847be"},"headline":"Cinco ensinamentos sobre transporte e log\u00edstica em tempos de guerra","datePublished":"2026-04-30T20:02:59+00:00","mainEntityOfPage":{"@id":"https:\/\/motorista.com.br\/noticias\/2026\/04\/30\/cinco-ensinamentos-sobre-transporte-e-logistica-em-tempos-de-guerra\/"},"wordCount":556,"publisher":{"@id":"https:\/\/motorista.com.br\/noticias\/#organization"},"image":{"@id":"https:\/\/motorista.com.br\/noticias\/2026\/04\/30\/cinco-ensinamentos-sobre-transporte-e-logistica-em-tempos-de-guerra\/#primaryimage"},"thumbnailUrl":"https:\/\/motorista.com.br\/noticias\/wp-content\/uploads\/2026\/04\/ID-AB-1000-px-x-830-px-Cinco.png","articleSection":["Log\u00edstica"],"inLanguage":"pt-BR"},{"@type":"WebPage","@id":"https:\/\/motorista.com.br\/noticias\/2026\/04\/30\/cinco-ensinamentos-sobre-transporte-e-logistica-em-tempos-de-guerra\/","url":"https:\/\/motorista.com.br\/noticias\/2026\/04\/30\/cinco-ensinamentos-sobre-transporte-e-logistica-em-tempos-de-guerra\/","name":"Cinco ensinamentos sobre transporte e log\u00edstica em tempos de guerra - Motorista.com.br","isPartOf":{"@id":"https:\/\/motorista.com.br\/noticias\/#website"},"primaryImageOfPage":{"@id":"https:\/\/motorista.com.br\/noticias\/2026\/04\/30\/cinco-ensinamentos-sobre-transporte-e-logistica-em-tempos-de-guerra\/#primaryimage"},"image":{"@id":"https:\/\/motorista.com.br\/noticias\/2026\/04\/30\/cinco-ensinamentos-sobre-transporte-e-logistica-em-tempos-de-guerra\/#primaryimage"},"thumbnailUrl":"https:\/\/motorista.com.br\/noticias\/wp-content\/uploads\/2026\/04\/ID-AB-1000-px-x-830-px-Cinco.png","datePublished":"2026-04-30T20:02:59+00:00","breadcrumb":{"@id":"https:\/\/motorista.com.br\/noticias\/2026\/04\/30\/cinco-ensinamentos-sobre-transporte-e-logistica-em-tempos-de-guerra\/#breadcrumb"},"inLanguage":"pt-BR","potentialAction":[{"@type":"ReadAction","target":["https:\/\/motorista.com.br\/noticias\/2026\/04\/30\/cinco-ensinamentos-sobre-transporte-e-logistica-em-tempos-de-guerra\/"]}]},{"@type":"ImageObject","inLanguage":"pt-BR","@id":"https:\/\/motorista.com.br\/noticias\/2026\/04\/30\/cinco-ensinamentos-sobre-transporte-e-logistica-em-tempos-de-guerra\/#primaryimage","url":"https:\/\/motorista.com.br\/noticias\/wp-content\/uploads\/2026\/04\/ID-AB-1000-px-x-830-px-Cinco.png","contentUrl":"https:\/\/motorista.com.br\/noticias\/wp-content\/uploads\/2026\/04\/ID-AB-1000-px-x-830-px-Cinco.png","width":1000,"height":830},{"@type":"BreadcrumbList","@id":"https:\/\/motorista.com.br\/noticias\/2026\/04\/30\/cinco-ensinamentos-sobre-transporte-e-logistica-em-tempos-de-guerra\/#breadcrumb","itemListElement":[{"@type":"ListItem","position":1,"name":"In\u00edcio","item":"https:\/\/motorista.com.br\/noticias\/"},{"@type":"ListItem","position":2,"name":"Cinco ensinamentos sobre transporte e log\u00edstica em tempos de guerra"}]},{"@type":"WebSite","@id":"https:\/\/motorista.com.br\/noticias\/#website","url":"https:\/\/motorista.com.br\/noticias\/","name":"Motorista.com.br","description":"Not\u00edcia do Motorista","publisher":{"@id":"https:\/\/motorista.com.br\/noticias\/#organization"},"potentialAction":[{"@type":"SearchAction","target":{"@type":"EntryPoint","urlTemplate":"https:\/\/motorista.com.br\/noticias\/?s={search_term_string}"},"query-input":{"@type":"PropertyValueSpecification","valueRequired":true,"valueName":"search_term_string"}}],"inLanguage":"pt-BR"},{"@type":"Organization","@id":"https:\/\/motorista.com.br\/noticias\/#organization","name":"Motorista.com.br","url":"https:\/\/motorista.com.br\/noticias\/","logo":{"@type":"ImageObject","inLanguage":"pt-BR","@id":"https:\/\/motorista.com.br\/noticias\/#\/schema\/logo\/image\/","url":"https:\/\/motorista.com.br\/noticias\/wp-content\/uploads\/2025\/06\/Design-sem-nome-9.png","contentUrl":"https:\/\/motorista.com.br\/noticias\/wp-content\/uploads\/2025\/06\/Design-sem-nome-9.png","width":150,"height":85,"caption":"Motorista.com.br"},"image":{"@id":"https:\/\/motorista.com.br\/noticias\/#\/schema\/logo\/image\/"}},{"@type":"Person","@id":"https:\/\/motorista.com.br\/noticias\/#\/schema\/person\/dc93afc2981c0e3ce6bc3c053fd847be","name":"Equipe Reda\u00e7\u00e3o","image":{"@type":"ImageObject","inLanguage":"pt-BR","@id":"https:\/\/secure.gravatar.com\/avatar\/4f525efbf18dd2bb300ccad28bfb99d95a9465a5ba268407c8c37b37e1f28d2d?s=96&d=mm&r=g9e099043a0c61e9ae27e293b9fa75ffc","url":"https:\/\/secure.gravatar.com\/avatar\/4f525efbf18dd2bb300ccad28bfb99d95a9465a5ba268407c8c37b37e1f28d2d?s=96&d=mm&r=g","contentUrl":"https:\/\/secure.gravatar.com\/avatar\/4f525efbf18dd2bb300ccad28bfb99d95a9465a5ba268407c8c37b37e1f28d2d?s=96&d=mm&r=g","caption":"Equipe Reda\u00e7\u00e3o"},"description":"Equipe de reda\u00e7\u00e3o \u00e9 um grupo de profissionais que trabalham juntos para criar conte\u00fado escrito para Motorista.com.br","url":"https:\/\/motorista.com.br\/noticias\/author\/equiperedacao\/"}]}},"_links":{"self":[{"href":"https:\/\/motorista.com.br\/noticias\/wp-json\/wp\/v2\/posts\/9385","targetHints":{"allow":["GET"]}}],"collection":[{"href":"https:\/\/motorista.com.br\/noticias\/wp-json\/wp\/v2\/posts"}],"about":[{"href":"https:\/\/motorista.com.br\/noticias\/wp-json\/wp\/v2\/types\/post"}],"author":[{"embeddable":true,"href":"https:\/\/motorista.com.br\/noticias\/wp-json\/wp\/v2\/users\/4"}],"replies":[{"embeddable":true,"href":"https:\/\/motorista.com.br\/noticias\/wp-json\/wp\/v2\/comments?post=9385"}],"version-history":[{"count":0,"href":"https:\/\/motorista.com.br\/noticias\/wp-json\/wp\/v2\/posts\/9385\/revisions"}],"wp:featuredmedia":[{"embeddable":true,"href":"https:\/\/motorista.com.br\/noticias\/wp-json\/wp\/v2\/media\/9386"}],"wp:attachment":[{"href":"https:\/\/motorista.com.br\/noticias\/wp-json\/wp\/v2\/media?parent=9385"}],"wp:term":[{"taxonomy":"category","embeddable":true,"href":"https:\/\/motorista.com.br\/noticias\/wp-json\/wp\/v2\/categories?post=9385"},{"taxonomy":"post_tag","embeddable":true,"href":"https:\/\/motorista.com.br\/noticias\/wp-json\/wp\/v2\/tags?post=9385"},{"taxonomy":"author","embeddable":true,"href":"https:\/\/motorista.com.br\/noticias\/wp-json\/wp\/v2\/coauthors?post=9385"}],"curies":[{"name":"wp","href":"https:\/\/api.w.org\/{rel}","templated":true}]}}