{"id":9383,"date":"2026-04-30T16:47:55","date_gmt":"2026-04-30T19:47:55","guid":{"rendered":"https:\/\/motorista.com.br\/noticias\/2026\/04\/30\/italia-pede-a-soltura-imediata-de-ativistas-detidos\/"},"modified":"2026-04-30T16:47:55","modified_gmt":"2026-04-30T19:47:55","slug":"italia-pede-a-soltura-imediata-de-ativistas-detidos","status":"publish","type":"post","link":"https:\/\/motorista.com.br\/noticias\/2026\/04\/30\/italia-pede-a-soltura-imediata-de-ativistas-detidos\/","title":{"rendered":"It\u00e1lia pede a soltura &#8216;imediata&#8217; de ativistas detidos."},"content":{"rendered":"<p><\/p>\n<p><strong>Governo da It\u00e1lia Exige Liberta\u00e7\u00e3o Imediata de Ativistas Presos<\/strong><\/p>\n<p>O governo da It\u00e1lia solicitou, em 30 de abril, a liberta\u00e7\u00e3o &quot;imediata&quot; dos ativistas italianos que faziam parte da Flotilha Global Sumud, interceptada por Israel em \u00e1guas internacionais, nas proximidades da Gr\u00e9cia. A declara\u00e7\u00e3o foi feita ap\u00f3s uma reuni\u00e3o da primeira-ministra Giorgia Meloni com seus ministros de Rela\u00e7\u00f5es Exteriores e Defesa, al\u00e9m do subsecret\u00e1rio da Presid\u00eancia do Conselho de Ministros.<\/p>\n<p>A press\u00e3o do governo italiano \u00e9 clara: h\u00e1 um insistente pedido ao governo de Israel para que todos os italianos detidos sejam liberados e que os direitos internacionais sejam respeitados, garantindo a seguran\u00e7a dos ativistas.<\/p>\n<p>De acordo com a organiza\u00e7\u00e3o respons\u00e1vel pela tripula\u00e7\u00e3o, 211 ativistas foram detidos, incluindo 24 italianos. As for\u00e7as israelenses interceptaram 22 das 58 embarca\u00e7\u00f5es da flotilha, que contava com mais de 400 participantes. Informa\u00e7\u00f5es indicam que os ativistas foram levados para o porto de Ashdod, onde enfrentam processos de deporta\u00e7\u00e3o.<\/p>\n<p>A organiza\u00e7\u00e3o enfatiza a gravidade da situa\u00e7\u00e3o, chamando as a\u00e7\u00f5es de Israel de uma escalada sem precedentes, caracterizando o epis\u00f3dio como um sequestro de civis \u2014 uma pr\u00e1tica inaceit\u00e1vel em \u00e1guas internacionais.<\/p>\n<p>A liberta\u00e7\u00e3o dos ativistas n\u00e3o \u00e9 apenas uma quest\u00e3o humanit\u00e1ria, mas tamb\u00e9m um reflexo da import\u00e2ncia da liberdade de movimento e express\u00e3o. Para motoristas e cidad\u00e3os em geral, essa demanda pode ressoar no aumento do debate sobre direitos humanos e a natureza das rela\u00e7\u00f5es internacionais. Quando governos se mobilizam contra a opress\u00e3o e em favor da liberdade, isso pode influenciar a mobilidade e a seguran\u00e7a das pessoas globalmente. Analisar os impactos dessas a\u00e7\u00f5es n\u00e3o apenas amplia a conversa sobre direitos civis, mas tamb\u00e9m prop\u00f5e uma reflex\u00e3o sobre como as pol\u00edticas globais afetam a vida cotidiana, promovendo um ambiente de maior seguran\u00e7a e liberdade para todos.<\/p>\n","protected":false},"excerpt":{"rendered":"<p>Governo da It\u00e1lia Exige Liberta\u00e7\u00e3o Imediata de Ativistas Presos O governo da It\u00e1lia solicitou, em 30 de abril, a liberta\u00e7\u00e3o &quot;imediata&quot; dos ativistas italianos que faziam parte da Flotilha Global Sumud, interceptada por Israel em \u00e1guas internacionais, nas proximidades da Gr\u00e9cia. A declara\u00e7\u00e3o foi feita ap\u00f3s uma reuni\u00e3o da primeira-ministra Giorgia Meloni com seus ministros &hellip;<\/p>\n","protected":false},"author":4,"featured_media":9384,"comment_status":"","ping_status":"open","sticky":false,"template":"","format":"standard","meta":{"footnotes":""},"categories":[45],"tags":[],"coauthors":[42],"class_list":["post-9383","post","type-post","status-publish","format-standard","has-post-thumbnail","hentry","category-mundo"],"yoast_head":"<!-- This site is optimized with the Yoast SEO Premium plugin v25.5 (Yoast SEO v27.5) - https:\/\/yoast.com\/product\/yoast-seo-premium-wordpress\/ -->\n<title>It\u00e1lia pede a soltura &#039;imediata&#039; de ativistas detidos. - Motorista.com.br<\/title>\n<meta name=\"robots\" content=\"index, follow, max-snippet:-1, max-image-preview:large, max-video-preview:-1\" \/>\n<link rel=\"canonical\" href=\"https:\/\/motorista.com.br\/noticias\/2026\/04\/30\/italia-pede-a-soltura-imediata-de-ativistas-detidos\/\" \/>\n<meta property=\"og:locale\" content=\"pt_BR\" \/>\n<meta property=\"og:type\" content=\"article\" \/>\n<meta property=\"og:title\" content=\"It\u00e1lia pede a soltura &#039;imediata&#039; de ativistas detidos.\" \/>\n<meta property=\"og:description\" content=\"Governo da It\u00e1lia Exige Liberta\u00e7\u00e3o Imediata de Ativistas Presos O governo da It\u00e1lia solicitou, em 30 de abril, a liberta\u00e7\u00e3o &quot;imediata&quot; dos ativistas italianos que faziam parte da Flotilha Global Sumud, interceptada por Israel em \u00e1guas internacionais, nas proximidades da Gr\u00e9cia. A declara\u00e7\u00e3o foi feita ap\u00f3s uma reuni\u00e3o da primeira-ministra Giorgia Meloni com seus ministros &hellip;\" \/>\n<meta property=\"og:url\" content=\"https:\/\/motorista.com.br\/noticias\/2026\/04\/30\/italia-pede-a-soltura-imediata-de-ativistas-detidos\/\" \/>\n<meta property=\"og:site_name\" content=\"Motorista.com.br\" \/>\n<meta property=\"article:published_time\" content=\"2026-04-30T19:47:55+00:00\" \/>\n<meta name=\"author\" content=\"Equipe Reda\u00e7\u00e3o\" \/>\n<meta name=\"twitter:card\" content=\"summary_large_image\" \/>\n<meta name=\"twitter:label1\" content=\"Escrito por\" \/>\n\t<meta name=\"twitter:data1\" content=\"Equipe Reda\u00e7\u00e3o\" \/>\n\t<meta name=\"twitter:label2\" content=\"Est. tempo de leitura\" \/>\n\t<meta name=\"twitter:data2\" content=\"2 minutos\" \/>\n\t<meta name=\"twitter:label3\" content=\"Written by\" \/>\n\t<meta name=\"twitter:data3\" content=\"Equipe Reda\u00e7\u00e3o\" \/>\n<script type=\"application\/ld+json\" class=\"yoast-schema-graph\">{\"@context\":\"https:\\\/\\\/schema.org\",\"@graph\":[{\"@type\":\"Article\",\"@id\":\"https:\\\/\\\/motorista.com.br\\\/noticias\\\/2026\\\/04\\\/30\\\/italia-pede-a-soltura-imediata-de-ativistas-detidos\\\/#article\",\"isPartOf\":{\"@id\":\"https:\\\/\\\/motorista.com.br\\\/noticias\\\/2026\\\/04\\\/30\\\/italia-pede-a-soltura-imediata-de-ativistas-detidos\\\/\"},\"author\":{\"name\":\"Equipe Reda\u00e7\u00e3o\",\"@id\":\"https:\\\/\\\/motorista.com.br\\\/noticias\\\/#\\\/schema\\\/person\\\/dc93afc2981c0e3ce6bc3c053fd847be\"},\"headline\":\"It\u00e1lia pede a soltura &#8216;imediata&#8217; de ativistas detidos.\",\"datePublished\":\"2026-04-30T19:47:55+00:00\",\"mainEntityOfPage\":{\"@id\":\"https:\\\/\\\/motorista.com.br\\\/noticias\\\/2026\\\/04\\\/30\\\/italia-pede-a-soltura-imediata-de-ativistas-detidos\\\/\"},\"wordCount\":337,\"publisher\":{\"@id\":\"https:\\\/\\\/motorista.com.br\\\/noticias\\\/#organization\"},\"image\":{\"@id\":\"https:\\\/\\\/motorista.com.br\\\/noticias\\\/2026\\\/04\\\/30\\\/italia-pede-a-soltura-imediata-de-ativistas-detidos\\\/#primaryimage\"},\"thumbnailUrl\":\"https:\\\/\\\/motorista.com.br\\\/noticias\\\/wp-content\\\/uploads\\\/2026\\\/04\\\/captura-de-tela-2026-04-30-154852.png\",\"articleSection\":[\"Mundo\"],\"inLanguage\":\"pt-BR\"},{\"@type\":\"WebPage\",\"@id\":\"https:\\\/\\\/motorista.com.br\\\/noticias\\\/2026\\\/04\\\/30\\\/italia-pede-a-soltura-imediata-de-ativistas-detidos\\\/\",\"url\":\"https:\\\/\\\/motorista.com.br\\\/noticias\\\/2026\\\/04\\\/30\\\/italia-pede-a-soltura-imediata-de-ativistas-detidos\\\/\",\"name\":\"It\u00e1lia pede a soltura 'imediata' de ativistas detidos. - Motorista.com.br\",\"isPartOf\":{\"@id\":\"https:\\\/\\\/motorista.com.br\\\/noticias\\\/#website\"},\"primaryImageOfPage\":{\"@id\":\"https:\\\/\\\/motorista.com.br\\\/noticias\\\/2026\\\/04\\\/30\\\/italia-pede-a-soltura-imediata-de-ativistas-detidos\\\/#primaryimage\"},\"image\":{\"@id\":\"https:\\\/\\\/motorista.com.br\\\/noticias\\\/2026\\\/04\\\/30\\\/italia-pede-a-soltura-imediata-de-ativistas-detidos\\\/#primaryimage\"},\"thumbnailUrl\":\"https:\\\/\\\/motorista.com.br\\\/noticias\\\/wp-content\\\/uploads\\\/2026\\\/04\\\/captura-de-tela-2026-04-30-154852.png\",\"datePublished\":\"2026-04-30T19:47:55+00:00\",\"breadcrumb\":{\"@id\":\"https:\\\/\\\/motorista.com.br\\\/noticias\\\/2026\\\/04\\\/30\\\/italia-pede-a-soltura-imediata-de-ativistas-detidos\\\/#breadcrumb\"},\"inLanguage\":\"pt-BR\",\"potentialAction\":[{\"@type\":\"ReadAction\",\"target\":[\"https:\\\/\\\/motorista.com.br\\\/noticias\\\/2026\\\/04\\\/30\\\/italia-pede-a-soltura-imediata-de-ativistas-detidos\\\/\"]}]},{\"@type\":\"ImageObject\",\"inLanguage\":\"pt-BR\",\"@id\":\"https:\\\/\\\/motorista.com.br\\\/noticias\\\/2026\\\/04\\\/30\\\/italia-pede-a-soltura-imediata-de-ativistas-detidos\\\/#primaryimage\",\"url\":\"https:\\\/\\\/motorista.com.br\\\/noticias\\\/wp-content\\\/uploads\\\/2026\\\/04\\\/captura-de-tela-2026-04-30-154852.png\",\"contentUrl\":\"https:\\\/\\\/motorista.com.br\\\/noticias\\\/wp-content\\\/uploads\\\/2026\\\/04\\\/captura-de-tela-2026-04-30-154852.png\",\"width\":438,\"height\":580},{\"@type\":\"BreadcrumbList\",\"@id\":\"https:\\\/\\\/motorista.com.br\\\/noticias\\\/2026\\\/04\\\/30\\\/italia-pede-a-soltura-imediata-de-ativistas-detidos\\\/#breadcrumb\",\"itemListElement\":[{\"@type\":\"ListItem\",\"position\":1,\"name\":\"In\u00edcio\",\"item\":\"https:\\\/\\\/motorista.com.br\\\/noticias\\\/\"},{\"@type\":\"ListItem\",\"position\":2,\"name\":\"It\u00e1lia pede a soltura &#8216;imediata&#8217; de ativistas detidos.\"}]},{\"@type\":\"WebSite\",\"@id\":\"https:\\\/\\\/motorista.com.br\\\/noticias\\\/#website\",\"url\":\"https:\\\/\\\/motorista.com.br\\\/noticias\\\/\",\"name\":\"Motorista.com.br\",\"description\":\"Not\u00edcia do Motorista\",\"publisher\":{\"@id\":\"https:\\\/\\\/motorista.com.br\\\/noticias\\\/#organization\"},\"potentialAction\":[{\"@type\":\"SearchAction\",\"target\":{\"@type\":\"EntryPoint\",\"urlTemplate\":\"https:\\\/\\\/motorista.com.br\\\/noticias\\\/?s={search_term_string}\"},\"query-input\":{\"@type\":\"PropertyValueSpecification\",\"valueRequired\":true,\"valueName\":\"search_term_string\"}}],\"inLanguage\":\"pt-BR\"},{\"@type\":\"Organization\",\"@id\":\"https:\\\/\\\/motorista.com.br\\\/noticias\\\/#organization\",\"name\":\"Motorista.com.br\",\"url\":\"https:\\\/\\\/motorista.com.br\\\/noticias\\\/\",\"logo\":{\"@type\":\"ImageObject\",\"inLanguage\":\"pt-BR\",\"@id\":\"https:\\\/\\\/motorista.com.br\\\/noticias\\\/#\\\/schema\\\/logo\\\/image\\\/\",\"url\":\"https:\\\/\\\/motorista.com.br\\\/noticias\\\/wp-content\\\/uploads\\\/2025\\\/06\\\/Design-sem-nome-9.png\",\"contentUrl\":\"https:\\\/\\\/motorista.com.br\\\/noticias\\\/wp-content\\\/uploads\\\/2025\\\/06\\\/Design-sem-nome-9.png\",\"width\":150,\"height\":85,\"caption\":\"Motorista.com.br\"},\"image\":{\"@id\":\"https:\\\/\\\/motorista.com.br\\\/noticias\\\/#\\\/schema\\\/logo\\\/image\\\/\"}},{\"@type\":\"Person\",\"@id\":\"https:\\\/\\\/motorista.com.br\\\/noticias\\\/#\\\/schema\\\/person\\\/dc93afc2981c0e3ce6bc3c053fd847be\",\"name\":\"Equipe Reda\u00e7\u00e3o\",\"image\":{\"@type\":\"ImageObject\",\"inLanguage\":\"pt-BR\",\"@id\":\"https:\\\/\\\/secure.gravatar.com\\\/avatar\\\/4f525efbf18dd2bb300ccad28bfb99d95a9465a5ba268407c8c37b37e1f28d2d?s=96&d=mm&r=g9e099043a0c61e9ae27e293b9fa75ffc\",\"url\":\"https:\\\/\\\/secure.gravatar.com\\\/avatar\\\/4f525efbf18dd2bb300ccad28bfb99d95a9465a5ba268407c8c37b37e1f28d2d?s=96&d=mm&r=g\",\"contentUrl\":\"https:\\\/\\\/secure.gravatar.com\\\/avatar\\\/4f525efbf18dd2bb300ccad28bfb99d95a9465a5ba268407c8c37b37e1f28d2d?s=96&d=mm&r=g\",\"caption\":\"Equipe Reda\u00e7\u00e3o\"},\"description\":\"Equipe de reda\u00e7\u00e3o \u00e9 um grupo de profissionais que trabalham juntos para criar conte\u00fado escrito para Motorista.com.br\",\"url\":\"https:\\\/\\\/motorista.com.br\\\/noticias\\\/author\\\/equiperedacao\\\/\"}]}<\/script>\n<!-- \/ Yoast SEO Premium plugin. -->","yoast_head_json":{"title":"It\u00e1lia pede a soltura 'imediata' de ativistas detidos. - Motorista.com.br","robots":{"index":"index","follow":"follow","max-snippet":"max-snippet:-1","max-image-preview":"max-image-preview:large","max-video-preview":"max-video-preview:-1"},"canonical":"https:\/\/motorista.com.br\/noticias\/2026\/04\/30\/italia-pede-a-soltura-imediata-de-ativistas-detidos\/","og_locale":"pt_BR","og_type":"article","og_title":"It\u00e1lia pede a soltura 'imediata' de ativistas detidos.","og_description":"Governo da It\u00e1lia Exige Liberta\u00e7\u00e3o Imediata de Ativistas Presos O governo da It\u00e1lia solicitou, em 30 de abril, a liberta\u00e7\u00e3o &quot;imediata&quot; dos ativistas italianos que faziam parte da Flotilha Global Sumud, interceptada por Israel em \u00e1guas internacionais, nas proximidades da Gr\u00e9cia. A declara\u00e7\u00e3o foi feita ap\u00f3s uma reuni\u00e3o da primeira-ministra Giorgia Meloni com seus ministros &hellip;","og_url":"https:\/\/motorista.com.br\/noticias\/2026\/04\/30\/italia-pede-a-soltura-imediata-de-ativistas-detidos\/","og_site_name":"Motorista.com.br","article_published_time":"2026-04-30T19:47:55+00:00","author":"Equipe Reda\u00e7\u00e3o","twitter_card":"summary_large_image","twitter_misc":{"Escrito por":"Equipe Reda\u00e7\u00e3o","Est. tempo de leitura":"2 minutos","Written by":"Equipe Reda\u00e7\u00e3o"},"schema":{"@context":"https:\/\/schema.org","@graph":[{"@type":"Article","@id":"https:\/\/motorista.com.br\/noticias\/2026\/04\/30\/italia-pede-a-soltura-imediata-de-ativistas-detidos\/#article","isPartOf":{"@id":"https:\/\/motorista.com.br\/noticias\/2026\/04\/30\/italia-pede-a-soltura-imediata-de-ativistas-detidos\/"},"author":{"name":"Equipe Reda\u00e7\u00e3o","@id":"https:\/\/motorista.com.br\/noticias\/#\/schema\/person\/dc93afc2981c0e3ce6bc3c053fd847be"},"headline":"It\u00e1lia pede a soltura &#8216;imediata&#8217; de ativistas detidos.","datePublished":"2026-04-30T19:47:55+00:00","mainEntityOfPage":{"@id":"https:\/\/motorista.com.br\/noticias\/2026\/04\/30\/italia-pede-a-soltura-imediata-de-ativistas-detidos\/"},"wordCount":337,"publisher":{"@id":"https:\/\/motorista.com.br\/noticias\/#organization"},"image":{"@id":"https:\/\/motorista.com.br\/noticias\/2026\/04\/30\/italia-pede-a-soltura-imediata-de-ativistas-detidos\/#primaryimage"},"thumbnailUrl":"https:\/\/motorista.com.br\/noticias\/wp-content\/uploads\/2026\/04\/captura-de-tela-2026-04-30-154852.png","articleSection":["Mundo"],"inLanguage":"pt-BR"},{"@type":"WebPage","@id":"https:\/\/motorista.com.br\/noticias\/2026\/04\/30\/italia-pede-a-soltura-imediata-de-ativistas-detidos\/","url":"https:\/\/motorista.com.br\/noticias\/2026\/04\/30\/italia-pede-a-soltura-imediata-de-ativistas-detidos\/","name":"It\u00e1lia pede a soltura 'imediata' de ativistas detidos. - Motorista.com.br","isPartOf":{"@id":"https:\/\/motorista.com.br\/noticias\/#website"},"primaryImageOfPage":{"@id":"https:\/\/motorista.com.br\/noticias\/2026\/04\/30\/italia-pede-a-soltura-imediata-de-ativistas-detidos\/#primaryimage"},"image":{"@id":"https:\/\/motorista.com.br\/noticias\/2026\/04\/30\/italia-pede-a-soltura-imediata-de-ativistas-detidos\/#primaryimage"},"thumbnailUrl":"https:\/\/motorista.com.br\/noticias\/wp-content\/uploads\/2026\/04\/captura-de-tela-2026-04-30-154852.png","datePublished":"2026-04-30T19:47:55+00:00","breadcrumb":{"@id":"https:\/\/motorista.com.br\/noticias\/2026\/04\/30\/italia-pede-a-soltura-imediata-de-ativistas-detidos\/#breadcrumb"},"inLanguage":"pt-BR","potentialAction":[{"@type":"ReadAction","target":["https:\/\/motorista.com.br\/noticias\/2026\/04\/30\/italia-pede-a-soltura-imediata-de-ativistas-detidos\/"]}]},{"@type":"ImageObject","inLanguage":"pt-BR","@id":"https:\/\/motorista.com.br\/noticias\/2026\/04\/30\/italia-pede-a-soltura-imediata-de-ativistas-detidos\/#primaryimage","url":"https:\/\/motorista.com.br\/noticias\/wp-content\/uploads\/2026\/04\/captura-de-tela-2026-04-30-154852.png","contentUrl":"https:\/\/motorista.com.br\/noticias\/wp-content\/uploads\/2026\/04\/captura-de-tela-2026-04-30-154852.png","width":438,"height":580},{"@type":"BreadcrumbList","@id":"https:\/\/motorista.com.br\/noticias\/2026\/04\/30\/italia-pede-a-soltura-imediata-de-ativistas-detidos\/#breadcrumb","itemListElement":[{"@type":"ListItem","position":1,"name":"In\u00edcio","item":"https:\/\/motorista.com.br\/noticias\/"},{"@type":"ListItem","position":2,"name":"It\u00e1lia pede a soltura &#8216;imediata&#8217; de ativistas detidos."}]},{"@type":"WebSite","@id":"https:\/\/motorista.com.br\/noticias\/#website","url":"https:\/\/motorista.com.br\/noticias\/","name":"Motorista.com.br","description":"Not\u00edcia do Motorista","publisher":{"@id":"https:\/\/motorista.com.br\/noticias\/#organization"},"potentialAction":[{"@type":"SearchAction","target":{"@type":"EntryPoint","urlTemplate":"https:\/\/motorista.com.br\/noticias\/?s={search_term_string}"},"query-input":{"@type":"PropertyValueSpecification","valueRequired":true,"valueName":"search_term_string"}}],"inLanguage":"pt-BR"},{"@type":"Organization","@id":"https:\/\/motorista.com.br\/noticias\/#organization","name":"Motorista.com.br","url":"https:\/\/motorista.com.br\/noticias\/","logo":{"@type":"ImageObject","inLanguage":"pt-BR","@id":"https:\/\/motorista.com.br\/noticias\/#\/schema\/logo\/image\/","url":"https:\/\/motorista.com.br\/noticias\/wp-content\/uploads\/2025\/06\/Design-sem-nome-9.png","contentUrl":"https:\/\/motorista.com.br\/noticias\/wp-content\/uploads\/2025\/06\/Design-sem-nome-9.png","width":150,"height":85,"caption":"Motorista.com.br"},"image":{"@id":"https:\/\/motorista.com.br\/noticias\/#\/schema\/logo\/image\/"}},{"@type":"Person","@id":"https:\/\/motorista.com.br\/noticias\/#\/schema\/person\/dc93afc2981c0e3ce6bc3c053fd847be","name":"Equipe Reda\u00e7\u00e3o","image":{"@type":"ImageObject","inLanguage":"pt-BR","@id":"https:\/\/secure.gravatar.com\/avatar\/4f525efbf18dd2bb300ccad28bfb99d95a9465a5ba268407c8c37b37e1f28d2d?s=96&d=mm&r=g9e099043a0c61e9ae27e293b9fa75ffc","url":"https:\/\/secure.gravatar.com\/avatar\/4f525efbf18dd2bb300ccad28bfb99d95a9465a5ba268407c8c37b37e1f28d2d?s=96&d=mm&r=g","contentUrl":"https:\/\/secure.gravatar.com\/avatar\/4f525efbf18dd2bb300ccad28bfb99d95a9465a5ba268407c8c37b37e1f28d2d?s=96&d=mm&r=g","caption":"Equipe Reda\u00e7\u00e3o"},"description":"Equipe de reda\u00e7\u00e3o \u00e9 um grupo de profissionais que trabalham juntos para criar conte\u00fado escrito para Motorista.com.br","url":"https:\/\/motorista.com.br\/noticias\/author\/equiperedacao\/"}]}},"_links":{"self":[{"href":"https:\/\/motorista.com.br\/noticias\/wp-json\/wp\/v2\/posts\/9383","targetHints":{"allow":["GET"]}}],"collection":[{"href":"https:\/\/motorista.com.br\/noticias\/wp-json\/wp\/v2\/posts"}],"about":[{"href":"https:\/\/motorista.com.br\/noticias\/wp-json\/wp\/v2\/types\/post"}],"author":[{"embeddable":true,"href":"https:\/\/motorista.com.br\/noticias\/wp-json\/wp\/v2\/users\/4"}],"replies":[{"embeddable":true,"href":"https:\/\/motorista.com.br\/noticias\/wp-json\/wp\/v2\/comments?post=9383"}],"version-history":[{"count":0,"href":"https:\/\/motorista.com.br\/noticias\/wp-json\/wp\/v2\/posts\/9383\/revisions"}],"wp:featuredmedia":[{"embeddable":true,"href":"https:\/\/motorista.com.br\/noticias\/wp-json\/wp\/v2\/media\/9384"}],"wp:attachment":[{"href":"https:\/\/motorista.com.br\/noticias\/wp-json\/wp\/v2\/media?parent=9383"}],"wp:term":[{"taxonomy":"category","embeddable":true,"href":"https:\/\/motorista.com.br\/noticias\/wp-json\/wp\/v2\/categories?post=9383"},{"taxonomy":"post_tag","embeddable":true,"href":"https:\/\/motorista.com.br\/noticias\/wp-json\/wp\/v2\/tags?post=9383"},{"taxonomy":"author","embeddable":true,"href":"https:\/\/motorista.com.br\/noticias\/wp-json\/wp\/v2\/coauthors?post=9383"}],"curies":[{"name":"wp","href":"https:\/\/api.w.org\/{rel}","templated":true}]}}