{"id":9381,"date":"2026-04-30T16:02:41","date_gmt":"2026-04-30T19:02:41","guid":{"rendered":"https:\/\/motorista.com.br\/noticias\/2026\/04\/30\/cvt-debate-ampliacao-do-porto-de-santos-com-instituto-brasil-logistica\/"},"modified":"2026-04-30T16:02:41","modified_gmt":"2026-04-30T19:02:41","slug":"cvt-debate-ampliacao-do-porto-de-santos-com-instituto-brasil-logistica","status":"publish","type":"post","link":"https:\/\/motorista.com.br\/noticias\/2026\/04\/30\/cvt-debate-ampliacao-do-porto-de-santos-com-instituto-brasil-logistica\/","title":{"rendered":"CVT debate amplia\u00e7\u00e3o do Porto de Santos com Instituto Brasil Log\u00edstica"},"content":{"rendered":"<p><\/p>\n<h2>Expans\u00e3o do Porto de Santos: Benef\u00edcios para Motoristas e Mobilidade<\/h2>\n<p>Recentemente, a Comiss\u00e3o de Via\u00e7\u00e3o e Transportes (CVT) discutiu a expans\u00e3o do Porto de Santos, com a participa\u00e7\u00e3o de integrantes do Instituto Brasil Log\u00edstica. Esse tema \u00e9 fundamental n\u00e3o apenas para o desenvolvimento econ\u00f4mico da regi\u00e3o, mas tamb\u00e9m para motoristas e a mobilidade urbana como um todo.<\/p>\n<h3>Benef\u00edcios da Expans\u00e3o do Porto<\/h3>\n<p>A amplia\u00e7\u00e3o do Porto de Santos pode resultar em um aumento significativo na capacidade de transporte e movimenta\u00e7\u00e3o de cargas. Para motoristas, isso significa:<\/p>\n<ol>\n<li>\n<p><strong>Redu\u00e7\u00e3o no Tempo de Espera<\/strong>: Com um porto mais eficiente, a log\u00edstica se tornar\u00e1 mais \u00e1gil, diminuindo o tempo de espera em filas. Menos tempo parado nas estradas significa menos estresse e mais produtividade para os motoristas.<\/p>\n<\/li>\n<li>\n<p><strong>Melhoria nas Estradas<\/strong>: A expans\u00e3o geralmente vem acompanhada de investimentos em infraestrutura. Estradas mais bem pavimentadas e com maior capacidade para suportar o tr\u00e1fego intenso beneficiam tanto motoristas de caminh\u00f5es quanto ve\u00edculos de passeio.<\/p>\n<\/li>\n<li>\n<p><strong>Aumento nas Oportunidades de Trabalho<\/strong>: A movimenta\u00e7\u00e3o de mercadorias deve gerar novas oportunidades de emprego e neg\u00f3cios locais, beneficiando n\u00e3o apenas os motoristas, mas toda a economia regional.<\/p>\n<\/li>\n<\/ol>\n<h3>Impactos na Mobilidade Geral<\/h3>\n<p>A efici\u00eancia na movimenta\u00e7\u00e3o de cargas tem um efeito cascata na mobilidade urbana. Quando o transporte log\u00edstico \u00e9 otimizado, isso resulta em:<\/p>\n<ul>\n<li>\n<p><strong>Menos Congestionamento<\/strong>: A fluidez no transporte de cargas pode contribuir para a diminui\u00e7\u00e3o do tr\u00e2nsito nas \u00e1reas circunvizinhas ao porto, beneficiando todos os motoristas.<\/p>\n<\/li>\n<li>\n<p><strong>Sustentabilidade<\/strong>: Com uma melhor log\u00edstica, os caminh\u00f5es poder\u00e3o operar de forma mais eficiente, reduzindo a emiss\u00e3o de poluentes e ajudando a melhorar a qualidade do ar nas cidades vizinhas.<\/p>\n<\/li>\n<li>\n<p><strong>Integra\u00e7\u00e3o de Modais<\/strong>: A expans\u00e3o pode proporcionar uma integra\u00e7\u00e3o mais eficaz entre diferentes modais de transporte (caminh\u00e3o, trem, etc.), facilitando a mobilidade n\u00e3o apenas de cargas, mas tamb\u00e9m de passageiros.<\/p>\n<\/li>\n<\/ul>\n<h3>Considera\u00e7\u00f5es Finais<\/h3>\n<p>A discuss\u00e3o sobre a expans\u00e3o do Porto de Santos, com a contribui\u00e7\u00e3o do Instituto Brasil Log\u00edstica, \u00e9 um passo importante para o futuro da mobilidade e do transporte no Brasil. A simbiose entre o desenvolvimento log\u00edstico e a melhoria na qualidade de vida dos motoristas e cidad\u00e3os deve ser uma prioridade. Assim, a expans\u00e3o n\u00e3o apenas promete transformar a din\u00e2mica do transporte de cargas, mas tamb\u00e9m reflete um compromisso com uma mobilidade mais integrada e eficiente.<\/p>\n<p><strong>Fonte: ibl<\/strong><\/p>\n","protected":false},"excerpt":{"rendered":"<p>Expans\u00e3o do Porto de Santos: Benef\u00edcios para Motoristas e Mobilidade Recentemente, a Comiss\u00e3o de Via\u00e7\u00e3o e Transportes (CVT) discutiu a expans\u00e3o do Porto de Santos, com a participa\u00e7\u00e3o de integrantes do Instituto Brasil Log\u00edstica. Esse tema \u00e9 fundamental n\u00e3o apenas para o desenvolvimento econ\u00f4mico da regi\u00e3o, mas tamb\u00e9m para motoristas e a mobilidade urbana como &hellip;<\/p>\n","protected":false},"author":4,"featured_media":9382,"comment_status":"","ping_status":"open","sticky":false,"template":"","format":"standard","meta":{"footnotes":""},"categories":[62],"tags":[],"coauthors":[42],"class_list":["post-9381","post","type-post","status-publish","format-standard","has-post-thumbnail","hentry","category-logistica"],"yoast_head":"<!-- This site is optimized with the Yoast SEO Premium plugin v25.5 (Yoast SEO v27.5) - https:\/\/yoast.com\/product\/yoast-seo-premium-wordpress\/ -->\n<title>CVT debate amplia\u00e7\u00e3o do Porto de Santos com Instituto Brasil Log\u00edstica - Motorista.com.br<\/title>\n<meta name=\"robots\" content=\"index, follow, max-snippet:-1, max-image-preview:large, max-video-preview:-1\" \/>\n<link rel=\"canonical\" href=\"https:\/\/motorista.com.br\/noticias\/2026\/04\/30\/cvt-debate-ampliacao-do-porto-de-santos-com-instituto-brasil-logistica\/\" \/>\n<meta property=\"og:locale\" content=\"pt_BR\" \/>\n<meta property=\"og:type\" content=\"article\" \/>\n<meta property=\"og:title\" content=\"CVT debate amplia\u00e7\u00e3o do Porto de Santos com Instituto Brasil Log\u00edstica\" \/>\n<meta property=\"og:description\" content=\"Expans\u00e3o do Porto de Santos: Benef\u00edcios para Motoristas e Mobilidade Recentemente, a Comiss\u00e3o de Via\u00e7\u00e3o e Transportes (CVT) discutiu a expans\u00e3o do Porto de Santos, com a participa\u00e7\u00e3o de integrantes do Instituto Brasil Log\u00edstica. Esse tema \u00e9 fundamental n\u00e3o apenas para o desenvolvimento econ\u00f4mico da regi\u00e3o, mas tamb\u00e9m para motoristas e a mobilidade urbana como &hellip;\" \/>\n<meta property=\"og:url\" content=\"https:\/\/motorista.com.br\/noticias\/2026\/04\/30\/cvt-debate-ampliacao-do-porto-de-santos-com-instituto-brasil-logistica\/\" \/>\n<meta property=\"og:site_name\" content=\"Motorista.com.br\" \/>\n<meta property=\"article:published_time\" content=\"2026-04-30T19:02:41+00:00\" \/>\n<meta name=\"author\" content=\"Equipe Reda\u00e7\u00e3o\" \/>\n<meta name=\"twitter:card\" content=\"summary_large_image\" \/>\n<meta name=\"twitter:label1\" content=\"Escrito por\" \/>\n\t<meta name=\"twitter:data1\" content=\"Equipe Reda\u00e7\u00e3o\" \/>\n\t<meta name=\"twitter:label2\" content=\"Est. tempo de leitura\" \/>\n\t<meta name=\"twitter:data2\" content=\"2 minutos\" \/>\n\t<meta name=\"twitter:label3\" content=\"Written by\" \/>\n\t<meta name=\"twitter:data3\" content=\"Equipe Reda\u00e7\u00e3o\" \/>\n<script type=\"application\/ld+json\" class=\"yoast-schema-graph\">{\"@context\":\"https:\\\/\\\/schema.org\",\"@graph\":[{\"@type\":\"Article\",\"@id\":\"https:\\\/\\\/motorista.com.br\\\/noticias\\\/2026\\\/04\\\/30\\\/cvt-debate-ampliacao-do-porto-de-santos-com-instituto-brasil-logistica\\\/#article\",\"isPartOf\":{\"@id\":\"https:\\\/\\\/motorista.com.br\\\/noticias\\\/2026\\\/04\\\/30\\\/cvt-debate-ampliacao-do-porto-de-santos-com-instituto-brasil-logistica\\\/\"},\"author\":{\"name\":\"Equipe Reda\u00e7\u00e3o\",\"@id\":\"https:\\\/\\\/motorista.com.br\\\/noticias\\\/#\\\/schema\\\/person\\\/dc93afc2981c0e3ce6bc3c053fd847be\"},\"headline\":\"CVT debate amplia\u00e7\u00e3o do Porto de Santos com Instituto Brasil Log\u00edstica\",\"datePublished\":\"2026-04-30T19:02:41+00:00\",\"mainEntityOfPage\":{\"@id\":\"https:\\\/\\\/motorista.com.br\\\/noticias\\\/2026\\\/04\\\/30\\\/cvt-debate-ampliacao-do-porto-de-santos-com-instituto-brasil-logistica\\\/\"},\"wordCount\":434,\"publisher\":{\"@id\":\"https:\\\/\\\/motorista.com.br\\\/noticias\\\/#organization\"},\"image\":{\"@id\":\"https:\\\/\\\/motorista.com.br\\\/noticias\\\/2026\\\/04\\\/30\\\/cvt-debate-ampliacao-do-porto-de-santos-com-instituto-brasil-logistica\\\/#primaryimage\"},\"thumbnailUrl\":\"https:\\\/\\\/motorista.com.br\\\/noticias\\\/wp-content\\\/uploads\\\/2026\\\/04\\\/WhatsApp-Image-2026-04-30-at-09.23.00.jpeg\",\"articleSection\":[\"Log\u00edstica\"],\"inLanguage\":\"pt-BR\"},{\"@type\":\"WebPage\",\"@id\":\"https:\\\/\\\/motorista.com.br\\\/noticias\\\/2026\\\/04\\\/30\\\/cvt-debate-ampliacao-do-porto-de-santos-com-instituto-brasil-logistica\\\/\",\"url\":\"https:\\\/\\\/motorista.com.br\\\/noticias\\\/2026\\\/04\\\/30\\\/cvt-debate-ampliacao-do-porto-de-santos-com-instituto-brasil-logistica\\\/\",\"name\":\"CVT debate amplia\u00e7\u00e3o do Porto de Santos com Instituto Brasil Log\u00edstica - Motorista.com.br\",\"isPartOf\":{\"@id\":\"https:\\\/\\\/motorista.com.br\\\/noticias\\\/#website\"},\"primaryImageOfPage\":{\"@id\":\"https:\\\/\\\/motorista.com.br\\\/noticias\\\/2026\\\/04\\\/30\\\/cvt-debate-ampliacao-do-porto-de-santos-com-instituto-brasil-logistica\\\/#primaryimage\"},\"image\":{\"@id\":\"https:\\\/\\\/motorista.com.br\\\/noticias\\\/2026\\\/04\\\/30\\\/cvt-debate-ampliacao-do-porto-de-santos-com-instituto-brasil-logistica\\\/#primaryimage\"},\"thumbnailUrl\":\"https:\\\/\\\/motorista.com.br\\\/noticias\\\/wp-content\\\/uploads\\\/2026\\\/04\\\/WhatsApp-Image-2026-04-30-at-09.23.00.jpeg\",\"datePublished\":\"2026-04-30T19:02:41+00:00\",\"breadcrumb\":{\"@id\":\"https:\\\/\\\/motorista.com.br\\\/noticias\\\/2026\\\/04\\\/30\\\/cvt-debate-ampliacao-do-porto-de-santos-com-instituto-brasil-logistica\\\/#breadcrumb\"},\"inLanguage\":\"pt-BR\",\"potentialAction\":[{\"@type\":\"ReadAction\",\"target\":[\"https:\\\/\\\/motorista.com.br\\\/noticias\\\/2026\\\/04\\\/30\\\/cvt-debate-ampliacao-do-porto-de-santos-com-instituto-brasil-logistica\\\/\"]}]},{\"@type\":\"ImageObject\",\"inLanguage\":\"pt-BR\",\"@id\":\"https:\\\/\\\/motorista.com.br\\\/noticias\\\/2026\\\/04\\\/30\\\/cvt-debate-ampliacao-do-porto-de-santos-com-instituto-brasil-logistica\\\/#primaryimage\",\"url\":\"https:\\\/\\\/motorista.com.br\\\/noticias\\\/wp-content\\\/uploads\\\/2026\\\/04\\\/WhatsApp-Image-2026-04-30-at-09.23.00.jpeg\",\"contentUrl\":\"https:\\\/\\\/motorista.com.br\\\/noticias\\\/wp-content\\\/uploads\\\/2026\\\/04\\\/WhatsApp-Image-2026-04-30-at-09.23.00.jpeg\",\"width\":1600,\"height\":900},{\"@type\":\"BreadcrumbList\",\"@id\":\"https:\\\/\\\/motorista.com.br\\\/noticias\\\/2026\\\/04\\\/30\\\/cvt-debate-ampliacao-do-porto-de-santos-com-instituto-brasil-logistica\\\/#breadcrumb\",\"itemListElement\":[{\"@type\":\"ListItem\",\"position\":1,\"name\":\"In\u00edcio\",\"item\":\"https:\\\/\\\/motorista.com.br\\\/noticias\\\/\"},{\"@type\":\"ListItem\",\"position\":2,\"name\":\"CVT debate amplia\u00e7\u00e3o do Porto de Santos com Instituto Brasil Log\u00edstica\"}]},{\"@type\":\"WebSite\",\"@id\":\"https:\\\/\\\/motorista.com.br\\\/noticias\\\/#website\",\"url\":\"https:\\\/\\\/motorista.com.br\\\/noticias\\\/\",\"name\":\"Motorista.com.br\",\"description\":\"Not\u00edcia do Motorista\",\"publisher\":{\"@id\":\"https:\\\/\\\/motorista.com.br\\\/noticias\\\/#organization\"},\"potentialAction\":[{\"@type\":\"SearchAction\",\"target\":{\"@type\":\"EntryPoint\",\"urlTemplate\":\"https:\\\/\\\/motorista.com.br\\\/noticias\\\/?s={search_term_string}\"},\"query-input\":{\"@type\":\"PropertyValueSpecification\",\"valueRequired\":true,\"valueName\":\"search_term_string\"}}],\"inLanguage\":\"pt-BR\"},{\"@type\":\"Organization\",\"@id\":\"https:\\\/\\\/motorista.com.br\\\/noticias\\\/#organization\",\"name\":\"Motorista.com.br\",\"url\":\"https:\\\/\\\/motorista.com.br\\\/noticias\\\/\",\"logo\":{\"@type\":\"ImageObject\",\"inLanguage\":\"pt-BR\",\"@id\":\"https:\\\/\\\/motorista.com.br\\\/noticias\\\/#\\\/schema\\\/logo\\\/image\\\/\",\"url\":\"https:\\\/\\\/motorista.com.br\\\/noticias\\\/wp-content\\\/uploads\\\/2025\\\/06\\\/Design-sem-nome-9.png\",\"contentUrl\":\"https:\\\/\\\/motorista.com.br\\\/noticias\\\/wp-content\\\/uploads\\\/2025\\\/06\\\/Design-sem-nome-9.png\",\"width\":150,\"height\":85,\"caption\":\"Motorista.com.br\"},\"image\":{\"@id\":\"https:\\\/\\\/motorista.com.br\\\/noticias\\\/#\\\/schema\\\/logo\\\/image\\\/\"}},{\"@type\":\"Person\",\"@id\":\"https:\\\/\\\/motorista.com.br\\\/noticias\\\/#\\\/schema\\\/person\\\/dc93afc2981c0e3ce6bc3c053fd847be\",\"name\":\"Equipe Reda\u00e7\u00e3o\",\"image\":{\"@type\":\"ImageObject\",\"inLanguage\":\"pt-BR\",\"@id\":\"https:\\\/\\\/secure.gravatar.com\\\/avatar\\\/4f525efbf18dd2bb300ccad28bfb99d95a9465a5ba268407c8c37b37e1f28d2d?s=96&d=mm&r=g9e099043a0c61e9ae27e293b9fa75ffc\",\"url\":\"https:\\\/\\\/secure.gravatar.com\\\/avatar\\\/4f525efbf18dd2bb300ccad28bfb99d95a9465a5ba268407c8c37b37e1f28d2d?s=96&d=mm&r=g\",\"contentUrl\":\"https:\\\/\\\/secure.gravatar.com\\\/avatar\\\/4f525efbf18dd2bb300ccad28bfb99d95a9465a5ba268407c8c37b37e1f28d2d?s=96&d=mm&r=g\",\"caption\":\"Equipe Reda\u00e7\u00e3o\"},\"description\":\"Equipe de reda\u00e7\u00e3o \u00e9 um grupo de profissionais que trabalham juntos para criar conte\u00fado escrito para Motorista.com.br\",\"url\":\"https:\\\/\\\/motorista.com.br\\\/noticias\\\/author\\\/equiperedacao\\\/\"}]}<\/script>\n<!-- \/ Yoast SEO Premium plugin. -->","yoast_head_json":{"title":"CVT debate amplia\u00e7\u00e3o do Porto de Santos com Instituto Brasil Log\u00edstica - Motorista.com.br","robots":{"index":"index","follow":"follow","max-snippet":"max-snippet:-1","max-image-preview":"max-image-preview:large","max-video-preview":"max-video-preview:-1"},"canonical":"https:\/\/motorista.com.br\/noticias\/2026\/04\/30\/cvt-debate-ampliacao-do-porto-de-santos-com-instituto-brasil-logistica\/","og_locale":"pt_BR","og_type":"article","og_title":"CVT debate amplia\u00e7\u00e3o do Porto de Santos com Instituto Brasil Log\u00edstica","og_description":"Expans\u00e3o do Porto de Santos: Benef\u00edcios para Motoristas e Mobilidade Recentemente, a Comiss\u00e3o de Via\u00e7\u00e3o e Transportes (CVT) discutiu a expans\u00e3o do Porto de Santos, com a participa\u00e7\u00e3o de integrantes do Instituto Brasil Log\u00edstica. Esse tema \u00e9 fundamental n\u00e3o apenas para o desenvolvimento econ\u00f4mico da regi\u00e3o, mas tamb\u00e9m para motoristas e a mobilidade urbana como &hellip;","og_url":"https:\/\/motorista.com.br\/noticias\/2026\/04\/30\/cvt-debate-ampliacao-do-porto-de-santos-com-instituto-brasil-logistica\/","og_site_name":"Motorista.com.br","article_published_time":"2026-04-30T19:02:41+00:00","author":"Equipe Reda\u00e7\u00e3o","twitter_card":"summary_large_image","twitter_misc":{"Escrito por":"Equipe Reda\u00e7\u00e3o","Est. tempo de leitura":"2 minutos","Written by":"Equipe Reda\u00e7\u00e3o"},"schema":{"@context":"https:\/\/schema.org","@graph":[{"@type":"Article","@id":"https:\/\/motorista.com.br\/noticias\/2026\/04\/30\/cvt-debate-ampliacao-do-porto-de-santos-com-instituto-brasil-logistica\/#article","isPartOf":{"@id":"https:\/\/motorista.com.br\/noticias\/2026\/04\/30\/cvt-debate-ampliacao-do-porto-de-santos-com-instituto-brasil-logistica\/"},"author":{"name":"Equipe Reda\u00e7\u00e3o","@id":"https:\/\/motorista.com.br\/noticias\/#\/schema\/person\/dc93afc2981c0e3ce6bc3c053fd847be"},"headline":"CVT debate amplia\u00e7\u00e3o do Porto de Santos com Instituto Brasil Log\u00edstica","datePublished":"2026-04-30T19:02:41+00:00","mainEntityOfPage":{"@id":"https:\/\/motorista.com.br\/noticias\/2026\/04\/30\/cvt-debate-ampliacao-do-porto-de-santos-com-instituto-brasil-logistica\/"},"wordCount":434,"publisher":{"@id":"https:\/\/motorista.com.br\/noticias\/#organization"},"image":{"@id":"https:\/\/motorista.com.br\/noticias\/2026\/04\/30\/cvt-debate-ampliacao-do-porto-de-santos-com-instituto-brasil-logistica\/#primaryimage"},"thumbnailUrl":"https:\/\/motorista.com.br\/noticias\/wp-content\/uploads\/2026\/04\/WhatsApp-Image-2026-04-30-at-09.23.00.jpeg","articleSection":["Log\u00edstica"],"inLanguage":"pt-BR"},{"@type":"WebPage","@id":"https:\/\/motorista.com.br\/noticias\/2026\/04\/30\/cvt-debate-ampliacao-do-porto-de-santos-com-instituto-brasil-logistica\/","url":"https:\/\/motorista.com.br\/noticias\/2026\/04\/30\/cvt-debate-ampliacao-do-porto-de-santos-com-instituto-brasil-logistica\/","name":"CVT debate amplia\u00e7\u00e3o do Porto de Santos com Instituto Brasil Log\u00edstica - Motorista.com.br","isPartOf":{"@id":"https:\/\/motorista.com.br\/noticias\/#website"},"primaryImageOfPage":{"@id":"https:\/\/motorista.com.br\/noticias\/2026\/04\/30\/cvt-debate-ampliacao-do-porto-de-santos-com-instituto-brasil-logistica\/#primaryimage"},"image":{"@id":"https:\/\/motorista.com.br\/noticias\/2026\/04\/30\/cvt-debate-ampliacao-do-porto-de-santos-com-instituto-brasil-logistica\/#primaryimage"},"thumbnailUrl":"https:\/\/motorista.com.br\/noticias\/wp-content\/uploads\/2026\/04\/WhatsApp-Image-2026-04-30-at-09.23.00.jpeg","datePublished":"2026-04-30T19:02:41+00:00","breadcrumb":{"@id":"https:\/\/motorista.com.br\/noticias\/2026\/04\/30\/cvt-debate-ampliacao-do-porto-de-santos-com-instituto-brasil-logistica\/#breadcrumb"},"inLanguage":"pt-BR","potentialAction":[{"@type":"ReadAction","target":["https:\/\/motorista.com.br\/noticias\/2026\/04\/30\/cvt-debate-ampliacao-do-porto-de-santos-com-instituto-brasil-logistica\/"]}]},{"@type":"ImageObject","inLanguage":"pt-BR","@id":"https:\/\/motorista.com.br\/noticias\/2026\/04\/30\/cvt-debate-ampliacao-do-porto-de-santos-com-instituto-brasil-logistica\/#primaryimage","url":"https:\/\/motorista.com.br\/noticias\/wp-content\/uploads\/2026\/04\/WhatsApp-Image-2026-04-30-at-09.23.00.jpeg","contentUrl":"https:\/\/motorista.com.br\/noticias\/wp-content\/uploads\/2026\/04\/WhatsApp-Image-2026-04-30-at-09.23.00.jpeg","width":1600,"height":900},{"@type":"BreadcrumbList","@id":"https:\/\/motorista.com.br\/noticias\/2026\/04\/30\/cvt-debate-ampliacao-do-porto-de-santos-com-instituto-brasil-logistica\/#breadcrumb","itemListElement":[{"@type":"ListItem","position":1,"name":"In\u00edcio","item":"https:\/\/motorista.com.br\/noticias\/"},{"@type":"ListItem","position":2,"name":"CVT debate amplia\u00e7\u00e3o do Porto de Santos com Instituto Brasil Log\u00edstica"}]},{"@type":"WebSite","@id":"https:\/\/motorista.com.br\/noticias\/#website","url":"https:\/\/motorista.com.br\/noticias\/","name":"Motorista.com.br","description":"Not\u00edcia do Motorista","publisher":{"@id":"https:\/\/motorista.com.br\/noticias\/#organization"},"potentialAction":[{"@type":"SearchAction","target":{"@type":"EntryPoint","urlTemplate":"https:\/\/motorista.com.br\/noticias\/?s={search_term_string}"},"query-input":{"@type":"PropertyValueSpecification","valueRequired":true,"valueName":"search_term_string"}}],"inLanguage":"pt-BR"},{"@type":"Organization","@id":"https:\/\/motorista.com.br\/noticias\/#organization","name":"Motorista.com.br","url":"https:\/\/motorista.com.br\/noticias\/","logo":{"@type":"ImageObject","inLanguage":"pt-BR","@id":"https:\/\/motorista.com.br\/noticias\/#\/schema\/logo\/image\/","url":"https:\/\/motorista.com.br\/noticias\/wp-content\/uploads\/2025\/06\/Design-sem-nome-9.png","contentUrl":"https:\/\/motorista.com.br\/noticias\/wp-content\/uploads\/2025\/06\/Design-sem-nome-9.png","width":150,"height":85,"caption":"Motorista.com.br"},"image":{"@id":"https:\/\/motorista.com.br\/noticias\/#\/schema\/logo\/image\/"}},{"@type":"Person","@id":"https:\/\/motorista.com.br\/noticias\/#\/schema\/person\/dc93afc2981c0e3ce6bc3c053fd847be","name":"Equipe Reda\u00e7\u00e3o","image":{"@type":"ImageObject","inLanguage":"pt-BR","@id":"https:\/\/secure.gravatar.com\/avatar\/4f525efbf18dd2bb300ccad28bfb99d95a9465a5ba268407c8c37b37e1f28d2d?s=96&d=mm&r=g9e099043a0c61e9ae27e293b9fa75ffc","url":"https:\/\/secure.gravatar.com\/avatar\/4f525efbf18dd2bb300ccad28bfb99d95a9465a5ba268407c8c37b37e1f28d2d?s=96&d=mm&r=g","contentUrl":"https:\/\/secure.gravatar.com\/avatar\/4f525efbf18dd2bb300ccad28bfb99d95a9465a5ba268407c8c37b37e1f28d2d?s=96&d=mm&r=g","caption":"Equipe Reda\u00e7\u00e3o"},"description":"Equipe de reda\u00e7\u00e3o \u00e9 um grupo de profissionais que trabalham juntos para criar conte\u00fado escrito para Motorista.com.br","url":"https:\/\/motorista.com.br\/noticias\/author\/equiperedacao\/"}]}},"_links":{"self":[{"href":"https:\/\/motorista.com.br\/noticias\/wp-json\/wp\/v2\/posts\/9381","targetHints":{"allow":["GET"]}}],"collection":[{"href":"https:\/\/motorista.com.br\/noticias\/wp-json\/wp\/v2\/posts"}],"about":[{"href":"https:\/\/motorista.com.br\/noticias\/wp-json\/wp\/v2\/types\/post"}],"author":[{"embeddable":true,"href":"https:\/\/motorista.com.br\/noticias\/wp-json\/wp\/v2\/users\/4"}],"replies":[{"embeddable":true,"href":"https:\/\/motorista.com.br\/noticias\/wp-json\/wp\/v2\/comments?post=9381"}],"version-history":[{"count":0,"href":"https:\/\/motorista.com.br\/noticias\/wp-json\/wp\/v2\/posts\/9381\/revisions"}],"wp:featuredmedia":[{"embeddable":true,"href":"https:\/\/motorista.com.br\/noticias\/wp-json\/wp\/v2\/media\/9382"}],"wp:attachment":[{"href":"https:\/\/motorista.com.br\/noticias\/wp-json\/wp\/v2\/media?parent=9381"}],"wp:term":[{"taxonomy":"category","embeddable":true,"href":"https:\/\/motorista.com.br\/noticias\/wp-json\/wp\/v2\/categories?post=9381"},{"taxonomy":"post_tag","embeddable":true,"href":"https:\/\/motorista.com.br\/noticias\/wp-json\/wp\/v2\/tags?post=9381"},{"taxonomy":"author","embeddable":true,"href":"https:\/\/motorista.com.br\/noticias\/wp-json\/wp\/v2\/coauthors?post=9381"}],"curies":[{"name":"wp","href":"https:\/\/api.w.org\/{rel}","templated":true}]}}