{"id":9379,"date":"2026-04-30T14:32:02","date_gmt":"2026-04-30T17:32:02","guid":{"rendered":"https:\/\/motorista.com.br\/noticias\/2026\/04\/30\/reservas-em-restaurantes-pelo-ifood-disponiveis-ate-o-fim-do-ano\/"},"modified":"2026-04-30T14:32:02","modified_gmt":"2026-04-30T17:32:02","slug":"reservas-em-restaurantes-pelo-ifood-disponiveis-ate-o-fim-do-ano","status":"publish","type":"post","link":"https:\/\/motorista.com.br\/noticias\/2026\/04\/30\/reservas-em-restaurantes-pelo-ifood-disponiveis-ate-o-fim-do-ano\/","title":{"rendered":"Reservas em restaurantes pelo iFood dispon\u00edveis at\u00e9 o fim do ano."},"content":{"rendered":"<p><\/p>\n<p><strong>iFood Inova: Reservas em Restaurantes e Seus Impactos na Mobilidade e Experi\u00eancia do Cliente<\/strong><\/p>\n<p>O iFood anunciou que em breve permitir\u00e1 a realiza\u00e7\u00e3o de reservas em restaurantes atrav\u00e9s de seu aplicativo, uma mudan\u00e7a significativa que promete transformar a experi\u00eancia gastron\u00f4mica dos brasileiros. A nova funcionalidade faz parte do projeto &quot;iFood para Comer Fora&quot;, visando conectar os clientes aos espa\u00e7os f\u00edsicos das refei\u00e7\u00f5es. <\/p>\n<p>Essa implementa\u00e7\u00e3o, resultado da aquisi\u00e7\u00e3o da startup Get In, que \u00e9 especializada em gerenciamento de reservas, aponta para uma tend\u00eancia crescente de digitaliza\u00e7\u00e3o na ind\u00fastria da alimenta\u00e7\u00e3o. Atualmente, menos de 45% dos restaurantes oferecem reservas de mesa, e apenas 5 mil utilizam aplicativos espec\u00edficos para esse servi\u00e7o. A nova iniciativa abre portas para um maior n\u00famero de estabelecimentos adotarem essa pr\u00e1tica, oferecendo aos clientes a conveni\u00eancia de garantir seu lugar \u00e0 mesa com simples toques na tela.<\/p>\n<p>O iFood para Comer Fora n\u00e3o se limita a lhe permitir reservar uma mesa; ele incorpora ofertas de descontos e cashback, al\u00e9m de avalia\u00e7\u00f5es p\u00f3s-refei\u00e7\u00e3o. Dessa forma, n\u00e3o apenas se torna mais f\u00e1cil para os consumidores reservarem, mas tamb\u00e9m para os restaurantes atra\u00edrem e fidelizarem clientes atrav\u00e9s de dados que possibilitam um marketing mais assertivo.<\/p>\n<p>Essas inova\u00e7\u00f5es t\u00eam potencial para impactar a mobilidade urbana de maneira positiva. Ao permitir que os clientes fa\u00e7am reservas, h\u00e1 uma tend\u00eancia de otimizar a ocupa\u00e7\u00e3o dos espa\u00e7os nas horas de pico, reduzindo o tempo de espera e a necessidade de deslocamentos frustrantes. Isso n\u00e3o s\u00f3 melhora a experi\u00eancia do consumidor, mas tamb\u00e9m proporciona uma log\u00edstica mais eficiente para os restaurantes, que podem prever demanda com maior precis\u00e3o, diminuindo congestionamentos e deslocamentos desnecess\u00e1rios.<\/p>\n<p>A vice-presidente de Novos Neg\u00f3cios do iFood, Juliana Yamada, destaca que esse avan\u00e7o busca conectar o digital ao f\u00edsico, iniciando a opera\u00e7\u00e3o em cidades como Campinas e Curitiba. Essa fase experimental permitir\u00e1 entender melhor o que gera valor tanto para os propriet\u00e1rios de restaurantes quanto para os clientes.<\/p>\n<p>Al\u00e9m disso, a iniciativa \u00e9 um passo significativo para aumentar o h\u00e1bito de reserva de mesas no Brasil. Com mais restaurantes utilizando reservas digitais, h\u00e1 uma expectativa de que a experi\u00eancia gastron\u00f4mica se torne mais organizada e agrad\u00e1vel, beneficiando tanto os motoristas que se deslocam at\u00e9 os locais quanto os pr\u00f3prios consumidores.<\/p>\n<p>Em suma, a nova funcionalidade do iFood n\u00e3o apenas revoluciona a maneira como os clientes interagem com os restaurantes, mas tamb\u00e9m \u00e9 um movimento estrat\u00e9gico que pode trazer melhorias na mobilidade urbana, contribuindo para um fluxo de tr\u00e1fego mais eficiente e uma experi\u00eancia geral mais satisfat\u00f3ria para todos os envolvidos.<\/p>\n","protected":false},"excerpt":{"rendered":"<p>iFood Inova: Reservas em Restaurantes e Seus Impactos na Mobilidade e Experi\u00eancia do Cliente O iFood anunciou que em breve permitir\u00e1 a realiza\u00e7\u00e3o de reservas em restaurantes atrav\u00e9s de seu aplicativo, uma mudan\u00e7a significativa que promete transformar a experi\u00eancia gastron\u00f4mica dos brasileiros. A nova funcionalidade faz parte do projeto &quot;iFood para Comer Fora&quot;, visando conectar &hellip;<\/p>\n","protected":false},"author":4,"featured_media":9380,"comment_status":"","ping_status":"open","sticky":false,"template":"","format":"standard","meta":{"footnotes":""},"categories":[49,77],"tags":[],"coauthors":[42],"class_list":["post-9379","post","type-post","status-publish","format-standard","has-post-thumbnail","hentry","category-aplicativos","category-motorista"],"yoast_head":"<!-- This site is optimized with the Yoast SEO Premium plugin v25.5 (Yoast SEO v27.5) - https:\/\/yoast.com\/product\/yoast-seo-premium-wordpress\/ -->\n<title>Reservas em restaurantes pelo iFood dispon\u00edveis at\u00e9 o fim do ano. - Motorista.com.br<\/title>\n<meta name=\"robots\" content=\"index, follow, max-snippet:-1, max-image-preview:large, max-video-preview:-1\" \/>\n<link rel=\"canonical\" href=\"https:\/\/motorista.com.br\/noticias\/2026\/04\/30\/reservas-em-restaurantes-pelo-ifood-disponiveis-ate-o-fim-do-ano\/\" \/>\n<meta property=\"og:locale\" content=\"pt_BR\" \/>\n<meta property=\"og:type\" content=\"article\" \/>\n<meta property=\"og:title\" content=\"Reservas em restaurantes pelo iFood dispon\u00edveis at\u00e9 o fim do ano.\" \/>\n<meta property=\"og:description\" content=\"iFood Inova: Reservas em Restaurantes e Seus Impactos na Mobilidade e Experi\u00eancia do Cliente O iFood anunciou que em breve permitir\u00e1 a realiza\u00e7\u00e3o de reservas em restaurantes atrav\u00e9s de seu aplicativo, uma mudan\u00e7a significativa que promete transformar a experi\u00eancia gastron\u00f4mica dos brasileiros. A nova funcionalidade faz parte do projeto &quot;iFood para Comer Fora&quot;, visando conectar &hellip;\" \/>\n<meta property=\"og:url\" content=\"https:\/\/motorista.com.br\/noticias\/2026\/04\/30\/reservas-em-restaurantes-pelo-ifood-disponiveis-ate-o-fim-do-ano\/\" \/>\n<meta property=\"og:site_name\" content=\"Motorista.com.br\" \/>\n<meta property=\"article:published_time\" content=\"2026-04-30T17:32:02+00:00\" \/>\n<meta name=\"author\" content=\"Equipe Reda\u00e7\u00e3o\" \/>\n<meta name=\"twitter:card\" content=\"summary_large_image\" \/>\n<meta name=\"twitter:label1\" content=\"Escrito por\" \/>\n\t<meta name=\"twitter:data1\" content=\"Equipe Reda\u00e7\u00e3o\" \/>\n\t<meta name=\"twitter:label2\" content=\"Est. tempo de leitura\" \/>\n\t<meta name=\"twitter:data2\" content=\"2 minutos\" \/>\n\t<meta name=\"twitter:label3\" content=\"Written by\" \/>\n\t<meta name=\"twitter:data3\" content=\"Equipe Reda\u00e7\u00e3o\" \/>\n<script type=\"application\/ld+json\" class=\"yoast-schema-graph\">{\"@context\":\"https:\\\/\\\/schema.org\",\"@graph\":[{\"@type\":\"Article\",\"@id\":\"https:\\\/\\\/motorista.com.br\\\/noticias\\\/2026\\\/04\\\/30\\\/reservas-em-restaurantes-pelo-ifood-disponiveis-ate-o-fim-do-ano\\\/#article\",\"isPartOf\":{\"@id\":\"https:\\\/\\\/motorista.com.br\\\/noticias\\\/2026\\\/04\\\/30\\\/reservas-em-restaurantes-pelo-ifood-disponiveis-ate-o-fim-do-ano\\\/\"},\"author\":{\"name\":\"Equipe Reda\u00e7\u00e3o\",\"@id\":\"https:\\\/\\\/motorista.com.br\\\/noticias\\\/#\\\/schema\\\/person\\\/dc93afc2981c0e3ce6bc3c053fd847be\"},\"headline\":\"Reservas em restaurantes pelo iFood dispon\u00edveis at\u00e9 o fim do ano.\",\"datePublished\":\"2026-04-30T17:32:02+00:00\",\"mainEntityOfPage\":{\"@id\":\"https:\\\/\\\/motorista.com.br\\\/noticias\\\/2026\\\/04\\\/30\\\/reservas-em-restaurantes-pelo-ifood-disponiveis-ate-o-fim-do-ano\\\/\"},\"wordCount\":484,\"publisher\":{\"@id\":\"https:\\\/\\\/motorista.com.br\\\/noticias\\\/#organization\"},\"image\":{\"@id\":\"https:\\\/\\\/motorista.com.br\\\/noticias\\\/2026\\\/04\\\/30\\\/reservas-em-restaurantes-pelo-ifood-disponiveis-ate-o-fim-do-ano\\\/#primaryimage\"},\"thumbnailUrl\":\"https:\\\/\\\/motorista.com.br\\\/noticias\\\/wp-content\\\/uploads\\\/2026\\\/04\\\/Captura-de-Tela-2026-04-30-as-11.29.34-scaled.png\",\"articleSection\":[\"Aplicativos\",\"Motorista\"],\"inLanguage\":\"pt-BR\"},{\"@type\":\"WebPage\",\"@id\":\"https:\\\/\\\/motorista.com.br\\\/noticias\\\/2026\\\/04\\\/30\\\/reservas-em-restaurantes-pelo-ifood-disponiveis-ate-o-fim-do-ano\\\/\",\"url\":\"https:\\\/\\\/motorista.com.br\\\/noticias\\\/2026\\\/04\\\/30\\\/reservas-em-restaurantes-pelo-ifood-disponiveis-ate-o-fim-do-ano\\\/\",\"name\":\"Reservas em restaurantes pelo iFood dispon\u00edveis at\u00e9 o fim do ano. - Motorista.com.br\",\"isPartOf\":{\"@id\":\"https:\\\/\\\/motorista.com.br\\\/noticias\\\/#website\"},\"primaryImageOfPage\":{\"@id\":\"https:\\\/\\\/motorista.com.br\\\/noticias\\\/2026\\\/04\\\/30\\\/reservas-em-restaurantes-pelo-ifood-disponiveis-ate-o-fim-do-ano\\\/#primaryimage\"},\"image\":{\"@id\":\"https:\\\/\\\/motorista.com.br\\\/noticias\\\/2026\\\/04\\\/30\\\/reservas-em-restaurantes-pelo-ifood-disponiveis-ate-o-fim-do-ano\\\/#primaryimage\"},\"thumbnailUrl\":\"https:\\\/\\\/motorista.com.br\\\/noticias\\\/wp-content\\\/uploads\\\/2026\\\/04\\\/Captura-de-Tela-2026-04-30-as-11.29.34-scaled.png\",\"datePublished\":\"2026-04-30T17:32:02+00:00\",\"breadcrumb\":{\"@id\":\"https:\\\/\\\/motorista.com.br\\\/noticias\\\/2026\\\/04\\\/30\\\/reservas-em-restaurantes-pelo-ifood-disponiveis-ate-o-fim-do-ano\\\/#breadcrumb\"},\"inLanguage\":\"pt-BR\",\"potentialAction\":[{\"@type\":\"ReadAction\",\"target\":[\"https:\\\/\\\/motorista.com.br\\\/noticias\\\/2026\\\/04\\\/30\\\/reservas-em-restaurantes-pelo-ifood-disponiveis-ate-o-fim-do-ano\\\/\"]}]},{\"@type\":\"ImageObject\",\"inLanguage\":\"pt-BR\",\"@id\":\"https:\\\/\\\/motorista.com.br\\\/noticias\\\/2026\\\/04\\\/30\\\/reservas-em-restaurantes-pelo-ifood-disponiveis-ate-o-fim-do-ano\\\/#primaryimage\",\"url\":\"https:\\\/\\\/motorista.com.br\\\/noticias\\\/wp-content\\\/uploads\\\/2026\\\/04\\\/Captura-de-Tela-2026-04-30-as-11.29.34-scaled.png\",\"contentUrl\":\"https:\\\/\\\/motorista.com.br\\\/noticias\\\/wp-content\\\/uploads\\\/2026\\\/04\\\/Captura-de-Tela-2026-04-30-as-11.29.34-scaled.png\",\"width\":2560,\"height\":729},{\"@type\":\"BreadcrumbList\",\"@id\":\"https:\\\/\\\/motorista.com.br\\\/noticias\\\/2026\\\/04\\\/30\\\/reservas-em-restaurantes-pelo-ifood-disponiveis-ate-o-fim-do-ano\\\/#breadcrumb\",\"itemListElement\":[{\"@type\":\"ListItem\",\"position\":1,\"name\":\"In\u00edcio\",\"item\":\"https:\\\/\\\/motorista.com.br\\\/noticias\\\/\"},{\"@type\":\"ListItem\",\"position\":2,\"name\":\"Reservas em restaurantes pelo iFood dispon\u00edveis at\u00e9 o fim do ano.\"}]},{\"@type\":\"WebSite\",\"@id\":\"https:\\\/\\\/motorista.com.br\\\/noticias\\\/#website\",\"url\":\"https:\\\/\\\/motorista.com.br\\\/noticias\\\/\",\"name\":\"Motorista.com.br\",\"description\":\"Not\u00edcia do Motorista\",\"publisher\":{\"@id\":\"https:\\\/\\\/motorista.com.br\\\/noticias\\\/#organization\"},\"potentialAction\":[{\"@type\":\"SearchAction\",\"target\":{\"@type\":\"EntryPoint\",\"urlTemplate\":\"https:\\\/\\\/motorista.com.br\\\/noticias\\\/?s={search_term_string}\"},\"query-input\":{\"@type\":\"PropertyValueSpecification\",\"valueRequired\":true,\"valueName\":\"search_term_string\"}}],\"inLanguage\":\"pt-BR\"},{\"@type\":\"Organization\",\"@id\":\"https:\\\/\\\/motorista.com.br\\\/noticias\\\/#organization\",\"name\":\"Motorista.com.br\",\"url\":\"https:\\\/\\\/motorista.com.br\\\/noticias\\\/\",\"logo\":{\"@type\":\"ImageObject\",\"inLanguage\":\"pt-BR\",\"@id\":\"https:\\\/\\\/motorista.com.br\\\/noticias\\\/#\\\/schema\\\/logo\\\/image\\\/\",\"url\":\"https:\\\/\\\/motorista.com.br\\\/noticias\\\/wp-content\\\/uploads\\\/2025\\\/06\\\/Design-sem-nome-9.png\",\"contentUrl\":\"https:\\\/\\\/motorista.com.br\\\/noticias\\\/wp-content\\\/uploads\\\/2025\\\/06\\\/Design-sem-nome-9.png\",\"width\":150,\"height\":85,\"caption\":\"Motorista.com.br\"},\"image\":{\"@id\":\"https:\\\/\\\/motorista.com.br\\\/noticias\\\/#\\\/schema\\\/logo\\\/image\\\/\"}},{\"@type\":\"Person\",\"@id\":\"https:\\\/\\\/motorista.com.br\\\/noticias\\\/#\\\/schema\\\/person\\\/dc93afc2981c0e3ce6bc3c053fd847be\",\"name\":\"Equipe Reda\u00e7\u00e3o\",\"image\":{\"@type\":\"ImageObject\",\"inLanguage\":\"pt-BR\",\"@id\":\"https:\\\/\\\/secure.gravatar.com\\\/avatar\\\/4f525efbf18dd2bb300ccad28bfb99d95a9465a5ba268407c8c37b37e1f28d2d?s=96&d=mm&r=g9e099043a0c61e9ae27e293b9fa75ffc\",\"url\":\"https:\\\/\\\/secure.gravatar.com\\\/avatar\\\/4f525efbf18dd2bb300ccad28bfb99d95a9465a5ba268407c8c37b37e1f28d2d?s=96&d=mm&r=g\",\"contentUrl\":\"https:\\\/\\\/secure.gravatar.com\\\/avatar\\\/4f525efbf18dd2bb300ccad28bfb99d95a9465a5ba268407c8c37b37e1f28d2d?s=96&d=mm&r=g\",\"caption\":\"Equipe Reda\u00e7\u00e3o\"},\"description\":\"Equipe de reda\u00e7\u00e3o \u00e9 um grupo de profissionais que trabalham juntos para criar conte\u00fado escrito para Motorista.com.br\",\"url\":\"https:\\\/\\\/motorista.com.br\\\/noticias\\\/author\\\/equiperedacao\\\/\"}]}<\/script>\n<!-- \/ Yoast SEO Premium plugin. -->","yoast_head_json":{"title":"Reservas em restaurantes pelo iFood dispon\u00edveis at\u00e9 o fim do ano. - Motorista.com.br","robots":{"index":"index","follow":"follow","max-snippet":"max-snippet:-1","max-image-preview":"max-image-preview:large","max-video-preview":"max-video-preview:-1"},"canonical":"https:\/\/motorista.com.br\/noticias\/2026\/04\/30\/reservas-em-restaurantes-pelo-ifood-disponiveis-ate-o-fim-do-ano\/","og_locale":"pt_BR","og_type":"article","og_title":"Reservas em restaurantes pelo iFood dispon\u00edveis at\u00e9 o fim do ano.","og_description":"iFood Inova: Reservas em Restaurantes e Seus Impactos na Mobilidade e Experi\u00eancia do Cliente O iFood anunciou que em breve permitir\u00e1 a realiza\u00e7\u00e3o de reservas em restaurantes atrav\u00e9s de seu aplicativo, uma mudan\u00e7a significativa que promete transformar a experi\u00eancia gastron\u00f4mica dos brasileiros. A nova funcionalidade faz parte do projeto &quot;iFood para Comer Fora&quot;, visando conectar &hellip;","og_url":"https:\/\/motorista.com.br\/noticias\/2026\/04\/30\/reservas-em-restaurantes-pelo-ifood-disponiveis-ate-o-fim-do-ano\/","og_site_name":"Motorista.com.br","article_published_time":"2026-04-30T17:32:02+00:00","author":"Equipe Reda\u00e7\u00e3o","twitter_card":"summary_large_image","twitter_misc":{"Escrito por":"Equipe Reda\u00e7\u00e3o","Est. tempo de leitura":"2 minutos","Written by":"Equipe Reda\u00e7\u00e3o"},"schema":{"@context":"https:\/\/schema.org","@graph":[{"@type":"Article","@id":"https:\/\/motorista.com.br\/noticias\/2026\/04\/30\/reservas-em-restaurantes-pelo-ifood-disponiveis-ate-o-fim-do-ano\/#article","isPartOf":{"@id":"https:\/\/motorista.com.br\/noticias\/2026\/04\/30\/reservas-em-restaurantes-pelo-ifood-disponiveis-ate-o-fim-do-ano\/"},"author":{"name":"Equipe Reda\u00e7\u00e3o","@id":"https:\/\/motorista.com.br\/noticias\/#\/schema\/person\/dc93afc2981c0e3ce6bc3c053fd847be"},"headline":"Reservas em restaurantes pelo iFood dispon\u00edveis at\u00e9 o fim do ano.","datePublished":"2026-04-30T17:32:02+00:00","mainEntityOfPage":{"@id":"https:\/\/motorista.com.br\/noticias\/2026\/04\/30\/reservas-em-restaurantes-pelo-ifood-disponiveis-ate-o-fim-do-ano\/"},"wordCount":484,"publisher":{"@id":"https:\/\/motorista.com.br\/noticias\/#organization"},"image":{"@id":"https:\/\/motorista.com.br\/noticias\/2026\/04\/30\/reservas-em-restaurantes-pelo-ifood-disponiveis-ate-o-fim-do-ano\/#primaryimage"},"thumbnailUrl":"https:\/\/motorista.com.br\/noticias\/wp-content\/uploads\/2026\/04\/Captura-de-Tela-2026-04-30-as-11.29.34-scaled.png","articleSection":["Aplicativos","Motorista"],"inLanguage":"pt-BR"},{"@type":"WebPage","@id":"https:\/\/motorista.com.br\/noticias\/2026\/04\/30\/reservas-em-restaurantes-pelo-ifood-disponiveis-ate-o-fim-do-ano\/","url":"https:\/\/motorista.com.br\/noticias\/2026\/04\/30\/reservas-em-restaurantes-pelo-ifood-disponiveis-ate-o-fim-do-ano\/","name":"Reservas em restaurantes pelo iFood dispon\u00edveis at\u00e9 o fim do ano. - Motorista.com.br","isPartOf":{"@id":"https:\/\/motorista.com.br\/noticias\/#website"},"primaryImageOfPage":{"@id":"https:\/\/motorista.com.br\/noticias\/2026\/04\/30\/reservas-em-restaurantes-pelo-ifood-disponiveis-ate-o-fim-do-ano\/#primaryimage"},"image":{"@id":"https:\/\/motorista.com.br\/noticias\/2026\/04\/30\/reservas-em-restaurantes-pelo-ifood-disponiveis-ate-o-fim-do-ano\/#primaryimage"},"thumbnailUrl":"https:\/\/motorista.com.br\/noticias\/wp-content\/uploads\/2026\/04\/Captura-de-Tela-2026-04-30-as-11.29.34-scaled.png","datePublished":"2026-04-30T17:32:02+00:00","breadcrumb":{"@id":"https:\/\/motorista.com.br\/noticias\/2026\/04\/30\/reservas-em-restaurantes-pelo-ifood-disponiveis-ate-o-fim-do-ano\/#breadcrumb"},"inLanguage":"pt-BR","potentialAction":[{"@type":"ReadAction","target":["https:\/\/motorista.com.br\/noticias\/2026\/04\/30\/reservas-em-restaurantes-pelo-ifood-disponiveis-ate-o-fim-do-ano\/"]}]},{"@type":"ImageObject","inLanguage":"pt-BR","@id":"https:\/\/motorista.com.br\/noticias\/2026\/04\/30\/reservas-em-restaurantes-pelo-ifood-disponiveis-ate-o-fim-do-ano\/#primaryimage","url":"https:\/\/motorista.com.br\/noticias\/wp-content\/uploads\/2026\/04\/Captura-de-Tela-2026-04-30-as-11.29.34-scaled.png","contentUrl":"https:\/\/motorista.com.br\/noticias\/wp-content\/uploads\/2026\/04\/Captura-de-Tela-2026-04-30-as-11.29.34-scaled.png","width":2560,"height":729},{"@type":"BreadcrumbList","@id":"https:\/\/motorista.com.br\/noticias\/2026\/04\/30\/reservas-em-restaurantes-pelo-ifood-disponiveis-ate-o-fim-do-ano\/#breadcrumb","itemListElement":[{"@type":"ListItem","position":1,"name":"In\u00edcio","item":"https:\/\/motorista.com.br\/noticias\/"},{"@type":"ListItem","position":2,"name":"Reservas em restaurantes pelo iFood dispon\u00edveis at\u00e9 o fim do ano."}]},{"@type":"WebSite","@id":"https:\/\/motorista.com.br\/noticias\/#website","url":"https:\/\/motorista.com.br\/noticias\/","name":"Motorista.com.br","description":"Not\u00edcia do Motorista","publisher":{"@id":"https:\/\/motorista.com.br\/noticias\/#organization"},"potentialAction":[{"@type":"SearchAction","target":{"@type":"EntryPoint","urlTemplate":"https:\/\/motorista.com.br\/noticias\/?s={search_term_string}"},"query-input":{"@type":"PropertyValueSpecification","valueRequired":true,"valueName":"search_term_string"}}],"inLanguage":"pt-BR"},{"@type":"Organization","@id":"https:\/\/motorista.com.br\/noticias\/#organization","name":"Motorista.com.br","url":"https:\/\/motorista.com.br\/noticias\/","logo":{"@type":"ImageObject","inLanguage":"pt-BR","@id":"https:\/\/motorista.com.br\/noticias\/#\/schema\/logo\/image\/","url":"https:\/\/motorista.com.br\/noticias\/wp-content\/uploads\/2025\/06\/Design-sem-nome-9.png","contentUrl":"https:\/\/motorista.com.br\/noticias\/wp-content\/uploads\/2025\/06\/Design-sem-nome-9.png","width":150,"height":85,"caption":"Motorista.com.br"},"image":{"@id":"https:\/\/motorista.com.br\/noticias\/#\/schema\/logo\/image\/"}},{"@type":"Person","@id":"https:\/\/motorista.com.br\/noticias\/#\/schema\/person\/dc93afc2981c0e3ce6bc3c053fd847be","name":"Equipe Reda\u00e7\u00e3o","image":{"@type":"ImageObject","inLanguage":"pt-BR","@id":"https:\/\/secure.gravatar.com\/avatar\/4f525efbf18dd2bb300ccad28bfb99d95a9465a5ba268407c8c37b37e1f28d2d?s=96&d=mm&r=g9e099043a0c61e9ae27e293b9fa75ffc","url":"https:\/\/secure.gravatar.com\/avatar\/4f525efbf18dd2bb300ccad28bfb99d95a9465a5ba268407c8c37b37e1f28d2d?s=96&d=mm&r=g","contentUrl":"https:\/\/secure.gravatar.com\/avatar\/4f525efbf18dd2bb300ccad28bfb99d95a9465a5ba268407c8c37b37e1f28d2d?s=96&d=mm&r=g","caption":"Equipe Reda\u00e7\u00e3o"},"description":"Equipe de reda\u00e7\u00e3o \u00e9 um grupo de profissionais que trabalham juntos para criar conte\u00fado escrito para Motorista.com.br","url":"https:\/\/motorista.com.br\/noticias\/author\/equiperedacao\/"}]}},"_links":{"self":[{"href":"https:\/\/motorista.com.br\/noticias\/wp-json\/wp\/v2\/posts\/9379","targetHints":{"allow":["GET"]}}],"collection":[{"href":"https:\/\/motorista.com.br\/noticias\/wp-json\/wp\/v2\/posts"}],"about":[{"href":"https:\/\/motorista.com.br\/noticias\/wp-json\/wp\/v2\/types\/post"}],"author":[{"embeddable":true,"href":"https:\/\/motorista.com.br\/noticias\/wp-json\/wp\/v2\/users\/4"}],"replies":[{"embeddable":true,"href":"https:\/\/motorista.com.br\/noticias\/wp-json\/wp\/v2\/comments?post=9379"}],"version-history":[{"count":0,"href":"https:\/\/motorista.com.br\/noticias\/wp-json\/wp\/v2\/posts\/9379\/revisions"}],"wp:featuredmedia":[{"embeddable":true,"href":"https:\/\/motorista.com.br\/noticias\/wp-json\/wp\/v2\/media\/9380"}],"wp:attachment":[{"href":"https:\/\/motorista.com.br\/noticias\/wp-json\/wp\/v2\/media?parent=9379"}],"wp:term":[{"taxonomy":"category","embeddable":true,"href":"https:\/\/motorista.com.br\/noticias\/wp-json\/wp\/v2\/categories?post=9379"},{"taxonomy":"post_tag","embeddable":true,"href":"https:\/\/motorista.com.br\/noticias\/wp-json\/wp\/v2\/tags?post=9379"},{"taxonomy":"author","embeddable":true,"href":"https:\/\/motorista.com.br\/noticias\/wp-json\/wp\/v2\/coauthors?post=9379"}],"curies":[{"name":"wp","href":"https:\/\/api.w.org\/{rel}","templated":true}]}}