{"id":9376,"date":"2026-04-30T12:48:09","date_gmt":"2026-04-30T15:48:09","guid":{"rendered":"https:\/\/motorista.com.br\/noticias\/2026\/04\/30\/multas-comecam-em-agosto-regularizacao-possivel-ate-2027\/"},"modified":"2026-04-30T12:48:09","modified_gmt":"2026-04-30T15:48:09","slug":"multas-comecam-em-agosto-regularizacao-possivel-ate-2027","status":"publish","type":"post","link":"https:\/\/motorista.com.br\/noticias\/2026\/04\/30\/multas-comecam-em-agosto-regularizacao-possivel-ate-2027\/","title":{"rendered":"Multas come\u00e7am em agosto; regulariza\u00e7\u00e3o poss\u00edvel at\u00e9 2027."},"content":{"rendered":"<p><\/p>\n<p><strong>Multas Podem Ser Aplicadas a Partir de Agosto, Mas Contribuintes Podem se Regularizar At\u00e9 2027<\/strong><\/p>\n<p>A partir de agosto de 2026, a Receita Federal poder\u00e1 aplicar multas relacionadas \u00e0s obriga\u00e7\u00f5es acess\u00f3rias do Imposto sobre Bens e Servi\u00e7os (IBS) e da Contribui\u00e7\u00e3o sobre Bens e Servi\u00e7os (CBS). O gerente do programa da Receita, Roni Petterson, explicou recentemente que, embora a exig\u00eancia entre em vigor ap\u00f3s tr\u00eas meses da publica\u00e7\u00e3o do regulamento, as multas ainda podem ser evitadas.<\/p>\n<p>Uma das leis da reforma tribut\u00e1ria, a LC 227 de 2026, permite que os contribuintes se regularizem at\u00e9 60 dias ap\u00f3s a implementa\u00e7\u00e3o das novas regras, e o \u00f3rg\u00e3o enfatiza que a\u00e7\u00f5es educativas ser\u00e3o priorizadas. O objetivo \u00e9 esclarecer e ajudar os contribuintes a se ajustarem antes de qualquer penaliza\u00e7\u00e3o.<\/p>\n<p>\u00c9 importante destacar que o prazo quase de tr\u00eas meses de transi\u00e7\u00e3o j\u00e1 foi favor\u00e1vel para muitas empresas, que puderam organizar suas opera\u00e7\u00f5es e sistemas cont\u00e1beis. Inicialmente, a exig\u00eancia das obriga\u00e7\u00f5es fiscais estava prevista para janeiro de 2026, mas a flexibiliza\u00e7\u00e3o das normas proporcionou um al\u00edvio significativo nesse processo, dando mais tempo para ajustes essenciais.<\/p>\n<p>Ao entender a din\u00e2mica tribut\u00e1ria, motoristas e propriet\u00e1rios de ve\u00edculos podem ver um reflexo direto nas contas do dia a dia. A regulariza\u00e7\u00e3o tribut\u00e1ria pode resultar em menor carga fiscal a longo prazo, al\u00e9m de contribuir para uma infraestrutura de mobilidade mais efetiva. Isso se traduz em melhor utiliza\u00e7\u00e3o dos recursos financeiros, que podem ser direcionados para a manuten\u00e7\u00e3o de vias e melhorias na mobilidade urbana.<\/p>\n<p>Portanto, a conscientiza\u00e7\u00e3o sobre obriga\u00e7\u00f5es fiscais n\u00e3o impacta apenas a esfera econ\u00f4mica, mas tamb\u00e9m a qualidade de vida nas cidades, promovendo um ambiente mais seguro e eficiente para todos os usu\u00e1rios das vias.<\/p>\n<p>A partir de agora, os motoristas devem estar atentos \u00e0s suas obriga\u00e7\u00f5es e buscar informa\u00e7\u00f5es sobre como se adequar \u00e0s novas regras, a fim de evitar multas e contribuir para uma mobilidade mais sustent\u00e1vel e organizada.<\/p>\n<p>Fonte: reformatributaria<\/p>\n","protected":false},"excerpt":{"rendered":"<p>Multas Podem Ser Aplicadas a Partir de Agosto, Mas Contribuintes Podem se Regularizar At\u00e9 2027 A partir de agosto de 2026, a Receita Federal poder\u00e1 aplicar multas relacionadas \u00e0s obriga\u00e7\u00f5es acess\u00f3rias do Imposto sobre Bens e Servi\u00e7os (IBS) e da Contribui\u00e7\u00e3o sobre Bens e Servi\u00e7os (CBS). O gerente do programa da Receita, Roni Petterson, explicou &hellip;<\/p>\n","protected":false},"author":4,"featured_media":8319,"comment_status":"","ping_status":"open","sticky":false,"template":"","format":"standard","meta":{"footnotes":""},"categories":[35],"tags":[],"coauthors":[42],"class_list":["post-9376","post","type-post","status-publish","format-standard","has-post-thumbnail","hentry","category-legislacao"],"yoast_head":"<!-- This site is optimized with the Yoast SEO Premium plugin v25.5 (Yoast SEO v27.5) - https:\/\/yoast.com\/product\/yoast-seo-premium-wordpress\/ -->\n<title>Multas come\u00e7am em agosto; regulariza\u00e7\u00e3o poss\u00edvel at\u00e9 2027. - Motorista.com.br<\/title>\n<meta name=\"robots\" content=\"index, follow, max-snippet:-1, max-image-preview:large, max-video-preview:-1\" \/>\n<link rel=\"canonical\" href=\"https:\/\/motorista.com.br\/noticias\/2026\/04\/30\/multas-comecam-em-agosto-regularizacao-possivel-ate-2027\/\" \/>\n<meta property=\"og:locale\" content=\"pt_BR\" \/>\n<meta property=\"og:type\" content=\"article\" \/>\n<meta property=\"og:title\" content=\"Multas come\u00e7am em agosto; regulariza\u00e7\u00e3o poss\u00edvel at\u00e9 2027.\" \/>\n<meta property=\"og:description\" content=\"Multas Podem Ser Aplicadas a Partir de Agosto, Mas Contribuintes Podem se Regularizar At\u00e9 2027 A partir de agosto de 2026, a Receita Federal poder\u00e1 aplicar multas relacionadas \u00e0s obriga\u00e7\u00f5es acess\u00f3rias do Imposto sobre Bens e Servi\u00e7os (IBS) e da Contribui\u00e7\u00e3o sobre Bens e Servi\u00e7os (CBS). O gerente do programa da Receita, Roni Petterson, explicou &hellip;\" \/>\n<meta property=\"og:url\" content=\"https:\/\/motorista.com.br\/noticias\/2026\/04\/30\/multas-comecam-em-agosto-regularizacao-possivel-ate-2027\/\" \/>\n<meta property=\"og:site_name\" content=\"Motorista.com.br\" \/>\n<meta property=\"article:published_time\" content=\"2026-04-30T15:48:09+00:00\" \/>\n<meta name=\"author\" content=\"Equipe Reda\u00e7\u00e3o\" \/>\n<meta name=\"twitter:card\" content=\"summary_large_image\" \/>\n<meta name=\"twitter:label1\" content=\"Escrito por\" \/>\n\t<meta name=\"twitter:data1\" content=\"Equipe Reda\u00e7\u00e3o\" \/>\n\t<meta name=\"twitter:label2\" content=\"Est. tempo de leitura\" \/>\n\t<meta name=\"twitter:data2\" content=\"2 minutos\" \/>\n\t<meta name=\"twitter:label3\" content=\"Written by\" \/>\n\t<meta name=\"twitter:data3\" content=\"Equipe Reda\u00e7\u00e3o\" \/>\n<script type=\"application\/ld+json\" class=\"yoast-schema-graph\">{\"@context\":\"https:\\\/\\\/schema.org\",\"@graph\":[{\"@type\":\"Article\",\"@id\":\"https:\\\/\\\/motorista.com.br\\\/noticias\\\/2026\\\/04\\\/30\\\/multas-comecam-em-agosto-regularizacao-possivel-ate-2027\\\/#article\",\"isPartOf\":{\"@id\":\"https:\\\/\\\/motorista.com.br\\\/noticias\\\/2026\\\/04\\\/30\\\/multas-comecam-em-agosto-regularizacao-possivel-ate-2027\\\/\"},\"author\":{\"name\":\"Equipe Reda\u00e7\u00e3o\",\"@id\":\"https:\\\/\\\/motorista.com.br\\\/noticias\\\/#\\\/schema\\\/person\\\/dc93afc2981c0e3ce6bc3c053fd847be\"},\"headline\":\"Multas come\u00e7am em agosto; regulariza\u00e7\u00e3o poss\u00edvel at\u00e9 2027.\",\"datePublished\":\"2026-04-30T15:48:09+00:00\",\"mainEntityOfPage\":{\"@id\":\"https:\\\/\\\/motorista.com.br\\\/noticias\\\/2026\\\/04\\\/30\\\/multas-comecam-em-agosto-regularizacao-possivel-ate-2027\\\/\"},\"wordCount\":363,\"publisher\":{\"@id\":\"https:\\\/\\\/motorista.com.br\\\/noticias\\\/#organization\"},\"image\":{\"@id\":\"https:\\\/\\\/motorista.com.br\\\/noticias\\\/2026\\\/04\\\/30\\\/multas-comecam-em-agosto-regularizacao-possivel-ate-2027\\\/#primaryimage\"},\"thumbnailUrl\":\"https:\\\/\\\/motorista.com.br\\\/noticias\\\/wp-content\\\/uploads\\\/2026\\\/04\\\/RECEITA-FEDERAL-1.jpeg\",\"articleSection\":[\"Legisla\u00e7\u00e3o\"],\"inLanguage\":\"pt-BR\"},{\"@type\":\"WebPage\",\"@id\":\"https:\\\/\\\/motorista.com.br\\\/noticias\\\/2026\\\/04\\\/30\\\/multas-comecam-em-agosto-regularizacao-possivel-ate-2027\\\/\",\"url\":\"https:\\\/\\\/motorista.com.br\\\/noticias\\\/2026\\\/04\\\/30\\\/multas-comecam-em-agosto-regularizacao-possivel-ate-2027\\\/\",\"name\":\"Multas come\u00e7am em agosto; regulariza\u00e7\u00e3o poss\u00edvel at\u00e9 2027. - Motorista.com.br\",\"isPartOf\":{\"@id\":\"https:\\\/\\\/motorista.com.br\\\/noticias\\\/#website\"},\"primaryImageOfPage\":{\"@id\":\"https:\\\/\\\/motorista.com.br\\\/noticias\\\/2026\\\/04\\\/30\\\/multas-comecam-em-agosto-regularizacao-possivel-ate-2027\\\/#primaryimage\"},\"image\":{\"@id\":\"https:\\\/\\\/motorista.com.br\\\/noticias\\\/2026\\\/04\\\/30\\\/multas-comecam-em-agosto-regularizacao-possivel-ate-2027\\\/#primaryimage\"},\"thumbnailUrl\":\"https:\\\/\\\/motorista.com.br\\\/noticias\\\/wp-content\\\/uploads\\\/2026\\\/04\\\/RECEITA-FEDERAL-1.jpeg\",\"datePublished\":\"2026-04-30T15:48:09+00:00\",\"breadcrumb\":{\"@id\":\"https:\\\/\\\/motorista.com.br\\\/noticias\\\/2026\\\/04\\\/30\\\/multas-comecam-em-agosto-regularizacao-possivel-ate-2027\\\/#breadcrumb\"},\"inLanguage\":\"pt-BR\",\"potentialAction\":[{\"@type\":\"ReadAction\",\"target\":[\"https:\\\/\\\/motorista.com.br\\\/noticias\\\/2026\\\/04\\\/30\\\/multas-comecam-em-agosto-regularizacao-possivel-ate-2027\\\/\"]}]},{\"@type\":\"ImageObject\",\"inLanguage\":\"pt-BR\",\"@id\":\"https:\\\/\\\/motorista.com.br\\\/noticias\\\/2026\\\/04\\\/30\\\/multas-comecam-em-agosto-regularizacao-possivel-ate-2027\\\/#primaryimage\",\"url\":\"https:\\\/\\\/motorista.com.br\\\/noticias\\\/wp-content\\\/uploads\\\/2026\\\/04\\\/RECEITA-FEDERAL-1.jpeg\",\"contentUrl\":\"https:\\\/\\\/motorista.com.br\\\/noticias\\\/wp-content\\\/uploads\\\/2026\\\/04\\\/RECEITA-FEDERAL-1.jpeg\",\"width\":960,\"height\":540},{\"@type\":\"BreadcrumbList\",\"@id\":\"https:\\\/\\\/motorista.com.br\\\/noticias\\\/2026\\\/04\\\/30\\\/multas-comecam-em-agosto-regularizacao-possivel-ate-2027\\\/#breadcrumb\",\"itemListElement\":[{\"@type\":\"ListItem\",\"position\":1,\"name\":\"In\u00edcio\",\"item\":\"https:\\\/\\\/motorista.com.br\\\/noticias\\\/\"},{\"@type\":\"ListItem\",\"position\":2,\"name\":\"Multas come\u00e7am em agosto; regulariza\u00e7\u00e3o poss\u00edvel at\u00e9 2027.\"}]},{\"@type\":\"WebSite\",\"@id\":\"https:\\\/\\\/motorista.com.br\\\/noticias\\\/#website\",\"url\":\"https:\\\/\\\/motorista.com.br\\\/noticias\\\/\",\"name\":\"Motorista.com.br\",\"description\":\"Not\u00edcia do Motorista\",\"publisher\":{\"@id\":\"https:\\\/\\\/motorista.com.br\\\/noticias\\\/#organization\"},\"potentialAction\":[{\"@type\":\"SearchAction\",\"target\":{\"@type\":\"EntryPoint\",\"urlTemplate\":\"https:\\\/\\\/motorista.com.br\\\/noticias\\\/?s={search_term_string}\"},\"query-input\":{\"@type\":\"PropertyValueSpecification\",\"valueRequired\":true,\"valueName\":\"search_term_string\"}}],\"inLanguage\":\"pt-BR\"},{\"@type\":\"Organization\",\"@id\":\"https:\\\/\\\/motorista.com.br\\\/noticias\\\/#organization\",\"name\":\"Motorista.com.br\",\"url\":\"https:\\\/\\\/motorista.com.br\\\/noticias\\\/\",\"logo\":{\"@type\":\"ImageObject\",\"inLanguage\":\"pt-BR\",\"@id\":\"https:\\\/\\\/motorista.com.br\\\/noticias\\\/#\\\/schema\\\/logo\\\/image\\\/\",\"url\":\"https:\\\/\\\/motorista.com.br\\\/noticias\\\/wp-content\\\/uploads\\\/2025\\\/06\\\/Design-sem-nome-9.png\",\"contentUrl\":\"https:\\\/\\\/motorista.com.br\\\/noticias\\\/wp-content\\\/uploads\\\/2025\\\/06\\\/Design-sem-nome-9.png\",\"width\":150,\"height\":85,\"caption\":\"Motorista.com.br\"},\"image\":{\"@id\":\"https:\\\/\\\/motorista.com.br\\\/noticias\\\/#\\\/schema\\\/logo\\\/image\\\/\"}},{\"@type\":\"Person\",\"@id\":\"https:\\\/\\\/motorista.com.br\\\/noticias\\\/#\\\/schema\\\/person\\\/dc93afc2981c0e3ce6bc3c053fd847be\",\"name\":\"Equipe Reda\u00e7\u00e3o\",\"image\":{\"@type\":\"ImageObject\",\"inLanguage\":\"pt-BR\",\"@id\":\"https:\\\/\\\/secure.gravatar.com\\\/avatar\\\/4f525efbf18dd2bb300ccad28bfb99d95a9465a5ba268407c8c37b37e1f28d2d?s=96&d=mm&r=g9e099043a0c61e9ae27e293b9fa75ffc\",\"url\":\"https:\\\/\\\/secure.gravatar.com\\\/avatar\\\/4f525efbf18dd2bb300ccad28bfb99d95a9465a5ba268407c8c37b37e1f28d2d?s=96&d=mm&r=g\",\"contentUrl\":\"https:\\\/\\\/secure.gravatar.com\\\/avatar\\\/4f525efbf18dd2bb300ccad28bfb99d95a9465a5ba268407c8c37b37e1f28d2d?s=96&d=mm&r=g\",\"caption\":\"Equipe Reda\u00e7\u00e3o\"},\"description\":\"Equipe de reda\u00e7\u00e3o \u00e9 um grupo de profissionais que trabalham juntos para criar conte\u00fado escrito para Motorista.com.br\",\"url\":\"https:\\\/\\\/motorista.com.br\\\/noticias\\\/author\\\/equiperedacao\\\/\"}]}<\/script>\n<!-- \/ Yoast SEO Premium plugin. -->","yoast_head_json":{"title":"Multas come\u00e7am em agosto; regulariza\u00e7\u00e3o poss\u00edvel at\u00e9 2027. - Motorista.com.br","robots":{"index":"index","follow":"follow","max-snippet":"max-snippet:-1","max-image-preview":"max-image-preview:large","max-video-preview":"max-video-preview:-1"},"canonical":"https:\/\/motorista.com.br\/noticias\/2026\/04\/30\/multas-comecam-em-agosto-regularizacao-possivel-ate-2027\/","og_locale":"pt_BR","og_type":"article","og_title":"Multas come\u00e7am em agosto; regulariza\u00e7\u00e3o poss\u00edvel at\u00e9 2027.","og_description":"Multas Podem Ser Aplicadas a Partir de Agosto, Mas Contribuintes Podem se Regularizar At\u00e9 2027 A partir de agosto de 2026, a Receita Federal poder\u00e1 aplicar multas relacionadas \u00e0s obriga\u00e7\u00f5es acess\u00f3rias do Imposto sobre Bens e Servi\u00e7os (IBS) e da Contribui\u00e7\u00e3o sobre Bens e Servi\u00e7os (CBS). O gerente do programa da Receita, Roni Petterson, explicou &hellip;","og_url":"https:\/\/motorista.com.br\/noticias\/2026\/04\/30\/multas-comecam-em-agosto-regularizacao-possivel-ate-2027\/","og_site_name":"Motorista.com.br","article_published_time":"2026-04-30T15:48:09+00:00","author":"Equipe Reda\u00e7\u00e3o","twitter_card":"summary_large_image","twitter_misc":{"Escrito por":"Equipe Reda\u00e7\u00e3o","Est. tempo de leitura":"2 minutos","Written by":"Equipe Reda\u00e7\u00e3o"},"schema":{"@context":"https:\/\/schema.org","@graph":[{"@type":"Article","@id":"https:\/\/motorista.com.br\/noticias\/2026\/04\/30\/multas-comecam-em-agosto-regularizacao-possivel-ate-2027\/#article","isPartOf":{"@id":"https:\/\/motorista.com.br\/noticias\/2026\/04\/30\/multas-comecam-em-agosto-regularizacao-possivel-ate-2027\/"},"author":{"name":"Equipe Reda\u00e7\u00e3o","@id":"https:\/\/motorista.com.br\/noticias\/#\/schema\/person\/dc93afc2981c0e3ce6bc3c053fd847be"},"headline":"Multas come\u00e7am em agosto; regulariza\u00e7\u00e3o poss\u00edvel at\u00e9 2027.","datePublished":"2026-04-30T15:48:09+00:00","mainEntityOfPage":{"@id":"https:\/\/motorista.com.br\/noticias\/2026\/04\/30\/multas-comecam-em-agosto-regularizacao-possivel-ate-2027\/"},"wordCount":363,"publisher":{"@id":"https:\/\/motorista.com.br\/noticias\/#organization"},"image":{"@id":"https:\/\/motorista.com.br\/noticias\/2026\/04\/30\/multas-comecam-em-agosto-regularizacao-possivel-ate-2027\/#primaryimage"},"thumbnailUrl":"https:\/\/motorista.com.br\/noticias\/wp-content\/uploads\/2026\/04\/RECEITA-FEDERAL-1.jpeg","articleSection":["Legisla\u00e7\u00e3o"],"inLanguage":"pt-BR"},{"@type":"WebPage","@id":"https:\/\/motorista.com.br\/noticias\/2026\/04\/30\/multas-comecam-em-agosto-regularizacao-possivel-ate-2027\/","url":"https:\/\/motorista.com.br\/noticias\/2026\/04\/30\/multas-comecam-em-agosto-regularizacao-possivel-ate-2027\/","name":"Multas come\u00e7am em agosto; regulariza\u00e7\u00e3o poss\u00edvel at\u00e9 2027. - Motorista.com.br","isPartOf":{"@id":"https:\/\/motorista.com.br\/noticias\/#website"},"primaryImageOfPage":{"@id":"https:\/\/motorista.com.br\/noticias\/2026\/04\/30\/multas-comecam-em-agosto-regularizacao-possivel-ate-2027\/#primaryimage"},"image":{"@id":"https:\/\/motorista.com.br\/noticias\/2026\/04\/30\/multas-comecam-em-agosto-regularizacao-possivel-ate-2027\/#primaryimage"},"thumbnailUrl":"https:\/\/motorista.com.br\/noticias\/wp-content\/uploads\/2026\/04\/RECEITA-FEDERAL-1.jpeg","datePublished":"2026-04-30T15:48:09+00:00","breadcrumb":{"@id":"https:\/\/motorista.com.br\/noticias\/2026\/04\/30\/multas-comecam-em-agosto-regularizacao-possivel-ate-2027\/#breadcrumb"},"inLanguage":"pt-BR","potentialAction":[{"@type":"ReadAction","target":["https:\/\/motorista.com.br\/noticias\/2026\/04\/30\/multas-comecam-em-agosto-regularizacao-possivel-ate-2027\/"]}]},{"@type":"ImageObject","inLanguage":"pt-BR","@id":"https:\/\/motorista.com.br\/noticias\/2026\/04\/30\/multas-comecam-em-agosto-regularizacao-possivel-ate-2027\/#primaryimage","url":"https:\/\/motorista.com.br\/noticias\/wp-content\/uploads\/2026\/04\/RECEITA-FEDERAL-1.jpeg","contentUrl":"https:\/\/motorista.com.br\/noticias\/wp-content\/uploads\/2026\/04\/RECEITA-FEDERAL-1.jpeg","width":960,"height":540},{"@type":"BreadcrumbList","@id":"https:\/\/motorista.com.br\/noticias\/2026\/04\/30\/multas-comecam-em-agosto-regularizacao-possivel-ate-2027\/#breadcrumb","itemListElement":[{"@type":"ListItem","position":1,"name":"In\u00edcio","item":"https:\/\/motorista.com.br\/noticias\/"},{"@type":"ListItem","position":2,"name":"Multas come\u00e7am em agosto; regulariza\u00e7\u00e3o poss\u00edvel at\u00e9 2027."}]},{"@type":"WebSite","@id":"https:\/\/motorista.com.br\/noticias\/#website","url":"https:\/\/motorista.com.br\/noticias\/","name":"Motorista.com.br","description":"Not\u00edcia do Motorista","publisher":{"@id":"https:\/\/motorista.com.br\/noticias\/#organization"},"potentialAction":[{"@type":"SearchAction","target":{"@type":"EntryPoint","urlTemplate":"https:\/\/motorista.com.br\/noticias\/?s={search_term_string}"},"query-input":{"@type":"PropertyValueSpecification","valueRequired":true,"valueName":"search_term_string"}}],"inLanguage":"pt-BR"},{"@type":"Organization","@id":"https:\/\/motorista.com.br\/noticias\/#organization","name":"Motorista.com.br","url":"https:\/\/motorista.com.br\/noticias\/","logo":{"@type":"ImageObject","inLanguage":"pt-BR","@id":"https:\/\/motorista.com.br\/noticias\/#\/schema\/logo\/image\/","url":"https:\/\/motorista.com.br\/noticias\/wp-content\/uploads\/2025\/06\/Design-sem-nome-9.png","contentUrl":"https:\/\/motorista.com.br\/noticias\/wp-content\/uploads\/2025\/06\/Design-sem-nome-9.png","width":150,"height":85,"caption":"Motorista.com.br"},"image":{"@id":"https:\/\/motorista.com.br\/noticias\/#\/schema\/logo\/image\/"}},{"@type":"Person","@id":"https:\/\/motorista.com.br\/noticias\/#\/schema\/person\/dc93afc2981c0e3ce6bc3c053fd847be","name":"Equipe Reda\u00e7\u00e3o","image":{"@type":"ImageObject","inLanguage":"pt-BR","@id":"https:\/\/secure.gravatar.com\/avatar\/4f525efbf18dd2bb300ccad28bfb99d95a9465a5ba268407c8c37b37e1f28d2d?s=96&d=mm&r=g9e099043a0c61e9ae27e293b9fa75ffc","url":"https:\/\/secure.gravatar.com\/avatar\/4f525efbf18dd2bb300ccad28bfb99d95a9465a5ba268407c8c37b37e1f28d2d?s=96&d=mm&r=g","contentUrl":"https:\/\/secure.gravatar.com\/avatar\/4f525efbf18dd2bb300ccad28bfb99d95a9465a5ba268407c8c37b37e1f28d2d?s=96&d=mm&r=g","caption":"Equipe Reda\u00e7\u00e3o"},"description":"Equipe de reda\u00e7\u00e3o \u00e9 um grupo de profissionais que trabalham juntos para criar conte\u00fado escrito para Motorista.com.br","url":"https:\/\/motorista.com.br\/noticias\/author\/equiperedacao\/"}]}},"_links":{"self":[{"href":"https:\/\/motorista.com.br\/noticias\/wp-json\/wp\/v2\/posts\/9376","targetHints":{"allow":["GET"]}}],"collection":[{"href":"https:\/\/motorista.com.br\/noticias\/wp-json\/wp\/v2\/posts"}],"about":[{"href":"https:\/\/motorista.com.br\/noticias\/wp-json\/wp\/v2\/types\/post"}],"author":[{"embeddable":true,"href":"https:\/\/motorista.com.br\/noticias\/wp-json\/wp\/v2\/users\/4"}],"replies":[{"embeddable":true,"href":"https:\/\/motorista.com.br\/noticias\/wp-json\/wp\/v2\/comments?post=9376"}],"version-history":[{"count":0,"href":"https:\/\/motorista.com.br\/noticias\/wp-json\/wp\/v2\/posts\/9376\/revisions"}],"wp:featuredmedia":[{"embeddable":true,"href":"https:\/\/motorista.com.br\/noticias\/wp-json\/wp\/v2\/media\/8319"}],"wp:attachment":[{"href":"https:\/\/motorista.com.br\/noticias\/wp-json\/wp\/v2\/media?parent=9376"}],"wp:term":[{"taxonomy":"category","embeddable":true,"href":"https:\/\/motorista.com.br\/noticias\/wp-json\/wp\/v2\/categories?post=9376"},{"taxonomy":"post_tag","embeddable":true,"href":"https:\/\/motorista.com.br\/noticias\/wp-json\/wp\/v2\/tags?post=9376"},{"taxonomy":"author","embeddable":true,"href":"https:\/\/motorista.com.br\/noticias\/wp-json\/wp\/v2\/coauthors?post=9376"}],"curies":[{"name":"wp","href":"https:\/\/api.w.org\/{rel}","templated":true}]}}