{"id":9374,"date":"2026-04-30T12:45:32","date_gmt":"2026-04-30T15:45:32","guid":{"rendered":"https:\/\/motorista.com.br\/noticias\/2026\/04\/30\/trump-sugere-diminuicao-de-tropas-na-alemanha\/"},"modified":"2026-04-30T12:45:32","modified_gmt":"2026-04-30T15:45:32","slug":"trump-sugere-diminuicao-de-tropas-na-alemanha","status":"publish","type":"post","link":"https:\/\/motorista.com.br\/noticias\/2026\/04\/30\/trump-sugere-diminuicao-de-tropas-na-alemanha\/","title":{"rendered":"Trump sugere diminui\u00e7\u00e3o de tropas na Alemanha."},"content":{"rendered":"<p><\/p>\n<p><strong>Trump Amea\u00e7a Reduzir N\u00famero de Tropas na Alemanha: Implica\u00e7\u00f5es para Motoristas e Mobilidade<\/strong><\/p>\n<p>Na \u00faltima quarta-feira, o presidente Donald Trump insinuou a possibilidade de reduzir a presen\u00e7a militar dos EUA na Alemanha, um aliado estrat\u00e9gico da Otan. Essa afirma\u00e7\u00e3o foi feita em sua rede social, levantando preocupa\u00e7\u00f5es sobre o que essa decis\u00e3o pode significar para o equil\u00edbrio geopol\u00edtico e, indiretamente, como isso pode impactar motoristas e a mobilidade.<\/p>\n<p>Atrav\u00e9s de suas declara\u00e7\u00f5es, Trump n\u00e3o apenas provocou o chanceler alem\u00e3o, Friedrich Merz, mas tamb\u00e9m acentuou um clima de incerteza que pode afetar diversas esferas, incluindo a economia local. A retirada de tropas significaria uma altera\u00e7\u00e3o significativa nas din\u00e2micas de seguran\u00e7a na regi\u00e3o e, consequentemente, poder\u00edamos observar reflexos na infraestrutura e na mobilidade urbana. A presen\u00e7a militar americana \u00e9 vital para a estabilidade de v\u00e1rias \u00e1reas, e sua diminui\u00e7\u00e3o pode acarretar um impacto negativo na economia local, afetando o fluxo de transporte e a movimenta\u00e7\u00e3o de pessoas.<\/p>\n<p>Os EUA mant\u00eam cerca de 35 mil militares na Alemanha, os quais n\u00e3o s\u00f3 contribuem para a seguran\u00e7a, mas tamb\u00e9m se tornam parte da comunidade local, influenciando desde o com\u00e9rcio at\u00e9 o tr\u00e1fego nas cidades. A redu\u00e7\u00e3o desse efetivo pode levar a uma diminui\u00e7\u00e3o na demanda por servi\u00e7os e produtos, refletindo-se em mudan\u00e7as no tr\u00e1fego e na mobilidade p\u00fablica.<\/p>\n<p>Al\u00e9m disso, cabe ressaltar que a rela\u00e7\u00e3o entre as for\u00e7as armadas e a infraestrutura de transporte \u00e9 intr\u00ednseca. Com a presen\u00e7a militar, muitas vezes surgem investimentos em estradas e sistemas de transporte que beneficiam tanto os militares quanto os civis. A retirada das tropas pode resultar em cortes em projetos de infraestrutura que normalmente buscariam integrar militares e civis, o que, a longo prazo, pode complicar ainda mais o tr\u00e2nsito e a mobilidade nas regi\u00f5es afetadas.<\/p>\n<p>Por outro lado, um cen\u00e1rio de incerteza pode tamb\u00e9m levar a um aumento no tr\u00e1fego de ve\u00edculos civis, j\u00e1 que muitos motoristas podem optar por utilizar suas pr\u00f3prias transportes em vez de confiarem em um sistema p\u00fablico que poderia passar por altera\u00e7\u00f5es. Isso criaria uma press\u00e3o adicional sobre a malha vi\u00e1ria j\u00e1 saturada em muitas cidades alem\u00e3s.<\/p>\n<p>Enquanto a rela\u00e7\u00e3o entre as na\u00e7\u00f5es se desenvolve, a maneira como as decis\u00f5es pol\u00edticas influenciam os setores locais, incluindo a mobilidade, deve ser observada de perto. A parceria transatl\u00e2ntica entre os EUA e a Alemanha \u00e9 crucial n\u00e3o apenas para a seguran\u00e7a, mas tamb\u00e9m para a estrutura econ\u00f4mica e de transporte que mant\u00e9m a fluidez nas cidades.<\/p>\n<p>Portanto, a amea\u00e7a de Trump de reduzir as tropas na Alemanha n\u00e3o \u00e9 apenas um assunto de diplomacia internacional; \u00e9 um tema que permeia a vida di\u00e1ria dos motoristas e a din\u00e2mica da mobilidade urbana, que pode ser afetada por decis\u00f5es de natureza pol\u00edtica. A interconex\u00e3o entre a seguran\u00e7a e a infraestrutura de transporte \u00e9 um fator que n\u00e3o deve ser subestimado, e motoristas devem estar cientes das poss\u00edveis consequ\u00eancias dessas medidas em sua mobilidade futura.<\/p>\n","protected":false},"excerpt":{"rendered":"<p>Trump Amea\u00e7a Reduzir N\u00famero de Tropas na Alemanha: Implica\u00e7\u00f5es para Motoristas e Mobilidade Na \u00faltima quarta-feira, o presidente Donald Trump insinuou a possibilidade de reduzir a presen\u00e7a militar dos EUA na Alemanha, um aliado estrat\u00e9gico da Otan. Essa afirma\u00e7\u00e3o foi feita em sua rede social, levantando preocupa\u00e7\u00f5es sobre o que essa decis\u00e3o pode significar para &hellip;<\/p>\n","protected":false},"author":4,"featured_media":9375,"comment_status":"","ping_status":"open","sticky":false,"template":"","format":"standard","meta":{"footnotes":""},"categories":[45],"tags":[],"coauthors":[42],"class_list":["post-9374","post","type-post","status-publish","format-standard","has-post-thumbnail","hentry","category-mundo"],"yoast_head":"<!-- This site is optimized with the Yoast SEO Premium plugin v25.5 (Yoast SEO v27.5) - https:\/\/yoast.com\/product\/yoast-seo-premium-wordpress\/ -->\n<title>Trump sugere diminui\u00e7\u00e3o de tropas na Alemanha. - Motorista.com.br<\/title>\n<meta name=\"robots\" content=\"index, follow, max-snippet:-1, max-image-preview:large, max-video-preview:-1\" \/>\n<link rel=\"canonical\" href=\"https:\/\/motorista.com.br\/noticias\/2026\/04\/30\/trump-sugere-diminuicao-de-tropas-na-alemanha\/\" \/>\n<meta property=\"og:locale\" content=\"pt_BR\" \/>\n<meta property=\"og:type\" content=\"article\" \/>\n<meta property=\"og:title\" content=\"Trump sugere diminui\u00e7\u00e3o de tropas na Alemanha.\" \/>\n<meta property=\"og:description\" content=\"Trump Amea\u00e7a Reduzir N\u00famero de Tropas na Alemanha: Implica\u00e7\u00f5es para Motoristas e Mobilidade Na \u00faltima quarta-feira, o presidente Donald Trump insinuou a possibilidade de reduzir a presen\u00e7a militar dos EUA na Alemanha, um aliado estrat\u00e9gico da Otan. Essa afirma\u00e7\u00e3o foi feita em sua rede social, levantando preocupa\u00e7\u00f5es sobre o que essa decis\u00e3o pode significar para &hellip;\" \/>\n<meta property=\"og:url\" content=\"https:\/\/motorista.com.br\/noticias\/2026\/04\/30\/trump-sugere-diminuicao-de-tropas-na-alemanha\/\" \/>\n<meta property=\"og:site_name\" content=\"Motorista.com.br\" \/>\n<meta property=\"article:published_time\" content=\"2026-04-30T15:45:32+00:00\" \/>\n<meta name=\"author\" content=\"Equipe Reda\u00e7\u00e3o\" \/>\n<meta name=\"twitter:card\" content=\"summary_large_image\" \/>\n<meta name=\"twitter:label1\" content=\"Escrito por\" \/>\n\t<meta name=\"twitter:data1\" content=\"Equipe Reda\u00e7\u00e3o\" \/>\n\t<meta name=\"twitter:label2\" content=\"Est. tempo de leitura\" \/>\n\t<meta name=\"twitter:data2\" content=\"3 minutos\" \/>\n\t<meta name=\"twitter:label3\" content=\"Written by\" \/>\n\t<meta name=\"twitter:data3\" content=\"Equipe Reda\u00e7\u00e3o\" \/>\n<script type=\"application\/ld+json\" class=\"yoast-schema-graph\">{\"@context\":\"https:\\\/\\\/schema.org\",\"@graph\":[{\"@type\":\"Article\",\"@id\":\"https:\\\/\\\/motorista.com.br\\\/noticias\\\/2026\\\/04\\\/30\\\/trump-sugere-diminuicao-de-tropas-na-alemanha\\\/#article\",\"isPartOf\":{\"@id\":\"https:\\\/\\\/motorista.com.br\\\/noticias\\\/2026\\\/04\\\/30\\\/trump-sugere-diminuicao-de-tropas-na-alemanha\\\/\"},\"author\":{\"name\":\"Equipe Reda\u00e7\u00e3o\",\"@id\":\"https:\\\/\\\/motorista.com.br\\\/noticias\\\/#\\\/schema\\\/person\\\/dc93afc2981c0e3ce6bc3c053fd847be\"},\"headline\":\"Trump sugere diminui\u00e7\u00e3o de tropas na Alemanha.\",\"datePublished\":\"2026-04-30T15:45:32+00:00\",\"mainEntityOfPage\":{\"@id\":\"https:\\\/\\\/motorista.com.br\\\/noticias\\\/2026\\\/04\\\/30\\\/trump-sugere-diminuicao-de-tropas-na-alemanha\\\/\"},\"wordCount\":555,\"publisher\":{\"@id\":\"https:\\\/\\\/motorista.com.br\\\/noticias\\\/#organization\"},\"image\":{\"@id\":\"https:\\\/\\\/motorista.com.br\\\/noticias\\\/2026\\\/04\\\/30\\\/trump-sugere-diminuicao-de-tropas-na-alemanha\\\/#primaryimage\"},\"thumbnailUrl\":\"https:\\\/\\\/motorista.com.br\\\/noticias\\\/wp-content\\\/uploads\\\/2026\\\/04\\\/76212017_303.jpg\",\"articleSection\":[\"Mundo\"],\"inLanguage\":\"pt-BR\"},{\"@type\":\"WebPage\",\"@id\":\"https:\\\/\\\/motorista.com.br\\\/noticias\\\/2026\\\/04\\\/30\\\/trump-sugere-diminuicao-de-tropas-na-alemanha\\\/\",\"url\":\"https:\\\/\\\/motorista.com.br\\\/noticias\\\/2026\\\/04\\\/30\\\/trump-sugere-diminuicao-de-tropas-na-alemanha\\\/\",\"name\":\"Trump sugere diminui\u00e7\u00e3o de tropas na Alemanha. - Motorista.com.br\",\"isPartOf\":{\"@id\":\"https:\\\/\\\/motorista.com.br\\\/noticias\\\/#website\"},\"primaryImageOfPage\":{\"@id\":\"https:\\\/\\\/motorista.com.br\\\/noticias\\\/2026\\\/04\\\/30\\\/trump-sugere-diminuicao-de-tropas-na-alemanha\\\/#primaryimage\"},\"image\":{\"@id\":\"https:\\\/\\\/motorista.com.br\\\/noticias\\\/2026\\\/04\\\/30\\\/trump-sugere-diminuicao-de-tropas-na-alemanha\\\/#primaryimage\"},\"thumbnailUrl\":\"https:\\\/\\\/motorista.com.br\\\/noticias\\\/wp-content\\\/uploads\\\/2026\\\/04\\\/76212017_303.jpg\",\"datePublished\":\"2026-04-30T15:45:32+00:00\",\"breadcrumb\":{\"@id\":\"https:\\\/\\\/motorista.com.br\\\/noticias\\\/2026\\\/04\\\/30\\\/trump-sugere-diminuicao-de-tropas-na-alemanha\\\/#breadcrumb\"},\"inLanguage\":\"pt-BR\",\"potentialAction\":[{\"@type\":\"ReadAction\",\"target\":[\"https:\\\/\\\/motorista.com.br\\\/noticias\\\/2026\\\/04\\\/30\\\/trump-sugere-diminuicao-de-tropas-na-alemanha\\\/\"]}]},{\"@type\":\"ImageObject\",\"inLanguage\":\"pt-BR\",\"@id\":\"https:\\\/\\\/motorista.com.br\\\/noticias\\\/2026\\\/04\\\/30\\\/trump-sugere-diminuicao-de-tropas-na-alemanha\\\/#primaryimage\",\"url\":\"https:\\\/\\\/motorista.com.br\\\/noticias\\\/wp-content\\\/uploads\\\/2026\\\/04\\\/76212017_303.jpg\",\"contentUrl\":\"https:\\\/\\\/motorista.com.br\\\/noticias\\\/wp-content\\\/uploads\\\/2026\\\/04\\\/76212017_303.jpg\",\"width\":700,\"height\":394},{\"@type\":\"BreadcrumbList\",\"@id\":\"https:\\\/\\\/motorista.com.br\\\/noticias\\\/2026\\\/04\\\/30\\\/trump-sugere-diminuicao-de-tropas-na-alemanha\\\/#breadcrumb\",\"itemListElement\":[{\"@type\":\"ListItem\",\"position\":1,\"name\":\"In\u00edcio\",\"item\":\"https:\\\/\\\/motorista.com.br\\\/noticias\\\/\"},{\"@type\":\"ListItem\",\"position\":2,\"name\":\"Trump sugere diminui\u00e7\u00e3o de tropas na Alemanha.\"}]},{\"@type\":\"WebSite\",\"@id\":\"https:\\\/\\\/motorista.com.br\\\/noticias\\\/#website\",\"url\":\"https:\\\/\\\/motorista.com.br\\\/noticias\\\/\",\"name\":\"Motorista.com.br\",\"description\":\"Not\u00edcia do Motorista\",\"publisher\":{\"@id\":\"https:\\\/\\\/motorista.com.br\\\/noticias\\\/#organization\"},\"potentialAction\":[{\"@type\":\"SearchAction\",\"target\":{\"@type\":\"EntryPoint\",\"urlTemplate\":\"https:\\\/\\\/motorista.com.br\\\/noticias\\\/?s={search_term_string}\"},\"query-input\":{\"@type\":\"PropertyValueSpecification\",\"valueRequired\":true,\"valueName\":\"search_term_string\"}}],\"inLanguage\":\"pt-BR\"},{\"@type\":\"Organization\",\"@id\":\"https:\\\/\\\/motorista.com.br\\\/noticias\\\/#organization\",\"name\":\"Motorista.com.br\",\"url\":\"https:\\\/\\\/motorista.com.br\\\/noticias\\\/\",\"logo\":{\"@type\":\"ImageObject\",\"inLanguage\":\"pt-BR\",\"@id\":\"https:\\\/\\\/motorista.com.br\\\/noticias\\\/#\\\/schema\\\/logo\\\/image\\\/\",\"url\":\"https:\\\/\\\/motorista.com.br\\\/noticias\\\/wp-content\\\/uploads\\\/2025\\\/06\\\/Design-sem-nome-9.png\",\"contentUrl\":\"https:\\\/\\\/motorista.com.br\\\/noticias\\\/wp-content\\\/uploads\\\/2025\\\/06\\\/Design-sem-nome-9.png\",\"width\":150,\"height\":85,\"caption\":\"Motorista.com.br\"},\"image\":{\"@id\":\"https:\\\/\\\/motorista.com.br\\\/noticias\\\/#\\\/schema\\\/logo\\\/image\\\/\"}},{\"@type\":\"Person\",\"@id\":\"https:\\\/\\\/motorista.com.br\\\/noticias\\\/#\\\/schema\\\/person\\\/dc93afc2981c0e3ce6bc3c053fd847be\",\"name\":\"Equipe Reda\u00e7\u00e3o\",\"image\":{\"@type\":\"ImageObject\",\"inLanguage\":\"pt-BR\",\"@id\":\"https:\\\/\\\/secure.gravatar.com\\\/avatar\\\/4f525efbf18dd2bb300ccad28bfb99d95a9465a5ba268407c8c37b37e1f28d2d?s=96&d=mm&r=g9e099043a0c61e9ae27e293b9fa75ffc\",\"url\":\"https:\\\/\\\/secure.gravatar.com\\\/avatar\\\/4f525efbf18dd2bb300ccad28bfb99d95a9465a5ba268407c8c37b37e1f28d2d?s=96&d=mm&r=g\",\"contentUrl\":\"https:\\\/\\\/secure.gravatar.com\\\/avatar\\\/4f525efbf18dd2bb300ccad28bfb99d95a9465a5ba268407c8c37b37e1f28d2d?s=96&d=mm&r=g\",\"caption\":\"Equipe Reda\u00e7\u00e3o\"},\"description\":\"Equipe de reda\u00e7\u00e3o \u00e9 um grupo de profissionais que trabalham juntos para criar conte\u00fado escrito para Motorista.com.br\",\"url\":\"https:\\\/\\\/motorista.com.br\\\/noticias\\\/author\\\/equiperedacao\\\/\"}]}<\/script>\n<!-- \/ Yoast SEO Premium plugin. -->","yoast_head_json":{"title":"Trump sugere diminui\u00e7\u00e3o de tropas na Alemanha. - Motorista.com.br","robots":{"index":"index","follow":"follow","max-snippet":"max-snippet:-1","max-image-preview":"max-image-preview:large","max-video-preview":"max-video-preview:-1"},"canonical":"https:\/\/motorista.com.br\/noticias\/2026\/04\/30\/trump-sugere-diminuicao-de-tropas-na-alemanha\/","og_locale":"pt_BR","og_type":"article","og_title":"Trump sugere diminui\u00e7\u00e3o de tropas na Alemanha.","og_description":"Trump Amea\u00e7a Reduzir N\u00famero de Tropas na Alemanha: Implica\u00e7\u00f5es para Motoristas e Mobilidade Na \u00faltima quarta-feira, o presidente Donald Trump insinuou a possibilidade de reduzir a presen\u00e7a militar dos EUA na Alemanha, um aliado estrat\u00e9gico da Otan. Essa afirma\u00e7\u00e3o foi feita em sua rede social, levantando preocupa\u00e7\u00f5es sobre o que essa decis\u00e3o pode significar para &hellip;","og_url":"https:\/\/motorista.com.br\/noticias\/2026\/04\/30\/trump-sugere-diminuicao-de-tropas-na-alemanha\/","og_site_name":"Motorista.com.br","article_published_time":"2026-04-30T15:45:32+00:00","author":"Equipe Reda\u00e7\u00e3o","twitter_card":"summary_large_image","twitter_misc":{"Escrito por":"Equipe Reda\u00e7\u00e3o","Est. tempo de leitura":"3 minutos","Written by":"Equipe Reda\u00e7\u00e3o"},"schema":{"@context":"https:\/\/schema.org","@graph":[{"@type":"Article","@id":"https:\/\/motorista.com.br\/noticias\/2026\/04\/30\/trump-sugere-diminuicao-de-tropas-na-alemanha\/#article","isPartOf":{"@id":"https:\/\/motorista.com.br\/noticias\/2026\/04\/30\/trump-sugere-diminuicao-de-tropas-na-alemanha\/"},"author":{"name":"Equipe Reda\u00e7\u00e3o","@id":"https:\/\/motorista.com.br\/noticias\/#\/schema\/person\/dc93afc2981c0e3ce6bc3c053fd847be"},"headline":"Trump sugere diminui\u00e7\u00e3o de tropas na Alemanha.","datePublished":"2026-04-30T15:45:32+00:00","mainEntityOfPage":{"@id":"https:\/\/motorista.com.br\/noticias\/2026\/04\/30\/trump-sugere-diminuicao-de-tropas-na-alemanha\/"},"wordCount":555,"publisher":{"@id":"https:\/\/motorista.com.br\/noticias\/#organization"},"image":{"@id":"https:\/\/motorista.com.br\/noticias\/2026\/04\/30\/trump-sugere-diminuicao-de-tropas-na-alemanha\/#primaryimage"},"thumbnailUrl":"https:\/\/motorista.com.br\/noticias\/wp-content\/uploads\/2026\/04\/76212017_303.jpg","articleSection":["Mundo"],"inLanguage":"pt-BR"},{"@type":"WebPage","@id":"https:\/\/motorista.com.br\/noticias\/2026\/04\/30\/trump-sugere-diminuicao-de-tropas-na-alemanha\/","url":"https:\/\/motorista.com.br\/noticias\/2026\/04\/30\/trump-sugere-diminuicao-de-tropas-na-alemanha\/","name":"Trump sugere diminui\u00e7\u00e3o de tropas na Alemanha. - Motorista.com.br","isPartOf":{"@id":"https:\/\/motorista.com.br\/noticias\/#website"},"primaryImageOfPage":{"@id":"https:\/\/motorista.com.br\/noticias\/2026\/04\/30\/trump-sugere-diminuicao-de-tropas-na-alemanha\/#primaryimage"},"image":{"@id":"https:\/\/motorista.com.br\/noticias\/2026\/04\/30\/trump-sugere-diminuicao-de-tropas-na-alemanha\/#primaryimage"},"thumbnailUrl":"https:\/\/motorista.com.br\/noticias\/wp-content\/uploads\/2026\/04\/76212017_303.jpg","datePublished":"2026-04-30T15:45:32+00:00","breadcrumb":{"@id":"https:\/\/motorista.com.br\/noticias\/2026\/04\/30\/trump-sugere-diminuicao-de-tropas-na-alemanha\/#breadcrumb"},"inLanguage":"pt-BR","potentialAction":[{"@type":"ReadAction","target":["https:\/\/motorista.com.br\/noticias\/2026\/04\/30\/trump-sugere-diminuicao-de-tropas-na-alemanha\/"]}]},{"@type":"ImageObject","inLanguage":"pt-BR","@id":"https:\/\/motorista.com.br\/noticias\/2026\/04\/30\/trump-sugere-diminuicao-de-tropas-na-alemanha\/#primaryimage","url":"https:\/\/motorista.com.br\/noticias\/wp-content\/uploads\/2026\/04\/76212017_303.jpg","contentUrl":"https:\/\/motorista.com.br\/noticias\/wp-content\/uploads\/2026\/04\/76212017_303.jpg","width":700,"height":394},{"@type":"BreadcrumbList","@id":"https:\/\/motorista.com.br\/noticias\/2026\/04\/30\/trump-sugere-diminuicao-de-tropas-na-alemanha\/#breadcrumb","itemListElement":[{"@type":"ListItem","position":1,"name":"In\u00edcio","item":"https:\/\/motorista.com.br\/noticias\/"},{"@type":"ListItem","position":2,"name":"Trump sugere diminui\u00e7\u00e3o de tropas na Alemanha."}]},{"@type":"WebSite","@id":"https:\/\/motorista.com.br\/noticias\/#website","url":"https:\/\/motorista.com.br\/noticias\/","name":"Motorista.com.br","description":"Not\u00edcia do Motorista","publisher":{"@id":"https:\/\/motorista.com.br\/noticias\/#organization"},"potentialAction":[{"@type":"SearchAction","target":{"@type":"EntryPoint","urlTemplate":"https:\/\/motorista.com.br\/noticias\/?s={search_term_string}"},"query-input":{"@type":"PropertyValueSpecification","valueRequired":true,"valueName":"search_term_string"}}],"inLanguage":"pt-BR"},{"@type":"Organization","@id":"https:\/\/motorista.com.br\/noticias\/#organization","name":"Motorista.com.br","url":"https:\/\/motorista.com.br\/noticias\/","logo":{"@type":"ImageObject","inLanguage":"pt-BR","@id":"https:\/\/motorista.com.br\/noticias\/#\/schema\/logo\/image\/","url":"https:\/\/motorista.com.br\/noticias\/wp-content\/uploads\/2025\/06\/Design-sem-nome-9.png","contentUrl":"https:\/\/motorista.com.br\/noticias\/wp-content\/uploads\/2025\/06\/Design-sem-nome-9.png","width":150,"height":85,"caption":"Motorista.com.br"},"image":{"@id":"https:\/\/motorista.com.br\/noticias\/#\/schema\/logo\/image\/"}},{"@type":"Person","@id":"https:\/\/motorista.com.br\/noticias\/#\/schema\/person\/dc93afc2981c0e3ce6bc3c053fd847be","name":"Equipe Reda\u00e7\u00e3o","image":{"@type":"ImageObject","inLanguage":"pt-BR","@id":"https:\/\/secure.gravatar.com\/avatar\/4f525efbf18dd2bb300ccad28bfb99d95a9465a5ba268407c8c37b37e1f28d2d?s=96&d=mm&r=g9e099043a0c61e9ae27e293b9fa75ffc","url":"https:\/\/secure.gravatar.com\/avatar\/4f525efbf18dd2bb300ccad28bfb99d95a9465a5ba268407c8c37b37e1f28d2d?s=96&d=mm&r=g","contentUrl":"https:\/\/secure.gravatar.com\/avatar\/4f525efbf18dd2bb300ccad28bfb99d95a9465a5ba268407c8c37b37e1f28d2d?s=96&d=mm&r=g","caption":"Equipe Reda\u00e7\u00e3o"},"description":"Equipe de reda\u00e7\u00e3o \u00e9 um grupo de profissionais que trabalham juntos para criar conte\u00fado escrito para Motorista.com.br","url":"https:\/\/motorista.com.br\/noticias\/author\/equiperedacao\/"}]}},"_links":{"self":[{"href":"https:\/\/motorista.com.br\/noticias\/wp-json\/wp\/v2\/posts\/9374","targetHints":{"allow":["GET"]}}],"collection":[{"href":"https:\/\/motorista.com.br\/noticias\/wp-json\/wp\/v2\/posts"}],"about":[{"href":"https:\/\/motorista.com.br\/noticias\/wp-json\/wp\/v2\/types\/post"}],"author":[{"embeddable":true,"href":"https:\/\/motorista.com.br\/noticias\/wp-json\/wp\/v2\/users\/4"}],"replies":[{"embeddable":true,"href":"https:\/\/motorista.com.br\/noticias\/wp-json\/wp\/v2\/comments?post=9374"}],"version-history":[{"count":0,"href":"https:\/\/motorista.com.br\/noticias\/wp-json\/wp\/v2\/posts\/9374\/revisions"}],"wp:featuredmedia":[{"embeddable":true,"href":"https:\/\/motorista.com.br\/noticias\/wp-json\/wp\/v2\/media\/9375"}],"wp:attachment":[{"href":"https:\/\/motorista.com.br\/noticias\/wp-json\/wp\/v2\/media?parent=9374"}],"wp:term":[{"taxonomy":"category","embeddable":true,"href":"https:\/\/motorista.com.br\/noticias\/wp-json\/wp\/v2\/categories?post=9374"},{"taxonomy":"post_tag","embeddable":true,"href":"https:\/\/motorista.com.br\/noticias\/wp-json\/wp\/v2\/tags?post=9374"},{"taxonomy":"author","embeddable":true,"href":"https:\/\/motorista.com.br\/noticias\/wp-json\/wp\/v2\/coauthors?post=9374"}],"curies":[{"name":"wp","href":"https:\/\/api.w.org\/{rel}","templated":true}]}}