{"id":9373,"date":"2026-04-30T12:22:25","date_gmt":"2026-04-30T15:22:25","guid":{"rendered":"https:\/\/motorista.com.br\/noticias\/2026\/04\/30\/fundo-imobiliario-processa-inquilina-inadimplente-e-afeta-dividendos\/"},"modified":"2026-04-30T12:22:25","modified_gmt":"2026-04-30T15:22:25","slug":"fundo-imobiliario-processa-inquilina-inadimplente-e-afeta-dividendos","status":"publish","type":"post","link":"https:\/\/motorista.com.br\/noticias\/2026\/04\/30\/fundo-imobiliario-processa-inquilina-inadimplente-e-afeta-dividendos\/","title":{"rendered":"Fundo imobili\u00e1rio processa inquilina inadimplente e afeta dividendos."},"content":{"rendered":"<p><\/p>\n<h3>A\u00e7\u00e3o de Despejo e Seus Impactos nos Motoristas e na Mobilidade<\/h3>\n<p>O fundo imobili\u00e1rio <strong>BM Brascan Lajes Corporativas (BMLC11)<\/strong> moveu uma a\u00e7\u00e3o de despejo contra a locat\u00e1ria <strong>Organic Life<\/strong>, que se encontra inadimplente. Essa situa\u00e7\u00e3o pode gerar consequ\u00eancias n\u00e3o apenas financeiras, mas tamb\u00e9m para a mobilidade urbana e para motoristas, refletindo um panorama mais amplo da economia local.<\/p>\n<p>A inadimpl\u00eancia da Organic Life, que resulta em impactos estimados de R$ 0,06 por cota devido a alugu\u00e9is em atraso e a n\u00e3o quita\u00e7\u00e3o de encargos, pode ser vista como um indicativo da sa\u00fade financeira das empresas que atuam em \u00e1reas urbanas. Quando uma empresa n\u00e3o consegue honrar seus compromissos, h\u00e1 uma cadeia de eventos que pode afetar a regi\u00e3o onde est\u00e1 inserida. Isso inclui a desacelera\u00e7\u00e3o dos neg\u00f3cios locais, poss\u00edvel fechamento de estabelecimentos e, consequentemente, a diminui\u00e7\u00e3o do fluxo de ve\u00edculos.<\/p>\n<p>Com a deteriora\u00e7\u00e3o da situa\u00e7\u00e3o financeira, o fundo imobili\u00e1rio j\u00e1 iniciou o processo de despejo e a Justi\u00e7a autorizou a intima\u00e7\u00e3o da inquilina para desocupa\u00e7\u00e3o do espa\u00e7o. Essa desocupa\u00e7\u00e3o, que representa 2% da \u00e1rea loc\u00e1vel, tem um impacto limitado em termos de receitas diretas do fundo. No entanto, a sa\u00edda de uma empresa de um espa\u00e7o comercial pode gerar v\u00e1cuos no mercado que, no longo prazo, afetam a economia local. Ambientes comerciais desativados podem levar \u00e0 queda da movimenta\u00e7\u00e3o, reduzindo o tr\u00e1fego de ve\u00edculos.<\/p>\n<p>Al\u00e9m do impacto imediato na distribui\u00e7\u00e3o de dividendos aos cotistas \u2014 que pode ser afetada pela recupera\u00e7\u00e3o dos valores devidos \u2014, \u00e9 crucial destacar que a sa\u00fade do mercado imobili\u00e1rio e empresarial de uma regi\u00e3o reflete na qualidade de vida urbana. Um ambiente de neg\u00f3cios s\u00f3lido tende a fomentar um ecossistema vibrante, que contribui para o aumento das oportunidades de emprego e para a valoriza\u00e7\u00e3o dos im\u00f3veis.<\/p>\n<p>Em s\u00edntese, eventos como o despejo de uma inquilina inadimplente, embora pare\u00e7am isolados, t\u00eam conex\u00f5es diretas com a mobilidade urbana. A continuidade de opera\u00e7\u00f5es comerciais fortes e saud\u00e1veis \u00e9 vital n\u00e3o apenas para a economia, mas tamb\u00e9m para garantir ruas movimentadas, o que, por sua vez, traz benef\u00edcios diretos aos motoristas que dependem de um fluxo saud\u00e1vel no tr\u00e1fego urbano.<\/p>\n<p><strong>Fonte: Money Times<\/strong><\/p>\n","protected":false},"excerpt":{"rendered":"<p>A\u00e7\u00e3o de Despejo e Seus Impactos nos Motoristas e na Mobilidade O fundo imobili\u00e1rio BM Brascan Lajes Corporativas (BMLC11) moveu uma a\u00e7\u00e3o de despejo contra a locat\u00e1ria Organic Life, que se encontra inadimplente. Essa situa\u00e7\u00e3o pode gerar consequ\u00eancias n\u00e3o apenas financeiras, mas tamb\u00e9m para a mobilidade urbana e para motoristas, refletindo um panorama mais amplo &hellip;<\/p>\n","protected":false},"author":4,"featured_media":8260,"comment_status":"","ping_status":"open","sticky":false,"template":"","format":"standard","meta":{"footnotes":""},"categories":[61],"tags":[],"coauthors":[42],"class_list":["post-9373","post","type-post","status-publish","format-standard","has-post-thumbnail","hentry","category-mercado-financeiro"],"yoast_head":"<!-- This site is optimized with the Yoast SEO Premium plugin v25.5 (Yoast SEO v27.5) - https:\/\/yoast.com\/product\/yoast-seo-premium-wordpress\/ -->\n<title>Fundo imobili\u00e1rio processa inquilina inadimplente e afeta dividendos. - Motorista.com.br<\/title>\n<meta name=\"robots\" content=\"index, follow, max-snippet:-1, max-image-preview:large, max-video-preview:-1\" \/>\n<link rel=\"canonical\" href=\"https:\/\/motorista.com.br\/noticias\/2026\/04\/30\/fundo-imobiliario-processa-inquilina-inadimplente-e-afeta-dividendos\/\" \/>\n<meta property=\"og:locale\" content=\"pt_BR\" \/>\n<meta property=\"og:type\" content=\"article\" \/>\n<meta property=\"og:title\" content=\"Fundo imobili\u00e1rio processa inquilina inadimplente e afeta dividendos.\" \/>\n<meta property=\"og:description\" content=\"A\u00e7\u00e3o de Despejo e Seus Impactos nos Motoristas e na Mobilidade O fundo imobili\u00e1rio BM Brascan Lajes Corporativas (BMLC11) moveu uma a\u00e7\u00e3o de despejo contra a locat\u00e1ria Organic Life, que se encontra inadimplente. Essa situa\u00e7\u00e3o pode gerar consequ\u00eancias n\u00e3o apenas financeiras, mas tamb\u00e9m para a mobilidade urbana e para motoristas, refletindo um panorama mais amplo &hellip;\" \/>\n<meta property=\"og:url\" content=\"https:\/\/motorista.com.br\/noticias\/2026\/04\/30\/fundo-imobiliario-processa-inquilina-inadimplente-e-afeta-dividendos\/\" \/>\n<meta property=\"og:site_name\" content=\"Motorista.com.br\" \/>\n<meta property=\"article:published_time\" content=\"2026-04-30T15:22:25+00:00\" \/>\n<meta name=\"author\" content=\"Equipe Reda\u00e7\u00e3o\" \/>\n<meta name=\"twitter:card\" content=\"summary_large_image\" \/>\n<meta name=\"twitter:label1\" content=\"Escrito por\" \/>\n\t<meta name=\"twitter:data1\" content=\"Equipe Reda\u00e7\u00e3o\" \/>\n\t<meta name=\"twitter:label2\" content=\"Est. tempo de leitura\" \/>\n\t<meta name=\"twitter:data2\" content=\"2 minutos\" \/>\n\t<meta name=\"twitter:label3\" content=\"Written by\" \/>\n\t<meta name=\"twitter:data3\" content=\"Equipe Reda\u00e7\u00e3o\" \/>\n<script type=\"application\/ld+json\" class=\"yoast-schema-graph\">{\"@context\":\"https:\\\/\\\/schema.org\",\"@graph\":[{\"@type\":\"Article\",\"@id\":\"https:\\\/\\\/motorista.com.br\\\/noticias\\\/2026\\\/04\\\/30\\\/fundo-imobiliario-processa-inquilina-inadimplente-e-afeta-dividendos\\\/#article\",\"isPartOf\":{\"@id\":\"https:\\\/\\\/motorista.com.br\\\/noticias\\\/2026\\\/04\\\/30\\\/fundo-imobiliario-processa-inquilina-inadimplente-e-afeta-dividendos\\\/\"},\"author\":{\"name\":\"Equipe Reda\u00e7\u00e3o\",\"@id\":\"https:\\\/\\\/motorista.com.br\\\/noticias\\\/#\\\/schema\\\/person\\\/dc93afc2981c0e3ce6bc3c053fd847be\"},\"headline\":\"Fundo imobili\u00e1rio processa inquilina inadimplente e afeta dividendos.\",\"datePublished\":\"2026-04-30T15:22:25+00:00\",\"mainEntityOfPage\":{\"@id\":\"https:\\\/\\\/motorista.com.br\\\/noticias\\\/2026\\\/04\\\/30\\\/fundo-imobiliario-processa-inquilina-inadimplente-e-afeta-dividendos\\\/\"},\"wordCount\":412,\"publisher\":{\"@id\":\"https:\\\/\\\/motorista.com.br\\\/noticias\\\/#organization\"},\"image\":{\"@id\":\"https:\\\/\\\/motorista.com.br\\\/noticias\\\/2026\\\/04\\\/30\\\/fundo-imobiliario-processa-inquilina-inadimplente-e-afeta-dividendos\\\/#primaryimage\"},\"thumbnailUrl\":\"https:\\\/\\\/motorista.com.br\\\/noticias\\\/wp-content\\\/uploads\\\/2026\\\/04\\\/divida-endividamento-sem-dinheiro-renegociacao-inadimplencia-calote.jpg\",\"articleSection\":[\"Mercado Financeiro\"],\"inLanguage\":\"pt-BR\"},{\"@type\":\"WebPage\",\"@id\":\"https:\\\/\\\/motorista.com.br\\\/noticias\\\/2026\\\/04\\\/30\\\/fundo-imobiliario-processa-inquilina-inadimplente-e-afeta-dividendos\\\/\",\"url\":\"https:\\\/\\\/motorista.com.br\\\/noticias\\\/2026\\\/04\\\/30\\\/fundo-imobiliario-processa-inquilina-inadimplente-e-afeta-dividendos\\\/\",\"name\":\"Fundo imobili\u00e1rio processa inquilina inadimplente e afeta dividendos. - Motorista.com.br\",\"isPartOf\":{\"@id\":\"https:\\\/\\\/motorista.com.br\\\/noticias\\\/#website\"},\"primaryImageOfPage\":{\"@id\":\"https:\\\/\\\/motorista.com.br\\\/noticias\\\/2026\\\/04\\\/30\\\/fundo-imobiliario-processa-inquilina-inadimplente-e-afeta-dividendos\\\/#primaryimage\"},\"image\":{\"@id\":\"https:\\\/\\\/motorista.com.br\\\/noticias\\\/2026\\\/04\\\/30\\\/fundo-imobiliario-processa-inquilina-inadimplente-e-afeta-dividendos\\\/#primaryimage\"},\"thumbnailUrl\":\"https:\\\/\\\/motorista.com.br\\\/noticias\\\/wp-content\\\/uploads\\\/2026\\\/04\\\/divida-endividamento-sem-dinheiro-renegociacao-inadimplencia-calote.jpg\",\"datePublished\":\"2026-04-30T15:22:25+00:00\",\"breadcrumb\":{\"@id\":\"https:\\\/\\\/motorista.com.br\\\/noticias\\\/2026\\\/04\\\/30\\\/fundo-imobiliario-processa-inquilina-inadimplente-e-afeta-dividendos\\\/#breadcrumb\"},\"inLanguage\":\"pt-BR\",\"potentialAction\":[{\"@type\":\"ReadAction\",\"target\":[\"https:\\\/\\\/motorista.com.br\\\/noticias\\\/2026\\\/04\\\/30\\\/fundo-imobiliario-processa-inquilina-inadimplente-e-afeta-dividendos\\\/\"]}]},{\"@type\":\"ImageObject\",\"inLanguage\":\"pt-BR\",\"@id\":\"https:\\\/\\\/motorista.com.br\\\/noticias\\\/2026\\\/04\\\/30\\\/fundo-imobiliario-processa-inquilina-inadimplente-e-afeta-dividendos\\\/#primaryimage\",\"url\":\"https:\\\/\\\/motorista.com.br\\\/noticias\\\/wp-content\\\/uploads\\\/2026\\\/04\\\/divida-endividamento-sem-dinheiro-renegociacao-inadimplencia-calote.jpg\",\"contentUrl\":\"https:\\\/\\\/motorista.com.br\\\/noticias\\\/wp-content\\\/uploads\\\/2026\\\/04\\\/divida-endividamento-sem-dinheiro-renegociacao-inadimplencia-calote.jpg\",\"width\":1280,\"height\":680},{\"@type\":\"BreadcrumbList\",\"@id\":\"https:\\\/\\\/motorista.com.br\\\/noticias\\\/2026\\\/04\\\/30\\\/fundo-imobiliario-processa-inquilina-inadimplente-e-afeta-dividendos\\\/#breadcrumb\",\"itemListElement\":[{\"@type\":\"ListItem\",\"position\":1,\"name\":\"In\u00edcio\",\"item\":\"https:\\\/\\\/motorista.com.br\\\/noticias\\\/\"},{\"@type\":\"ListItem\",\"position\":2,\"name\":\"Fundo imobili\u00e1rio processa inquilina inadimplente e afeta dividendos.\"}]},{\"@type\":\"WebSite\",\"@id\":\"https:\\\/\\\/motorista.com.br\\\/noticias\\\/#website\",\"url\":\"https:\\\/\\\/motorista.com.br\\\/noticias\\\/\",\"name\":\"Motorista.com.br\",\"description\":\"Not\u00edcia do Motorista\",\"publisher\":{\"@id\":\"https:\\\/\\\/motorista.com.br\\\/noticias\\\/#organization\"},\"potentialAction\":[{\"@type\":\"SearchAction\",\"target\":{\"@type\":\"EntryPoint\",\"urlTemplate\":\"https:\\\/\\\/motorista.com.br\\\/noticias\\\/?s={search_term_string}\"},\"query-input\":{\"@type\":\"PropertyValueSpecification\",\"valueRequired\":true,\"valueName\":\"search_term_string\"}}],\"inLanguage\":\"pt-BR\"},{\"@type\":\"Organization\",\"@id\":\"https:\\\/\\\/motorista.com.br\\\/noticias\\\/#organization\",\"name\":\"Motorista.com.br\",\"url\":\"https:\\\/\\\/motorista.com.br\\\/noticias\\\/\",\"logo\":{\"@type\":\"ImageObject\",\"inLanguage\":\"pt-BR\",\"@id\":\"https:\\\/\\\/motorista.com.br\\\/noticias\\\/#\\\/schema\\\/logo\\\/image\\\/\",\"url\":\"https:\\\/\\\/motorista.com.br\\\/noticias\\\/wp-content\\\/uploads\\\/2025\\\/06\\\/Design-sem-nome-9.png\",\"contentUrl\":\"https:\\\/\\\/motorista.com.br\\\/noticias\\\/wp-content\\\/uploads\\\/2025\\\/06\\\/Design-sem-nome-9.png\",\"width\":150,\"height\":85,\"caption\":\"Motorista.com.br\"},\"image\":{\"@id\":\"https:\\\/\\\/motorista.com.br\\\/noticias\\\/#\\\/schema\\\/logo\\\/image\\\/\"}},{\"@type\":\"Person\",\"@id\":\"https:\\\/\\\/motorista.com.br\\\/noticias\\\/#\\\/schema\\\/person\\\/dc93afc2981c0e3ce6bc3c053fd847be\",\"name\":\"Equipe Reda\u00e7\u00e3o\",\"image\":{\"@type\":\"ImageObject\",\"inLanguage\":\"pt-BR\",\"@id\":\"https:\\\/\\\/secure.gravatar.com\\\/avatar\\\/4f525efbf18dd2bb300ccad28bfb99d95a9465a5ba268407c8c37b37e1f28d2d?s=96&d=mm&r=g9e099043a0c61e9ae27e293b9fa75ffc\",\"url\":\"https:\\\/\\\/secure.gravatar.com\\\/avatar\\\/4f525efbf18dd2bb300ccad28bfb99d95a9465a5ba268407c8c37b37e1f28d2d?s=96&d=mm&r=g\",\"contentUrl\":\"https:\\\/\\\/secure.gravatar.com\\\/avatar\\\/4f525efbf18dd2bb300ccad28bfb99d95a9465a5ba268407c8c37b37e1f28d2d?s=96&d=mm&r=g\",\"caption\":\"Equipe Reda\u00e7\u00e3o\"},\"description\":\"Equipe de reda\u00e7\u00e3o \u00e9 um grupo de profissionais que trabalham juntos para criar conte\u00fado escrito para Motorista.com.br\",\"url\":\"https:\\\/\\\/motorista.com.br\\\/noticias\\\/author\\\/equiperedacao\\\/\"}]}<\/script>\n<!-- \/ Yoast SEO Premium plugin. -->","yoast_head_json":{"title":"Fundo imobili\u00e1rio processa inquilina inadimplente e afeta dividendos. - Motorista.com.br","robots":{"index":"index","follow":"follow","max-snippet":"max-snippet:-1","max-image-preview":"max-image-preview:large","max-video-preview":"max-video-preview:-1"},"canonical":"https:\/\/motorista.com.br\/noticias\/2026\/04\/30\/fundo-imobiliario-processa-inquilina-inadimplente-e-afeta-dividendos\/","og_locale":"pt_BR","og_type":"article","og_title":"Fundo imobili\u00e1rio processa inquilina inadimplente e afeta dividendos.","og_description":"A\u00e7\u00e3o de Despejo e Seus Impactos nos Motoristas e na Mobilidade O fundo imobili\u00e1rio BM Brascan Lajes Corporativas (BMLC11) moveu uma a\u00e7\u00e3o de despejo contra a locat\u00e1ria Organic Life, que se encontra inadimplente. Essa situa\u00e7\u00e3o pode gerar consequ\u00eancias n\u00e3o apenas financeiras, mas tamb\u00e9m para a mobilidade urbana e para motoristas, refletindo um panorama mais amplo &hellip;","og_url":"https:\/\/motorista.com.br\/noticias\/2026\/04\/30\/fundo-imobiliario-processa-inquilina-inadimplente-e-afeta-dividendos\/","og_site_name":"Motorista.com.br","article_published_time":"2026-04-30T15:22:25+00:00","author":"Equipe Reda\u00e7\u00e3o","twitter_card":"summary_large_image","twitter_misc":{"Escrito por":"Equipe Reda\u00e7\u00e3o","Est. tempo de leitura":"2 minutos","Written by":"Equipe Reda\u00e7\u00e3o"},"schema":{"@context":"https:\/\/schema.org","@graph":[{"@type":"Article","@id":"https:\/\/motorista.com.br\/noticias\/2026\/04\/30\/fundo-imobiliario-processa-inquilina-inadimplente-e-afeta-dividendos\/#article","isPartOf":{"@id":"https:\/\/motorista.com.br\/noticias\/2026\/04\/30\/fundo-imobiliario-processa-inquilina-inadimplente-e-afeta-dividendos\/"},"author":{"name":"Equipe Reda\u00e7\u00e3o","@id":"https:\/\/motorista.com.br\/noticias\/#\/schema\/person\/dc93afc2981c0e3ce6bc3c053fd847be"},"headline":"Fundo imobili\u00e1rio processa inquilina inadimplente e afeta dividendos.","datePublished":"2026-04-30T15:22:25+00:00","mainEntityOfPage":{"@id":"https:\/\/motorista.com.br\/noticias\/2026\/04\/30\/fundo-imobiliario-processa-inquilina-inadimplente-e-afeta-dividendos\/"},"wordCount":412,"publisher":{"@id":"https:\/\/motorista.com.br\/noticias\/#organization"},"image":{"@id":"https:\/\/motorista.com.br\/noticias\/2026\/04\/30\/fundo-imobiliario-processa-inquilina-inadimplente-e-afeta-dividendos\/#primaryimage"},"thumbnailUrl":"https:\/\/motorista.com.br\/noticias\/wp-content\/uploads\/2026\/04\/divida-endividamento-sem-dinheiro-renegociacao-inadimplencia-calote.jpg","articleSection":["Mercado Financeiro"],"inLanguage":"pt-BR"},{"@type":"WebPage","@id":"https:\/\/motorista.com.br\/noticias\/2026\/04\/30\/fundo-imobiliario-processa-inquilina-inadimplente-e-afeta-dividendos\/","url":"https:\/\/motorista.com.br\/noticias\/2026\/04\/30\/fundo-imobiliario-processa-inquilina-inadimplente-e-afeta-dividendos\/","name":"Fundo imobili\u00e1rio processa inquilina inadimplente e afeta dividendos. - Motorista.com.br","isPartOf":{"@id":"https:\/\/motorista.com.br\/noticias\/#website"},"primaryImageOfPage":{"@id":"https:\/\/motorista.com.br\/noticias\/2026\/04\/30\/fundo-imobiliario-processa-inquilina-inadimplente-e-afeta-dividendos\/#primaryimage"},"image":{"@id":"https:\/\/motorista.com.br\/noticias\/2026\/04\/30\/fundo-imobiliario-processa-inquilina-inadimplente-e-afeta-dividendos\/#primaryimage"},"thumbnailUrl":"https:\/\/motorista.com.br\/noticias\/wp-content\/uploads\/2026\/04\/divida-endividamento-sem-dinheiro-renegociacao-inadimplencia-calote.jpg","datePublished":"2026-04-30T15:22:25+00:00","breadcrumb":{"@id":"https:\/\/motorista.com.br\/noticias\/2026\/04\/30\/fundo-imobiliario-processa-inquilina-inadimplente-e-afeta-dividendos\/#breadcrumb"},"inLanguage":"pt-BR","potentialAction":[{"@type":"ReadAction","target":["https:\/\/motorista.com.br\/noticias\/2026\/04\/30\/fundo-imobiliario-processa-inquilina-inadimplente-e-afeta-dividendos\/"]}]},{"@type":"ImageObject","inLanguage":"pt-BR","@id":"https:\/\/motorista.com.br\/noticias\/2026\/04\/30\/fundo-imobiliario-processa-inquilina-inadimplente-e-afeta-dividendos\/#primaryimage","url":"https:\/\/motorista.com.br\/noticias\/wp-content\/uploads\/2026\/04\/divida-endividamento-sem-dinheiro-renegociacao-inadimplencia-calote.jpg","contentUrl":"https:\/\/motorista.com.br\/noticias\/wp-content\/uploads\/2026\/04\/divida-endividamento-sem-dinheiro-renegociacao-inadimplencia-calote.jpg","width":1280,"height":680},{"@type":"BreadcrumbList","@id":"https:\/\/motorista.com.br\/noticias\/2026\/04\/30\/fundo-imobiliario-processa-inquilina-inadimplente-e-afeta-dividendos\/#breadcrumb","itemListElement":[{"@type":"ListItem","position":1,"name":"In\u00edcio","item":"https:\/\/motorista.com.br\/noticias\/"},{"@type":"ListItem","position":2,"name":"Fundo imobili\u00e1rio processa inquilina inadimplente e afeta dividendos."}]},{"@type":"WebSite","@id":"https:\/\/motorista.com.br\/noticias\/#website","url":"https:\/\/motorista.com.br\/noticias\/","name":"Motorista.com.br","description":"Not\u00edcia do Motorista","publisher":{"@id":"https:\/\/motorista.com.br\/noticias\/#organization"},"potentialAction":[{"@type":"SearchAction","target":{"@type":"EntryPoint","urlTemplate":"https:\/\/motorista.com.br\/noticias\/?s={search_term_string}"},"query-input":{"@type":"PropertyValueSpecification","valueRequired":true,"valueName":"search_term_string"}}],"inLanguage":"pt-BR"},{"@type":"Organization","@id":"https:\/\/motorista.com.br\/noticias\/#organization","name":"Motorista.com.br","url":"https:\/\/motorista.com.br\/noticias\/","logo":{"@type":"ImageObject","inLanguage":"pt-BR","@id":"https:\/\/motorista.com.br\/noticias\/#\/schema\/logo\/image\/","url":"https:\/\/motorista.com.br\/noticias\/wp-content\/uploads\/2025\/06\/Design-sem-nome-9.png","contentUrl":"https:\/\/motorista.com.br\/noticias\/wp-content\/uploads\/2025\/06\/Design-sem-nome-9.png","width":150,"height":85,"caption":"Motorista.com.br"},"image":{"@id":"https:\/\/motorista.com.br\/noticias\/#\/schema\/logo\/image\/"}},{"@type":"Person","@id":"https:\/\/motorista.com.br\/noticias\/#\/schema\/person\/dc93afc2981c0e3ce6bc3c053fd847be","name":"Equipe Reda\u00e7\u00e3o","image":{"@type":"ImageObject","inLanguage":"pt-BR","@id":"https:\/\/secure.gravatar.com\/avatar\/4f525efbf18dd2bb300ccad28bfb99d95a9465a5ba268407c8c37b37e1f28d2d?s=96&d=mm&r=g9e099043a0c61e9ae27e293b9fa75ffc","url":"https:\/\/secure.gravatar.com\/avatar\/4f525efbf18dd2bb300ccad28bfb99d95a9465a5ba268407c8c37b37e1f28d2d?s=96&d=mm&r=g","contentUrl":"https:\/\/secure.gravatar.com\/avatar\/4f525efbf18dd2bb300ccad28bfb99d95a9465a5ba268407c8c37b37e1f28d2d?s=96&d=mm&r=g","caption":"Equipe Reda\u00e7\u00e3o"},"description":"Equipe de reda\u00e7\u00e3o \u00e9 um grupo de profissionais que trabalham juntos para criar conte\u00fado escrito para Motorista.com.br","url":"https:\/\/motorista.com.br\/noticias\/author\/equiperedacao\/"}]}},"_links":{"self":[{"href":"https:\/\/motorista.com.br\/noticias\/wp-json\/wp\/v2\/posts\/9373","targetHints":{"allow":["GET"]}}],"collection":[{"href":"https:\/\/motorista.com.br\/noticias\/wp-json\/wp\/v2\/posts"}],"about":[{"href":"https:\/\/motorista.com.br\/noticias\/wp-json\/wp\/v2\/types\/post"}],"author":[{"embeddable":true,"href":"https:\/\/motorista.com.br\/noticias\/wp-json\/wp\/v2\/users\/4"}],"replies":[{"embeddable":true,"href":"https:\/\/motorista.com.br\/noticias\/wp-json\/wp\/v2\/comments?post=9373"}],"version-history":[{"count":0,"href":"https:\/\/motorista.com.br\/noticias\/wp-json\/wp\/v2\/posts\/9373\/revisions"}],"wp:featuredmedia":[{"embeddable":true,"href":"https:\/\/motorista.com.br\/noticias\/wp-json\/wp\/v2\/media\/8260"}],"wp:attachment":[{"href":"https:\/\/motorista.com.br\/noticias\/wp-json\/wp\/v2\/media?parent=9373"}],"wp:term":[{"taxonomy":"category","embeddable":true,"href":"https:\/\/motorista.com.br\/noticias\/wp-json\/wp\/v2\/categories?post=9373"},{"taxonomy":"post_tag","embeddable":true,"href":"https:\/\/motorista.com.br\/noticias\/wp-json\/wp\/v2\/tags?post=9373"},{"taxonomy":"author","embeddable":true,"href":"https:\/\/motorista.com.br\/noticias\/wp-json\/wp\/v2\/coauthors?post=9373"}],"curies":[{"name":"wp","href":"https:\/\/api.w.org\/{rel}","templated":true}]}}