{"id":9371,"date":"2026-04-30T09:09:58","date_gmt":"2026-04-30T12:09:58","guid":{"rendered":"https:\/\/motorista.com.br\/noticias\/2026\/04\/30\/caminhoneiro-e-condenado-por-transportar-arma-com-licenca-expirada\/"},"modified":"2026-04-30T09:09:58","modified_gmt":"2026-04-30T12:09:58","slug":"caminhoneiro-e-condenado-por-transportar-arma-com-licenca-expirada","status":"publish","type":"post","link":"https:\/\/motorista.com.br\/noticias\/2026\/04\/30\/caminhoneiro-e-condenado-por-transportar-arma-com-licenca-expirada\/","title":{"rendered":"Caminhoneiro \u00e9 condenado por transportar arma com licen\u00e7a expirada."},"content":{"rendered":"<p><\/p>\n<h3>Caminhoneiro que Transportava Arma com Licen\u00e7a Vencida \u00e9 Condenado pela Justi\u00e7a<\/h3>\n<p>Um caminhoneiro foi condenado pelo porte ilegal de arma de fogo ap\u00f3s ser flagrado com um rev\u00f3lver dentro da cabine de seu caminh\u00e3o, na BR-364, em Mato Grosso. A decis\u00e3o foi mantida pela Segunda C\u00e2mara Criminal, que indeferiu o recurso da defesa e confirmou a senten\u00e7a.<\/p>\n<p>O incidente ocorreu quando policiais rodovi\u00e1rios federais abordaram o motorista e encontraram um rev\u00f3lver calibre .38 e muni\u00e7\u00f5es na cabine. Embora o motorista tivesse autoriza\u00e7\u00e3o para o transporte, o documento estava vencido h\u00e1 mais de dois meses e restrigia seu uso a trajetos entre cidades do Paran\u00e1 e de Santa Catarina, n\u00e3o incluindo Mato Grosso.<\/p>\n<p>A defesa argumentou erro de proibi\u00e7\u00e3o, alegando que o r\u00e9u n\u00e3o sabia que estava cometendo um crime ao transportar a arma fora das condi\u00e7\u00f5es autorizadas. Tamb\u00e9m foi solicitada a desclassifica\u00e7\u00e3o do crime para posse irregular, defendendo que a cabine do caminh\u00e3o deveria ser considerada um local de trabalho. Contudo, o relator do caso, desembargador Paulo S\u00e9rgio Carreira de Souza, afastou essa tese, afirmando que o motorista sabia das limita\u00e7\u00f5es impostas e optou por descumpri-las. <\/p>\n<p>A decis\u00e3o destacou que o erro de proibi\u00e7\u00e3o s\u00f3 se aplica quando o agente n\u00e3o compreende que sua conduta \u00e9 il\u00edcita, o que n\u00e3o foi o caso. Al\u00e9m disso, a C\u00e2mara rejeitou a desclassifica\u00e7\u00e3o do crime, ressaltando que a cabine n\u00e3o pode ser equiparada a um local de trabalho, dado que \u00e9 um ambiente m\u00f3vel. Como consequ\u00eancia, o transporte da arma em via p\u00fablica configurou o crime de porte ilegal, e n\u00e3o de posse.<\/p>\n<p>Esse julgamento levanta questionamentos sobre a seguran\u00e7a nas estradas e o impacto que a condu\u00e7\u00e3o irrespons\u00e1vel de ve\u00edculos pesados pode ter na mobilidade geral. O porte ilegal de armas por motoristas de caminh\u00f5es n\u00e3o apenas coloca em risco a vida do pr\u00f3prio condutor, mas tamb\u00e9m a de outros usu\u00e1rios das vias. A presen\u00e7a de armas nos ve\u00edculos pode criar um ambiente de tens\u00e3o e inseguran\u00e7a nas estradas, impactando n\u00e3o apenas a confian\u00e7a dos motoristas, mas tamb\u00e9m a efici\u00eancia do transporte rodovi\u00e1rio.<\/p>\n<p>Portanto, \u00e9 crucial que todos os motoristas estejam cientes das legisla\u00e7\u00f5es pertinentes e cumpram as normas, n\u00e3o apenas para evitar problemas legais, mas tamb\u00e9m para contribuir para um ambiente de mobilidade mais seguro e confi\u00e1vel para todos.<\/p>\n","protected":false},"excerpt":{"rendered":"<p>Caminhoneiro que Transportava Arma com Licen\u00e7a Vencida \u00e9 Condenado pela Justi\u00e7a Um caminhoneiro foi condenado pelo porte ilegal de arma de fogo ap\u00f3s ser flagrado com um rev\u00f3lver dentro da cabine de seu caminh\u00e3o, na BR-364, em Mato Grosso. A decis\u00e3o foi mantida pela Segunda C\u00e2mara Criminal, que indeferiu o recurso da defesa e confirmou &hellip;<\/p>\n","protected":false},"author":4,"featured_media":9372,"comment_status":"","ping_status":"open","sticky":false,"template":"","format":"standard","meta":{"footnotes":""},"categories":[78,77],"tags":[],"coauthors":[42],"class_list":["post-9371","post","type-post","status-publish","format-standard","has-post-thumbnail","hentry","category-carreteiro","category-motorista"],"yoast_head":"<!-- This site is optimized with the Yoast SEO Premium plugin v25.5 (Yoast SEO v27.5) - https:\/\/yoast.com\/product\/yoast-seo-premium-wordpress\/ -->\n<title>Caminhoneiro \u00e9 condenado por transportar arma com licen\u00e7a expirada. - Motorista.com.br<\/title>\n<meta name=\"robots\" content=\"index, follow, max-snippet:-1, max-image-preview:large, max-video-preview:-1\" \/>\n<link rel=\"canonical\" href=\"https:\/\/motorista.com.br\/noticias\/2026\/04\/30\/caminhoneiro-e-condenado-por-transportar-arma-com-licenca-expirada\/\" \/>\n<meta property=\"og:locale\" content=\"pt_BR\" \/>\n<meta property=\"og:type\" content=\"article\" \/>\n<meta property=\"og:title\" content=\"Caminhoneiro \u00e9 condenado por transportar arma com licen\u00e7a expirada.\" \/>\n<meta property=\"og:description\" content=\"Caminhoneiro que Transportava Arma com Licen\u00e7a Vencida \u00e9 Condenado pela Justi\u00e7a Um caminhoneiro foi condenado pelo porte ilegal de arma de fogo ap\u00f3s ser flagrado com um rev\u00f3lver dentro da cabine de seu caminh\u00e3o, na BR-364, em Mato Grosso. A decis\u00e3o foi mantida pela Segunda C\u00e2mara Criminal, que indeferiu o recurso da defesa e confirmou &hellip;\" \/>\n<meta property=\"og:url\" content=\"https:\/\/motorista.com.br\/noticias\/2026\/04\/30\/caminhoneiro-e-condenado-por-transportar-arma-com-licenca-expirada\/\" \/>\n<meta property=\"og:site_name\" content=\"Motorista.com.br\" \/>\n<meta property=\"article:published_time\" content=\"2026-04-30T12:09:58+00:00\" \/>\n<meta name=\"author\" content=\"Equipe Reda\u00e7\u00e3o\" \/>\n<meta name=\"twitter:card\" content=\"summary_large_image\" \/>\n<meta name=\"twitter:label1\" content=\"Escrito por\" \/>\n\t<meta name=\"twitter:data1\" content=\"Equipe Reda\u00e7\u00e3o\" \/>\n\t<meta name=\"twitter:label2\" content=\"Est. tempo de leitura\" \/>\n\t<meta name=\"twitter:data2\" content=\"2 minutos\" \/>\n\t<meta name=\"twitter:label3\" content=\"Written by\" \/>\n\t<meta name=\"twitter:data3\" content=\"Equipe Reda\u00e7\u00e3o\" \/>\n<script type=\"application\/ld+json\" class=\"yoast-schema-graph\">{\"@context\":\"https:\\\/\\\/schema.org\",\"@graph\":[{\"@type\":\"Article\",\"@id\":\"https:\\\/\\\/motorista.com.br\\\/noticias\\\/2026\\\/04\\\/30\\\/caminhoneiro-e-condenado-por-transportar-arma-com-licenca-expirada\\\/#article\",\"isPartOf\":{\"@id\":\"https:\\\/\\\/motorista.com.br\\\/noticias\\\/2026\\\/04\\\/30\\\/caminhoneiro-e-condenado-por-transportar-arma-com-licenca-expirada\\\/\"},\"author\":{\"name\":\"Equipe Reda\u00e7\u00e3o\",\"@id\":\"https:\\\/\\\/motorista.com.br\\\/noticias\\\/#\\\/schema\\\/person\\\/dc93afc2981c0e3ce6bc3c053fd847be\"},\"headline\":\"Caminhoneiro \u00e9 condenado por transportar arma com licen\u00e7a expirada.\",\"datePublished\":\"2026-04-30T12:09:58+00:00\",\"mainEntityOfPage\":{\"@id\":\"https:\\\/\\\/motorista.com.br\\\/noticias\\\/2026\\\/04\\\/30\\\/caminhoneiro-e-condenado-por-transportar-arma-com-licenca-expirada\\\/\"},\"wordCount\":439,\"publisher\":{\"@id\":\"https:\\\/\\\/motorista.com.br\\\/noticias\\\/#organization\"},\"image\":{\"@id\":\"https:\\\/\\\/motorista.com.br\\\/noticias\\\/2026\\\/04\\\/30\\\/caminhoneiro-e-condenado-por-transportar-arma-com-licenca-expirada\\\/#primaryimage\"},\"thumbnailUrl\":\"https:\\\/\\\/motorista.com.br\\\/noticias\\\/wp-content\\\/uploads\\\/2026\\\/04\\\/caminhoneiro-arma.jpg\",\"articleSection\":[\"Carreteiro\",\"Motorista\"],\"inLanguage\":\"pt-BR\"},{\"@type\":\"WebPage\",\"@id\":\"https:\\\/\\\/motorista.com.br\\\/noticias\\\/2026\\\/04\\\/30\\\/caminhoneiro-e-condenado-por-transportar-arma-com-licenca-expirada\\\/\",\"url\":\"https:\\\/\\\/motorista.com.br\\\/noticias\\\/2026\\\/04\\\/30\\\/caminhoneiro-e-condenado-por-transportar-arma-com-licenca-expirada\\\/\",\"name\":\"Caminhoneiro \u00e9 condenado por transportar arma com licen\u00e7a expirada. - Motorista.com.br\",\"isPartOf\":{\"@id\":\"https:\\\/\\\/motorista.com.br\\\/noticias\\\/#website\"},\"primaryImageOfPage\":{\"@id\":\"https:\\\/\\\/motorista.com.br\\\/noticias\\\/2026\\\/04\\\/30\\\/caminhoneiro-e-condenado-por-transportar-arma-com-licenca-expirada\\\/#primaryimage\"},\"image\":{\"@id\":\"https:\\\/\\\/motorista.com.br\\\/noticias\\\/2026\\\/04\\\/30\\\/caminhoneiro-e-condenado-por-transportar-arma-com-licenca-expirada\\\/#primaryimage\"},\"thumbnailUrl\":\"https:\\\/\\\/motorista.com.br\\\/noticias\\\/wp-content\\\/uploads\\\/2026\\\/04\\\/caminhoneiro-arma.jpg\",\"datePublished\":\"2026-04-30T12:09:58+00:00\",\"breadcrumb\":{\"@id\":\"https:\\\/\\\/motorista.com.br\\\/noticias\\\/2026\\\/04\\\/30\\\/caminhoneiro-e-condenado-por-transportar-arma-com-licenca-expirada\\\/#breadcrumb\"},\"inLanguage\":\"pt-BR\",\"potentialAction\":[{\"@type\":\"ReadAction\",\"target\":[\"https:\\\/\\\/motorista.com.br\\\/noticias\\\/2026\\\/04\\\/30\\\/caminhoneiro-e-condenado-por-transportar-arma-com-licenca-expirada\\\/\"]}]},{\"@type\":\"ImageObject\",\"inLanguage\":\"pt-BR\",\"@id\":\"https:\\\/\\\/motorista.com.br\\\/noticias\\\/2026\\\/04\\\/30\\\/caminhoneiro-e-condenado-por-transportar-arma-com-licenca-expirada\\\/#primaryimage\",\"url\":\"https:\\\/\\\/motorista.com.br\\\/noticias\\\/wp-content\\\/uploads\\\/2026\\\/04\\\/caminhoneiro-arma.jpg\",\"contentUrl\":\"https:\\\/\\\/motorista.com.br\\\/noticias\\\/wp-content\\\/uploads\\\/2026\\\/04\\\/caminhoneiro-arma.jpg\",\"width\":1205,\"height\":904},{\"@type\":\"BreadcrumbList\",\"@id\":\"https:\\\/\\\/motorista.com.br\\\/noticias\\\/2026\\\/04\\\/30\\\/caminhoneiro-e-condenado-por-transportar-arma-com-licenca-expirada\\\/#breadcrumb\",\"itemListElement\":[{\"@type\":\"ListItem\",\"position\":1,\"name\":\"In\u00edcio\",\"item\":\"https:\\\/\\\/motorista.com.br\\\/noticias\\\/\"},{\"@type\":\"ListItem\",\"position\":2,\"name\":\"Caminhoneiro \u00e9 condenado por transportar arma com licen\u00e7a expirada.\"}]},{\"@type\":\"WebSite\",\"@id\":\"https:\\\/\\\/motorista.com.br\\\/noticias\\\/#website\",\"url\":\"https:\\\/\\\/motorista.com.br\\\/noticias\\\/\",\"name\":\"Motorista.com.br\",\"description\":\"Not\u00edcia do Motorista\",\"publisher\":{\"@id\":\"https:\\\/\\\/motorista.com.br\\\/noticias\\\/#organization\"},\"potentialAction\":[{\"@type\":\"SearchAction\",\"target\":{\"@type\":\"EntryPoint\",\"urlTemplate\":\"https:\\\/\\\/motorista.com.br\\\/noticias\\\/?s={search_term_string}\"},\"query-input\":{\"@type\":\"PropertyValueSpecification\",\"valueRequired\":true,\"valueName\":\"search_term_string\"}}],\"inLanguage\":\"pt-BR\"},{\"@type\":\"Organization\",\"@id\":\"https:\\\/\\\/motorista.com.br\\\/noticias\\\/#organization\",\"name\":\"Motorista.com.br\",\"url\":\"https:\\\/\\\/motorista.com.br\\\/noticias\\\/\",\"logo\":{\"@type\":\"ImageObject\",\"inLanguage\":\"pt-BR\",\"@id\":\"https:\\\/\\\/motorista.com.br\\\/noticias\\\/#\\\/schema\\\/logo\\\/image\\\/\",\"url\":\"https:\\\/\\\/motorista.com.br\\\/noticias\\\/wp-content\\\/uploads\\\/2025\\\/06\\\/Design-sem-nome-9.png\",\"contentUrl\":\"https:\\\/\\\/motorista.com.br\\\/noticias\\\/wp-content\\\/uploads\\\/2025\\\/06\\\/Design-sem-nome-9.png\",\"width\":150,\"height\":85,\"caption\":\"Motorista.com.br\"},\"image\":{\"@id\":\"https:\\\/\\\/motorista.com.br\\\/noticias\\\/#\\\/schema\\\/logo\\\/image\\\/\"}},{\"@type\":\"Person\",\"@id\":\"https:\\\/\\\/motorista.com.br\\\/noticias\\\/#\\\/schema\\\/person\\\/dc93afc2981c0e3ce6bc3c053fd847be\",\"name\":\"Equipe Reda\u00e7\u00e3o\",\"image\":{\"@type\":\"ImageObject\",\"inLanguage\":\"pt-BR\",\"@id\":\"https:\\\/\\\/secure.gravatar.com\\\/avatar\\\/4f525efbf18dd2bb300ccad28bfb99d95a9465a5ba268407c8c37b37e1f28d2d?s=96&d=mm&r=g9e099043a0c61e9ae27e293b9fa75ffc\",\"url\":\"https:\\\/\\\/secure.gravatar.com\\\/avatar\\\/4f525efbf18dd2bb300ccad28bfb99d95a9465a5ba268407c8c37b37e1f28d2d?s=96&d=mm&r=g\",\"contentUrl\":\"https:\\\/\\\/secure.gravatar.com\\\/avatar\\\/4f525efbf18dd2bb300ccad28bfb99d95a9465a5ba268407c8c37b37e1f28d2d?s=96&d=mm&r=g\",\"caption\":\"Equipe Reda\u00e7\u00e3o\"},\"description\":\"Equipe de reda\u00e7\u00e3o \u00e9 um grupo de profissionais que trabalham juntos para criar conte\u00fado escrito para Motorista.com.br\",\"url\":\"https:\\\/\\\/motorista.com.br\\\/noticias\\\/author\\\/equiperedacao\\\/\"}]}<\/script>\n<!-- \/ Yoast SEO Premium plugin. -->","yoast_head_json":{"title":"Caminhoneiro \u00e9 condenado por transportar arma com licen\u00e7a expirada. - Motorista.com.br","robots":{"index":"index","follow":"follow","max-snippet":"max-snippet:-1","max-image-preview":"max-image-preview:large","max-video-preview":"max-video-preview:-1"},"canonical":"https:\/\/motorista.com.br\/noticias\/2026\/04\/30\/caminhoneiro-e-condenado-por-transportar-arma-com-licenca-expirada\/","og_locale":"pt_BR","og_type":"article","og_title":"Caminhoneiro \u00e9 condenado por transportar arma com licen\u00e7a expirada.","og_description":"Caminhoneiro que Transportava Arma com Licen\u00e7a Vencida \u00e9 Condenado pela Justi\u00e7a Um caminhoneiro foi condenado pelo porte ilegal de arma de fogo ap\u00f3s ser flagrado com um rev\u00f3lver dentro da cabine de seu caminh\u00e3o, na BR-364, em Mato Grosso. A decis\u00e3o foi mantida pela Segunda C\u00e2mara Criminal, que indeferiu o recurso da defesa e confirmou &hellip;","og_url":"https:\/\/motorista.com.br\/noticias\/2026\/04\/30\/caminhoneiro-e-condenado-por-transportar-arma-com-licenca-expirada\/","og_site_name":"Motorista.com.br","article_published_time":"2026-04-30T12:09:58+00:00","author":"Equipe Reda\u00e7\u00e3o","twitter_card":"summary_large_image","twitter_misc":{"Escrito por":"Equipe Reda\u00e7\u00e3o","Est. tempo de leitura":"2 minutos","Written by":"Equipe Reda\u00e7\u00e3o"},"schema":{"@context":"https:\/\/schema.org","@graph":[{"@type":"Article","@id":"https:\/\/motorista.com.br\/noticias\/2026\/04\/30\/caminhoneiro-e-condenado-por-transportar-arma-com-licenca-expirada\/#article","isPartOf":{"@id":"https:\/\/motorista.com.br\/noticias\/2026\/04\/30\/caminhoneiro-e-condenado-por-transportar-arma-com-licenca-expirada\/"},"author":{"name":"Equipe Reda\u00e7\u00e3o","@id":"https:\/\/motorista.com.br\/noticias\/#\/schema\/person\/dc93afc2981c0e3ce6bc3c053fd847be"},"headline":"Caminhoneiro \u00e9 condenado por transportar arma com licen\u00e7a expirada.","datePublished":"2026-04-30T12:09:58+00:00","mainEntityOfPage":{"@id":"https:\/\/motorista.com.br\/noticias\/2026\/04\/30\/caminhoneiro-e-condenado-por-transportar-arma-com-licenca-expirada\/"},"wordCount":439,"publisher":{"@id":"https:\/\/motorista.com.br\/noticias\/#organization"},"image":{"@id":"https:\/\/motorista.com.br\/noticias\/2026\/04\/30\/caminhoneiro-e-condenado-por-transportar-arma-com-licenca-expirada\/#primaryimage"},"thumbnailUrl":"https:\/\/motorista.com.br\/noticias\/wp-content\/uploads\/2026\/04\/caminhoneiro-arma.jpg","articleSection":["Carreteiro","Motorista"],"inLanguage":"pt-BR"},{"@type":"WebPage","@id":"https:\/\/motorista.com.br\/noticias\/2026\/04\/30\/caminhoneiro-e-condenado-por-transportar-arma-com-licenca-expirada\/","url":"https:\/\/motorista.com.br\/noticias\/2026\/04\/30\/caminhoneiro-e-condenado-por-transportar-arma-com-licenca-expirada\/","name":"Caminhoneiro \u00e9 condenado por transportar arma com licen\u00e7a expirada. - Motorista.com.br","isPartOf":{"@id":"https:\/\/motorista.com.br\/noticias\/#website"},"primaryImageOfPage":{"@id":"https:\/\/motorista.com.br\/noticias\/2026\/04\/30\/caminhoneiro-e-condenado-por-transportar-arma-com-licenca-expirada\/#primaryimage"},"image":{"@id":"https:\/\/motorista.com.br\/noticias\/2026\/04\/30\/caminhoneiro-e-condenado-por-transportar-arma-com-licenca-expirada\/#primaryimage"},"thumbnailUrl":"https:\/\/motorista.com.br\/noticias\/wp-content\/uploads\/2026\/04\/caminhoneiro-arma.jpg","datePublished":"2026-04-30T12:09:58+00:00","breadcrumb":{"@id":"https:\/\/motorista.com.br\/noticias\/2026\/04\/30\/caminhoneiro-e-condenado-por-transportar-arma-com-licenca-expirada\/#breadcrumb"},"inLanguage":"pt-BR","potentialAction":[{"@type":"ReadAction","target":["https:\/\/motorista.com.br\/noticias\/2026\/04\/30\/caminhoneiro-e-condenado-por-transportar-arma-com-licenca-expirada\/"]}]},{"@type":"ImageObject","inLanguage":"pt-BR","@id":"https:\/\/motorista.com.br\/noticias\/2026\/04\/30\/caminhoneiro-e-condenado-por-transportar-arma-com-licenca-expirada\/#primaryimage","url":"https:\/\/motorista.com.br\/noticias\/wp-content\/uploads\/2026\/04\/caminhoneiro-arma.jpg","contentUrl":"https:\/\/motorista.com.br\/noticias\/wp-content\/uploads\/2026\/04\/caminhoneiro-arma.jpg","width":1205,"height":904},{"@type":"BreadcrumbList","@id":"https:\/\/motorista.com.br\/noticias\/2026\/04\/30\/caminhoneiro-e-condenado-por-transportar-arma-com-licenca-expirada\/#breadcrumb","itemListElement":[{"@type":"ListItem","position":1,"name":"In\u00edcio","item":"https:\/\/motorista.com.br\/noticias\/"},{"@type":"ListItem","position":2,"name":"Caminhoneiro \u00e9 condenado por transportar arma com licen\u00e7a expirada."}]},{"@type":"WebSite","@id":"https:\/\/motorista.com.br\/noticias\/#website","url":"https:\/\/motorista.com.br\/noticias\/","name":"Motorista.com.br","description":"Not\u00edcia do Motorista","publisher":{"@id":"https:\/\/motorista.com.br\/noticias\/#organization"},"potentialAction":[{"@type":"SearchAction","target":{"@type":"EntryPoint","urlTemplate":"https:\/\/motorista.com.br\/noticias\/?s={search_term_string}"},"query-input":{"@type":"PropertyValueSpecification","valueRequired":true,"valueName":"search_term_string"}}],"inLanguage":"pt-BR"},{"@type":"Organization","@id":"https:\/\/motorista.com.br\/noticias\/#organization","name":"Motorista.com.br","url":"https:\/\/motorista.com.br\/noticias\/","logo":{"@type":"ImageObject","inLanguage":"pt-BR","@id":"https:\/\/motorista.com.br\/noticias\/#\/schema\/logo\/image\/","url":"https:\/\/motorista.com.br\/noticias\/wp-content\/uploads\/2025\/06\/Design-sem-nome-9.png","contentUrl":"https:\/\/motorista.com.br\/noticias\/wp-content\/uploads\/2025\/06\/Design-sem-nome-9.png","width":150,"height":85,"caption":"Motorista.com.br"},"image":{"@id":"https:\/\/motorista.com.br\/noticias\/#\/schema\/logo\/image\/"}},{"@type":"Person","@id":"https:\/\/motorista.com.br\/noticias\/#\/schema\/person\/dc93afc2981c0e3ce6bc3c053fd847be","name":"Equipe Reda\u00e7\u00e3o","image":{"@type":"ImageObject","inLanguage":"pt-BR","@id":"https:\/\/secure.gravatar.com\/avatar\/4f525efbf18dd2bb300ccad28bfb99d95a9465a5ba268407c8c37b37e1f28d2d?s=96&d=mm&r=g9e099043a0c61e9ae27e293b9fa75ffc","url":"https:\/\/secure.gravatar.com\/avatar\/4f525efbf18dd2bb300ccad28bfb99d95a9465a5ba268407c8c37b37e1f28d2d?s=96&d=mm&r=g","contentUrl":"https:\/\/secure.gravatar.com\/avatar\/4f525efbf18dd2bb300ccad28bfb99d95a9465a5ba268407c8c37b37e1f28d2d?s=96&d=mm&r=g","caption":"Equipe Reda\u00e7\u00e3o"},"description":"Equipe de reda\u00e7\u00e3o \u00e9 um grupo de profissionais que trabalham juntos para criar conte\u00fado escrito para Motorista.com.br","url":"https:\/\/motorista.com.br\/noticias\/author\/equiperedacao\/"}]}},"_links":{"self":[{"href":"https:\/\/motorista.com.br\/noticias\/wp-json\/wp\/v2\/posts\/9371","targetHints":{"allow":["GET"]}}],"collection":[{"href":"https:\/\/motorista.com.br\/noticias\/wp-json\/wp\/v2\/posts"}],"about":[{"href":"https:\/\/motorista.com.br\/noticias\/wp-json\/wp\/v2\/types\/post"}],"author":[{"embeddable":true,"href":"https:\/\/motorista.com.br\/noticias\/wp-json\/wp\/v2\/users\/4"}],"replies":[{"embeddable":true,"href":"https:\/\/motorista.com.br\/noticias\/wp-json\/wp\/v2\/comments?post=9371"}],"version-history":[{"count":0,"href":"https:\/\/motorista.com.br\/noticias\/wp-json\/wp\/v2\/posts\/9371\/revisions"}],"wp:featuredmedia":[{"embeddable":true,"href":"https:\/\/motorista.com.br\/noticias\/wp-json\/wp\/v2\/media\/9372"}],"wp:attachment":[{"href":"https:\/\/motorista.com.br\/noticias\/wp-json\/wp\/v2\/media?parent=9371"}],"wp:term":[{"taxonomy":"category","embeddable":true,"href":"https:\/\/motorista.com.br\/noticias\/wp-json\/wp\/v2\/categories?post=9371"},{"taxonomy":"post_tag","embeddable":true,"href":"https:\/\/motorista.com.br\/noticias\/wp-json\/wp\/v2\/tags?post=9371"},{"taxonomy":"author","embeddable":true,"href":"https:\/\/motorista.com.br\/noticias\/wp-json\/wp\/v2\/coauthors?post=9371"}],"curies":[{"name":"wp","href":"https:\/\/api.w.org\/{rel}","templated":true}]}}