{"id":9369,"date":"2026-04-30T08:44:40","date_gmt":"2026-04-30T11:44:40","guid":{"rendered":"https:\/\/motorista.com.br\/noticias\/2026\/04\/30\/prf-intensifica-controle-e-impoe-restricoes-nas-estradas-do-parana\/"},"modified":"2026-04-30T08:44:40","modified_gmt":"2026-04-30T11:44:40","slug":"prf-intensifica-controle-e-impoe-restricoes-nas-estradas-do-parana","status":"publish","type":"post","link":"https:\/\/motorista.com.br\/noticias\/2026\/04\/30\/prf-intensifica-controle-e-impoe-restricoes-nas-estradas-do-parana\/","title":{"rendered":"PRF intensifica controle e imp\u00f5e restri\u00e7\u00f5es nas estradas do Paran\u00e1."},"content":{"rendered":"<p>A Pol\u00edcia Rodovi\u00e1ria Federal (PRF) intensificar\u00e1 a fiscaliza\u00e7\u00e3o nas rodovias federais do Paran\u00e1 entre 30 de abril e 3 de maio, em raz\u00e3o do feriado do Dia do Trabalho. A opera\u00e7\u00e3o visa n\u00e3o apenas coibir comportamentos de risco, mas tamb\u00e9m aumentar a seguran\u00e7a vi\u00e1ria, especialmente em trechos cr\u00edticos que costumam apresentar \u00edndices elevados de acidentes.<\/p>\n<p>Com a expectativa de um aumento no fluxo de ve\u00edculos, devido a viagens de lazer, a a\u00e7\u00e3o se concentrou nas infra\u00e7\u00f5es mais perigosas, como excesso de velocidade, ultrapassagens proibidas e dire\u00e7\u00e3o sob efeito de \u00e1lcool. Durante essa opera\u00e7\u00e3o, h\u00e1 tamb\u00e9m restri\u00e7\u00f5es para ve\u00edculos de carga em hor\u00e1rios de maior movimento, o que pode ser um fator positivo para aliviar os congestionamentos e tornar as estradas mais seguras para todos.<\/p>\n<p>Essas medidas podem contribuir para uma mobilidade mais eficiente, reduzindo o risco de acidentes e melhorando a fluidez no tr\u00e2nsito. A presen\u00e7a intensificada da PRF n\u00e3o apenas atua na repress\u00e3o, mas tamb\u00e9m inclui um componente educativo, visando conscientizar motoristas e passageiros sobre a import\u00e2ncia de pr\u00e1ticas seguras na condu\u00e7\u00e3o.<\/p>\n<p>As restri\u00e7\u00f5es para ve\u00edculos de carga, que incluem limita\u00e7\u00f5es de tamanho e peso, s\u00e3o um passo importante para garantir a seguran\u00e7a em rodovias de pista simples. Essas medidas visam minimizar riscos e proporcionar um ambiente de tr\u00e2nsito mais seguro, especialmente em hor\u00e1rios cr\u00edticos, como os definidos para esta opera\u00e7\u00e3o.<\/p>\n<p>A PRF ainda sugere que motoristas revisem seus ve\u00edculos, planejem suas viagens e sigam recomenda\u00e7\u00f5es b\u00e1sicas, como descansar adequadamente antes de dirigir e respeitar os limites de velocidade. Essas orienta\u00e7\u00f5es s\u00e3o essenciais n\u00e3o apenas para garantir a seguran\u00e7a pr\u00f3pria, mas tamb\u00e9m para o bem-estar de todos que compartilham a estrada.<\/p>\n<p>Em suma, as iniciativas da PRF durante este feriado visam fortalecer n\u00e3o s\u00f3 a seguran\u00e7a, mas tamb\u00e9m promover um fluxo mais seguro e organizado nas rodovias, beneficiando diretamente motoristas e contribuindo para uma mobilidade mais sustent\u00e1vel e eficiente.<\/p>\n","protected":false},"excerpt":{"rendered":"<p>A Pol\u00edcia Rodovi\u00e1ria Federal (PRF) intensificar\u00e1 a fiscaliza\u00e7\u00e3o nas rodovias federais do Paran\u00e1 entre 30 de abril e 3 de maio, em raz\u00e3o do feriado do Dia do Trabalho. A opera\u00e7\u00e3o visa n\u00e3o apenas coibir comportamentos de risco, mas tamb\u00e9m aumentar a seguran\u00e7a vi\u00e1ria, especialmente em trechos cr\u00edticos que costumam apresentar \u00edndices elevados de acidentes. &hellip;<\/p>\n","protected":false},"author":4,"featured_media":9370,"comment_status":"","ping_status":"open","sticky":false,"template":"","format":"standard","meta":{"footnotes":""},"categories":[45],"tags":[],"coauthors":[42],"class_list":["post-9369","post","type-post","status-publish","format-standard","has-post-thumbnail","hentry","category-mundo"],"yoast_head":"<!-- This site is optimized with the Yoast SEO Premium plugin v25.5 (Yoast SEO v27.5) - https:\/\/yoast.com\/product\/yoast-seo-premium-wordpress\/ -->\n<title>PRF intensifica controle e imp\u00f5e restri\u00e7\u00f5es nas estradas do Paran\u00e1. - Motorista.com.br<\/title>\n<meta name=\"robots\" content=\"index, follow, max-snippet:-1, max-image-preview:large, max-video-preview:-1\" \/>\n<link rel=\"canonical\" href=\"https:\/\/motorista.com.br\/noticias\/2026\/04\/30\/prf-intensifica-controle-e-impoe-restricoes-nas-estradas-do-parana\/\" \/>\n<meta property=\"og:locale\" content=\"pt_BR\" \/>\n<meta property=\"og:type\" content=\"article\" \/>\n<meta property=\"og:title\" content=\"PRF intensifica controle e imp\u00f5e restri\u00e7\u00f5es nas estradas do Paran\u00e1.\" \/>\n<meta property=\"og:description\" content=\"A Pol\u00edcia Rodovi\u00e1ria Federal (PRF) intensificar\u00e1 a fiscaliza\u00e7\u00e3o nas rodovias federais do Paran\u00e1 entre 30 de abril e 3 de maio, em raz\u00e3o do feriado do Dia do Trabalho. A opera\u00e7\u00e3o visa n\u00e3o apenas coibir comportamentos de risco, mas tamb\u00e9m aumentar a seguran\u00e7a vi\u00e1ria, especialmente em trechos cr\u00edticos que costumam apresentar \u00edndices elevados de acidentes. &hellip;\" \/>\n<meta property=\"og:url\" content=\"https:\/\/motorista.com.br\/noticias\/2026\/04\/30\/prf-intensifica-controle-e-impoe-restricoes-nas-estradas-do-parana\/\" \/>\n<meta property=\"og:site_name\" content=\"Motorista.com.br\" \/>\n<meta property=\"article:published_time\" content=\"2026-04-30T11:44:40+00:00\" \/>\n<meta name=\"author\" content=\"Equipe Reda\u00e7\u00e3o\" \/>\n<meta name=\"twitter:card\" content=\"summary_large_image\" \/>\n<meta name=\"twitter:label1\" content=\"Escrito por\" \/>\n\t<meta name=\"twitter:data1\" content=\"Equipe Reda\u00e7\u00e3o\" \/>\n\t<meta name=\"twitter:label2\" content=\"Est. tempo de leitura\" \/>\n\t<meta name=\"twitter:data2\" content=\"2 minutos\" \/>\n\t<meta name=\"twitter:label3\" content=\"Written by\" \/>\n\t<meta name=\"twitter:data3\" content=\"Equipe Reda\u00e7\u00e3o\" \/>\n<script type=\"application\/ld+json\" class=\"yoast-schema-graph\">{\"@context\":\"https:\\\/\\\/schema.org\",\"@graph\":[{\"@type\":\"Article\",\"@id\":\"https:\\\/\\\/motorista.com.br\\\/noticias\\\/2026\\\/04\\\/30\\\/prf-intensifica-controle-e-impoe-restricoes-nas-estradas-do-parana\\\/#article\",\"isPartOf\":{\"@id\":\"https:\\\/\\\/motorista.com.br\\\/noticias\\\/2026\\\/04\\\/30\\\/prf-intensifica-controle-e-impoe-restricoes-nas-estradas-do-parana\\\/\"},\"author\":{\"name\":\"Equipe Reda\u00e7\u00e3o\",\"@id\":\"https:\\\/\\\/motorista.com.br\\\/noticias\\\/#\\\/schema\\\/person\\\/dc93afc2981c0e3ce6bc3c053fd847be\"},\"headline\":\"PRF intensifica controle e imp\u00f5e restri\u00e7\u00f5es nas estradas do Paran\u00e1.\",\"datePublished\":\"2026-04-30T11:44:40+00:00\",\"mainEntityOfPage\":{\"@id\":\"https:\\\/\\\/motorista.com.br\\\/noticias\\\/2026\\\/04\\\/30\\\/prf-intensifica-controle-e-impoe-restricoes-nas-estradas-do-parana\\\/\"},\"wordCount\":369,\"publisher\":{\"@id\":\"https:\\\/\\\/motorista.com.br\\\/noticias\\\/#organization\"},\"image\":{\"@id\":\"https:\\\/\\\/motorista.com.br\\\/noticias\\\/2026\\\/04\\\/30\\\/prf-intensifica-controle-e-impoe-restricoes-nas-estradas-do-parana\\\/#primaryimage\"},\"thumbnailUrl\":\"https:\\\/\\\/motorista.com.br\\\/noticias\\\/wp-content\\\/uploads\\\/2026\\\/04\\\/20260429172957_ogImage_24.jpg\",\"articleSection\":[\"Mundo\"],\"inLanguage\":\"pt-BR\"},{\"@type\":\"WebPage\",\"@id\":\"https:\\\/\\\/motorista.com.br\\\/noticias\\\/2026\\\/04\\\/30\\\/prf-intensifica-controle-e-impoe-restricoes-nas-estradas-do-parana\\\/\",\"url\":\"https:\\\/\\\/motorista.com.br\\\/noticias\\\/2026\\\/04\\\/30\\\/prf-intensifica-controle-e-impoe-restricoes-nas-estradas-do-parana\\\/\",\"name\":\"PRF intensifica controle e imp\u00f5e restri\u00e7\u00f5es nas estradas do Paran\u00e1. - Motorista.com.br\",\"isPartOf\":{\"@id\":\"https:\\\/\\\/motorista.com.br\\\/noticias\\\/#website\"},\"primaryImageOfPage\":{\"@id\":\"https:\\\/\\\/motorista.com.br\\\/noticias\\\/2026\\\/04\\\/30\\\/prf-intensifica-controle-e-impoe-restricoes-nas-estradas-do-parana\\\/#primaryimage\"},\"image\":{\"@id\":\"https:\\\/\\\/motorista.com.br\\\/noticias\\\/2026\\\/04\\\/30\\\/prf-intensifica-controle-e-impoe-restricoes-nas-estradas-do-parana\\\/#primaryimage\"},\"thumbnailUrl\":\"https:\\\/\\\/motorista.com.br\\\/noticias\\\/wp-content\\\/uploads\\\/2026\\\/04\\\/20260429172957_ogImage_24.jpg\",\"datePublished\":\"2026-04-30T11:44:40+00:00\",\"breadcrumb\":{\"@id\":\"https:\\\/\\\/motorista.com.br\\\/noticias\\\/2026\\\/04\\\/30\\\/prf-intensifica-controle-e-impoe-restricoes-nas-estradas-do-parana\\\/#breadcrumb\"},\"inLanguage\":\"pt-BR\",\"potentialAction\":[{\"@type\":\"ReadAction\",\"target\":[\"https:\\\/\\\/motorista.com.br\\\/noticias\\\/2026\\\/04\\\/30\\\/prf-intensifica-controle-e-impoe-restricoes-nas-estradas-do-parana\\\/\"]}]},{\"@type\":\"ImageObject\",\"inLanguage\":\"pt-BR\",\"@id\":\"https:\\\/\\\/motorista.com.br\\\/noticias\\\/2026\\\/04\\\/30\\\/prf-intensifica-controle-e-impoe-restricoes-nas-estradas-do-parana\\\/#primaryimage\",\"url\":\"https:\\\/\\\/motorista.com.br\\\/noticias\\\/wp-content\\\/uploads\\\/2026\\\/04\\\/20260429172957_ogImage_24.jpg\",\"contentUrl\":\"https:\\\/\\\/motorista.com.br\\\/noticias\\\/wp-content\\\/uploads\\\/2026\\\/04\\\/20260429172957_ogImage_24.jpg\",\"width\":730,\"height\":400},{\"@type\":\"BreadcrumbList\",\"@id\":\"https:\\\/\\\/motorista.com.br\\\/noticias\\\/2026\\\/04\\\/30\\\/prf-intensifica-controle-e-impoe-restricoes-nas-estradas-do-parana\\\/#breadcrumb\",\"itemListElement\":[{\"@type\":\"ListItem\",\"position\":1,\"name\":\"In\u00edcio\",\"item\":\"https:\\\/\\\/motorista.com.br\\\/noticias\\\/\"},{\"@type\":\"ListItem\",\"position\":2,\"name\":\"PRF intensifica controle e imp\u00f5e restri\u00e7\u00f5es nas estradas do Paran\u00e1.\"}]},{\"@type\":\"WebSite\",\"@id\":\"https:\\\/\\\/motorista.com.br\\\/noticias\\\/#website\",\"url\":\"https:\\\/\\\/motorista.com.br\\\/noticias\\\/\",\"name\":\"Motorista.com.br\",\"description\":\"Not\u00edcia do Motorista\",\"publisher\":{\"@id\":\"https:\\\/\\\/motorista.com.br\\\/noticias\\\/#organization\"},\"potentialAction\":[{\"@type\":\"SearchAction\",\"target\":{\"@type\":\"EntryPoint\",\"urlTemplate\":\"https:\\\/\\\/motorista.com.br\\\/noticias\\\/?s={search_term_string}\"},\"query-input\":{\"@type\":\"PropertyValueSpecification\",\"valueRequired\":true,\"valueName\":\"search_term_string\"}}],\"inLanguage\":\"pt-BR\"},{\"@type\":\"Organization\",\"@id\":\"https:\\\/\\\/motorista.com.br\\\/noticias\\\/#organization\",\"name\":\"Motorista.com.br\",\"url\":\"https:\\\/\\\/motorista.com.br\\\/noticias\\\/\",\"logo\":{\"@type\":\"ImageObject\",\"inLanguage\":\"pt-BR\",\"@id\":\"https:\\\/\\\/motorista.com.br\\\/noticias\\\/#\\\/schema\\\/logo\\\/image\\\/\",\"url\":\"https:\\\/\\\/motorista.com.br\\\/noticias\\\/wp-content\\\/uploads\\\/2025\\\/06\\\/Design-sem-nome-9.png\",\"contentUrl\":\"https:\\\/\\\/motorista.com.br\\\/noticias\\\/wp-content\\\/uploads\\\/2025\\\/06\\\/Design-sem-nome-9.png\",\"width\":150,\"height\":85,\"caption\":\"Motorista.com.br\"},\"image\":{\"@id\":\"https:\\\/\\\/motorista.com.br\\\/noticias\\\/#\\\/schema\\\/logo\\\/image\\\/\"}},{\"@type\":\"Person\",\"@id\":\"https:\\\/\\\/motorista.com.br\\\/noticias\\\/#\\\/schema\\\/person\\\/dc93afc2981c0e3ce6bc3c053fd847be\",\"name\":\"Equipe Reda\u00e7\u00e3o\",\"image\":{\"@type\":\"ImageObject\",\"inLanguage\":\"pt-BR\",\"@id\":\"https:\\\/\\\/secure.gravatar.com\\\/avatar\\\/4f525efbf18dd2bb300ccad28bfb99d95a9465a5ba268407c8c37b37e1f28d2d?s=96&d=mm&r=g9e099043a0c61e9ae27e293b9fa75ffc\",\"url\":\"https:\\\/\\\/secure.gravatar.com\\\/avatar\\\/4f525efbf18dd2bb300ccad28bfb99d95a9465a5ba268407c8c37b37e1f28d2d?s=96&d=mm&r=g\",\"contentUrl\":\"https:\\\/\\\/secure.gravatar.com\\\/avatar\\\/4f525efbf18dd2bb300ccad28bfb99d95a9465a5ba268407c8c37b37e1f28d2d?s=96&d=mm&r=g\",\"caption\":\"Equipe Reda\u00e7\u00e3o\"},\"description\":\"Equipe de reda\u00e7\u00e3o \u00e9 um grupo de profissionais que trabalham juntos para criar conte\u00fado escrito para Motorista.com.br\",\"url\":\"https:\\\/\\\/motorista.com.br\\\/noticias\\\/author\\\/equiperedacao\\\/\"}]}<\/script>\n<!-- \/ Yoast SEO Premium plugin. -->","yoast_head_json":{"title":"PRF intensifica controle e imp\u00f5e restri\u00e7\u00f5es nas estradas do Paran\u00e1. - Motorista.com.br","robots":{"index":"index","follow":"follow","max-snippet":"max-snippet:-1","max-image-preview":"max-image-preview:large","max-video-preview":"max-video-preview:-1"},"canonical":"https:\/\/motorista.com.br\/noticias\/2026\/04\/30\/prf-intensifica-controle-e-impoe-restricoes-nas-estradas-do-parana\/","og_locale":"pt_BR","og_type":"article","og_title":"PRF intensifica controle e imp\u00f5e restri\u00e7\u00f5es nas estradas do Paran\u00e1.","og_description":"A Pol\u00edcia Rodovi\u00e1ria Federal (PRF) intensificar\u00e1 a fiscaliza\u00e7\u00e3o nas rodovias federais do Paran\u00e1 entre 30 de abril e 3 de maio, em raz\u00e3o do feriado do Dia do Trabalho. A opera\u00e7\u00e3o visa n\u00e3o apenas coibir comportamentos de risco, mas tamb\u00e9m aumentar a seguran\u00e7a vi\u00e1ria, especialmente em trechos cr\u00edticos que costumam apresentar \u00edndices elevados de acidentes. &hellip;","og_url":"https:\/\/motorista.com.br\/noticias\/2026\/04\/30\/prf-intensifica-controle-e-impoe-restricoes-nas-estradas-do-parana\/","og_site_name":"Motorista.com.br","article_published_time":"2026-04-30T11:44:40+00:00","author":"Equipe Reda\u00e7\u00e3o","twitter_card":"summary_large_image","twitter_misc":{"Escrito por":"Equipe Reda\u00e7\u00e3o","Est. tempo de leitura":"2 minutos","Written by":"Equipe Reda\u00e7\u00e3o"},"schema":{"@context":"https:\/\/schema.org","@graph":[{"@type":"Article","@id":"https:\/\/motorista.com.br\/noticias\/2026\/04\/30\/prf-intensifica-controle-e-impoe-restricoes-nas-estradas-do-parana\/#article","isPartOf":{"@id":"https:\/\/motorista.com.br\/noticias\/2026\/04\/30\/prf-intensifica-controle-e-impoe-restricoes-nas-estradas-do-parana\/"},"author":{"name":"Equipe Reda\u00e7\u00e3o","@id":"https:\/\/motorista.com.br\/noticias\/#\/schema\/person\/dc93afc2981c0e3ce6bc3c053fd847be"},"headline":"PRF intensifica controle e imp\u00f5e restri\u00e7\u00f5es nas estradas do Paran\u00e1.","datePublished":"2026-04-30T11:44:40+00:00","mainEntityOfPage":{"@id":"https:\/\/motorista.com.br\/noticias\/2026\/04\/30\/prf-intensifica-controle-e-impoe-restricoes-nas-estradas-do-parana\/"},"wordCount":369,"publisher":{"@id":"https:\/\/motorista.com.br\/noticias\/#organization"},"image":{"@id":"https:\/\/motorista.com.br\/noticias\/2026\/04\/30\/prf-intensifica-controle-e-impoe-restricoes-nas-estradas-do-parana\/#primaryimage"},"thumbnailUrl":"https:\/\/motorista.com.br\/noticias\/wp-content\/uploads\/2026\/04\/20260429172957_ogImage_24.jpg","articleSection":["Mundo"],"inLanguage":"pt-BR"},{"@type":"WebPage","@id":"https:\/\/motorista.com.br\/noticias\/2026\/04\/30\/prf-intensifica-controle-e-impoe-restricoes-nas-estradas-do-parana\/","url":"https:\/\/motorista.com.br\/noticias\/2026\/04\/30\/prf-intensifica-controle-e-impoe-restricoes-nas-estradas-do-parana\/","name":"PRF intensifica controle e imp\u00f5e restri\u00e7\u00f5es nas estradas do Paran\u00e1. - Motorista.com.br","isPartOf":{"@id":"https:\/\/motorista.com.br\/noticias\/#website"},"primaryImageOfPage":{"@id":"https:\/\/motorista.com.br\/noticias\/2026\/04\/30\/prf-intensifica-controle-e-impoe-restricoes-nas-estradas-do-parana\/#primaryimage"},"image":{"@id":"https:\/\/motorista.com.br\/noticias\/2026\/04\/30\/prf-intensifica-controle-e-impoe-restricoes-nas-estradas-do-parana\/#primaryimage"},"thumbnailUrl":"https:\/\/motorista.com.br\/noticias\/wp-content\/uploads\/2026\/04\/20260429172957_ogImage_24.jpg","datePublished":"2026-04-30T11:44:40+00:00","breadcrumb":{"@id":"https:\/\/motorista.com.br\/noticias\/2026\/04\/30\/prf-intensifica-controle-e-impoe-restricoes-nas-estradas-do-parana\/#breadcrumb"},"inLanguage":"pt-BR","potentialAction":[{"@type":"ReadAction","target":["https:\/\/motorista.com.br\/noticias\/2026\/04\/30\/prf-intensifica-controle-e-impoe-restricoes-nas-estradas-do-parana\/"]}]},{"@type":"ImageObject","inLanguage":"pt-BR","@id":"https:\/\/motorista.com.br\/noticias\/2026\/04\/30\/prf-intensifica-controle-e-impoe-restricoes-nas-estradas-do-parana\/#primaryimage","url":"https:\/\/motorista.com.br\/noticias\/wp-content\/uploads\/2026\/04\/20260429172957_ogImage_24.jpg","contentUrl":"https:\/\/motorista.com.br\/noticias\/wp-content\/uploads\/2026\/04\/20260429172957_ogImage_24.jpg","width":730,"height":400},{"@type":"BreadcrumbList","@id":"https:\/\/motorista.com.br\/noticias\/2026\/04\/30\/prf-intensifica-controle-e-impoe-restricoes-nas-estradas-do-parana\/#breadcrumb","itemListElement":[{"@type":"ListItem","position":1,"name":"In\u00edcio","item":"https:\/\/motorista.com.br\/noticias\/"},{"@type":"ListItem","position":2,"name":"PRF intensifica controle e imp\u00f5e restri\u00e7\u00f5es nas estradas do Paran\u00e1."}]},{"@type":"WebSite","@id":"https:\/\/motorista.com.br\/noticias\/#website","url":"https:\/\/motorista.com.br\/noticias\/","name":"Motorista.com.br","description":"Not\u00edcia do Motorista","publisher":{"@id":"https:\/\/motorista.com.br\/noticias\/#organization"},"potentialAction":[{"@type":"SearchAction","target":{"@type":"EntryPoint","urlTemplate":"https:\/\/motorista.com.br\/noticias\/?s={search_term_string}"},"query-input":{"@type":"PropertyValueSpecification","valueRequired":true,"valueName":"search_term_string"}}],"inLanguage":"pt-BR"},{"@type":"Organization","@id":"https:\/\/motorista.com.br\/noticias\/#organization","name":"Motorista.com.br","url":"https:\/\/motorista.com.br\/noticias\/","logo":{"@type":"ImageObject","inLanguage":"pt-BR","@id":"https:\/\/motorista.com.br\/noticias\/#\/schema\/logo\/image\/","url":"https:\/\/motorista.com.br\/noticias\/wp-content\/uploads\/2025\/06\/Design-sem-nome-9.png","contentUrl":"https:\/\/motorista.com.br\/noticias\/wp-content\/uploads\/2025\/06\/Design-sem-nome-9.png","width":150,"height":85,"caption":"Motorista.com.br"},"image":{"@id":"https:\/\/motorista.com.br\/noticias\/#\/schema\/logo\/image\/"}},{"@type":"Person","@id":"https:\/\/motorista.com.br\/noticias\/#\/schema\/person\/dc93afc2981c0e3ce6bc3c053fd847be","name":"Equipe Reda\u00e7\u00e3o","image":{"@type":"ImageObject","inLanguage":"pt-BR","@id":"https:\/\/secure.gravatar.com\/avatar\/4f525efbf18dd2bb300ccad28bfb99d95a9465a5ba268407c8c37b37e1f28d2d?s=96&d=mm&r=g9e099043a0c61e9ae27e293b9fa75ffc","url":"https:\/\/secure.gravatar.com\/avatar\/4f525efbf18dd2bb300ccad28bfb99d95a9465a5ba268407c8c37b37e1f28d2d?s=96&d=mm&r=g","contentUrl":"https:\/\/secure.gravatar.com\/avatar\/4f525efbf18dd2bb300ccad28bfb99d95a9465a5ba268407c8c37b37e1f28d2d?s=96&d=mm&r=g","caption":"Equipe Reda\u00e7\u00e3o"},"description":"Equipe de reda\u00e7\u00e3o \u00e9 um grupo de profissionais que trabalham juntos para criar conte\u00fado escrito para Motorista.com.br","url":"https:\/\/motorista.com.br\/noticias\/author\/equiperedacao\/"}]}},"_links":{"self":[{"href":"https:\/\/motorista.com.br\/noticias\/wp-json\/wp\/v2\/posts\/9369","targetHints":{"allow":["GET"]}}],"collection":[{"href":"https:\/\/motorista.com.br\/noticias\/wp-json\/wp\/v2\/posts"}],"about":[{"href":"https:\/\/motorista.com.br\/noticias\/wp-json\/wp\/v2\/types\/post"}],"author":[{"embeddable":true,"href":"https:\/\/motorista.com.br\/noticias\/wp-json\/wp\/v2\/users\/4"}],"replies":[{"embeddable":true,"href":"https:\/\/motorista.com.br\/noticias\/wp-json\/wp\/v2\/comments?post=9369"}],"version-history":[{"count":0,"href":"https:\/\/motorista.com.br\/noticias\/wp-json\/wp\/v2\/posts\/9369\/revisions"}],"wp:featuredmedia":[{"embeddable":true,"href":"https:\/\/motorista.com.br\/noticias\/wp-json\/wp\/v2\/media\/9370"}],"wp:attachment":[{"href":"https:\/\/motorista.com.br\/noticias\/wp-json\/wp\/v2\/media?parent=9369"}],"wp:term":[{"taxonomy":"category","embeddable":true,"href":"https:\/\/motorista.com.br\/noticias\/wp-json\/wp\/v2\/categories?post=9369"},{"taxonomy":"post_tag","embeddable":true,"href":"https:\/\/motorista.com.br\/noticias\/wp-json\/wp\/v2\/tags?post=9369"},{"taxonomy":"author","embeddable":true,"href":"https:\/\/motorista.com.br\/noticias\/wp-json\/wp\/v2\/coauthors?post=9369"}],"curies":[{"name":"wp","href":"https:\/\/api.w.org\/{rel}","templated":true}]}}