{"id":9367,"date":"2026-04-30T08:00:57","date_gmt":"2026-04-30T11:00:57","guid":{"rendered":"https:\/\/motorista.com.br\/noticias\/2026\/04\/30\/governo-cancela-34-milhoes-de-multas-por-falta-de-pagamento-de-pedagio\/"},"modified":"2026-04-30T08:00:57","modified_gmt":"2026-04-30T11:00:57","slug":"governo-cancela-34-milhoes-de-multas-por-falta-de-pagamento-de-pedagio","status":"publish","type":"post","link":"https:\/\/motorista.com.br\/noticias\/2026\/04\/30\/governo-cancela-34-milhoes-de-multas-por-falta-de-pagamento-de-pedagio\/","title":{"rendered":"Governo cancela 3,4 milh\u00f5es de multas por falta de pagamento de ped\u00e1gio."},"content":{"rendered":"<p><\/p>\n<p>O governo federal anunciou a suspens\u00e3o, por um per\u00edodo de 200 dias, de 3,4 milh\u00f5es de multas relacionadas \u00e0 falta de pagamento da tarifa do ped\u00e1gio eletr\u00f4nico no modelo <em>free flow<\/em>. Essas multas deveriam ter sido quitadas em at\u00e9 30 dias ap\u00f3s a passagem pelas rodovias estaduais ou federais.<\/p>\n<p>Al\u00e9m disso, foi revelado que as informa\u00e7\u00f5es sobre passagens e d\u00e9bitos de ped\u00e1gio eletr\u00f4nico ser\u00e3o centralizadas no aplicativo CNH do Brasil, desenvolvido pelo Minist\u00e9rio dos Transportes. Este aplicativo representa uma evolu\u00e7\u00e3o significativa da Carteira Digital de Tr\u00e2nsito (CDT), permitindo que motoristas acessem de forma integrada as informa\u00e7\u00f5es necess\u00e1rias para o pagamento das tarifas.<\/p>\n<h3>Benef\u00edcios para os Motoristas e a Mobilidade<\/h3>\n<p>A suspens\u00e3o tempor\u00e1ria das multas visa proporcionar um al\u00edvio a muitos motoristas, que nem sempre tinham clareza sobre como pagar as tarifas desse novo modelo. Durante a coletiva, o ministro Guilherme Boulos destacou que a incerteza em rela\u00e7\u00e3o ao pagamento das tarifas levou muitos motoristas a serem penalizados injustamente. Essa medida n\u00e3o s\u00f3 proporciona justi\u00e7a, mas tamb\u00e9m contribui para melhorar a rela\u00e7\u00e3o entre cidad\u00e3os e o sistema de transporte.<\/p>\n<p>Os motoristas ter\u00e3o a oportunidade de regularizar suas pend\u00eancias e at\u00e9 recuperar pontos em suas Carteiras Nacionais de Habilita\u00e7\u00e3o (CNH), caso quitarem as tarifas at\u00e9 novembro. Essa flexibilidade \u00e9 ben\u00e9fica n\u00e3o s\u00f3 para os motoristas individualmente, mas tamb\u00e9m para a mobilidade geral no pa\u00eds. Com menos penalidades e um sistema de pagamento mais transparente, espera-se que haja uma redu\u00e7\u00e3o nas complica\u00e7\u00f5es nas estradas, promovendo um fluxo de tr\u00e1fego mais eficiente.<\/p>\n<h3>Integra\u00e7\u00e3o e Sinaliza\u00e7\u00e3o<\/h3>\n<p>Um dos pontos cruciais abordados foi a necessidade de padroniza\u00e7\u00e3o e integra\u00e7\u00e3o das informa\u00e7\u00f5es de ped\u00e1gio. O ministro George Santoro ressaltou que essa mudan\u00e7a coloca o usu\u00e1rio no centro do sistema, facilitando o acesso a dados relevantes de cobran\u00e7a e pagamento. Com p\u00f3rticos de cobran\u00e7a melhor sinalizados e informa\u00e7\u00f5es claras sobre tarifas, os motoristas estar\u00e3o mais informados, resultando em menos confus\u00e3o e, consequentemente, um tr\u00e1fego mais fluido.<\/p>\n<p>As autoridades estipularam um prazo de 100 dias para que as concession\u00e1rias aprimorem seus sistemas. Essa a\u00e7\u00e3o implica que, nos pr\u00f3ximos meses, os motoristas poder\u00e3o desfrutar de um sistema de ped\u00e1gio mais transparente e eficiente. Isso reduzir\u00e1 o risco de multas e ir\u00e1 assegurar que os motoristas saibam exatamente quando e quanto est\u00e3o pagando, alinhando a experi\u00eancia do usu\u00e1rio \u00e0 tecnologia utilizada.<\/p>\n<h3>Conclus\u00e3o<\/h3>\n<p>A suspens\u00e3o das multas \u00e9 uma medida que reflete uma preocupa\u00e7\u00e3o do governo com a equidade e a clareza no sistema de ped\u00e1gios. Ao tornar as informa\u00e7\u00f5es acess\u00edveis e padronizadas, beneficia n\u00e3o apenas os motoristas, mas todo o sistema de mobilidade, potencialmente promovendo um ambiente mais harmonioso e eficiente nas estradas do Brasil.<\/p>\n<p><em>Fonte: Carta de Log\u00edstica<\/em><\/p>\n","protected":false},"excerpt":{"rendered":"<p>O governo federal anunciou a suspens\u00e3o, por um per\u00edodo de 200 dias, de 3,4 milh\u00f5es de multas relacionadas \u00e0 falta de pagamento da tarifa do ped\u00e1gio eletr\u00f4nico no modelo free flow. Essas multas deveriam ter sido quitadas em at\u00e9 30 dias ap\u00f3s a passagem pelas rodovias estaduais ou federais. Al\u00e9m disso, foi revelado que as &hellip;<\/p>\n","protected":false},"author":4,"featured_media":9368,"comment_status":"","ping_status":"open","sticky":false,"template":"","format":"standard","meta":{"footnotes":""},"categories":[62],"tags":[],"coauthors":[42],"class_list":["post-9367","post","type-post","status-publish","format-standard","has-post-thumbnail","hentry","category-logistica"],"yoast_head":"<!-- This site is optimized with the Yoast SEO Premium plugin v25.5 (Yoast SEO v27.5) - https:\/\/yoast.com\/product\/yoast-seo-premium-wordpress\/ -->\n<title>Governo cancela 3,4 milh\u00f5es de multas por falta de pagamento de ped\u00e1gio. - Motorista.com.br<\/title>\n<meta name=\"robots\" content=\"index, follow, max-snippet:-1, max-image-preview:large, max-video-preview:-1\" \/>\n<link rel=\"canonical\" href=\"https:\/\/motorista.com.br\/noticias\/2026\/04\/30\/governo-cancela-34-milhoes-de-multas-por-falta-de-pagamento-de-pedagio\/\" \/>\n<meta property=\"og:locale\" content=\"pt_BR\" \/>\n<meta property=\"og:type\" content=\"article\" \/>\n<meta property=\"og:title\" content=\"Governo cancela 3,4 milh\u00f5es de multas por falta de pagamento de ped\u00e1gio.\" \/>\n<meta property=\"og:description\" content=\"O governo federal anunciou a suspens\u00e3o, por um per\u00edodo de 200 dias, de 3,4 milh\u00f5es de multas relacionadas \u00e0 falta de pagamento da tarifa do ped\u00e1gio eletr\u00f4nico no modelo free flow. Essas multas deveriam ter sido quitadas em at\u00e9 30 dias ap\u00f3s a passagem pelas rodovias estaduais ou federais. Al\u00e9m disso, foi revelado que as &hellip;\" \/>\n<meta property=\"og:url\" content=\"https:\/\/motorista.com.br\/noticias\/2026\/04\/30\/governo-cancela-34-milhoes-de-multas-por-falta-de-pagamento-de-pedagio\/\" \/>\n<meta property=\"og:site_name\" content=\"Motorista.com.br\" \/>\n<meta property=\"article:published_time\" content=\"2026-04-30T11:00:57+00:00\" \/>\n<meta name=\"author\" content=\"Equipe Reda\u00e7\u00e3o\" \/>\n<meta name=\"twitter:card\" content=\"summary_large_image\" \/>\n<meta name=\"twitter:label1\" content=\"Escrito por\" \/>\n\t<meta name=\"twitter:data1\" content=\"Equipe Reda\u00e7\u00e3o\" \/>\n\t<meta name=\"twitter:label2\" content=\"Est. tempo de leitura\" \/>\n\t<meta name=\"twitter:data2\" content=\"2 minutos\" \/>\n\t<meta name=\"twitter:label3\" content=\"Written by\" \/>\n\t<meta name=\"twitter:data3\" content=\"Equipe Reda\u00e7\u00e3o\" \/>\n<script type=\"application\/ld+json\" class=\"yoast-schema-graph\">{\"@context\":\"https:\\\/\\\/schema.org\",\"@graph\":[{\"@type\":\"Article\",\"@id\":\"https:\\\/\\\/motorista.com.br\\\/noticias\\\/2026\\\/04\\\/30\\\/governo-cancela-34-milhoes-de-multas-por-falta-de-pagamento-de-pedagio\\\/#article\",\"isPartOf\":{\"@id\":\"https:\\\/\\\/motorista.com.br\\\/noticias\\\/2026\\\/04\\\/30\\\/governo-cancela-34-milhoes-de-multas-por-falta-de-pagamento-de-pedagio\\\/\"},\"author\":{\"name\":\"Equipe Reda\u00e7\u00e3o\",\"@id\":\"https:\\\/\\\/motorista.com.br\\\/noticias\\\/#\\\/schema\\\/person\\\/dc93afc2981c0e3ce6bc3c053fd847be\"},\"headline\":\"Governo cancela 3,4 milh\u00f5es de multas por falta de pagamento de ped\u00e1gio.\",\"datePublished\":\"2026-04-30T11:00:57+00:00\",\"mainEntityOfPage\":{\"@id\":\"https:\\\/\\\/motorista.com.br\\\/noticias\\\/2026\\\/04\\\/30\\\/governo-cancela-34-milhoes-de-multas-por-falta-de-pagamento-de-pedagio\\\/\"},\"wordCount\":511,\"publisher\":{\"@id\":\"https:\\\/\\\/motorista.com.br\\\/noticias\\\/#organization\"},\"image\":{\"@id\":\"https:\\\/\\\/motorista.com.br\\\/noticias\\\/2026\\\/04\\\/30\\\/governo-cancela-34-milhoes-de-multas-por-falta-de-pagamento-de-pedagio\\\/#primaryimage\"},\"thumbnailUrl\":\"https:\\\/\\\/motorista.com.br\\\/noticias\\\/wp-content\\\/uploads\\\/2026\\\/04\\\/ID-CL-1000-px-x-830-px-Governo-1.png\",\"articleSection\":[\"Log\u00edstica\"],\"inLanguage\":\"pt-BR\"},{\"@type\":\"WebPage\",\"@id\":\"https:\\\/\\\/motorista.com.br\\\/noticias\\\/2026\\\/04\\\/30\\\/governo-cancela-34-milhoes-de-multas-por-falta-de-pagamento-de-pedagio\\\/\",\"url\":\"https:\\\/\\\/motorista.com.br\\\/noticias\\\/2026\\\/04\\\/30\\\/governo-cancela-34-milhoes-de-multas-por-falta-de-pagamento-de-pedagio\\\/\",\"name\":\"Governo cancela 3,4 milh\u00f5es de multas por falta de pagamento de ped\u00e1gio. - Motorista.com.br\",\"isPartOf\":{\"@id\":\"https:\\\/\\\/motorista.com.br\\\/noticias\\\/#website\"},\"primaryImageOfPage\":{\"@id\":\"https:\\\/\\\/motorista.com.br\\\/noticias\\\/2026\\\/04\\\/30\\\/governo-cancela-34-milhoes-de-multas-por-falta-de-pagamento-de-pedagio\\\/#primaryimage\"},\"image\":{\"@id\":\"https:\\\/\\\/motorista.com.br\\\/noticias\\\/2026\\\/04\\\/30\\\/governo-cancela-34-milhoes-de-multas-por-falta-de-pagamento-de-pedagio\\\/#primaryimage\"},\"thumbnailUrl\":\"https:\\\/\\\/motorista.com.br\\\/noticias\\\/wp-content\\\/uploads\\\/2026\\\/04\\\/ID-CL-1000-px-x-830-px-Governo-1.png\",\"datePublished\":\"2026-04-30T11:00:57+00:00\",\"breadcrumb\":{\"@id\":\"https:\\\/\\\/motorista.com.br\\\/noticias\\\/2026\\\/04\\\/30\\\/governo-cancela-34-milhoes-de-multas-por-falta-de-pagamento-de-pedagio\\\/#breadcrumb\"},\"inLanguage\":\"pt-BR\",\"potentialAction\":[{\"@type\":\"ReadAction\",\"target\":[\"https:\\\/\\\/motorista.com.br\\\/noticias\\\/2026\\\/04\\\/30\\\/governo-cancela-34-milhoes-de-multas-por-falta-de-pagamento-de-pedagio\\\/\"]}]},{\"@type\":\"ImageObject\",\"inLanguage\":\"pt-BR\",\"@id\":\"https:\\\/\\\/motorista.com.br\\\/noticias\\\/2026\\\/04\\\/30\\\/governo-cancela-34-milhoes-de-multas-por-falta-de-pagamento-de-pedagio\\\/#primaryimage\",\"url\":\"https:\\\/\\\/motorista.com.br\\\/noticias\\\/wp-content\\\/uploads\\\/2026\\\/04\\\/ID-CL-1000-px-x-830-px-Governo-1.png\",\"contentUrl\":\"https:\\\/\\\/motorista.com.br\\\/noticias\\\/wp-content\\\/uploads\\\/2026\\\/04\\\/ID-CL-1000-px-x-830-px-Governo-1.png\",\"width\":1000,\"height\":821},{\"@type\":\"BreadcrumbList\",\"@id\":\"https:\\\/\\\/motorista.com.br\\\/noticias\\\/2026\\\/04\\\/30\\\/governo-cancela-34-milhoes-de-multas-por-falta-de-pagamento-de-pedagio\\\/#breadcrumb\",\"itemListElement\":[{\"@type\":\"ListItem\",\"position\":1,\"name\":\"In\u00edcio\",\"item\":\"https:\\\/\\\/motorista.com.br\\\/noticias\\\/\"},{\"@type\":\"ListItem\",\"position\":2,\"name\":\"Governo cancela 3,4 milh\u00f5es de multas por falta de pagamento de ped\u00e1gio.\"}]},{\"@type\":\"WebSite\",\"@id\":\"https:\\\/\\\/motorista.com.br\\\/noticias\\\/#website\",\"url\":\"https:\\\/\\\/motorista.com.br\\\/noticias\\\/\",\"name\":\"Motorista.com.br\",\"description\":\"Not\u00edcia do Motorista\",\"publisher\":{\"@id\":\"https:\\\/\\\/motorista.com.br\\\/noticias\\\/#organization\"},\"potentialAction\":[{\"@type\":\"SearchAction\",\"target\":{\"@type\":\"EntryPoint\",\"urlTemplate\":\"https:\\\/\\\/motorista.com.br\\\/noticias\\\/?s={search_term_string}\"},\"query-input\":{\"@type\":\"PropertyValueSpecification\",\"valueRequired\":true,\"valueName\":\"search_term_string\"}}],\"inLanguage\":\"pt-BR\"},{\"@type\":\"Organization\",\"@id\":\"https:\\\/\\\/motorista.com.br\\\/noticias\\\/#organization\",\"name\":\"Motorista.com.br\",\"url\":\"https:\\\/\\\/motorista.com.br\\\/noticias\\\/\",\"logo\":{\"@type\":\"ImageObject\",\"inLanguage\":\"pt-BR\",\"@id\":\"https:\\\/\\\/motorista.com.br\\\/noticias\\\/#\\\/schema\\\/logo\\\/image\\\/\",\"url\":\"https:\\\/\\\/motorista.com.br\\\/noticias\\\/wp-content\\\/uploads\\\/2025\\\/06\\\/Design-sem-nome-9.png\",\"contentUrl\":\"https:\\\/\\\/motorista.com.br\\\/noticias\\\/wp-content\\\/uploads\\\/2025\\\/06\\\/Design-sem-nome-9.png\",\"width\":150,\"height\":85,\"caption\":\"Motorista.com.br\"},\"image\":{\"@id\":\"https:\\\/\\\/motorista.com.br\\\/noticias\\\/#\\\/schema\\\/logo\\\/image\\\/\"}},{\"@type\":\"Person\",\"@id\":\"https:\\\/\\\/motorista.com.br\\\/noticias\\\/#\\\/schema\\\/person\\\/dc93afc2981c0e3ce6bc3c053fd847be\",\"name\":\"Equipe Reda\u00e7\u00e3o\",\"image\":{\"@type\":\"ImageObject\",\"inLanguage\":\"pt-BR\",\"@id\":\"https:\\\/\\\/secure.gravatar.com\\\/avatar\\\/4f525efbf18dd2bb300ccad28bfb99d95a9465a5ba268407c8c37b37e1f28d2d?s=96&d=mm&r=g9e099043a0c61e9ae27e293b9fa75ffc\",\"url\":\"https:\\\/\\\/secure.gravatar.com\\\/avatar\\\/4f525efbf18dd2bb300ccad28bfb99d95a9465a5ba268407c8c37b37e1f28d2d?s=96&d=mm&r=g\",\"contentUrl\":\"https:\\\/\\\/secure.gravatar.com\\\/avatar\\\/4f525efbf18dd2bb300ccad28bfb99d95a9465a5ba268407c8c37b37e1f28d2d?s=96&d=mm&r=g\",\"caption\":\"Equipe Reda\u00e7\u00e3o\"},\"description\":\"Equipe de reda\u00e7\u00e3o \u00e9 um grupo de profissionais que trabalham juntos para criar conte\u00fado escrito para Motorista.com.br\",\"url\":\"https:\\\/\\\/motorista.com.br\\\/noticias\\\/author\\\/equiperedacao\\\/\"}]}<\/script>\n<!-- \/ Yoast SEO Premium plugin. -->","yoast_head_json":{"title":"Governo cancela 3,4 milh\u00f5es de multas por falta de pagamento de ped\u00e1gio. - Motorista.com.br","robots":{"index":"index","follow":"follow","max-snippet":"max-snippet:-1","max-image-preview":"max-image-preview:large","max-video-preview":"max-video-preview:-1"},"canonical":"https:\/\/motorista.com.br\/noticias\/2026\/04\/30\/governo-cancela-34-milhoes-de-multas-por-falta-de-pagamento-de-pedagio\/","og_locale":"pt_BR","og_type":"article","og_title":"Governo cancela 3,4 milh\u00f5es de multas por falta de pagamento de ped\u00e1gio.","og_description":"O governo federal anunciou a suspens\u00e3o, por um per\u00edodo de 200 dias, de 3,4 milh\u00f5es de multas relacionadas \u00e0 falta de pagamento da tarifa do ped\u00e1gio eletr\u00f4nico no modelo free flow. Essas multas deveriam ter sido quitadas em at\u00e9 30 dias ap\u00f3s a passagem pelas rodovias estaduais ou federais. Al\u00e9m disso, foi revelado que as &hellip;","og_url":"https:\/\/motorista.com.br\/noticias\/2026\/04\/30\/governo-cancela-34-milhoes-de-multas-por-falta-de-pagamento-de-pedagio\/","og_site_name":"Motorista.com.br","article_published_time":"2026-04-30T11:00:57+00:00","author":"Equipe Reda\u00e7\u00e3o","twitter_card":"summary_large_image","twitter_misc":{"Escrito por":"Equipe Reda\u00e7\u00e3o","Est. tempo de leitura":"2 minutos","Written by":"Equipe Reda\u00e7\u00e3o"},"schema":{"@context":"https:\/\/schema.org","@graph":[{"@type":"Article","@id":"https:\/\/motorista.com.br\/noticias\/2026\/04\/30\/governo-cancela-34-milhoes-de-multas-por-falta-de-pagamento-de-pedagio\/#article","isPartOf":{"@id":"https:\/\/motorista.com.br\/noticias\/2026\/04\/30\/governo-cancela-34-milhoes-de-multas-por-falta-de-pagamento-de-pedagio\/"},"author":{"name":"Equipe Reda\u00e7\u00e3o","@id":"https:\/\/motorista.com.br\/noticias\/#\/schema\/person\/dc93afc2981c0e3ce6bc3c053fd847be"},"headline":"Governo cancela 3,4 milh\u00f5es de multas por falta de pagamento de ped\u00e1gio.","datePublished":"2026-04-30T11:00:57+00:00","mainEntityOfPage":{"@id":"https:\/\/motorista.com.br\/noticias\/2026\/04\/30\/governo-cancela-34-milhoes-de-multas-por-falta-de-pagamento-de-pedagio\/"},"wordCount":511,"publisher":{"@id":"https:\/\/motorista.com.br\/noticias\/#organization"},"image":{"@id":"https:\/\/motorista.com.br\/noticias\/2026\/04\/30\/governo-cancela-34-milhoes-de-multas-por-falta-de-pagamento-de-pedagio\/#primaryimage"},"thumbnailUrl":"https:\/\/motorista.com.br\/noticias\/wp-content\/uploads\/2026\/04\/ID-CL-1000-px-x-830-px-Governo-1.png","articleSection":["Log\u00edstica"],"inLanguage":"pt-BR"},{"@type":"WebPage","@id":"https:\/\/motorista.com.br\/noticias\/2026\/04\/30\/governo-cancela-34-milhoes-de-multas-por-falta-de-pagamento-de-pedagio\/","url":"https:\/\/motorista.com.br\/noticias\/2026\/04\/30\/governo-cancela-34-milhoes-de-multas-por-falta-de-pagamento-de-pedagio\/","name":"Governo cancela 3,4 milh\u00f5es de multas por falta de pagamento de ped\u00e1gio. - Motorista.com.br","isPartOf":{"@id":"https:\/\/motorista.com.br\/noticias\/#website"},"primaryImageOfPage":{"@id":"https:\/\/motorista.com.br\/noticias\/2026\/04\/30\/governo-cancela-34-milhoes-de-multas-por-falta-de-pagamento-de-pedagio\/#primaryimage"},"image":{"@id":"https:\/\/motorista.com.br\/noticias\/2026\/04\/30\/governo-cancela-34-milhoes-de-multas-por-falta-de-pagamento-de-pedagio\/#primaryimage"},"thumbnailUrl":"https:\/\/motorista.com.br\/noticias\/wp-content\/uploads\/2026\/04\/ID-CL-1000-px-x-830-px-Governo-1.png","datePublished":"2026-04-30T11:00:57+00:00","breadcrumb":{"@id":"https:\/\/motorista.com.br\/noticias\/2026\/04\/30\/governo-cancela-34-milhoes-de-multas-por-falta-de-pagamento-de-pedagio\/#breadcrumb"},"inLanguage":"pt-BR","potentialAction":[{"@type":"ReadAction","target":["https:\/\/motorista.com.br\/noticias\/2026\/04\/30\/governo-cancela-34-milhoes-de-multas-por-falta-de-pagamento-de-pedagio\/"]}]},{"@type":"ImageObject","inLanguage":"pt-BR","@id":"https:\/\/motorista.com.br\/noticias\/2026\/04\/30\/governo-cancela-34-milhoes-de-multas-por-falta-de-pagamento-de-pedagio\/#primaryimage","url":"https:\/\/motorista.com.br\/noticias\/wp-content\/uploads\/2026\/04\/ID-CL-1000-px-x-830-px-Governo-1.png","contentUrl":"https:\/\/motorista.com.br\/noticias\/wp-content\/uploads\/2026\/04\/ID-CL-1000-px-x-830-px-Governo-1.png","width":1000,"height":821},{"@type":"BreadcrumbList","@id":"https:\/\/motorista.com.br\/noticias\/2026\/04\/30\/governo-cancela-34-milhoes-de-multas-por-falta-de-pagamento-de-pedagio\/#breadcrumb","itemListElement":[{"@type":"ListItem","position":1,"name":"In\u00edcio","item":"https:\/\/motorista.com.br\/noticias\/"},{"@type":"ListItem","position":2,"name":"Governo cancela 3,4 milh\u00f5es de multas por falta de pagamento de ped\u00e1gio."}]},{"@type":"WebSite","@id":"https:\/\/motorista.com.br\/noticias\/#website","url":"https:\/\/motorista.com.br\/noticias\/","name":"Motorista.com.br","description":"Not\u00edcia do Motorista","publisher":{"@id":"https:\/\/motorista.com.br\/noticias\/#organization"},"potentialAction":[{"@type":"SearchAction","target":{"@type":"EntryPoint","urlTemplate":"https:\/\/motorista.com.br\/noticias\/?s={search_term_string}"},"query-input":{"@type":"PropertyValueSpecification","valueRequired":true,"valueName":"search_term_string"}}],"inLanguage":"pt-BR"},{"@type":"Organization","@id":"https:\/\/motorista.com.br\/noticias\/#organization","name":"Motorista.com.br","url":"https:\/\/motorista.com.br\/noticias\/","logo":{"@type":"ImageObject","inLanguage":"pt-BR","@id":"https:\/\/motorista.com.br\/noticias\/#\/schema\/logo\/image\/","url":"https:\/\/motorista.com.br\/noticias\/wp-content\/uploads\/2025\/06\/Design-sem-nome-9.png","contentUrl":"https:\/\/motorista.com.br\/noticias\/wp-content\/uploads\/2025\/06\/Design-sem-nome-9.png","width":150,"height":85,"caption":"Motorista.com.br"},"image":{"@id":"https:\/\/motorista.com.br\/noticias\/#\/schema\/logo\/image\/"}},{"@type":"Person","@id":"https:\/\/motorista.com.br\/noticias\/#\/schema\/person\/dc93afc2981c0e3ce6bc3c053fd847be","name":"Equipe Reda\u00e7\u00e3o","image":{"@type":"ImageObject","inLanguage":"pt-BR","@id":"https:\/\/secure.gravatar.com\/avatar\/4f525efbf18dd2bb300ccad28bfb99d95a9465a5ba268407c8c37b37e1f28d2d?s=96&d=mm&r=g9e099043a0c61e9ae27e293b9fa75ffc","url":"https:\/\/secure.gravatar.com\/avatar\/4f525efbf18dd2bb300ccad28bfb99d95a9465a5ba268407c8c37b37e1f28d2d?s=96&d=mm&r=g","contentUrl":"https:\/\/secure.gravatar.com\/avatar\/4f525efbf18dd2bb300ccad28bfb99d95a9465a5ba268407c8c37b37e1f28d2d?s=96&d=mm&r=g","caption":"Equipe Reda\u00e7\u00e3o"},"description":"Equipe de reda\u00e7\u00e3o \u00e9 um grupo de profissionais que trabalham juntos para criar conte\u00fado escrito para Motorista.com.br","url":"https:\/\/motorista.com.br\/noticias\/author\/equiperedacao\/"}]}},"_links":{"self":[{"href":"https:\/\/motorista.com.br\/noticias\/wp-json\/wp\/v2\/posts\/9367","targetHints":{"allow":["GET"]}}],"collection":[{"href":"https:\/\/motorista.com.br\/noticias\/wp-json\/wp\/v2\/posts"}],"about":[{"href":"https:\/\/motorista.com.br\/noticias\/wp-json\/wp\/v2\/types\/post"}],"author":[{"embeddable":true,"href":"https:\/\/motorista.com.br\/noticias\/wp-json\/wp\/v2\/users\/4"}],"replies":[{"embeddable":true,"href":"https:\/\/motorista.com.br\/noticias\/wp-json\/wp\/v2\/comments?post=9367"}],"version-history":[{"count":0,"href":"https:\/\/motorista.com.br\/noticias\/wp-json\/wp\/v2\/posts\/9367\/revisions"}],"wp:featuredmedia":[{"embeddable":true,"href":"https:\/\/motorista.com.br\/noticias\/wp-json\/wp\/v2\/media\/9368"}],"wp:attachment":[{"href":"https:\/\/motorista.com.br\/noticias\/wp-json\/wp\/v2\/media?parent=9367"}],"wp:term":[{"taxonomy":"category","embeddable":true,"href":"https:\/\/motorista.com.br\/noticias\/wp-json\/wp\/v2\/categories?post=9367"},{"taxonomy":"post_tag","embeddable":true,"href":"https:\/\/motorista.com.br\/noticias\/wp-json\/wp\/v2\/tags?post=9367"},{"taxonomy":"author","embeddable":true,"href":"https:\/\/motorista.com.br\/noticias\/wp-json\/wp\/v2\/coauthors?post=9367"}],"curies":[{"name":"wp","href":"https:\/\/api.w.org\/{rel}","templated":true}]}}