{"id":9366,"date":"2026-04-30T06:31:12","date_gmt":"2026-04-30T09:31:12","guid":{"rendered":"https:\/\/motorista.com.br\/noticias\/2026\/04\/30\/digio-esclarece-sobre-a-inatividade-da-uber-conta\/"},"modified":"2026-04-30T06:31:12","modified_gmt":"2026-04-30T09:31:12","slug":"digio-esclarece-sobre-a-inatividade-da-uber-conta","status":"publish","type":"post","link":"https:\/\/motorista.com.br\/noticias\/2026\/04\/30\/digio-esclarece-sobre-a-inatividade-da-uber-conta\/","title":{"rendered":"Digio esclarece sobre a inatividade da Uber Conta"},"content":{"rendered":"<p><\/p>\n<h3>Digio Explica: Uber Conta Fora do Ar<\/h3>\n<p>Recentemente, o banco digital Digio, parceiro da Uber Conta, informou sobre a interrup\u00e7\u00e3o tempor\u00e1ria dos servi\u00e7os de PIX e Saque Digital, ap\u00f3s identificar um movimento at\u00edpico na infraestrutura na \u00faltima sexta-feira. Em resposta, o banco adotou medidas de seguran\u00e7a para garantir a integridade das contas, suspendendo os servi\u00e7os afetados como precau\u00e7\u00e3o.<\/p>\n<p>Importante ressaltar que, segundo a comunica\u00e7\u00e3o oficial, n\u00e3o houve preju\u00edzos financeiros nem vazamento de dados dos usu\u00e1rios. Esses servi\u00e7os foram restabelecidos completamente na segunda-feira seguinte, permitindo que motoristas retomem o acesso a seus ganhos de forma normal.<\/p>\n<p>Essa situa\u00e7\u00e3o ilustra a import\u00e2ncia de protocolos de seguran\u00e7a em plataformas que gerenciam transa\u00e7\u00f5es financeiras, especialmente em um setor t\u00e3o din\u00e2mico quanto o de transporte por aplicativo. Motoristas que dependem desses servi\u00e7os para sua renda di\u00e1ria precisam ter a garantia de que sua seguran\u00e7a financeira est\u00e1 priorizada. A interven\u00e7\u00e3o r\u00e1pida mostrou a responsabilidade do banco em proteger os usu\u00e1rios, minimizando impactos que poderiam ser significativos.<\/p>\n<p>A ocorr\u00eancia tamb\u00e9m destaca aspectos importantes da mobilidade urbana. A confian\u00e7a nas ferramentas financeiras utilizadas pelos motoristas \u00e9 crucial para a continuidade de suas atividades e, consequentemente, a fluidez do transporte nas cidades. Quando sistemas financeiros falham, mesmo que temporariamente, o efeito se estende \u00e0 mobilidade urbana, afetando n\u00e3o apenas os motoristas, mas tamb\u00e9m os passageiros que dependem de seus servi\u00e7os.<\/p>\n<p>Com isso, a comunica\u00e7\u00e3o transparente entre bancos e plataformas de transporte \u00e9 vital. Quando os motoristas s\u00e3o informados sobre interrup\u00e7\u00f5es e as a\u00e7\u00f5es tomadas, eles sentem-se mais seguros para continuar utilizando os servi\u00e7os, uma vez que a confian\u00e7a \u00e9 a base de qualquer transa\u00e7\u00e3o financeira. Em tempos em que a tecnologia avan\u00e7a rapidamente, \u00e9 essencial que os envolvidos &#8211; do banco aos motoristas &#8211; estejam alinhados e informados.<\/p>\n<p>O retorno normal das opera\u00e7\u00f5es refor\u00e7a que, embora eventuais problemas possam ocorrer, a capacidade de resposta das empresas pode atenuar o impacto e garantir a normaliza\u00e7\u00e3o das atividades. Para os profissionais que veem na Uber Conta uma ferramenta indispens\u00e1vel, \u00e9 crucial que esses servi\u00e7os sejam n\u00e3o apenas funcionais, mas tamb\u00e9m seguros e bem monitorados.<\/p>\n<h3>Conclus\u00e3o<\/h3>\n<p>A interrup\u00e7\u00e3o dos servi\u00e7os da Uber Conta, gerenciamento pelo Digio, serve como um lembrete da import\u00e2ncia da seguran\u00e7a em opera\u00e7\u00f5es financeiras e sua rela\u00e7\u00e3o direta com a mobilidade urbana. A continuidade da confian\u00e7a dos motoristas em suas ferramentas financeiras \u00e9 essencial para a estabilidade desse sistema, promovendo um fluxo de trabalho mais eficiente para todos os envolvidos.<\/p>\n","protected":false},"excerpt":{"rendered":"<p>Digio Explica: Uber Conta Fora do Ar Recentemente, o banco digital Digio, parceiro da Uber Conta, informou sobre a interrup\u00e7\u00e3o tempor\u00e1ria dos servi\u00e7os de PIX e Saque Digital, ap\u00f3s identificar um movimento at\u00edpico na infraestrutura na \u00faltima sexta-feira. Em resposta, o banco adotou medidas de seguran\u00e7a para garantir a integridade das contas, suspendendo os servi\u00e7os &hellip;<\/p>\n","protected":false},"author":4,"featured_media":9348,"comment_status":"","ping_status":"open","sticky":false,"template":"","format":"standard","meta":{"footnotes":""},"categories":[49,77],"tags":[],"coauthors":[42],"class_list":["post-9366","post","type-post","status-publish","format-standard","has-post-thumbnail","hentry","category-aplicativos","category-motorista"],"yoast_head":"<!-- This site is optimized with the Yoast SEO Premium plugin v25.5 (Yoast SEO v27.5) - https:\/\/yoast.com\/product\/yoast-seo-premium-wordpress\/ -->\n<title>Digio esclarece sobre a inatividade da Uber Conta - Motorista.com.br<\/title>\n<meta name=\"robots\" content=\"index, follow, max-snippet:-1, max-image-preview:large, max-video-preview:-1\" \/>\n<link rel=\"canonical\" href=\"https:\/\/motorista.com.br\/noticias\/2026\/04\/30\/digio-esclarece-sobre-a-inatividade-da-uber-conta\/\" \/>\n<meta property=\"og:locale\" content=\"pt_BR\" \/>\n<meta property=\"og:type\" content=\"article\" \/>\n<meta property=\"og:title\" content=\"Digio esclarece sobre a inatividade da Uber Conta\" \/>\n<meta property=\"og:description\" content=\"Digio Explica: Uber Conta Fora do Ar Recentemente, o banco digital Digio, parceiro da Uber Conta, informou sobre a interrup\u00e7\u00e3o tempor\u00e1ria dos servi\u00e7os de PIX e Saque Digital, ap\u00f3s identificar um movimento at\u00edpico na infraestrutura na \u00faltima sexta-feira. Em resposta, o banco adotou medidas de seguran\u00e7a para garantir a integridade das contas, suspendendo os servi\u00e7os &hellip;\" \/>\n<meta property=\"og:url\" content=\"https:\/\/motorista.com.br\/noticias\/2026\/04\/30\/digio-esclarece-sobre-a-inatividade-da-uber-conta\/\" \/>\n<meta property=\"og:site_name\" content=\"Motorista.com.br\" \/>\n<meta property=\"article:published_time\" content=\"2026-04-30T09:31:12+00:00\" \/>\n<meta name=\"author\" content=\"Equipe Reda\u00e7\u00e3o\" \/>\n<meta name=\"twitter:card\" content=\"summary_large_image\" \/>\n<meta name=\"twitter:label1\" content=\"Escrito por\" \/>\n\t<meta name=\"twitter:data1\" content=\"Equipe Reda\u00e7\u00e3o\" \/>\n\t<meta name=\"twitter:label2\" content=\"Est. tempo de leitura\" \/>\n\t<meta name=\"twitter:data2\" content=\"2 minutos\" \/>\n\t<meta name=\"twitter:label3\" content=\"Written by\" \/>\n\t<meta name=\"twitter:data3\" content=\"Equipe Reda\u00e7\u00e3o\" \/>\n<script type=\"application\/ld+json\" class=\"yoast-schema-graph\">{\"@context\":\"https:\\\/\\\/schema.org\",\"@graph\":[{\"@type\":\"Article\",\"@id\":\"https:\\\/\\\/motorista.com.br\\\/noticias\\\/2026\\\/04\\\/30\\\/digio-esclarece-sobre-a-inatividade-da-uber-conta\\\/#article\",\"isPartOf\":{\"@id\":\"https:\\\/\\\/motorista.com.br\\\/noticias\\\/2026\\\/04\\\/30\\\/digio-esclarece-sobre-a-inatividade-da-uber-conta\\\/\"},\"author\":{\"name\":\"Equipe Reda\u00e7\u00e3o\",\"@id\":\"https:\\\/\\\/motorista.com.br\\\/noticias\\\/#\\\/schema\\\/person\\\/dc93afc2981c0e3ce6bc3c053fd847be\"},\"headline\":\"Digio esclarece sobre a inatividade da Uber Conta\",\"datePublished\":\"2026-04-30T09:31:12+00:00\",\"mainEntityOfPage\":{\"@id\":\"https:\\\/\\\/motorista.com.br\\\/noticias\\\/2026\\\/04\\\/30\\\/digio-esclarece-sobre-a-inatividade-da-uber-conta\\\/\"},\"wordCount\":456,\"publisher\":{\"@id\":\"https:\\\/\\\/motorista.com.br\\\/noticias\\\/#organization\"},\"image\":{\"@id\":\"https:\\\/\\\/motorista.com.br\\\/noticias\\\/2026\\\/04\\\/30\\\/digio-esclarece-sobre-a-inatividade-da-uber-conta\\\/#primaryimage\"},\"thumbnailUrl\":\"https:\\\/\\\/motorista.com.br\\\/noticias\\\/wp-content\\\/uploads\\\/2026\\\/04\\\/WhatsApp-Image-2026-04-29-at-17.26.01.jpeg\",\"articleSection\":[\"Aplicativos\",\"Motorista\"],\"inLanguage\":\"pt-BR\"},{\"@type\":\"WebPage\",\"@id\":\"https:\\\/\\\/motorista.com.br\\\/noticias\\\/2026\\\/04\\\/30\\\/digio-esclarece-sobre-a-inatividade-da-uber-conta\\\/\",\"url\":\"https:\\\/\\\/motorista.com.br\\\/noticias\\\/2026\\\/04\\\/30\\\/digio-esclarece-sobre-a-inatividade-da-uber-conta\\\/\",\"name\":\"Digio esclarece sobre a inatividade da Uber Conta - Motorista.com.br\",\"isPartOf\":{\"@id\":\"https:\\\/\\\/motorista.com.br\\\/noticias\\\/#website\"},\"primaryImageOfPage\":{\"@id\":\"https:\\\/\\\/motorista.com.br\\\/noticias\\\/2026\\\/04\\\/30\\\/digio-esclarece-sobre-a-inatividade-da-uber-conta\\\/#primaryimage\"},\"image\":{\"@id\":\"https:\\\/\\\/motorista.com.br\\\/noticias\\\/2026\\\/04\\\/30\\\/digio-esclarece-sobre-a-inatividade-da-uber-conta\\\/#primaryimage\"},\"thumbnailUrl\":\"https:\\\/\\\/motorista.com.br\\\/noticias\\\/wp-content\\\/uploads\\\/2026\\\/04\\\/WhatsApp-Image-2026-04-29-at-17.26.01.jpeg\",\"datePublished\":\"2026-04-30T09:31:12+00:00\",\"breadcrumb\":{\"@id\":\"https:\\\/\\\/motorista.com.br\\\/noticias\\\/2026\\\/04\\\/30\\\/digio-esclarece-sobre-a-inatividade-da-uber-conta\\\/#breadcrumb\"},\"inLanguage\":\"pt-BR\",\"potentialAction\":[{\"@type\":\"ReadAction\",\"target\":[\"https:\\\/\\\/motorista.com.br\\\/noticias\\\/2026\\\/04\\\/30\\\/digio-esclarece-sobre-a-inatividade-da-uber-conta\\\/\"]}]},{\"@type\":\"ImageObject\",\"inLanguage\":\"pt-BR\",\"@id\":\"https:\\\/\\\/motorista.com.br\\\/noticias\\\/2026\\\/04\\\/30\\\/digio-esclarece-sobre-a-inatividade-da-uber-conta\\\/#primaryimage\",\"url\":\"https:\\\/\\\/motorista.com.br\\\/noticias\\\/wp-content\\\/uploads\\\/2026\\\/04\\\/WhatsApp-Image-2026-04-29-at-17.26.01.jpeg\",\"contentUrl\":\"https:\\\/\\\/motorista.com.br\\\/noticias\\\/wp-content\\\/uploads\\\/2026\\\/04\\\/WhatsApp-Image-2026-04-29-at-17.26.01.jpeg\",\"width\":810,\"height\":912},{\"@type\":\"BreadcrumbList\",\"@id\":\"https:\\\/\\\/motorista.com.br\\\/noticias\\\/2026\\\/04\\\/30\\\/digio-esclarece-sobre-a-inatividade-da-uber-conta\\\/#breadcrumb\",\"itemListElement\":[{\"@type\":\"ListItem\",\"position\":1,\"name\":\"In\u00edcio\",\"item\":\"https:\\\/\\\/motorista.com.br\\\/noticias\\\/\"},{\"@type\":\"ListItem\",\"position\":2,\"name\":\"Digio esclarece sobre a inatividade da Uber Conta\"}]},{\"@type\":\"WebSite\",\"@id\":\"https:\\\/\\\/motorista.com.br\\\/noticias\\\/#website\",\"url\":\"https:\\\/\\\/motorista.com.br\\\/noticias\\\/\",\"name\":\"Motorista.com.br\",\"description\":\"Not\u00edcia do Motorista\",\"publisher\":{\"@id\":\"https:\\\/\\\/motorista.com.br\\\/noticias\\\/#organization\"},\"potentialAction\":[{\"@type\":\"SearchAction\",\"target\":{\"@type\":\"EntryPoint\",\"urlTemplate\":\"https:\\\/\\\/motorista.com.br\\\/noticias\\\/?s={search_term_string}\"},\"query-input\":{\"@type\":\"PropertyValueSpecification\",\"valueRequired\":true,\"valueName\":\"search_term_string\"}}],\"inLanguage\":\"pt-BR\"},{\"@type\":\"Organization\",\"@id\":\"https:\\\/\\\/motorista.com.br\\\/noticias\\\/#organization\",\"name\":\"Motorista.com.br\",\"url\":\"https:\\\/\\\/motorista.com.br\\\/noticias\\\/\",\"logo\":{\"@type\":\"ImageObject\",\"inLanguage\":\"pt-BR\",\"@id\":\"https:\\\/\\\/motorista.com.br\\\/noticias\\\/#\\\/schema\\\/logo\\\/image\\\/\",\"url\":\"https:\\\/\\\/motorista.com.br\\\/noticias\\\/wp-content\\\/uploads\\\/2025\\\/06\\\/Design-sem-nome-9.png\",\"contentUrl\":\"https:\\\/\\\/motorista.com.br\\\/noticias\\\/wp-content\\\/uploads\\\/2025\\\/06\\\/Design-sem-nome-9.png\",\"width\":150,\"height\":85,\"caption\":\"Motorista.com.br\"},\"image\":{\"@id\":\"https:\\\/\\\/motorista.com.br\\\/noticias\\\/#\\\/schema\\\/logo\\\/image\\\/\"}},{\"@type\":\"Person\",\"@id\":\"https:\\\/\\\/motorista.com.br\\\/noticias\\\/#\\\/schema\\\/person\\\/dc93afc2981c0e3ce6bc3c053fd847be\",\"name\":\"Equipe Reda\u00e7\u00e3o\",\"image\":{\"@type\":\"ImageObject\",\"inLanguage\":\"pt-BR\",\"@id\":\"https:\\\/\\\/secure.gravatar.com\\\/avatar\\\/4f525efbf18dd2bb300ccad28bfb99d95a9465a5ba268407c8c37b37e1f28d2d?s=96&d=mm&r=g9e099043a0c61e9ae27e293b9fa75ffc\",\"url\":\"https:\\\/\\\/secure.gravatar.com\\\/avatar\\\/4f525efbf18dd2bb300ccad28bfb99d95a9465a5ba268407c8c37b37e1f28d2d?s=96&d=mm&r=g\",\"contentUrl\":\"https:\\\/\\\/secure.gravatar.com\\\/avatar\\\/4f525efbf18dd2bb300ccad28bfb99d95a9465a5ba268407c8c37b37e1f28d2d?s=96&d=mm&r=g\",\"caption\":\"Equipe Reda\u00e7\u00e3o\"},\"description\":\"Equipe de reda\u00e7\u00e3o \u00e9 um grupo de profissionais que trabalham juntos para criar conte\u00fado escrito para Motorista.com.br\",\"url\":\"https:\\\/\\\/motorista.com.br\\\/noticias\\\/author\\\/equiperedacao\\\/\"}]}<\/script>\n<!-- \/ Yoast SEO Premium plugin. -->","yoast_head_json":{"title":"Digio esclarece sobre a inatividade da Uber Conta - Motorista.com.br","robots":{"index":"index","follow":"follow","max-snippet":"max-snippet:-1","max-image-preview":"max-image-preview:large","max-video-preview":"max-video-preview:-1"},"canonical":"https:\/\/motorista.com.br\/noticias\/2026\/04\/30\/digio-esclarece-sobre-a-inatividade-da-uber-conta\/","og_locale":"pt_BR","og_type":"article","og_title":"Digio esclarece sobre a inatividade da Uber Conta","og_description":"Digio Explica: Uber Conta Fora do Ar Recentemente, o banco digital Digio, parceiro da Uber Conta, informou sobre a interrup\u00e7\u00e3o tempor\u00e1ria dos servi\u00e7os de PIX e Saque Digital, ap\u00f3s identificar um movimento at\u00edpico na infraestrutura na \u00faltima sexta-feira. Em resposta, o banco adotou medidas de seguran\u00e7a para garantir a integridade das contas, suspendendo os servi\u00e7os &hellip;","og_url":"https:\/\/motorista.com.br\/noticias\/2026\/04\/30\/digio-esclarece-sobre-a-inatividade-da-uber-conta\/","og_site_name":"Motorista.com.br","article_published_time":"2026-04-30T09:31:12+00:00","author":"Equipe Reda\u00e7\u00e3o","twitter_card":"summary_large_image","twitter_misc":{"Escrito por":"Equipe Reda\u00e7\u00e3o","Est. tempo de leitura":"2 minutos","Written by":"Equipe Reda\u00e7\u00e3o"},"schema":{"@context":"https:\/\/schema.org","@graph":[{"@type":"Article","@id":"https:\/\/motorista.com.br\/noticias\/2026\/04\/30\/digio-esclarece-sobre-a-inatividade-da-uber-conta\/#article","isPartOf":{"@id":"https:\/\/motorista.com.br\/noticias\/2026\/04\/30\/digio-esclarece-sobre-a-inatividade-da-uber-conta\/"},"author":{"name":"Equipe Reda\u00e7\u00e3o","@id":"https:\/\/motorista.com.br\/noticias\/#\/schema\/person\/dc93afc2981c0e3ce6bc3c053fd847be"},"headline":"Digio esclarece sobre a inatividade da Uber Conta","datePublished":"2026-04-30T09:31:12+00:00","mainEntityOfPage":{"@id":"https:\/\/motorista.com.br\/noticias\/2026\/04\/30\/digio-esclarece-sobre-a-inatividade-da-uber-conta\/"},"wordCount":456,"publisher":{"@id":"https:\/\/motorista.com.br\/noticias\/#organization"},"image":{"@id":"https:\/\/motorista.com.br\/noticias\/2026\/04\/30\/digio-esclarece-sobre-a-inatividade-da-uber-conta\/#primaryimage"},"thumbnailUrl":"https:\/\/motorista.com.br\/noticias\/wp-content\/uploads\/2026\/04\/WhatsApp-Image-2026-04-29-at-17.26.01.jpeg","articleSection":["Aplicativos","Motorista"],"inLanguage":"pt-BR"},{"@type":"WebPage","@id":"https:\/\/motorista.com.br\/noticias\/2026\/04\/30\/digio-esclarece-sobre-a-inatividade-da-uber-conta\/","url":"https:\/\/motorista.com.br\/noticias\/2026\/04\/30\/digio-esclarece-sobre-a-inatividade-da-uber-conta\/","name":"Digio esclarece sobre a inatividade da Uber Conta - Motorista.com.br","isPartOf":{"@id":"https:\/\/motorista.com.br\/noticias\/#website"},"primaryImageOfPage":{"@id":"https:\/\/motorista.com.br\/noticias\/2026\/04\/30\/digio-esclarece-sobre-a-inatividade-da-uber-conta\/#primaryimage"},"image":{"@id":"https:\/\/motorista.com.br\/noticias\/2026\/04\/30\/digio-esclarece-sobre-a-inatividade-da-uber-conta\/#primaryimage"},"thumbnailUrl":"https:\/\/motorista.com.br\/noticias\/wp-content\/uploads\/2026\/04\/WhatsApp-Image-2026-04-29-at-17.26.01.jpeg","datePublished":"2026-04-30T09:31:12+00:00","breadcrumb":{"@id":"https:\/\/motorista.com.br\/noticias\/2026\/04\/30\/digio-esclarece-sobre-a-inatividade-da-uber-conta\/#breadcrumb"},"inLanguage":"pt-BR","potentialAction":[{"@type":"ReadAction","target":["https:\/\/motorista.com.br\/noticias\/2026\/04\/30\/digio-esclarece-sobre-a-inatividade-da-uber-conta\/"]}]},{"@type":"ImageObject","inLanguage":"pt-BR","@id":"https:\/\/motorista.com.br\/noticias\/2026\/04\/30\/digio-esclarece-sobre-a-inatividade-da-uber-conta\/#primaryimage","url":"https:\/\/motorista.com.br\/noticias\/wp-content\/uploads\/2026\/04\/WhatsApp-Image-2026-04-29-at-17.26.01.jpeg","contentUrl":"https:\/\/motorista.com.br\/noticias\/wp-content\/uploads\/2026\/04\/WhatsApp-Image-2026-04-29-at-17.26.01.jpeg","width":810,"height":912},{"@type":"BreadcrumbList","@id":"https:\/\/motorista.com.br\/noticias\/2026\/04\/30\/digio-esclarece-sobre-a-inatividade-da-uber-conta\/#breadcrumb","itemListElement":[{"@type":"ListItem","position":1,"name":"In\u00edcio","item":"https:\/\/motorista.com.br\/noticias\/"},{"@type":"ListItem","position":2,"name":"Digio esclarece sobre a inatividade da Uber Conta"}]},{"@type":"WebSite","@id":"https:\/\/motorista.com.br\/noticias\/#website","url":"https:\/\/motorista.com.br\/noticias\/","name":"Motorista.com.br","description":"Not\u00edcia do Motorista","publisher":{"@id":"https:\/\/motorista.com.br\/noticias\/#organization"},"potentialAction":[{"@type":"SearchAction","target":{"@type":"EntryPoint","urlTemplate":"https:\/\/motorista.com.br\/noticias\/?s={search_term_string}"},"query-input":{"@type":"PropertyValueSpecification","valueRequired":true,"valueName":"search_term_string"}}],"inLanguage":"pt-BR"},{"@type":"Organization","@id":"https:\/\/motorista.com.br\/noticias\/#organization","name":"Motorista.com.br","url":"https:\/\/motorista.com.br\/noticias\/","logo":{"@type":"ImageObject","inLanguage":"pt-BR","@id":"https:\/\/motorista.com.br\/noticias\/#\/schema\/logo\/image\/","url":"https:\/\/motorista.com.br\/noticias\/wp-content\/uploads\/2025\/06\/Design-sem-nome-9.png","contentUrl":"https:\/\/motorista.com.br\/noticias\/wp-content\/uploads\/2025\/06\/Design-sem-nome-9.png","width":150,"height":85,"caption":"Motorista.com.br"},"image":{"@id":"https:\/\/motorista.com.br\/noticias\/#\/schema\/logo\/image\/"}},{"@type":"Person","@id":"https:\/\/motorista.com.br\/noticias\/#\/schema\/person\/dc93afc2981c0e3ce6bc3c053fd847be","name":"Equipe Reda\u00e7\u00e3o","image":{"@type":"ImageObject","inLanguage":"pt-BR","@id":"https:\/\/secure.gravatar.com\/avatar\/4f525efbf18dd2bb300ccad28bfb99d95a9465a5ba268407c8c37b37e1f28d2d?s=96&d=mm&r=g9e099043a0c61e9ae27e293b9fa75ffc","url":"https:\/\/secure.gravatar.com\/avatar\/4f525efbf18dd2bb300ccad28bfb99d95a9465a5ba268407c8c37b37e1f28d2d?s=96&d=mm&r=g","contentUrl":"https:\/\/secure.gravatar.com\/avatar\/4f525efbf18dd2bb300ccad28bfb99d95a9465a5ba268407c8c37b37e1f28d2d?s=96&d=mm&r=g","caption":"Equipe Reda\u00e7\u00e3o"},"description":"Equipe de reda\u00e7\u00e3o \u00e9 um grupo de profissionais que trabalham juntos para criar conte\u00fado escrito para Motorista.com.br","url":"https:\/\/motorista.com.br\/noticias\/author\/equiperedacao\/"}]}},"_links":{"self":[{"href":"https:\/\/motorista.com.br\/noticias\/wp-json\/wp\/v2\/posts\/9366","targetHints":{"allow":["GET"]}}],"collection":[{"href":"https:\/\/motorista.com.br\/noticias\/wp-json\/wp\/v2\/posts"}],"about":[{"href":"https:\/\/motorista.com.br\/noticias\/wp-json\/wp\/v2\/types\/post"}],"author":[{"embeddable":true,"href":"https:\/\/motorista.com.br\/noticias\/wp-json\/wp\/v2\/users\/4"}],"replies":[{"embeddable":true,"href":"https:\/\/motorista.com.br\/noticias\/wp-json\/wp\/v2\/comments?post=9366"}],"version-history":[{"count":0,"href":"https:\/\/motorista.com.br\/noticias\/wp-json\/wp\/v2\/posts\/9366\/revisions"}],"wp:featuredmedia":[{"embeddable":true,"href":"https:\/\/motorista.com.br\/noticias\/wp-json\/wp\/v2\/media\/9348"}],"wp:attachment":[{"href":"https:\/\/motorista.com.br\/noticias\/wp-json\/wp\/v2\/media?parent=9366"}],"wp:term":[{"taxonomy":"category","embeddable":true,"href":"https:\/\/motorista.com.br\/noticias\/wp-json\/wp\/v2\/categories?post=9366"},{"taxonomy":"post_tag","embeddable":true,"href":"https:\/\/motorista.com.br\/noticias\/wp-json\/wp\/v2\/tags?post=9366"},{"taxonomy":"author","embeddable":true,"href":"https:\/\/motorista.com.br\/noticias\/wp-json\/wp\/v2\/coauthors?post=9366"}],"curies":[{"name":"wp","href":"https:\/\/api.w.org\/{rel}","templated":true}]}}