{"id":9357,"date":"2026-04-30T00:46:07","date_gmt":"2026-04-30T03:46:07","guid":{"rendered":"https:\/\/motorista.com.br\/noticias\/2026\/04\/30\/feriado-em-comemoracao-ao-dia-do-trabalhador-setcesp\/"},"modified":"2026-04-30T00:46:07","modified_gmt":"2026-04-30T03:46:07","slug":"feriado-em-comemoracao-ao-dia-do-trabalhador-setcesp","status":"publish","type":"post","link":"https:\/\/motorista.com.br\/noticias\/2026\/04\/30\/feriado-em-comemoracao-ao-dia-do-trabalhador-setcesp\/","title":{"rendered":"Feriado em Comemora\u00e7\u00e3o ao Dia do Trabalhador \u2013 SETCESP"},"content":{"rendered":"<p><\/p>\n<h3>Feriado Dia do Trabalhador \u2013 SETCESP<\/h3>\n<p>Neste 1\u00ba de maio, celebramos a dedica\u00e7\u00e3o, o esfor\u00e7o e a import\u00e2ncia de todos os profissionais que movem o pa\u00eds diariamente. O Dia do Trabalhador \u00e9 uma oportunidade de reconhecer e valorizar o papel essencial dos trabalhadores do transporte rodovi\u00e1rio de cargas, que s\u00e3o fundamentais para o desenvolvimento da nossa economia.<\/p>\n<p>O SETCESP parabeniza especialmente esses profissionais, cuja contribui\u00e7\u00e3o \u00e9 vital para a mobilidade e o fluxo econ\u00f4mico. A log\u00edstica eficiente proporcionada pelos motoristas torna poss\u00edvel o transporte de mercadorias, alimentos e produtos essenciais, garantindo que as prateleiras das lojas permane\u00e7am abastecidas e que a economia se mantenha ativa.<\/p>\n<p>\u00c9 importante lembrar que, neste feriado, n\u00e3o haver\u00e1 atendimento no SETCESP. As atividades ser\u00e3o retomadas normalmente no pr\u00f3ximo dia \u00fatil. Este \u00e9 um momento para que todos os trabalhadores possam relaxar e celebrar suas conquistas, refletindo sobre a import\u00e2ncia do trabalho e do desenvolvimento cont\u00ednuo para a mobilidade no Brasil.<\/p>\n<p>O respeito e o reconhecimento por parte de todos os setores da sociedade s\u00e3o fundamentais para fomentar um ambiente de trabalho positivo e produtivo. Com um restabelecimento de opera\u00e7\u00f5es no dia \u00fatil seguinte, a expectativa \u00e9 que os motoristas voltem revigorados, prontos para enfrentar novos desafios e promover ainda mais a mobilidade e o progresso.<\/p>\n<h3>Reconhecimento e Impacto na Mobilidade<\/h3>\n<p>Os trabalhadores do transporte rodovi\u00e1rio n\u00e3o apenas movem cargas; eles sustentam a estrutura econ\u00f4mica do pa\u00eds. Por isso, em datas como esta, \u00e9 essencial refletir sobre como esse setor impacta a mobilidade geral. Quando os motoristas est\u00e3o bem reconhecidos e valorizados, a efici\u00eancia do transporte melhora, podendo resultar em menos congestionamentos, entregas mais r\u00e1pidas e uma rede log\u00edstica mais integrada.<\/p>\n<p>Dentro deste contexto, \u00e9 vital que as empresas, governos e a sociedade em geral continuem a apoiar e valorizar esses profissionais. O fortalecimento do setor de transporte \u00e9, portanto, um pilar importante para um futuro sustent\u00e1vel e eficiente de mobilidade no Brasil.<\/p>\n<p><strong>Fonte: SETCESP<\/strong><\/p>\n","protected":false},"excerpt":{"rendered":"<p>Feriado Dia do Trabalhador \u2013 SETCESP Neste 1\u00ba de maio, celebramos a dedica\u00e7\u00e3o, o esfor\u00e7o e a import\u00e2ncia de todos os profissionais que movem o pa\u00eds diariamente. O Dia do Trabalhador \u00e9 uma oportunidade de reconhecer e valorizar o papel essencial dos trabalhadores do transporte rodovi\u00e1rio de cargas, que s\u00e3o fundamentais para o desenvolvimento da &hellip;<\/p>\n","protected":false},"author":4,"featured_media":9358,"comment_status":"","ping_status":"open","sticky":false,"template":"","format":"standard","meta":{"footnotes":""},"categories":[62],"tags":[],"coauthors":[42],"class_list":["post-9357","post","type-post","status-publish","format-standard","has-post-thumbnail","hentry","category-logistica"],"yoast_head":"<!-- This site is optimized with the Yoast SEO Premium plugin v25.5 (Yoast SEO v27.5) - https:\/\/yoast.com\/product\/yoast-seo-premium-wordpress\/ -->\n<title>Feriado em Comemora\u00e7\u00e3o ao Dia do Trabalhador \u2013 SETCESP - Motorista.com.br<\/title>\n<meta name=\"robots\" content=\"index, follow, max-snippet:-1, max-image-preview:large, max-video-preview:-1\" \/>\n<link rel=\"canonical\" href=\"https:\/\/motorista.com.br\/noticias\/2026\/04\/30\/feriado-em-comemoracao-ao-dia-do-trabalhador-setcesp\/\" \/>\n<meta property=\"og:locale\" content=\"pt_BR\" \/>\n<meta property=\"og:type\" content=\"article\" \/>\n<meta property=\"og:title\" content=\"Feriado em Comemora\u00e7\u00e3o ao Dia do Trabalhador \u2013 SETCESP\" \/>\n<meta property=\"og:description\" content=\"Feriado Dia do Trabalhador \u2013 SETCESP Neste 1\u00ba de maio, celebramos a dedica\u00e7\u00e3o, o esfor\u00e7o e a import\u00e2ncia de todos os profissionais que movem o pa\u00eds diariamente. O Dia do Trabalhador \u00e9 uma oportunidade de reconhecer e valorizar o papel essencial dos trabalhadores do transporte rodovi\u00e1rio de cargas, que s\u00e3o fundamentais para o desenvolvimento da &hellip;\" \/>\n<meta property=\"og:url\" content=\"https:\/\/motorista.com.br\/noticias\/2026\/04\/30\/feriado-em-comemoracao-ao-dia-do-trabalhador-setcesp\/\" \/>\n<meta property=\"og:site_name\" content=\"Motorista.com.br\" \/>\n<meta property=\"article:published_time\" content=\"2026-04-30T03:46:07+00:00\" \/>\n<meta name=\"author\" content=\"Equipe Reda\u00e7\u00e3o\" \/>\n<meta name=\"twitter:card\" content=\"summary_large_image\" \/>\n<meta name=\"twitter:label1\" content=\"Escrito por\" \/>\n\t<meta name=\"twitter:data1\" content=\"Equipe Reda\u00e7\u00e3o\" \/>\n\t<meta name=\"twitter:label2\" content=\"Est. tempo de leitura\" \/>\n\t<meta name=\"twitter:data2\" content=\"2 minutos\" \/>\n\t<meta name=\"twitter:label3\" content=\"Written by\" \/>\n\t<meta name=\"twitter:data3\" content=\"Equipe Reda\u00e7\u00e3o\" \/>\n<script type=\"application\/ld+json\" class=\"yoast-schema-graph\">{\"@context\":\"https:\\\/\\\/schema.org\",\"@graph\":[{\"@type\":\"Article\",\"@id\":\"https:\\\/\\\/motorista.com.br\\\/noticias\\\/2026\\\/04\\\/30\\\/feriado-em-comemoracao-ao-dia-do-trabalhador-setcesp\\\/#article\",\"isPartOf\":{\"@id\":\"https:\\\/\\\/motorista.com.br\\\/noticias\\\/2026\\\/04\\\/30\\\/feriado-em-comemoracao-ao-dia-do-trabalhador-setcesp\\\/\"},\"author\":{\"name\":\"Equipe Reda\u00e7\u00e3o\",\"@id\":\"https:\\\/\\\/motorista.com.br\\\/noticias\\\/#\\\/schema\\\/person\\\/dc93afc2981c0e3ce6bc3c053fd847be\"},\"headline\":\"Feriado em Comemora\u00e7\u00e3o ao Dia do Trabalhador \u2013 SETCESP\",\"datePublished\":\"2026-04-30T03:46:07+00:00\",\"mainEntityOfPage\":{\"@id\":\"https:\\\/\\\/motorista.com.br\\\/noticias\\\/2026\\\/04\\\/30\\\/feriado-em-comemoracao-ao-dia-do-trabalhador-setcesp\\\/\"},\"wordCount\":345,\"publisher\":{\"@id\":\"https:\\\/\\\/motorista.com.br\\\/noticias\\\/#organization\"},\"image\":{\"@id\":\"https:\\\/\\\/motorista.com.br\\\/noticias\\\/2026\\\/04\\\/30\\\/feriado-em-comemoracao-ao-dia-do-trabalhador-setcesp\\\/#primaryimage\"},\"thumbnailUrl\":\"https:\\\/\\\/motorista.com.br\\\/noticias\\\/wp-content\\\/uploads\\\/2026\\\/04\\\/Email_Horario-de-Atendimento_2025_1400x700-2.png\",\"articleSection\":[\"Log\u00edstica\"],\"inLanguage\":\"pt-BR\"},{\"@type\":\"WebPage\",\"@id\":\"https:\\\/\\\/motorista.com.br\\\/noticias\\\/2026\\\/04\\\/30\\\/feriado-em-comemoracao-ao-dia-do-trabalhador-setcesp\\\/\",\"url\":\"https:\\\/\\\/motorista.com.br\\\/noticias\\\/2026\\\/04\\\/30\\\/feriado-em-comemoracao-ao-dia-do-trabalhador-setcesp\\\/\",\"name\":\"Feriado em Comemora\u00e7\u00e3o ao Dia do Trabalhador \u2013 SETCESP - Motorista.com.br\",\"isPartOf\":{\"@id\":\"https:\\\/\\\/motorista.com.br\\\/noticias\\\/#website\"},\"primaryImageOfPage\":{\"@id\":\"https:\\\/\\\/motorista.com.br\\\/noticias\\\/2026\\\/04\\\/30\\\/feriado-em-comemoracao-ao-dia-do-trabalhador-setcesp\\\/#primaryimage\"},\"image\":{\"@id\":\"https:\\\/\\\/motorista.com.br\\\/noticias\\\/2026\\\/04\\\/30\\\/feriado-em-comemoracao-ao-dia-do-trabalhador-setcesp\\\/#primaryimage\"},\"thumbnailUrl\":\"https:\\\/\\\/motorista.com.br\\\/noticias\\\/wp-content\\\/uploads\\\/2026\\\/04\\\/Email_Horario-de-Atendimento_2025_1400x700-2.png\",\"datePublished\":\"2026-04-30T03:46:07+00:00\",\"breadcrumb\":{\"@id\":\"https:\\\/\\\/motorista.com.br\\\/noticias\\\/2026\\\/04\\\/30\\\/feriado-em-comemoracao-ao-dia-do-trabalhador-setcesp\\\/#breadcrumb\"},\"inLanguage\":\"pt-BR\",\"potentialAction\":[{\"@type\":\"ReadAction\",\"target\":[\"https:\\\/\\\/motorista.com.br\\\/noticias\\\/2026\\\/04\\\/30\\\/feriado-em-comemoracao-ao-dia-do-trabalhador-setcesp\\\/\"]}]},{\"@type\":\"ImageObject\",\"inLanguage\":\"pt-BR\",\"@id\":\"https:\\\/\\\/motorista.com.br\\\/noticias\\\/2026\\\/04\\\/30\\\/feriado-em-comemoracao-ao-dia-do-trabalhador-setcesp\\\/#primaryimage\",\"url\":\"https:\\\/\\\/motorista.com.br\\\/noticias\\\/wp-content\\\/uploads\\\/2026\\\/04\\\/Email_Horario-de-Atendimento_2025_1400x700-2.png\",\"contentUrl\":\"https:\\\/\\\/motorista.com.br\\\/noticias\\\/wp-content\\\/uploads\\\/2026\\\/04\\\/Email_Horario-de-Atendimento_2025_1400x700-2.png\",\"width\":1400,\"height\":700},{\"@type\":\"BreadcrumbList\",\"@id\":\"https:\\\/\\\/motorista.com.br\\\/noticias\\\/2026\\\/04\\\/30\\\/feriado-em-comemoracao-ao-dia-do-trabalhador-setcesp\\\/#breadcrumb\",\"itemListElement\":[{\"@type\":\"ListItem\",\"position\":1,\"name\":\"In\u00edcio\",\"item\":\"https:\\\/\\\/motorista.com.br\\\/noticias\\\/\"},{\"@type\":\"ListItem\",\"position\":2,\"name\":\"Feriado em Comemora\u00e7\u00e3o ao Dia do Trabalhador \u2013 SETCESP\"}]},{\"@type\":\"WebSite\",\"@id\":\"https:\\\/\\\/motorista.com.br\\\/noticias\\\/#website\",\"url\":\"https:\\\/\\\/motorista.com.br\\\/noticias\\\/\",\"name\":\"Motorista.com.br\",\"description\":\"Not\u00edcia do Motorista\",\"publisher\":{\"@id\":\"https:\\\/\\\/motorista.com.br\\\/noticias\\\/#organization\"},\"potentialAction\":[{\"@type\":\"SearchAction\",\"target\":{\"@type\":\"EntryPoint\",\"urlTemplate\":\"https:\\\/\\\/motorista.com.br\\\/noticias\\\/?s={search_term_string}\"},\"query-input\":{\"@type\":\"PropertyValueSpecification\",\"valueRequired\":true,\"valueName\":\"search_term_string\"}}],\"inLanguage\":\"pt-BR\"},{\"@type\":\"Organization\",\"@id\":\"https:\\\/\\\/motorista.com.br\\\/noticias\\\/#organization\",\"name\":\"Motorista.com.br\",\"url\":\"https:\\\/\\\/motorista.com.br\\\/noticias\\\/\",\"logo\":{\"@type\":\"ImageObject\",\"inLanguage\":\"pt-BR\",\"@id\":\"https:\\\/\\\/motorista.com.br\\\/noticias\\\/#\\\/schema\\\/logo\\\/image\\\/\",\"url\":\"https:\\\/\\\/motorista.com.br\\\/noticias\\\/wp-content\\\/uploads\\\/2025\\\/06\\\/Design-sem-nome-9.png\",\"contentUrl\":\"https:\\\/\\\/motorista.com.br\\\/noticias\\\/wp-content\\\/uploads\\\/2025\\\/06\\\/Design-sem-nome-9.png\",\"width\":150,\"height\":85,\"caption\":\"Motorista.com.br\"},\"image\":{\"@id\":\"https:\\\/\\\/motorista.com.br\\\/noticias\\\/#\\\/schema\\\/logo\\\/image\\\/\"}},{\"@type\":\"Person\",\"@id\":\"https:\\\/\\\/motorista.com.br\\\/noticias\\\/#\\\/schema\\\/person\\\/dc93afc2981c0e3ce6bc3c053fd847be\",\"name\":\"Equipe Reda\u00e7\u00e3o\",\"image\":{\"@type\":\"ImageObject\",\"inLanguage\":\"pt-BR\",\"@id\":\"https:\\\/\\\/secure.gravatar.com\\\/avatar\\\/4f525efbf18dd2bb300ccad28bfb99d95a9465a5ba268407c8c37b37e1f28d2d?s=96&d=mm&r=g9e099043a0c61e9ae27e293b9fa75ffc\",\"url\":\"https:\\\/\\\/secure.gravatar.com\\\/avatar\\\/4f525efbf18dd2bb300ccad28bfb99d95a9465a5ba268407c8c37b37e1f28d2d?s=96&d=mm&r=g\",\"contentUrl\":\"https:\\\/\\\/secure.gravatar.com\\\/avatar\\\/4f525efbf18dd2bb300ccad28bfb99d95a9465a5ba268407c8c37b37e1f28d2d?s=96&d=mm&r=g\",\"caption\":\"Equipe Reda\u00e7\u00e3o\"},\"description\":\"Equipe de reda\u00e7\u00e3o \u00e9 um grupo de profissionais que trabalham juntos para criar conte\u00fado escrito para Motorista.com.br\",\"url\":\"https:\\\/\\\/motorista.com.br\\\/noticias\\\/author\\\/equiperedacao\\\/\"}]}<\/script>\n<!-- \/ Yoast SEO Premium plugin. -->","yoast_head_json":{"title":"Feriado em Comemora\u00e7\u00e3o ao Dia do Trabalhador \u2013 SETCESP - Motorista.com.br","robots":{"index":"index","follow":"follow","max-snippet":"max-snippet:-1","max-image-preview":"max-image-preview:large","max-video-preview":"max-video-preview:-1"},"canonical":"https:\/\/motorista.com.br\/noticias\/2026\/04\/30\/feriado-em-comemoracao-ao-dia-do-trabalhador-setcesp\/","og_locale":"pt_BR","og_type":"article","og_title":"Feriado em Comemora\u00e7\u00e3o ao Dia do Trabalhador \u2013 SETCESP","og_description":"Feriado Dia do Trabalhador \u2013 SETCESP Neste 1\u00ba de maio, celebramos a dedica\u00e7\u00e3o, o esfor\u00e7o e a import\u00e2ncia de todos os profissionais que movem o pa\u00eds diariamente. O Dia do Trabalhador \u00e9 uma oportunidade de reconhecer e valorizar o papel essencial dos trabalhadores do transporte rodovi\u00e1rio de cargas, que s\u00e3o fundamentais para o desenvolvimento da &hellip;","og_url":"https:\/\/motorista.com.br\/noticias\/2026\/04\/30\/feriado-em-comemoracao-ao-dia-do-trabalhador-setcesp\/","og_site_name":"Motorista.com.br","article_published_time":"2026-04-30T03:46:07+00:00","author":"Equipe Reda\u00e7\u00e3o","twitter_card":"summary_large_image","twitter_misc":{"Escrito por":"Equipe Reda\u00e7\u00e3o","Est. tempo de leitura":"2 minutos","Written by":"Equipe Reda\u00e7\u00e3o"},"schema":{"@context":"https:\/\/schema.org","@graph":[{"@type":"Article","@id":"https:\/\/motorista.com.br\/noticias\/2026\/04\/30\/feriado-em-comemoracao-ao-dia-do-trabalhador-setcesp\/#article","isPartOf":{"@id":"https:\/\/motorista.com.br\/noticias\/2026\/04\/30\/feriado-em-comemoracao-ao-dia-do-trabalhador-setcesp\/"},"author":{"name":"Equipe Reda\u00e7\u00e3o","@id":"https:\/\/motorista.com.br\/noticias\/#\/schema\/person\/dc93afc2981c0e3ce6bc3c053fd847be"},"headline":"Feriado em Comemora\u00e7\u00e3o ao Dia do Trabalhador \u2013 SETCESP","datePublished":"2026-04-30T03:46:07+00:00","mainEntityOfPage":{"@id":"https:\/\/motorista.com.br\/noticias\/2026\/04\/30\/feriado-em-comemoracao-ao-dia-do-trabalhador-setcesp\/"},"wordCount":345,"publisher":{"@id":"https:\/\/motorista.com.br\/noticias\/#organization"},"image":{"@id":"https:\/\/motorista.com.br\/noticias\/2026\/04\/30\/feriado-em-comemoracao-ao-dia-do-trabalhador-setcesp\/#primaryimage"},"thumbnailUrl":"https:\/\/motorista.com.br\/noticias\/wp-content\/uploads\/2026\/04\/Email_Horario-de-Atendimento_2025_1400x700-2.png","articleSection":["Log\u00edstica"],"inLanguage":"pt-BR"},{"@type":"WebPage","@id":"https:\/\/motorista.com.br\/noticias\/2026\/04\/30\/feriado-em-comemoracao-ao-dia-do-trabalhador-setcesp\/","url":"https:\/\/motorista.com.br\/noticias\/2026\/04\/30\/feriado-em-comemoracao-ao-dia-do-trabalhador-setcesp\/","name":"Feriado em Comemora\u00e7\u00e3o ao Dia do Trabalhador \u2013 SETCESP - Motorista.com.br","isPartOf":{"@id":"https:\/\/motorista.com.br\/noticias\/#website"},"primaryImageOfPage":{"@id":"https:\/\/motorista.com.br\/noticias\/2026\/04\/30\/feriado-em-comemoracao-ao-dia-do-trabalhador-setcesp\/#primaryimage"},"image":{"@id":"https:\/\/motorista.com.br\/noticias\/2026\/04\/30\/feriado-em-comemoracao-ao-dia-do-trabalhador-setcesp\/#primaryimage"},"thumbnailUrl":"https:\/\/motorista.com.br\/noticias\/wp-content\/uploads\/2026\/04\/Email_Horario-de-Atendimento_2025_1400x700-2.png","datePublished":"2026-04-30T03:46:07+00:00","breadcrumb":{"@id":"https:\/\/motorista.com.br\/noticias\/2026\/04\/30\/feriado-em-comemoracao-ao-dia-do-trabalhador-setcesp\/#breadcrumb"},"inLanguage":"pt-BR","potentialAction":[{"@type":"ReadAction","target":["https:\/\/motorista.com.br\/noticias\/2026\/04\/30\/feriado-em-comemoracao-ao-dia-do-trabalhador-setcesp\/"]}]},{"@type":"ImageObject","inLanguage":"pt-BR","@id":"https:\/\/motorista.com.br\/noticias\/2026\/04\/30\/feriado-em-comemoracao-ao-dia-do-trabalhador-setcesp\/#primaryimage","url":"https:\/\/motorista.com.br\/noticias\/wp-content\/uploads\/2026\/04\/Email_Horario-de-Atendimento_2025_1400x700-2.png","contentUrl":"https:\/\/motorista.com.br\/noticias\/wp-content\/uploads\/2026\/04\/Email_Horario-de-Atendimento_2025_1400x700-2.png","width":1400,"height":700},{"@type":"BreadcrumbList","@id":"https:\/\/motorista.com.br\/noticias\/2026\/04\/30\/feriado-em-comemoracao-ao-dia-do-trabalhador-setcesp\/#breadcrumb","itemListElement":[{"@type":"ListItem","position":1,"name":"In\u00edcio","item":"https:\/\/motorista.com.br\/noticias\/"},{"@type":"ListItem","position":2,"name":"Feriado em Comemora\u00e7\u00e3o ao Dia do Trabalhador \u2013 SETCESP"}]},{"@type":"WebSite","@id":"https:\/\/motorista.com.br\/noticias\/#website","url":"https:\/\/motorista.com.br\/noticias\/","name":"Motorista.com.br","description":"Not\u00edcia do Motorista","publisher":{"@id":"https:\/\/motorista.com.br\/noticias\/#organization"},"potentialAction":[{"@type":"SearchAction","target":{"@type":"EntryPoint","urlTemplate":"https:\/\/motorista.com.br\/noticias\/?s={search_term_string}"},"query-input":{"@type":"PropertyValueSpecification","valueRequired":true,"valueName":"search_term_string"}}],"inLanguage":"pt-BR"},{"@type":"Organization","@id":"https:\/\/motorista.com.br\/noticias\/#organization","name":"Motorista.com.br","url":"https:\/\/motorista.com.br\/noticias\/","logo":{"@type":"ImageObject","inLanguage":"pt-BR","@id":"https:\/\/motorista.com.br\/noticias\/#\/schema\/logo\/image\/","url":"https:\/\/motorista.com.br\/noticias\/wp-content\/uploads\/2025\/06\/Design-sem-nome-9.png","contentUrl":"https:\/\/motorista.com.br\/noticias\/wp-content\/uploads\/2025\/06\/Design-sem-nome-9.png","width":150,"height":85,"caption":"Motorista.com.br"},"image":{"@id":"https:\/\/motorista.com.br\/noticias\/#\/schema\/logo\/image\/"}},{"@type":"Person","@id":"https:\/\/motorista.com.br\/noticias\/#\/schema\/person\/dc93afc2981c0e3ce6bc3c053fd847be","name":"Equipe Reda\u00e7\u00e3o","image":{"@type":"ImageObject","inLanguage":"pt-BR","@id":"https:\/\/secure.gravatar.com\/avatar\/4f525efbf18dd2bb300ccad28bfb99d95a9465a5ba268407c8c37b37e1f28d2d?s=96&d=mm&r=g9e099043a0c61e9ae27e293b9fa75ffc","url":"https:\/\/secure.gravatar.com\/avatar\/4f525efbf18dd2bb300ccad28bfb99d95a9465a5ba268407c8c37b37e1f28d2d?s=96&d=mm&r=g","contentUrl":"https:\/\/secure.gravatar.com\/avatar\/4f525efbf18dd2bb300ccad28bfb99d95a9465a5ba268407c8c37b37e1f28d2d?s=96&d=mm&r=g","caption":"Equipe Reda\u00e7\u00e3o"},"description":"Equipe de reda\u00e7\u00e3o \u00e9 um grupo de profissionais que trabalham juntos para criar conte\u00fado escrito para Motorista.com.br","url":"https:\/\/motorista.com.br\/noticias\/author\/equiperedacao\/"}]}},"_links":{"self":[{"href":"https:\/\/motorista.com.br\/noticias\/wp-json\/wp\/v2\/posts\/9357","targetHints":{"allow":["GET"]}}],"collection":[{"href":"https:\/\/motorista.com.br\/noticias\/wp-json\/wp\/v2\/posts"}],"about":[{"href":"https:\/\/motorista.com.br\/noticias\/wp-json\/wp\/v2\/types\/post"}],"author":[{"embeddable":true,"href":"https:\/\/motorista.com.br\/noticias\/wp-json\/wp\/v2\/users\/4"}],"replies":[{"embeddable":true,"href":"https:\/\/motorista.com.br\/noticias\/wp-json\/wp\/v2\/comments?post=9357"}],"version-history":[{"count":0,"href":"https:\/\/motorista.com.br\/noticias\/wp-json\/wp\/v2\/posts\/9357\/revisions"}],"wp:featuredmedia":[{"embeddable":true,"href":"https:\/\/motorista.com.br\/noticias\/wp-json\/wp\/v2\/media\/9358"}],"wp:attachment":[{"href":"https:\/\/motorista.com.br\/noticias\/wp-json\/wp\/v2\/media?parent=9357"}],"wp:term":[{"taxonomy":"category","embeddable":true,"href":"https:\/\/motorista.com.br\/noticias\/wp-json\/wp\/v2\/categories?post=9357"},{"taxonomy":"post_tag","embeddable":true,"href":"https:\/\/motorista.com.br\/noticias\/wp-json\/wp\/v2\/tags?post=9357"},{"taxonomy":"author","embeddable":true,"href":"https:\/\/motorista.com.br\/noticias\/wp-json\/wp\/v2\/coauthors?post=9357"}],"curies":[{"name":"wp","href":"https:\/\/api.w.org\/{rel}","templated":true}]}}