{"id":9355,"date":"2026-04-30T00:41:55","date_gmt":"2026-04-30T03:41:55","guid":{"rendered":"https:\/\/motorista.com.br\/noticias\/2026\/04\/30\/venezuela-e-colombia-restabelecem-ligacao-eletrica-bilateral\/"},"modified":"2026-04-30T00:41:55","modified_gmt":"2026-04-30T03:41:55","slug":"venezuela-e-colombia-restabelecem-ligacao-eletrica-bilateral","status":"publish","type":"post","link":"https:\/\/motorista.com.br\/noticias\/2026\/04\/30\/venezuela-e-colombia-restabelecem-ligacao-eletrica-bilateral\/","title":{"rendered":"Venezuela e Col\u00f4mbia restabelecem liga\u00e7\u00e3o el\u00e9trica bilateral."},"content":{"rendered":"<p>A Venezuela e a Col\u00f4mbia reativaram a conex\u00e3o el\u00e9trica binacional atrav\u00e9s de um acordo firmado entre a Corpora\u00e7\u00e3o El\u00e9trica Nacional da Venezuela (Corpoelec) e o Instituto de Planejamento e Promo\u00e7\u00e3o de Solu\u00e7\u00f5es Energ\u00e9ticas para as Zonas N\u00e3o-Interconectadas (Ipse) da Col\u00f4mbia. Essa iniciativa marca uma nova fase de integra\u00e7\u00e3o entre os dois pa\u00edses, que havia sido interrompida em 2018, durante um per\u00edodo de tens\u00f5es diplom\u00e1ticas.<\/p>\n<p>Com a recente reconex\u00e3o, os benef\u00edcios para motoristas e a mobilidade em geral podem ser significativos. A revitaliza\u00e7\u00e3o dessa infraestrutura energ\u00e9tica poder\u00e1 auxiliar na estabilidade do fornecimento de eletricidade, essencial para diversas atividades econ\u00f4micas, incluindo o transporte. A melhoria na efici\u00eancia energ\u00e9tica pode traduzir-se em melhores servi\u00e7os de transporte p\u00fablico e melhores condi\u00e7\u00f5es nas rodovias, uma vez que sistemas de ilumina\u00e7\u00e3o e sinaliza\u00e7\u00e3o dependem de um fornecimento est\u00e1vel de energia.<\/p>\n<p>Al\u00e9m disso, a conex\u00e3o el\u00e9trica permitir\u00e1 que a Col\u00f4mbia forne\u00e7a parte do excedente de sua produ\u00e7\u00e3o \u00e0 Venezuela, que enfrenta desafios em seu sistema el\u00e9trico nacional. Essa troca poder\u00e1 resultar na redu\u00e7\u00e3o de custos e, consequentemente, em tarifas de energia mais acess\u00edveis, beneficiando setores que dependem diretamente da eletricidade, como o transporte. A depend\u00eancia de combust\u00edveis f\u00f3sseis poder\u00e1 ser diminu\u00edda, contribuindo para uma mobilidade mais sustent\u00e1vel.<\/p>\n<p>A interconex\u00e3o entre os dois pa\u00edses tamb\u00e9m facilita o interc\u00e2mbio de eletricidade em per\u00edodos de seca ou falhas na gera\u00e7\u00e3o, proporcionando uma maior resili\u00eancia no sistema de transporte. Logo, com a recupera\u00e7\u00e3o das condi\u00e7\u00f5es de energia, a mobilidade urbana e interurbana pode se mostrar mais eficiente, reduzindo o tempo de deslocamento e aumentando a seguran\u00e7a nas vias.<\/p>\n<p>Essa alian\u00e7a energ\u00e9tica \u00e9 uma oportunidade para promover um desenvolvimento mais sustent\u00e1vel e integrado entre os pa\u00edses, com reflexos diretos na qualidade de vida das popula\u00e7\u00f5es, especialmente no que tange \u00e0 mobilidade. A colabora\u00e7\u00e3o em projetos como este pode servir de modelo para futuras iniciativas na regi\u00e3o, almejando n\u00e3o apenas um crescimento econ\u00f4mico, mas tamb\u00e9m uma melhoria nas condi\u00e7\u00f5es de transporte para todos.<\/p>\n","protected":false},"excerpt":{"rendered":"<p>A Venezuela e a Col\u00f4mbia reativaram a conex\u00e3o el\u00e9trica binacional atrav\u00e9s de um acordo firmado entre a Corpora\u00e7\u00e3o El\u00e9trica Nacional da Venezuela (Corpoelec) e o Instituto de Planejamento e Promo\u00e7\u00e3o de Solu\u00e7\u00f5es Energ\u00e9ticas para as Zonas N\u00e3o-Interconectadas (Ipse) da Col\u00f4mbia. Essa iniciativa marca uma nova fase de integra\u00e7\u00e3o entre os dois pa\u00edses, que havia sido &hellip;<\/p>\n","protected":false},"author":4,"featured_media":9356,"comment_status":"","ping_status":"open","sticky":false,"template":"","format":"standard","meta":{"footnotes":""},"categories":[45],"tags":[],"coauthors":[42],"class_list":["post-9355","post","type-post","status-publish","format-standard","has-post-thumbnail","hentry","category-mundo"],"yoast_head":"<!-- This site is optimized with the Yoast SEO Premium plugin v25.5 (Yoast SEO v27.5) - https:\/\/yoast.com\/product\/yoast-seo-premium-wordpress\/ -->\n<title>Venezuela e Col\u00f4mbia restabelecem liga\u00e7\u00e3o el\u00e9trica bilateral. - Motorista.com.br<\/title>\n<meta name=\"robots\" content=\"index, follow, max-snippet:-1, max-image-preview:large, max-video-preview:-1\" \/>\n<link rel=\"canonical\" href=\"https:\/\/motorista.com.br\/noticias\/2026\/04\/30\/venezuela-e-colombia-restabelecem-ligacao-eletrica-bilateral\/\" \/>\n<meta property=\"og:locale\" content=\"pt_BR\" \/>\n<meta property=\"og:type\" content=\"article\" \/>\n<meta property=\"og:title\" content=\"Venezuela e Col\u00f4mbia restabelecem liga\u00e7\u00e3o el\u00e9trica bilateral.\" \/>\n<meta property=\"og:description\" content=\"A Venezuela e a Col\u00f4mbia reativaram a conex\u00e3o el\u00e9trica binacional atrav\u00e9s de um acordo firmado entre a Corpora\u00e7\u00e3o El\u00e9trica Nacional da Venezuela (Corpoelec) e o Instituto de Planejamento e Promo\u00e7\u00e3o de Solu\u00e7\u00f5es Energ\u00e9ticas para as Zonas N\u00e3o-Interconectadas (Ipse) da Col\u00f4mbia. Essa iniciativa marca uma nova fase de integra\u00e7\u00e3o entre os dois pa\u00edses, que havia sido &hellip;\" \/>\n<meta property=\"og:url\" content=\"https:\/\/motorista.com.br\/noticias\/2026\/04\/30\/venezuela-e-colombia-restabelecem-ligacao-eletrica-bilateral\/\" \/>\n<meta property=\"og:site_name\" content=\"Motorista.com.br\" \/>\n<meta property=\"article:published_time\" content=\"2026-04-30T03:41:55+00:00\" \/>\n<meta name=\"author\" content=\"Equipe Reda\u00e7\u00e3o\" \/>\n<meta name=\"twitter:card\" content=\"summary_large_image\" \/>\n<meta name=\"twitter:label1\" content=\"Escrito por\" \/>\n\t<meta name=\"twitter:data1\" content=\"Equipe Reda\u00e7\u00e3o\" \/>\n\t<meta name=\"twitter:label2\" content=\"Est. tempo de leitura\" \/>\n\t<meta name=\"twitter:data2\" content=\"2 minutos\" \/>\n\t<meta name=\"twitter:label3\" content=\"Written by\" \/>\n\t<meta name=\"twitter:data3\" content=\"Equipe Reda\u00e7\u00e3o\" \/>\n<script type=\"application\/ld+json\" class=\"yoast-schema-graph\">{\"@context\":\"https:\\\/\\\/schema.org\",\"@graph\":[{\"@type\":\"Article\",\"@id\":\"https:\\\/\\\/motorista.com.br\\\/noticias\\\/2026\\\/04\\\/30\\\/venezuela-e-colombia-restabelecem-ligacao-eletrica-bilateral\\\/#article\",\"isPartOf\":{\"@id\":\"https:\\\/\\\/motorista.com.br\\\/noticias\\\/2026\\\/04\\\/30\\\/venezuela-e-colombia-restabelecem-ligacao-eletrica-bilateral\\\/\"},\"author\":{\"name\":\"Equipe Reda\u00e7\u00e3o\",\"@id\":\"https:\\\/\\\/motorista.com.br\\\/noticias\\\/#\\\/schema\\\/person\\\/dc93afc2981c0e3ce6bc3c053fd847be\"},\"headline\":\"Venezuela e Col\u00f4mbia restabelecem liga\u00e7\u00e3o el\u00e9trica bilateral.\",\"datePublished\":\"2026-04-30T03:41:55+00:00\",\"mainEntityOfPage\":{\"@id\":\"https:\\\/\\\/motorista.com.br\\\/noticias\\\/2026\\\/04\\\/30\\\/venezuela-e-colombia-restabelecem-ligacao-eletrica-bilateral\\\/\"},\"wordCount\":390,\"publisher\":{\"@id\":\"https:\\\/\\\/motorista.com.br\\\/noticias\\\/#organization\"},\"image\":{\"@id\":\"https:\\\/\\\/motorista.com.br\\\/noticias\\\/2026\\\/04\\\/30\\\/venezuela-e-colombia-restabelecem-ligacao-eletrica-bilateral\\\/#primaryimage\"},\"thumbnailUrl\":\"https:\\\/\\\/motorista.com.br\\\/noticias\\\/wp-content\\\/uploads\\\/2026\\\/04\\\/delcy-y-petro-1536x1086-1.webp.webp\",\"articleSection\":[\"Mundo\"],\"inLanguage\":\"pt-BR\"},{\"@type\":\"WebPage\",\"@id\":\"https:\\\/\\\/motorista.com.br\\\/noticias\\\/2026\\\/04\\\/30\\\/venezuela-e-colombia-restabelecem-ligacao-eletrica-bilateral\\\/\",\"url\":\"https:\\\/\\\/motorista.com.br\\\/noticias\\\/2026\\\/04\\\/30\\\/venezuela-e-colombia-restabelecem-ligacao-eletrica-bilateral\\\/\",\"name\":\"Venezuela e Col\u00f4mbia restabelecem liga\u00e7\u00e3o el\u00e9trica bilateral. - Motorista.com.br\",\"isPartOf\":{\"@id\":\"https:\\\/\\\/motorista.com.br\\\/noticias\\\/#website\"},\"primaryImageOfPage\":{\"@id\":\"https:\\\/\\\/motorista.com.br\\\/noticias\\\/2026\\\/04\\\/30\\\/venezuela-e-colombia-restabelecem-ligacao-eletrica-bilateral\\\/#primaryimage\"},\"image\":{\"@id\":\"https:\\\/\\\/motorista.com.br\\\/noticias\\\/2026\\\/04\\\/30\\\/venezuela-e-colombia-restabelecem-ligacao-eletrica-bilateral\\\/#primaryimage\"},\"thumbnailUrl\":\"https:\\\/\\\/motorista.com.br\\\/noticias\\\/wp-content\\\/uploads\\\/2026\\\/04\\\/delcy-y-petro-1536x1086-1.webp.webp\",\"datePublished\":\"2026-04-30T03:41:55+00:00\",\"breadcrumb\":{\"@id\":\"https:\\\/\\\/motorista.com.br\\\/noticias\\\/2026\\\/04\\\/30\\\/venezuela-e-colombia-restabelecem-ligacao-eletrica-bilateral\\\/#breadcrumb\"},\"inLanguage\":\"pt-BR\",\"potentialAction\":[{\"@type\":\"ReadAction\",\"target\":[\"https:\\\/\\\/motorista.com.br\\\/noticias\\\/2026\\\/04\\\/30\\\/venezuela-e-colombia-restabelecem-ligacao-eletrica-bilateral\\\/\"]}]},{\"@type\":\"ImageObject\",\"inLanguage\":\"pt-BR\",\"@id\":\"https:\\\/\\\/motorista.com.br\\\/noticias\\\/2026\\\/04\\\/30\\\/venezuela-e-colombia-restabelecem-ligacao-eletrica-bilateral\\\/#primaryimage\",\"url\":\"https:\\\/\\\/motorista.com.br\\\/noticias\\\/wp-content\\\/uploads\\\/2026\\\/04\\\/delcy-y-petro-1536x1086-1.webp.webp\",\"contentUrl\":\"https:\\\/\\\/motorista.com.br\\\/noticias\\\/wp-content\\\/uploads\\\/2026\\\/04\\\/delcy-y-petro-1536x1086-1.webp.webp\",\"width\":1536,\"height\":1086},{\"@type\":\"BreadcrumbList\",\"@id\":\"https:\\\/\\\/motorista.com.br\\\/noticias\\\/2026\\\/04\\\/30\\\/venezuela-e-colombia-restabelecem-ligacao-eletrica-bilateral\\\/#breadcrumb\",\"itemListElement\":[{\"@type\":\"ListItem\",\"position\":1,\"name\":\"In\u00edcio\",\"item\":\"https:\\\/\\\/motorista.com.br\\\/noticias\\\/\"},{\"@type\":\"ListItem\",\"position\":2,\"name\":\"Venezuela e Col\u00f4mbia restabelecem liga\u00e7\u00e3o el\u00e9trica bilateral.\"}]},{\"@type\":\"WebSite\",\"@id\":\"https:\\\/\\\/motorista.com.br\\\/noticias\\\/#website\",\"url\":\"https:\\\/\\\/motorista.com.br\\\/noticias\\\/\",\"name\":\"Motorista.com.br\",\"description\":\"Not\u00edcia do Motorista\",\"publisher\":{\"@id\":\"https:\\\/\\\/motorista.com.br\\\/noticias\\\/#organization\"},\"potentialAction\":[{\"@type\":\"SearchAction\",\"target\":{\"@type\":\"EntryPoint\",\"urlTemplate\":\"https:\\\/\\\/motorista.com.br\\\/noticias\\\/?s={search_term_string}\"},\"query-input\":{\"@type\":\"PropertyValueSpecification\",\"valueRequired\":true,\"valueName\":\"search_term_string\"}}],\"inLanguage\":\"pt-BR\"},{\"@type\":\"Organization\",\"@id\":\"https:\\\/\\\/motorista.com.br\\\/noticias\\\/#organization\",\"name\":\"Motorista.com.br\",\"url\":\"https:\\\/\\\/motorista.com.br\\\/noticias\\\/\",\"logo\":{\"@type\":\"ImageObject\",\"inLanguage\":\"pt-BR\",\"@id\":\"https:\\\/\\\/motorista.com.br\\\/noticias\\\/#\\\/schema\\\/logo\\\/image\\\/\",\"url\":\"https:\\\/\\\/motorista.com.br\\\/noticias\\\/wp-content\\\/uploads\\\/2025\\\/06\\\/Design-sem-nome-9.png\",\"contentUrl\":\"https:\\\/\\\/motorista.com.br\\\/noticias\\\/wp-content\\\/uploads\\\/2025\\\/06\\\/Design-sem-nome-9.png\",\"width\":150,\"height\":85,\"caption\":\"Motorista.com.br\"},\"image\":{\"@id\":\"https:\\\/\\\/motorista.com.br\\\/noticias\\\/#\\\/schema\\\/logo\\\/image\\\/\"}},{\"@type\":\"Person\",\"@id\":\"https:\\\/\\\/motorista.com.br\\\/noticias\\\/#\\\/schema\\\/person\\\/dc93afc2981c0e3ce6bc3c053fd847be\",\"name\":\"Equipe Reda\u00e7\u00e3o\",\"image\":{\"@type\":\"ImageObject\",\"inLanguage\":\"pt-BR\",\"@id\":\"https:\\\/\\\/secure.gravatar.com\\\/avatar\\\/4f525efbf18dd2bb300ccad28bfb99d95a9465a5ba268407c8c37b37e1f28d2d?s=96&d=mm&r=g9e099043a0c61e9ae27e293b9fa75ffc\",\"url\":\"https:\\\/\\\/secure.gravatar.com\\\/avatar\\\/4f525efbf18dd2bb300ccad28bfb99d95a9465a5ba268407c8c37b37e1f28d2d?s=96&d=mm&r=g\",\"contentUrl\":\"https:\\\/\\\/secure.gravatar.com\\\/avatar\\\/4f525efbf18dd2bb300ccad28bfb99d95a9465a5ba268407c8c37b37e1f28d2d?s=96&d=mm&r=g\",\"caption\":\"Equipe Reda\u00e7\u00e3o\"},\"description\":\"Equipe de reda\u00e7\u00e3o \u00e9 um grupo de profissionais que trabalham juntos para criar conte\u00fado escrito para Motorista.com.br\",\"url\":\"https:\\\/\\\/motorista.com.br\\\/noticias\\\/author\\\/equiperedacao\\\/\"}]}<\/script>\n<!-- \/ Yoast SEO Premium plugin. -->","yoast_head_json":{"title":"Venezuela e Col\u00f4mbia restabelecem liga\u00e7\u00e3o el\u00e9trica bilateral. - Motorista.com.br","robots":{"index":"index","follow":"follow","max-snippet":"max-snippet:-1","max-image-preview":"max-image-preview:large","max-video-preview":"max-video-preview:-1"},"canonical":"https:\/\/motorista.com.br\/noticias\/2026\/04\/30\/venezuela-e-colombia-restabelecem-ligacao-eletrica-bilateral\/","og_locale":"pt_BR","og_type":"article","og_title":"Venezuela e Col\u00f4mbia restabelecem liga\u00e7\u00e3o el\u00e9trica bilateral.","og_description":"A Venezuela e a Col\u00f4mbia reativaram a conex\u00e3o el\u00e9trica binacional atrav\u00e9s de um acordo firmado entre a Corpora\u00e7\u00e3o El\u00e9trica Nacional da Venezuela (Corpoelec) e o Instituto de Planejamento e Promo\u00e7\u00e3o de Solu\u00e7\u00f5es Energ\u00e9ticas para as Zonas N\u00e3o-Interconectadas (Ipse) da Col\u00f4mbia. Essa iniciativa marca uma nova fase de integra\u00e7\u00e3o entre os dois pa\u00edses, que havia sido &hellip;","og_url":"https:\/\/motorista.com.br\/noticias\/2026\/04\/30\/venezuela-e-colombia-restabelecem-ligacao-eletrica-bilateral\/","og_site_name":"Motorista.com.br","article_published_time":"2026-04-30T03:41:55+00:00","author":"Equipe Reda\u00e7\u00e3o","twitter_card":"summary_large_image","twitter_misc":{"Escrito por":"Equipe Reda\u00e7\u00e3o","Est. tempo de leitura":"2 minutos","Written by":"Equipe Reda\u00e7\u00e3o"},"schema":{"@context":"https:\/\/schema.org","@graph":[{"@type":"Article","@id":"https:\/\/motorista.com.br\/noticias\/2026\/04\/30\/venezuela-e-colombia-restabelecem-ligacao-eletrica-bilateral\/#article","isPartOf":{"@id":"https:\/\/motorista.com.br\/noticias\/2026\/04\/30\/venezuela-e-colombia-restabelecem-ligacao-eletrica-bilateral\/"},"author":{"name":"Equipe Reda\u00e7\u00e3o","@id":"https:\/\/motorista.com.br\/noticias\/#\/schema\/person\/dc93afc2981c0e3ce6bc3c053fd847be"},"headline":"Venezuela e Col\u00f4mbia restabelecem liga\u00e7\u00e3o el\u00e9trica bilateral.","datePublished":"2026-04-30T03:41:55+00:00","mainEntityOfPage":{"@id":"https:\/\/motorista.com.br\/noticias\/2026\/04\/30\/venezuela-e-colombia-restabelecem-ligacao-eletrica-bilateral\/"},"wordCount":390,"publisher":{"@id":"https:\/\/motorista.com.br\/noticias\/#organization"},"image":{"@id":"https:\/\/motorista.com.br\/noticias\/2026\/04\/30\/venezuela-e-colombia-restabelecem-ligacao-eletrica-bilateral\/#primaryimage"},"thumbnailUrl":"https:\/\/motorista.com.br\/noticias\/wp-content\/uploads\/2026\/04\/delcy-y-petro-1536x1086-1.webp.webp","articleSection":["Mundo"],"inLanguage":"pt-BR"},{"@type":"WebPage","@id":"https:\/\/motorista.com.br\/noticias\/2026\/04\/30\/venezuela-e-colombia-restabelecem-ligacao-eletrica-bilateral\/","url":"https:\/\/motorista.com.br\/noticias\/2026\/04\/30\/venezuela-e-colombia-restabelecem-ligacao-eletrica-bilateral\/","name":"Venezuela e Col\u00f4mbia restabelecem liga\u00e7\u00e3o el\u00e9trica bilateral. - Motorista.com.br","isPartOf":{"@id":"https:\/\/motorista.com.br\/noticias\/#website"},"primaryImageOfPage":{"@id":"https:\/\/motorista.com.br\/noticias\/2026\/04\/30\/venezuela-e-colombia-restabelecem-ligacao-eletrica-bilateral\/#primaryimage"},"image":{"@id":"https:\/\/motorista.com.br\/noticias\/2026\/04\/30\/venezuela-e-colombia-restabelecem-ligacao-eletrica-bilateral\/#primaryimage"},"thumbnailUrl":"https:\/\/motorista.com.br\/noticias\/wp-content\/uploads\/2026\/04\/delcy-y-petro-1536x1086-1.webp.webp","datePublished":"2026-04-30T03:41:55+00:00","breadcrumb":{"@id":"https:\/\/motorista.com.br\/noticias\/2026\/04\/30\/venezuela-e-colombia-restabelecem-ligacao-eletrica-bilateral\/#breadcrumb"},"inLanguage":"pt-BR","potentialAction":[{"@type":"ReadAction","target":["https:\/\/motorista.com.br\/noticias\/2026\/04\/30\/venezuela-e-colombia-restabelecem-ligacao-eletrica-bilateral\/"]}]},{"@type":"ImageObject","inLanguage":"pt-BR","@id":"https:\/\/motorista.com.br\/noticias\/2026\/04\/30\/venezuela-e-colombia-restabelecem-ligacao-eletrica-bilateral\/#primaryimage","url":"https:\/\/motorista.com.br\/noticias\/wp-content\/uploads\/2026\/04\/delcy-y-petro-1536x1086-1.webp.webp","contentUrl":"https:\/\/motorista.com.br\/noticias\/wp-content\/uploads\/2026\/04\/delcy-y-petro-1536x1086-1.webp.webp","width":1536,"height":1086},{"@type":"BreadcrumbList","@id":"https:\/\/motorista.com.br\/noticias\/2026\/04\/30\/venezuela-e-colombia-restabelecem-ligacao-eletrica-bilateral\/#breadcrumb","itemListElement":[{"@type":"ListItem","position":1,"name":"In\u00edcio","item":"https:\/\/motorista.com.br\/noticias\/"},{"@type":"ListItem","position":2,"name":"Venezuela e Col\u00f4mbia restabelecem liga\u00e7\u00e3o el\u00e9trica bilateral."}]},{"@type":"WebSite","@id":"https:\/\/motorista.com.br\/noticias\/#website","url":"https:\/\/motorista.com.br\/noticias\/","name":"Motorista.com.br","description":"Not\u00edcia do Motorista","publisher":{"@id":"https:\/\/motorista.com.br\/noticias\/#organization"},"potentialAction":[{"@type":"SearchAction","target":{"@type":"EntryPoint","urlTemplate":"https:\/\/motorista.com.br\/noticias\/?s={search_term_string}"},"query-input":{"@type":"PropertyValueSpecification","valueRequired":true,"valueName":"search_term_string"}}],"inLanguage":"pt-BR"},{"@type":"Organization","@id":"https:\/\/motorista.com.br\/noticias\/#organization","name":"Motorista.com.br","url":"https:\/\/motorista.com.br\/noticias\/","logo":{"@type":"ImageObject","inLanguage":"pt-BR","@id":"https:\/\/motorista.com.br\/noticias\/#\/schema\/logo\/image\/","url":"https:\/\/motorista.com.br\/noticias\/wp-content\/uploads\/2025\/06\/Design-sem-nome-9.png","contentUrl":"https:\/\/motorista.com.br\/noticias\/wp-content\/uploads\/2025\/06\/Design-sem-nome-9.png","width":150,"height":85,"caption":"Motorista.com.br"},"image":{"@id":"https:\/\/motorista.com.br\/noticias\/#\/schema\/logo\/image\/"}},{"@type":"Person","@id":"https:\/\/motorista.com.br\/noticias\/#\/schema\/person\/dc93afc2981c0e3ce6bc3c053fd847be","name":"Equipe Reda\u00e7\u00e3o","image":{"@type":"ImageObject","inLanguage":"pt-BR","@id":"https:\/\/secure.gravatar.com\/avatar\/4f525efbf18dd2bb300ccad28bfb99d95a9465a5ba268407c8c37b37e1f28d2d?s=96&d=mm&r=g9e099043a0c61e9ae27e293b9fa75ffc","url":"https:\/\/secure.gravatar.com\/avatar\/4f525efbf18dd2bb300ccad28bfb99d95a9465a5ba268407c8c37b37e1f28d2d?s=96&d=mm&r=g","contentUrl":"https:\/\/secure.gravatar.com\/avatar\/4f525efbf18dd2bb300ccad28bfb99d95a9465a5ba268407c8c37b37e1f28d2d?s=96&d=mm&r=g","caption":"Equipe Reda\u00e7\u00e3o"},"description":"Equipe de reda\u00e7\u00e3o \u00e9 um grupo de profissionais que trabalham juntos para criar conte\u00fado escrito para Motorista.com.br","url":"https:\/\/motorista.com.br\/noticias\/author\/equiperedacao\/"}]}},"_links":{"self":[{"href":"https:\/\/motorista.com.br\/noticias\/wp-json\/wp\/v2\/posts\/9355","targetHints":{"allow":["GET"]}}],"collection":[{"href":"https:\/\/motorista.com.br\/noticias\/wp-json\/wp\/v2\/posts"}],"about":[{"href":"https:\/\/motorista.com.br\/noticias\/wp-json\/wp\/v2\/types\/post"}],"author":[{"embeddable":true,"href":"https:\/\/motorista.com.br\/noticias\/wp-json\/wp\/v2\/users\/4"}],"replies":[{"embeddable":true,"href":"https:\/\/motorista.com.br\/noticias\/wp-json\/wp\/v2\/comments?post=9355"}],"version-history":[{"count":0,"href":"https:\/\/motorista.com.br\/noticias\/wp-json\/wp\/v2\/posts\/9355\/revisions"}],"wp:featuredmedia":[{"embeddable":true,"href":"https:\/\/motorista.com.br\/noticias\/wp-json\/wp\/v2\/media\/9356"}],"wp:attachment":[{"href":"https:\/\/motorista.com.br\/noticias\/wp-json\/wp\/v2\/media?parent=9355"}],"wp:term":[{"taxonomy":"category","embeddable":true,"href":"https:\/\/motorista.com.br\/noticias\/wp-json\/wp\/v2\/categories?post=9355"},{"taxonomy":"post_tag","embeddable":true,"href":"https:\/\/motorista.com.br\/noticias\/wp-json\/wp\/v2\/tags?post=9355"},{"taxonomy":"author","embeddable":true,"href":"https:\/\/motorista.com.br\/noticias\/wp-json\/wp\/v2\/coauthors?post=9355"}],"curies":[{"name":"wp","href":"https:\/\/api.w.org\/{rel}","templated":true}]}}