{"id":9351,"date":"2026-04-29T23:58:40","date_gmt":"2026-04-30T02:58:40","guid":{"rendered":"https:\/\/motorista.com.br\/noticias\/2026\/04\/29\/pneus-de-carga-importados-representam-70-das-vendas-no-brasil\/"},"modified":"2026-04-29T23:58:40","modified_gmt":"2026-04-30T02:58:40","slug":"pneus-de-carga-importados-representam-70-das-vendas-no-brasil","status":"publish","type":"post","link":"https:\/\/motorista.com.br\/noticias\/2026\/04\/29\/pneus-de-carga-importados-representam-70-das-vendas-no-brasil\/","title":{"rendered":"Pneus de carga importados representam 70% das vendas no Brasil."},"content":{"rendered":"<p><\/p>\n<p><strong>Pneus de carga importados j\u00e1 dominam 70% das vendas no Brasil, aponta Anip<\/strong><\/p>\n<p>Os pneus de carga importados j\u00e1 representam 70% das vendas no mercado brasileiro, evidenciando uma transforma\u00e7\u00e3o estrutural significativa no setor. Essa mudan\u00e7a gera press\u00e3o sobre a ind\u00fastria nacional, especialmente em um contexto de retra\u00e7\u00e3o nas vendas e perda de competitividade.<\/p>\n<p>No \u00faltimo trimestre, as vendas totais de pneus ca\u00edram 7,9%, com a reposi\u00e7\u00e3o e o fornecimento para equipamentos originais enfrentando quedas de 7,5% e 9,1%, respectivamente. Enquanto isso, as importa\u00e7\u00f5es aumentaram impressionantes 106,1%, ressaltando a crescente depend\u00eancia do mercado externo e permitindo que os pneus importados consolidem sua presen\u00e7a no Brasil, enquanto os fabricantes locais ocupam apenas 30% do mercado.<\/p>\n<p>O segmento de pneus de passeio tamb\u00e9m sofreu, com uma redu\u00e7\u00e3o de 6,8% nas vendas, enquanto os importados agora dominam 68% deste mercado. J\u00e1 o setor de motocicletas manteve-se est\u00e1vel, com uma leve queda de 0,1%, ainda apoiado pela produ\u00e7\u00e3o nacional, que representa 73% das vendas.<\/p>\n<p>Rodrigo Navarro, presidente da Anip, destaca que essa ascens\u00e3o dos pneus importados ocorre em um cen\u00e1rio de concorr\u00eancia assim\u00e9trica, marcada por diferen\u00e7as regulat\u00f3rias e alega\u00e7\u00f5es de pr\u00e1ticas de dumping. Ele ressalta a import\u00e2ncia do pneu como um insumo estrat\u00e9gico em um pa\u00eds que depende amplamente do transporte rodovi\u00e1rio. \u201cMedidas precisam ser tomadas para proteger a ind\u00fastria e os fornecedores locais\u201d, afirma.<\/p>\n<p>Frente a essa realidade, a Anip intensificou a articula\u00e7\u00e3o com o governo federal, solicitando um aumento na tarifa de importa\u00e7\u00e3o de pneus de passeio de 25% para 35%, em linha com pr\u00e1ticas de outros mercados, como M\u00e9xico e Uni\u00e3o Europeia. Al\u00e9m disso, a entidade coordena um manifesto que agrega mais de 40 entidades da cadeia produtiva, propondo medidas que v\u00e3o desde o refor\u00e7o do controle sobre importa\u00e7\u00f5es at\u00e9 o est\u00edmulo a compras p\u00fablicas que priorizem conte\u00fados nacionais e pol\u00edticas para fomentar a produ\u00e7\u00e3o de borracha no Brasil.<\/p>\n<p>Em um cen\u00e1rio onde o setor comercializou 8,7 milh\u00f5es de pneus no primeiro trimestre de 2026, as implica\u00e7\u00f5es para os motoristas e a mobilidade no Brasil s\u00e3o significativas. A preponder\u00e2ncia dos pneus importados pode afetar a qualidade e o custo dos produtos no mercado, impactando diretamente a seguran\u00e7a e o desempenho de ve\u00edculos. \u00c0 medida que esses desafios se acentuam, as autoridades e a ind\u00fastria devem se unir para fortalecer a produ\u00e7\u00e3o local e garantir um futuro mais sustent\u00e1vel para a mobilidade no pa\u00eds.<\/p>\n<p><strong>Fonte: transportemoderno<\/strong><\/p>\n","protected":false},"excerpt":{"rendered":"<p>Pneus de carga importados j\u00e1 dominam 70% das vendas no Brasil, aponta Anip Os pneus de carga importados j\u00e1 representam 70% das vendas no mercado brasileiro, evidenciando uma transforma\u00e7\u00e3o estrutural significativa no setor. Essa mudan\u00e7a gera press\u00e3o sobre a ind\u00fastria nacional, especialmente em um contexto de retra\u00e7\u00e3o nas vendas e perda de competitividade. No \u00faltimo &hellip;<\/p>\n","protected":false},"author":4,"featured_media":9352,"comment_status":"","ping_status":"open","sticky":false,"template":"","format":"standard","meta":{"footnotes":""},"categories":[62],"tags":[],"coauthors":[42],"class_list":["post-9351","post","type-post","status-publish","format-standard","has-post-thumbnail","hentry","category-logistica"],"yoast_head":"<!-- This site is optimized with the Yoast SEO Premium plugin v25.5 (Yoast SEO v27.5) - https:\/\/yoast.com\/product\/yoast-seo-premium-wordpress\/ -->\n<title>Pneus de carga importados representam 70% das vendas no Brasil. - Motorista.com.br<\/title>\n<meta name=\"robots\" content=\"index, follow, max-snippet:-1, max-image-preview:large, max-video-preview:-1\" \/>\n<link rel=\"canonical\" href=\"https:\/\/motorista.com.br\/noticias\/2026\/04\/29\/pneus-de-carga-importados-representam-70-das-vendas-no-brasil\/\" \/>\n<meta property=\"og:locale\" content=\"pt_BR\" \/>\n<meta property=\"og:type\" content=\"article\" \/>\n<meta property=\"og:title\" content=\"Pneus de carga importados representam 70% das vendas no Brasil.\" \/>\n<meta property=\"og:description\" content=\"Pneus de carga importados j\u00e1 dominam 70% das vendas no Brasil, aponta Anip Os pneus de carga importados j\u00e1 representam 70% das vendas no mercado brasileiro, evidenciando uma transforma\u00e7\u00e3o estrutural significativa no setor. Essa mudan\u00e7a gera press\u00e3o sobre a ind\u00fastria nacional, especialmente em um contexto de retra\u00e7\u00e3o nas vendas e perda de competitividade. No \u00faltimo &hellip;\" \/>\n<meta property=\"og:url\" content=\"https:\/\/motorista.com.br\/noticias\/2026\/04\/29\/pneus-de-carga-importados-representam-70-das-vendas-no-brasil\/\" \/>\n<meta property=\"og:site_name\" content=\"Motorista.com.br\" \/>\n<meta property=\"article:published_time\" content=\"2026-04-30T02:58:40+00:00\" \/>\n<meta name=\"author\" content=\"Equipe Reda\u00e7\u00e3o\" \/>\n<meta name=\"twitter:card\" content=\"summary_large_image\" \/>\n<meta name=\"twitter:label1\" content=\"Escrito por\" \/>\n\t<meta name=\"twitter:data1\" content=\"Equipe Reda\u00e7\u00e3o\" \/>\n\t<meta name=\"twitter:label2\" content=\"Est. tempo de leitura\" \/>\n\t<meta name=\"twitter:data2\" content=\"2 minutos\" \/>\n\t<meta name=\"twitter:label3\" content=\"Written by\" \/>\n\t<meta name=\"twitter:data3\" content=\"Equipe Reda\u00e7\u00e3o\" \/>\n<script type=\"application\/ld+json\" class=\"yoast-schema-graph\">{\"@context\":\"https:\\\/\\\/schema.org\",\"@graph\":[{\"@type\":\"Article\",\"@id\":\"https:\\\/\\\/motorista.com.br\\\/noticias\\\/2026\\\/04\\\/29\\\/pneus-de-carga-importados-representam-70-das-vendas-no-brasil\\\/#article\",\"isPartOf\":{\"@id\":\"https:\\\/\\\/motorista.com.br\\\/noticias\\\/2026\\\/04\\\/29\\\/pneus-de-carga-importados-representam-70-das-vendas-no-brasil\\\/\"},\"author\":{\"name\":\"Equipe Reda\u00e7\u00e3o\",\"@id\":\"https:\\\/\\\/motorista.com.br\\\/noticias\\\/#\\\/schema\\\/person\\\/dc93afc2981c0e3ce6bc3c053fd847be\"},\"headline\":\"Pneus de carga importados representam 70% das vendas no Brasil.\",\"datePublished\":\"2026-04-30T02:58:40+00:00\",\"mainEntityOfPage\":{\"@id\":\"https:\\\/\\\/motorista.com.br\\\/noticias\\\/2026\\\/04\\\/29\\\/pneus-de-carga-importados-representam-70-das-vendas-no-brasil\\\/\"},\"wordCount\":437,\"publisher\":{\"@id\":\"https:\\\/\\\/motorista.com.br\\\/noticias\\\/#organization\"},\"image\":{\"@id\":\"https:\\\/\\\/motorista.com.br\\\/noticias\\\/2026\\\/04\\\/29\\\/pneus-de-carga-importados-representam-70-das-vendas-no-brasil\\\/#primaryimage\"},\"thumbnailUrl\":\"https:\\\/\\\/motorista.com.br\\\/noticias\\\/wp-content\\\/uploads\\\/2026\\\/04\\\/XBRI-Pneus-.jpg\",\"articleSection\":[\"Log\u00edstica\"],\"inLanguage\":\"pt-BR\"},{\"@type\":\"WebPage\",\"@id\":\"https:\\\/\\\/motorista.com.br\\\/noticias\\\/2026\\\/04\\\/29\\\/pneus-de-carga-importados-representam-70-das-vendas-no-brasil\\\/\",\"url\":\"https:\\\/\\\/motorista.com.br\\\/noticias\\\/2026\\\/04\\\/29\\\/pneus-de-carga-importados-representam-70-das-vendas-no-brasil\\\/\",\"name\":\"Pneus de carga importados representam 70% das vendas no Brasil. - Motorista.com.br\",\"isPartOf\":{\"@id\":\"https:\\\/\\\/motorista.com.br\\\/noticias\\\/#website\"},\"primaryImageOfPage\":{\"@id\":\"https:\\\/\\\/motorista.com.br\\\/noticias\\\/2026\\\/04\\\/29\\\/pneus-de-carga-importados-representam-70-das-vendas-no-brasil\\\/#primaryimage\"},\"image\":{\"@id\":\"https:\\\/\\\/motorista.com.br\\\/noticias\\\/2026\\\/04\\\/29\\\/pneus-de-carga-importados-representam-70-das-vendas-no-brasil\\\/#primaryimage\"},\"thumbnailUrl\":\"https:\\\/\\\/motorista.com.br\\\/noticias\\\/wp-content\\\/uploads\\\/2026\\\/04\\\/XBRI-Pneus-.jpg\",\"datePublished\":\"2026-04-30T02:58:40+00:00\",\"breadcrumb\":{\"@id\":\"https:\\\/\\\/motorista.com.br\\\/noticias\\\/2026\\\/04\\\/29\\\/pneus-de-carga-importados-representam-70-das-vendas-no-brasil\\\/#breadcrumb\"},\"inLanguage\":\"pt-BR\",\"potentialAction\":[{\"@type\":\"ReadAction\",\"target\":[\"https:\\\/\\\/motorista.com.br\\\/noticias\\\/2026\\\/04\\\/29\\\/pneus-de-carga-importados-representam-70-das-vendas-no-brasil\\\/\"]}]},{\"@type\":\"ImageObject\",\"inLanguage\":\"pt-BR\",\"@id\":\"https:\\\/\\\/motorista.com.br\\\/noticias\\\/2026\\\/04\\\/29\\\/pneus-de-carga-importados-representam-70-das-vendas-no-brasil\\\/#primaryimage\",\"url\":\"https:\\\/\\\/motorista.com.br\\\/noticias\\\/wp-content\\\/uploads\\\/2026\\\/04\\\/XBRI-Pneus-.jpg\",\"contentUrl\":\"https:\\\/\\\/motorista.com.br\\\/noticias\\\/wp-content\\\/uploads\\\/2026\\\/04\\\/XBRI-Pneus-.jpg\",\"width\":800,\"height\":534},{\"@type\":\"BreadcrumbList\",\"@id\":\"https:\\\/\\\/motorista.com.br\\\/noticias\\\/2026\\\/04\\\/29\\\/pneus-de-carga-importados-representam-70-das-vendas-no-brasil\\\/#breadcrumb\",\"itemListElement\":[{\"@type\":\"ListItem\",\"position\":1,\"name\":\"In\u00edcio\",\"item\":\"https:\\\/\\\/motorista.com.br\\\/noticias\\\/\"},{\"@type\":\"ListItem\",\"position\":2,\"name\":\"Pneus de carga importados representam 70% das vendas no Brasil.\"}]},{\"@type\":\"WebSite\",\"@id\":\"https:\\\/\\\/motorista.com.br\\\/noticias\\\/#website\",\"url\":\"https:\\\/\\\/motorista.com.br\\\/noticias\\\/\",\"name\":\"Motorista.com.br\",\"description\":\"Not\u00edcia do Motorista\",\"publisher\":{\"@id\":\"https:\\\/\\\/motorista.com.br\\\/noticias\\\/#organization\"},\"potentialAction\":[{\"@type\":\"SearchAction\",\"target\":{\"@type\":\"EntryPoint\",\"urlTemplate\":\"https:\\\/\\\/motorista.com.br\\\/noticias\\\/?s={search_term_string}\"},\"query-input\":{\"@type\":\"PropertyValueSpecification\",\"valueRequired\":true,\"valueName\":\"search_term_string\"}}],\"inLanguage\":\"pt-BR\"},{\"@type\":\"Organization\",\"@id\":\"https:\\\/\\\/motorista.com.br\\\/noticias\\\/#organization\",\"name\":\"Motorista.com.br\",\"url\":\"https:\\\/\\\/motorista.com.br\\\/noticias\\\/\",\"logo\":{\"@type\":\"ImageObject\",\"inLanguage\":\"pt-BR\",\"@id\":\"https:\\\/\\\/motorista.com.br\\\/noticias\\\/#\\\/schema\\\/logo\\\/image\\\/\",\"url\":\"https:\\\/\\\/motorista.com.br\\\/noticias\\\/wp-content\\\/uploads\\\/2025\\\/06\\\/Design-sem-nome-9.png\",\"contentUrl\":\"https:\\\/\\\/motorista.com.br\\\/noticias\\\/wp-content\\\/uploads\\\/2025\\\/06\\\/Design-sem-nome-9.png\",\"width\":150,\"height\":85,\"caption\":\"Motorista.com.br\"},\"image\":{\"@id\":\"https:\\\/\\\/motorista.com.br\\\/noticias\\\/#\\\/schema\\\/logo\\\/image\\\/\"}},{\"@type\":\"Person\",\"@id\":\"https:\\\/\\\/motorista.com.br\\\/noticias\\\/#\\\/schema\\\/person\\\/dc93afc2981c0e3ce6bc3c053fd847be\",\"name\":\"Equipe Reda\u00e7\u00e3o\",\"image\":{\"@type\":\"ImageObject\",\"inLanguage\":\"pt-BR\",\"@id\":\"https:\\\/\\\/secure.gravatar.com\\\/avatar\\\/4f525efbf18dd2bb300ccad28bfb99d95a9465a5ba268407c8c37b37e1f28d2d?s=96&d=mm&r=g9e099043a0c61e9ae27e293b9fa75ffc\",\"url\":\"https:\\\/\\\/secure.gravatar.com\\\/avatar\\\/4f525efbf18dd2bb300ccad28bfb99d95a9465a5ba268407c8c37b37e1f28d2d?s=96&d=mm&r=g\",\"contentUrl\":\"https:\\\/\\\/secure.gravatar.com\\\/avatar\\\/4f525efbf18dd2bb300ccad28bfb99d95a9465a5ba268407c8c37b37e1f28d2d?s=96&d=mm&r=g\",\"caption\":\"Equipe Reda\u00e7\u00e3o\"},\"description\":\"Equipe de reda\u00e7\u00e3o \u00e9 um grupo de profissionais que trabalham juntos para criar conte\u00fado escrito para Motorista.com.br\",\"url\":\"https:\\\/\\\/motorista.com.br\\\/noticias\\\/author\\\/equiperedacao\\\/\"}]}<\/script>\n<!-- \/ Yoast SEO Premium plugin. -->","yoast_head_json":{"title":"Pneus de carga importados representam 70% das vendas no Brasil. - Motorista.com.br","robots":{"index":"index","follow":"follow","max-snippet":"max-snippet:-1","max-image-preview":"max-image-preview:large","max-video-preview":"max-video-preview:-1"},"canonical":"https:\/\/motorista.com.br\/noticias\/2026\/04\/29\/pneus-de-carga-importados-representam-70-das-vendas-no-brasil\/","og_locale":"pt_BR","og_type":"article","og_title":"Pneus de carga importados representam 70% das vendas no Brasil.","og_description":"Pneus de carga importados j\u00e1 dominam 70% das vendas no Brasil, aponta Anip Os pneus de carga importados j\u00e1 representam 70% das vendas no mercado brasileiro, evidenciando uma transforma\u00e7\u00e3o estrutural significativa no setor. Essa mudan\u00e7a gera press\u00e3o sobre a ind\u00fastria nacional, especialmente em um contexto de retra\u00e7\u00e3o nas vendas e perda de competitividade. No \u00faltimo &hellip;","og_url":"https:\/\/motorista.com.br\/noticias\/2026\/04\/29\/pneus-de-carga-importados-representam-70-das-vendas-no-brasil\/","og_site_name":"Motorista.com.br","article_published_time":"2026-04-30T02:58:40+00:00","author":"Equipe Reda\u00e7\u00e3o","twitter_card":"summary_large_image","twitter_misc":{"Escrito por":"Equipe Reda\u00e7\u00e3o","Est. tempo de leitura":"2 minutos","Written by":"Equipe Reda\u00e7\u00e3o"},"schema":{"@context":"https:\/\/schema.org","@graph":[{"@type":"Article","@id":"https:\/\/motorista.com.br\/noticias\/2026\/04\/29\/pneus-de-carga-importados-representam-70-das-vendas-no-brasil\/#article","isPartOf":{"@id":"https:\/\/motorista.com.br\/noticias\/2026\/04\/29\/pneus-de-carga-importados-representam-70-das-vendas-no-brasil\/"},"author":{"name":"Equipe Reda\u00e7\u00e3o","@id":"https:\/\/motorista.com.br\/noticias\/#\/schema\/person\/dc93afc2981c0e3ce6bc3c053fd847be"},"headline":"Pneus de carga importados representam 70% das vendas no Brasil.","datePublished":"2026-04-30T02:58:40+00:00","mainEntityOfPage":{"@id":"https:\/\/motorista.com.br\/noticias\/2026\/04\/29\/pneus-de-carga-importados-representam-70-das-vendas-no-brasil\/"},"wordCount":437,"publisher":{"@id":"https:\/\/motorista.com.br\/noticias\/#organization"},"image":{"@id":"https:\/\/motorista.com.br\/noticias\/2026\/04\/29\/pneus-de-carga-importados-representam-70-das-vendas-no-brasil\/#primaryimage"},"thumbnailUrl":"https:\/\/motorista.com.br\/noticias\/wp-content\/uploads\/2026\/04\/XBRI-Pneus-.jpg","articleSection":["Log\u00edstica"],"inLanguage":"pt-BR"},{"@type":"WebPage","@id":"https:\/\/motorista.com.br\/noticias\/2026\/04\/29\/pneus-de-carga-importados-representam-70-das-vendas-no-brasil\/","url":"https:\/\/motorista.com.br\/noticias\/2026\/04\/29\/pneus-de-carga-importados-representam-70-das-vendas-no-brasil\/","name":"Pneus de carga importados representam 70% das vendas no Brasil. - Motorista.com.br","isPartOf":{"@id":"https:\/\/motorista.com.br\/noticias\/#website"},"primaryImageOfPage":{"@id":"https:\/\/motorista.com.br\/noticias\/2026\/04\/29\/pneus-de-carga-importados-representam-70-das-vendas-no-brasil\/#primaryimage"},"image":{"@id":"https:\/\/motorista.com.br\/noticias\/2026\/04\/29\/pneus-de-carga-importados-representam-70-das-vendas-no-brasil\/#primaryimage"},"thumbnailUrl":"https:\/\/motorista.com.br\/noticias\/wp-content\/uploads\/2026\/04\/XBRI-Pneus-.jpg","datePublished":"2026-04-30T02:58:40+00:00","breadcrumb":{"@id":"https:\/\/motorista.com.br\/noticias\/2026\/04\/29\/pneus-de-carga-importados-representam-70-das-vendas-no-brasil\/#breadcrumb"},"inLanguage":"pt-BR","potentialAction":[{"@type":"ReadAction","target":["https:\/\/motorista.com.br\/noticias\/2026\/04\/29\/pneus-de-carga-importados-representam-70-das-vendas-no-brasil\/"]}]},{"@type":"ImageObject","inLanguage":"pt-BR","@id":"https:\/\/motorista.com.br\/noticias\/2026\/04\/29\/pneus-de-carga-importados-representam-70-das-vendas-no-brasil\/#primaryimage","url":"https:\/\/motorista.com.br\/noticias\/wp-content\/uploads\/2026\/04\/XBRI-Pneus-.jpg","contentUrl":"https:\/\/motorista.com.br\/noticias\/wp-content\/uploads\/2026\/04\/XBRI-Pneus-.jpg","width":800,"height":534},{"@type":"BreadcrumbList","@id":"https:\/\/motorista.com.br\/noticias\/2026\/04\/29\/pneus-de-carga-importados-representam-70-das-vendas-no-brasil\/#breadcrumb","itemListElement":[{"@type":"ListItem","position":1,"name":"In\u00edcio","item":"https:\/\/motorista.com.br\/noticias\/"},{"@type":"ListItem","position":2,"name":"Pneus de carga importados representam 70% das vendas no Brasil."}]},{"@type":"WebSite","@id":"https:\/\/motorista.com.br\/noticias\/#website","url":"https:\/\/motorista.com.br\/noticias\/","name":"Motorista.com.br","description":"Not\u00edcia do Motorista","publisher":{"@id":"https:\/\/motorista.com.br\/noticias\/#organization"},"potentialAction":[{"@type":"SearchAction","target":{"@type":"EntryPoint","urlTemplate":"https:\/\/motorista.com.br\/noticias\/?s={search_term_string}"},"query-input":{"@type":"PropertyValueSpecification","valueRequired":true,"valueName":"search_term_string"}}],"inLanguage":"pt-BR"},{"@type":"Organization","@id":"https:\/\/motorista.com.br\/noticias\/#organization","name":"Motorista.com.br","url":"https:\/\/motorista.com.br\/noticias\/","logo":{"@type":"ImageObject","inLanguage":"pt-BR","@id":"https:\/\/motorista.com.br\/noticias\/#\/schema\/logo\/image\/","url":"https:\/\/motorista.com.br\/noticias\/wp-content\/uploads\/2025\/06\/Design-sem-nome-9.png","contentUrl":"https:\/\/motorista.com.br\/noticias\/wp-content\/uploads\/2025\/06\/Design-sem-nome-9.png","width":150,"height":85,"caption":"Motorista.com.br"},"image":{"@id":"https:\/\/motorista.com.br\/noticias\/#\/schema\/logo\/image\/"}},{"@type":"Person","@id":"https:\/\/motorista.com.br\/noticias\/#\/schema\/person\/dc93afc2981c0e3ce6bc3c053fd847be","name":"Equipe Reda\u00e7\u00e3o","image":{"@type":"ImageObject","inLanguage":"pt-BR","@id":"https:\/\/secure.gravatar.com\/avatar\/4f525efbf18dd2bb300ccad28bfb99d95a9465a5ba268407c8c37b37e1f28d2d?s=96&d=mm&r=g9e099043a0c61e9ae27e293b9fa75ffc","url":"https:\/\/secure.gravatar.com\/avatar\/4f525efbf18dd2bb300ccad28bfb99d95a9465a5ba268407c8c37b37e1f28d2d?s=96&d=mm&r=g","contentUrl":"https:\/\/secure.gravatar.com\/avatar\/4f525efbf18dd2bb300ccad28bfb99d95a9465a5ba268407c8c37b37e1f28d2d?s=96&d=mm&r=g","caption":"Equipe Reda\u00e7\u00e3o"},"description":"Equipe de reda\u00e7\u00e3o \u00e9 um grupo de profissionais que trabalham juntos para criar conte\u00fado escrito para Motorista.com.br","url":"https:\/\/motorista.com.br\/noticias\/author\/equiperedacao\/"}]}},"_links":{"self":[{"href":"https:\/\/motorista.com.br\/noticias\/wp-json\/wp\/v2\/posts\/9351","targetHints":{"allow":["GET"]}}],"collection":[{"href":"https:\/\/motorista.com.br\/noticias\/wp-json\/wp\/v2\/posts"}],"about":[{"href":"https:\/\/motorista.com.br\/noticias\/wp-json\/wp\/v2\/types\/post"}],"author":[{"embeddable":true,"href":"https:\/\/motorista.com.br\/noticias\/wp-json\/wp\/v2\/users\/4"}],"replies":[{"embeddable":true,"href":"https:\/\/motorista.com.br\/noticias\/wp-json\/wp\/v2\/comments?post=9351"}],"version-history":[{"count":0,"href":"https:\/\/motorista.com.br\/noticias\/wp-json\/wp\/v2\/posts\/9351\/revisions"}],"wp:featuredmedia":[{"embeddable":true,"href":"https:\/\/motorista.com.br\/noticias\/wp-json\/wp\/v2\/media\/9352"}],"wp:attachment":[{"href":"https:\/\/motorista.com.br\/noticias\/wp-json\/wp\/v2\/media?parent=9351"}],"wp:term":[{"taxonomy":"category","embeddable":true,"href":"https:\/\/motorista.com.br\/noticias\/wp-json\/wp\/v2\/categories?post=9351"},{"taxonomy":"post_tag","embeddable":true,"href":"https:\/\/motorista.com.br\/noticias\/wp-json\/wp\/v2\/tags?post=9351"},{"taxonomy":"author","embeddable":true,"href":"https:\/\/motorista.com.br\/noticias\/wp-json\/wp\/v2\/coauthors?post=9351"}],"curies":[{"name":"wp","href":"https:\/\/api.w.org\/{rel}","templated":true}]}}