{"id":9349,"date":"2026-04-29T22:44:40","date_gmt":"2026-04-30T01:44:40","guid":{"rendered":"https:\/\/motorista.com.br\/noticias\/2026\/04\/29\/progresso-da-descarbonizacao-no-transporte-do-brasil\/"},"modified":"2026-04-29T22:44:40","modified_gmt":"2026-04-30T01:44:40","slug":"progresso-da-descarbonizacao-no-transporte-do-brasil","status":"publish","type":"post","link":"https:\/\/motorista.com.br\/noticias\/2026\/04\/29\/progresso-da-descarbonizacao-no-transporte-do-brasil\/","title":{"rendered":"Progresso da descarboniza\u00e7\u00e3o no transporte do Brasil"},"content":{"rendered":"<p><\/p>\n<p><strong>Avan\u00e7os da descarboniza\u00e7\u00e3o no transporte brasileiro \u2013 SETCESP<\/strong><\/p>\n<p>Em um dos principais eventos mundiais de inova\u00e7\u00e3o industrial e tecnol\u00f3gica, a Jomed colocou o transporte brasileiro em evid\u00eancia internacional. Durante a Hannover Messe 2026, realizada entre os dias 20 e 24 de abril, a companhia foi uma das poucas transportadoras brasileiras presentes, representando o pa\u00eds em discuss\u00f5es sobre descarboniza\u00e7\u00e3o, novas matrizes energ\u00e9ticas e o futuro da log\u00edstica global. Um dos destaques foi a participa\u00e7\u00e3o de Carlos Ferreira, Gerente de Sustentabilidade da Jomed, que abordou o papel do setor de transporte na transi\u00e7\u00e3o energ\u00e9tica com biometano, compartilhando pr\u00e1ticas sustent\u00e1veis j\u00e1 implementadas pela empresa.<\/p>\n<p>A presen\u00e7a da Jomed na Hannover Messe n\u00e3o foi apenas uma participa\u00e7\u00e3o, mas um s\u00edmbolo de um setor em transforma\u00e7\u00e3o, associando inova\u00e7\u00e3o, sustentabilidade e infraestrutura. Nesse ambiente, que re\u00fane l\u00edderes globais e tecnologias que moldam o futuro, a representatividade da empresa refor\u00e7a um compromisso com uma log\u00edstica mais eficiente e inovadora. Essa jornada n\u00e3o s\u00f3 destaca a presen\u00e7a do Brasil no cen\u00e1rio internacional, como tamb\u00e9m enfatiza a import\u00e2ncia de uma mobilidade mais sustent\u00e1vel para todos.<\/p>\n<p>A convite da CNT, a Jomed participou oficialmente da feira e apresentou a palestra &quot;Cen\u00e1rio de Descarboniza\u00e7\u00e3o no Transporte Rodovi\u00e1rio de Cargas no Brasil&quot;, onde trouxe \u00e0 tona experi\u00eancias, desafios e oportunidades na transi\u00e7\u00e3o energ\u00e9tica. Esta inclus\u00e3o n\u00e3o apenas valida a import\u00e2ncia da Jomed, mas tamb\u00e9m enfatiza o potencial do setor de transporte brasileiro em se integrar a uma agenda global voltada \u00e0 sustentabilidade.<\/p>\n<p>Representando a companhia, Eduardo Garrido, Sidnei Alves e Carlos Ferreira lideraram discuss\u00f5es sobre inova\u00e7\u00e3o e efici\u00eancia operacional, refor\u00e7ando a import\u00e2ncia das iniciativas estrat\u00e9gicas para sustentar essa transforma\u00e7\u00e3o. A aten\u00e7\u00e3o dada a essas pr\u00e1ticas \u00e9 fundamental, pois evidencia que o futuro do transporte pode ser, de fato, mais limpo e eficiente.<\/p>\n<p>Durante sua apresenta\u00e7\u00e3o, a empresa destacou avan\u00e7os voltados \u00e0 substitui\u00e7\u00e3o do diesel por combust\u00edveis alternativos, como o biometano. Tais mudan\u00e7as n\u00e3o s\u00e3o apenas ben\u00e9ficas para a log\u00edstica em si, mas tamb\u00e9m impactam positivamente a mobilidade geral. A ado\u00e7\u00e3o desses combust\u00edveis est\u00e1 alinhada \u00e0s necessidades de um Brasil mais sustent\u00e1vel, contribuindo para um ar mais limpo e reduzindo a pegada de carbono do transporte.<\/p>\n<p>Os resultados j\u00e1 alcan\u00e7ados pela Jomed demonstram ganhos significativos em efici\u00eancia e sustentabilidade. A pr\u00f3pria implementa\u00e7\u00e3o de um posto de abastecimento de biometano, a primeira iniciativa desse tipo por uma transportadora brasileira, \u00e9 um passo inovador e crucial. O plano de expans\u00e3o para um segundo posto em Esp\u00edrito Santo refor\u00e7a que a sustentabilidade pode e deve fazer parte das opera\u00e7\u00f5es di\u00e1rias, fortalecendo a resili\u00eancia do setor de transporte.<\/p>\n<p>A presen\u00e7a da Jomed na Hannover Messe sublinha seu papel ativo na transforma\u00e7\u00e3o do setor. A empresa n\u00e3o apenas observa as mudan\u00e7as, mas est\u00e1 na linha de frente, impulsionando discuss\u00f5es sobre inova\u00e7\u00e3o e novas matrizes energ\u00e9ticas. Isso \u00e9 crucial em um momento onde a mobilidade e a gest\u00e3o de infraestrutura est\u00e3o em constante debate.<\/p>\n<p>A participa\u00e7\u00e3o da Jomed neste evento representa um marco para o transporte e a log\u00edstica nacional. Ao levar para a Alemanha discuss\u00f5es sobre inova\u00e7\u00e3o e descarboniza\u00e7\u00e3o, a empresa reafirma que o Brasil tem muito a oferecer nas agendas globais de sustentabilidade e transi\u00e7\u00e3o energ\u00e9tica. A passagem pela Hannover Messe 2026 deixa um recado claro: o futuro do transporte est\u00e1 atrelado \u00e0 tecnologia e \u00e0 colabora\u00e7\u00e3o. A log\u00edstica brasileira n\u00e3o s\u00f3 participa dessa transforma\u00e7\u00e3o, mas se consolida como um ator essencial na constru\u00e7\u00e3o de um futuro mais sustent\u00e1vel para o transporte e para a mobilidade em geral.<\/p>\n<p><strong>Fonte: SETCESP<\/strong><\/p>\n","protected":false},"excerpt":{"rendered":"<p>Avan\u00e7os da descarboniza\u00e7\u00e3o no transporte brasileiro \u2013 SETCESP Em um dos principais eventos mundiais de inova\u00e7\u00e3o industrial e tecnol\u00f3gica, a Jomed colocou o transporte brasileiro em evid\u00eancia internacional. Durante a Hannover Messe 2026, realizada entre os dias 20 e 24 de abril, a companhia foi uma das poucas transportadoras brasileiras presentes, representando o pa\u00eds em &hellip;<\/p>\n","protected":false},"author":4,"featured_media":9350,"comment_status":"","ping_status":"open","sticky":false,"template":"","format":"standard","meta":{"footnotes":""},"categories":[62],"tags":[],"coauthors":[42],"class_list":["post-9349","post","type-post","status-publish","format-standard","has-post-thumbnail","hentry","category-logistica"],"yoast_head":"<!-- This site is optimized with the Yoast SEO Premium plugin v25.5 (Yoast SEO v27.5) - https:\/\/yoast.com\/product\/yoast-seo-premium-wordpress\/ -->\n<title>Progresso da descarboniza\u00e7\u00e3o no transporte do Brasil - Motorista.com.br<\/title>\n<meta name=\"robots\" content=\"index, follow, max-snippet:-1, max-image-preview:large, max-video-preview:-1\" \/>\n<link rel=\"canonical\" href=\"https:\/\/motorista.com.br\/noticias\/2026\/04\/29\/progresso-da-descarbonizacao-no-transporte-do-brasil\/\" \/>\n<meta property=\"og:locale\" content=\"pt_BR\" \/>\n<meta property=\"og:type\" content=\"article\" \/>\n<meta property=\"og:title\" content=\"Progresso da descarboniza\u00e7\u00e3o no transporte do Brasil\" \/>\n<meta property=\"og:description\" content=\"Avan\u00e7os da descarboniza\u00e7\u00e3o no transporte brasileiro \u2013 SETCESP Em um dos principais eventos mundiais de inova\u00e7\u00e3o industrial e tecnol\u00f3gica, a Jomed colocou o transporte brasileiro em evid\u00eancia internacional. Durante a Hannover Messe 2026, realizada entre os dias 20 e 24 de abril, a companhia foi uma das poucas transportadoras brasileiras presentes, representando o pa\u00eds em &hellip;\" \/>\n<meta property=\"og:url\" content=\"https:\/\/motorista.com.br\/noticias\/2026\/04\/29\/progresso-da-descarbonizacao-no-transporte-do-brasil\/\" \/>\n<meta property=\"og:site_name\" content=\"Motorista.com.br\" \/>\n<meta property=\"article:published_time\" content=\"2026-04-30T01:44:40+00:00\" \/>\n<meta name=\"author\" content=\"Equipe Reda\u00e7\u00e3o\" \/>\n<meta name=\"twitter:card\" content=\"summary_large_image\" \/>\n<meta name=\"twitter:label1\" content=\"Escrito por\" \/>\n\t<meta name=\"twitter:data1\" content=\"Equipe Reda\u00e7\u00e3o\" \/>\n\t<meta name=\"twitter:label2\" content=\"Est. tempo de leitura\" \/>\n\t<meta name=\"twitter:data2\" content=\"3 minutos\" \/>\n\t<meta name=\"twitter:label3\" content=\"Written by\" \/>\n\t<meta name=\"twitter:data3\" content=\"Equipe Reda\u00e7\u00e3o\" \/>\n<script type=\"application\/ld+json\" class=\"yoast-schema-graph\">{\"@context\":\"https:\\\/\\\/schema.org\",\"@graph\":[{\"@type\":\"Article\",\"@id\":\"https:\\\/\\\/motorista.com.br\\\/noticias\\\/2026\\\/04\\\/29\\\/progresso-da-descarbonizacao-no-transporte-do-brasil\\\/#article\",\"isPartOf\":{\"@id\":\"https:\\\/\\\/motorista.com.br\\\/noticias\\\/2026\\\/04\\\/29\\\/progresso-da-descarbonizacao-no-transporte-do-brasil\\\/\"},\"author\":{\"name\":\"Equipe Reda\u00e7\u00e3o\",\"@id\":\"https:\\\/\\\/motorista.com.br\\\/noticias\\\/#\\\/schema\\\/person\\\/dc93afc2981c0e3ce6bc3c053fd847be\"},\"headline\":\"Progresso da descarboniza\u00e7\u00e3o no transporte do Brasil\",\"datePublished\":\"2026-04-30T01:44:40+00:00\",\"mainEntityOfPage\":{\"@id\":\"https:\\\/\\\/motorista.com.br\\\/noticias\\\/2026\\\/04\\\/29\\\/progresso-da-descarbonizacao-no-transporte-do-brasil\\\/\"},\"wordCount\":665,\"publisher\":{\"@id\":\"https:\\\/\\\/motorista.com.br\\\/noticias\\\/#organization\"},\"image\":{\"@id\":\"https:\\\/\\\/motorista.com.br\\\/noticias\\\/2026\\\/04\\\/29\\\/progresso-da-descarbonizacao-no-transporte-do-brasil\\\/#primaryimage\"},\"thumbnailUrl\":\"https:\\\/\\\/motorista.com.br\\\/noticias\\\/wp-content\\\/uploads\\\/2026\\\/04\\\/jomed.png\",\"articleSection\":[\"Log\u00edstica\"],\"inLanguage\":\"pt-BR\"},{\"@type\":\"WebPage\",\"@id\":\"https:\\\/\\\/motorista.com.br\\\/noticias\\\/2026\\\/04\\\/29\\\/progresso-da-descarbonizacao-no-transporte-do-brasil\\\/\",\"url\":\"https:\\\/\\\/motorista.com.br\\\/noticias\\\/2026\\\/04\\\/29\\\/progresso-da-descarbonizacao-no-transporte-do-brasil\\\/\",\"name\":\"Progresso da descarboniza\u00e7\u00e3o no transporte do Brasil - Motorista.com.br\",\"isPartOf\":{\"@id\":\"https:\\\/\\\/motorista.com.br\\\/noticias\\\/#website\"},\"primaryImageOfPage\":{\"@id\":\"https:\\\/\\\/motorista.com.br\\\/noticias\\\/2026\\\/04\\\/29\\\/progresso-da-descarbonizacao-no-transporte-do-brasil\\\/#primaryimage\"},\"image\":{\"@id\":\"https:\\\/\\\/motorista.com.br\\\/noticias\\\/2026\\\/04\\\/29\\\/progresso-da-descarbonizacao-no-transporte-do-brasil\\\/#primaryimage\"},\"thumbnailUrl\":\"https:\\\/\\\/motorista.com.br\\\/noticias\\\/wp-content\\\/uploads\\\/2026\\\/04\\\/jomed.png\",\"datePublished\":\"2026-04-30T01:44:40+00:00\",\"breadcrumb\":{\"@id\":\"https:\\\/\\\/motorista.com.br\\\/noticias\\\/2026\\\/04\\\/29\\\/progresso-da-descarbonizacao-no-transporte-do-brasil\\\/#breadcrumb\"},\"inLanguage\":\"pt-BR\",\"potentialAction\":[{\"@type\":\"ReadAction\",\"target\":[\"https:\\\/\\\/motorista.com.br\\\/noticias\\\/2026\\\/04\\\/29\\\/progresso-da-descarbonizacao-no-transporte-do-brasil\\\/\"]}]},{\"@type\":\"ImageObject\",\"inLanguage\":\"pt-BR\",\"@id\":\"https:\\\/\\\/motorista.com.br\\\/noticias\\\/2026\\\/04\\\/29\\\/progresso-da-descarbonizacao-no-transporte-do-brasil\\\/#primaryimage\",\"url\":\"https:\\\/\\\/motorista.com.br\\\/noticias\\\/wp-content\\\/uploads\\\/2026\\\/04\\\/jomed.png\",\"contentUrl\":\"https:\\\/\\\/motorista.com.br\\\/noticias\\\/wp-content\\\/uploads\\\/2026\\\/04\\\/jomed.png\",\"width\":1400,\"height\":700},{\"@type\":\"BreadcrumbList\",\"@id\":\"https:\\\/\\\/motorista.com.br\\\/noticias\\\/2026\\\/04\\\/29\\\/progresso-da-descarbonizacao-no-transporte-do-brasil\\\/#breadcrumb\",\"itemListElement\":[{\"@type\":\"ListItem\",\"position\":1,\"name\":\"In\u00edcio\",\"item\":\"https:\\\/\\\/motorista.com.br\\\/noticias\\\/\"},{\"@type\":\"ListItem\",\"position\":2,\"name\":\"Progresso da descarboniza\u00e7\u00e3o no transporte do Brasil\"}]},{\"@type\":\"WebSite\",\"@id\":\"https:\\\/\\\/motorista.com.br\\\/noticias\\\/#website\",\"url\":\"https:\\\/\\\/motorista.com.br\\\/noticias\\\/\",\"name\":\"Motorista.com.br\",\"description\":\"Not\u00edcia do Motorista\",\"publisher\":{\"@id\":\"https:\\\/\\\/motorista.com.br\\\/noticias\\\/#organization\"},\"potentialAction\":[{\"@type\":\"SearchAction\",\"target\":{\"@type\":\"EntryPoint\",\"urlTemplate\":\"https:\\\/\\\/motorista.com.br\\\/noticias\\\/?s={search_term_string}\"},\"query-input\":{\"@type\":\"PropertyValueSpecification\",\"valueRequired\":true,\"valueName\":\"search_term_string\"}}],\"inLanguage\":\"pt-BR\"},{\"@type\":\"Organization\",\"@id\":\"https:\\\/\\\/motorista.com.br\\\/noticias\\\/#organization\",\"name\":\"Motorista.com.br\",\"url\":\"https:\\\/\\\/motorista.com.br\\\/noticias\\\/\",\"logo\":{\"@type\":\"ImageObject\",\"inLanguage\":\"pt-BR\",\"@id\":\"https:\\\/\\\/motorista.com.br\\\/noticias\\\/#\\\/schema\\\/logo\\\/image\\\/\",\"url\":\"https:\\\/\\\/motorista.com.br\\\/noticias\\\/wp-content\\\/uploads\\\/2025\\\/06\\\/Design-sem-nome-9.png\",\"contentUrl\":\"https:\\\/\\\/motorista.com.br\\\/noticias\\\/wp-content\\\/uploads\\\/2025\\\/06\\\/Design-sem-nome-9.png\",\"width\":150,\"height\":85,\"caption\":\"Motorista.com.br\"},\"image\":{\"@id\":\"https:\\\/\\\/motorista.com.br\\\/noticias\\\/#\\\/schema\\\/logo\\\/image\\\/\"}},{\"@type\":\"Person\",\"@id\":\"https:\\\/\\\/motorista.com.br\\\/noticias\\\/#\\\/schema\\\/person\\\/dc93afc2981c0e3ce6bc3c053fd847be\",\"name\":\"Equipe Reda\u00e7\u00e3o\",\"image\":{\"@type\":\"ImageObject\",\"inLanguage\":\"pt-BR\",\"@id\":\"https:\\\/\\\/secure.gravatar.com\\\/avatar\\\/4f525efbf18dd2bb300ccad28bfb99d95a9465a5ba268407c8c37b37e1f28d2d?s=96&d=mm&r=g9e099043a0c61e9ae27e293b9fa75ffc\",\"url\":\"https:\\\/\\\/secure.gravatar.com\\\/avatar\\\/4f525efbf18dd2bb300ccad28bfb99d95a9465a5ba268407c8c37b37e1f28d2d?s=96&d=mm&r=g\",\"contentUrl\":\"https:\\\/\\\/secure.gravatar.com\\\/avatar\\\/4f525efbf18dd2bb300ccad28bfb99d95a9465a5ba268407c8c37b37e1f28d2d?s=96&d=mm&r=g\",\"caption\":\"Equipe Reda\u00e7\u00e3o\"},\"description\":\"Equipe de reda\u00e7\u00e3o \u00e9 um grupo de profissionais que trabalham juntos para criar conte\u00fado escrito para Motorista.com.br\",\"url\":\"https:\\\/\\\/motorista.com.br\\\/noticias\\\/author\\\/equiperedacao\\\/\"}]}<\/script>\n<!-- \/ Yoast SEO Premium plugin. -->","yoast_head_json":{"title":"Progresso da descarboniza\u00e7\u00e3o no transporte do Brasil - Motorista.com.br","robots":{"index":"index","follow":"follow","max-snippet":"max-snippet:-1","max-image-preview":"max-image-preview:large","max-video-preview":"max-video-preview:-1"},"canonical":"https:\/\/motorista.com.br\/noticias\/2026\/04\/29\/progresso-da-descarbonizacao-no-transporte-do-brasil\/","og_locale":"pt_BR","og_type":"article","og_title":"Progresso da descarboniza\u00e7\u00e3o no transporte do Brasil","og_description":"Avan\u00e7os da descarboniza\u00e7\u00e3o no transporte brasileiro \u2013 SETCESP Em um dos principais eventos mundiais de inova\u00e7\u00e3o industrial e tecnol\u00f3gica, a Jomed colocou o transporte brasileiro em evid\u00eancia internacional. Durante a Hannover Messe 2026, realizada entre os dias 20 e 24 de abril, a companhia foi uma das poucas transportadoras brasileiras presentes, representando o pa\u00eds em &hellip;","og_url":"https:\/\/motorista.com.br\/noticias\/2026\/04\/29\/progresso-da-descarbonizacao-no-transporte-do-brasil\/","og_site_name":"Motorista.com.br","article_published_time":"2026-04-30T01:44:40+00:00","author":"Equipe Reda\u00e7\u00e3o","twitter_card":"summary_large_image","twitter_misc":{"Escrito por":"Equipe Reda\u00e7\u00e3o","Est. tempo de leitura":"3 minutos","Written by":"Equipe Reda\u00e7\u00e3o"},"schema":{"@context":"https:\/\/schema.org","@graph":[{"@type":"Article","@id":"https:\/\/motorista.com.br\/noticias\/2026\/04\/29\/progresso-da-descarbonizacao-no-transporte-do-brasil\/#article","isPartOf":{"@id":"https:\/\/motorista.com.br\/noticias\/2026\/04\/29\/progresso-da-descarbonizacao-no-transporte-do-brasil\/"},"author":{"name":"Equipe Reda\u00e7\u00e3o","@id":"https:\/\/motorista.com.br\/noticias\/#\/schema\/person\/dc93afc2981c0e3ce6bc3c053fd847be"},"headline":"Progresso da descarboniza\u00e7\u00e3o no transporte do Brasil","datePublished":"2026-04-30T01:44:40+00:00","mainEntityOfPage":{"@id":"https:\/\/motorista.com.br\/noticias\/2026\/04\/29\/progresso-da-descarbonizacao-no-transporte-do-brasil\/"},"wordCount":665,"publisher":{"@id":"https:\/\/motorista.com.br\/noticias\/#organization"},"image":{"@id":"https:\/\/motorista.com.br\/noticias\/2026\/04\/29\/progresso-da-descarbonizacao-no-transporte-do-brasil\/#primaryimage"},"thumbnailUrl":"https:\/\/motorista.com.br\/noticias\/wp-content\/uploads\/2026\/04\/jomed.png","articleSection":["Log\u00edstica"],"inLanguage":"pt-BR"},{"@type":"WebPage","@id":"https:\/\/motorista.com.br\/noticias\/2026\/04\/29\/progresso-da-descarbonizacao-no-transporte-do-brasil\/","url":"https:\/\/motorista.com.br\/noticias\/2026\/04\/29\/progresso-da-descarbonizacao-no-transporte-do-brasil\/","name":"Progresso da descarboniza\u00e7\u00e3o no transporte do Brasil - Motorista.com.br","isPartOf":{"@id":"https:\/\/motorista.com.br\/noticias\/#website"},"primaryImageOfPage":{"@id":"https:\/\/motorista.com.br\/noticias\/2026\/04\/29\/progresso-da-descarbonizacao-no-transporte-do-brasil\/#primaryimage"},"image":{"@id":"https:\/\/motorista.com.br\/noticias\/2026\/04\/29\/progresso-da-descarbonizacao-no-transporte-do-brasil\/#primaryimage"},"thumbnailUrl":"https:\/\/motorista.com.br\/noticias\/wp-content\/uploads\/2026\/04\/jomed.png","datePublished":"2026-04-30T01:44:40+00:00","breadcrumb":{"@id":"https:\/\/motorista.com.br\/noticias\/2026\/04\/29\/progresso-da-descarbonizacao-no-transporte-do-brasil\/#breadcrumb"},"inLanguage":"pt-BR","potentialAction":[{"@type":"ReadAction","target":["https:\/\/motorista.com.br\/noticias\/2026\/04\/29\/progresso-da-descarbonizacao-no-transporte-do-brasil\/"]}]},{"@type":"ImageObject","inLanguage":"pt-BR","@id":"https:\/\/motorista.com.br\/noticias\/2026\/04\/29\/progresso-da-descarbonizacao-no-transporte-do-brasil\/#primaryimage","url":"https:\/\/motorista.com.br\/noticias\/wp-content\/uploads\/2026\/04\/jomed.png","contentUrl":"https:\/\/motorista.com.br\/noticias\/wp-content\/uploads\/2026\/04\/jomed.png","width":1400,"height":700},{"@type":"BreadcrumbList","@id":"https:\/\/motorista.com.br\/noticias\/2026\/04\/29\/progresso-da-descarbonizacao-no-transporte-do-brasil\/#breadcrumb","itemListElement":[{"@type":"ListItem","position":1,"name":"In\u00edcio","item":"https:\/\/motorista.com.br\/noticias\/"},{"@type":"ListItem","position":2,"name":"Progresso da descarboniza\u00e7\u00e3o no transporte do Brasil"}]},{"@type":"WebSite","@id":"https:\/\/motorista.com.br\/noticias\/#website","url":"https:\/\/motorista.com.br\/noticias\/","name":"Motorista.com.br","description":"Not\u00edcia do Motorista","publisher":{"@id":"https:\/\/motorista.com.br\/noticias\/#organization"},"potentialAction":[{"@type":"SearchAction","target":{"@type":"EntryPoint","urlTemplate":"https:\/\/motorista.com.br\/noticias\/?s={search_term_string}"},"query-input":{"@type":"PropertyValueSpecification","valueRequired":true,"valueName":"search_term_string"}}],"inLanguage":"pt-BR"},{"@type":"Organization","@id":"https:\/\/motorista.com.br\/noticias\/#organization","name":"Motorista.com.br","url":"https:\/\/motorista.com.br\/noticias\/","logo":{"@type":"ImageObject","inLanguage":"pt-BR","@id":"https:\/\/motorista.com.br\/noticias\/#\/schema\/logo\/image\/","url":"https:\/\/motorista.com.br\/noticias\/wp-content\/uploads\/2025\/06\/Design-sem-nome-9.png","contentUrl":"https:\/\/motorista.com.br\/noticias\/wp-content\/uploads\/2025\/06\/Design-sem-nome-9.png","width":150,"height":85,"caption":"Motorista.com.br"},"image":{"@id":"https:\/\/motorista.com.br\/noticias\/#\/schema\/logo\/image\/"}},{"@type":"Person","@id":"https:\/\/motorista.com.br\/noticias\/#\/schema\/person\/dc93afc2981c0e3ce6bc3c053fd847be","name":"Equipe Reda\u00e7\u00e3o","image":{"@type":"ImageObject","inLanguage":"pt-BR","@id":"https:\/\/secure.gravatar.com\/avatar\/4f525efbf18dd2bb300ccad28bfb99d95a9465a5ba268407c8c37b37e1f28d2d?s=96&d=mm&r=g9e099043a0c61e9ae27e293b9fa75ffc","url":"https:\/\/secure.gravatar.com\/avatar\/4f525efbf18dd2bb300ccad28bfb99d95a9465a5ba268407c8c37b37e1f28d2d?s=96&d=mm&r=g","contentUrl":"https:\/\/secure.gravatar.com\/avatar\/4f525efbf18dd2bb300ccad28bfb99d95a9465a5ba268407c8c37b37e1f28d2d?s=96&d=mm&r=g","caption":"Equipe Reda\u00e7\u00e3o"},"description":"Equipe de reda\u00e7\u00e3o \u00e9 um grupo de profissionais que trabalham juntos para criar conte\u00fado escrito para Motorista.com.br","url":"https:\/\/motorista.com.br\/noticias\/author\/equiperedacao\/"}]}},"_links":{"self":[{"href":"https:\/\/motorista.com.br\/noticias\/wp-json\/wp\/v2\/posts\/9349","targetHints":{"allow":["GET"]}}],"collection":[{"href":"https:\/\/motorista.com.br\/noticias\/wp-json\/wp\/v2\/posts"}],"about":[{"href":"https:\/\/motorista.com.br\/noticias\/wp-json\/wp\/v2\/types\/post"}],"author":[{"embeddable":true,"href":"https:\/\/motorista.com.br\/noticias\/wp-json\/wp\/v2\/users\/4"}],"replies":[{"embeddable":true,"href":"https:\/\/motorista.com.br\/noticias\/wp-json\/wp\/v2\/comments?post=9349"}],"version-history":[{"count":0,"href":"https:\/\/motorista.com.br\/noticias\/wp-json\/wp\/v2\/posts\/9349\/revisions"}],"wp:featuredmedia":[{"embeddable":true,"href":"https:\/\/motorista.com.br\/noticias\/wp-json\/wp\/v2\/media\/9350"}],"wp:attachment":[{"href":"https:\/\/motorista.com.br\/noticias\/wp-json\/wp\/v2\/media?parent=9349"}],"wp:term":[{"taxonomy":"category","embeddable":true,"href":"https:\/\/motorista.com.br\/noticias\/wp-json\/wp\/v2\/categories?post=9349"},{"taxonomy":"post_tag","embeddable":true,"href":"https:\/\/motorista.com.br\/noticias\/wp-json\/wp\/v2\/tags?post=9349"},{"taxonomy":"author","embeddable":true,"href":"https:\/\/motorista.com.br\/noticias\/wp-json\/wp\/v2\/coauthors?post=9349"}],"curies":[{"name":"wp","href":"https:\/\/api.w.org\/{rel}","templated":true}]}}