{"id":9345,"date":"2026-04-29T20:44:33","date_gmt":"2026-04-29T23:44:33","guid":{"rendered":"https:\/\/motorista.com.br\/noticias\/2026\/04\/29\/o-ano-em-que-o-simples-nacional-se-torna-estrategia-competitiva\/"},"modified":"2026-04-29T20:44:33","modified_gmt":"2026-04-29T23:44:33","slug":"o-ano-em-que-o-simples-nacional-se-torna-estrategia-competitiva","status":"publish","type":"post","link":"https:\/\/motorista.com.br\/noticias\/2026\/04\/29\/o-ano-em-que-o-simples-nacional-se-torna-estrategia-competitiva\/","title":{"rendered":"O ano em que o Simples Nacional se torna estrat\u00e9gia competitiva"},"content":{"rendered":"<p><\/p>\n<p><strong>O Ano em que o Simples Nacional se Torna uma Estrat\u00e9gia de Competitividade<\/strong><\/p>\n<p>Al\u00e9m de ser uma transi\u00e7\u00e3o t\u00e9cnica no sistema tribut\u00e1rio brasileiro, o ano de 2026 marca uma nova era de gest\u00e3o financeira para micro, pequenas e m\u00e9dias empresas (MPMEs). Para muitas dessas empresas, a contabilidade passa a ser uma quest\u00e3o crucial de sobreviv\u00eancia, especialmente para os profissionais e prestadores de servi\u00e7os que gerenciam seus neg\u00f3cios, muitas vezes, sozinhos.<\/p>\n<p>A partir de setembro, as empresas do Simples Nacional enfrentam um novo desafio: n\u00e3o se trata apenas de cumprir obriga\u00e7\u00f5es fiscais, mas de entender como os tributos impactam cada etapa da cadeia de valor. Isso afeta diretamente o poder de negocia\u00e7\u00e3o, a precifica\u00e7\u00e3o e a sustentabilidade das margens, especialmente quando o cliente final n\u00e3o \u00e9 um consumidor pessoa f\u00edsica.<\/p>\n<p>Neste novo cen\u00e1rio, a capacidade de gerar cr\u00e9ditos tribut\u00e1rios ser\u00e1 um diferencial na competitividade das MPMEs no mercado B2B (business to business). As empresas que optarem por permanecer no modelo tradicional do Simples Nacional poder\u00e3o enfrentar um isolamento comercial, j\u00e1 que clientes maiores buscar\u00e3o fornecedores que possibilitem a recupera\u00e7\u00e3o integral de impostos pagos.<\/p>\n<p>A migra\u00e7\u00e3o para o regime h\u00edbrido n\u00e3o \u00e9 apenas uma mudan\u00e7a cont\u00e1bil, mas uma decis\u00e3o estrat\u00e9gica que deve ser cuidadosamente avaliada. Permanecer no modelo tradicional pode resultar em pre\u00e7os menos competitivos, considerando que clientes corporativos s\u00f3 poder\u00e3o aproveitar uma fra\u00e7\u00e3o reduzida do cr\u00e9dito tribut\u00e1rio. Essa situa\u00e7\u00e3o refor\u00e7a a import\u00e2ncia de analisar os contratos sob a perspectiva da competitividade, considerando se o diferencial t\u00e9cnico ou o relacionamento s\u00e3o suficientes para mitigar essa desvantagem.<\/p>\n<p>Por outro lado, migrar para o Simples Nacional H\u00edbrido exigir\u00e1 uma reestrutura\u00e7\u00e3o nos custos e na forma\u00e7\u00e3o de pre\u00e7os, permitindo que a empresa transfira o cr\u00e9dito integral de impostos e, assim, torne-se mais atraente para grandes clientes. Essa adapta\u00e7\u00e3o deve estar alinhada com a gest\u00e3o eficiente dos tributos, onde o valor apresentado ao cliente passa a ser o custo l\u00edquido, possibilitando ajustes no pre\u00e7o sem comprometer a margem de lucro.<\/p>\n<p>A escolha estrat\u00e9gica deve considerar a natureza da receita. Se a maior parte do faturamento prov\u00e9m de pessoas f\u00edsicas ou microempresas, a simplicidade do modelo tradicional ainda pode ser a melhor op\u00e7\u00e3o. Por\u00e9m, para aquelas que visam crescer por meio de parcerias com grandes corpora\u00e7\u00f5es, o regime h\u00edbrido se converte em uma ferramenta essencial de vendas.<\/p>\n<p>Os empreendedores t\u00eam at\u00e9 setembro para mapear os impactos desta mudan\u00e7a em seus contratos. Adotar uma postura proativa pode ser a chave para manter a viabilidade comercial, alinhando-se \u00e0 nova din\u00e2mica de cr\u00e9ditos tribut\u00e1rios.<\/p>\n<p>Em \u00faltima an\u00e1lise, a Reforma Tribut\u00e1ria do Consumo convida as MPMEs a sa\u00edrem de uma posi\u00e7\u00e3o reativa para assumir o controle total de sua engenharia financeira. O ano de 2026 n\u00e3o deve ser apenas um per\u00edodo de prepara\u00e7\u00e3o, mas sim um ciclo de simula\u00e7\u00f5es e ajustes operacionais. Ao compreender a l\u00f3gica da n\u00e3o cumulatividade e seu impacto no fluxo de caixa dos clientes, as pequenas empresas podem transformar a complexidade tribut\u00e1ria em uma vantagem competitiva.<\/p>\n<p>Aqueles que demonstrarem que seus servi\u00e7os geram economia real neste novo sistema n\u00e3o s\u00f3 se adaptar\u00e3o \u00e0s mudan\u00e7as, mas ter\u00e3o a oportunidade de liderar o mercado com opera\u00e7\u00f5es mais transparentes, t\u00e9cnicas e sustent\u00e1veis.<\/p>\n<p><strong>Fonte:<\/strong> reformatributaria<\/p>\n","protected":false},"excerpt":{"rendered":"<p>O Ano em que o Simples Nacional se Torna uma Estrat\u00e9gia de Competitividade Al\u00e9m de ser uma transi\u00e7\u00e3o t\u00e9cnica no sistema tribut\u00e1rio brasileiro, o ano de 2026 marca uma nova era de gest\u00e3o financeira para micro, pequenas e m\u00e9dias empresas (MPMEs). Para muitas dessas empresas, a contabilidade passa a ser uma quest\u00e3o crucial de sobreviv\u00eancia, &hellip;<\/p>\n","protected":false},"author":4,"featured_media":9346,"comment_status":"","ping_status":"open","sticky":false,"template":"","format":"standard","meta":{"footnotes":""},"categories":[35],"tags":[],"coauthors":[42],"class_list":["post-9345","post","type-post","status-publish","format-standard","has-post-thumbnail","hentry","category-legislacao"],"yoast_head":"<!-- This site is optimized with the Yoast SEO Premium plugin v25.5 (Yoast SEO v27.5) - https:\/\/yoast.com\/product\/yoast-seo-premium-wordpress\/ -->\n<title>O ano em que o Simples Nacional se torna estrat\u00e9gia competitiva - Motorista.com.br<\/title>\n<meta name=\"robots\" content=\"index, follow, max-snippet:-1, max-image-preview:large, max-video-preview:-1\" \/>\n<link rel=\"canonical\" href=\"https:\/\/motorista.com.br\/noticias\/2026\/04\/29\/o-ano-em-que-o-simples-nacional-se-torna-estrategia-competitiva\/\" \/>\n<meta property=\"og:locale\" content=\"pt_BR\" \/>\n<meta property=\"og:type\" content=\"article\" \/>\n<meta property=\"og:title\" content=\"O ano em que o Simples Nacional se torna estrat\u00e9gia competitiva\" \/>\n<meta property=\"og:description\" content=\"O Ano em que o Simples Nacional se Torna uma Estrat\u00e9gia de Competitividade Al\u00e9m de ser uma transi\u00e7\u00e3o t\u00e9cnica no sistema tribut\u00e1rio brasileiro, o ano de 2026 marca uma nova era de gest\u00e3o financeira para micro, pequenas e m\u00e9dias empresas (MPMEs). Para muitas dessas empresas, a contabilidade passa a ser uma quest\u00e3o crucial de sobreviv\u00eancia, &hellip;\" \/>\n<meta property=\"og:url\" content=\"https:\/\/motorista.com.br\/noticias\/2026\/04\/29\/o-ano-em-que-o-simples-nacional-se-torna-estrategia-competitiva\/\" \/>\n<meta property=\"og:site_name\" content=\"Motorista.com.br\" \/>\n<meta property=\"article:published_time\" content=\"2026-04-29T23:44:33+00:00\" \/>\n<meta name=\"author\" content=\"Equipe Reda\u00e7\u00e3o\" \/>\n<meta name=\"twitter:card\" content=\"summary_large_image\" \/>\n<meta name=\"twitter:label1\" content=\"Escrito por\" \/>\n\t<meta name=\"twitter:data1\" content=\"Equipe Reda\u00e7\u00e3o\" \/>\n\t<meta name=\"twitter:label2\" content=\"Est. tempo de leitura\" \/>\n\t<meta name=\"twitter:data2\" content=\"3 minutos\" \/>\n\t<meta name=\"twitter:label3\" content=\"Written by\" \/>\n\t<meta name=\"twitter:data3\" content=\"Equipe Reda\u00e7\u00e3o\" \/>\n<script type=\"application\/ld+json\" class=\"yoast-schema-graph\">{\"@context\":\"https:\\\/\\\/schema.org\",\"@graph\":[{\"@type\":\"Article\",\"@id\":\"https:\\\/\\\/motorista.com.br\\\/noticias\\\/2026\\\/04\\\/29\\\/o-ano-em-que-o-simples-nacional-se-torna-estrategia-competitiva\\\/#article\",\"isPartOf\":{\"@id\":\"https:\\\/\\\/motorista.com.br\\\/noticias\\\/2026\\\/04\\\/29\\\/o-ano-em-que-o-simples-nacional-se-torna-estrategia-competitiva\\\/\"},\"author\":{\"name\":\"Equipe Reda\u00e7\u00e3o\",\"@id\":\"https:\\\/\\\/motorista.com.br\\\/noticias\\\/#\\\/schema\\\/person\\\/dc93afc2981c0e3ce6bc3c053fd847be\"},\"headline\":\"O ano em que o Simples Nacional se torna estrat\u00e9gia competitiva\",\"datePublished\":\"2026-04-29T23:44:33+00:00\",\"mainEntityOfPage\":{\"@id\":\"https:\\\/\\\/motorista.com.br\\\/noticias\\\/2026\\\/04\\\/29\\\/o-ano-em-que-o-simples-nacional-se-torna-estrategia-competitiva\\\/\"},\"wordCount\":612,\"publisher\":{\"@id\":\"https:\\\/\\\/motorista.com.br\\\/noticias\\\/#organization\"},\"image\":{\"@id\":\"https:\\\/\\\/motorista.com.br\\\/noticias\\\/2026\\\/04\\\/29\\\/o-ano-em-que-o-simples-nacional-se-torna-estrategia-competitiva\\\/#primaryimage\"},\"thumbnailUrl\":\"https:\\\/\\\/motorista.com.br\\\/noticias\\\/wp-content\\\/uploads\\\/2026\\\/04\\\/Eduardo-Freitas-Contabilizei.jpg\",\"articleSection\":[\"Legisla\u00e7\u00e3o\"],\"inLanguage\":\"pt-BR\"},{\"@type\":\"WebPage\",\"@id\":\"https:\\\/\\\/motorista.com.br\\\/noticias\\\/2026\\\/04\\\/29\\\/o-ano-em-que-o-simples-nacional-se-torna-estrategia-competitiva\\\/\",\"url\":\"https:\\\/\\\/motorista.com.br\\\/noticias\\\/2026\\\/04\\\/29\\\/o-ano-em-que-o-simples-nacional-se-torna-estrategia-competitiva\\\/\",\"name\":\"O ano em que o Simples Nacional se torna estrat\u00e9gia competitiva - Motorista.com.br\",\"isPartOf\":{\"@id\":\"https:\\\/\\\/motorista.com.br\\\/noticias\\\/#website\"},\"primaryImageOfPage\":{\"@id\":\"https:\\\/\\\/motorista.com.br\\\/noticias\\\/2026\\\/04\\\/29\\\/o-ano-em-que-o-simples-nacional-se-torna-estrategia-competitiva\\\/#primaryimage\"},\"image\":{\"@id\":\"https:\\\/\\\/motorista.com.br\\\/noticias\\\/2026\\\/04\\\/29\\\/o-ano-em-que-o-simples-nacional-se-torna-estrategia-competitiva\\\/#primaryimage\"},\"thumbnailUrl\":\"https:\\\/\\\/motorista.com.br\\\/noticias\\\/wp-content\\\/uploads\\\/2026\\\/04\\\/Eduardo-Freitas-Contabilizei.jpg\",\"datePublished\":\"2026-04-29T23:44:33+00:00\",\"breadcrumb\":{\"@id\":\"https:\\\/\\\/motorista.com.br\\\/noticias\\\/2026\\\/04\\\/29\\\/o-ano-em-que-o-simples-nacional-se-torna-estrategia-competitiva\\\/#breadcrumb\"},\"inLanguage\":\"pt-BR\",\"potentialAction\":[{\"@type\":\"ReadAction\",\"target\":[\"https:\\\/\\\/motorista.com.br\\\/noticias\\\/2026\\\/04\\\/29\\\/o-ano-em-que-o-simples-nacional-se-torna-estrategia-competitiva\\\/\"]}]},{\"@type\":\"ImageObject\",\"inLanguage\":\"pt-BR\",\"@id\":\"https:\\\/\\\/motorista.com.br\\\/noticias\\\/2026\\\/04\\\/29\\\/o-ano-em-que-o-simples-nacional-se-torna-estrategia-competitiva\\\/#primaryimage\",\"url\":\"https:\\\/\\\/motorista.com.br\\\/noticias\\\/wp-content\\\/uploads\\\/2026\\\/04\\\/Eduardo-Freitas-Contabilizei.jpg\",\"contentUrl\":\"https:\\\/\\\/motorista.com.br\\\/noticias\\\/wp-content\\\/uploads\\\/2026\\\/04\\\/Eduardo-Freitas-Contabilizei.jpg\",\"width\":1214,\"height\":808},{\"@type\":\"BreadcrumbList\",\"@id\":\"https:\\\/\\\/motorista.com.br\\\/noticias\\\/2026\\\/04\\\/29\\\/o-ano-em-que-o-simples-nacional-se-torna-estrategia-competitiva\\\/#breadcrumb\",\"itemListElement\":[{\"@type\":\"ListItem\",\"position\":1,\"name\":\"In\u00edcio\",\"item\":\"https:\\\/\\\/motorista.com.br\\\/noticias\\\/\"},{\"@type\":\"ListItem\",\"position\":2,\"name\":\"O ano em que o Simples Nacional se torna estrat\u00e9gia competitiva\"}]},{\"@type\":\"WebSite\",\"@id\":\"https:\\\/\\\/motorista.com.br\\\/noticias\\\/#website\",\"url\":\"https:\\\/\\\/motorista.com.br\\\/noticias\\\/\",\"name\":\"Motorista.com.br\",\"description\":\"Not\u00edcia do Motorista\",\"publisher\":{\"@id\":\"https:\\\/\\\/motorista.com.br\\\/noticias\\\/#organization\"},\"potentialAction\":[{\"@type\":\"SearchAction\",\"target\":{\"@type\":\"EntryPoint\",\"urlTemplate\":\"https:\\\/\\\/motorista.com.br\\\/noticias\\\/?s={search_term_string}\"},\"query-input\":{\"@type\":\"PropertyValueSpecification\",\"valueRequired\":true,\"valueName\":\"search_term_string\"}}],\"inLanguage\":\"pt-BR\"},{\"@type\":\"Organization\",\"@id\":\"https:\\\/\\\/motorista.com.br\\\/noticias\\\/#organization\",\"name\":\"Motorista.com.br\",\"url\":\"https:\\\/\\\/motorista.com.br\\\/noticias\\\/\",\"logo\":{\"@type\":\"ImageObject\",\"inLanguage\":\"pt-BR\",\"@id\":\"https:\\\/\\\/motorista.com.br\\\/noticias\\\/#\\\/schema\\\/logo\\\/image\\\/\",\"url\":\"https:\\\/\\\/motorista.com.br\\\/noticias\\\/wp-content\\\/uploads\\\/2025\\\/06\\\/Design-sem-nome-9.png\",\"contentUrl\":\"https:\\\/\\\/motorista.com.br\\\/noticias\\\/wp-content\\\/uploads\\\/2025\\\/06\\\/Design-sem-nome-9.png\",\"width\":150,\"height\":85,\"caption\":\"Motorista.com.br\"},\"image\":{\"@id\":\"https:\\\/\\\/motorista.com.br\\\/noticias\\\/#\\\/schema\\\/logo\\\/image\\\/\"}},{\"@type\":\"Person\",\"@id\":\"https:\\\/\\\/motorista.com.br\\\/noticias\\\/#\\\/schema\\\/person\\\/dc93afc2981c0e3ce6bc3c053fd847be\",\"name\":\"Equipe Reda\u00e7\u00e3o\",\"image\":{\"@type\":\"ImageObject\",\"inLanguage\":\"pt-BR\",\"@id\":\"https:\\\/\\\/secure.gravatar.com\\\/avatar\\\/4f525efbf18dd2bb300ccad28bfb99d95a9465a5ba268407c8c37b37e1f28d2d?s=96&d=mm&r=g9e099043a0c61e9ae27e293b9fa75ffc\",\"url\":\"https:\\\/\\\/secure.gravatar.com\\\/avatar\\\/4f525efbf18dd2bb300ccad28bfb99d95a9465a5ba268407c8c37b37e1f28d2d?s=96&d=mm&r=g\",\"contentUrl\":\"https:\\\/\\\/secure.gravatar.com\\\/avatar\\\/4f525efbf18dd2bb300ccad28bfb99d95a9465a5ba268407c8c37b37e1f28d2d?s=96&d=mm&r=g\",\"caption\":\"Equipe Reda\u00e7\u00e3o\"},\"description\":\"Equipe de reda\u00e7\u00e3o \u00e9 um grupo de profissionais que trabalham juntos para criar conte\u00fado escrito para Motorista.com.br\",\"url\":\"https:\\\/\\\/motorista.com.br\\\/noticias\\\/author\\\/equiperedacao\\\/\"}]}<\/script>\n<!-- \/ Yoast SEO Premium plugin. -->","yoast_head_json":{"title":"O ano em que o Simples Nacional se torna estrat\u00e9gia competitiva - Motorista.com.br","robots":{"index":"index","follow":"follow","max-snippet":"max-snippet:-1","max-image-preview":"max-image-preview:large","max-video-preview":"max-video-preview:-1"},"canonical":"https:\/\/motorista.com.br\/noticias\/2026\/04\/29\/o-ano-em-que-o-simples-nacional-se-torna-estrategia-competitiva\/","og_locale":"pt_BR","og_type":"article","og_title":"O ano em que o Simples Nacional se torna estrat\u00e9gia competitiva","og_description":"O Ano em que o Simples Nacional se Torna uma Estrat\u00e9gia de Competitividade Al\u00e9m de ser uma transi\u00e7\u00e3o t\u00e9cnica no sistema tribut\u00e1rio brasileiro, o ano de 2026 marca uma nova era de gest\u00e3o financeira para micro, pequenas e m\u00e9dias empresas (MPMEs). Para muitas dessas empresas, a contabilidade passa a ser uma quest\u00e3o crucial de sobreviv\u00eancia, &hellip;","og_url":"https:\/\/motorista.com.br\/noticias\/2026\/04\/29\/o-ano-em-que-o-simples-nacional-se-torna-estrategia-competitiva\/","og_site_name":"Motorista.com.br","article_published_time":"2026-04-29T23:44:33+00:00","author":"Equipe Reda\u00e7\u00e3o","twitter_card":"summary_large_image","twitter_misc":{"Escrito por":"Equipe Reda\u00e7\u00e3o","Est. tempo de leitura":"3 minutos","Written by":"Equipe Reda\u00e7\u00e3o"},"schema":{"@context":"https:\/\/schema.org","@graph":[{"@type":"Article","@id":"https:\/\/motorista.com.br\/noticias\/2026\/04\/29\/o-ano-em-que-o-simples-nacional-se-torna-estrategia-competitiva\/#article","isPartOf":{"@id":"https:\/\/motorista.com.br\/noticias\/2026\/04\/29\/o-ano-em-que-o-simples-nacional-se-torna-estrategia-competitiva\/"},"author":{"name":"Equipe Reda\u00e7\u00e3o","@id":"https:\/\/motorista.com.br\/noticias\/#\/schema\/person\/dc93afc2981c0e3ce6bc3c053fd847be"},"headline":"O ano em que o Simples Nacional se torna estrat\u00e9gia competitiva","datePublished":"2026-04-29T23:44:33+00:00","mainEntityOfPage":{"@id":"https:\/\/motorista.com.br\/noticias\/2026\/04\/29\/o-ano-em-que-o-simples-nacional-se-torna-estrategia-competitiva\/"},"wordCount":612,"publisher":{"@id":"https:\/\/motorista.com.br\/noticias\/#organization"},"image":{"@id":"https:\/\/motorista.com.br\/noticias\/2026\/04\/29\/o-ano-em-que-o-simples-nacional-se-torna-estrategia-competitiva\/#primaryimage"},"thumbnailUrl":"https:\/\/motorista.com.br\/noticias\/wp-content\/uploads\/2026\/04\/Eduardo-Freitas-Contabilizei.jpg","articleSection":["Legisla\u00e7\u00e3o"],"inLanguage":"pt-BR"},{"@type":"WebPage","@id":"https:\/\/motorista.com.br\/noticias\/2026\/04\/29\/o-ano-em-que-o-simples-nacional-se-torna-estrategia-competitiva\/","url":"https:\/\/motorista.com.br\/noticias\/2026\/04\/29\/o-ano-em-que-o-simples-nacional-se-torna-estrategia-competitiva\/","name":"O ano em que o Simples Nacional se torna estrat\u00e9gia competitiva - Motorista.com.br","isPartOf":{"@id":"https:\/\/motorista.com.br\/noticias\/#website"},"primaryImageOfPage":{"@id":"https:\/\/motorista.com.br\/noticias\/2026\/04\/29\/o-ano-em-que-o-simples-nacional-se-torna-estrategia-competitiva\/#primaryimage"},"image":{"@id":"https:\/\/motorista.com.br\/noticias\/2026\/04\/29\/o-ano-em-que-o-simples-nacional-se-torna-estrategia-competitiva\/#primaryimage"},"thumbnailUrl":"https:\/\/motorista.com.br\/noticias\/wp-content\/uploads\/2026\/04\/Eduardo-Freitas-Contabilizei.jpg","datePublished":"2026-04-29T23:44:33+00:00","breadcrumb":{"@id":"https:\/\/motorista.com.br\/noticias\/2026\/04\/29\/o-ano-em-que-o-simples-nacional-se-torna-estrategia-competitiva\/#breadcrumb"},"inLanguage":"pt-BR","potentialAction":[{"@type":"ReadAction","target":["https:\/\/motorista.com.br\/noticias\/2026\/04\/29\/o-ano-em-que-o-simples-nacional-se-torna-estrategia-competitiva\/"]}]},{"@type":"ImageObject","inLanguage":"pt-BR","@id":"https:\/\/motorista.com.br\/noticias\/2026\/04\/29\/o-ano-em-que-o-simples-nacional-se-torna-estrategia-competitiva\/#primaryimage","url":"https:\/\/motorista.com.br\/noticias\/wp-content\/uploads\/2026\/04\/Eduardo-Freitas-Contabilizei.jpg","contentUrl":"https:\/\/motorista.com.br\/noticias\/wp-content\/uploads\/2026\/04\/Eduardo-Freitas-Contabilizei.jpg","width":1214,"height":808},{"@type":"BreadcrumbList","@id":"https:\/\/motorista.com.br\/noticias\/2026\/04\/29\/o-ano-em-que-o-simples-nacional-se-torna-estrategia-competitiva\/#breadcrumb","itemListElement":[{"@type":"ListItem","position":1,"name":"In\u00edcio","item":"https:\/\/motorista.com.br\/noticias\/"},{"@type":"ListItem","position":2,"name":"O ano em que o Simples Nacional se torna estrat\u00e9gia competitiva"}]},{"@type":"WebSite","@id":"https:\/\/motorista.com.br\/noticias\/#website","url":"https:\/\/motorista.com.br\/noticias\/","name":"Motorista.com.br","description":"Not\u00edcia do Motorista","publisher":{"@id":"https:\/\/motorista.com.br\/noticias\/#organization"},"potentialAction":[{"@type":"SearchAction","target":{"@type":"EntryPoint","urlTemplate":"https:\/\/motorista.com.br\/noticias\/?s={search_term_string}"},"query-input":{"@type":"PropertyValueSpecification","valueRequired":true,"valueName":"search_term_string"}}],"inLanguage":"pt-BR"},{"@type":"Organization","@id":"https:\/\/motorista.com.br\/noticias\/#organization","name":"Motorista.com.br","url":"https:\/\/motorista.com.br\/noticias\/","logo":{"@type":"ImageObject","inLanguage":"pt-BR","@id":"https:\/\/motorista.com.br\/noticias\/#\/schema\/logo\/image\/","url":"https:\/\/motorista.com.br\/noticias\/wp-content\/uploads\/2025\/06\/Design-sem-nome-9.png","contentUrl":"https:\/\/motorista.com.br\/noticias\/wp-content\/uploads\/2025\/06\/Design-sem-nome-9.png","width":150,"height":85,"caption":"Motorista.com.br"},"image":{"@id":"https:\/\/motorista.com.br\/noticias\/#\/schema\/logo\/image\/"}},{"@type":"Person","@id":"https:\/\/motorista.com.br\/noticias\/#\/schema\/person\/dc93afc2981c0e3ce6bc3c053fd847be","name":"Equipe Reda\u00e7\u00e3o","image":{"@type":"ImageObject","inLanguage":"pt-BR","@id":"https:\/\/secure.gravatar.com\/avatar\/4f525efbf18dd2bb300ccad28bfb99d95a9465a5ba268407c8c37b37e1f28d2d?s=96&d=mm&r=g9e099043a0c61e9ae27e293b9fa75ffc","url":"https:\/\/secure.gravatar.com\/avatar\/4f525efbf18dd2bb300ccad28bfb99d95a9465a5ba268407c8c37b37e1f28d2d?s=96&d=mm&r=g","contentUrl":"https:\/\/secure.gravatar.com\/avatar\/4f525efbf18dd2bb300ccad28bfb99d95a9465a5ba268407c8c37b37e1f28d2d?s=96&d=mm&r=g","caption":"Equipe Reda\u00e7\u00e3o"},"description":"Equipe de reda\u00e7\u00e3o \u00e9 um grupo de profissionais que trabalham juntos para criar conte\u00fado escrito para Motorista.com.br","url":"https:\/\/motorista.com.br\/noticias\/author\/equiperedacao\/"}]}},"_links":{"self":[{"href":"https:\/\/motorista.com.br\/noticias\/wp-json\/wp\/v2\/posts\/9345","targetHints":{"allow":["GET"]}}],"collection":[{"href":"https:\/\/motorista.com.br\/noticias\/wp-json\/wp\/v2\/posts"}],"about":[{"href":"https:\/\/motorista.com.br\/noticias\/wp-json\/wp\/v2\/types\/post"}],"author":[{"embeddable":true,"href":"https:\/\/motorista.com.br\/noticias\/wp-json\/wp\/v2\/users\/4"}],"replies":[{"embeddable":true,"href":"https:\/\/motorista.com.br\/noticias\/wp-json\/wp\/v2\/comments?post=9345"}],"version-history":[{"count":0,"href":"https:\/\/motorista.com.br\/noticias\/wp-json\/wp\/v2\/posts\/9345\/revisions"}],"wp:featuredmedia":[{"embeddable":true,"href":"https:\/\/motorista.com.br\/noticias\/wp-json\/wp\/v2\/media\/9346"}],"wp:attachment":[{"href":"https:\/\/motorista.com.br\/noticias\/wp-json\/wp\/v2\/media?parent=9345"}],"wp:term":[{"taxonomy":"category","embeddable":true,"href":"https:\/\/motorista.com.br\/noticias\/wp-json\/wp\/v2\/categories?post=9345"},{"taxonomy":"post_tag","embeddable":true,"href":"https:\/\/motorista.com.br\/noticias\/wp-json\/wp\/v2\/tags?post=9345"},{"taxonomy":"author","embeddable":true,"href":"https:\/\/motorista.com.br\/noticias\/wp-json\/wp\/v2\/coauthors?post=9345"}],"curies":[{"name":"wp","href":"https:\/\/api.w.org\/{rel}","templated":true}]}}