{"id":9339,"date":"2026-04-29T18:35:57","date_gmt":"2026-04-29T21:35:57","guid":{"rendered":"https:\/\/motorista.com.br\/noticias\/2026\/04\/29\/governo-anula-34-milhoes-de-multas-de-pedagio-nao-pagas\/"},"modified":"2026-04-29T18:35:57","modified_gmt":"2026-04-29T21:35:57","slug":"governo-anula-34-milhoes-de-multas-de-pedagio-nao-pagas","status":"publish","type":"post","link":"https:\/\/motorista.com.br\/noticias\/2026\/04\/29\/governo-anula-34-milhoes-de-multas-de-pedagio-nao-pagas\/","title":{"rendered":"Governo anula 3,4 milh\u00f5es de multas de ped\u00e1gio n\u00e3o pagas."},"content":{"rendered":"<p><\/p>\n<p><strong>Governo suspende 3,4 milh\u00f5es de multas por n\u00e3o pagar ped\u00e1gio<\/strong><\/p>\n<p>O governo federal anunciou a suspens\u00e3o por 200 dias de 3,4 milh\u00f5es de multas referentes \u00e0 falta de pagamento da tarifa de ped\u00e1gio eletr\u00f4nico do modelo free flow (ped\u00e1gio eletr\u00f4nico sem cancelas). Essas multas deveriam ter sido quitadas em at\u00e9 30 dias ap\u00f3s a passagem pela rodovia estadual ou federal.<\/p>\n<p>Al\u00e9m disso, as informa\u00e7\u00f5es sobre passagens e d\u00e9bitos de ped\u00e1gio eletr\u00f4nico ser\u00e3o centralizadas no aplicativo CNH do Brasil, desenvolvido pelo Minist\u00e9rio dos Transportes, representando um avan\u00e7o significativo na digitaliza\u00e7\u00e3o da mobilidade.<\/p>\n<p>O principal objetivo dessa iniciativa \u00e9 facilitar o acesso dos motoristas \u00e0s informa\u00e7\u00f5es necess\u00e1rias para o pagamento das tarifas em um \u00fanico ambiente digital, com a integra\u00e7\u00e3o dos sistemas das concession\u00e1rias. Essa mudan\u00e7a n\u00e3o apenas melhora a experi\u00eancia do usu\u00e1rio, mas tamb\u00e9m estabelece uma nova forma de intera\u00e7\u00e3o entre o cidad\u00e3o e as autoridades, promovendo uma cultura de transpar\u00eancia e responsabilidade.<\/p>\n<h3>Prazo de Regulariza\u00e7\u00e3o<\/h3>\n<p>Durante o per\u00edodo de 200 dias, os motoristas dever\u00e3o regularizar seus d\u00e9bitos atrasados. Aqueles que pagarem as tarifas at\u00e9 16 de novembro poder\u00e3o recuperar os cinco pontos perdidos na Carteira Nacional de Habilita\u00e7\u00e3o (CNH). Nesse intervalo, est\u00e1 proibida a aplica\u00e7\u00e3o de novos autos de infra\u00e7\u00e3o pelo n\u00e3o pagamento das tarifas de ped\u00e1gio eletr\u00f4nico. A partir de 17 de novembro, os usu\u00e1rios com d\u00e9bitos em aberto ter\u00e3o que arcar com os valores do ped\u00e1gio, al\u00e9m da multa por atraso.<\/p>\n<p>Em entrevista, o ministro Guilherme Boulos defendeu que a suspens\u00e3o das multas \u00e9 uma quest\u00e3o de justi\u00e7a. Muitos motoristas multados n\u00e3o tinham a informa\u00e7\u00e3o correta sobre como pagar o ped\u00e1gio free flow, o que mostra a import\u00e2ncia de um sistema claro e acess\u00edvel.<\/p>\n<h3>A Import\u00e2ncia da Centraliza\u00e7\u00e3o da Informa\u00e7\u00e3o<\/h3>\n<p>O ministro dos Transportes, George Santoro, destacou que a centraliza\u00e7\u00e3o das informa\u00e7\u00f5es representa uma transforma\u00e7\u00e3o regulat\u00f3ria, colocando o usu\u00e1rio no centro do sistema. Segundo ele, qualquer motorista ter\u00e1 acesso a dados completos sobre suas passagens e formas de pagamento atrav\u00e9s do aplicativo CNH do Brasil, independentemente da concess\u00e3o ou do estado onde trafegou. Essa medida \u00e9 crucial para que os motoristas possam evitar surpresas desagrad\u00e1veis e multas desnecess\u00e1rias.<\/p>\n<p>Boulos tamb\u00e9m ressaltou que a inova\u00e7\u00e3o tecnol\u00f3gica deve beneficiar o cidad\u00e3o, ao inv\u00e9s de gerar preju\u00edzos. O valor de uma tarifa pode ser muito menor do que o de uma multa, que pode chegar a ser at\u00e9 40 vezes maior. Muitas penaliza\u00e7\u00f5es ocorreram porque os motoristas n\u00e3o estavam cientes dos novos sistemas de cobran\u00e7a.<\/p>\n<h3>Ajustes Necess\u00e1rios<\/h3>\n<p>As autoridades estabeleceram um prazo de 100 dias para que as empresas respons\u00e1veis pelos ped\u00e1gios eletr\u00f4nicos ajustem seus sistemas. Isso inclui a padroniza\u00e7\u00e3o e a integra\u00e7\u00e3o de dados com o Sistema Nacional de Tr\u00e2nsito (SNT) e a sinaliza\u00e7\u00e3o adequada das vias de cobran\u00e7a eletr\u00f4nica, especialmente em \u00e1reas rurais.<\/p>\n<p>As concession\u00e1rias devem garantir que os motoristas possam identificar claramente quando passaram por um p\u00f3rtico de cobran\u00e7a e qual o valor da tarifa, disponibilizando essas informa\u00e7\u00f5es em seus canais online. O governo reconhece que o cidad\u00e3o n\u00e3o deve ser punido pela falta de clareza e transpar\u00eancia nas informa\u00e7\u00f5es fornecidas pelas concession\u00e1rias.<\/p>\n<h3>Conclus\u00e3o<\/h3>\n<p>Essas medidas t\u00eam o potencial de transformar a experi\u00eancia de mobilidade para motoristas em todo o pa\u00eds. A centraliza\u00e7\u00e3o das informa\u00e7\u00f5es e a suspens\u00e3o das multas promovem n\u00e3o apenas al\u00edvio financeiro, mas tamb\u00e9m incentivam uma maior conformidade dos motoristas com as regras estabelecidas. Com um sistema mais ajustado e transparente, espera-se que a mobilidade nas estradas melhore, beneficiando a todos os usu\u00e1rios das rodovias.<\/p>\n<p><em>Fonte: abralog<\/em><\/p>\n","protected":false},"excerpt":{"rendered":"<p>Governo suspende 3,4 milh\u00f5es de multas por n\u00e3o pagar ped\u00e1gio O governo federal anunciou a suspens\u00e3o por 200 dias de 3,4 milh\u00f5es de multas referentes \u00e0 falta de pagamento da tarifa de ped\u00e1gio eletr\u00f4nico do modelo free flow (ped\u00e1gio eletr\u00f4nico sem cancelas). Essas multas deveriam ter sido quitadas em at\u00e9 30 dias ap\u00f3s a passagem &hellip;<\/p>\n","protected":false},"author":4,"featured_media":9340,"comment_status":"","ping_status":"open","sticky":false,"template":"","format":"standard","meta":{"footnotes":""},"categories":[62],"tags":[],"coauthors":[42],"class_list":["post-9339","post","type-post","status-publish","format-standard","has-post-thumbnail","hentry","category-logistica"],"yoast_head":"<!-- This site is optimized with the Yoast SEO Premium plugin v25.5 (Yoast SEO v27.5) - https:\/\/yoast.com\/product\/yoast-seo-premium-wordpress\/ -->\n<title>Governo anula 3,4 milh\u00f5es de multas de ped\u00e1gio n\u00e3o pagas. - Motorista.com.br<\/title>\n<meta name=\"robots\" content=\"index, follow, max-snippet:-1, max-image-preview:large, max-video-preview:-1\" \/>\n<link rel=\"canonical\" href=\"https:\/\/motorista.com.br\/noticias\/2026\/04\/29\/governo-anula-34-milhoes-de-multas-de-pedagio-nao-pagas\/\" \/>\n<meta property=\"og:locale\" content=\"pt_BR\" \/>\n<meta property=\"og:type\" content=\"article\" \/>\n<meta property=\"og:title\" content=\"Governo anula 3,4 milh\u00f5es de multas de ped\u00e1gio n\u00e3o pagas.\" \/>\n<meta property=\"og:description\" content=\"Governo suspende 3,4 milh\u00f5es de multas por n\u00e3o pagar ped\u00e1gio O governo federal anunciou a suspens\u00e3o por 200 dias de 3,4 milh\u00f5es de multas referentes \u00e0 falta de pagamento da tarifa de ped\u00e1gio eletr\u00f4nico do modelo free flow (ped\u00e1gio eletr\u00f4nico sem cancelas). Essas multas deveriam ter sido quitadas em at\u00e9 30 dias ap\u00f3s a passagem &hellip;\" \/>\n<meta property=\"og:url\" content=\"https:\/\/motorista.com.br\/noticias\/2026\/04\/29\/governo-anula-34-milhoes-de-multas-de-pedagio-nao-pagas\/\" \/>\n<meta property=\"og:site_name\" content=\"Motorista.com.br\" \/>\n<meta property=\"article:published_time\" content=\"2026-04-29T21:35:57+00:00\" \/>\n<meta name=\"author\" content=\"Equipe Reda\u00e7\u00e3o\" \/>\n<meta name=\"twitter:card\" content=\"summary_large_image\" \/>\n<meta name=\"twitter:label1\" content=\"Escrito por\" \/>\n\t<meta name=\"twitter:data1\" content=\"Equipe Reda\u00e7\u00e3o\" \/>\n\t<meta name=\"twitter:label2\" content=\"Est. tempo de leitura\" \/>\n\t<meta name=\"twitter:data2\" content=\"3 minutos\" \/>\n\t<meta name=\"twitter:label3\" content=\"Written by\" \/>\n\t<meta name=\"twitter:data3\" content=\"Equipe Reda\u00e7\u00e3o\" \/>\n<script type=\"application\/ld+json\" class=\"yoast-schema-graph\">{\"@context\":\"https:\\\/\\\/schema.org\",\"@graph\":[{\"@type\":\"Article\",\"@id\":\"https:\\\/\\\/motorista.com.br\\\/noticias\\\/2026\\\/04\\\/29\\\/governo-anula-34-milhoes-de-multas-de-pedagio-nao-pagas\\\/#article\",\"isPartOf\":{\"@id\":\"https:\\\/\\\/motorista.com.br\\\/noticias\\\/2026\\\/04\\\/29\\\/governo-anula-34-milhoes-de-multas-de-pedagio-nao-pagas\\\/\"},\"author\":{\"name\":\"Equipe Reda\u00e7\u00e3o\",\"@id\":\"https:\\\/\\\/motorista.com.br\\\/noticias\\\/#\\\/schema\\\/person\\\/dc93afc2981c0e3ce6bc3c053fd847be\"},\"headline\":\"Governo anula 3,4 milh\u00f5es de multas de ped\u00e1gio n\u00e3o pagas.\",\"datePublished\":\"2026-04-29T21:35:57+00:00\",\"mainEntityOfPage\":{\"@id\":\"https:\\\/\\\/motorista.com.br\\\/noticias\\\/2026\\\/04\\\/29\\\/governo-anula-34-milhoes-de-multas-de-pedagio-nao-pagas\\\/\"},\"wordCount\":677,\"publisher\":{\"@id\":\"https:\\\/\\\/motorista.com.br\\\/noticias\\\/#organization\"},\"image\":{\"@id\":\"https:\\\/\\\/motorista.com.br\\\/noticias\\\/2026\\\/04\\\/29\\\/governo-anula-34-milhoes-de-multas-de-pedagio-nao-pagas\\\/#primaryimage\"},\"thumbnailUrl\":\"https:\\\/\\\/motorista.com.br\\\/noticias\\\/wp-content\\\/uploads\\\/2026\\\/04\\\/ID-AB-1000-px-x-830-px-Governo.png\",\"articleSection\":[\"Log\u00edstica\"],\"inLanguage\":\"pt-BR\"},{\"@type\":\"WebPage\",\"@id\":\"https:\\\/\\\/motorista.com.br\\\/noticias\\\/2026\\\/04\\\/29\\\/governo-anula-34-milhoes-de-multas-de-pedagio-nao-pagas\\\/\",\"url\":\"https:\\\/\\\/motorista.com.br\\\/noticias\\\/2026\\\/04\\\/29\\\/governo-anula-34-milhoes-de-multas-de-pedagio-nao-pagas\\\/\",\"name\":\"Governo anula 3,4 milh\u00f5es de multas de ped\u00e1gio n\u00e3o pagas. - Motorista.com.br\",\"isPartOf\":{\"@id\":\"https:\\\/\\\/motorista.com.br\\\/noticias\\\/#website\"},\"primaryImageOfPage\":{\"@id\":\"https:\\\/\\\/motorista.com.br\\\/noticias\\\/2026\\\/04\\\/29\\\/governo-anula-34-milhoes-de-multas-de-pedagio-nao-pagas\\\/#primaryimage\"},\"image\":{\"@id\":\"https:\\\/\\\/motorista.com.br\\\/noticias\\\/2026\\\/04\\\/29\\\/governo-anula-34-milhoes-de-multas-de-pedagio-nao-pagas\\\/#primaryimage\"},\"thumbnailUrl\":\"https:\\\/\\\/motorista.com.br\\\/noticias\\\/wp-content\\\/uploads\\\/2026\\\/04\\\/ID-AB-1000-px-x-830-px-Governo.png\",\"datePublished\":\"2026-04-29T21:35:57+00:00\",\"breadcrumb\":{\"@id\":\"https:\\\/\\\/motorista.com.br\\\/noticias\\\/2026\\\/04\\\/29\\\/governo-anula-34-milhoes-de-multas-de-pedagio-nao-pagas\\\/#breadcrumb\"},\"inLanguage\":\"pt-BR\",\"potentialAction\":[{\"@type\":\"ReadAction\",\"target\":[\"https:\\\/\\\/motorista.com.br\\\/noticias\\\/2026\\\/04\\\/29\\\/governo-anula-34-milhoes-de-multas-de-pedagio-nao-pagas\\\/\"]}]},{\"@type\":\"ImageObject\",\"inLanguage\":\"pt-BR\",\"@id\":\"https:\\\/\\\/motorista.com.br\\\/noticias\\\/2026\\\/04\\\/29\\\/governo-anula-34-milhoes-de-multas-de-pedagio-nao-pagas\\\/#primaryimage\",\"url\":\"https:\\\/\\\/motorista.com.br\\\/noticias\\\/wp-content\\\/uploads\\\/2026\\\/04\\\/ID-AB-1000-px-x-830-px-Governo.png\",\"contentUrl\":\"https:\\\/\\\/motorista.com.br\\\/noticias\\\/wp-content\\\/uploads\\\/2026\\\/04\\\/ID-AB-1000-px-x-830-px-Governo.png\",\"width\":1000,\"height\":830},{\"@type\":\"BreadcrumbList\",\"@id\":\"https:\\\/\\\/motorista.com.br\\\/noticias\\\/2026\\\/04\\\/29\\\/governo-anula-34-milhoes-de-multas-de-pedagio-nao-pagas\\\/#breadcrumb\",\"itemListElement\":[{\"@type\":\"ListItem\",\"position\":1,\"name\":\"In\u00edcio\",\"item\":\"https:\\\/\\\/motorista.com.br\\\/noticias\\\/\"},{\"@type\":\"ListItem\",\"position\":2,\"name\":\"Governo anula 3,4 milh\u00f5es de multas de ped\u00e1gio n\u00e3o pagas.\"}]},{\"@type\":\"WebSite\",\"@id\":\"https:\\\/\\\/motorista.com.br\\\/noticias\\\/#website\",\"url\":\"https:\\\/\\\/motorista.com.br\\\/noticias\\\/\",\"name\":\"Motorista.com.br\",\"description\":\"Not\u00edcia do Motorista\",\"publisher\":{\"@id\":\"https:\\\/\\\/motorista.com.br\\\/noticias\\\/#organization\"},\"potentialAction\":[{\"@type\":\"SearchAction\",\"target\":{\"@type\":\"EntryPoint\",\"urlTemplate\":\"https:\\\/\\\/motorista.com.br\\\/noticias\\\/?s={search_term_string}\"},\"query-input\":{\"@type\":\"PropertyValueSpecification\",\"valueRequired\":true,\"valueName\":\"search_term_string\"}}],\"inLanguage\":\"pt-BR\"},{\"@type\":\"Organization\",\"@id\":\"https:\\\/\\\/motorista.com.br\\\/noticias\\\/#organization\",\"name\":\"Motorista.com.br\",\"url\":\"https:\\\/\\\/motorista.com.br\\\/noticias\\\/\",\"logo\":{\"@type\":\"ImageObject\",\"inLanguage\":\"pt-BR\",\"@id\":\"https:\\\/\\\/motorista.com.br\\\/noticias\\\/#\\\/schema\\\/logo\\\/image\\\/\",\"url\":\"https:\\\/\\\/motorista.com.br\\\/noticias\\\/wp-content\\\/uploads\\\/2025\\\/06\\\/Design-sem-nome-9.png\",\"contentUrl\":\"https:\\\/\\\/motorista.com.br\\\/noticias\\\/wp-content\\\/uploads\\\/2025\\\/06\\\/Design-sem-nome-9.png\",\"width\":150,\"height\":85,\"caption\":\"Motorista.com.br\"},\"image\":{\"@id\":\"https:\\\/\\\/motorista.com.br\\\/noticias\\\/#\\\/schema\\\/logo\\\/image\\\/\"}},{\"@type\":\"Person\",\"@id\":\"https:\\\/\\\/motorista.com.br\\\/noticias\\\/#\\\/schema\\\/person\\\/dc93afc2981c0e3ce6bc3c053fd847be\",\"name\":\"Equipe Reda\u00e7\u00e3o\",\"image\":{\"@type\":\"ImageObject\",\"inLanguage\":\"pt-BR\",\"@id\":\"https:\\\/\\\/secure.gravatar.com\\\/avatar\\\/4f525efbf18dd2bb300ccad28bfb99d95a9465a5ba268407c8c37b37e1f28d2d?s=96&d=mm&r=g9e099043a0c61e9ae27e293b9fa75ffc\",\"url\":\"https:\\\/\\\/secure.gravatar.com\\\/avatar\\\/4f525efbf18dd2bb300ccad28bfb99d95a9465a5ba268407c8c37b37e1f28d2d?s=96&d=mm&r=g\",\"contentUrl\":\"https:\\\/\\\/secure.gravatar.com\\\/avatar\\\/4f525efbf18dd2bb300ccad28bfb99d95a9465a5ba268407c8c37b37e1f28d2d?s=96&d=mm&r=g\",\"caption\":\"Equipe Reda\u00e7\u00e3o\"},\"description\":\"Equipe de reda\u00e7\u00e3o \u00e9 um grupo de profissionais que trabalham juntos para criar conte\u00fado escrito para Motorista.com.br\",\"url\":\"https:\\\/\\\/motorista.com.br\\\/noticias\\\/author\\\/equiperedacao\\\/\"}]}<\/script>\n<!-- \/ Yoast SEO Premium plugin. -->","yoast_head_json":{"title":"Governo anula 3,4 milh\u00f5es de multas de ped\u00e1gio n\u00e3o pagas. - Motorista.com.br","robots":{"index":"index","follow":"follow","max-snippet":"max-snippet:-1","max-image-preview":"max-image-preview:large","max-video-preview":"max-video-preview:-1"},"canonical":"https:\/\/motorista.com.br\/noticias\/2026\/04\/29\/governo-anula-34-milhoes-de-multas-de-pedagio-nao-pagas\/","og_locale":"pt_BR","og_type":"article","og_title":"Governo anula 3,4 milh\u00f5es de multas de ped\u00e1gio n\u00e3o pagas.","og_description":"Governo suspende 3,4 milh\u00f5es de multas por n\u00e3o pagar ped\u00e1gio O governo federal anunciou a suspens\u00e3o por 200 dias de 3,4 milh\u00f5es de multas referentes \u00e0 falta de pagamento da tarifa de ped\u00e1gio eletr\u00f4nico do modelo free flow (ped\u00e1gio eletr\u00f4nico sem cancelas). Essas multas deveriam ter sido quitadas em at\u00e9 30 dias ap\u00f3s a passagem &hellip;","og_url":"https:\/\/motorista.com.br\/noticias\/2026\/04\/29\/governo-anula-34-milhoes-de-multas-de-pedagio-nao-pagas\/","og_site_name":"Motorista.com.br","article_published_time":"2026-04-29T21:35:57+00:00","author":"Equipe Reda\u00e7\u00e3o","twitter_card":"summary_large_image","twitter_misc":{"Escrito por":"Equipe Reda\u00e7\u00e3o","Est. tempo de leitura":"3 minutos","Written by":"Equipe Reda\u00e7\u00e3o"},"schema":{"@context":"https:\/\/schema.org","@graph":[{"@type":"Article","@id":"https:\/\/motorista.com.br\/noticias\/2026\/04\/29\/governo-anula-34-milhoes-de-multas-de-pedagio-nao-pagas\/#article","isPartOf":{"@id":"https:\/\/motorista.com.br\/noticias\/2026\/04\/29\/governo-anula-34-milhoes-de-multas-de-pedagio-nao-pagas\/"},"author":{"name":"Equipe Reda\u00e7\u00e3o","@id":"https:\/\/motorista.com.br\/noticias\/#\/schema\/person\/dc93afc2981c0e3ce6bc3c053fd847be"},"headline":"Governo anula 3,4 milh\u00f5es de multas de ped\u00e1gio n\u00e3o pagas.","datePublished":"2026-04-29T21:35:57+00:00","mainEntityOfPage":{"@id":"https:\/\/motorista.com.br\/noticias\/2026\/04\/29\/governo-anula-34-milhoes-de-multas-de-pedagio-nao-pagas\/"},"wordCount":677,"publisher":{"@id":"https:\/\/motorista.com.br\/noticias\/#organization"},"image":{"@id":"https:\/\/motorista.com.br\/noticias\/2026\/04\/29\/governo-anula-34-milhoes-de-multas-de-pedagio-nao-pagas\/#primaryimage"},"thumbnailUrl":"https:\/\/motorista.com.br\/noticias\/wp-content\/uploads\/2026\/04\/ID-AB-1000-px-x-830-px-Governo.png","articleSection":["Log\u00edstica"],"inLanguage":"pt-BR"},{"@type":"WebPage","@id":"https:\/\/motorista.com.br\/noticias\/2026\/04\/29\/governo-anula-34-milhoes-de-multas-de-pedagio-nao-pagas\/","url":"https:\/\/motorista.com.br\/noticias\/2026\/04\/29\/governo-anula-34-milhoes-de-multas-de-pedagio-nao-pagas\/","name":"Governo anula 3,4 milh\u00f5es de multas de ped\u00e1gio n\u00e3o pagas. - Motorista.com.br","isPartOf":{"@id":"https:\/\/motorista.com.br\/noticias\/#website"},"primaryImageOfPage":{"@id":"https:\/\/motorista.com.br\/noticias\/2026\/04\/29\/governo-anula-34-milhoes-de-multas-de-pedagio-nao-pagas\/#primaryimage"},"image":{"@id":"https:\/\/motorista.com.br\/noticias\/2026\/04\/29\/governo-anula-34-milhoes-de-multas-de-pedagio-nao-pagas\/#primaryimage"},"thumbnailUrl":"https:\/\/motorista.com.br\/noticias\/wp-content\/uploads\/2026\/04\/ID-AB-1000-px-x-830-px-Governo.png","datePublished":"2026-04-29T21:35:57+00:00","breadcrumb":{"@id":"https:\/\/motorista.com.br\/noticias\/2026\/04\/29\/governo-anula-34-milhoes-de-multas-de-pedagio-nao-pagas\/#breadcrumb"},"inLanguage":"pt-BR","potentialAction":[{"@type":"ReadAction","target":["https:\/\/motorista.com.br\/noticias\/2026\/04\/29\/governo-anula-34-milhoes-de-multas-de-pedagio-nao-pagas\/"]}]},{"@type":"ImageObject","inLanguage":"pt-BR","@id":"https:\/\/motorista.com.br\/noticias\/2026\/04\/29\/governo-anula-34-milhoes-de-multas-de-pedagio-nao-pagas\/#primaryimage","url":"https:\/\/motorista.com.br\/noticias\/wp-content\/uploads\/2026\/04\/ID-AB-1000-px-x-830-px-Governo.png","contentUrl":"https:\/\/motorista.com.br\/noticias\/wp-content\/uploads\/2026\/04\/ID-AB-1000-px-x-830-px-Governo.png","width":1000,"height":830},{"@type":"BreadcrumbList","@id":"https:\/\/motorista.com.br\/noticias\/2026\/04\/29\/governo-anula-34-milhoes-de-multas-de-pedagio-nao-pagas\/#breadcrumb","itemListElement":[{"@type":"ListItem","position":1,"name":"In\u00edcio","item":"https:\/\/motorista.com.br\/noticias\/"},{"@type":"ListItem","position":2,"name":"Governo anula 3,4 milh\u00f5es de multas de ped\u00e1gio n\u00e3o pagas."}]},{"@type":"WebSite","@id":"https:\/\/motorista.com.br\/noticias\/#website","url":"https:\/\/motorista.com.br\/noticias\/","name":"Motorista.com.br","description":"Not\u00edcia do Motorista","publisher":{"@id":"https:\/\/motorista.com.br\/noticias\/#organization"},"potentialAction":[{"@type":"SearchAction","target":{"@type":"EntryPoint","urlTemplate":"https:\/\/motorista.com.br\/noticias\/?s={search_term_string}"},"query-input":{"@type":"PropertyValueSpecification","valueRequired":true,"valueName":"search_term_string"}}],"inLanguage":"pt-BR"},{"@type":"Organization","@id":"https:\/\/motorista.com.br\/noticias\/#organization","name":"Motorista.com.br","url":"https:\/\/motorista.com.br\/noticias\/","logo":{"@type":"ImageObject","inLanguage":"pt-BR","@id":"https:\/\/motorista.com.br\/noticias\/#\/schema\/logo\/image\/","url":"https:\/\/motorista.com.br\/noticias\/wp-content\/uploads\/2025\/06\/Design-sem-nome-9.png","contentUrl":"https:\/\/motorista.com.br\/noticias\/wp-content\/uploads\/2025\/06\/Design-sem-nome-9.png","width":150,"height":85,"caption":"Motorista.com.br"},"image":{"@id":"https:\/\/motorista.com.br\/noticias\/#\/schema\/logo\/image\/"}},{"@type":"Person","@id":"https:\/\/motorista.com.br\/noticias\/#\/schema\/person\/dc93afc2981c0e3ce6bc3c053fd847be","name":"Equipe Reda\u00e7\u00e3o","image":{"@type":"ImageObject","inLanguage":"pt-BR","@id":"https:\/\/secure.gravatar.com\/avatar\/4f525efbf18dd2bb300ccad28bfb99d95a9465a5ba268407c8c37b37e1f28d2d?s=96&d=mm&r=g9e099043a0c61e9ae27e293b9fa75ffc","url":"https:\/\/secure.gravatar.com\/avatar\/4f525efbf18dd2bb300ccad28bfb99d95a9465a5ba268407c8c37b37e1f28d2d?s=96&d=mm&r=g","contentUrl":"https:\/\/secure.gravatar.com\/avatar\/4f525efbf18dd2bb300ccad28bfb99d95a9465a5ba268407c8c37b37e1f28d2d?s=96&d=mm&r=g","caption":"Equipe Reda\u00e7\u00e3o"},"description":"Equipe de reda\u00e7\u00e3o \u00e9 um grupo de profissionais que trabalham juntos para criar conte\u00fado escrito para Motorista.com.br","url":"https:\/\/motorista.com.br\/noticias\/author\/equiperedacao\/"}]}},"_links":{"self":[{"href":"https:\/\/motorista.com.br\/noticias\/wp-json\/wp\/v2\/posts\/9339","targetHints":{"allow":["GET"]}}],"collection":[{"href":"https:\/\/motorista.com.br\/noticias\/wp-json\/wp\/v2\/posts"}],"about":[{"href":"https:\/\/motorista.com.br\/noticias\/wp-json\/wp\/v2\/types\/post"}],"author":[{"embeddable":true,"href":"https:\/\/motorista.com.br\/noticias\/wp-json\/wp\/v2\/users\/4"}],"replies":[{"embeddable":true,"href":"https:\/\/motorista.com.br\/noticias\/wp-json\/wp\/v2\/comments?post=9339"}],"version-history":[{"count":0,"href":"https:\/\/motorista.com.br\/noticias\/wp-json\/wp\/v2\/posts\/9339\/revisions"}],"wp:featuredmedia":[{"embeddable":true,"href":"https:\/\/motorista.com.br\/noticias\/wp-json\/wp\/v2\/media\/9340"}],"wp:attachment":[{"href":"https:\/\/motorista.com.br\/noticias\/wp-json\/wp\/v2\/media?parent=9339"}],"wp:term":[{"taxonomy":"category","embeddable":true,"href":"https:\/\/motorista.com.br\/noticias\/wp-json\/wp\/v2\/categories?post=9339"},{"taxonomy":"post_tag","embeddable":true,"href":"https:\/\/motorista.com.br\/noticias\/wp-json\/wp\/v2\/tags?post=9339"},{"taxonomy":"author","embeddable":true,"href":"https:\/\/motorista.com.br\/noticias\/wp-json\/wp\/v2\/coauthors?post=9339"}],"curies":[{"name":"wp","href":"https:\/\/api.w.org\/{rel}","templated":true}]}}