{"id":9337,"date":"2026-04-29T17:06:49","date_gmt":"2026-04-29T20:06:49","guid":{"rendered":"https:\/\/motorista.com.br\/noticias\/2026\/04\/29\/governo-anula-3-milhoes-de-multas-e-da-200-dias-para-motoristas-quitarem-tarifas\/"},"modified":"2026-04-29T17:06:49","modified_gmt":"2026-04-29T20:06:49","slug":"governo-anula-3-milhoes-de-multas-e-da-200-dias-para-motoristas-quitarem-tarifas","status":"publish","type":"post","link":"https:\/\/motorista.com.br\/noticias\/2026\/04\/29\/governo-anula-3-milhoes-de-multas-e-da-200-dias-para-motoristas-quitarem-tarifas\/","title":{"rendered":"Governo anula 3 milh\u00f5es de multas e d\u00e1 200 dias para motoristas quitarem tarifas."},"content":{"rendered":"<p><\/p>\n<div>\n<figure id=\"attachment_243283\" aria-describedby=\"caption-attachment-243283\" style=\"width: 1200px\" class=\"wp-caption aligncenter\">\n        <img fetchpriority=\"high\" data-recalc-dims=\"1\" fetchpriority=\"high\" decoding=\"async\" onerror=\"this.onerror=null;this.src=\" https:=\"\"\n             class=\"size-full wp-image-243283\" alt=\"\" width=\"640\" height=\"427\" srcset=\"https:\/\/i0.wp.com\/blogdocaminhoneiro.com\/wp-content\/uploads\/2024\/04\/ccr-rio-pedagio-free-flow.jpg?w=1200&amp;ssl=1 1200w, https:\/\/i0.wp.com\/blogdocaminhoneiro.com\/wp-content\/uploads\/2024\/04\/ccr-rio-pedagio-free-flow.jpg?resize=280%2C187&amp;ssl=1 280w, https:\/\/i0.wp.com\/blogdocaminhoneiro.com\/wp-content\/uploads\/2024\/04\/ccr-rio-pedagio-free-flow.jpg?resize=150%2C100&amp;ssl=1 150w\"\n             data-lazy-sizes=\"(max-width: 640px) 100vw, 640px\"\n             src=\"https:\/\/i0.wp.com\/blogdocaminhoneiro.com\/wp-content\/uploads\/2024\/04\/ccr-rio-pedagio-free-flow.jpg?resize=640%2C427&amp;ssl=1\"\/><figcaption id=\"caption-attachment-243283\" class=\"wp-caption-text\">Imagem Divulga\u00e7\u00e3o \/ CCR<\/figcaption><\/figure>\n<p>O Conselho Nacional de Tr\u00e2nsito (Contran) acaba de anunciar a suspens\u00e3o de 3,4 milh\u00f5es de multas em rodovias do sistema free flow, oferecendo aos motoristas um prazo de at\u00e9 200 dias para regularizarem seus d\u00e9bitos com tarifas de ped\u00e1gio. Esta decis\u00e3o n\u00e3o s\u00f3 representa um al\u00edvio financeiro para muitos condutores, como tamb\u00e9m visa estimular um sistema de tr\u00e2nsito mais eficiente e menos oneroso.<\/p>\n<p>Essa nova abordagem, que interrompe a aplica\u00e7\u00e3o de novas multas por infra\u00e7\u00f5es durante o per\u00edodo de regulariza\u00e7\u00e3o, favorece a mobilidade urbana. As concession\u00e1rias t\u00eam a responsabilidade de adequar seus sistemas para que a cobran\u00e7a esteja dispon\u00edvel na carteira digital de tr\u00e2nsito, facilitando o acesso dos motoristas \u00e0s informa\u00e7\u00f5es necess\u00e1rias sobre tarifas e pagamentos.<\/p>\n<p>Segundo o ministro dos Transportes, George Santoro, a padroniza\u00e7\u00e3o dessa informa\u00e7\u00e3o coloca os motoristas no centro do sistema, permitindo acessar, atrav\u00e9s da CNH do Brasil, registros de passagem e formas de pagamento. Essa centraliza\u00e7\u00e3o pode reduzir significativamente a burocracia enfrentada pelos motoristas, tornando a experi\u00eancia de tr\u00e1fego mais fluida.<\/p>\n<p>At\u00e9 o dia 16 de novembro, os usu\u00e1rios poder\u00e3o quitar seus d\u00e9bitos sem enfrentar a penalidade de multas, al\u00e9m de ter a chance de reaver pontos perdidos na Carteira Nacional de Habilita\u00e7\u00e3o. Essa pol\u00edtica incentiva a quita\u00e7\u00e3o regular de tarifas e ajuda a desobstruir as rodovias, promovendo uma mobilidade mais din\u00e2mica e menos tumultuada.<\/p>\n<p>Ademais, motoristas que j\u00e1 tenham pago multas poder\u00e3o solicitar ressarcimento, desde que tenham regularizado a tarifa de ped\u00e1gio correspondente dentro do prazo estipulado. Isso refor\u00e7a a ideia de justi\u00e7a e transpar\u00eancia nas cobran\u00e7as, criando um ambiente mais equilibrado entre os cidad\u00e3os e as autoridades de tr\u00e2nsito.<\/p>\n<h2>Integra\u00e7\u00e3o de dados<\/h2>\n<p>Um avan\u00e7o significativo previsto \u00e9 a cria\u00e7\u00e3o de um ambiente digital centralizado, onde os motoristas poder\u00e3o consultar todos os seus registros de ped\u00e1gio eletr\u00f4nico em um \u00fanico lugar. Atrav\u00e9s da CNH do Brasil, os motoristas estar\u00e3o mais informados e menos sobrecarregados com informa\u00e7\u00f5es dispersas, o que facilita tanto o pagamento quanto o planejamento de suas rotas, promovendo maior efici\u00eancia no uso das rodovias.<\/p>\n<figure id=\"attachment_283443\" aria-describedby=\"caption-attachment-283443\" style=\"width: 1280px\" class=\"wp-caption aligncenter\">\n        <img data-recalc-dims=\"1\" decoding=\"async\" onerror=\"this.onerror=null;this.src=\" https:=\"\"\n             class=\"size-full wp-image-283443\" alt=\"\" width=\"640\" height=\"360\"\n             srcset=\"https:\/\/i0.wp.com\/blogdocaminhoneiro.com\/wp-content\/uploads\/2026\/01\/Free-Flow-BR-364.jpeg?w=1280&amp;ssl=1 1280w, https:\/\/i0.wp.com\/blogdocaminhoneiro.com\/wp-content\/uploads\/2026\/01\/Free-Flow-BR-364.jpeg?resize=280%2C158&amp;ssl=1 280w, https:\/\/i0.wp.com\/blogdocaminhoneiro.com\/wp-content\/uploads\/2026\/01\/Free-Flow-BR-364.jpeg?resize=1200%2C675&amp;ssl=1 1200w, https:\/\/i0.wp.com\/blogdocaminhoneiro.com\/wp-content\/uploads\/2026\/01\/Free-Flow-BR-364.jpeg?resize=800%2C450&amp;ssl=1 800w, https:\/\/i0.wp.com\/blogdocaminhoneiro.com\/wp-content\/uploads\/2026\/01\/Free-Flow-BR-364.jpeg?resize=150%2C84&amp;ssl=1 150w\"\n             data-lazy-sizes=\"(max-width: 640px) 100vw, 640px\"\n             src=\"https:\/\/i0.wp.com\/blogdocaminhoneiro.com\/wp-content\/uploads\/2026\/01\/Free-Flow-BR-364.jpeg?resize=640%2C360&amp;ssl=1\"\/><figcaption id=\"caption-attachment-283443\" class=\"wp-caption-text\">Imagem de Nova 364<\/figcaption><\/figure>\n<p>A medida n\u00e3o apenas promete tornar o sistema de ped\u00e1gio mais transparente, mas tamb\u00e9m reduz a frustra\u00e7\u00e3o associada a um processo muitas vezes considerado complicado. O uso de tecnologia e a integra\u00e7\u00e3o dos dados das concession\u00e1rias s\u00e3o passos importantes para melhorar a experi\u00eancia do usu\u00e1rio e promover uma mobilidade mais inteligente e acess\u00edvel.<\/p>\n<h2>Seguran\u00e7a jur\u00eddica e consolida\u00e7\u00e3o do modelo<\/h2>\n<p>A suspens\u00e3o das multas e a introdu\u00e7\u00e3o de um sistema mais simplificado proporcionam seguran\u00e7a jur\u00eddica aos motoristas, al\u00e9m de adequar a atua\u00e7\u00e3o dos \u00f3rg\u00e3os de fiscaliza\u00e7\u00e3o e concession\u00e1rias. Com isso, espera-se restabelecer um panorama de confian\u00e7a entre as partes envolvidas, essencial para um tr\u00e2nsito mais harmonioso e eficiente.<\/p>\n<h2>O que \u00e9 o free flow?<\/h2>\n<figure id=\"attachment_262928\" aria-describedby=\"caption-attachment-262928\" style=\"width: 1200px\" class=\"wp-caption aligncenter\">\n        <img data-recalc-dims=\"1\" decoding=\"async\" onerror=\"this.onerror=null;this.src=\" https:=\"\"\n             class=\"size-full wp-image-262928\" alt=\"\" width=\"640\" height=\"433\" srcset=\"https:\/\/i0.wp.com\/blogdocaminhoneiro.com\/wp-content\/uploads\/2024\/12\/pedagio-free-flow.jpg?w=1200&amp;ssl=1 1200w, https:\/\/i0.wp.com\/blogdocaminhoneiro.com\/wp-content\/uploads\/2024\/12\/pedagio-free-flow.jpg?resize=280%2C189&amp;ssl=1 280w, https:\/\/i0.wp.com\/blogdocaminhoneiro.com\/wp-content\/uploads\/2024\/12\/pedagio-free-flow.jpg?resize=150%2C102&amp;ssl=1 150w\"\n             data-lazy-sizes=\"(max-width: 640px) 100vw, 640px\"\n             src=\"https:\/\/i0.wp.com\/blogdocaminhoneiro.com\/wp-content\/uploads\/2024\/12\/pedagio-free-flow.jpg?resize=640%2C433&amp;ssl=1\"\/><figcaption id=\"caption-attachment-262928\" class=\"wp-caption-text\">Imagem de Daniel Herrera \/ CSG, divulga\u00e7\u00e3o<\/figcaption><\/figure>\n<p>O free flow \u00e9 um sistema que elimina as pra\u00e7as de ped\u00e1gio f\u00edsicas, utilizando p\u00f3rticos que registram automaticamente a passagem dos ve\u00edculos. Esse modelo, que tem sido implementado em rodovias ao redor do mundo, traz diversas vantagens, como a redu\u00e7\u00e3o de congestionamentos e o pagamento apenas pelo trecho percorrido. No Brasil, a sua implementa\u00e7\u00e3o teve in\u00edcio em 2023, abrangendo diversas rodovias concedidas, promovendo assim uma mobilidade mais fluida e eficiente.<\/p>\n<ul>\n<li>BR-101\/RJ-SP \u2013 concession\u00e1ria do Sistema Rodovi\u00e1rio Rio-S\u00e3o Paulo (RioSP\/Motiva);<\/li>\n<li>BR-381\/MG \u2013 concession\u00e1ria Nova 381 S.A;<\/li>\n<li>BR-262\/MG \u2013 Way-262 \u2013 concession\u00e1ria da Rodovia BR-262\/MG S.A.;<\/li>\n<li>BR-116\/SP-RJ \u2013 concession\u00e1ria do Sistema Rodovi\u00e1rio Rio-S\u00e3o Paulo (RioSP);<\/li>\n<li>BR-364\/RO \u2013 concession\u00e1ria Nova 364;<\/li>\n<li>BR-277\/PR \u2013 concession\u00e1ria EPR Igua\u00e7u;<\/li>\n<li>BR-369\/PR \u2013 concession\u00e1ria EPR Paran\u00e1;<\/li>\n<li>SP-099 (Contorno Sul da Tamoios) \u2013 concession\u00e1ria Tamoios;<\/li>\n<li>SP-333 \u2013 concession\u00e1ria Ecovias Noroeste Paulista;<\/li>\n<li>SP-326 \u2013 concession\u00e1ria Ecovias Noroeste Paulista;<\/li>\n<li>MG-459 \u2013 concession\u00e1ria EPR Sul de Minas.<\/li>\n<\/ul>\n<\/div>\n","protected":false},"excerpt":{"rendered":"<p>Imagem Divulga\u00e7\u00e3o \/ CCR O Conselho Nacional de Tr\u00e2nsito (Contran) acaba de anunciar a suspens\u00e3o de 3,4 milh\u00f5es de multas em rodovias do sistema free flow, oferecendo aos motoristas um prazo de at\u00e9 200 dias para regularizarem seus d\u00e9bitos com tarifas de ped\u00e1gio. Esta decis\u00e3o n\u00e3o s\u00f3 representa um al\u00edvio financeiro para muitos condutores, como &hellip;<\/p>\n","protected":false},"author":4,"featured_media":9338,"comment_status":"","ping_status":"open","sticky":false,"template":"","format":"standard","meta":{"footnotes":""},"categories":[78,77],"tags":[],"coauthors":[42],"class_list":["post-9337","post","type-post","status-publish","format-standard","has-post-thumbnail","hentry","category-carreteiro","category-motorista"],"yoast_head":"<!-- This site is optimized with the Yoast SEO Premium plugin v25.5 (Yoast SEO v27.5) - https:\/\/yoast.com\/product\/yoast-seo-premium-wordpress\/ -->\n<title>Governo anula 3 milh\u00f5es de multas e d\u00e1 200 dias para motoristas quitarem tarifas. - Motorista.com.br<\/title>\n<meta name=\"robots\" content=\"index, follow, max-snippet:-1, max-image-preview:large, max-video-preview:-1\" \/>\n<link rel=\"canonical\" href=\"https:\/\/motorista.com.br\/noticias\/2026\/04\/29\/governo-anula-3-milhoes-de-multas-e-da-200-dias-para-motoristas-quitarem-tarifas\/\" \/>\n<meta property=\"og:locale\" content=\"pt_BR\" \/>\n<meta property=\"og:type\" content=\"article\" \/>\n<meta property=\"og:title\" content=\"Governo anula 3 milh\u00f5es de multas e d\u00e1 200 dias para motoristas quitarem tarifas.\" \/>\n<meta property=\"og:description\" content=\"Imagem Divulga\u00e7\u00e3o \/ CCR O Conselho Nacional de Tr\u00e2nsito (Contran) acaba de anunciar a suspens\u00e3o de 3,4 milh\u00f5es de multas em rodovias do sistema free flow, oferecendo aos motoristas um prazo de at\u00e9 200 dias para regularizarem seus d\u00e9bitos com tarifas de ped\u00e1gio. Esta decis\u00e3o n\u00e3o s\u00f3 representa um al\u00edvio financeiro para muitos condutores, como &hellip;\" \/>\n<meta property=\"og:url\" content=\"https:\/\/motorista.com.br\/noticias\/2026\/04\/29\/governo-anula-3-milhoes-de-multas-e-da-200-dias-para-motoristas-quitarem-tarifas\/\" \/>\n<meta property=\"og:site_name\" content=\"Motorista.com.br\" \/>\n<meta property=\"article:published_time\" content=\"2026-04-29T20:06:49+00:00\" \/>\n<meta name=\"author\" content=\"Equipe Reda\u00e7\u00e3o\" \/>\n<meta name=\"twitter:card\" content=\"summary_large_image\" \/>\n<meta name=\"twitter:label1\" content=\"Escrito por\" \/>\n\t<meta name=\"twitter:data1\" content=\"Equipe Reda\u00e7\u00e3o\" \/>\n\t<meta name=\"twitter:label2\" content=\"Est. tempo de leitura\" \/>\n\t<meta name=\"twitter:data2\" content=\"3 minutos\" \/>\n\t<meta name=\"twitter:label3\" content=\"Written by\" \/>\n\t<meta name=\"twitter:data3\" content=\"Equipe Reda\u00e7\u00e3o\" \/>\n<script type=\"application\/ld+json\" class=\"yoast-schema-graph\">{\"@context\":\"https:\\\/\\\/schema.org\",\"@graph\":[{\"@type\":\"Article\",\"@id\":\"https:\\\/\\\/motorista.com.br\\\/noticias\\\/2026\\\/04\\\/29\\\/governo-anula-3-milhoes-de-multas-e-da-200-dias-para-motoristas-quitarem-tarifas\\\/#article\",\"isPartOf\":{\"@id\":\"https:\\\/\\\/motorista.com.br\\\/noticias\\\/2026\\\/04\\\/29\\\/governo-anula-3-milhoes-de-multas-e-da-200-dias-para-motoristas-quitarem-tarifas\\\/\"},\"author\":{\"name\":\"Equipe Reda\u00e7\u00e3o\",\"@id\":\"https:\\\/\\\/motorista.com.br\\\/noticias\\\/#\\\/schema\\\/person\\\/dc93afc2981c0e3ce6bc3c053fd847be\"},\"headline\":\"Governo anula 3 milh\u00f5es de multas e d\u00e1 200 dias para motoristas quitarem tarifas.\",\"datePublished\":\"2026-04-29T20:06:49+00:00\",\"mainEntityOfPage\":{\"@id\":\"https:\\\/\\\/motorista.com.br\\\/noticias\\\/2026\\\/04\\\/29\\\/governo-anula-3-milhoes-de-multas-e-da-200-dias-para-motoristas-quitarem-tarifas\\\/\"},\"wordCount\":707,\"publisher\":{\"@id\":\"https:\\\/\\\/motorista.com.br\\\/noticias\\\/#organization\"},\"image\":{\"@id\":\"https:\\\/\\\/motorista.com.br\\\/noticias\\\/2026\\\/04\\\/29\\\/governo-anula-3-milhoes-de-multas-e-da-200-dias-para-motoristas-quitarem-tarifas\\\/#primaryimage\"},\"thumbnailUrl\":\"https:\\\/\\\/motorista.com.br\\\/noticias\\\/wp-content\\\/uploads\\\/2026\\\/04\\\/ccr-rio-pedagio-free-flow.jpg\",\"articleSection\":[\"Carreteiro\",\"Motorista\"],\"inLanguage\":\"pt-BR\"},{\"@type\":\"WebPage\",\"@id\":\"https:\\\/\\\/motorista.com.br\\\/noticias\\\/2026\\\/04\\\/29\\\/governo-anula-3-milhoes-de-multas-e-da-200-dias-para-motoristas-quitarem-tarifas\\\/\",\"url\":\"https:\\\/\\\/motorista.com.br\\\/noticias\\\/2026\\\/04\\\/29\\\/governo-anula-3-milhoes-de-multas-e-da-200-dias-para-motoristas-quitarem-tarifas\\\/\",\"name\":\"Governo anula 3 milh\u00f5es de multas e d\u00e1 200 dias para motoristas quitarem tarifas. - Motorista.com.br\",\"isPartOf\":{\"@id\":\"https:\\\/\\\/motorista.com.br\\\/noticias\\\/#website\"},\"primaryImageOfPage\":{\"@id\":\"https:\\\/\\\/motorista.com.br\\\/noticias\\\/2026\\\/04\\\/29\\\/governo-anula-3-milhoes-de-multas-e-da-200-dias-para-motoristas-quitarem-tarifas\\\/#primaryimage\"},\"image\":{\"@id\":\"https:\\\/\\\/motorista.com.br\\\/noticias\\\/2026\\\/04\\\/29\\\/governo-anula-3-milhoes-de-multas-e-da-200-dias-para-motoristas-quitarem-tarifas\\\/#primaryimage\"},\"thumbnailUrl\":\"https:\\\/\\\/motorista.com.br\\\/noticias\\\/wp-content\\\/uploads\\\/2026\\\/04\\\/ccr-rio-pedagio-free-flow.jpg\",\"datePublished\":\"2026-04-29T20:06:49+00:00\",\"breadcrumb\":{\"@id\":\"https:\\\/\\\/motorista.com.br\\\/noticias\\\/2026\\\/04\\\/29\\\/governo-anula-3-milhoes-de-multas-e-da-200-dias-para-motoristas-quitarem-tarifas\\\/#breadcrumb\"},\"inLanguage\":\"pt-BR\",\"potentialAction\":[{\"@type\":\"ReadAction\",\"target\":[\"https:\\\/\\\/motorista.com.br\\\/noticias\\\/2026\\\/04\\\/29\\\/governo-anula-3-milhoes-de-multas-e-da-200-dias-para-motoristas-quitarem-tarifas\\\/\"]}]},{\"@type\":\"ImageObject\",\"inLanguage\":\"pt-BR\",\"@id\":\"https:\\\/\\\/motorista.com.br\\\/noticias\\\/2026\\\/04\\\/29\\\/governo-anula-3-milhoes-de-multas-e-da-200-dias-para-motoristas-quitarem-tarifas\\\/#primaryimage\",\"url\":\"https:\\\/\\\/motorista.com.br\\\/noticias\\\/wp-content\\\/uploads\\\/2026\\\/04\\\/ccr-rio-pedagio-free-flow.jpg\",\"contentUrl\":\"https:\\\/\\\/motorista.com.br\\\/noticias\\\/wp-content\\\/uploads\\\/2026\\\/04\\\/ccr-rio-pedagio-free-flow.jpg\",\"width\":1200,\"height\":800},{\"@type\":\"BreadcrumbList\",\"@id\":\"https:\\\/\\\/motorista.com.br\\\/noticias\\\/2026\\\/04\\\/29\\\/governo-anula-3-milhoes-de-multas-e-da-200-dias-para-motoristas-quitarem-tarifas\\\/#breadcrumb\",\"itemListElement\":[{\"@type\":\"ListItem\",\"position\":1,\"name\":\"In\u00edcio\",\"item\":\"https:\\\/\\\/motorista.com.br\\\/noticias\\\/\"},{\"@type\":\"ListItem\",\"position\":2,\"name\":\"Governo anula 3 milh\u00f5es de multas e d\u00e1 200 dias para motoristas quitarem tarifas.\"}]},{\"@type\":\"WebSite\",\"@id\":\"https:\\\/\\\/motorista.com.br\\\/noticias\\\/#website\",\"url\":\"https:\\\/\\\/motorista.com.br\\\/noticias\\\/\",\"name\":\"Motorista.com.br\",\"description\":\"Not\u00edcia do Motorista\",\"publisher\":{\"@id\":\"https:\\\/\\\/motorista.com.br\\\/noticias\\\/#organization\"},\"potentialAction\":[{\"@type\":\"SearchAction\",\"target\":{\"@type\":\"EntryPoint\",\"urlTemplate\":\"https:\\\/\\\/motorista.com.br\\\/noticias\\\/?s={search_term_string}\"},\"query-input\":{\"@type\":\"PropertyValueSpecification\",\"valueRequired\":true,\"valueName\":\"search_term_string\"}}],\"inLanguage\":\"pt-BR\"},{\"@type\":\"Organization\",\"@id\":\"https:\\\/\\\/motorista.com.br\\\/noticias\\\/#organization\",\"name\":\"Motorista.com.br\",\"url\":\"https:\\\/\\\/motorista.com.br\\\/noticias\\\/\",\"logo\":{\"@type\":\"ImageObject\",\"inLanguage\":\"pt-BR\",\"@id\":\"https:\\\/\\\/motorista.com.br\\\/noticias\\\/#\\\/schema\\\/logo\\\/image\\\/\",\"url\":\"https:\\\/\\\/motorista.com.br\\\/noticias\\\/wp-content\\\/uploads\\\/2025\\\/06\\\/Design-sem-nome-9.png\",\"contentUrl\":\"https:\\\/\\\/motorista.com.br\\\/noticias\\\/wp-content\\\/uploads\\\/2025\\\/06\\\/Design-sem-nome-9.png\",\"width\":150,\"height\":85,\"caption\":\"Motorista.com.br\"},\"image\":{\"@id\":\"https:\\\/\\\/motorista.com.br\\\/noticias\\\/#\\\/schema\\\/logo\\\/image\\\/\"}},{\"@type\":\"Person\",\"@id\":\"https:\\\/\\\/motorista.com.br\\\/noticias\\\/#\\\/schema\\\/person\\\/dc93afc2981c0e3ce6bc3c053fd847be\",\"name\":\"Equipe Reda\u00e7\u00e3o\",\"image\":{\"@type\":\"ImageObject\",\"inLanguage\":\"pt-BR\",\"@id\":\"https:\\\/\\\/secure.gravatar.com\\\/avatar\\\/4f525efbf18dd2bb300ccad28bfb99d95a9465a5ba268407c8c37b37e1f28d2d?s=96&d=mm&r=g9e099043a0c61e9ae27e293b9fa75ffc\",\"url\":\"https:\\\/\\\/secure.gravatar.com\\\/avatar\\\/4f525efbf18dd2bb300ccad28bfb99d95a9465a5ba268407c8c37b37e1f28d2d?s=96&d=mm&r=g\",\"contentUrl\":\"https:\\\/\\\/secure.gravatar.com\\\/avatar\\\/4f525efbf18dd2bb300ccad28bfb99d95a9465a5ba268407c8c37b37e1f28d2d?s=96&d=mm&r=g\",\"caption\":\"Equipe Reda\u00e7\u00e3o\"},\"description\":\"Equipe de reda\u00e7\u00e3o \u00e9 um grupo de profissionais que trabalham juntos para criar conte\u00fado escrito para Motorista.com.br\",\"url\":\"https:\\\/\\\/motorista.com.br\\\/noticias\\\/author\\\/equiperedacao\\\/\"}]}<\/script>\n<!-- \/ Yoast SEO Premium plugin. -->","yoast_head_json":{"title":"Governo anula 3 milh\u00f5es de multas e d\u00e1 200 dias para motoristas quitarem tarifas. - Motorista.com.br","robots":{"index":"index","follow":"follow","max-snippet":"max-snippet:-1","max-image-preview":"max-image-preview:large","max-video-preview":"max-video-preview:-1"},"canonical":"https:\/\/motorista.com.br\/noticias\/2026\/04\/29\/governo-anula-3-milhoes-de-multas-e-da-200-dias-para-motoristas-quitarem-tarifas\/","og_locale":"pt_BR","og_type":"article","og_title":"Governo anula 3 milh\u00f5es de multas e d\u00e1 200 dias para motoristas quitarem tarifas.","og_description":"Imagem Divulga\u00e7\u00e3o \/ CCR O Conselho Nacional de Tr\u00e2nsito (Contran) acaba de anunciar a suspens\u00e3o de 3,4 milh\u00f5es de multas em rodovias do sistema free flow, oferecendo aos motoristas um prazo de at\u00e9 200 dias para regularizarem seus d\u00e9bitos com tarifas de ped\u00e1gio. Esta decis\u00e3o n\u00e3o s\u00f3 representa um al\u00edvio financeiro para muitos condutores, como &hellip;","og_url":"https:\/\/motorista.com.br\/noticias\/2026\/04\/29\/governo-anula-3-milhoes-de-multas-e-da-200-dias-para-motoristas-quitarem-tarifas\/","og_site_name":"Motorista.com.br","article_published_time":"2026-04-29T20:06:49+00:00","author":"Equipe Reda\u00e7\u00e3o","twitter_card":"summary_large_image","twitter_misc":{"Escrito por":"Equipe Reda\u00e7\u00e3o","Est. tempo de leitura":"3 minutos","Written by":"Equipe Reda\u00e7\u00e3o"},"schema":{"@context":"https:\/\/schema.org","@graph":[{"@type":"Article","@id":"https:\/\/motorista.com.br\/noticias\/2026\/04\/29\/governo-anula-3-milhoes-de-multas-e-da-200-dias-para-motoristas-quitarem-tarifas\/#article","isPartOf":{"@id":"https:\/\/motorista.com.br\/noticias\/2026\/04\/29\/governo-anula-3-milhoes-de-multas-e-da-200-dias-para-motoristas-quitarem-tarifas\/"},"author":{"name":"Equipe Reda\u00e7\u00e3o","@id":"https:\/\/motorista.com.br\/noticias\/#\/schema\/person\/dc93afc2981c0e3ce6bc3c053fd847be"},"headline":"Governo anula 3 milh\u00f5es de multas e d\u00e1 200 dias para motoristas quitarem tarifas.","datePublished":"2026-04-29T20:06:49+00:00","mainEntityOfPage":{"@id":"https:\/\/motorista.com.br\/noticias\/2026\/04\/29\/governo-anula-3-milhoes-de-multas-e-da-200-dias-para-motoristas-quitarem-tarifas\/"},"wordCount":707,"publisher":{"@id":"https:\/\/motorista.com.br\/noticias\/#organization"},"image":{"@id":"https:\/\/motorista.com.br\/noticias\/2026\/04\/29\/governo-anula-3-milhoes-de-multas-e-da-200-dias-para-motoristas-quitarem-tarifas\/#primaryimage"},"thumbnailUrl":"https:\/\/motorista.com.br\/noticias\/wp-content\/uploads\/2026\/04\/ccr-rio-pedagio-free-flow.jpg","articleSection":["Carreteiro","Motorista"],"inLanguage":"pt-BR"},{"@type":"WebPage","@id":"https:\/\/motorista.com.br\/noticias\/2026\/04\/29\/governo-anula-3-milhoes-de-multas-e-da-200-dias-para-motoristas-quitarem-tarifas\/","url":"https:\/\/motorista.com.br\/noticias\/2026\/04\/29\/governo-anula-3-milhoes-de-multas-e-da-200-dias-para-motoristas-quitarem-tarifas\/","name":"Governo anula 3 milh\u00f5es de multas e d\u00e1 200 dias para motoristas quitarem tarifas. - Motorista.com.br","isPartOf":{"@id":"https:\/\/motorista.com.br\/noticias\/#website"},"primaryImageOfPage":{"@id":"https:\/\/motorista.com.br\/noticias\/2026\/04\/29\/governo-anula-3-milhoes-de-multas-e-da-200-dias-para-motoristas-quitarem-tarifas\/#primaryimage"},"image":{"@id":"https:\/\/motorista.com.br\/noticias\/2026\/04\/29\/governo-anula-3-milhoes-de-multas-e-da-200-dias-para-motoristas-quitarem-tarifas\/#primaryimage"},"thumbnailUrl":"https:\/\/motorista.com.br\/noticias\/wp-content\/uploads\/2026\/04\/ccr-rio-pedagio-free-flow.jpg","datePublished":"2026-04-29T20:06:49+00:00","breadcrumb":{"@id":"https:\/\/motorista.com.br\/noticias\/2026\/04\/29\/governo-anula-3-milhoes-de-multas-e-da-200-dias-para-motoristas-quitarem-tarifas\/#breadcrumb"},"inLanguage":"pt-BR","potentialAction":[{"@type":"ReadAction","target":["https:\/\/motorista.com.br\/noticias\/2026\/04\/29\/governo-anula-3-milhoes-de-multas-e-da-200-dias-para-motoristas-quitarem-tarifas\/"]}]},{"@type":"ImageObject","inLanguage":"pt-BR","@id":"https:\/\/motorista.com.br\/noticias\/2026\/04\/29\/governo-anula-3-milhoes-de-multas-e-da-200-dias-para-motoristas-quitarem-tarifas\/#primaryimage","url":"https:\/\/motorista.com.br\/noticias\/wp-content\/uploads\/2026\/04\/ccr-rio-pedagio-free-flow.jpg","contentUrl":"https:\/\/motorista.com.br\/noticias\/wp-content\/uploads\/2026\/04\/ccr-rio-pedagio-free-flow.jpg","width":1200,"height":800},{"@type":"BreadcrumbList","@id":"https:\/\/motorista.com.br\/noticias\/2026\/04\/29\/governo-anula-3-milhoes-de-multas-e-da-200-dias-para-motoristas-quitarem-tarifas\/#breadcrumb","itemListElement":[{"@type":"ListItem","position":1,"name":"In\u00edcio","item":"https:\/\/motorista.com.br\/noticias\/"},{"@type":"ListItem","position":2,"name":"Governo anula 3 milh\u00f5es de multas e d\u00e1 200 dias para motoristas quitarem tarifas."}]},{"@type":"WebSite","@id":"https:\/\/motorista.com.br\/noticias\/#website","url":"https:\/\/motorista.com.br\/noticias\/","name":"Motorista.com.br","description":"Not\u00edcia do Motorista","publisher":{"@id":"https:\/\/motorista.com.br\/noticias\/#organization"},"potentialAction":[{"@type":"SearchAction","target":{"@type":"EntryPoint","urlTemplate":"https:\/\/motorista.com.br\/noticias\/?s={search_term_string}"},"query-input":{"@type":"PropertyValueSpecification","valueRequired":true,"valueName":"search_term_string"}}],"inLanguage":"pt-BR"},{"@type":"Organization","@id":"https:\/\/motorista.com.br\/noticias\/#organization","name":"Motorista.com.br","url":"https:\/\/motorista.com.br\/noticias\/","logo":{"@type":"ImageObject","inLanguage":"pt-BR","@id":"https:\/\/motorista.com.br\/noticias\/#\/schema\/logo\/image\/","url":"https:\/\/motorista.com.br\/noticias\/wp-content\/uploads\/2025\/06\/Design-sem-nome-9.png","contentUrl":"https:\/\/motorista.com.br\/noticias\/wp-content\/uploads\/2025\/06\/Design-sem-nome-9.png","width":150,"height":85,"caption":"Motorista.com.br"},"image":{"@id":"https:\/\/motorista.com.br\/noticias\/#\/schema\/logo\/image\/"}},{"@type":"Person","@id":"https:\/\/motorista.com.br\/noticias\/#\/schema\/person\/dc93afc2981c0e3ce6bc3c053fd847be","name":"Equipe Reda\u00e7\u00e3o","image":{"@type":"ImageObject","inLanguage":"pt-BR","@id":"https:\/\/secure.gravatar.com\/avatar\/4f525efbf18dd2bb300ccad28bfb99d95a9465a5ba268407c8c37b37e1f28d2d?s=96&d=mm&r=g9e099043a0c61e9ae27e293b9fa75ffc","url":"https:\/\/secure.gravatar.com\/avatar\/4f525efbf18dd2bb300ccad28bfb99d95a9465a5ba268407c8c37b37e1f28d2d?s=96&d=mm&r=g","contentUrl":"https:\/\/secure.gravatar.com\/avatar\/4f525efbf18dd2bb300ccad28bfb99d95a9465a5ba268407c8c37b37e1f28d2d?s=96&d=mm&r=g","caption":"Equipe Reda\u00e7\u00e3o"},"description":"Equipe de reda\u00e7\u00e3o \u00e9 um grupo de profissionais que trabalham juntos para criar conte\u00fado escrito para Motorista.com.br","url":"https:\/\/motorista.com.br\/noticias\/author\/equiperedacao\/"}]}},"_links":{"self":[{"href":"https:\/\/motorista.com.br\/noticias\/wp-json\/wp\/v2\/posts\/9337","targetHints":{"allow":["GET"]}}],"collection":[{"href":"https:\/\/motorista.com.br\/noticias\/wp-json\/wp\/v2\/posts"}],"about":[{"href":"https:\/\/motorista.com.br\/noticias\/wp-json\/wp\/v2\/types\/post"}],"author":[{"embeddable":true,"href":"https:\/\/motorista.com.br\/noticias\/wp-json\/wp\/v2\/users\/4"}],"replies":[{"embeddable":true,"href":"https:\/\/motorista.com.br\/noticias\/wp-json\/wp\/v2\/comments?post=9337"}],"version-history":[{"count":0,"href":"https:\/\/motorista.com.br\/noticias\/wp-json\/wp\/v2\/posts\/9337\/revisions"}],"wp:featuredmedia":[{"embeddable":true,"href":"https:\/\/motorista.com.br\/noticias\/wp-json\/wp\/v2\/media\/9338"}],"wp:attachment":[{"href":"https:\/\/motorista.com.br\/noticias\/wp-json\/wp\/v2\/media?parent=9337"}],"wp:term":[{"taxonomy":"category","embeddable":true,"href":"https:\/\/motorista.com.br\/noticias\/wp-json\/wp\/v2\/categories?post=9337"},{"taxonomy":"post_tag","embeddable":true,"href":"https:\/\/motorista.com.br\/noticias\/wp-json\/wp\/v2\/tags?post=9337"},{"taxonomy":"author","embeddable":true,"href":"https:\/\/motorista.com.br\/noticias\/wp-json\/wp\/v2\/coauthors?post=9337"}],"curies":[{"name":"wp","href":"https:\/\/api.w.org\/{rel}","templated":true}]}}