{"id":9333,"date":"2026-04-29T16:31:04","date_gmt":"2026-04-29T19:31:04","guid":{"rendered":"https:\/\/motorista.com.br\/noticias\/2026\/04\/29\/reforma-visa-limitar-a-utilizacao-impropria-de-creditos-fiscais\/"},"modified":"2026-04-29T16:31:04","modified_gmt":"2026-04-29T19:31:04","slug":"reforma-visa-limitar-a-utilizacao-impropria-de-creditos-fiscais","status":"publish","type":"post","link":"https:\/\/motorista.com.br\/noticias\/2026\/04\/29\/reforma-visa-limitar-a-utilizacao-impropria-de-creditos-fiscais\/","title":{"rendered":"Reforma visa limitar a utiliza\u00e7\u00e3o impr\u00f3pria de cr\u00e9ditos fiscais."},"content":{"rendered":"<p><\/p>\n<h3>Reforma deve reduzir uso indevido de cr\u00e9ditos tribut\u00e1rios \u2013 SETCESP<\/h3>\n<p>A reforma tribut\u00e1ria tem o potencial de transformar a din\u00e2mica da arrecada\u00e7\u00e3o no Brasil, especialmente no que diz respeito ao creditamento de tributos. Com a previs\u00e3o de um sistema mais amplo e simplificado, a confus\u00e3o e as diverg\u00eancias sobre quais cr\u00e9ditos podem ser utilizados tendem a se dissipar, facilitando a vida dos empres\u00e1rios e promovendo uma maior transpar\u00eancia.<\/p>\n<p>A Receita Federal espera que, a partir de 2027, a nova legisla\u00e7\u00e3o minimize o uso de cr\u00e9ditos tribut\u00e1rios fraudulentos, que t\u00eam um impacto negativo na arrecada\u00e7\u00e3o federal. Nos \u00faltimos anos, bilh\u00f5es de reais em cr\u00e9ditos foram invalidados, especialmente aqueles que n\u00e3o tinham respaldo legal. Isso n\u00e3o s\u00f3 prejudica o governo na coleta de recursos essenciais, mas tamb\u00e9m afeta os cidad\u00e3os e a mobilidade, uma vez que menos arrecada\u00e7\u00e3o significa menos investimentos em infraestrutura e servi\u00e7os p\u00fablicos, que s\u00e3o vitais para a mobilidade urbana.<\/p>\n<p>A almejada simplifica\u00e7\u00e3o trazida pela reforma n\u00e3o tem apenas implica\u00e7\u00f5es fiscais, mas tamb\u00e9m um alinhamento com a expectativa de um mercado mais justo e equilibrado. A expectativa \u00e9 que o novo sistema incentive as empresas a atuarem de forma mais \u00e9tica, reduzindo os incentivos para a fraude e, por consequ\u00eancia, promovendo um ambiente de neg\u00f3cios mais saud\u00e1vel.<\/p>\n<p>Com um creditamento que ser\u00e1, por defini\u00e7\u00e3o, amplo e igual para todos os contribuintes, as chances de conflitos e lit\u00edgios entre empresas e o Fisco diminuem drasticamente. Isso n\u00e3o somente cria um clima mais positivo para os neg\u00f3cios, mas tamb\u00e9m libera recursos que poder\u00e3o ser reinvestidos em opera\u00e7\u00f5es que promovam a mobilidade e o desenvolvimento sustent\u00e1vel.<\/p>\n<p>Como aponta a especialista Ana Jandira Monteiro Soares, a reforma visa eliminar as dificuldades atuais tanto para a Receita Federal quanto para os contribuintes, resultando em uma redu\u00e7\u00e3o significativa das fraudes. Daniel Loria, ex-diretor da Secretaria Extraordin\u00e1ria da Reforma Tribut\u00e1ria, complementa que essa nova mec\u00e2nica de creditamento atender\u00e1 a todos de forma equ\u00e2nime, assegurando que os contribuintes tenham clareza sobre seus direitos e deveres.<\/p>\n<p>As previs\u00f5es de um sistema mais racional e transparente tamb\u00e9m devem incentivar investimentos em projetos que revitalizem o transporte p\u00fablico e outras modalidades de mobilidade, crucial para a redu\u00e7\u00e3o do tr\u00e1fego e melhoria da qualidade de vida nas cidades. Portanto, a reforma tribut\u00e1ria, al\u00e9m de trazer benef\u00edcios diretos ao setor empresarial, se configura como um passo significativo em dire\u00e7\u00e3o a uma mobilidade urbana mais eficiente e justa.<\/p>\n<p>Em suma, a implementa\u00e7\u00e3o da reforma tribut\u00e1ria n\u00e3o \u00e9 apenas uma quest\u00e3o de simplifica\u00e7\u00e3o fiscal; ela promete uma reestrutura\u00e7\u00e3o que beneficiar\u00e1 diretamente os motoristas e a sociedade como um todo, ao criar uma base s\u00f3lida para o desenvolvimento econ\u00f4mico e melhorias na mobilidade. <\/p>\n<p><strong>Fonte: SETCESP<\/strong><\/p>\n","protected":false},"excerpt":{"rendered":"<p>Reforma deve reduzir uso indevido de cr\u00e9ditos tribut\u00e1rios \u2013 SETCESP A reforma tribut\u00e1ria tem o potencial de transformar a din\u00e2mica da arrecada\u00e7\u00e3o no Brasil, especialmente no que diz respeito ao creditamento de tributos. Com a previs\u00e3o de um sistema mais amplo e simplificado, a confus\u00e3o e as diverg\u00eancias sobre quais cr\u00e9ditos podem ser utilizados tendem &hellip;<\/p>\n","protected":false},"author":4,"featured_media":9334,"comment_status":"","ping_status":"open","sticky":false,"template":"","format":"standard","meta":{"footnotes":""},"categories":[62],"tags":[],"coauthors":[42],"class_list":["post-9333","post","type-post","status-publish","format-standard","has-post-thumbnail","hentry","category-logistica"],"yoast_head":"<!-- This site is optimized with the Yoast SEO Premium plugin v25.5 (Yoast SEO v27.5) - https:\/\/yoast.com\/product\/yoast-seo-premium-wordpress\/ -->\n<title>Reforma visa limitar a utiliza\u00e7\u00e3o impr\u00f3pria de cr\u00e9ditos fiscais. - Motorista.com.br<\/title>\n<meta name=\"robots\" content=\"index, follow, max-snippet:-1, max-image-preview:large, max-video-preview:-1\" \/>\n<link rel=\"canonical\" href=\"https:\/\/motorista.com.br\/noticias\/2026\/04\/29\/reforma-visa-limitar-a-utilizacao-impropria-de-creditos-fiscais\/\" \/>\n<meta property=\"og:locale\" content=\"pt_BR\" \/>\n<meta property=\"og:type\" content=\"article\" \/>\n<meta property=\"og:title\" content=\"Reforma visa limitar a utiliza\u00e7\u00e3o impr\u00f3pria de cr\u00e9ditos fiscais.\" \/>\n<meta property=\"og:description\" content=\"Reforma deve reduzir uso indevido de cr\u00e9ditos tribut\u00e1rios \u2013 SETCESP A reforma tribut\u00e1ria tem o potencial de transformar a din\u00e2mica da arrecada\u00e7\u00e3o no Brasil, especialmente no que diz respeito ao creditamento de tributos. Com a previs\u00e3o de um sistema mais amplo e simplificado, a confus\u00e3o e as diverg\u00eancias sobre quais cr\u00e9ditos podem ser utilizados tendem &hellip;\" \/>\n<meta property=\"og:url\" content=\"https:\/\/motorista.com.br\/noticias\/2026\/04\/29\/reforma-visa-limitar-a-utilizacao-impropria-de-creditos-fiscais\/\" \/>\n<meta property=\"og:site_name\" content=\"Motorista.com.br\" \/>\n<meta property=\"article:published_time\" content=\"2026-04-29T19:31:04+00:00\" \/>\n<meta name=\"author\" content=\"Equipe Reda\u00e7\u00e3o\" \/>\n<meta name=\"twitter:card\" content=\"summary_large_image\" \/>\n<meta name=\"twitter:label1\" content=\"Escrito por\" \/>\n\t<meta name=\"twitter:data1\" content=\"Equipe Reda\u00e7\u00e3o\" \/>\n\t<meta name=\"twitter:label2\" content=\"Est. tempo de leitura\" \/>\n\t<meta name=\"twitter:data2\" content=\"2 minutos\" \/>\n\t<meta name=\"twitter:label3\" content=\"Written by\" \/>\n\t<meta name=\"twitter:data3\" content=\"Equipe Reda\u00e7\u00e3o\" \/>\n<script type=\"application\/ld+json\" class=\"yoast-schema-graph\">{\"@context\":\"https:\\\/\\\/schema.org\",\"@graph\":[{\"@type\":\"Article\",\"@id\":\"https:\\\/\\\/motorista.com.br\\\/noticias\\\/2026\\\/04\\\/29\\\/reforma-visa-limitar-a-utilizacao-impropria-de-creditos-fiscais\\\/#article\",\"isPartOf\":{\"@id\":\"https:\\\/\\\/motorista.com.br\\\/noticias\\\/2026\\\/04\\\/29\\\/reforma-visa-limitar-a-utilizacao-impropria-de-creditos-fiscais\\\/\"},\"author\":{\"name\":\"Equipe Reda\u00e7\u00e3o\",\"@id\":\"https:\\\/\\\/motorista.com.br\\\/noticias\\\/#\\\/schema\\\/person\\\/dc93afc2981c0e3ce6bc3c053fd847be\"},\"headline\":\"Reforma visa limitar a utiliza\u00e7\u00e3o impr\u00f3pria de cr\u00e9ditos fiscais.\",\"datePublished\":\"2026-04-29T19:31:04+00:00\",\"mainEntityOfPage\":{\"@id\":\"https:\\\/\\\/motorista.com.br\\\/noticias\\\/2026\\\/04\\\/29\\\/reforma-visa-limitar-a-utilizacao-impropria-de-creditos-fiscais\\\/\"},\"wordCount\":511,\"publisher\":{\"@id\":\"https:\\\/\\\/motorista.com.br\\\/noticias\\\/#organization\"},\"image\":{\"@id\":\"https:\\\/\\\/motorista.com.br\\\/noticias\\\/2026\\\/04\\\/29\\\/reforma-visa-limitar-a-utilizacao-impropria-de-creditos-fiscais\\\/#primaryimage\"},\"thumbnailUrl\":\"https:\\\/\\\/motorista.com.br\\\/noticias\\\/wp-content\\\/uploads\\\/2026\\\/04\\\/014.png\",\"articleSection\":[\"Log\u00edstica\"],\"inLanguage\":\"pt-BR\"},{\"@type\":\"WebPage\",\"@id\":\"https:\\\/\\\/motorista.com.br\\\/noticias\\\/2026\\\/04\\\/29\\\/reforma-visa-limitar-a-utilizacao-impropria-de-creditos-fiscais\\\/\",\"url\":\"https:\\\/\\\/motorista.com.br\\\/noticias\\\/2026\\\/04\\\/29\\\/reforma-visa-limitar-a-utilizacao-impropria-de-creditos-fiscais\\\/\",\"name\":\"Reforma visa limitar a utiliza\u00e7\u00e3o impr\u00f3pria de cr\u00e9ditos fiscais. - Motorista.com.br\",\"isPartOf\":{\"@id\":\"https:\\\/\\\/motorista.com.br\\\/noticias\\\/#website\"},\"primaryImageOfPage\":{\"@id\":\"https:\\\/\\\/motorista.com.br\\\/noticias\\\/2026\\\/04\\\/29\\\/reforma-visa-limitar-a-utilizacao-impropria-de-creditos-fiscais\\\/#primaryimage\"},\"image\":{\"@id\":\"https:\\\/\\\/motorista.com.br\\\/noticias\\\/2026\\\/04\\\/29\\\/reforma-visa-limitar-a-utilizacao-impropria-de-creditos-fiscais\\\/#primaryimage\"},\"thumbnailUrl\":\"https:\\\/\\\/motorista.com.br\\\/noticias\\\/wp-content\\\/uploads\\\/2026\\\/04\\\/014.png\",\"datePublished\":\"2026-04-29T19:31:04+00:00\",\"breadcrumb\":{\"@id\":\"https:\\\/\\\/motorista.com.br\\\/noticias\\\/2026\\\/04\\\/29\\\/reforma-visa-limitar-a-utilizacao-impropria-de-creditos-fiscais\\\/#breadcrumb\"},\"inLanguage\":\"pt-BR\",\"potentialAction\":[{\"@type\":\"ReadAction\",\"target\":[\"https:\\\/\\\/motorista.com.br\\\/noticias\\\/2026\\\/04\\\/29\\\/reforma-visa-limitar-a-utilizacao-impropria-de-creditos-fiscais\\\/\"]}]},{\"@type\":\"ImageObject\",\"inLanguage\":\"pt-BR\",\"@id\":\"https:\\\/\\\/motorista.com.br\\\/noticias\\\/2026\\\/04\\\/29\\\/reforma-visa-limitar-a-utilizacao-impropria-de-creditos-fiscais\\\/#primaryimage\",\"url\":\"https:\\\/\\\/motorista.com.br\\\/noticias\\\/wp-content\\\/uploads\\\/2026\\\/04\\\/014.png\",\"contentUrl\":\"https:\\\/\\\/motorista.com.br\\\/noticias\\\/wp-content\\\/uploads\\\/2026\\\/04\\\/014.png\",\"width\":1400,\"height\":700},{\"@type\":\"BreadcrumbList\",\"@id\":\"https:\\\/\\\/motorista.com.br\\\/noticias\\\/2026\\\/04\\\/29\\\/reforma-visa-limitar-a-utilizacao-impropria-de-creditos-fiscais\\\/#breadcrumb\",\"itemListElement\":[{\"@type\":\"ListItem\",\"position\":1,\"name\":\"In\u00edcio\",\"item\":\"https:\\\/\\\/motorista.com.br\\\/noticias\\\/\"},{\"@type\":\"ListItem\",\"position\":2,\"name\":\"Reforma visa limitar a utiliza\u00e7\u00e3o impr\u00f3pria de cr\u00e9ditos fiscais.\"}]},{\"@type\":\"WebSite\",\"@id\":\"https:\\\/\\\/motorista.com.br\\\/noticias\\\/#website\",\"url\":\"https:\\\/\\\/motorista.com.br\\\/noticias\\\/\",\"name\":\"Motorista.com.br\",\"description\":\"Not\u00edcia do Motorista\",\"publisher\":{\"@id\":\"https:\\\/\\\/motorista.com.br\\\/noticias\\\/#organization\"},\"potentialAction\":[{\"@type\":\"SearchAction\",\"target\":{\"@type\":\"EntryPoint\",\"urlTemplate\":\"https:\\\/\\\/motorista.com.br\\\/noticias\\\/?s={search_term_string}\"},\"query-input\":{\"@type\":\"PropertyValueSpecification\",\"valueRequired\":true,\"valueName\":\"search_term_string\"}}],\"inLanguage\":\"pt-BR\"},{\"@type\":\"Organization\",\"@id\":\"https:\\\/\\\/motorista.com.br\\\/noticias\\\/#organization\",\"name\":\"Motorista.com.br\",\"url\":\"https:\\\/\\\/motorista.com.br\\\/noticias\\\/\",\"logo\":{\"@type\":\"ImageObject\",\"inLanguage\":\"pt-BR\",\"@id\":\"https:\\\/\\\/motorista.com.br\\\/noticias\\\/#\\\/schema\\\/logo\\\/image\\\/\",\"url\":\"https:\\\/\\\/motorista.com.br\\\/noticias\\\/wp-content\\\/uploads\\\/2025\\\/06\\\/Design-sem-nome-9.png\",\"contentUrl\":\"https:\\\/\\\/motorista.com.br\\\/noticias\\\/wp-content\\\/uploads\\\/2025\\\/06\\\/Design-sem-nome-9.png\",\"width\":150,\"height\":85,\"caption\":\"Motorista.com.br\"},\"image\":{\"@id\":\"https:\\\/\\\/motorista.com.br\\\/noticias\\\/#\\\/schema\\\/logo\\\/image\\\/\"}},{\"@type\":\"Person\",\"@id\":\"https:\\\/\\\/motorista.com.br\\\/noticias\\\/#\\\/schema\\\/person\\\/dc93afc2981c0e3ce6bc3c053fd847be\",\"name\":\"Equipe Reda\u00e7\u00e3o\",\"image\":{\"@type\":\"ImageObject\",\"inLanguage\":\"pt-BR\",\"@id\":\"https:\\\/\\\/secure.gravatar.com\\\/avatar\\\/4f525efbf18dd2bb300ccad28bfb99d95a9465a5ba268407c8c37b37e1f28d2d?s=96&d=mm&r=g9e099043a0c61e9ae27e293b9fa75ffc\",\"url\":\"https:\\\/\\\/secure.gravatar.com\\\/avatar\\\/4f525efbf18dd2bb300ccad28bfb99d95a9465a5ba268407c8c37b37e1f28d2d?s=96&d=mm&r=g\",\"contentUrl\":\"https:\\\/\\\/secure.gravatar.com\\\/avatar\\\/4f525efbf18dd2bb300ccad28bfb99d95a9465a5ba268407c8c37b37e1f28d2d?s=96&d=mm&r=g\",\"caption\":\"Equipe Reda\u00e7\u00e3o\"},\"description\":\"Equipe de reda\u00e7\u00e3o \u00e9 um grupo de profissionais que trabalham juntos para criar conte\u00fado escrito para Motorista.com.br\",\"url\":\"https:\\\/\\\/motorista.com.br\\\/noticias\\\/author\\\/equiperedacao\\\/\"}]}<\/script>\n<!-- \/ Yoast SEO Premium plugin. -->","yoast_head_json":{"title":"Reforma visa limitar a utiliza\u00e7\u00e3o impr\u00f3pria de cr\u00e9ditos fiscais. - Motorista.com.br","robots":{"index":"index","follow":"follow","max-snippet":"max-snippet:-1","max-image-preview":"max-image-preview:large","max-video-preview":"max-video-preview:-1"},"canonical":"https:\/\/motorista.com.br\/noticias\/2026\/04\/29\/reforma-visa-limitar-a-utilizacao-impropria-de-creditos-fiscais\/","og_locale":"pt_BR","og_type":"article","og_title":"Reforma visa limitar a utiliza\u00e7\u00e3o impr\u00f3pria de cr\u00e9ditos fiscais.","og_description":"Reforma deve reduzir uso indevido de cr\u00e9ditos tribut\u00e1rios \u2013 SETCESP A reforma tribut\u00e1ria tem o potencial de transformar a din\u00e2mica da arrecada\u00e7\u00e3o no Brasil, especialmente no que diz respeito ao creditamento de tributos. Com a previs\u00e3o de um sistema mais amplo e simplificado, a confus\u00e3o e as diverg\u00eancias sobre quais cr\u00e9ditos podem ser utilizados tendem &hellip;","og_url":"https:\/\/motorista.com.br\/noticias\/2026\/04\/29\/reforma-visa-limitar-a-utilizacao-impropria-de-creditos-fiscais\/","og_site_name":"Motorista.com.br","article_published_time":"2026-04-29T19:31:04+00:00","author":"Equipe Reda\u00e7\u00e3o","twitter_card":"summary_large_image","twitter_misc":{"Escrito por":"Equipe Reda\u00e7\u00e3o","Est. tempo de leitura":"2 minutos","Written by":"Equipe Reda\u00e7\u00e3o"},"schema":{"@context":"https:\/\/schema.org","@graph":[{"@type":"Article","@id":"https:\/\/motorista.com.br\/noticias\/2026\/04\/29\/reforma-visa-limitar-a-utilizacao-impropria-de-creditos-fiscais\/#article","isPartOf":{"@id":"https:\/\/motorista.com.br\/noticias\/2026\/04\/29\/reforma-visa-limitar-a-utilizacao-impropria-de-creditos-fiscais\/"},"author":{"name":"Equipe Reda\u00e7\u00e3o","@id":"https:\/\/motorista.com.br\/noticias\/#\/schema\/person\/dc93afc2981c0e3ce6bc3c053fd847be"},"headline":"Reforma visa limitar a utiliza\u00e7\u00e3o impr\u00f3pria de cr\u00e9ditos fiscais.","datePublished":"2026-04-29T19:31:04+00:00","mainEntityOfPage":{"@id":"https:\/\/motorista.com.br\/noticias\/2026\/04\/29\/reforma-visa-limitar-a-utilizacao-impropria-de-creditos-fiscais\/"},"wordCount":511,"publisher":{"@id":"https:\/\/motorista.com.br\/noticias\/#organization"},"image":{"@id":"https:\/\/motorista.com.br\/noticias\/2026\/04\/29\/reforma-visa-limitar-a-utilizacao-impropria-de-creditos-fiscais\/#primaryimage"},"thumbnailUrl":"https:\/\/motorista.com.br\/noticias\/wp-content\/uploads\/2026\/04\/014.png","articleSection":["Log\u00edstica"],"inLanguage":"pt-BR"},{"@type":"WebPage","@id":"https:\/\/motorista.com.br\/noticias\/2026\/04\/29\/reforma-visa-limitar-a-utilizacao-impropria-de-creditos-fiscais\/","url":"https:\/\/motorista.com.br\/noticias\/2026\/04\/29\/reforma-visa-limitar-a-utilizacao-impropria-de-creditos-fiscais\/","name":"Reforma visa limitar a utiliza\u00e7\u00e3o impr\u00f3pria de cr\u00e9ditos fiscais. - Motorista.com.br","isPartOf":{"@id":"https:\/\/motorista.com.br\/noticias\/#website"},"primaryImageOfPage":{"@id":"https:\/\/motorista.com.br\/noticias\/2026\/04\/29\/reforma-visa-limitar-a-utilizacao-impropria-de-creditos-fiscais\/#primaryimage"},"image":{"@id":"https:\/\/motorista.com.br\/noticias\/2026\/04\/29\/reforma-visa-limitar-a-utilizacao-impropria-de-creditos-fiscais\/#primaryimage"},"thumbnailUrl":"https:\/\/motorista.com.br\/noticias\/wp-content\/uploads\/2026\/04\/014.png","datePublished":"2026-04-29T19:31:04+00:00","breadcrumb":{"@id":"https:\/\/motorista.com.br\/noticias\/2026\/04\/29\/reforma-visa-limitar-a-utilizacao-impropria-de-creditos-fiscais\/#breadcrumb"},"inLanguage":"pt-BR","potentialAction":[{"@type":"ReadAction","target":["https:\/\/motorista.com.br\/noticias\/2026\/04\/29\/reforma-visa-limitar-a-utilizacao-impropria-de-creditos-fiscais\/"]}]},{"@type":"ImageObject","inLanguage":"pt-BR","@id":"https:\/\/motorista.com.br\/noticias\/2026\/04\/29\/reforma-visa-limitar-a-utilizacao-impropria-de-creditos-fiscais\/#primaryimage","url":"https:\/\/motorista.com.br\/noticias\/wp-content\/uploads\/2026\/04\/014.png","contentUrl":"https:\/\/motorista.com.br\/noticias\/wp-content\/uploads\/2026\/04\/014.png","width":1400,"height":700},{"@type":"BreadcrumbList","@id":"https:\/\/motorista.com.br\/noticias\/2026\/04\/29\/reforma-visa-limitar-a-utilizacao-impropria-de-creditos-fiscais\/#breadcrumb","itemListElement":[{"@type":"ListItem","position":1,"name":"In\u00edcio","item":"https:\/\/motorista.com.br\/noticias\/"},{"@type":"ListItem","position":2,"name":"Reforma visa limitar a utiliza\u00e7\u00e3o impr\u00f3pria de cr\u00e9ditos fiscais."}]},{"@type":"WebSite","@id":"https:\/\/motorista.com.br\/noticias\/#website","url":"https:\/\/motorista.com.br\/noticias\/","name":"Motorista.com.br","description":"Not\u00edcia do Motorista","publisher":{"@id":"https:\/\/motorista.com.br\/noticias\/#organization"},"potentialAction":[{"@type":"SearchAction","target":{"@type":"EntryPoint","urlTemplate":"https:\/\/motorista.com.br\/noticias\/?s={search_term_string}"},"query-input":{"@type":"PropertyValueSpecification","valueRequired":true,"valueName":"search_term_string"}}],"inLanguage":"pt-BR"},{"@type":"Organization","@id":"https:\/\/motorista.com.br\/noticias\/#organization","name":"Motorista.com.br","url":"https:\/\/motorista.com.br\/noticias\/","logo":{"@type":"ImageObject","inLanguage":"pt-BR","@id":"https:\/\/motorista.com.br\/noticias\/#\/schema\/logo\/image\/","url":"https:\/\/motorista.com.br\/noticias\/wp-content\/uploads\/2025\/06\/Design-sem-nome-9.png","contentUrl":"https:\/\/motorista.com.br\/noticias\/wp-content\/uploads\/2025\/06\/Design-sem-nome-9.png","width":150,"height":85,"caption":"Motorista.com.br"},"image":{"@id":"https:\/\/motorista.com.br\/noticias\/#\/schema\/logo\/image\/"}},{"@type":"Person","@id":"https:\/\/motorista.com.br\/noticias\/#\/schema\/person\/dc93afc2981c0e3ce6bc3c053fd847be","name":"Equipe Reda\u00e7\u00e3o","image":{"@type":"ImageObject","inLanguage":"pt-BR","@id":"https:\/\/secure.gravatar.com\/avatar\/4f525efbf18dd2bb300ccad28bfb99d95a9465a5ba268407c8c37b37e1f28d2d?s=96&d=mm&r=g9e099043a0c61e9ae27e293b9fa75ffc","url":"https:\/\/secure.gravatar.com\/avatar\/4f525efbf18dd2bb300ccad28bfb99d95a9465a5ba268407c8c37b37e1f28d2d?s=96&d=mm&r=g","contentUrl":"https:\/\/secure.gravatar.com\/avatar\/4f525efbf18dd2bb300ccad28bfb99d95a9465a5ba268407c8c37b37e1f28d2d?s=96&d=mm&r=g","caption":"Equipe Reda\u00e7\u00e3o"},"description":"Equipe de reda\u00e7\u00e3o \u00e9 um grupo de profissionais que trabalham juntos para criar conte\u00fado escrito para Motorista.com.br","url":"https:\/\/motorista.com.br\/noticias\/author\/equiperedacao\/"}]}},"_links":{"self":[{"href":"https:\/\/motorista.com.br\/noticias\/wp-json\/wp\/v2\/posts\/9333","targetHints":{"allow":["GET"]}}],"collection":[{"href":"https:\/\/motorista.com.br\/noticias\/wp-json\/wp\/v2\/posts"}],"about":[{"href":"https:\/\/motorista.com.br\/noticias\/wp-json\/wp\/v2\/types\/post"}],"author":[{"embeddable":true,"href":"https:\/\/motorista.com.br\/noticias\/wp-json\/wp\/v2\/users\/4"}],"replies":[{"embeddable":true,"href":"https:\/\/motorista.com.br\/noticias\/wp-json\/wp\/v2\/comments?post=9333"}],"version-history":[{"count":0,"href":"https:\/\/motorista.com.br\/noticias\/wp-json\/wp\/v2\/posts\/9333\/revisions"}],"wp:featuredmedia":[{"embeddable":true,"href":"https:\/\/motorista.com.br\/noticias\/wp-json\/wp\/v2\/media\/9334"}],"wp:attachment":[{"href":"https:\/\/motorista.com.br\/noticias\/wp-json\/wp\/v2\/media?parent=9333"}],"wp:term":[{"taxonomy":"category","embeddable":true,"href":"https:\/\/motorista.com.br\/noticias\/wp-json\/wp\/v2\/categories?post=9333"},{"taxonomy":"post_tag","embeddable":true,"href":"https:\/\/motorista.com.br\/noticias\/wp-json\/wp\/v2\/tags?post=9333"},{"taxonomy":"author","embeddable":true,"href":"https:\/\/motorista.com.br\/noticias\/wp-json\/wp\/v2\/coauthors?post=9333"}],"curies":[{"name":"wp","href":"https:\/\/api.w.org\/{rel}","templated":true}]}}