{"id":9329,"date":"2026-04-29T14:30:28","date_gmt":"2026-04-29T17:30:28","guid":{"rendered":"https:\/\/motorista.com.br\/noticias\/2026\/04\/29\/caminhao-parado-pode-gerar-ate-r-4-mil-diarios-e-eleva-frete\/"},"modified":"2026-04-29T14:30:28","modified_gmt":"2026-04-29T17:30:28","slug":"caminhao-parado-pode-gerar-ate-r-4-mil-diarios-e-eleva-frete","status":"publish","type":"post","link":"https:\/\/motorista.com.br\/noticias\/2026\/04\/29\/caminhao-parado-pode-gerar-ate-r-4-mil-diarios-e-eleva-frete\/","title":{"rendered":"Caminh\u00e3o parado pode gerar at\u00e9 R$ 4 mil di\u00e1rios e eleva frete"},"content":{"rendered":"<p><\/p>\n<p><strong>Caminh\u00e3o parado custa at\u00e9 R$ 4 mil por dia e dispara custo do frete \u2013 SETCESP<\/strong><\/p>\n<p>Feriados em dias \u00fateis ampliam ociosidade e pressionam resultado das transportadoras<\/p>\n<p>O transporte rodovi\u00e1rio de cargas come\u00e7a 2026 enfrentando um desafio inusitado: a influ\u00eancia do calend\u00e1rio. Com nove feriados nacionais caindo em dias \u00fateis, o setor se depara com um aumento da ociosidade da frota, resultando em custos elevados e produtividade reduzida em uma atividade fundamental para a matriz log\u00edstica brasileira, que corresponde a cerca de 65% do total.<\/p>\n<p>Esse cen\u00e1rio impacta diretamente no resultado financeiro das transportadoras. Na Buzin Transportes, a paralisa\u00e7\u00e3o de um caminh\u00e3o implica uma perda de faturamento que varia entre R$ 3,5 mil e R$ 4 mil por dia. Durante feriados prolongados, o potencial de preju\u00edzo pode atingir de R$ 9 milh\u00f5es a R$ 12 milh\u00f5es, um montante significativo que ressalta n\u00e3o apenas a vulnerabilidade das empresas, mas tamb\u00e9m os efeitos colaterais sobre toda a cadeia de transporte e log\u00edstica.<\/p>\n<h3>Custo da ociosidade<\/h3>\n<p>\u201cO transporte vive da otimiza\u00e7\u00e3o do tempo. Um caminh\u00e3o que n\u00e3o carrega ou descarrega por conta da paralisa\u00e7\u00e3o da ind\u00fastria ou do varejo se transforma em um ativo de alto valor gerando custos sem receitas correspondentes\u201d, observa Leonardo Busin. Mesmo considerando que o diesel representa cerca de 40% dos custos operacionais, a ociosidade da frota se torna um item cr\u00edtico a ser gerenciado. O desafio \u00e9 que muitas empresas n\u00e3o t\u00eam capacidade operacional para reaver em tr\u00eas dias o que foi perdido em quatro durante um feriado prolongado, afetando diretamente os resultados mensais.<\/p>\n<h3>Planejamento vira diferencial<\/h3>\n<p>Diante deste cen\u00e1rio adverso, as transportadoras t\u00eam adotado pr\u00e1ticas de planejamento mais rigorosas, incluindo a antecipa\u00e7\u00e3o de rotas e a sincroniza\u00e7\u00e3o de entregas. Essas estrat\u00e9gias s\u00e3o fundamentais para garantir que os ve\u00edculos estejam carregados durante os feriados e que os pontos de descarga sejam atendidos logo que as atividades sejam retomadas.<\/p>\n<p>Esse contexto acentua o peso do transporte nos custos gerais do Brasil, estimado em 15,5% do PIB. A efici\u00eancia log\u00edstica ganha um novo patamar de import\u00e2ncia, especialmente em setores como o agroneg\u00f3cio e a ind\u00fastria, onde a continuidade do fluxo de mercadorias \u00e9 decisiva para evitar perdas e, consequentemente, press\u00f5es sobre o pre\u00e7o do frete.<\/p>\n<h3>Conclus\u00e3o<\/h3>\n<p>Os motoristas e profissionais do transporte precisam estar conscientes de como esses fatores econ\u00f4micos impactam n\u00e3o apenas suas opera\u00e7\u00f5es di\u00e1rias, mas tamb\u00e9m o custo final dos servi\u00e7os oferecidos. Um planejamento eficiente \u00e9 a chave para minimizar a ociosidade e garantir que os motoristas possam maximizar sua receita, contribuindo, assim, para uma mobilidade mais eficiente e econ\u00f4mica no pa\u00eds. <\/p>\n<p>Fonte: SETCESP<\/p>\n","protected":false},"excerpt":{"rendered":"<p>Caminh\u00e3o parado custa at\u00e9 R$ 4 mil por dia e dispara custo do frete \u2013 SETCESP Feriados em dias \u00fateis ampliam ociosidade e pressionam resultado das transportadoras O transporte rodovi\u00e1rio de cargas come\u00e7a 2026 enfrentando um desafio inusitado: a influ\u00eancia do calend\u00e1rio. Com nove feriados nacionais caindo em dias \u00fateis, o setor se depara com &hellip;<\/p>\n","protected":false},"author":4,"featured_media":9330,"comment_status":"","ping_status":"open","sticky":false,"template":"","format":"standard","meta":{"footnotes":""},"categories":[62],"tags":[],"coauthors":[42],"class_list":["post-9329","post","type-post","status-publish","format-standard","has-post-thumbnail","hentry","category-logistica"],"yoast_head":"<!-- This site is optimized with the Yoast SEO Premium plugin v25.5 (Yoast SEO v27.5) - https:\/\/yoast.com\/product\/yoast-seo-premium-wordpress\/ -->\n<title>Caminh\u00e3o parado pode gerar at\u00e9 R$ 4 mil di\u00e1rios e eleva frete - Motorista.com.br<\/title>\n<meta name=\"robots\" content=\"index, follow, max-snippet:-1, max-image-preview:large, max-video-preview:-1\" \/>\n<link rel=\"canonical\" href=\"https:\/\/motorista.com.br\/noticias\/2026\/04\/29\/caminhao-parado-pode-gerar-ate-r-4-mil-diarios-e-eleva-frete\/\" \/>\n<meta property=\"og:locale\" content=\"pt_BR\" \/>\n<meta property=\"og:type\" content=\"article\" \/>\n<meta property=\"og:title\" content=\"Caminh\u00e3o parado pode gerar at\u00e9 R$ 4 mil di\u00e1rios e eleva frete\" \/>\n<meta property=\"og:description\" content=\"Caminh\u00e3o parado custa at\u00e9 R$ 4 mil por dia e dispara custo do frete \u2013 SETCESP Feriados em dias \u00fateis ampliam ociosidade e pressionam resultado das transportadoras O transporte rodovi\u00e1rio de cargas come\u00e7a 2026 enfrentando um desafio inusitado: a influ\u00eancia do calend\u00e1rio. Com nove feriados nacionais caindo em dias \u00fateis, o setor se depara com &hellip;\" \/>\n<meta property=\"og:url\" content=\"https:\/\/motorista.com.br\/noticias\/2026\/04\/29\/caminhao-parado-pode-gerar-ate-r-4-mil-diarios-e-eleva-frete\/\" \/>\n<meta property=\"og:site_name\" content=\"Motorista.com.br\" \/>\n<meta property=\"article:published_time\" content=\"2026-04-29T17:30:28+00:00\" \/>\n<meta name=\"author\" content=\"Equipe Reda\u00e7\u00e3o\" \/>\n<meta name=\"twitter:card\" content=\"summary_large_image\" \/>\n<meta name=\"twitter:label1\" content=\"Escrito por\" \/>\n\t<meta name=\"twitter:data1\" content=\"Equipe Reda\u00e7\u00e3o\" \/>\n\t<meta name=\"twitter:label2\" content=\"Est. tempo de leitura\" \/>\n\t<meta name=\"twitter:data2\" content=\"2 minutos\" \/>\n\t<meta name=\"twitter:label3\" content=\"Written by\" \/>\n\t<meta name=\"twitter:data3\" content=\"Equipe Reda\u00e7\u00e3o\" \/>\n<script type=\"application\/ld+json\" class=\"yoast-schema-graph\">{\"@context\":\"https:\\\/\\\/schema.org\",\"@graph\":[{\"@type\":\"Article\",\"@id\":\"https:\\\/\\\/motorista.com.br\\\/noticias\\\/2026\\\/04\\\/29\\\/caminhao-parado-pode-gerar-ate-r-4-mil-diarios-e-eleva-frete\\\/#article\",\"isPartOf\":{\"@id\":\"https:\\\/\\\/motorista.com.br\\\/noticias\\\/2026\\\/04\\\/29\\\/caminhao-parado-pode-gerar-ate-r-4-mil-diarios-e-eleva-frete\\\/\"},\"author\":{\"name\":\"Equipe Reda\u00e7\u00e3o\",\"@id\":\"https:\\\/\\\/motorista.com.br\\\/noticias\\\/#\\\/schema\\\/person\\\/dc93afc2981c0e3ce6bc3c053fd847be\"},\"headline\":\"Caminh\u00e3o parado pode gerar at\u00e9 R$ 4 mil di\u00e1rios e eleva frete\",\"datePublished\":\"2026-04-29T17:30:28+00:00\",\"mainEntityOfPage\":{\"@id\":\"https:\\\/\\\/motorista.com.br\\\/noticias\\\/2026\\\/04\\\/29\\\/caminhao-parado-pode-gerar-ate-r-4-mil-diarios-e-eleva-frete\\\/\"},\"wordCount\":474,\"publisher\":{\"@id\":\"https:\\\/\\\/motorista.com.br\\\/noticias\\\/#organization\"},\"image\":{\"@id\":\"https:\\\/\\\/motorista.com.br\\\/noticias\\\/2026\\\/04\\\/29\\\/caminhao-parado-pode-gerar-ate-r-4-mil-diarios-e-eleva-frete\\\/#primaryimage\"},\"thumbnailUrl\":\"https:\\\/\\\/motorista.com.br\\\/noticias\\\/wp-content\\\/uploads\\\/2026\\\/04\\\/016.png\",\"articleSection\":[\"Log\u00edstica\"],\"inLanguage\":\"pt-BR\"},{\"@type\":\"WebPage\",\"@id\":\"https:\\\/\\\/motorista.com.br\\\/noticias\\\/2026\\\/04\\\/29\\\/caminhao-parado-pode-gerar-ate-r-4-mil-diarios-e-eleva-frete\\\/\",\"url\":\"https:\\\/\\\/motorista.com.br\\\/noticias\\\/2026\\\/04\\\/29\\\/caminhao-parado-pode-gerar-ate-r-4-mil-diarios-e-eleva-frete\\\/\",\"name\":\"Caminh\u00e3o parado pode gerar at\u00e9 R$ 4 mil di\u00e1rios e eleva frete - Motorista.com.br\",\"isPartOf\":{\"@id\":\"https:\\\/\\\/motorista.com.br\\\/noticias\\\/#website\"},\"primaryImageOfPage\":{\"@id\":\"https:\\\/\\\/motorista.com.br\\\/noticias\\\/2026\\\/04\\\/29\\\/caminhao-parado-pode-gerar-ate-r-4-mil-diarios-e-eleva-frete\\\/#primaryimage\"},\"image\":{\"@id\":\"https:\\\/\\\/motorista.com.br\\\/noticias\\\/2026\\\/04\\\/29\\\/caminhao-parado-pode-gerar-ate-r-4-mil-diarios-e-eleva-frete\\\/#primaryimage\"},\"thumbnailUrl\":\"https:\\\/\\\/motorista.com.br\\\/noticias\\\/wp-content\\\/uploads\\\/2026\\\/04\\\/016.png\",\"datePublished\":\"2026-04-29T17:30:28+00:00\",\"breadcrumb\":{\"@id\":\"https:\\\/\\\/motorista.com.br\\\/noticias\\\/2026\\\/04\\\/29\\\/caminhao-parado-pode-gerar-ate-r-4-mil-diarios-e-eleva-frete\\\/#breadcrumb\"},\"inLanguage\":\"pt-BR\",\"potentialAction\":[{\"@type\":\"ReadAction\",\"target\":[\"https:\\\/\\\/motorista.com.br\\\/noticias\\\/2026\\\/04\\\/29\\\/caminhao-parado-pode-gerar-ate-r-4-mil-diarios-e-eleva-frete\\\/\"]}]},{\"@type\":\"ImageObject\",\"inLanguage\":\"pt-BR\",\"@id\":\"https:\\\/\\\/motorista.com.br\\\/noticias\\\/2026\\\/04\\\/29\\\/caminhao-parado-pode-gerar-ate-r-4-mil-diarios-e-eleva-frete\\\/#primaryimage\",\"url\":\"https:\\\/\\\/motorista.com.br\\\/noticias\\\/wp-content\\\/uploads\\\/2026\\\/04\\\/016.png\",\"contentUrl\":\"https:\\\/\\\/motorista.com.br\\\/noticias\\\/wp-content\\\/uploads\\\/2026\\\/04\\\/016.png\",\"width\":1400,\"height\":700},{\"@type\":\"BreadcrumbList\",\"@id\":\"https:\\\/\\\/motorista.com.br\\\/noticias\\\/2026\\\/04\\\/29\\\/caminhao-parado-pode-gerar-ate-r-4-mil-diarios-e-eleva-frete\\\/#breadcrumb\",\"itemListElement\":[{\"@type\":\"ListItem\",\"position\":1,\"name\":\"In\u00edcio\",\"item\":\"https:\\\/\\\/motorista.com.br\\\/noticias\\\/\"},{\"@type\":\"ListItem\",\"position\":2,\"name\":\"Caminh\u00e3o parado pode gerar at\u00e9 R$ 4 mil di\u00e1rios e eleva frete\"}]},{\"@type\":\"WebSite\",\"@id\":\"https:\\\/\\\/motorista.com.br\\\/noticias\\\/#website\",\"url\":\"https:\\\/\\\/motorista.com.br\\\/noticias\\\/\",\"name\":\"Motorista.com.br\",\"description\":\"Not\u00edcia do Motorista\",\"publisher\":{\"@id\":\"https:\\\/\\\/motorista.com.br\\\/noticias\\\/#organization\"},\"potentialAction\":[{\"@type\":\"SearchAction\",\"target\":{\"@type\":\"EntryPoint\",\"urlTemplate\":\"https:\\\/\\\/motorista.com.br\\\/noticias\\\/?s={search_term_string}\"},\"query-input\":{\"@type\":\"PropertyValueSpecification\",\"valueRequired\":true,\"valueName\":\"search_term_string\"}}],\"inLanguage\":\"pt-BR\"},{\"@type\":\"Organization\",\"@id\":\"https:\\\/\\\/motorista.com.br\\\/noticias\\\/#organization\",\"name\":\"Motorista.com.br\",\"url\":\"https:\\\/\\\/motorista.com.br\\\/noticias\\\/\",\"logo\":{\"@type\":\"ImageObject\",\"inLanguage\":\"pt-BR\",\"@id\":\"https:\\\/\\\/motorista.com.br\\\/noticias\\\/#\\\/schema\\\/logo\\\/image\\\/\",\"url\":\"https:\\\/\\\/motorista.com.br\\\/noticias\\\/wp-content\\\/uploads\\\/2025\\\/06\\\/Design-sem-nome-9.png\",\"contentUrl\":\"https:\\\/\\\/motorista.com.br\\\/noticias\\\/wp-content\\\/uploads\\\/2025\\\/06\\\/Design-sem-nome-9.png\",\"width\":150,\"height\":85,\"caption\":\"Motorista.com.br\"},\"image\":{\"@id\":\"https:\\\/\\\/motorista.com.br\\\/noticias\\\/#\\\/schema\\\/logo\\\/image\\\/\"}},{\"@type\":\"Person\",\"@id\":\"https:\\\/\\\/motorista.com.br\\\/noticias\\\/#\\\/schema\\\/person\\\/dc93afc2981c0e3ce6bc3c053fd847be\",\"name\":\"Equipe Reda\u00e7\u00e3o\",\"image\":{\"@type\":\"ImageObject\",\"inLanguage\":\"pt-BR\",\"@id\":\"https:\\\/\\\/secure.gravatar.com\\\/avatar\\\/4f525efbf18dd2bb300ccad28bfb99d95a9465a5ba268407c8c37b37e1f28d2d?s=96&d=mm&r=g9e099043a0c61e9ae27e293b9fa75ffc\",\"url\":\"https:\\\/\\\/secure.gravatar.com\\\/avatar\\\/4f525efbf18dd2bb300ccad28bfb99d95a9465a5ba268407c8c37b37e1f28d2d?s=96&d=mm&r=g\",\"contentUrl\":\"https:\\\/\\\/secure.gravatar.com\\\/avatar\\\/4f525efbf18dd2bb300ccad28bfb99d95a9465a5ba268407c8c37b37e1f28d2d?s=96&d=mm&r=g\",\"caption\":\"Equipe Reda\u00e7\u00e3o\"},\"description\":\"Equipe de reda\u00e7\u00e3o \u00e9 um grupo de profissionais que trabalham juntos para criar conte\u00fado escrito para Motorista.com.br\",\"url\":\"https:\\\/\\\/motorista.com.br\\\/noticias\\\/author\\\/equiperedacao\\\/\"}]}<\/script>\n<!-- \/ Yoast SEO Premium plugin. -->","yoast_head_json":{"title":"Caminh\u00e3o parado pode gerar at\u00e9 R$ 4 mil di\u00e1rios e eleva frete - Motorista.com.br","robots":{"index":"index","follow":"follow","max-snippet":"max-snippet:-1","max-image-preview":"max-image-preview:large","max-video-preview":"max-video-preview:-1"},"canonical":"https:\/\/motorista.com.br\/noticias\/2026\/04\/29\/caminhao-parado-pode-gerar-ate-r-4-mil-diarios-e-eleva-frete\/","og_locale":"pt_BR","og_type":"article","og_title":"Caminh\u00e3o parado pode gerar at\u00e9 R$ 4 mil di\u00e1rios e eleva frete","og_description":"Caminh\u00e3o parado custa at\u00e9 R$ 4 mil por dia e dispara custo do frete \u2013 SETCESP Feriados em dias \u00fateis ampliam ociosidade e pressionam resultado das transportadoras O transporte rodovi\u00e1rio de cargas come\u00e7a 2026 enfrentando um desafio inusitado: a influ\u00eancia do calend\u00e1rio. Com nove feriados nacionais caindo em dias \u00fateis, o setor se depara com &hellip;","og_url":"https:\/\/motorista.com.br\/noticias\/2026\/04\/29\/caminhao-parado-pode-gerar-ate-r-4-mil-diarios-e-eleva-frete\/","og_site_name":"Motorista.com.br","article_published_time":"2026-04-29T17:30:28+00:00","author":"Equipe Reda\u00e7\u00e3o","twitter_card":"summary_large_image","twitter_misc":{"Escrito por":"Equipe Reda\u00e7\u00e3o","Est. tempo de leitura":"2 minutos","Written by":"Equipe Reda\u00e7\u00e3o"},"schema":{"@context":"https:\/\/schema.org","@graph":[{"@type":"Article","@id":"https:\/\/motorista.com.br\/noticias\/2026\/04\/29\/caminhao-parado-pode-gerar-ate-r-4-mil-diarios-e-eleva-frete\/#article","isPartOf":{"@id":"https:\/\/motorista.com.br\/noticias\/2026\/04\/29\/caminhao-parado-pode-gerar-ate-r-4-mil-diarios-e-eleva-frete\/"},"author":{"name":"Equipe Reda\u00e7\u00e3o","@id":"https:\/\/motorista.com.br\/noticias\/#\/schema\/person\/dc93afc2981c0e3ce6bc3c053fd847be"},"headline":"Caminh\u00e3o parado pode gerar at\u00e9 R$ 4 mil di\u00e1rios e eleva frete","datePublished":"2026-04-29T17:30:28+00:00","mainEntityOfPage":{"@id":"https:\/\/motorista.com.br\/noticias\/2026\/04\/29\/caminhao-parado-pode-gerar-ate-r-4-mil-diarios-e-eleva-frete\/"},"wordCount":474,"publisher":{"@id":"https:\/\/motorista.com.br\/noticias\/#organization"},"image":{"@id":"https:\/\/motorista.com.br\/noticias\/2026\/04\/29\/caminhao-parado-pode-gerar-ate-r-4-mil-diarios-e-eleva-frete\/#primaryimage"},"thumbnailUrl":"https:\/\/motorista.com.br\/noticias\/wp-content\/uploads\/2026\/04\/016.png","articleSection":["Log\u00edstica"],"inLanguage":"pt-BR"},{"@type":"WebPage","@id":"https:\/\/motorista.com.br\/noticias\/2026\/04\/29\/caminhao-parado-pode-gerar-ate-r-4-mil-diarios-e-eleva-frete\/","url":"https:\/\/motorista.com.br\/noticias\/2026\/04\/29\/caminhao-parado-pode-gerar-ate-r-4-mil-diarios-e-eleva-frete\/","name":"Caminh\u00e3o parado pode gerar at\u00e9 R$ 4 mil di\u00e1rios e eleva frete - Motorista.com.br","isPartOf":{"@id":"https:\/\/motorista.com.br\/noticias\/#website"},"primaryImageOfPage":{"@id":"https:\/\/motorista.com.br\/noticias\/2026\/04\/29\/caminhao-parado-pode-gerar-ate-r-4-mil-diarios-e-eleva-frete\/#primaryimage"},"image":{"@id":"https:\/\/motorista.com.br\/noticias\/2026\/04\/29\/caminhao-parado-pode-gerar-ate-r-4-mil-diarios-e-eleva-frete\/#primaryimage"},"thumbnailUrl":"https:\/\/motorista.com.br\/noticias\/wp-content\/uploads\/2026\/04\/016.png","datePublished":"2026-04-29T17:30:28+00:00","breadcrumb":{"@id":"https:\/\/motorista.com.br\/noticias\/2026\/04\/29\/caminhao-parado-pode-gerar-ate-r-4-mil-diarios-e-eleva-frete\/#breadcrumb"},"inLanguage":"pt-BR","potentialAction":[{"@type":"ReadAction","target":["https:\/\/motorista.com.br\/noticias\/2026\/04\/29\/caminhao-parado-pode-gerar-ate-r-4-mil-diarios-e-eleva-frete\/"]}]},{"@type":"ImageObject","inLanguage":"pt-BR","@id":"https:\/\/motorista.com.br\/noticias\/2026\/04\/29\/caminhao-parado-pode-gerar-ate-r-4-mil-diarios-e-eleva-frete\/#primaryimage","url":"https:\/\/motorista.com.br\/noticias\/wp-content\/uploads\/2026\/04\/016.png","contentUrl":"https:\/\/motorista.com.br\/noticias\/wp-content\/uploads\/2026\/04\/016.png","width":1400,"height":700},{"@type":"BreadcrumbList","@id":"https:\/\/motorista.com.br\/noticias\/2026\/04\/29\/caminhao-parado-pode-gerar-ate-r-4-mil-diarios-e-eleva-frete\/#breadcrumb","itemListElement":[{"@type":"ListItem","position":1,"name":"In\u00edcio","item":"https:\/\/motorista.com.br\/noticias\/"},{"@type":"ListItem","position":2,"name":"Caminh\u00e3o parado pode gerar at\u00e9 R$ 4 mil di\u00e1rios e eleva frete"}]},{"@type":"WebSite","@id":"https:\/\/motorista.com.br\/noticias\/#website","url":"https:\/\/motorista.com.br\/noticias\/","name":"Motorista.com.br","description":"Not\u00edcia do Motorista","publisher":{"@id":"https:\/\/motorista.com.br\/noticias\/#organization"},"potentialAction":[{"@type":"SearchAction","target":{"@type":"EntryPoint","urlTemplate":"https:\/\/motorista.com.br\/noticias\/?s={search_term_string}"},"query-input":{"@type":"PropertyValueSpecification","valueRequired":true,"valueName":"search_term_string"}}],"inLanguage":"pt-BR"},{"@type":"Organization","@id":"https:\/\/motorista.com.br\/noticias\/#organization","name":"Motorista.com.br","url":"https:\/\/motorista.com.br\/noticias\/","logo":{"@type":"ImageObject","inLanguage":"pt-BR","@id":"https:\/\/motorista.com.br\/noticias\/#\/schema\/logo\/image\/","url":"https:\/\/motorista.com.br\/noticias\/wp-content\/uploads\/2025\/06\/Design-sem-nome-9.png","contentUrl":"https:\/\/motorista.com.br\/noticias\/wp-content\/uploads\/2025\/06\/Design-sem-nome-9.png","width":150,"height":85,"caption":"Motorista.com.br"},"image":{"@id":"https:\/\/motorista.com.br\/noticias\/#\/schema\/logo\/image\/"}},{"@type":"Person","@id":"https:\/\/motorista.com.br\/noticias\/#\/schema\/person\/dc93afc2981c0e3ce6bc3c053fd847be","name":"Equipe Reda\u00e7\u00e3o","image":{"@type":"ImageObject","inLanguage":"pt-BR","@id":"https:\/\/secure.gravatar.com\/avatar\/4f525efbf18dd2bb300ccad28bfb99d95a9465a5ba268407c8c37b37e1f28d2d?s=96&d=mm&r=g9e099043a0c61e9ae27e293b9fa75ffc","url":"https:\/\/secure.gravatar.com\/avatar\/4f525efbf18dd2bb300ccad28bfb99d95a9465a5ba268407c8c37b37e1f28d2d?s=96&d=mm&r=g","contentUrl":"https:\/\/secure.gravatar.com\/avatar\/4f525efbf18dd2bb300ccad28bfb99d95a9465a5ba268407c8c37b37e1f28d2d?s=96&d=mm&r=g","caption":"Equipe Reda\u00e7\u00e3o"},"description":"Equipe de reda\u00e7\u00e3o \u00e9 um grupo de profissionais que trabalham juntos para criar conte\u00fado escrito para Motorista.com.br","url":"https:\/\/motorista.com.br\/noticias\/author\/equiperedacao\/"}]}},"_links":{"self":[{"href":"https:\/\/motorista.com.br\/noticias\/wp-json\/wp\/v2\/posts\/9329","targetHints":{"allow":["GET"]}}],"collection":[{"href":"https:\/\/motorista.com.br\/noticias\/wp-json\/wp\/v2\/posts"}],"about":[{"href":"https:\/\/motorista.com.br\/noticias\/wp-json\/wp\/v2\/types\/post"}],"author":[{"embeddable":true,"href":"https:\/\/motorista.com.br\/noticias\/wp-json\/wp\/v2\/users\/4"}],"replies":[{"embeddable":true,"href":"https:\/\/motorista.com.br\/noticias\/wp-json\/wp\/v2\/comments?post=9329"}],"version-history":[{"count":0,"href":"https:\/\/motorista.com.br\/noticias\/wp-json\/wp\/v2\/posts\/9329\/revisions"}],"wp:featuredmedia":[{"embeddable":true,"href":"https:\/\/motorista.com.br\/noticias\/wp-json\/wp\/v2\/media\/9330"}],"wp:attachment":[{"href":"https:\/\/motorista.com.br\/noticias\/wp-json\/wp\/v2\/media?parent=9329"}],"wp:term":[{"taxonomy":"category","embeddable":true,"href":"https:\/\/motorista.com.br\/noticias\/wp-json\/wp\/v2\/categories?post=9329"},{"taxonomy":"post_tag","embeddable":true,"href":"https:\/\/motorista.com.br\/noticias\/wp-json\/wp\/v2\/tags?post=9329"},{"taxonomy":"author","embeddable":true,"href":"https:\/\/motorista.com.br\/noticias\/wp-json\/wp\/v2\/coauthors?post=9329"}],"curies":[{"name":"wp","href":"https:\/\/api.w.org\/{rel}","templated":true}]}}