{"id":9327,"date":"2026-04-29T14:26:34","date_gmt":"2026-04-29T17:26:34","guid":{"rendered":"https:\/\/motorista.com.br\/noticias\/2026\/04\/29\/motoristas-pagam-r-350-mensais-e-faturam-ate-r-8-mil-no-interior-do-rs\/"},"modified":"2026-04-29T14:26:34","modified_gmt":"2026-04-29T17:26:34","slug":"motoristas-pagam-r-350-mensais-e-faturam-ate-r-8-mil-no-interior-do-rs","status":"publish","type":"post","link":"https:\/\/motorista.com.br\/noticias\/2026\/04\/29\/motoristas-pagam-r-350-mensais-e-faturam-ate-r-8-mil-no-interior-do-rs\/","title":{"rendered":"Motoristas pagam R$ 350 mensais e faturam at\u00e9 R$ 8 mil no interior do RS."},"content":{"rendered":"<p><\/p>\n<h3>Helpcar: motoristas pagam R$ 350 por m\u00eas e chegam a faturar at\u00e9 R$ 8 mil em Itaqui, RS<\/h3>\n<p>A Helpcar, criada por Eliza Guterres, representa uma transforma\u00e7\u00e3o significativa no cen\u00e1rio de mobilidade urbana em Itaqui, no interior do Rio Grande do Sul. Ao emergir de um contexto desafiador, a plataforma revolucionou a forma como os motoristas e passageiros interagem com o transporte, trazendo implica\u00e7\u00f5es diretas para a economia local e para a mobilidade urbana.<\/p>\n<p>Com 57 motoristas ativos e aproximadamente 18 mil corridas mensais, a Helpcar n\u00e3o apenas oferece uma alternativa de transporte mais acess\u00edvel \u2014 com corridas a partir de R$ 12 \u2014 como tamb\u00e9m permite que motoristas faturam entre R$ 3 mil a R$ 8 mil mensais, dependendo de sua dedica\u00e7\u00e3o e do tipo de ve\u00edculo utilizado. Isso refor\u00e7a a relev\u00e2ncia da empresa na gera\u00e7\u00e3o de renda adicional, especialmente em uma localidade onde o custo das corridas no passado era elevado e inacess\u00edvel para muitos.<\/p>\n<p>Eliza come\u00e7ou sua trajet\u00f3ria na mobilidade urbana em um cen\u00e1rio onde os valores cobrados pelos t\u00e1xis eram exorbitantes. Sua iniciativa, motivada pela necessidade e pela busca por autonomia, destaca a import\u00e2ncia do empreendedorismo na cria\u00e7\u00e3o de oportunidades de trabalho. O modelo de neg\u00f3cio da Helpcar, baseado em uma mensalidade de R$ 350, oferece uma estrutura que, al\u00e9m de ser sustent\u00e1vel, proporciona seguran\u00e7a econ\u00f4mica aos motoristas.<\/p>\n<p>Um dos impactos mais vis\u00edveis da Helpcar \u00e9 na mobilidade geral da regi\u00e3o. A plataforma promove um aumento no acesso ao transporte, que \u00e9 essencial para a movimenta\u00e7\u00e3o da popula\u00e7\u00e3o, facilitando a vida de quem depende desse servi\u00e7o para trabalhar, estudar ou realizar atividades cotidianas. O crescimento do n\u00famero de corridas reflete n\u00e3o apenas a confian\u00e7a dos usu\u00e1rios, mas tamb\u00e9m o fortalecimento da economia local, que j\u00e1 movimenta cerca de R$ 150 mil por m\u00eas.<\/p>\n<p>Al\u00e9m disso, a hist\u00f3ria de Eliza serve como um poderoso exemplo de resili\u00eancia e lideran\u00e7a feminina. Sua trajet\u00f3ria inspira outras mulheres a se aventurarem no empreendedorismo, mostrando que \u00e9 poss\u00edvel conquistar espa\u00e7o em um setor dominado tradicionalmente por homens. Essa mudan\u00e7a de paradigma n\u00e3o s\u00f3 enriquece a diversidade no mercado, mas tamb\u00e9m pode impulsionar um ambiente de neg\u00f3cios mais inclusivo e din\u00e2mico.<\/p>\n<p>Os desafios enfrentados, como as varia\u00e7\u00f5es no fluxo de demanda devido a enchentes e a concorr\u00eancia desleal com servi\u00e7os clandestinos, ressaltam a import\u00e2ncia de um mercado de transporte organizado e regulado, que valorize as opera\u00e7\u00f5es leg\u00edtimas e que trabalhe pela seguran\u00e7a de todos os participantes.<\/p>\n<p>O horizonte para a Helpcar e para a mobilidade em Itaqui \u00e9 promissor. O foco em qualidade, gest\u00e3o eficiente e no fortalecimento da confian\u00e7a dos motoristas e passageiros \u00e9 um legado que n\u00e3o s\u00f3 transforma a realidade do transportador, mas tamb\u00e9m redefine o conceito de mobilidade urbana na cidade, mostrando que um neg\u00f3cio pode ser bem-sucedido ao priorizar a colabora\u00e7\u00e3o e a integridade.<\/p>\n<p>Por fim, a hist\u00f3ria da Helpcar exemplifica como a inova\u00e7\u00e3o e a coragem de empreender podem n\u00e3o apenas melhorar as condi\u00e7\u00f5es econ\u00f4micas de indiv\u00edduos, mas tamb\u00e9m contribuir para um ambiente de mobilidade mais acess\u00edvel e eficiente para toda a comunidade.<\/p>\n","protected":false},"excerpt":{"rendered":"<p>Helpcar: motoristas pagam R$ 350 por m\u00eas e chegam a faturar at\u00e9 R$ 8 mil em Itaqui, RS A Helpcar, criada por Eliza Guterres, representa uma transforma\u00e7\u00e3o significativa no cen\u00e1rio de mobilidade urbana em Itaqui, no interior do Rio Grande do Sul. Ao emergir de um contexto desafiador, a plataforma revolucionou a forma como os &hellip;<\/p>\n","protected":false},"author":4,"featured_media":9328,"comment_status":"","ping_status":"open","sticky":false,"template":"","format":"standard","meta":{"footnotes":""},"categories":[49,77],"tags":[],"coauthors":[42],"class_list":["post-9327","post","type-post","status-publish","format-standard","has-post-thumbnail","hentry","category-aplicativos","category-motorista"],"yoast_head":"<!-- This site is optimized with the Yoast SEO Premium plugin v25.5 (Yoast SEO v27.5) - https:\/\/yoast.com\/product\/yoast-seo-premium-wordpress\/ -->\n<title>Motoristas pagam R$ 350 mensais e faturam at\u00e9 R$ 8 mil no interior do RS. - Motorista.com.br<\/title>\n<meta name=\"robots\" content=\"index, follow, max-snippet:-1, max-image-preview:large, max-video-preview:-1\" \/>\n<link rel=\"canonical\" href=\"https:\/\/motorista.com.br\/noticias\/2026\/04\/29\/motoristas-pagam-r-350-mensais-e-faturam-ate-r-8-mil-no-interior-do-rs\/\" \/>\n<meta property=\"og:locale\" content=\"pt_BR\" \/>\n<meta property=\"og:type\" content=\"article\" \/>\n<meta property=\"og:title\" content=\"Motoristas pagam R$ 350 mensais e faturam at\u00e9 R$ 8 mil no interior do RS.\" \/>\n<meta property=\"og:description\" content=\"Helpcar: motoristas pagam R$ 350 por m\u00eas e chegam a faturar at\u00e9 R$ 8 mil em Itaqui, RS A Helpcar, criada por Eliza Guterres, representa uma transforma\u00e7\u00e3o significativa no cen\u00e1rio de mobilidade urbana em Itaqui, no interior do Rio Grande do Sul. Ao emergir de um contexto desafiador, a plataforma revolucionou a forma como os &hellip;\" \/>\n<meta property=\"og:url\" content=\"https:\/\/motorista.com.br\/noticias\/2026\/04\/29\/motoristas-pagam-r-350-mensais-e-faturam-ate-r-8-mil-no-interior-do-rs\/\" \/>\n<meta property=\"og:site_name\" content=\"Motorista.com.br\" \/>\n<meta property=\"article:published_time\" content=\"2026-04-29T17:26:34+00:00\" \/>\n<meta name=\"author\" content=\"Equipe Reda\u00e7\u00e3o\" \/>\n<meta name=\"twitter:card\" content=\"summary_large_image\" \/>\n<meta name=\"twitter:label1\" content=\"Escrito por\" \/>\n\t<meta name=\"twitter:data1\" content=\"Equipe Reda\u00e7\u00e3o\" \/>\n\t<meta name=\"twitter:label2\" content=\"Est. tempo de leitura\" \/>\n\t<meta name=\"twitter:data2\" content=\"3 minutos\" \/>\n\t<meta name=\"twitter:label3\" content=\"Written by\" \/>\n\t<meta name=\"twitter:data3\" content=\"Equipe Reda\u00e7\u00e3o\" \/>\n<script type=\"application\/ld+json\" class=\"yoast-schema-graph\">{\"@context\":\"https:\\\/\\\/schema.org\",\"@graph\":[{\"@type\":\"Article\",\"@id\":\"https:\\\/\\\/motorista.com.br\\\/noticias\\\/2026\\\/04\\\/29\\\/motoristas-pagam-r-350-mensais-e-faturam-ate-r-8-mil-no-interior-do-rs\\\/#article\",\"isPartOf\":{\"@id\":\"https:\\\/\\\/motorista.com.br\\\/noticias\\\/2026\\\/04\\\/29\\\/motoristas-pagam-r-350-mensais-e-faturam-ate-r-8-mil-no-interior-do-rs\\\/\"},\"author\":{\"name\":\"Equipe Reda\u00e7\u00e3o\",\"@id\":\"https:\\\/\\\/motorista.com.br\\\/noticias\\\/#\\\/schema\\\/person\\\/dc93afc2981c0e3ce6bc3c053fd847be\"},\"headline\":\"Motoristas pagam R$ 350 mensais e faturam at\u00e9 R$ 8 mil no interior do RS.\",\"datePublished\":\"2026-04-29T17:26:34+00:00\",\"mainEntityOfPage\":{\"@id\":\"https:\\\/\\\/motorista.com.br\\\/noticias\\\/2026\\\/04\\\/29\\\/motoristas-pagam-r-350-mensais-e-faturam-ate-r-8-mil-no-interior-do-rs\\\/\"},\"wordCount\":572,\"publisher\":{\"@id\":\"https:\\\/\\\/motorista.com.br\\\/noticias\\\/#organization\"},\"image\":{\"@id\":\"https:\\\/\\\/motorista.com.br\\\/noticias\\\/2026\\\/04\\\/29\\\/motoristas-pagam-r-350-mensais-e-faturam-ate-r-8-mil-no-interior-do-rs\\\/#primaryimage\"},\"thumbnailUrl\":\"https:\\\/\\\/motorista.com.br\\\/noticias\\\/wp-content\\\/uploads\\\/2026\\\/04\\\/WhatsApp-Image-2026-04-14-at-15.12.58.jpeg\",\"articleSection\":[\"Aplicativos\",\"Motorista\"],\"inLanguage\":\"pt-BR\"},{\"@type\":\"WebPage\",\"@id\":\"https:\\\/\\\/motorista.com.br\\\/noticias\\\/2026\\\/04\\\/29\\\/motoristas-pagam-r-350-mensais-e-faturam-ate-r-8-mil-no-interior-do-rs\\\/\",\"url\":\"https:\\\/\\\/motorista.com.br\\\/noticias\\\/2026\\\/04\\\/29\\\/motoristas-pagam-r-350-mensais-e-faturam-ate-r-8-mil-no-interior-do-rs\\\/\",\"name\":\"Motoristas pagam R$ 350 mensais e faturam at\u00e9 R$ 8 mil no interior do RS. - Motorista.com.br\",\"isPartOf\":{\"@id\":\"https:\\\/\\\/motorista.com.br\\\/noticias\\\/#website\"},\"primaryImageOfPage\":{\"@id\":\"https:\\\/\\\/motorista.com.br\\\/noticias\\\/2026\\\/04\\\/29\\\/motoristas-pagam-r-350-mensais-e-faturam-ate-r-8-mil-no-interior-do-rs\\\/#primaryimage\"},\"image\":{\"@id\":\"https:\\\/\\\/motorista.com.br\\\/noticias\\\/2026\\\/04\\\/29\\\/motoristas-pagam-r-350-mensais-e-faturam-ate-r-8-mil-no-interior-do-rs\\\/#primaryimage\"},\"thumbnailUrl\":\"https:\\\/\\\/motorista.com.br\\\/noticias\\\/wp-content\\\/uploads\\\/2026\\\/04\\\/WhatsApp-Image-2026-04-14-at-15.12.58.jpeg\",\"datePublished\":\"2026-04-29T17:26:34+00:00\",\"breadcrumb\":{\"@id\":\"https:\\\/\\\/motorista.com.br\\\/noticias\\\/2026\\\/04\\\/29\\\/motoristas-pagam-r-350-mensais-e-faturam-ate-r-8-mil-no-interior-do-rs\\\/#breadcrumb\"},\"inLanguage\":\"pt-BR\",\"potentialAction\":[{\"@type\":\"ReadAction\",\"target\":[\"https:\\\/\\\/motorista.com.br\\\/noticias\\\/2026\\\/04\\\/29\\\/motoristas-pagam-r-350-mensais-e-faturam-ate-r-8-mil-no-interior-do-rs\\\/\"]}]},{\"@type\":\"ImageObject\",\"inLanguage\":\"pt-BR\",\"@id\":\"https:\\\/\\\/motorista.com.br\\\/noticias\\\/2026\\\/04\\\/29\\\/motoristas-pagam-r-350-mensais-e-faturam-ate-r-8-mil-no-interior-do-rs\\\/#primaryimage\",\"url\":\"https:\\\/\\\/motorista.com.br\\\/noticias\\\/wp-content\\\/uploads\\\/2026\\\/04\\\/WhatsApp-Image-2026-04-14-at-15.12.58.jpeg\",\"contentUrl\":\"https:\\\/\\\/motorista.com.br\\\/noticias\\\/wp-content\\\/uploads\\\/2026\\\/04\\\/WhatsApp-Image-2026-04-14-at-15.12.58.jpeg\",\"width\":1143,\"height\":1600},{\"@type\":\"BreadcrumbList\",\"@id\":\"https:\\\/\\\/motorista.com.br\\\/noticias\\\/2026\\\/04\\\/29\\\/motoristas-pagam-r-350-mensais-e-faturam-ate-r-8-mil-no-interior-do-rs\\\/#breadcrumb\",\"itemListElement\":[{\"@type\":\"ListItem\",\"position\":1,\"name\":\"In\u00edcio\",\"item\":\"https:\\\/\\\/motorista.com.br\\\/noticias\\\/\"},{\"@type\":\"ListItem\",\"position\":2,\"name\":\"Motoristas pagam R$ 350 mensais e faturam at\u00e9 R$ 8 mil no interior do RS.\"}]},{\"@type\":\"WebSite\",\"@id\":\"https:\\\/\\\/motorista.com.br\\\/noticias\\\/#website\",\"url\":\"https:\\\/\\\/motorista.com.br\\\/noticias\\\/\",\"name\":\"Motorista.com.br\",\"description\":\"Not\u00edcia do Motorista\",\"publisher\":{\"@id\":\"https:\\\/\\\/motorista.com.br\\\/noticias\\\/#organization\"},\"potentialAction\":[{\"@type\":\"SearchAction\",\"target\":{\"@type\":\"EntryPoint\",\"urlTemplate\":\"https:\\\/\\\/motorista.com.br\\\/noticias\\\/?s={search_term_string}\"},\"query-input\":{\"@type\":\"PropertyValueSpecification\",\"valueRequired\":true,\"valueName\":\"search_term_string\"}}],\"inLanguage\":\"pt-BR\"},{\"@type\":\"Organization\",\"@id\":\"https:\\\/\\\/motorista.com.br\\\/noticias\\\/#organization\",\"name\":\"Motorista.com.br\",\"url\":\"https:\\\/\\\/motorista.com.br\\\/noticias\\\/\",\"logo\":{\"@type\":\"ImageObject\",\"inLanguage\":\"pt-BR\",\"@id\":\"https:\\\/\\\/motorista.com.br\\\/noticias\\\/#\\\/schema\\\/logo\\\/image\\\/\",\"url\":\"https:\\\/\\\/motorista.com.br\\\/noticias\\\/wp-content\\\/uploads\\\/2025\\\/06\\\/Design-sem-nome-9.png\",\"contentUrl\":\"https:\\\/\\\/motorista.com.br\\\/noticias\\\/wp-content\\\/uploads\\\/2025\\\/06\\\/Design-sem-nome-9.png\",\"width\":150,\"height\":85,\"caption\":\"Motorista.com.br\"},\"image\":{\"@id\":\"https:\\\/\\\/motorista.com.br\\\/noticias\\\/#\\\/schema\\\/logo\\\/image\\\/\"}},{\"@type\":\"Person\",\"@id\":\"https:\\\/\\\/motorista.com.br\\\/noticias\\\/#\\\/schema\\\/person\\\/dc93afc2981c0e3ce6bc3c053fd847be\",\"name\":\"Equipe Reda\u00e7\u00e3o\",\"image\":{\"@type\":\"ImageObject\",\"inLanguage\":\"pt-BR\",\"@id\":\"https:\\\/\\\/secure.gravatar.com\\\/avatar\\\/4f525efbf18dd2bb300ccad28bfb99d95a9465a5ba268407c8c37b37e1f28d2d?s=96&d=mm&r=g9e099043a0c61e9ae27e293b9fa75ffc\",\"url\":\"https:\\\/\\\/secure.gravatar.com\\\/avatar\\\/4f525efbf18dd2bb300ccad28bfb99d95a9465a5ba268407c8c37b37e1f28d2d?s=96&d=mm&r=g\",\"contentUrl\":\"https:\\\/\\\/secure.gravatar.com\\\/avatar\\\/4f525efbf18dd2bb300ccad28bfb99d95a9465a5ba268407c8c37b37e1f28d2d?s=96&d=mm&r=g\",\"caption\":\"Equipe Reda\u00e7\u00e3o\"},\"description\":\"Equipe de reda\u00e7\u00e3o \u00e9 um grupo de profissionais que trabalham juntos para criar conte\u00fado escrito para Motorista.com.br\",\"url\":\"https:\\\/\\\/motorista.com.br\\\/noticias\\\/author\\\/equiperedacao\\\/\"}]}<\/script>\n<!-- \/ Yoast SEO Premium plugin. -->","yoast_head_json":{"title":"Motoristas pagam R$ 350 mensais e faturam at\u00e9 R$ 8 mil no interior do RS. - Motorista.com.br","robots":{"index":"index","follow":"follow","max-snippet":"max-snippet:-1","max-image-preview":"max-image-preview:large","max-video-preview":"max-video-preview:-1"},"canonical":"https:\/\/motorista.com.br\/noticias\/2026\/04\/29\/motoristas-pagam-r-350-mensais-e-faturam-ate-r-8-mil-no-interior-do-rs\/","og_locale":"pt_BR","og_type":"article","og_title":"Motoristas pagam R$ 350 mensais e faturam at\u00e9 R$ 8 mil no interior do RS.","og_description":"Helpcar: motoristas pagam R$ 350 por m\u00eas e chegam a faturar at\u00e9 R$ 8 mil em Itaqui, RS A Helpcar, criada por Eliza Guterres, representa uma transforma\u00e7\u00e3o significativa no cen\u00e1rio de mobilidade urbana em Itaqui, no interior do Rio Grande do Sul. Ao emergir de um contexto desafiador, a plataforma revolucionou a forma como os &hellip;","og_url":"https:\/\/motorista.com.br\/noticias\/2026\/04\/29\/motoristas-pagam-r-350-mensais-e-faturam-ate-r-8-mil-no-interior-do-rs\/","og_site_name":"Motorista.com.br","article_published_time":"2026-04-29T17:26:34+00:00","author":"Equipe Reda\u00e7\u00e3o","twitter_card":"summary_large_image","twitter_misc":{"Escrito por":"Equipe Reda\u00e7\u00e3o","Est. tempo de leitura":"3 minutos","Written by":"Equipe Reda\u00e7\u00e3o"},"schema":{"@context":"https:\/\/schema.org","@graph":[{"@type":"Article","@id":"https:\/\/motorista.com.br\/noticias\/2026\/04\/29\/motoristas-pagam-r-350-mensais-e-faturam-ate-r-8-mil-no-interior-do-rs\/#article","isPartOf":{"@id":"https:\/\/motorista.com.br\/noticias\/2026\/04\/29\/motoristas-pagam-r-350-mensais-e-faturam-ate-r-8-mil-no-interior-do-rs\/"},"author":{"name":"Equipe Reda\u00e7\u00e3o","@id":"https:\/\/motorista.com.br\/noticias\/#\/schema\/person\/dc93afc2981c0e3ce6bc3c053fd847be"},"headline":"Motoristas pagam R$ 350 mensais e faturam at\u00e9 R$ 8 mil no interior do RS.","datePublished":"2026-04-29T17:26:34+00:00","mainEntityOfPage":{"@id":"https:\/\/motorista.com.br\/noticias\/2026\/04\/29\/motoristas-pagam-r-350-mensais-e-faturam-ate-r-8-mil-no-interior-do-rs\/"},"wordCount":572,"publisher":{"@id":"https:\/\/motorista.com.br\/noticias\/#organization"},"image":{"@id":"https:\/\/motorista.com.br\/noticias\/2026\/04\/29\/motoristas-pagam-r-350-mensais-e-faturam-ate-r-8-mil-no-interior-do-rs\/#primaryimage"},"thumbnailUrl":"https:\/\/motorista.com.br\/noticias\/wp-content\/uploads\/2026\/04\/WhatsApp-Image-2026-04-14-at-15.12.58.jpeg","articleSection":["Aplicativos","Motorista"],"inLanguage":"pt-BR"},{"@type":"WebPage","@id":"https:\/\/motorista.com.br\/noticias\/2026\/04\/29\/motoristas-pagam-r-350-mensais-e-faturam-ate-r-8-mil-no-interior-do-rs\/","url":"https:\/\/motorista.com.br\/noticias\/2026\/04\/29\/motoristas-pagam-r-350-mensais-e-faturam-ate-r-8-mil-no-interior-do-rs\/","name":"Motoristas pagam R$ 350 mensais e faturam at\u00e9 R$ 8 mil no interior do RS. - Motorista.com.br","isPartOf":{"@id":"https:\/\/motorista.com.br\/noticias\/#website"},"primaryImageOfPage":{"@id":"https:\/\/motorista.com.br\/noticias\/2026\/04\/29\/motoristas-pagam-r-350-mensais-e-faturam-ate-r-8-mil-no-interior-do-rs\/#primaryimage"},"image":{"@id":"https:\/\/motorista.com.br\/noticias\/2026\/04\/29\/motoristas-pagam-r-350-mensais-e-faturam-ate-r-8-mil-no-interior-do-rs\/#primaryimage"},"thumbnailUrl":"https:\/\/motorista.com.br\/noticias\/wp-content\/uploads\/2026\/04\/WhatsApp-Image-2026-04-14-at-15.12.58.jpeg","datePublished":"2026-04-29T17:26:34+00:00","breadcrumb":{"@id":"https:\/\/motorista.com.br\/noticias\/2026\/04\/29\/motoristas-pagam-r-350-mensais-e-faturam-ate-r-8-mil-no-interior-do-rs\/#breadcrumb"},"inLanguage":"pt-BR","potentialAction":[{"@type":"ReadAction","target":["https:\/\/motorista.com.br\/noticias\/2026\/04\/29\/motoristas-pagam-r-350-mensais-e-faturam-ate-r-8-mil-no-interior-do-rs\/"]}]},{"@type":"ImageObject","inLanguage":"pt-BR","@id":"https:\/\/motorista.com.br\/noticias\/2026\/04\/29\/motoristas-pagam-r-350-mensais-e-faturam-ate-r-8-mil-no-interior-do-rs\/#primaryimage","url":"https:\/\/motorista.com.br\/noticias\/wp-content\/uploads\/2026\/04\/WhatsApp-Image-2026-04-14-at-15.12.58.jpeg","contentUrl":"https:\/\/motorista.com.br\/noticias\/wp-content\/uploads\/2026\/04\/WhatsApp-Image-2026-04-14-at-15.12.58.jpeg","width":1143,"height":1600},{"@type":"BreadcrumbList","@id":"https:\/\/motorista.com.br\/noticias\/2026\/04\/29\/motoristas-pagam-r-350-mensais-e-faturam-ate-r-8-mil-no-interior-do-rs\/#breadcrumb","itemListElement":[{"@type":"ListItem","position":1,"name":"In\u00edcio","item":"https:\/\/motorista.com.br\/noticias\/"},{"@type":"ListItem","position":2,"name":"Motoristas pagam R$ 350 mensais e faturam at\u00e9 R$ 8 mil no interior do RS."}]},{"@type":"WebSite","@id":"https:\/\/motorista.com.br\/noticias\/#website","url":"https:\/\/motorista.com.br\/noticias\/","name":"Motorista.com.br","description":"Not\u00edcia do Motorista","publisher":{"@id":"https:\/\/motorista.com.br\/noticias\/#organization"},"potentialAction":[{"@type":"SearchAction","target":{"@type":"EntryPoint","urlTemplate":"https:\/\/motorista.com.br\/noticias\/?s={search_term_string}"},"query-input":{"@type":"PropertyValueSpecification","valueRequired":true,"valueName":"search_term_string"}}],"inLanguage":"pt-BR"},{"@type":"Organization","@id":"https:\/\/motorista.com.br\/noticias\/#organization","name":"Motorista.com.br","url":"https:\/\/motorista.com.br\/noticias\/","logo":{"@type":"ImageObject","inLanguage":"pt-BR","@id":"https:\/\/motorista.com.br\/noticias\/#\/schema\/logo\/image\/","url":"https:\/\/motorista.com.br\/noticias\/wp-content\/uploads\/2025\/06\/Design-sem-nome-9.png","contentUrl":"https:\/\/motorista.com.br\/noticias\/wp-content\/uploads\/2025\/06\/Design-sem-nome-9.png","width":150,"height":85,"caption":"Motorista.com.br"},"image":{"@id":"https:\/\/motorista.com.br\/noticias\/#\/schema\/logo\/image\/"}},{"@type":"Person","@id":"https:\/\/motorista.com.br\/noticias\/#\/schema\/person\/dc93afc2981c0e3ce6bc3c053fd847be","name":"Equipe Reda\u00e7\u00e3o","image":{"@type":"ImageObject","inLanguage":"pt-BR","@id":"https:\/\/secure.gravatar.com\/avatar\/4f525efbf18dd2bb300ccad28bfb99d95a9465a5ba268407c8c37b37e1f28d2d?s=96&d=mm&r=g9e099043a0c61e9ae27e293b9fa75ffc","url":"https:\/\/secure.gravatar.com\/avatar\/4f525efbf18dd2bb300ccad28bfb99d95a9465a5ba268407c8c37b37e1f28d2d?s=96&d=mm&r=g","contentUrl":"https:\/\/secure.gravatar.com\/avatar\/4f525efbf18dd2bb300ccad28bfb99d95a9465a5ba268407c8c37b37e1f28d2d?s=96&d=mm&r=g","caption":"Equipe Reda\u00e7\u00e3o"},"description":"Equipe de reda\u00e7\u00e3o \u00e9 um grupo de profissionais que trabalham juntos para criar conte\u00fado escrito para Motorista.com.br","url":"https:\/\/motorista.com.br\/noticias\/author\/equiperedacao\/"}]}},"_links":{"self":[{"href":"https:\/\/motorista.com.br\/noticias\/wp-json\/wp\/v2\/posts\/9327","targetHints":{"allow":["GET"]}}],"collection":[{"href":"https:\/\/motorista.com.br\/noticias\/wp-json\/wp\/v2\/posts"}],"about":[{"href":"https:\/\/motorista.com.br\/noticias\/wp-json\/wp\/v2\/types\/post"}],"author":[{"embeddable":true,"href":"https:\/\/motorista.com.br\/noticias\/wp-json\/wp\/v2\/users\/4"}],"replies":[{"embeddable":true,"href":"https:\/\/motorista.com.br\/noticias\/wp-json\/wp\/v2\/comments?post=9327"}],"version-history":[{"count":0,"href":"https:\/\/motorista.com.br\/noticias\/wp-json\/wp\/v2\/posts\/9327\/revisions"}],"wp:featuredmedia":[{"embeddable":true,"href":"https:\/\/motorista.com.br\/noticias\/wp-json\/wp\/v2\/media\/9328"}],"wp:attachment":[{"href":"https:\/\/motorista.com.br\/noticias\/wp-json\/wp\/v2\/media?parent=9327"}],"wp:term":[{"taxonomy":"category","embeddable":true,"href":"https:\/\/motorista.com.br\/noticias\/wp-json\/wp\/v2\/categories?post=9327"},{"taxonomy":"post_tag","embeddable":true,"href":"https:\/\/motorista.com.br\/noticias\/wp-json\/wp\/v2\/tags?post=9327"},{"taxonomy":"author","embeddable":true,"href":"https:\/\/motorista.com.br\/noticias\/wp-json\/wp\/v2\/coauthors?post=9327"}],"curies":[{"name":"wp","href":"https:\/\/api.w.org\/{rel}","templated":true}]}}