{"id":9325,"date":"2026-04-29T13:58:19","date_gmt":"2026-04-29T16:58:19","guid":{"rendered":"https:\/\/motorista.com.br\/noticias\/2026\/04\/29\/montadora-chinesa-visa-ser-um-hibrido-entre-toyota-e-tesla\/"},"modified":"2026-04-29T13:58:19","modified_gmt":"2026-04-29T16:58:19","slug":"montadora-chinesa-visa-ser-um-hibrido-entre-toyota-e-tesla","status":"publish","type":"post","link":"https:\/\/motorista.com.br\/noticias\/2026\/04\/29\/montadora-chinesa-visa-ser-um-hibrido-entre-toyota-e-tesla\/","title":{"rendered":"Montadora chinesa visa ser um h\u00edbrido entre Toyota e Tesla."},"content":{"rendered":"<p><\/p>\n<h2>Montadora Chinesa Quer Ser Uma Mistura de Toyota com Tesla<\/h2>\n<p>A <strong>Chery<\/strong>, que se destaca como l\u00edder nas exporta\u00e7\u00f5es de ve\u00edculos na China, apresentou um plano ambicioso para aumentar sua competitividade no mercado global. Em uma declara\u00e7\u00e3o recente, o presidente da companhia, Yin Tongyue, compartilhou que a montadora busca inspira\u00e7\u00e3o em duas das maiores refer\u00eancias do setor automotivo: a japonesa <strong>Toyota<\/strong> e a norte-americana <strong>Tesla<\/strong>.<\/p>\n<h3>Estrat\u00e9gia \u201cDouble T\u201d: Qualidade e Inova\u00e7\u00e3o<\/h3>\n<p>Com o nome de \u201cDouble T\u201d (T em dobro, representando Toyota e Tesla), a estrat\u00e9gia da Chery visa unir caracter\u00edsticas essenciais de ambas as empresas. O intuito \u00e9 herdar a reputa\u00e7\u00e3o reconhecida da Toyota em qualidade e confiabilidade, promovendo a lealdade dos clientes, ao mesmo tempo em que incorpora a inova\u00e7\u00e3o e a tecnologia de ponta da Tesla, atraindo assim consumidores mais jovens.<\/p>\n<p>A transforma\u00e7\u00e3o da Chery de uma marca de baixo custo, desde sua funda\u00e7\u00e3o em 1996, em uma concorrente robusta contra marcas estabelecidas e novas como <strong>BYD<\/strong> e <strong>Geely<\/strong>, \u00e9 um passo significativo. Este desenvolvimento torna-se particularmente relevante no contexto atual, onde a mobilidade \u00e9 impulsionada cada vez mais por inova\u00e7\u00f5es tecnol\u00f3gicas e pr\u00e1ticas sustent\u00e1veis.<\/p>\n<h3>Expans\u00e3o na Europa e Produ\u00e7\u00e3o Local<\/h3>\n<p>Para consolidar seu crescimento internacional, a Chery reconhece a necessidade de uma produ\u00e7\u00e3o local. A montadora j\u00e1 opera em Barcelona, na Espanha, em uma joint venture em uma antiga f\u00e1brica da Nissan, e est\u00e1 ampliando sua capacidade produtiva.<\/p>\n<p>A estrat\u00e9gia de estabelecer parcerias com fabricantes europeus visa otimizar custos e a log\u00edstica da opera\u00e7\u00e3o, o que tem um impacto direto na mobilidade local. A produ\u00e7\u00e3o regional n\u00e3o s\u00f3 facilita o atendimento \u00e0 demanda, mas tamb\u00e9m democratiza o acesso a ve\u00edculos mais sustent\u00e1veis, reduzindo a pegada de carbono associada ao transporte de ve\u00edculos entre continentes.<\/p>\n<p>Al\u00e9m disso, o presidente da Chery enfatiza a import\u00e2ncia de desenvolver uma log\u00edstica sustent\u00e1vel, refor\u00e7ando a ideia de que produzir localmente \u00e9 fundamental para um modelo de neg\u00f3cio que visa o longo prazo.<\/p>\n<h3>Novos Mercados e Mudan\u00e7a no Portf\u00f3lio<\/h3>\n<p>Embora a Chery tenha uma forte depend\u00eancia de SUVs \u2014 que representaram uma parte significativa do total de vendas globais \u2014 a montadora est\u00e1 adaptando sua linha de produtos com o desenvolvimento de modelos menores, voltados principalmente para o mercado europeu, onde os consumidores tendem a preferir carros compactos.<\/p>\n<p>As marcas Omoda e Jaecoo, lan\u00e7adas em 2023, s\u00e3o os pilares dessa diversifica\u00e7\u00e3o, e sua meta audaciosa de um milh\u00e3o de ve\u00edculos vendidos at\u00e9 2027 destaca a relev\u00e2ncia dessa estrat\u00e9gia. O sucesso do SUV Jaecoo 7, que j\u00e1 liderou vendas no Reino Unido, \u00e9 um indicativo positivo para o futuro da marca.<\/p>\n<h3>Impactos na Mobilidade Geral<\/h3>\n<p>A abordagem proativa da Chery n\u00e3o s\u00f3 visa sua pr\u00f3pria expans\u00e3o, mas tamb\u00e9m tem implica\u00e7\u00f5es significativas para a mobilidade urbana e sustent\u00e1vel. Com a adapta\u00e7\u00e3o \u00e0s novas demandas do mercado europeu, espera-se que a presen\u00e7a crescente de ve\u00edculos el\u00e9tricos e modelos acess\u00edveis torne a mobilidade mais eficiente e menos poluente.<\/p>\n<p>A transi\u00e7\u00e3o para uma produ\u00e7\u00e3o local tamb\u00e9m abre espa\u00e7o para pr\u00e1ticas log\u00edsticas mais amig\u00e1veis ao meio ambiente, refletindo uma tend\u00eancia global em dire\u00e7\u00e3o \u00e0 sustentabilidade no setor automotivo. \u00c0 medida que as montadoras se ajustam \u00e0s necessidades locais, as comunidades podem esperar uma melhoria nas op\u00e7\u00f5es de transporte, com ve\u00edculos que atendem melhor \u00e0s suas prefer\u00eancias e aos desafios ambientais atuais.<\/p>\n<p>Assim, a ambi\u00e7\u00e3o da Chery de se tornar uma mistura de Toyota e Tesla n\u00e3o \u00e9 apenas uma estrat\u00e9gia empresarial, mas um reflexo de como a ind\u00fastria automotiva pode evoluir para atender \u00e0s novas demandas dos consumidores e aos desafios ambientais do planeta.<\/p>\n","protected":false},"excerpt":{"rendered":"<p>Montadora Chinesa Quer Ser Uma Mistura de Toyota com Tesla A Chery, que se destaca como l\u00edder nas exporta\u00e7\u00f5es de ve\u00edculos na China, apresentou um plano ambicioso para aumentar sua competitividade no mercado global. Em uma declara\u00e7\u00e3o recente, o presidente da companhia, Yin Tongyue, compartilhou que a montadora busca inspira\u00e7\u00e3o em duas das maiores refer\u00eancias &hellip;<\/p>\n","protected":false},"author":4,"featured_media":9326,"comment_status":"","ping_status":"open","sticky":false,"template":"","format":"standard","meta":{"footnotes":""},"categories":[56],"tags":[],"coauthors":[42],"class_list":["post-9325","post","type-post","status-publish","format-standard","has-post-thumbnail","hentry","category-tecnologia"],"yoast_head":"<!-- This site is optimized with the Yoast SEO Premium plugin v25.5 (Yoast SEO v27.5) - https:\/\/yoast.com\/product\/yoast-seo-premium-wordpress\/ -->\n<title>Montadora chinesa visa ser um h\u00edbrido entre Toyota e Tesla. - Motorista.com.br<\/title>\n<meta name=\"robots\" content=\"index, follow, max-snippet:-1, max-image-preview:large, max-video-preview:-1\" \/>\n<link rel=\"canonical\" href=\"https:\/\/motorista.com.br\/noticias\/2026\/04\/29\/montadora-chinesa-visa-ser-um-hibrido-entre-toyota-e-tesla\/\" \/>\n<meta property=\"og:locale\" content=\"pt_BR\" \/>\n<meta property=\"og:type\" content=\"article\" \/>\n<meta property=\"og:title\" content=\"Montadora chinesa visa ser um h\u00edbrido entre Toyota e Tesla.\" \/>\n<meta property=\"og:description\" content=\"Montadora Chinesa Quer Ser Uma Mistura de Toyota com Tesla A Chery, que se destaca como l\u00edder nas exporta\u00e7\u00f5es de ve\u00edculos na China, apresentou um plano ambicioso para aumentar sua competitividade no mercado global. Em uma declara\u00e7\u00e3o recente, o presidente da companhia, Yin Tongyue, compartilhou que a montadora busca inspira\u00e7\u00e3o em duas das maiores refer\u00eancias &hellip;\" \/>\n<meta property=\"og:url\" content=\"https:\/\/motorista.com.br\/noticias\/2026\/04\/29\/montadora-chinesa-visa-ser-um-hibrido-entre-toyota-e-tesla\/\" \/>\n<meta property=\"og:site_name\" content=\"Motorista.com.br\" \/>\n<meta property=\"article:published_time\" content=\"2026-04-29T16:58:19+00:00\" \/>\n<meta name=\"author\" content=\"Equipe Reda\u00e7\u00e3o\" \/>\n<meta name=\"twitter:card\" content=\"summary_large_image\" \/>\n<meta name=\"twitter:label1\" content=\"Escrito por\" \/>\n\t<meta name=\"twitter:data1\" content=\"Equipe Reda\u00e7\u00e3o\" \/>\n\t<meta name=\"twitter:label2\" content=\"Est. tempo de leitura\" \/>\n\t<meta name=\"twitter:data2\" content=\"3 minutos\" \/>\n\t<meta name=\"twitter:label3\" content=\"Written by\" \/>\n\t<meta name=\"twitter:data3\" content=\"Equipe Reda\u00e7\u00e3o\" \/>\n<script type=\"application\/ld+json\" class=\"yoast-schema-graph\">{\"@context\":\"https:\\\/\\\/schema.org\",\"@graph\":[{\"@type\":\"Article\",\"@id\":\"https:\\\/\\\/motorista.com.br\\\/noticias\\\/2026\\\/04\\\/29\\\/montadora-chinesa-visa-ser-um-hibrido-entre-toyota-e-tesla\\\/#article\",\"isPartOf\":{\"@id\":\"https:\\\/\\\/motorista.com.br\\\/noticias\\\/2026\\\/04\\\/29\\\/montadora-chinesa-visa-ser-um-hibrido-entre-toyota-e-tesla\\\/\"},\"author\":{\"name\":\"Equipe Reda\u00e7\u00e3o\",\"@id\":\"https:\\\/\\\/motorista.com.br\\\/noticias\\\/#\\\/schema\\\/person\\\/dc93afc2981c0e3ce6bc3c053fd847be\"},\"headline\":\"Montadora chinesa visa ser um h\u00edbrido entre Toyota e Tesla.\",\"datePublished\":\"2026-04-29T16:58:19+00:00\",\"mainEntityOfPage\":{\"@id\":\"https:\\\/\\\/motorista.com.br\\\/noticias\\\/2026\\\/04\\\/29\\\/montadora-chinesa-visa-ser-um-hibrido-entre-toyota-e-tesla\\\/\"},\"wordCount\":656,\"publisher\":{\"@id\":\"https:\\\/\\\/motorista.com.br\\\/noticias\\\/#organization\"},\"image\":{\"@id\":\"https:\\\/\\\/motorista.com.br\\\/noticias\\\/2026\\\/04\\\/29\\\/montadora-chinesa-visa-ser-um-hibrido-entre-toyota-e-tesla\\\/#primaryimage\"},\"thumbnailUrl\":\"https:\\\/\\\/motorista.com.br\\\/noticias\\\/wp-content\\\/uploads\\\/2026\\\/04\\\/omoda-5.jpg\",\"articleSection\":[\"Tecnologia\"],\"inLanguage\":\"pt-BR\"},{\"@type\":\"WebPage\",\"@id\":\"https:\\\/\\\/motorista.com.br\\\/noticias\\\/2026\\\/04\\\/29\\\/montadora-chinesa-visa-ser-um-hibrido-entre-toyota-e-tesla\\\/\",\"url\":\"https:\\\/\\\/motorista.com.br\\\/noticias\\\/2026\\\/04\\\/29\\\/montadora-chinesa-visa-ser-um-hibrido-entre-toyota-e-tesla\\\/\",\"name\":\"Montadora chinesa visa ser um h\u00edbrido entre Toyota e Tesla. - Motorista.com.br\",\"isPartOf\":{\"@id\":\"https:\\\/\\\/motorista.com.br\\\/noticias\\\/#website\"},\"primaryImageOfPage\":{\"@id\":\"https:\\\/\\\/motorista.com.br\\\/noticias\\\/2026\\\/04\\\/29\\\/montadora-chinesa-visa-ser-um-hibrido-entre-toyota-e-tesla\\\/#primaryimage\"},\"image\":{\"@id\":\"https:\\\/\\\/motorista.com.br\\\/noticias\\\/2026\\\/04\\\/29\\\/montadora-chinesa-visa-ser-um-hibrido-entre-toyota-e-tesla\\\/#primaryimage\"},\"thumbnailUrl\":\"https:\\\/\\\/motorista.com.br\\\/noticias\\\/wp-content\\\/uploads\\\/2026\\\/04\\\/omoda-5.jpg\",\"datePublished\":\"2026-04-29T16:58:19+00:00\",\"breadcrumb\":{\"@id\":\"https:\\\/\\\/motorista.com.br\\\/noticias\\\/2026\\\/04\\\/29\\\/montadora-chinesa-visa-ser-um-hibrido-entre-toyota-e-tesla\\\/#breadcrumb\"},\"inLanguage\":\"pt-BR\",\"potentialAction\":[{\"@type\":\"ReadAction\",\"target\":[\"https:\\\/\\\/motorista.com.br\\\/noticias\\\/2026\\\/04\\\/29\\\/montadora-chinesa-visa-ser-um-hibrido-entre-toyota-e-tesla\\\/\"]}]},{\"@type\":\"ImageObject\",\"inLanguage\":\"pt-BR\",\"@id\":\"https:\\\/\\\/motorista.com.br\\\/noticias\\\/2026\\\/04\\\/29\\\/montadora-chinesa-visa-ser-um-hibrido-entre-toyota-e-tesla\\\/#primaryimage\",\"url\":\"https:\\\/\\\/motorista.com.br\\\/noticias\\\/wp-content\\\/uploads\\\/2026\\\/04\\\/omoda-5.jpg\",\"contentUrl\":\"https:\\\/\\\/motorista.com.br\\\/noticias\\\/wp-content\\\/uploads\\\/2026\\\/04\\\/omoda-5.jpg\",\"width\":2000,\"height\":1125},{\"@type\":\"BreadcrumbList\",\"@id\":\"https:\\\/\\\/motorista.com.br\\\/noticias\\\/2026\\\/04\\\/29\\\/montadora-chinesa-visa-ser-um-hibrido-entre-toyota-e-tesla\\\/#breadcrumb\",\"itemListElement\":[{\"@type\":\"ListItem\",\"position\":1,\"name\":\"In\u00edcio\",\"item\":\"https:\\\/\\\/motorista.com.br\\\/noticias\\\/\"},{\"@type\":\"ListItem\",\"position\":2,\"name\":\"Montadora chinesa visa ser um h\u00edbrido entre Toyota e Tesla.\"}]},{\"@type\":\"WebSite\",\"@id\":\"https:\\\/\\\/motorista.com.br\\\/noticias\\\/#website\",\"url\":\"https:\\\/\\\/motorista.com.br\\\/noticias\\\/\",\"name\":\"Motorista.com.br\",\"description\":\"Not\u00edcia do Motorista\",\"publisher\":{\"@id\":\"https:\\\/\\\/motorista.com.br\\\/noticias\\\/#organization\"},\"potentialAction\":[{\"@type\":\"SearchAction\",\"target\":{\"@type\":\"EntryPoint\",\"urlTemplate\":\"https:\\\/\\\/motorista.com.br\\\/noticias\\\/?s={search_term_string}\"},\"query-input\":{\"@type\":\"PropertyValueSpecification\",\"valueRequired\":true,\"valueName\":\"search_term_string\"}}],\"inLanguage\":\"pt-BR\"},{\"@type\":\"Organization\",\"@id\":\"https:\\\/\\\/motorista.com.br\\\/noticias\\\/#organization\",\"name\":\"Motorista.com.br\",\"url\":\"https:\\\/\\\/motorista.com.br\\\/noticias\\\/\",\"logo\":{\"@type\":\"ImageObject\",\"inLanguage\":\"pt-BR\",\"@id\":\"https:\\\/\\\/motorista.com.br\\\/noticias\\\/#\\\/schema\\\/logo\\\/image\\\/\",\"url\":\"https:\\\/\\\/motorista.com.br\\\/noticias\\\/wp-content\\\/uploads\\\/2025\\\/06\\\/Design-sem-nome-9.png\",\"contentUrl\":\"https:\\\/\\\/motorista.com.br\\\/noticias\\\/wp-content\\\/uploads\\\/2025\\\/06\\\/Design-sem-nome-9.png\",\"width\":150,\"height\":85,\"caption\":\"Motorista.com.br\"},\"image\":{\"@id\":\"https:\\\/\\\/motorista.com.br\\\/noticias\\\/#\\\/schema\\\/logo\\\/image\\\/\"}},{\"@type\":\"Person\",\"@id\":\"https:\\\/\\\/motorista.com.br\\\/noticias\\\/#\\\/schema\\\/person\\\/dc93afc2981c0e3ce6bc3c053fd847be\",\"name\":\"Equipe Reda\u00e7\u00e3o\",\"image\":{\"@type\":\"ImageObject\",\"inLanguage\":\"pt-BR\",\"@id\":\"https:\\\/\\\/secure.gravatar.com\\\/avatar\\\/4f525efbf18dd2bb300ccad28bfb99d95a9465a5ba268407c8c37b37e1f28d2d?s=96&d=mm&r=g9e099043a0c61e9ae27e293b9fa75ffc\",\"url\":\"https:\\\/\\\/secure.gravatar.com\\\/avatar\\\/4f525efbf18dd2bb300ccad28bfb99d95a9465a5ba268407c8c37b37e1f28d2d?s=96&d=mm&r=g\",\"contentUrl\":\"https:\\\/\\\/secure.gravatar.com\\\/avatar\\\/4f525efbf18dd2bb300ccad28bfb99d95a9465a5ba268407c8c37b37e1f28d2d?s=96&d=mm&r=g\",\"caption\":\"Equipe Reda\u00e7\u00e3o\"},\"description\":\"Equipe de reda\u00e7\u00e3o \u00e9 um grupo de profissionais que trabalham juntos para criar conte\u00fado escrito para Motorista.com.br\",\"url\":\"https:\\\/\\\/motorista.com.br\\\/noticias\\\/author\\\/equiperedacao\\\/\"}]}<\/script>\n<!-- \/ Yoast SEO Premium plugin. -->","yoast_head_json":{"title":"Montadora chinesa visa ser um h\u00edbrido entre Toyota e Tesla. - Motorista.com.br","robots":{"index":"index","follow":"follow","max-snippet":"max-snippet:-1","max-image-preview":"max-image-preview:large","max-video-preview":"max-video-preview:-1"},"canonical":"https:\/\/motorista.com.br\/noticias\/2026\/04\/29\/montadora-chinesa-visa-ser-um-hibrido-entre-toyota-e-tesla\/","og_locale":"pt_BR","og_type":"article","og_title":"Montadora chinesa visa ser um h\u00edbrido entre Toyota e Tesla.","og_description":"Montadora Chinesa Quer Ser Uma Mistura de Toyota com Tesla A Chery, que se destaca como l\u00edder nas exporta\u00e7\u00f5es de ve\u00edculos na China, apresentou um plano ambicioso para aumentar sua competitividade no mercado global. Em uma declara\u00e7\u00e3o recente, o presidente da companhia, Yin Tongyue, compartilhou que a montadora busca inspira\u00e7\u00e3o em duas das maiores refer\u00eancias &hellip;","og_url":"https:\/\/motorista.com.br\/noticias\/2026\/04\/29\/montadora-chinesa-visa-ser-um-hibrido-entre-toyota-e-tesla\/","og_site_name":"Motorista.com.br","article_published_time":"2026-04-29T16:58:19+00:00","author":"Equipe Reda\u00e7\u00e3o","twitter_card":"summary_large_image","twitter_misc":{"Escrito por":"Equipe Reda\u00e7\u00e3o","Est. tempo de leitura":"3 minutos","Written by":"Equipe Reda\u00e7\u00e3o"},"schema":{"@context":"https:\/\/schema.org","@graph":[{"@type":"Article","@id":"https:\/\/motorista.com.br\/noticias\/2026\/04\/29\/montadora-chinesa-visa-ser-um-hibrido-entre-toyota-e-tesla\/#article","isPartOf":{"@id":"https:\/\/motorista.com.br\/noticias\/2026\/04\/29\/montadora-chinesa-visa-ser-um-hibrido-entre-toyota-e-tesla\/"},"author":{"name":"Equipe Reda\u00e7\u00e3o","@id":"https:\/\/motorista.com.br\/noticias\/#\/schema\/person\/dc93afc2981c0e3ce6bc3c053fd847be"},"headline":"Montadora chinesa visa ser um h\u00edbrido entre Toyota e Tesla.","datePublished":"2026-04-29T16:58:19+00:00","mainEntityOfPage":{"@id":"https:\/\/motorista.com.br\/noticias\/2026\/04\/29\/montadora-chinesa-visa-ser-um-hibrido-entre-toyota-e-tesla\/"},"wordCount":656,"publisher":{"@id":"https:\/\/motorista.com.br\/noticias\/#organization"},"image":{"@id":"https:\/\/motorista.com.br\/noticias\/2026\/04\/29\/montadora-chinesa-visa-ser-um-hibrido-entre-toyota-e-tesla\/#primaryimage"},"thumbnailUrl":"https:\/\/motorista.com.br\/noticias\/wp-content\/uploads\/2026\/04\/omoda-5.jpg","articleSection":["Tecnologia"],"inLanguage":"pt-BR"},{"@type":"WebPage","@id":"https:\/\/motorista.com.br\/noticias\/2026\/04\/29\/montadora-chinesa-visa-ser-um-hibrido-entre-toyota-e-tesla\/","url":"https:\/\/motorista.com.br\/noticias\/2026\/04\/29\/montadora-chinesa-visa-ser-um-hibrido-entre-toyota-e-tesla\/","name":"Montadora chinesa visa ser um h\u00edbrido entre Toyota e Tesla. - Motorista.com.br","isPartOf":{"@id":"https:\/\/motorista.com.br\/noticias\/#website"},"primaryImageOfPage":{"@id":"https:\/\/motorista.com.br\/noticias\/2026\/04\/29\/montadora-chinesa-visa-ser-um-hibrido-entre-toyota-e-tesla\/#primaryimage"},"image":{"@id":"https:\/\/motorista.com.br\/noticias\/2026\/04\/29\/montadora-chinesa-visa-ser-um-hibrido-entre-toyota-e-tesla\/#primaryimage"},"thumbnailUrl":"https:\/\/motorista.com.br\/noticias\/wp-content\/uploads\/2026\/04\/omoda-5.jpg","datePublished":"2026-04-29T16:58:19+00:00","breadcrumb":{"@id":"https:\/\/motorista.com.br\/noticias\/2026\/04\/29\/montadora-chinesa-visa-ser-um-hibrido-entre-toyota-e-tesla\/#breadcrumb"},"inLanguage":"pt-BR","potentialAction":[{"@type":"ReadAction","target":["https:\/\/motorista.com.br\/noticias\/2026\/04\/29\/montadora-chinesa-visa-ser-um-hibrido-entre-toyota-e-tesla\/"]}]},{"@type":"ImageObject","inLanguage":"pt-BR","@id":"https:\/\/motorista.com.br\/noticias\/2026\/04\/29\/montadora-chinesa-visa-ser-um-hibrido-entre-toyota-e-tesla\/#primaryimage","url":"https:\/\/motorista.com.br\/noticias\/wp-content\/uploads\/2026\/04\/omoda-5.jpg","contentUrl":"https:\/\/motorista.com.br\/noticias\/wp-content\/uploads\/2026\/04\/omoda-5.jpg","width":2000,"height":1125},{"@type":"BreadcrumbList","@id":"https:\/\/motorista.com.br\/noticias\/2026\/04\/29\/montadora-chinesa-visa-ser-um-hibrido-entre-toyota-e-tesla\/#breadcrumb","itemListElement":[{"@type":"ListItem","position":1,"name":"In\u00edcio","item":"https:\/\/motorista.com.br\/noticias\/"},{"@type":"ListItem","position":2,"name":"Montadora chinesa visa ser um h\u00edbrido entre Toyota e Tesla."}]},{"@type":"WebSite","@id":"https:\/\/motorista.com.br\/noticias\/#website","url":"https:\/\/motorista.com.br\/noticias\/","name":"Motorista.com.br","description":"Not\u00edcia do Motorista","publisher":{"@id":"https:\/\/motorista.com.br\/noticias\/#organization"},"potentialAction":[{"@type":"SearchAction","target":{"@type":"EntryPoint","urlTemplate":"https:\/\/motorista.com.br\/noticias\/?s={search_term_string}"},"query-input":{"@type":"PropertyValueSpecification","valueRequired":true,"valueName":"search_term_string"}}],"inLanguage":"pt-BR"},{"@type":"Organization","@id":"https:\/\/motorista.com.br\/noticias\/#organization","name":"Motorista.com.br","url":"https:\/\/motorista.com.br\/noticias\/","logo":{"@type":"ImageObject","inLanguage":"pt-BR","@id":"https:\/\/motorista.com.br\/noticias\/#\/schema\/logo\/image\/","url":"https:\/\/motorista.com.br\/noticias\/wp-content\/uploads\/2025\/06\/Design-sem-nome-9.png","contentUrl":"https:\/\/motorista.com.br\/noticias\/wp-content\/uploads\/2025\/06\/Design-sem-nome-9.png","width":150,"height":85,"caption":"Motorista.com.br"},"image":{"@id":"https:\/\/motorista.com.br\/noticias\/#\/schema\/logo\/image\/"}},{"@type":"Person","@id":"https:\/\/motorista.com.br\/noticias\/#\/schema\/person\/dc93afc2981c0e3ce6bc3c053fd847be","name":"Equipe Reda\u00e7\u00e3o","image":{"@type":"ImageObject","inLanguage":"pt-BR","@id":"https:\/\/secure.gravatar.com\/avatar\/4f525efbf18dd2bb300ccad28bfb99d95a9465a5ba268407c8c37b37e1f28d2d?s=96&d=mm&r=g9e099043a0c61e9ae27e293b9fa75ffc","url":"https:\/\/secure.gravatar.com\/avatar\/4f525efbf18dd2bb300ccad28bfb99d95a9465a5ba268407c8c37b37e1f28d2d?s=96&d=mm&r=g","contentUrl":"https:\/\/secure.gravatar.com\/avatar\/4f525efbf18dd2bb300ccad28bfb99d95a9465a5ba268407c8c37b37e1f28d2d?s=96&d=mm&r=g","caption":"Equipe Reda\u00e7\u00e3o"},"description":"Equipe de reda\u00e7\u00e3o \u00e9 um grupo de profissionais que trabalham juntos para criar conte\u00fado escrito para Motorista.com.br","url":"https:\/\/motorista.com.br\/noticias\/author\/equiperedacao\/"}]}},"_links":{"self":[{"href":"https:\/\/motorista.com.br\/noticias\/wp-json\/wp\/v2\/posts\/9325","targetHints":{"allow":["GET"]}}],"collection":[{"href":"https:\/\/motorista.com.br\/noticias\/wp-json\/wp\/v2\/posts"}],"about":[{"href":"https:\/\/motorista.com.br\/noticias\/wp-json\/wp\/v2\/types\/post"}],"author":[{"embeddable":true,"href":"https:\/\/motorista.com.br\/noticias\/wp-json\/wp\/v2\/users\/4"}],"replies":[{"embeddable":true,"href":"https:\/\/motorista.com.br\/noticias\/wp-json\/wp\/v2\/comments?post=9325"}],"version-history":[{"count":0,"href":"https:\/\/motorista.com.br\/noticias\/wp-json\/wp\/v2\/posts\/9325\/revisions"}],"wp:featuredmedia":[{"embeddable":true,"href":"https:\/\/motorista.com.br\/noticias\/wp-json\/wp\/v2\/media\/9326"}],"wp:attachment":[{"href":"https:\/\/motorista.com.br\/noticias\/wp-json\/wp\/v2\/media?parent=9325"}],"wp:term":[{"taxonomy":"category","embeddable":true,"href":"https:\/\/motorista.com.br\/noticias\/wp-json\/wp\/v2\/categories?post=9325"},{"taxonomy":"post_tag","embeddable":true,"href":"https:\/\/motorista.com.br\/noticias\/wp-json\/wp\/v2\/tags?post=9325"},{"taxonomy":"author","embeddable":true,"href":"https:\/\/motorista.com.br\/noticias\/wp-json\/wp\/v2\/coauthors?post=9325"}],"curies":[{"name":"wp","href":"https:\/\/api.w.org\/{rel}","templated":true}]}}